{"id":86907,"date":"2025-12-04T12:02:02","date_gmt":"2025-12-04T11:02:02","guid":{"rendered":"https:\/\/progettotouring.it\/radiotouring104\/?p=86907"},"modified":"2025-12-04T12:55:34","modified_gmt":"2025-12-04T11:55:34","slug":"reggio-presentata-la-iv-edizione-del-raduno-ruote-nella-storia-tra-scilla-e-cariddi","status":"publish","type":"post","link":"https:\/\/progettotouring.it\/radiotouring104\/2025\/12\/04\/reggio-presentata-la-iv-edizione-del-raduno-ruote-nella-storia-tra-scilla-e-cariddi\/","title":{"rendered":"Reggio: presentata la IV edizione del raduno &#8220;Ruote nella Storia tra Scilla e Cariddi&#8221;"},"content":{"rendered":"<p class=\"Default\"><span style=\"font-size: 14.0pt\">Si \u00e8 svolta oggi, presso la sede dell\u2019Automobile Club di Reggio Calabria, la conferenza stampa di presentazione della IV edizione di \u201cRuote nella Storia \u2013 Tra Scilla e Cariddi\u201d, il raduno dedicato alle auto d\u2019epoca che domenica 7 dicembre condurr\u00e0 appassionati e turisti lungo un itinerario unico tra Reggio Calabria e Scilla, immerso in storia, paesaggi mozzafiato e cultura motoristica. <\/span><\/p>\n<p class=\"Default\"><span style=\"font-size: 14.0pt\">All\u2019incontro hanno preso parte il Presidente &#8211; Giuseppe Martorano, il Delegato allo Sport dell\u2019Automobile Club \u2013 Antonello Antonazzo, il Presidente del &#8220;Club Fiat 500 di Reggio Calabria&#8221; &#8211; Vincenzo Polimeni, Luigi Dorato &#8211; Presidente dell\u2019associazione &#8220;Aspro Panda Y10 Reggio Calabria&#8221;, Cutrupi Filippo \u2013 appassionato e proprietario di auto d\u2019epoca ed altri appassionati. <\/span><\/p>\n<p class=\"Default\"><span style=\"font-size: 14.0pt\">Nel suo intervento, il Presidente Martorano ha ricordato come l\u2019Automobile Club, attraverso iniziative come questa, intenda rafforzare il legame tra cultura motoristica, turismo e identit\u00e0 locale: <\/span><\/p>\n<p class=\"Default\"><i><span style=\"font-size: 14.0pt\">\u201cLe auto storiche non sono semplici mezzi, ma strumenti di memoria. Mettono in movimento non solo i motori, ma anche le storie delle nostre comunit\u00e0 e le eccellenze paesaggistiche che ci circondano. Sono opere d\u2019arte su ruote. Ognuna porta con s\u00e9 un pezzo della nostra storia quotidiana, fatta di famiglie, di viaggi e di ricordi. Rivederle sfilare tra le vie delle nostre citt\u00e0 significa riportare alla luce emozioni che appartengono a tutti\u201d. <\/span><\/i><\/p>\n<p class=\"Default\"><span style=\"font-size: 14.0pt\">Nel corso della presentazione, il Delegato allo Sport, Antonello Antonazzo, ha illustrato le tappe del percorso, che accompagner\u00e0 gli equipaggi lungo uno degli scenari pi\u00f9 suggestivi del Mediterraneo: il Lungomare Falcomat\u00e0, definito da Gabriele D\u2019Annunzio \u201cil chilometro pi\u00f9 bello d\u2019Italia\u201d, con i suoi palazzi liberty, le palme e lo Stretto che sembra toccarsi con un dito; il Castello Aragonese, simbolo secolare di Reggio Calabria e custode di una storia millenaria; il tragitto panoramico verso Scilla, dove la strada si apre su vedute spettacolari della Costa Viola; il borgo di Chianalea, antico quartiere di pescatori costruito direttamente sul mare, un luogo dove il tempo pare essersi fermato; il maestoso Castello Ruffo, sentinella dello Stretto e protagonista di leggende omeriche. <\/span><\/p>\n<p class=\"Default\"><span style=\"font-size: 14.0pt\">Il Presidente del &#8220;Club Fiat 500 di Reggio Calabria&#8221;, Vincenzo Polimeni, ha elencato alcune delle numerose auto partecipanti all\u2019evento: Balilla 1930, Balilla 1934, Fiat Multipla 600-1956, Fiat Topolino 1952, Citroen Tracion Avant 1954, Amelia B10-1952, Fiat 1100E-1947, Alfa Romeo Giulia Super 1600-1970, Alfa Romeo Giulietta T 1958, Lancia Appia 1100-1958, Fiat Multipla Coriasco 1957. <\/span><\/p>\n<p class=\"Default\"><span style=\"font-size: 14.0pt\">Il Presidente, Giuseppe Martorano ha tenuto a battesimo il nuovo club &#8220;Aspro Panda Y10 Reggio Calabria&#8221; che sar\u00e0 presente all\u2019evento e che sabato 6 dicembre 2025 insieme al \u201cClub Fiat 500 di Reggio Calabria\u201d saranno protagonisti sul Lungomare di Reggio Calabria con una esposizione dedicata delle <\/span><\/p>\n","protected":false},"excerpt":{"rendered":"<p>Si \u00e8 svolta oggi, presso la sede dell\u2019Automobile Club di Reggio Calabria, la conferenza stampa di presentazione della IV edizione di \u201cRuote nella Storia \u2013 Tra Scilla e Cariddi\u201d, il&hellip;<\/p>\n","protected":false},"author":5,"featured_media":86908,"comment_status":"closed","ping_status":"open","sticky":false,"template":"","format":"standard","meta":{"_jetpack_memberships_contains_paid_content":false,"footnotes":"","jetpack_publicize_message":"","jetpack_publicize_feature_enabled":true,"jetpack_social_post_already_shared":true,"jetpack_social_options":{"image_generator_settings":{"template":"highway","default_image_id":0,"font":"","enabled":false},"version":2}},"categories":[921,196,140],"tags":[49313,49312,638,25145,49314],"class_list":["post-86907","post","type-post","status-publish","format-standard","has-post-thumbnail","hentry","category-home","category-news","category-reggio-calabria","tag-ruote-nella-storia-tra-scilla-e-cariddi","tag-automobile-club-di-reggio","tag-giuseppe-martorano","tag-iv-edizione","tag-raduno-auto-depoca"],"yoast_head":"<!-- This site is optimized with the Yoast SEO plugin v27.2 - https:\/\/yoast.com\/product\/yoast-seo-wordpress\/ -->\n<title>Reggio: presentato il raduno &quot;Ruote nella Storia tra Scilla e Cariddi&quot;<\/title>\n<meta name=\"description\" content=\"Svolta, presso la sede dell\u2019Automobile Club di Reggio, la conferenza stampa del raduno di auto d&#039;epoca che avr\u00e0 luogo il 7 dicembre\" \/>\n<meta name=\"robots\" content=\"index, follow, max-snippet:-1, max-image-preview:large, max-video-preview:-1\" \/>\n<link rel=\"canonical\" href=\"https:\/\/progettotouring.it\/radiotouring104\/2025\/12\/04\/reggio-presentata-la-iv-edizione-del-raduno-ruote-nella-storia-tra-scilla-e-cariddi\/\" \/>\n<meta property=\"og:locale\" content=\"it_IT\" \/>\n<meta property=\"og:type\" content=\"article\" \/>\n<meta property=\"og:title\" content=\"Reggio: presentato il raduno &quot;Ruote nella Storia tra Scilla e Cariddi&quot;\" \/>\n<meta property=\"og:description\" content=\"Svolta, presso la sede dell\u2019Automobile Club di Reggio, la conferenza stampa del raduno di auto d&#039;epoca che avr\u00e0 luogo il 7 dicembre\" \/>\n<meta property=\"og:url\" content=\"https:\/\/progettotouring.it\/radiotouring104\/2025\/12\/04\/reggio-presentata-la-iv-edizione-del-raduno-ruote-nella-storia-tra-scilla-e-cariddi\/\" \/>\n<meta property=\"og:site_name\" content=\"Radio Touring 104\" \/>\n<meta property=\"article:published_time\" content=\"2025-12-04T11:02:02+00:00\" \/>\n<meta property=\"article:modified_time\" content=\"2025-12-04T11:55:34+00:00\" \/>\n<meta property=\"og:image\" content=\"https:\/\/progettotouring.it\/radiotouring104\/wp-content\/uploads\/sites\/6\/2025\/12\/Automobile-club-raduno-auto-depoca.jpeg\" \/>\n\t<meta property=\"og:image:width\" content=\"1317\" \/>\n\t<meta property=\"og:image:height\" content=\"706\" \/>\n\t<meta property=\"og:image:type\" content=\"image\/jpeg\" \/>\n<meta name=\"author\" content=\"redazione\" \/>\n<meta name=\"twitter:card\" content=\"summary_large_image\" \/>\n<meta name=\"twitter:label1\" content=\"Scritto da\" \/>\n\t<meta name=\"twitter:data1\" content=\"redazione\" \/>\n\t<meta name=\"twitter:label2\" content=\"Tempo di lettura stimato\" \/>\n\t<meta name=\"twitter:data2\" content=\"2 minuti\" \/>\n<script type=\"application\/ld+json\" class=\"yoast-schema-graph\">{\"@context\":\"https:\/\/schema.org\",\"@graph\":[{\"@type\":\"Article\",\"@id\":\"https:\/\/progettotouring.it\/radiotouring104\/2025\/12\/04\/reggio-presentata-la-iv-edizione-del-raduno-ruote-nella-storia-tra-scilla-e-cariddi\/#article\",\"isPartOf\":{\"@id\":\"https:\/\/progettotouring.it\/radiotouring104\/2025\/12\/04\/reggio-presentata-la-iv-edizione-del-raduno-ruote-nella-storia-tra-scilla-e-cariddi\/\"},\"author\":{\"name\":\"redazione\",\"@id\":\"https:\/\/progettotouring.it\/radiotouring104\/#\/schema\/person\/1b3eb3c07c47136bc44c785c543e635f\"},\"headline\":\"Reggio: presentata la IV edizione del raduno &#8220;Ruote nella Storia tra Scilla e Cariddi&#8221;\",\"datePublished\":\"2025-12-04T11:02:02+00:00\",\"dateModified\":\"2025-12-04T11:55:34+00:00\",\"mainEntityOfPage\":{\"@id\":\"https:\/\/progettotouring.it\/radiotouring104\/2025\/12\/04\/reggio-presentata-la-iv-edizione-del-raduno-ruote-nella-storia-tra-scilla-e-cariddi\/\"},\"wordCount\":439,\"publisher\":{\"@id\":\"https:\/\/progettotouring.it\/radiotouring104\/#organization\"},\"image\":{\"@id\":\"https:\/\/progettotouring.it\/radiotouring104\/2025\/12\/04\/reggio-presentata-la-iv-edizione-del-raduno-ruote-nella-storia-tra-scilla-e-cariddi\/#primaryimage\"},\"thumbnailUrl\":\"https:\/\/progettotouring.it\/radiotouring104\/wp-content\/uploads\/sites\/6\/2025\/12\/Automobile-club-raduno-auto-depoca.jpeg\",\"keywords\":[\"\\\"Ruote nella Storia tra Scilla e Cariddi\\\"\",\"Automobile Club di Reggio\",\"Giuseppe Martorano\",\"IV edizione\",\"raduno auto d'epoca\"],\"articleSection\":[\"Home\",\"News\",\"Reggio Calabria\"],\"inLanguage\":\"it-IT\"},{\"@type\":\"WebPage\",\"@id\":\"https:\/\/progettotouring.it\/radiotouring104\/2025\/12\/04\/reggio-presentata-la-iv-edizione-del-raduno-ruote-nella-storia-tra-scilla-e-cariddi\/\",\"url\":\"https:\/\/progettotouring.it\/radiotouring104\/2025\/12\/04\/reggio-presentata-la-iv-edizione-del-raduno-ruote-nella-storia-tra-scilla-e-cariddi\/\",\"name\":\"Reggio: presentato il raduno \\\"Ruote nella Storia tra Scilla e Cariddi\\\"\",\"isPartOf\":{\"@id\":\"https:\/\/progettotouring.it\/radiotouring104\/#website\"},\"primaryImageOfPage\":{\"@id\":\"https:\/\/progettotouring.it\/radiotouring104\/2025\/12\/04\/reggio-presentata-la-iv-edizione-del-raduno-ruote-nella-storia-tra-scilla-e-cariddi\/#primaryimage\"},\"image\":{\"@id\":\"https:\/\/progettotouring.it\/radiotouring104\/2025\/12\/04\/reggio-presentata-la-iv-edizione-del-raduno-ruote-nella-storia-tra-scilla-e-cariddi\/#primaryimage\"},\"thumbnailUrl\":\"https:\/\/progettotouring.it\/radiotouring104\/wp-content\/uploads\/sites\/6\/2025\/12\/Automobile-club-raduno-auto-depoca.jpeg\",\"datePublished\":\"2025-12-04T11:02:02+00:00\",\"dateModified\":\"2025-12-04T11:55:34+00:00\",\"description\":\"Svolta, presso la sede dell\u2019Automobile Club di Reggio, la conferenza stampa del raduno di auto d'epoca che avr\u00e0 luogo il 7 dicembre\",\"breadcrumb\":{\"@id\":\"https:\/\/progettotouring.it\/radiotouring104\/2025\/12\/04\/reggio-presentata-la-iv-edizione-del-raduno-ruote-nella-storia-tra-scilla-e-cariddi\/#breadcrumb\"},\"inLanguage\":\"it-IT\",\"potentialAction\":[{\"@type\":\"ReadAction\",\"target\":[\"https:\/\/progettotouring.it\/radiotouring104\/2025\/12\/04\/reggio-presentata-la-iv-edizione-del-raduno-ruote-nella-storia-tra-scilla-e-cariddi\/\"]}]},{\"@type\":\"ImageObject\",\"inLanguage\":\"it-IT\",\"@id\":\"https:\/\/progettotouring.it\/radiotouring104\/2025\/12\/04\/reggio-presentata-la-iv-edizione-del-raduno-ruote-nella-storia-tra-scilla-e-cariddi\/#primaryimage\",\"url\":\"https:\/\/progettotouring.it\/radiotouring104\/wp-content\/uploads\/sites\/6\/2025\/12\/Automobile-club-raduno-auto-depoca.jpeg\",\"contentUrl\":\"https:\/\/progettotouring.it\/radiotouring104\/wp-content\/uploads\/sites\/6\/2025\/12\/Automobile-club-raduno-auto-depoca.jpeg\",\"width\":1317,\"height\":706},{\"@type\":\"BreadcrumbList\",\"@id\":\"https:\/\/progettotouring.it\/radiotouring104\/2025\/12\/04\/reggio-presentata-la-iv-edizione-del-raduno-ruote-nella-storia-tra-scilla-e-cariddi\/#breadcrumb\",\"itemListElement\":[{\"@type\":\"ListItem\",\"position\":1,\"name\":\"Home\",\"item\":\"https:\/\/progettotouring.it\/radiotouring104\/\"},{\"@type\":\"ListItem\",\"position\":2,\"name\":\"Reggio: presentata la IV edizione del raduno &#8220;Ruote nella Storia tra Scilla e Cariddi&#8221;\"}]},{\"@type\":\"WebSite\",\"@id\":\"https:\/\/progettotouring.it\/radiotouring104\/#website\",\"url\":\"https:\/\/progettotouring.it\/radiotouring104\/\",\"name\":\"Radio Touring 104\",\"description\":\"La prima radio Reggina\",\"publisher\":{\"@id\":\"https:\/\/progettotouring.it\/radiotouring104\/#organization\"},\"potentialAction\":[{\"@type\":\"SearchAction\",\"target\":{\"@type\":\"EntryPoint\",\"urlTemplate\":\"https:\/\/progettotouring.it\/radiotouring104\/?s={search_term_string}\"},\"query-input\":{\"@type\":\"PropertyValueSpecification\",\"valueRequired\":true,\"valueName\":\"search_term_string\"}}],\"inLanguage\":\"it-IT\"},{\"@type\":\"Organization\",\"@id\":\"https:\/\/progettotouring.it\/radiotouring104\/#organization\",\"name\":\"Radio Touring 104\",\"url\":\"https:\/\/progettotouring.it\/radiotouring104\/\",\"logo\":{\"@type\":\"ImageObject\",\"inLanguage\":\"it-IT\",\"@id\":\"https:\/\/progettotouring.it\/radiotouring104\/#\/schema\/logo\/image\/\",\"url\":\"https:\/\/progettotouring.it\/radiotouring104\/wp-content\/uploads\/sites\/6\/2022\/02\/cropped-logo-radio-touring-104.png\",\"contentUrl\":\"https:\/\/progettotouring.it\/radiotouring104\/wp-content\/uploads\/sites\/6\/2022\/02\/cropped-logo-radio-touring-104.png\",\"width\":377,\"height\":182,\"caption\":\"Radio Touring 104\"},\"image\":{\"@id\":\"https:\/\/progettotouring.it\/radiotouring104\/#\/schema\/logo\/image\/\"}},{\"@type\":\"Person\",\"@id\":\"https:\/\/progettotouring.it\/radiotouring104\/#\/schema\/person\/1b3eb3c07c47136bc44c785c543e635f\",\"name\":\"redazione\",\"image\":{\"@type\":\"ImageObject\",\"inLanguage\":\"it-IT\",\"@id\":\"https:\/\/secure.gravatar.com\/avatar\/0b31605b49f100769e8b624b3e05de1b73e1692e9568a352f60f53fd072e6e11?s=96&d=mm&r=g\",\"url\":\"https:\/\/secure.gravatar.com\/avatar\/0b31605b49f100769e8b624b3e05de1b73e1692e9568a352f60f53fd072e6e11?s=96&d=mm&r=g\",\"contentUrl\":\"https:\/\/secure.gravatar.com\/avatar\/0b31605b49f100769e8b624b3e05de1b73e1692e9568a352f60f53fd072e6e11?s=96&d=mm&r=g\",\"caption\":\"redazione\"},\"url\":\"https:\/\/progettotouring.it\/radiotouring104\/author\/redazione\/\"}]}<\/script>\n<!-- \/ Yoast SEO plugin. -->","yoast_head_json":{"title":"Reggio: presentato il raduno \"Ruote nella Storia tra Scilla e Cariddi\"","description":"Svolta, presso la sede dell\u2019Automobile Club di Reggio, la conferenza stampa del raduno di auto d'epoca che avr\u00e0 luogo il 7 dicembre","robots":{"index":"index","follow":"follow","max-snippet":"max-snippet:-1","max-image-preview":"max-image-preview:large","max-video-preview":"max-video-preview:-1"},"canonical":"https:\/\/progettotouring.it\/radiotouring104\/2025\/12\/04\/reggio-presentata-la-iv-edizione-del-raduno-ruote-nella-storia-tra-scilla-e-cariddi\/","og_locale":"it_IT","og_type":"article","og_title":"Reggio: presentato il raduno \"Ruote nella Storia tra Scilla e Cariddi\"","og_description":"Svolta, presso la sede dell\u2019Automobile Club di Reggio, la conferenza stampa del raduno di auto d'epoca che avr\u00e0 luogo il 7 dicembre","og_url":"https:\/\/progettotouring.it\/radiotouring104\/2025\/12\/04\/reggio-presentata-la-iv-edizione-del-raduno-ruote-nella-storia-tra-scilla-e-cariddi\/","og_site_name":"Radio Touring 104","article_published_time":"2025-12-04T11:02:02+00:00","article_modified_time":"2025-12-04T11:55:34+00:00","og_image":[{"width":1317,"height":706,"url":"https:\/\/progettotouring.it\/radiotouring104\/wp-content\/uploads\/sites\/6\/2025\/12\/Automobile-club-raduno-auto-depoca.jpeg","type":"image\/jpeg"}],"author":"redazione","twitter_card":"summary_large_image","twitter_misc":{"Scritto da":"redazione","Tempo di lettura stimato":"2 minuti"},"schema":{"@context":"https:\/\/schema.org","@graph":[{"@type":"Article","@id":"https:\/\/progettotouring.it\/radiotouring104\/2025\/12\/04\/reggio-presentata-la-iv-edizione-del-raduno-ruote-nella-storia-tra-scilla-e-cariddi\/#article","isPartOf":{"@id":"https:\/\/progettotouring.it\/radiotouring104\/2025\/12\/04\/reggio-presentata-la-iv-edizione-del-raduno-ruote-nella-storia-tra-scilla-e-cariddi\/"},"author":{"name":"redazione","@id":"https:\/\/progettotouring.it\/radiotouring104\/#\/schema\/person\/1b3eb3c07c47136bc44c785c543e635f"},"headline":"Reggio: presentata la IV edizione del raduno &#8220;Ruote nella Storia tra Scilla e Cariddi&#8221;","datePublished":"2025-12-04T11:02:02+00:00","dateModified":"2025-12-04T11:55:34+00:00","mainEntityOfPage":{"@id":"https:\/\/progettotouring.it\/radiotouring104\/2025\/12\/04\/reggio-presentata-la-iv-edizione-del-raduno-ruote-nella-storia-tra-scilla-e-cariddi\/"},"wordCount":439,"publisher":{"@id":"https:\/\/progettotouring.it\/radiotouring104\/#organization"},"image":{"@id":"https:\/\/progettotouring.it\/radiotouring104\/2025\/12\/04\/reggio-presentata-la-iv-edizione-del-raduno-ruote-nella-storia-tra-scilla-e-cariddi\/#primaryimage"},"thumbnailUrl":"https:\/\/progettotouring.it\/radiotouring104\/wp-content\/uploads\/sites\/6\/2025\/12\/Automobile-club-raduno-auto-depoca.jpeg","keywords":["\"Ruote nella Storia tra Scilla e Cariddi\"","Automobile Club di Reggio","Giuseppe Martorano","IV edizione","raduno auto d'epoca"],"articleSection":["Home","News","Reggio Calabria"],"inLanguage":"it-IT"},{"@type":"WebPage","@id":"https:\/\/progettotouring.it\/radiotouring104\/2025\/12\/04\/reggio-presentata-la-iv-edizione-del-raduno-ruote-nella-storia-tra-scilla-e-cariddi\/","url":"https:\/\/progettotouring.it\/radiotouring104\/2025\/12\/04\/reggio-presentata-la-iv-edizione-del-raduno-ruote-nella-storia-tra-scilla-e-cariddi\/","name":"Reggio: presentato il raduno \"Ruote nella Storia tra Scilla e Cariddi\"","isPartOf":{"@id":"https:\/\/progettotouring.it\/radiotouring104\/#website"},"primaryImageOfPage":{"@id":"https:\/\/progettotouring.it\/radiotouring104\/2025\/12\/04\/reggio-presentata-la-iv-edizione-del-raduno-ruote-nella-storia-tra-scilla-e-cariddi\/#primaryimage"},"image":{"@id":"https:\/\/progettotouring.it\/radiotouring104\/2025\/12\/04\/reggio-presentata-la-iv-edizione-del-raduno-ruote-nella-storia-tra-scilla-e-cariddi\/#primaryimage"},"thumbnailUrl":"https:\/\/progettotouring.it\/radiotouring104\/wp-content\/uploads\/sites\/6\/2025\/12\/Automobile-club-raduno-auto-depoca.jpeg","datePublished":"2025-12-04T11:02:02+00:00","dateModified":"2025-12-04T11:55:34+00:00","description":"Svolta, presso la sede dell\u2019Automobile Club di Reggio, la conferenza stampa del raduno di auto d'epoca che avr\u00e0 luogo il 7 dicembre","breadcrumb":{"@id":"https:\/\/progettotouring.it\/radiotouring104\/2025\/12\/04\/reggio-presentata-la-iv-edizione-del-raduno-ruote-nella-storia-tra-scilla-e-cariddi\/#breadcrumb"},"inLanguage":"it-IT","potentialAction":[{"@type":"ReadAction","target":["https:\/\/progettotouring.it\/radiotouring104\/2025\/12\/04\/reggio-presentata-la-iv-edizione-del-raduno-ruote-nella-storia-tra-scilla-e-cariddi\/"]}]},{"@type":"ImageObject","inLanguage":"it-IT","@id":"https:\/\/progettotouring.it\/radiotouring104\/2025\/12\/04\/reggio-presentata-la-iv-edizione-del-raduno-ruote-nella-storia-tra-scilla-e-cariddi\/#primaryimage","url":"https:\/\/progettotouring.it\/radiotouring104\/wp-content\/uploads\/sites\/6\/2025\/12\/Automobile-club-raduno-auto-depoca.jpeg","contentUrl":"https:\/\/progettotouring.it\/radiotouring104\/wp-content\/uploads\/sites\/6\/2025\/12\/Automobile-club-raduno-auto-depoca.jpeg","width":1317,"height":706},{"@type":"BreadcrumbList","@id":"https:\/\/progettotouring.it\/radiotouring104\/2025\/12\/04\/reggio-presentata-la-iv-edizione-del-raduno-ruote-nella-storia-tra-scilla-e-cariddi\/#breadcrumb","itemListElement":[{"@type":"ListItem","position":1,"name":"Home","item":"https:\/\/progettotouring.it\/radiotouring104\/"},{"@type":"ListItem","position":2,"name":"Reggio: presentata la IV edizione del raduno &#8220;Ruote nella Storia tra Scilla e Cariddi&#8221;"}]},{"@type":"WebSite","@id":"https:\/\/progettotouring.it\/radiotouring104\/#website","url":"https:\/\/progettotouring.it\/radiotouring104\/","name":"Radio Touring 104","description":"La prima radio Reggina","publisher":{"@id":"https:\/\/progettotouring.it\/radiotouring104\/#organization"},"potentialAction":[{"@type":"SearchAction","target":{"@type":"EntryPoint","urlTemplate":"https:\/\/progettotouring.it\/radiotouring104\/?s={search_term_string}"},"query-input":{"@type":"PropertyValueSpecification","valueRequired":true,"valueName":"search_term_string"}}],"inLanguage":"it-IT"},{"@type":"Organization","@id":"https:\/\/progettotouring.it\/radiotouring104\/#organization","name":"Radio Touring 104","url":"https:\/\/progettotouring.it\/radiotouring104\/","logo":{"@type":"ImageObject","inLanguage":"it-IT","@id":"https:\/\/progettotouring.it\/radiotouring104\/#\/schema\/logo\/image\/","url":"https:\/\/progettotouring.it\/radiotouring104\/wp-content\/uploads\/sites\/6\/2022\/02\/cropped-logo-radio-touring-104.png","contentUrl":"https:\/\/progettotouring.it\/radiotouring104\/wp-content\/uploads\/sites\/6\/2022\/02\/cropped-logo-radio-touring-104.png","width":377,"height":182,"caption":"Radio Touring 104"},"image":{"@id":"https:\/\/progettotouring.it\/radiotouring104\/#\/schema\/logo\/image\/"}},{"@type":"Person","@id":"https:\/\/progettotouring.it\/radiotouring104\/#\/schema\/person\/1b3eb3c07c47136bc44c785c543e635f","name":"redazione","image":{"@type":"ImageObject","inLanguage":"it-IT","@id":"https:\/\/secure.gravatar.com\/avatar\/0b31605b49f100769e8b624b3e05de1b73e1692e9568a352f60f53fd072e6e11?s=96&d=mm&r=g","url":"https:\/\/secure.gravatar.com\/avatar\/0b31605b49f100769e8b624b3e05de1b73e1692e9568a352f60f53fd072e6e11?s=96&d=mm&r=g","contentUrl":"https:\/\/secure.gravatar.com\/avatar\/0b31605b49f100769e8b624b3e05de1b73e1692e9568a352f60f53fd072e6e11?s=96&d=mm&r=g","caption":"redazione"},"url":"https:\/\/progettotouring.it\/radiotouring104\/author\/redazione\/"}]}},"jetpack_publicize_connections":[],"jetpack_featured_media_url":"https:\/\/progettotouring.it\/radiotouring104\/wp-content\/uploads\/sites\/6\/2025\/12\/Automobile-club-raduno-auto-depoca.jpeg","jetpack_sharing_enabled":true,"_links":{"self":[{"href":"https:\/\/progettotouring.it\/radiotouring104\/wp-json\/wp\/v2\/posts\/86907","targetHints":{"allow":["GET"]}}],"collection":[{"href":"https:\/\/progettotouring.it\/radiotouring104\/wp-json\/wp\/v2\/posts"}],"about":[{"href":"https:\/\/progettotouring.it\/radiotouring104\/wp-json\/wp\/v2\/types\/post"}],"author":[{"embeddable":true,"href":"https:\/\/progettotouring.it\/radiotouring104\/wp-json\/wp\/v2\/users\/5"}],"replies":[{"embeddable":true,"href":"https:\/\/progettotouring.it\/radiotouring104\/wp-json\/wp\/v2\/comments?post=86907"}],"version-history":[{"count":1,"href":"https:\/\/progettotouring.it\/radiotouring104\/wp-json\/wp\/v2\/posts\/86907\/revisions"}],"predecessor-version":[{"id":86909,"href":"https:\/\/progettotouring.it\/radiotouring104\/wp-json\/wp\/v2\/posts\/86907\/revisions\/86909"}],"wp:featuredmedia":[{"embeddable":true,"href":"https:\/\/progettotouring.it\/radiotouring104\/wp-json\/wp\/v2\/media\/86908"}],"wp:attachment":[{"href":"https:\/\/progettotouring.it\/radiotouring104\/wp-json\/wp\/v2\/media?parent=86907"}],"wp:term":[{"taxonomy":"category","embeddable":true,"href":"https:\/\/progettotouring.it\/radiotouring104\/wp-json\/wp\/v2\/categories?post=86907"},{"taxonomy":"post_tag","embeddable":true,"href":"https:\/\/progettotouring.it\/radiotouring104\/wp-json\/wp\/v2\/tags?post=86907"}],"curies":[{"name":"wp","href":"https:\/\/api.w.org\/{rel}","templated":true}]}}