{"id":86924,"date":"2025-12-04T12:27:21","date_gmt":"2025-12-04T11:27:21","guid":{"rendered":"https:\/\/progettotouring.it\/radiotouring104\/?p=86924"},"modified":"2025-12-04T12:55:10","modified_gmt":"2025-12-04T11:55:10","slug":"gallico-rc-intitolata-a-gallico-una-piazza-al-giudice-de-caridi","status":"publish","type":"post","link":"https:\/\/progettotouring.it\/radiotouring104\/2025\/12\/04\/gallico-rc-intitolata-a-gallico-una-piazza-al-giudice-de-caridi\/","title":{"rendered":"Gallico (RC): intitolata a Gallico una piazza al giudice De Caridi"},"content":{"rendered":"<p>\u201cUna piazza a Gallico, tra le pi\u00f9 importanti del quartiere, prender\u00e0 il nome di Domenico De Caridi, magistrato illustre che fu presidente del Tribunale di Reggio Calabria\u201d &#8211; sono le parole del Sindaco Giuseppe Falcomat\u00e0 che ha ricordato l\u2019impegno di un uomo delle istituzioni anche al di fuori del suo servizio: \u201cun magistrato di grande cultura e di grande sensibilit\u00e0, i cui valori erano riconosciuti da tutti. La sua ispirazione cattolica, accompagnata ad un alto senso di integrit\u00e0, guid\u00f2 il suo agire con quell&#8217; approccio di prossimit\u00e0 e di umanit\u00e0 che colleghi, cittadini e addetti ai lavori, gli hanno saputo riconoscere anche dopo la sua morte, avvenuta a seguito delle grandi tensioni del tempo, nel \u201978, negli anni di piombo, dopo ripetute minacce e attentati subiti. Il suo impegno sociale non fu da meno, perch\u00e9 attraverso il percorso all\u2019interno della grande comunit\u00e0 dei Lions, il giudice De Caridi seppe dare testimonianza di uomo dalle grandi virt\u00f9 umane, lasciando un segno indelebile nella nostra citt\u00e0. Per questo, penso che la sua vita debba essere soprattutto per i pi\u00f9 giovani, fonte di ispirazione da cui prendere esempio\u201d.<\/p>\n<p>La cerimonia di intitolazione, avvenuta ieri, \u00e8 arrivata a conclusione dell\u2019iter della richiesta promossa dal Distretto Lions 108, e si \u00e8 tenuta in quella che \u00e8 l\u2019ex Piazza Posta, alla presenza dei familiari, degli amici e dei rappresentanti dell\u2019associazione dei Lions.<\/p>\n<p>Per l\u2019amministrazione erano presenti inoltre, il consigliere comunale Giuseppe Giordano e il presidente della Commissione Toponomastica Domenico Cappellano, il quale ha ricordato che in questi oltre dieci anni di attivit\u00e0, sono state intitolate oltre 700 tra piazze e vie, a figure profili autorevoli di Reggio Calabria che hanno contribuito a renderla culturalmente storicamente ed economicamente una citt\u00e0 prestigiosa, perch\u00e9 ricorda ed onora il suo passato affinch\u00e9 le nuove generazioni possano avere contezza e certezza della radici di Reggio Calabria.<br \/>\nIl Consigliere Giordano ha voluto ricordare l\u2019uomo che ha dato lustro non solo al quartiere e alla citt\u00e0 ma anche alla magistratura reggina: \u201cDomenico De Caridi era un giurista di cui andare fieri, fu presidente della Corte d\u2019Appello e presidente del Tribunale di Reggio Calabria, e fu un grande interprete del diritto, tale da portare negli anni 70 in citt\u00e0, attraverso un\u2019intensa attivit\u00e0 convegnistica e di approfondimento i maggiori studiosi e letterati d\u2019Italia\u201d.<\/p>\n","protected":false},"excerpt":{"rendered":"<p>\u201cUna piazza a Gallico, tra le pi\u00f9 importanti del quartiere, prender\u00e0 il nome di Domenico De Caridi, magistrato illustre che fu presidente del Tribunale di Reggio Calabria\u201d &#8211; sono le&hellip;<\/p>\n","protected":false},"author":5,"featured_media":86925,"comment_status":"closed","ping_status":"open","sticky":false,"template":"","format":"standard","meta":{"_jetpack_memberships_contains_paid_content":false,"footnotes":"","jetpack_publicize_message":"","jetpack_publicize_feature_enabled":true,"jetpack_social_post_already_shared":true,"jetpack_social_options":{"image_generator_settings":{"template":"highway","default_image_id":0,"font":"","enabled":false},"version":2}},"categories":[921,196,140],"tags":[49322,30465,784,49320,49321],"class_list":["post-86924","post","type-post","status-publish","format-standard","has-post-thumbnail","hentry","category-home","category-news","category-reggio-calabria","tag-ex-piazza-poste","tag-falcomata-giuseppe","tag-gallico","tag-giudice-de-caridi","tag-ntitolata-piazza"],"yoast_head":"<!-- This site is optimized with the Yoast SEO plugin v27.2 - https:\/\/yoast.com\/product\/yoast-seo-wordpress\/ -->\n<title>Gallico (RC): intitolata a Gallico una piazza al giudice De Caridi<\/title>\n<meta name=\"description\" content=\"L\u2019ex Piazza poste avr\u00e0 il nome del compianto presidente del Tribunale. \u201cFonte di ispirazione da cui prendere esempio\u201d, ha dichiarato Falcomat\u00e0\" \/>\n<meta name=\"robots\" content=\"index, follow, max-snippet:-1, max-image-preview:large, max-video-preview:-1\" \/>\n<link rel=\"canonical\" href=\"https:\/\/progettotouring.it\/radiotouring104\/2025\/12\/04\/gallico-rc-intitolata-a-gallico-una-piazza-al-giudice-de-caridi\/\" \/>\n<meta property=\"og:locale\" content=\"it_IT\" \/>\n<meta property=\"og:type\" content=\"article\" \/>\n<meta property=\"og:title\" content=\"Gallico (RC): intitolata a Gallico una piazza al giudice De Caridi\" \/>\n<meta property=\"og:description\" content=\"L\u2019ex Piazza poste avr\u00e0 il nome del compianto presidente del Tribunale. \u201cFonte di ispirazione da cui prendere esempio\u201d, ha dichiarato Falcomat\u00e0\" \/>\n<meta property=\"og:url\" content=\"https:\/\/progettotouring.it\/radiotouring104\/2025\/12\/04\/gallico-rc-intitolata-a-gallico-una-piazza-al-giudice-de-caridi\/\" \/>\n<meta property=\"og:site_name\" content=\"Radio Touring 104\" \/>\n<meta property=\"article:published_time\" content=\"2025-12-04T11:27:21+00:00\" \/>\n<meta property=\"article:modified_time\" content=\"2025-12-04T11:55:10+00:00\" \/>\n<meta property=\"og:image\" content=\"https:\/\/progettotouring.it\/radiotouring104\/wp-content\/uploads\/sites\/6\/2025\/12\/Intitolazione-Piazza-De-Caridi-a-Gallico.jpeg\" \/>\n\t<meta property=\"og:image:width\" content=\"2000\" \/>\n\t<meta property=\"og:image:height\" content=\"1126\" \/>\n\t<meta property=\"og:image:type\" content=\"image\/jpeg\" \/>\n<meta name=\"author\" content=\"redazione\" \/>\n<meta name=\"twitter:card\" content=\"summary_large_image\" \/>\n<meta name=\"twitter:label1\" content=\"Scritto da\" \/>\n\t<meta name=\"twitter:data1\" content=\"redazione\" \/>\n\t<meta name=\"twitter:label2\" content=\"Tempo di lettura stimato\" \/>\n\t<meta name=\"twitter:data2\" content=\"2 minuti\" \/>\n<script type=\"application\/ld+json\" class=\"yoast-schema-graph\">{\"@context\":\"https:\/\/schema.org\",\"@graph\":[{\"@type\":\"Article\",\"@id\":\"https:\/\/progettotouring.it\/radiotouring104\/2025\/12\/04\/gallico-rc-intitolata-a-gallico-una-piazza-al-giudice-de-caridi\/#article\",\"isPartOf\":{\"@id\":\"https:\/\/progettotouring.it\/radiotouring104\/2025\/12\/04\/gallico-rc-intitolata-a-gallico-una-piazza-al-giudice-de-caridi\/\"},\"author\":{\"name\":\"redazione\",\"@id\":\"https:\/\/progettotouring.it\/radiotouring104\/#\/schema\/person\/1b3eb3c07c47136bc44c785c543e635f\"},\"headline\":\"Gallico (RC): intitolata a Gallico una piazza al giudice De Caridi\",\"datePublished\":\"2025-12-04T11:27:21+00:00\",\"dateModified\":\"2025-12-04T11:55:10+00:00\",\"mainEntityOfPage\":{\"@id\":\"https:\/\/progettotouring.it\/radiotouring104\/2025\/12\/04\/gallico-rc-intitolata-a-gallico-una-piazza-al-giudice-de-caridi\/\"},\"wordCount\":392,\"publisher\":{\"@id\":\"https:\/\/progettotouring.it\/radiotouring104\/#organization\"},\"image\":{\"@id\":\"https:\/\/progettotouring.it\/radiotouring104\/2025\/12\/04\/gallico-rc-intitolata-a-gallico-una-piazza-al-giudice-de-caridi\/#primaryimage\"},\"thumbnailUrl\":\"https:\/\/progettotouring.it\/radiotouring104\/wp-content\/uploads\/sites\/6\/2025\/12\/Intitolazione-Piazza-De-Caridi-a-Gallico.jpeg\",\"keywords\":[\"ex piazza poste\",\"Falcomat\u00e0 Giuseppe\",\"Gallico\",\"giudice De Caridi\",\"ntitolata piazza\"],\"articleSection\":[\"Home\",\"News\",\"Reggio Calabria\"],\"inLanguage\":\"it-IT\"},{\"@type\":\"WebPage\",\"@id\":\"https:\/\/progettotouring.it\/radiotouring104\/2025\/12\/04\/gallico-rc-intitolata-a-gallico-una-piazza-al-giudice-de-caridi\/\",\"url\":\"https:\/\/progettotouring.it\/radiotouring104\/2025\/12\/04\/gallico-rc-intitolata-a-gallico-una-piazza-al-giudice-de-caridi\/\",\"name\":\"Gallico (RC): intitolata a Gallico una piazza al giudice De Caridi\",\"isPartOf\":{\"@id\":\"https:\/\/progettotouring.it\/radiotouring104\/#website\"},\"primaryImageOfPage\":{\"@id\":\"https:\/\/progettotouring.it\/radiotouring104\/2025\/12\/04\/gallico-rc-intitolata-a-gallico-una-piazza-al-giudice-de-caridi\/#primaryimage\"},\"image\":{\"@id\":\"https:\/\/progettotouring.it\/radiotouring104\/2025\/12\/04\/gallico-rc-intitolata-a-gallico-una-piazza-al-giudice-de-caridi\/#primaryimage\"},\"thumbnailUrl\":\"https:\/\/progettotouring.it\/radiotouring104\/wp-content\/uploads\/sites\/6\/2025\/12\/Intitolazione-Piazza-De-Caridi-a-Gallico.jpeg\",\"datePublished\":\"2025-12-04T11:27:21+00:00\",\"dateModified\":\"2025-12-04T11:55:10+00:00\",\"description\":\"L\u2019ex Piazza poste avr\u00e0 il nome del compianto presidente del Tribunale. \u201cFonte di ispirazione da cui prendere esempio\u201d, ha dichiarato Falcomat\u00e0\",\"breadcrumb\":{\"@id\":\"https:\/\/progettotouring.it\/radiotouring104\/2025\/12\/04\/gallico-rc-intitolata-a-gallico-una-piazza-al-giudice-de-caridi\/#breadcrumb\"},\"inLanguage\":\"it-IT\",\"potentialAction\":[{\"@type\":\"ReadAction\",\"target\":[\"https:\/\/progettotouring.it\/radiotouring104\/2025\/12\/04\/gallico-rc-intitolata-a-gallico-una-piazza-al-giudice-de-caridi\/\"]}]},{\"@type\":\"ImageObject\",\"inLanguage\":\"it-IT\",\"@id\":\"https:\/\/progettotouring.it\/radiotouring104\/2025\/12\/04\/gallico-rc-intitolata-a-gallico-una-piazza-al-giudice-de-caridi\/#primaryimage\",\"url\":\"https:\/\/progettotouring.it\/radiotouring104\/wp-content\/uploads\/sites\/6\/2025\/12\/Intitolazione-Piazza-De-Caridi-a-Gallico.jpeg\",\"contentUrl\":\"https:\/\/progettotouring.it\/radiotouring104\/wp-content\/uploads\/sites\/6\/2025\/12\/Intitolazione-Piazza-De-Caridi-a-Gallico.jpeg\",\"width\":2000,\"height\":1126},{\"@type\":\"BreadcrumbList\",\"@id\":\"https:\/\/progettotouring.it\/radiotouring104\/2025\/12\/04\/gallico-rc-intitolata-a-gallico-una-piazza-al-giudice-de-caridi\/#breadcrumb\",\"itemListElement\":[{\"@type\":\"ListItem\",\"position\":1,\"name\":\"Home\",\"item\":\"https:\/\/progettotouring.it\/radiotouring104\/\"},{\"@type\":\"ListItem\",\"position\":2,\"name\":\"Gallico (RC): intitolata a Gallico una piazza al giudice De Caridi\"}]},{\"@type\":\"WebSite\",\"@id\":\"https:\/\/progettotouring.it\/radiotouring104\/#website\",\"url\":\"https:\/\/progettotouring.it\/radiotouring104\/\",\"name\":\"Radio Touring 104\",\"description\":\"La prima radio Reggina\",\"publisher\":{\"@id\":\"https:\/\/progettotouring.it\/radiotouring104\/#organization\"},\"potentialAction\":[{\"@type\":\"SearchAction\",\"target\":{\"@type\":\"EntryPoint\",\"urlTemplate\":\"https:\/\/progettotouring.it\/radiotouring104\/?s={search_term_string}\"},\"query-input\":{\"@type\":\"PropertyValueSpecification\",\"valueRequired\":true,\"valueName\":\"search_term_string\"}}],\"inLanguage\":\"it-IT\"},{\"@type\":\"Organization\",\"@id\":\"https:\/\/progettotouring.it\/radiotouring104\/#organization\",\"name\":\"Radio Touring 104\",\"url\":\"https:\/\/progettotouring.it\/radiotouring104\/\",\"logo\":{\"@type\":\"ImageObject\",\"inLanguage\":\"it-IT\",\"@id\":\"https:\/\/progettotouring.it\/radiotouring104\/#\/schema\/logo\/image\/\",\"url\":\"https:\/\/progettotouring.it\/radiotouring104\/wp-content\/uploads\/sites\/6\/2022\/02\/cropped-logo-radio-touring-104.png\",\"contentUrl\":\"https:\/\/progettotouring.it\/radiotouring104\/wp-content\/uploads\/sites\/6\/2022\/02\/cropped-logo-radio-touring-104.png\",\"width\":377,\"height\":182,\"caption\":\"Radio Touring 104\"},\"image\":{\"@id\":\"https:\/\/progettotouring.it\/radiotouring104\/#\/schema\/logo\/image\/\"}},{\"@type\":\"Person\",\"@id\":\"https:\/\/progettotouring.it\/radiotouring104\/#\/schema\/person\/1b3eb3c07c47136bc44c785c543e635f\",\"name\":\"redazione\",\"image\":{\"@type\":\"ImageObject\",\"inLanguage\":\"it-IT\",\"@id\":\"https:\/\/secure.gravatar.com\/avatar\/0b31605b49f100769e8b624b3e05de1b73e1692e9568a352f60f53fd072e6e11?s=96&d=mm&r=g\",\"url\":\"https:\/\/secure.gravatar.com\/avatar\/0b31605b49f100769e8b624b3e05de1b73e1692e9568a352f60f53fd072e6e11?s=96&d=mm&r=g\",\"contentUrl\":\"https:\/\/secure.gravatar.com\/avatar\/0b31605b49f100769e8b624b3e05de1b73e1692e9568a352f60f53fd072e6e11?s=96&d=mm&r=g\",\"caption\":\"redazione\"},\"url\":\"https:\/\/progettotouring.it\/radiotouring104\/author\/redazione\/\"}]}<\/script>\n<!-- \/ Yoast SEO plugin. -->","yoast_head_json":{"title":"Gallico (RC): intitolata a Gallico una piazza al giudice De Caridi","description":"L\u2019ex Piazza poste avr\u00e0 il nome del compianto presidente del Tribunale. \u201cFonte di ispirazione da cui prendere esempio\u201d, ha dichiarato Falcomat\u00e0","robots":{"index":"index","follow":"follow","max-snippet":"max-snippet:-1","max-image-preview":"max-image-preview:large","max-video-preview":"max-video-preview:-1"},"canonical":"https:\/\/progettotouring.it\/radiotouring104\/2025\/12\/04\/gallico-rc-intitolata-a-gallico-una-piazza-al-giudice-de-caridi\/","og_locale":"it_IT","og_type":"article","og_title":"Gallico (RC): intitolata a Gallico una piazza al giudice De Caridi","og_description":"L\u2019ex Piazza poste avr\u00e0 il nome del compianto presidente del Tribunale. \u201cFonte di ispirazione da cui prendere esempio\u201d, ha dichiarato Falcomat\u00e0","og_url":"https:\/\/progettotouring.it\/radiotouring104\/2025\/12\/04\/gallico-rc-intitolata-a-gallico-una-piazza-al-giudice-de-caridi\/","og_site_name":"Radio Touring 104","article_published_time":"2025-12-04T11:27:21+00:00","article_modified_time":"2025-12-04T11:55:10+00:00","og_image":[{"width":2000,"height":1126,"url":"https:\/\/progettotouring.it\/radiotouring104\/wp-content\/uploads\/sites\/6\/2025\/12\/Intitolazione-Piazza-De-Caridi-a-Gallico.jpeg","type":"image\/jpeg"}],"author":"redazione","twitter_card":"summary_large_image","twitter_misc":{"Scritto da":"redazione","Tempo di lettura stimato":"2 minuti"},"schema":{"@context":"https:\/\/schema.org","@graph":[{"@type":"Article","@id":"https:\/\/progettotouring.it\/radiotouring104\/2025\/12\/04\/gallico-rc-intitolata-a-gallico-una-piazza-al-giudice-de-caridi\/#article","isPartOf":{"@id":"https:\/\/progettotouring.it\/radiotouring104\/2025\/12\/04\/gallico-rc-intitolata-a-gallico-una-piazza-al-giudice-de-caridi\/"},"author":{"name":"redazione","@id":"https:\/\/progettotouring.it\/radiotouring104\/#\/schema\/person\/1b3eb3c07c47136bc44c785c543e635f"},"headline":"Gallico (RC): intitolata a Gallico una piazza al giudice De Caridi","datePublished":"2025-12-04T11:27:21+00:00","dateModified":"2025-12-04T11:55:10+00:00","mainEntityOfPage":{"@id":"https:\/\/progettotouring.it\/radiotouring104\/2025\/12\/04\/gallico-rc-intitolata-a-gallico-una-piazza-al-giudice-de-caridi\/"},"wordCount":392,"publisher":{"@id":"https:\/\/progettotouring.it\/radiotouring104\/#organization"},"image":{"@id":"https:\/\/progettotouring.it\/radiotouring104\/2025\/12\/04\/gallico-rc-intitolata-a-gallico-una-piazza-al-giudice-de-caridi\/#primaryimage"},"thumbnailUrl":"https:\/\/progettotouring.it\/radiotouring104\/wp-content\/uploads\/sites\/6\/2025\/12\/Intitolazione-Piazza-De-Caridi-a-Gallico.jpeg","keywords":["ex piazza poste","Falcomat\u00e0 Giuseppe","Gallico","giudice De Caridi","ntitolata piazza"],"articleSection":["Home","News","Reggio Calabria"],"inLanguage":"it-IT"},{"@type":"WebPage","@id":"https:\/\/progettotouring.it\/radiotouring104\/2025\/12\/04\/gallico-rc-intitolata-a-gallico-una-piazza-al-giudice-de-caridi\/","url":"https:\/\/progettotouring.it\/radiotouring104\/2025\/12\/04\/gallico-rc-intitolata-a-gallico-una-piazza-al-giudice-de-caridi\/","name":"Gallico (RC): intitolata a Gallico una piazza al giudice De Caridi","isPartOf":{"@id":"https:\/\/progettotouring.it\/radiotouring104\/#website"},"primaryImageOfPage":{"@id":"https:\/\/progettotouring.it\/radiotouring104\/2025\/12\/04\/gallico-rc-intitolata-a-gallico-una-piazza-al-giudice-de-caridi\/#primaryimage"},"image":{"@id":"https:\/\/progettotouring.it\/radiotouring104\/2025\/12\/04\/gallico-rc-intitolata-a-gallico-una-piazza-al-giudice-de-caridi\/#primaryimage"},"thumbnailUrl":"https:\/\/progettotouring.it\/radiotouring104\/wp-content\/uploads\/sites\/6\/2025\/12\/Intitolazione-Piazza-De-Caridi-a-Gallico.jpeg","datePublished":"2025-12-04T11:27:21+00:00","dateModified":"2025-12-04T11:55:10+00:00","description":"L\u2019ex Piazza poste avr\u00e0 il nome del compianto presidente del Tribunale. \u201cFonte di ispirazione da cui prendere esempio\u201d, ha dichiarato Falcomat\u00e0","breadcrumb":{"@id":"https:\/\/progettotouring.it\/radiotouring104\/2025\/12\/04\/gallico-rc-intitolata-a-gallico-una-piazza-al-giudice-de-caridi\/#breadcrumb"},"inLanguage":"it-IT","potentialAction":[{"@type":"ReadAction","target":["https:\/\/progettotouring.it\/radiotouring104\/2025\/12\/04\/gallico-rc-intitolata-a-gallico-una-piazza-al-giudice-de-caridi\/"]}]},{"@type":"ImageObject","inLanguage":"it-IT","@id":"https:\/\/progettotouring.it\/radiotouring104\/2025\/12\/04\/gallico-rc-intitolata-a-gallico-una-piazza-al-giudice-de-caridi\/#primaryimage","url":"https:\/\/progettotouring.it\/radiotouring104\/wp-content\/uploads\/sites\/6\/2025\/12\/Intitolazione-Piazza-De-Caridi-a-Gallico.jpeg","contentUrl":"https:\/\/progettotouring.it\/radiotouring104\/wp-content\/uploads\/sites\/6\/2025\/12\/Intitolazione-Piazza-De-Caridi-a-Gallico.jpeg","width":2000,"height":1126},{"@type":"BreadcrumbList","@id":"https:\/\/progettotouring.it\/radiotouring104\/2025\/12\/04\/gallico-rc-intitolata-a-gallico-una-piazza-al-giudice-de-caridi\/#breadcrumb","itemListElement":[{"@type":"ListItem","position":1,"name":"Home","item":"https:\/\/progettotouring.it\/radiotouring104\/"},{"@type":"ListItem","position":2,"name":"Gallico (RC): intitolata a Gallico una piazza al giudice De Caridi"}]},{"@type":"WebSite","@id":"https:\/\/progettotouring.it\/radiotouring104\/#website","url":"https:\/\/progettotouring.it\/radiotouring104\/","name":"Radio Touring 104","description":"La prima radio Reggina","publisher":{"@id":"https:\/\/progettotouring.it\/radiotouring104\/#organization"},"potentialAction":[{"@type":"SearchAction","target":{"@type":"EntryPoint","urlTemplate":"https:\/\/progettotouring.it\/radiotouring104\/?s={search_term_string}"},"query-input":{"@type":"PropertyValueSpecification","valueRequired":true,"valueName":"search_term_string"}}],"inLanguage":"it-IT"},{"@type":"Organization","@id":"https:\/\/progettotouring.it\/radiotouring104\/#organization","name":"Radio Touring 104","url":"https:\/\/progettotouring.it\/radiotouring104\/","logo":{"@type":"ImageObject","inLanguage":"it-IT","@id":"https:\/\/progettotouring.it\/radiotouring104\/#\/schema\/logo\/image\/","url":"https:\/\/progettotouring.it\/radiotouring104\/wp-content\/uploads\/sites\/6\/2022\/02\/cropped-logo-radio-touring-104.png","contentUrl":"https:\/\/progettotouring.it\/radiotouring104\/wp-content\/uploads\/sites\/6\/2022\/02\/cropped-logo-radio-touring-104.png","width":377,"height":182,"caption":"Radio Touring 104"},"image":{"@id":"https:\/\/progettotouring.it\/radiotouring104\/#\/schema\/logo\/image\/"}},{"@type":"Person","@id":"https:\/\/progettotouring.it\/radiotouring104\/#\/schema\/person\/1b3eb3c07c47136bc44c785c543e635f","name":"redazione","image":{"@type":"ImageObject","inLanguage":"it-IT","@id":"https:\/\/secure.gravatar.com\/avatar\/0b31605b49f100769e8b624b3e05de1b73e1692e9568a352f60f53fd072e6e11?s=96&d=mm&r=g","url":"https:\/\/secure.gravatar.com\/avatar\/0b31605b49f100769e8b624b3e05de1b73e1692e9568a352f60f53fd072e6e11?s=96&d=mm&r=g","contentUrl":"https:\/\/secure.gravatar.com\/avatar\/0b31605b49f100769e8b624b3e05de1b73e1692e9568a352f60f53fd072e6e11?s=96&d=mm&r=g","caption":"redazione"},"url":"https:\/\/progettotouring.it\/radiotouring104\/author\/redazione\/"}]}},"jetpack_publicize_connections":[],"jetpack_featured_media_url":"https:\/\/progettotouring.it\/radiotouring104\/wp-content\/uploads\/sites\/6\/2025\/12\/Intitolazione-Piazza-De-Caridi-a-Gallico.jpeg","jetpack_sharing_enabled":true,"_links":{"self":[{"href":"https:\/\/progettotouring.it\/radiotouring104\/wp-json\/wp\/v2\/posts\/86924","targetHints":{"allow":["GET"]}}],"collection":[{"href":"https:\/\/progettotouring.it\/radiotouring104\/wp-json\/wp\/v2\/posts"}],"about":[{"href":"https:\/\/progettotouring.it\/radiotouring104\/wp-json\/wp\/v2\/types\/post"}],"author":[{"embeddable":true,"href":"https:\/\/progettotouring.it\/radiotouring104\/wp-json\/wp\/v2\/users\/5"}],"replies":[{"embeddable":true,"href":"https:\/\/progettotouring.it\/radiotouring104\/wp-json\/wp\/v2\/comments?post=86924"}],"version-history":[{"count":1,"href":"https:\/\/progettotouring.it\/radiotouring104\/wp-json\/wp\/v2\/posts\/86924\/revisions"}],"predecessor-version":[{"id":86926,"href":"https:\/\/progettotouring.it\/radiotouring104\/wp-json\/wp\/v2\/posts\/86924\/revisions\/86926"}],"wp:featuredmedia":[{"embeddable":true,"href":"https:\/\/progettotouring.it\/radiotouring104\/wp-json\/wp\/v2\/media\/86925"}],"wp:attachment":[{"href":"https:\/\/progettotouring.it\/radiotouring104\/wp-json\/wp\/v2\/media?parent=86924"}],"wp:term":[{"taxonomy":"category","embeddable":true,"href":"https:\/\/progettotouring.it\/radiotouring104\/wp-json\/wp\/v2\/categories?post=86924"},{"taxonomy":"post_tag","embeddable":true,"href":"https:\/\/progettotouring.it\/radiotouring104\/wp-json\/wp\/v2\/tags?post=86924"}],"curies":[{"name":"wp","href":"https:\/\/api.w.org\/{rel}","templated":true}]}}