{"id":86928,"date":"2025-12-04T12:33:41","date_gmt":"2025-12-04T11:33:41","guid":{"rendered":"https:\/\/progettotouring.it\/radiotouring104\/?p=86928"},"modified":"2025-12-04T12:55:04","modified_gmt":"2025-12-04T11:55:04","slug":"giornata-della-disabilita-falcomata-al-fianco-di-agiduemila-e-kiwanis","status":"publish","type":"post","link":"https:\/\/progettotouring.it\/radiotouring104\/2025\/12\/04\/giornata-della-disabilita-falcomata-al-fianco-di-agiduemila-e-kiwanis\/","title":{"rendered":"Giornata della Disabilit\u00e0: Falcomat\u00e0 al fianco di &#8220;Agiduemila&#8221; e &#8220;Kiwanis&#8221;"},"content":{"rendered":"<p>In occasione della Giornata internazionale della disabilit\u00e0, il sindaco Giuseppe Falcomat\u00e0 e l\u2019assessore comunale Carmelo Romeo hanno incontrato le ragazze e i ragazzi di Agiduemila, l\u2019associazione presieduta da Sara Bottari che, per l\u2019occasione, insieme al Kiwanis club Reggio Calabria, \u00e8 stata protagonista di un flash mob in Piazza Italia per sensibilizzare i cittadini su un tema particolarmente delicato e complesso.<\/p>\n<p>\u00abRivolgo un plauso ad Agiduemila e Kiwanis \u2013 ha detto Falcomat\u00e0 \u2013 per aver organizzato un\u2019iniziativa cos\u00ec importante e rivolta a sollecitare le coscienze rispetto ad una questione che riguarda, e deve sempre riguardare, l\u2019intera societ\u00e0\u00bb.<br \/>\n\u00abCome amministrazione \u2013 ha ribadito \u2013 confermiamo il massimo sostegno ad ogni realt\u00e0 impegnata a promuovere una comunit\u00e0 pi\u00f9 inclusiva, accessibile e rispettosa dei diritti di tutti per come sancito dalla nostra Costituzione. La Giornata internazionale delle disabilit\u00e0, dunque, va vissuta come un memento in cui, ognuno di noi, deve interrogarsi su quanto e come agisce per abbattere qualsiasi forma di barriera, che essa sia fisica o, soprattutto, mentale. E\u2019 dalle nostre scelte, infatti, che si misura il grado di civilt\u00e0 di una popolazione\u00bb.<\/p>\n<p>\u00abContinuiamo a lavorare \u2013 ha proseguito il sindaco &#8211; affinch\u00e9 ogni persona possa partecipare pienamente alla vita sociale, culturale ed economica della citt\u00e0 investendo in accessibilit\u00e0, servizi di supporto e sensibilizzazione perch\u00e9 l\u2019inclusione \u00e8 un percorso che richiede collaborazione e responsabilit\u00e0 condivise\u00bb.<\/p>\n<p>\u00abRingrazio le associazioni, le famiglie, i volontari e tutti coloro che ogni giorno si impegnano per costruire una Reggio pi\u00f9 giusta e accogliente\u00bb, ha ribadito Falcomat\u00e0 concludendo: \u00abSoltanto insieme possiamo garantire che i diritti delle persone con disabilit\u00e0 siano pienamente riconosciuti e rispettati\u00bb.<\/p>\n","protected":false},"excerpt":{"rendered":"<p>In occasione della Giornata internazionale della disabilit\u00e0, il sindaco Giuseppe Falcomat\u00e0 e l\u2019assessore comunale Carmelo Romeo hanno incontrato le ragazze e i ragazzi di Agiduemila, l\u2019associazione presieduta da Sara Bottari&hellip;<\/p>\n","protected":false},"author":5,"featured_media":86929,"comment_status":"closed","ping_status":"open","sticky":false,"template":"","format":"standard","meta":{"_jetpack_memberships_contains_paid_content":false,"footnotes":"","jetpack_publicize_message":"","jetpack_publicize_feature_enabled":true,"jetpack_social_post_already_shared":true,"jetpack_social_options":{"image_generator_settings":{"template":"highway","default_image_id":0,"font":"","enabled":false},"version":2}},"categories":[921,196,140],"tags":[36254,49323,30465,38332,23101],"class_list":["post-86928","post","type-post","status-publish","format-standard","has-post-thumbnail","hentry","category-home","category-news","category-reggio-calabria","tag-assessore-carmelo-romeo","tag-agiduemila","tag-falcomata-giuseppe","tag-giornata-disabilita","tag-kiwanis"],"yoast_head":"<!-- This site is optimized with the Yoast SEO plugin v27.2 - https:\/\/yoast.com\/product\/yoast-seo-wordpress\/ -->\n<title>Giornata Disabilit\u00e0: Falcomat\u00e0 al fianco di &quot;Agiduemila&quot; e &quot;Kiwanis&quot;<\/title>\n<meta name=\"description\" content=\"&quot;Massimo sostegno ad ogni realt\u00e0 impegnata a promuovere una comunit\u00e0 pi\u00f9 inclusiva, accessibile&quot;, ha dichiarato il Sindaco\" \/>\n<meta name=\"robots\" content=\"index, follow, max-snippet:-1, max-image-preview:large, max-video-preview:-1\" \/>\n<link rel=\"canonical\" href=\"https:\/\/progettotouring.it\/radiotouring104\/2025\/12\/04\/giornata-della-disabilita-falcomata-al-fianco-di-agiduemila-e-kiwanis\/\" \/>\n<meta property=\"og:locale\" content=\"it_IT\" \/>\n<meta property=\"og:type\" content=\"article\" \/>\n<meta property=\"og:title\" content=\"Giornata Disabilit\u00e0: Falcomat\u00e0 al fianco di &quot;Agiduemila&quot; e &quot;Kiwanis&quot;\" \/>\n<meta property=\"og:description\" content=\"&quot;Massimo sostegno ad ogni realt\u00e0 impegnata a promuovere una comunit\u00e0 pi\u00f9 inclusiva, accessibile&quot;, ha dichiarato il Sindaco\" \/>\n<meta property=\"og:url\" content=\"https:\/\/progettotouring.it\/radiotouring104\/2025\/12\/04\/giornata-della-disabilita-falcomata-al-fianco-di-agiduemila-e-kiwanis\/\" \/>\n<meta property=\"og:site_name\" content=\"Radio Touring 104\" \/>\n<meta property=\"article:published_time\" content=\"2025-12-04T11:33:41+00:00\" \/>\n<meta property=\"article:modified_time\" content=\"2025-12-04T11:55:04+00:00\" \/>\n<meta property=\"og:image\" content=\"https:\/\/progettotouring.it\/radiotouring104\/wp-content\/uploads\/sites\/6\/2025\/12\/AGIDUEMILA_Falcomata.jpeg\" \/>\n\t<meta property=\"og:image:width\" content=\"1600\" \/>\n\t<meta property=\"og:image:height\" content=\"1066\" \/>\n\t<meta property=\"og:image:type\" content=\"image\/jpeg\" \/>\n<meta name=\"author\" content=\"redazione\" \/>\n<meta name=\"twitter:card\" content=\"summary_large_image\" \/>\n<meta name=\"twitter:label1\" content=\"Scritto da\" \/>\n\t<meta name=\"twitter:data1\" content=\"redazione\" \/>\n\t<meta name=\"twitter:label2\" content=\"Tempo di lettura stimato\" \/>\n\t<meta name=\"twitter:data2\" content=\"1 minuto\" \/>\n<script type=\"application\/ld+json\" class=\"yoast-schema-graph\">{\"@context\":\"https:\/\/schema.org\",\"@graph\":[{\"@type\":\"Article\",\"@id\":\"https:\/\/progettotouring.it\/radiotouring104\/2025\/12\/04\/giornata-della-disabilita-falcomata-al-fianco-di-agiduemila-e-kiwanis\/#article\",\"isPartOf\":{\"@id\":\"https:\/\/progettotouring.it\/radiotouring104\/2025\/12\/04\/giornata-della-disabilita-falcomata-al-fianco-di-agiduemila-e-kiwanis\/\"},\"author\":{\"name\":\"redazione\",\"@id\":\"https:\/\/progettotouring.it\/radiotouring104\/#\/schema\/person\/1b3eb3c07c47136bc44c785c543e635f\"},\"headline\":\"Giornata della Disabilit\u00e0: Falcomat\u00e0 al fianco di &#8220;Agiduemila&#8221; e &#8220;Kiwanis&#8221;\",\"datePublished\":\"2025-12-04T11:33:41+00:00\",\"dateModified\":\"2025-12-04T11:55:04+00:00\",\"mainEntityOfPage\":{\"@id\":\"https:\/\/progettotouring.it\/radiotouring104\/2025\/12\/04\/giornata-della-disabilita-falcomata-al-fianco-di-agiduemila-e-kiwanis\/\"},\"wordCount\":274,\"publisher\":{\"@id\":\"https:\/\/progettotouring.it\/radiotouring104\/#organization\"},\"image\":{\"@id\":\"https:\/\/progettotouring.it\/radiotouring104\/2025\/12\/04\/giornata-della-disabilita-falcomata-al-fianco-di-agiduemila-e-kiwanis\/#primaryimage\"},\"thumbnailUrl\":\"https:\/\/progettotouring.it\/radiotouring104\/wp-content\/uploads\/sites\/6\/2025\/12\/AGIDUEMILA_Falcomata.jpeg\",\"keywords\":[\"'Assessore Carmelo Romeo\",\"Agiduemila\",\"Falcomat\u00e0 Giuseppe\",\"Giornata Disabilit\u00e0\",\"Kiwanis\"],\"articleSection\":[\"Home\",\"News\",\"Reggio Calabria\"],\"inLanguage\":\"it-IT\"},{\"@type\":\"WebPage\",\"@id\":\"https:\/\/progettotouring.it\/radiotouring104\/2025\/12\/04\/giornata-della-disabilita-falcomata-al-fianco-di-agiduemila-e-kiwanis\/\",\"url\":\"https:\/\/progettotouring.it\/radiotouring104\/2025\/12\/04\/giornata-della-disabilita-falcomata-al-fianco-di-agiduemila-e-kiwanis\/\",\"name\":\"Giornata Disabilit\u00e0: Falcomat\u00e0 al fianco di \\\"Agiduemila\\\" e \\\"Kiwanis\\\"\",\"isPartOf\":{\"@id\":\"https:\/\/progettotouring.it\/radiotouring104\/#website\"},\"primaryImageOfPage\":{\"@id\":\"https:\/\/progettotouring.it\/radiotouring104\/2025\/12\/04\/giornata-della-disabilita-falcomata-al-fianco-di-agiduemila-e-kiwanis\/#primaryimage\"},\"image\":{\"@id\":\"https:\/\/progettotouring.it\/radiotouring104\/2025\/12\/04\/giornata-della-disabilita-falcomata-al-fianco-di-agiduemila-e-kiwanis\/#primaryimage\"},\"thumbnailUrl\":\"https:\/\/progettotouring.it\/radiotouring104\/wp-content\/uploads\/sites\/6\/2025\/12\/AGIDUEMILA_Falcomata.jpeg\",\"datePublished\":\"2025-12-04T11:33:41+00:00\",\"dateModified\":\"2025-12-04T11:55:04+00:00\",\"description\":\"\\\"Massimo sostegno ad ogni realt\u00e0 impegnata a promuovere una comunit\u00e0 pi\u00f9 inclusiva, accessibile\\\", ha dichiarato il Sindaco\",\"breadcrumb\":{\"@id\":\"https:\/\/progettotouring.it\/radiotouring104\/2025\/12\/04\/giornata-della-disabilita-falcomata-al-fianco-di-agiduemila-e-kiwanis\/#breadcrumb\"},\"inLanguage\":\"it-IT\",\"potentialAction\":[{\"@type\":\"ReadAction\",\"target\":[\"https:\/\/progettotouring.it\/radiotouring104\/2025\/12\/04\/giornata-della-disabilita-falcomata-al-fianco-di-agiduemila-e-kiwanis\/\"]}]},{\"@type\":\"ImageObject\",\"inLanguage\":\"it-IT\",\"@id\":\"https:\/\/progettotouring.it\/radiotouring104\/2025\/12\/04\/giornata-della-disabilita-falcomata-al-fianco-di-agiduemila-e-kiwanis\/#primaryimage\",\"url\":\"https:\/\/progettotouring.it\/radiotouring104\/wp-content\/uploads\/sites\/6\/2025\/12\/AGIDUEMILA_Falcomata.jpeg\",\"contentUrl\":\"https:\/\/progettotouring.it\/radiotouring104\/wp-content\/uploads\/sites\/6\/2025\/12\/AGIDUEMILA_Falcomata.jpeg\",\"width\":1600,\"height\":1066},{\"@type\":\"BreadcrumbList\",\"@id\":\"https:\/\/progettotouring.it\/radiotouring104\/2025\/12\/04\/giornata-della-disabilita-falcomata-al-fianco-di-agiduemila-e-kiwanis\/#breadcrumb\",\"itemListElement\":[{\"@type\":\"ListItem\",\"position\":1,\"name\":\"Home\",\"item\":\"https:\/\/progettotouring.it\/radiotouring104\/\"},{\"@type\":\"ListItem\",\"position\":2,\"name\":\"Giornata della Disabilit\u00e0: Falcomat\u00e0 al fianco di &#8220;Agiduemila&#8221; e &#8220;Kiwanis&#8221;\"}]},{\"@type\":\"WebSite\",\"@id\":\"https:\/\/progettotouring.it\/radiotouring104\/#website\",\"url\":\"https:\/\/progettotouring.it\/radiotouring104\/\",\"name\":\"Radio Touring 104\",\"description\":\"La prima radio Reggina\",\"publisher\":{\"@id\":\"https:\/\/progettotouring.it\/radiotouring104\/#organization\"},\"potentialAction\":[{\"@type\":\"SearchAction\",\"target\":{\"@type\":\"EntryPoint\",\"urlTemplate\":\"https:\/\/progettotouring.it\/radiotouring104\/?s={search_term_string}\"},\"query-input\":{\"@type\":\"PropertyValueSpecification\",\"valueRequired\":true,\"valueName\":\"search_term_string\"}}],\"inLanguage\":\"it-IT\"},{\"@type\":\"Organization\",\"@id\":\"https:\/\/progettotouring.it\/radiotouring104\/#organization\",\"name\":\"Radio Touring 104\",\"url\":\"https:\/\/progettotouring.it\/radiotouring104\/\",\"logo\":{\"@type\":\"ImageObject\",\"inLanguage\":\"it-IT\",\"@id\":\"https:\/\/progettotouring.it\/radiotouring104\/#\/schema\/logo\/image\/\",\"url\":\"https:\/\/progettotouring.it\/radiotouring104\/wp-content\/uploads\/sites\/6\/2022\/02\/cropped-logo-radio-touring-104.png\",\"contentUrl\":\"https:\/\/progettotouring.it\/radiotouring104\/wp-content\/uploads\/sites\/6\/2022\/02\/cropped-logo-radio-touring-104.png\",\"width\":377,\"height\":182,\"caption\":\"Radio Touring 104\"},\"image\":{\"@id\":\"https:\/\/progettotouring.it\/radiotouring104\/#\/schema\/logo\/image\/\"}},{\"@type\":\"Person\",\"@id\":\"https:\/\/progettotouring.it\/radiotouring104\/#\/schema\/person\/1b3eb3c07c47136bc44c785c543e635f\",\"name\":\"redazione\",\"image\":{\"@type\":\"ImageObject\",\"inLanguage\":\"it-IT\",\"@id\":\"https:\/\/secure.gravatar.com\/avatar\/0b31605b49f100769e8b624b3e05de1b73e1692e9568a352f60f53fd072e6e11?s=96&d=mm&r=g\",\"url\":\"https:\/\/secure.gravatar.com\/avatar\/0b31605b49f100769e8b624b3e05de1b73e1692e9568a352f60f53fd072e6e11?s=96&d=mm&r=g\",\"contentUrl\":\"https:\/\/secure.gravatar.com\/avatar\/0b31605b49f100769e8b624b3e05de1b73e1692e9568a352f60f53fd072e6e11?s=96&d=mm&r=g\",\"caption\":\"redazione\"},\"url\":\"https:\/\/progettotouring.it\/radiotouring104\/author\/redazione\/\"}]}<\/script>\n<!-- \/ Yoast SEO plugin. -->","yoast_head_json":{"title":"Giornata Disabilit\u00e0: Falcomat\u00e0 al fianco di \"Agiduemila\" e \"Kiwanis\"","description":"\"Massimo sostegno ad ogni realt\u00e0 impegnata a promuovere una comunit\u00e0 pi\u00f9 inclusiva, accessibile\", ha dichiarato il Sindaco","robots":{"index":"index","follow":"follow","max-snippet":"max-snippet:-1","max-image-preview":"max-image-preview:large","max-video-preview":"max-video-preview:-1"},"canonical":"https:\/\/progettotouring.it\/radiotouring104\/2025\/12\/04\/giornata-della-disabilita-falcomata-al-fianco-di-agiduemila-e-kiwanis\/","og_locale":"it_IT","og_type":"article","og_title":"Giornata Disabilit\u00e0: Falcomat\u00e0 al fianco di \"Agiduemila\" e \"Kiwanis\"","og_description":"\"Massimo sostegno ad ogni realt\u00e0 impegnata a promuovere una comunit\u00e0 pi\u00f9 inclusiva, accessibile\", ha dichiarato il Sindaco","og_url":"https:\/\/progettotouring.it\/radiotouring104\/2025\/12\/04\/giornata-della-disabilita-falcomata-al-fianco-di-agiduemila-e-kiwanis\/","og_site_name":"Radio Touring 104","article_published_time":"2025-12-04T11:33:41+00:00","article_modified_time":"2025-12-04T11:55:04+00:00","og_image":[{"width":1600,"height":1066,"url":"https:\/\/progettotouring.it\/radiotouring104\/wp-content\/uploads\/sites\/6\/2025\/12\/AGIDUEMILA_Falcomata.jpeg","type":"image\/jpeg"}],"author":"redazione","twitter_card":"summary_large_image","twitter_misc":{"Scritto da":"redazione","Tempo di lettura stimato":"1 minuto"},"schema":{"@context":"https:\/\/schema.org","@graph":[{"@type":"Article","@id":"https:\/\/progettotouring.it\/radiotouring104\/2025\/12\/04\/giornata-della-disabilita-falcomata-al-fianco-di-agiduemila-e-kiwanis\/#article","isPartOf":{"@id":"https:\/\/progettotouring.it\/radiotouring104\/2025\/12\/04\/giornata-della-disabilita-falcomata-al-fianco-di-agiduemila-e-kiwanis\/"},"author":{"name":"redazione","@id":"https:\/\/progettotouring.it\/radiotouring104\/#\/schema\/person\/1b3eb3c07c47136bc44c785c543e635f"},"headline":"Giornata della Disabilit\u00e0: Falcomat\u00e0 al fianco di &#8220;Agiduemila&#8221; e &#8220;Kiwanis&#8221;","datePublished":"2025-12-04T11:33:41+00:00","dateModified":"2025-12-04T11:55:04+00:00","mainEntityOfPage":{"@id":"https:\/\/progettotouring.it\/radiotouring104\/2025\/12\/04\/giornata-della-disabilita-falcomata-al-fianco-di-agiduemila-e-kiwanis\/"},"wordCount":274,"publisher":{"@id":"https:\/\/progettotouring.it\/radiotouring104\/#organization"},"image":{"@id":"https:\/\/progettotouring.it\/radiotouring104\/2025\/12\/04\/giornata-della-disabilita-falcomata-al-fianco-di-agiduemila-e-kiwanis\/#primaryimage"},"thumbnailUrl":"https:\/\/progettotouring.it\/radiotouring104\/wp-content\/uploads\/sites\/6\/2025\/12\/AGIDUEMILA_Falcomata.jpeg","keywords":["'Assessore Carmelo Romeo","Agiduemila","Falcomat\u00e0 Giuseppe","Giornata Disabilit\u00e0","Kiwanis"],"articleSection":["Home","News","Reggio Calabria"],"inLanguage":"it-IT"},{"@type":"WebPage","@id":"https:\/\/progettotouring.it\/radiotouring104\/2025\/12\/04\/giornata-della-disabilita-falcomata-al-fianco-di-agiduemila-e-kiwanis\/","url":"https:\/\/progettotouring.it\/radiotouring104\/2025\/12\/04\/giornata-della-disabilita-falcomata-al-fianco-di-agiduemila-e-kiwanis\/","name":"Giornata Disabilit\u00e0: Falcomat\u00e0 al fianco di \"Agiduemila\" e \"Kiwanis\"","isPartOf":{"@id":"https:\/\/progettotouring.it\/radiotouring104\/#website"},"primaryImageOfPage":{"@id":"https:\/\/progettotouring.it\/radiotouring104\/2025\/12\/04\/giornata-della-disabilita-falcomata-al-fianco-di-agiduemila-e-kiwanis\/#primaryimage"},"image":{"@id":"https:\/\/progettotouring.it\/radiotouring104\/2025\/12\/04\/giornata-della-disabilita-falcomata-al-fianco-di-agiduemila-e-kiwanis\/#primaryimage"},"thumbnailUrl":"https:\/\/progettotouring.it\/radiotouring104\/wp-content\/uploads\/sites\/6\/2025\/12\/AGIDUEMILA_Falcomata.jpeg","datePublished":"2025-12-04T11:33:41+00:00","dateModified":"2025-12-04T11:55:04+00:00","description":"\"Massimo sostegno ad ogni realt\u00e0 impegnata a promuovere una comunit\u00e0 pi\u00f9 inclusiva, accessibile\", ha dichiarato il Sindaco","breadcrumb":{"@id":"https:\/\/progettotouring.it\/radiotouring104\/2025\/12\/04\/giornata-della-disabilita-falcomata-al-fianco-di-agiduemila-e-kiwanis\/#breadcrumb"},"inLanguage":"it-IT","potentialAction":[{"@type":"ReadAction","target":["https:\/\/progettotouring.it\/radiotouring104\/2025\/12\/04\/giornata-della-disabilita-falcomata-al-fianco-di-agiduemila-e-kiwanis\/"]}]},{"@type":"ImageObject","inLanguage":"it-IT","@id":"https:\/\/progettotouring.it\/radiotouring104\/2025\/12\/04\/giornata-della-disabilita-falcomata-al-fianco-di-agiduemila-e-kiwanis\/#primaryimage","url":"https:\/\/progettotouring.it\/radiotouring104\/wp-content\/uploads\/sites\/6\/2025\/12\/AGIDUEMILA_Falcomata.jpeg","contentUrl":"https:\/\/progettotouring.it\/radiotouring104\/wp-content\/uploads\/sites\/6\/2025\/12\/AGIDUEMILA_Falcomata.jpeg","width":1600,"height":1066},{"@type":"BreadcrumbList","@id":"https:\/\/progettotouring.it\/radiotouring104\/2025\/12\/04\/giornata-della-disabilita-falcomata-al-fianco-di-agiduemila-e-kiwanis\/#breadcrumb","itemListElement":[{"@type":"ListItem","position":1,"name":"Home","item":"https:\/\/progettotouring.it\/radiotouring104\/"},{"@type":"ListItem","position":2,"name":"Giornata della Disabilit\u00e0: Falcomat\u00e0 al fianco di &#8220;Agiduemila&#8221; e &#8220;Kiwanis&#8221;"}]},{"@type":"WebSite","@id":"https:\/\/progettotouring.it\/radiotouring104\/#website","url":"https:\/\/progettotouring.it\/radiotouring104\/","name":"Radio Touring 104","description":"La prima radio Reggina","publisher":{"@id":"https:\/\/progettotouring.it\/radiotouring104\/#organization"},"potentialAction":[{"@type":"SearchAction","target":{"@type":"EntryPoint","urlTemplate":"https:\/\/progettotouring.it\/radiotouring104\/?s={search_term_string}"},"query-input":{"@type":"PropertyValueSpecification","valueRequired":true,"valueName":"search_term_string"}}],"inLanguage":"it-IT"},{"@type":"Organization","@id":"https:\/\/progettotouring.it\/radiotouring104\/#organization","name":"Radio Touring 104","url":"https:\/\/progettotouring.it\/radiotouring104\/","logo":{"@type":"ImageObject","inLanguage":"it-IT","@id":"https:\/\/progettotouring.it\/radiotouring104\/#\/schema\/logo\/image\/","url":"https:\/\/progettotouring.it\/radiotouring104\/wp-content\/uploads\/sites\/6\/2022\/02\/cropped-logo-radio-touring-104.png","contentUrl":"https:\/\/progettotouring.it\/radiotouring104\/wp-content\/uploads\/sites\/6\/2022\/02\/cropped-logo-radio-touring-104.png","width":377,"height":182,"caption":"Radio Touring 104"},"image":{"@id":"https:\/\/progettotouring.it\/radiotouring104\/#\/schema\/logo\/image\/"}},{"@type":"Person","@id":"https:\/\/progettotouring.it\/radiotouring104\/#\/schema\/person\/1b3eb3c07c47136bc44c785c543e635f","name":"redazione","image":{"@type":"ImageObject","inLanguage":"it-IT","@id":"https:\/\/secure.gravatar.com\/avatar\/0b31605b49f100769e8b624b3e05de1b73e1692e9568a352f60f53fd072e6e11?s=96&d=mm&r=g","url":"https:\/\/secure.gravatar.com\/avatar\/0b31605b49f100769e8b624b3e05de1b73e1692e9568a352f60f53fd072e6e11?s=96&d=mm&r=g","contentUrl":"https:\/\/secure.gravatar.com\/avatar\/0b31605b49f100769e8b624b3e05de1b73e1692e9568a352f60f53fd072e6e11?s=96&d=mm&r=g","caption":"redazione"},"url":"https:\/\/progettotouring.it\/radiotouring104\/author\/redazione\/"}]}},"jetpack_publicize_connections":[],"jetpack_featured_media_url":"https:\/\/progettotouring.it\/radiotouring104\/wp-content\/uploads\/sites\/6\/2025\/12\/AGIDUEMILA_Falcomata.jpeg","jetpack_sharing_enabled":true,"_links":{"self":[{"href":"https:\/\/progettotouring.it\/radiotouring104\/wp-json\/wp\/v2\/posts\/86928","targetHints":{"allow":["GET"]}}],"collection":[{"href":"https:\/\/progettotouring.it\/radiotouring104\/wp-json\/wp\/v2\/posts"}],"about":[{"href":"https:\/\/progettotouring.it\/radiotouring104\/wp-json\/wp\/v2\/types\/post"}],"author":[{"embeddable":true,"href":"https:\/\/progettotouring.it\/radiotouring104\/wp-json\/wp\/v2\/users\/5"}],"replies":[{"embeddable":true,"href":"https:\/\/progettotouring.it\/radiotouring104\/wp-json\/wp\/v2\/comments?post=86928"}],"version-history":[{"count":1,"href":"https:\/\/progettotouring.it\/radiotouring104\/wp-json\/wp\/v2\/posts\/86928\/revisions"}],"predecessor-version":[{"id":86930,"href":"https:\/\/progettotouring.it\/radiotouring104\/wp-json\/wp\/v2\/posts\/86928\/revisions\/86930"}],"wp:featuredmedia":[{"embeddable":true,"href":"https:\/\/progettotouring.it\/radiotouring104\/wp-json\/wp\/v2\/media\/86929"}],"wp:attachment":[{"href":"https:\/\/progettotouring.it\/radiotouring104\/wp-json\/wp\/v2\/media?parent=86928"}],"wp:term":[{"taxonomy":"category","embeddable":true,"href":"https:\/\/progettotouring.it\/radiotouring104\/wp-json\/wp\/v2\/categories?post=86928"},{"taxonomy":"post_tag","embeddable":true,"href":"https:\/\/progettotouring.it\/radiotouring104\/wp-json\/wp\/v2\/tags?post=86928"}],"curies":[{"name":"wp","href":"https:\/\/api.w.org\/{rel}","templated":true}]}}