{"id":86931,"date":"2025-12-04T12:42:39","date_gmt":"2025-12-04T11:42:39","guid":{"rendered":"https:\/\/progettotouring.it\/radiotouring104\/?p=86931"},"modified":"2025-12-04T12:54:59","modified_gmt":"2025-12-04T11:54:59","slug":"reggio-scatta-la-protesta-sindacale-dei-lavoratori-del-gom-esclusi-dai-compensi-aggiuntivi","status":"publish","type":"post","link":"https:\/\/progettotouring.it\/radiotouring104\/2025\/12\/04\/reggio-scatta-la-protesta-sindacale-dei-lavoratori-del-gom-esclusi-dai-compensi-aggiuntivi\/","title":{"rendered":"Reggio: scatta la protesta sindacale dei lavoratori del GOM esclusi dai compensi aggiuntivi"},"content":{"rendered":"<p>Atto discriminatorio al GOM di Reggio Calabria negate le prestazioni aggiuntive a tutto il personale sanitario (infermieri \u2013 OSS \u2013 Tecnici) che usufruiscono dei benefici della legge 104\/92-<\/p>\n<p>&nbsp;<\/p>\n<p>Il Segretario Generale della CISL FP di Reggio Calabria Vincenzo Sera, dichiara: &#8220;Dietro ai numeri delle delibere di attivit\u00e0 e gestione del personale, ci sono volti, storie e fatiche quotidiane.<\/p>\n<p>&nbsp;<\/p>\n<p>\u00c8 un peso in pi\u00f9 quello che grava sulle spalle del personale sanitario del G.O.M. di Reggio Calabria che usufruisce dei permessi previsti dalla Legge 104\/1992.<\/p>\n<p>&nbsp;<\/p>\n<p>CISL FP, NURSIND e NURSING UP hanno alzato la voce contro un provvedimento amministrativo \u2013 la Delibera n. 1474 del 28.11.2025 \u2013 che, di fatto, esclude questi lavoratori dalle &#8220;prestazioni aggiuntive&#8221;. Un taglio economico che colpisce chi \u00e8 gi\u00e0 impegnato, anima e corpo, nell&#8217;assistenza di un familiare disabile o nella tutela della propria salute.<\/p>\n<p>&nbsp;<\/p>\n<p>Discriminatoria la posizione dell\u2019azienda. \u00c8 come punire chi si prende cura di un proprio caro.<\/p>\n<p>&nbsp;<\/p>\n<p>I permessi 104 non sono un privilegio o un incentivo, ma un diritto fondamentale riconosciuto dalla legge per garantire la dignit\u00e0 della persona e l&#8217;assistenza.<\/p>\n<p>&nbsp;<\/p>\n<p>Eppure, l\u2019Azienda, con un atto giudicato dai sindacati come &#8220;vago, non trasparente e potenzialmente illegittimo,&#8221; starebbe creando una discriminazione automatica. In sostanza: chi usa i giorni di permesso per assistere un genitore anziano, un figlio con disabilit\u00e0 o per le proprie terapie, viene messo d&#8217;ufficio in una categoria &#8220;inferiore&#8221;, perdendo l\u2019opportunit\u00e0 di una parte della retribuzione aggiuntiva.<\/p>\n<p>Discriminazione oltre il Contratto e le norme di riferimento in aggiunta alla copiosa giurisprudenza in merito.<\/p>\n<p>&nbsp;<\/p>\n<p>I sindacati lo dicono chiaramente: non esiste una sola riga nel CCNL 2022-2024 o in qualsiasi norma che possa giustificare questa scelta. Anzi, la delibera sembra ignorare il principio di non discriminazione che la Legge 104 intende proteggere.<\/p>\n<p>\u201cIl personale sanitario e del comparto tutto \u00e8 in prima linea, affronta turni massacranti e porta con s\u00e9 il peso di responsabilit\u00e0 familiari enormi. Escluderli dai benefici aggiuntivi \u00e8 un gesto che non solo mina il loro reddito, ma deprime profondamente il loro morale. \u00c8 un segnale sbagliato, un\u2019automatica discriminazione che non \u00e8 accettabile&#8221; .<\/p>\n<p>Dichiara il segretario generale della Cisl FP di Reggio Calabria Vincenzo Sera.<\/p>\n<p>Con le altre Organizzazioni Sindacali firmatarie della richiesta, non solo si\u00a0 chiedono carte e cavilli legali;\u00a0 \u00e8 stato chiesto un atto di responsabilit\u00e0 e umanit\u00e0 al Commissario Straordinario.<\/p>\n<p>Richieste chiare:<\/p>\n<p>Su quale base legale o contrattuale si fonda questa esclusione?<\/p>\n<p>Dare una spiegazione coerente:<\/p>\n<p>Motivare la scelta in linea con le norme sulla tutela della disabilit\u00e0.<\/p>\n<p>Pertanto, bisogna sospendere subito\u00a0 il provvedimento in attesa di un confronto formale e motivato.<\/p>\n<p>La battaglia non \u00e8 solo per una cifra in busta paga, ma per il rispetto di chi vive una realt\u00e0 complessa e non dovrebbe essere penalizzato per esercitare un proprio diritto fondamentale.&#8221;, conclude il segretario generale della CISL FP\u00a0 Vincenzo Sera<\/p>\n<p>&nbsp;<\/p>\n","protected":false},"excerpt":{"rendered":"<p>Atto discriminatorio al GOM di Reggio Calabria negate le prestazioni aggiuntive a tutto il personale sanitario (infermieri \u2013 OSS \u2013 Tecnici) che usufruiscono dei benefici della legge 104\/92- &nbsp; Il&hellip;<\/p>\n","protected":false},"author":5,"featured_media":38921,"comment_status":"closed","ping_status":"open","sticky":false,"template":"","format":"standard","meta":{"_jetpack_memberships_contains_paid_content":false,"footnotes":"","jetpack_publicize_message":"","jetpack_publicize_feature_enabled":true,"jetpack_social_post_already_shared":true,"jetpack_social_options":{"image_generator_settings":{"template":"highway","default_image_id":0,"font":"","enabled":false},"version":2}},"categories":[921,196,140],"tags":[7029,49325,43621,49324,40451],"class_list":["post-86931","post","type-post","status-publish","format-standard","has-post-thumbnail","hentry","category-home","category-news","category-reggio-calabria","tag-cisl-fp","tag-lavoratori-esclusi-dai-compensi-aggiuntivi","tag-nursing-up","tag-scatta-la-protesta-sindacale","tag-vincenzo-sera"],"yoast_head":"<!-- This site is optimized with the Yoast SEO plugin v27.2 - https:\/\/yoast.com\/product\/yoast-seo-wordpress\/ -->\n<title>Reggio: scatta la protesta sindacale dei lavoratori del GOM esclusi dai compensi aggiuntivi - Radio Touring 104<\/title>\n<meta name=\"description\" content=\"I Sindacati denunciano un atto discriminatorio verso il personale sanitario impegnato nell\u2019assistenza a familiari con disabilit\u00e0\" \/>\n<meta name=\"robots\" content=\"index, follow, max-snippet:-1, max-image-preview:large, max-video-preview:-1\" \/>\n<link rel=\"canonical\" href=\"https:\/\/progettotouring.it\/radiotouring104\/2025\/12\/04\/reggio-scatta-la-protesta-sindacale-dei-lavoratori-del-gom-esclusi-dai-compensi-aggiuntivi\/\" \/>\n<meta property=\"og:locale\" content=\"it_IT\" \/>\n<meta property=\"og:type\" content=\"article\" \/>\n<meta property=\"og:title\" content=\"Reggio: scatta la protesta sindacale dei lavoratori del GOM esclusi dai compensi aggiuntivi - Radio Touring 104\" \/>\n<meta property=\"og:description\" content=\"I Sindacati denunciano un atto discriminatorio verso il personale sanitario impegnato nell\u2019assistenza a familiari con disabilit\u00e0\" \/>\n<meta property=\"og:url\" content=\"https:\/\/progettotouring.it\/radiotouring104\/2025\/12\/04\/reggio-scatta-la-protesta-sindacale-dei-lavoratori-del-gom-esclusi-dai-compensi-aggiuntivi\/\" \/>\n<meta property=\"og:site_name\" content=\"Radio Touring 104\" \/>\n<meta property=\"article:published_time\" content=\"2025-12-04T11:42:39+00:00\" \/>\n<meta property=\"article:modified_time\" content=\"2025-12-04T11:54:59+00:00\" \/>\n<meta property=\"og:image\" content=\"https:\/\/progettotouring.it\/radiotouring104\/wp-content\/uploads\/sites\/6\/2023\/11\/GOM.jpg\" \/>\n\t<meta property=\"og:image:width\" content=\"1000\" \/>\n\t<meta property=\"og:image:height\" content=\"563\" \/>\n\t<meta property=\"og:image:type\" content=\"image\/jpeg\" \/>\n<meta name=\"author\" content=\"redazione\" \/>\n<meta name=\"twitter:card\" content=\"summary_large_image\" \/>\n<meta name=\"twitter:label1\" content=\"Scritto da\" \/>\n\t<meta name=\"twitter:data1\" content=\"redazione\" \/>\n\t<meta name=\"twitter:label2\" content=\"Tempo di lettura stimato\" \/>\n\t<meta name=\"twitter:data2\" content=\"2 minuti\" \/>\n<script type=\"application\/ld+json\" class=\"yoast-schema-graph\">{\"@context\":\"https:\/\/schema.org\",\"@graph\":[{\"@type\":\"Article\",\"@id\":\"https:\/\/progettotouring.it\/radiotouring104\/2025\/12\/04\/reggio-scatta-la-protesta-sindacale-dei-lavoratori-del-gom-esclusi-dai-compensi-aggiuntivi\/#article\",\"isPartOf\":{\"@id\":\"https:\/\/progettotouring.it\/radiotouring104\/2025\/12\/04\/reggio-scatta-la-protesta-sindacale-dei-lavoratori-del-gom-esclusi-dai-compensi-aggiuntivi\/\"},\"author\":{\"name\":\"redazione\",\"@id\":\"https:\/\/progettotouring.it\/radiotouring104\/#\/schema\/person\/1b3eb3c07c47136bc44c785c543e635f\"},\"headline\":\"Reggio: scatta la protesta sindacale dei lavoratori del GOM esclusi dai compensi aggiuntivi\",\"datePublished\":\"2025-12-04T11:42:39+00:00\",\"dateModified\":\"2025-12-04T11:54:59+00:00\",\"mainEntityOfPage\":{\"@id\":\"https:\/\/progettotouring.it\/radiotouring104\/2025\/12\/04\/reggio-scatta-la-protesta-sindacale-dei-lavoratori-del-gom-esclusi-dai-compensi-aggiuntivi\/\"},\"wordCount\":475,\"publisher\":{\"@id\":\"https:\/\/progettotouring.it\/radiotouring104\/#organization\"},\"image\":{\"@id\":\"https:\/\/progettotouring.it\/radiotouring104\/2025\/12\/04\/reggio-scatta-la-protesta-sindacale-dei-lavoratori-del-gom-esclusi-dai-compensi-aggiuntivi\/#primaryimage\"},\"thumbnailUrl\":\"https:\/\/progettotouring.it\/radiotouring104\/wp-content\/uploads\/sites\/6\/2023\/11\/GOM.jpg\",\"keywords\":[\"Cisl Fp\",\"lavoratori esclusi dai compensi aggiuntivi\",\"NURSING UP\",\"scatta la protesta sindacale\",\"Vincenzo Sera\"],\"articleSection\":[\"Home\",\"News\",\"Reggio Calabria\"],\"inLanguage\":\"it-IT\"},{\"@type\":\"WebPage\",\"@id\":\"https:\/\/progettotouring.it\/radiotouring104\/2025\/12\/04\/reggio-scatta-la-protesta-sindacale-dei-lavoratori-del-gom-esclusi-dai-compensi-aggiuntivi\/\",\"url\":\"https:\/\/progettotouring.it\/radiotouring104\/2025\/12\/04\/reggio-scatta-la-protesta-sindacale-dei-lavoratori-del-gom-esclusi-dai-compensi-aggiuntivi\/\",\"name\":\"Reggio: scatta la protesta sindacale dei lavoratori del GOM esclusi dai compensi aggiuntivi - Radio Touring 104\",\"isPartOf\":{\"@id\":\"https:\/\/progettotouring.it\/radiotouring104\/#website\"},\"primaryImageOfPage\":{\"@id\":\"https:\/\/progettotouring.it\/radiotouring104\/2025\/12\/04\/reggio-scatta-la-protesta-sindacale-dei-lavoratori-del-gom-esclusi-dai-compensi-aggiuntivi\/#primaryimage\"},\"image\":{\"@id\":\"https:\/\/progettotouring.it\/radiotouring104\/2025\/12\/04\/reggio-scatta-la-protesta-sindacale-dei-lavoratori-del-gom-esclusi-dai-compensi-aggiuntivi\/#primaryimage\"},\"thumbnailUrl\":\"https:\/\/progettotouring.it\/radiotouring104\/wp-content\/uploads\/sites\/6\/2023\/11\/GOM.jpg\",\"datePublished\":\"2025-12-04T11:42:39+00:00\",\"dateModified\":\"2025-12-04T11:54:59+00:00\",\"description\":\"I Sindacati denunciano un atto discriminatorio verso il personale sanitario impegnato nell\u2019assistenza a familiari con disabilit\u00e0\",\"breadcrumb\":{\"@id\":\"https:\/\/progettotouring.it\/radiotouring104\/2025\/12\/04\/reggio-scatta-la-protesta-sindacale-dei-lavoratori-del-gom-esclusi-dai-compensi-aggiuntivi\/#breadcrumb\"},\"inLanguage\":\"it-IT\",\"potentialAction\":[{\"@type\":\"ReadAction\",\"target\":[\"https:\/\/progettotouring.it\/radiotouring104\/2025\/12\/04\/reggio-scatta-la-protesta-sindacale-dei-lavoratori-del-gom-esclusi-dai-compensi-aggiuntivi\/\"]}]},{\"@type\":\"ImageObject\",\"inLanguage\":\"it-IT\",\"@id\":\"https:\/\/progettotouring.it\/radiotouring104\/2025\/12\/04\/reggio-scatta-la-protesta-sindacale-dei-lavoratori-del-gom-esclusi-dai-compensi-aggiuntivi\/#primaryimage\",\"url\":\"https:\/\/progettotouring.it\/radiotouring104\/wp-content\/uploads\/sites\/6\/2023\/11\/GOM.jpg\",\"contentUrl\":\"https:\/\/progettotouring.it\/radiotouring104\/wp-content\/uploads\/sites\/6\/2023\/11\/GOM.jpg\",\"width\":1000,\"height\":563},{\"@type\":\"BreadcrumbList\",\"@id\":\"https:\/\/progettotouring.it\/radiotouring104\/2025\/12\/04\/reggio-scatta-la-protesta-sindacale-dei-lavoratori-del-gom-esclusi-dai-compensi-aggiuntivi\/#breadcrumb\",\"itemListElement\":[{\"@type\":\"ListItem\",\"position\":1,\"name\":\"Home\",\"item\":\"https:\/\/progettotouring.it\/radiotouring104\/\"},{\"@type\":\"ListItem\",\"position\":2,\"name\":\"Reggio: scatta la protesta sindacale dei lavoratori del GOM esclusi dai compensi aggiuntivi\"}]},{\"@type\":\"WebSite\",\"@id\":\"https:\/\/progettotouring.it\/radiotouring104\/#website\",\"url\":\"https:\/\/progettotouring.it\/radiotouring104\/\",\"name\":\"Radio Touring 104\",\"description\":\"La prima radio Reggina\",\"publisher\":{\"@id\":\"https:\/\/progettotouring.it\/radiotouring104\/#organization\"},\"potentialAction\":[{\"@type\":\"SearchAction\",\"target\":{\"@type\":\"EntryPoint\",\"urlTemplate\":\"https:\/\/progettotouring.it\/radiotouring104\/?s={search_term_string}\"},\"query-input\":{\"@type\":\"PropertyValueSpecification\",\"valueRequired\":true,\"valueName\":\"search_term_string\"}}],\"inLanguage\":\"it-IT\"},{\"@type\":\"Organization\",\"@id\":\"https:\/\/progettotouring.it\/radiotouring104\/#organization\",\"name\":\"Radio Touring 104\",\"url\":\"https:\/\/progettotouring.it\/radiotouring104\/\",\"logo\":{\"@type\":\"ImageObject\",\"inLanguage\":\"it-IT\",\"@id\":\"https:\/\/progettotouring.it\/radiotouring104\/#\/schema\/logo\/image\/\",\"url\":\"https:\/\/progettotouring.it\/radiotouring104\/wp-content\/uploads\/sites\/6\/2022\/02\/cropped-logo-radio-touring-104.png\",\"contentUrl\":\"https:\/\/progettotouring.it\/radiotouring104\/wp-content\/uploads\/sites\/6\/2022\/02\/cropped-logo-radio-touring-104.png\",\"width\":377,\"height\":182,\"caption\":\"Radio Touring 104\"},\"image\":{\"@id\":\"https:\/\/progettotouring.it\/radiotouring104\/#\/schema\/logo\/image\/\"}},{\"@type\":\"Person\",\"@id\":\"https:\/\/progettotouring.it\/radiotouring104\/#\/schema\/person\/1b3eb3c07c47136bc44c785c543e635f\",\"name\":\"redazione\",\"image\":{\"@type\":\"ImageObject\",\"inLanguage\":\"it-IT\",\"@id\":\"https:\/\/secure.gravatar.com\/avatar\/0b31605b49f100769e8b624b3e05de1b73e1692e9568a352f60f53fd072e6e11?s=96&d=mm&r=g\",\"url\":\"https:\/\/secure.gravatar.com\/avatar\/0b31605b49f100769e8b624b3e05de1b73e1692e9568a352f60f53fd072e6e11?s=96&d=mm&r=g\",\"contentUrl\":\"https:\/\/secure.gravatar.com\/avatar\/0b31605b49f100769e8b624b3e05de1b73e1692e9568a352f60f53fd072e6e11?s=96&d=mm&r=g\",\"caption\":\"redazione\"},\"url\":\"https:\/\/progettotouring.it\/radiotouring104\/author\/redazione\/\"}]}<\/script>\n<!-- \/ Yoast SEO plugin. -->","yoast_head_json":{"title":"Reggio: scatta la protesta sindacale dei lavoratori del GOM esclusi dai compensi aggiuntivi - Radio Touring 104","description":"I Sindacati denunciano un atto discriminatorio verso il personale sanitario impegnato nell\u2019assistenza a familiari con disabilit\u00e0","robots":{"index":"index","follow":"follow","max-snippet":"max-snippet:-1","max-image-preview":"max-image-preview:large","max-video-preview":"max-video-preview:-1"},"canonical":"https:\/\/progettotouring.it\/radiotouring104\/2025\/12\/04\/reggio-scatta-la-protesta-sindacale-dei-lavoratori-del-gom-esclusi-dai-compensi-aggiuntivi\/","og_locale":"it_IT","og_type":"article","og_title":"Reggio: scatta la protesta sindacale dei lavoratori del GOM esclusi dai compensi aggiuntivi - Radio Touring 104","og_description":"I Sindacati denunciano un atto discriminatorio verso il personale sanitario impegnato nell\u2019assistenza a familiari con disabilit\u00e0","og_url":"https:\/\/progettotouring.it\/radiotouring104\/2025\/12\/04\/reggio-scatta-la-protesta-sindacale-dei-lavoratori-del-gom-esclusi-dai-compensi-aggiuntivi\/","og_site_name":"Radio Touring 104","article_published_time":"2025-12-04T11:42:39+00:00","article_modified_time":"2025-12-04T11:54:59+00:00","og_image":[{"width":1000,"height":563,"url":"https:\/\/progettotouring.it\/radiotouring104\/wp-content\/uploads\/sites\/6\/2023\/11\/GOM.jpg","type":"image\/jpeg"}],"author":"redazione","twitter_card":"summary_large_image","twitter_misc":{"Scritto da":"redazione","Tempo di lettura stimato":"2 minuti"},"schema":{"@context":"https:\/\/schema.org","@graph":[{"@type":"Article","@id":"https:\/\/progettotouring.it\/radiotouring104\/2025\/12\/04\/reggio-scatta-la-protesta-sindacale-dei-lavoratori-del-gom-esclusi-dai-compensi-aggiuntivi\/#article","isPartOf":{"@id":"https:\/\/progettotouring.it\/radiotouring104\/2025\/12\/04\/reggio-scatta-la-protesta-sindacale-dei-lavoratori-del-gom-esclusi-dai-compensi-aggiuntivi\/"},"author":{"name":"redazione","@id":"https:\/\/progettotouring.it\/radiotouring104\/#\/schema\/person\/1b3eb3c07c47136bc44c785c543e635f"},"headline":"Reggio: scatta la protesta sindacale dei lavoratori del GOM esclusi dai compensi aggiuntivi","datePublished":"2025-12-04T11:42:39+00:00","dateModified":"2025-12-04T11:54:59+00:00","mainEntityOfPage":{"@id":"https:\/\/progettotouring.it\/radiotouring104\/2025\/12\/04\/reggio-scatta-la-protesta-sindacale-dei-lavoratori-del-gom-esclusi-dai-compensi-aggiuntivi\/"},"wordCount":475,"publisher":{"@id":"https:\/\/progettotouring.it\/radiotouring104\/#organization"},"image":{"@id":"https:\/\/progettotouring.it\/radiotouring104\/2025\/12\/04\/reggio-scatta-la-protesta-sindacale-dei-lavoratori-del-gom-esclusi-dai-compensi-aggiuntivi\/#primaryimage"},"thumbnailUrl":"https:\/\/progettotouring.it\/radiotouring104\/wp-content\/uploads\/sites\/6\/2023\/11\/GOM.jpg","keywords":["Cisl Fp","lavoratori esclusi dai compensi aggiuntivi","NURSING UP","scatta la protesta sindacale","Vincenzo Sera"],"articleSection":["Home","News","Reggio Calabria"],"inLanguage":"it-IT"},{"@type":"WebPage","@id":"https:\/\/progettotouring.it\/radiotouring104\/2025\/12\/04\/reggio-scatta-la-protesta-sindacale-dei-lavoratori-del-gom-esclusi-dai-compensi-aggiuntivi\/","url":"https:\/\/progettotouring.it\/radiotouring104\/2025\/12\/04\/reggio-scatta-la-protesta-sindacale-dei-lavoratori-del-gom-esclusi-dai-compensi-aggiuntivi\/","name":"Reggio: scatta la protesta sindacale dei lavoratori del GOM esclusi dai compensi aggiuntivi - Radio Touring 104","isPartOf":{"@id":"https:\/\/progettotouring.it\/radiotouring104\/#website"},"primaryImageOfPage":{"@id":"https:\/\/progettotouring.it\/radiotouring104\/2025\/12\/04\/reggio-scatta-la-protesta-sindacale-dei-lavoratori-del-gom-esclusi-dai-compensi-aggiuntivi\/#primaryimage"},"image":{"@id":"https:\/\/progettotouring.it\/radiotouring104\/2025\/12\/04\/reggio-scatta-la-protesta-sindacale-dei-lavoratori-del-gom-esclusi-dai-compensi-aggiuntivi\/#primaryimage"},"thumbnailUrl":"https:\/\/progettotouring.it\/radiotouring104\/wp-content\/uploads\/sites\/6\/2023\/11\/GOM.jpg","datePublished":"2025-12-04T11:42:39+00:00","dateModified":"2025-12-04T11:54:59+00:00","description":"I Sindacati denunciano un atto discriminatorio verso il personale sanitario impegnato nell\u2019assistenza a familiari con disabilit\u00e0","breadcrumb":{"@id":"https:\/\/progettotouring.it\/radiotouring104\/2025\/12\/04\/reggio-scatta-la-protesta-sindacale-dei-lavoratori-del-gom-esclusi-dai-compensi-aggiuntivi\/#breadcrumb"},"inLanguage":"it-IT","potentialAction":[{"@type":"ReadAction","target":["https:\/\/progettotouring.it\/radiotouring104\/2025\/12\/04\/reggio-scatta-la-protesta-sindacale-dei-lavoratori-del-gom-esclusi-dai-compensi-aggiuntivi\/"]}]},{"@type":"ImageObject","inLanguage":"it-IT","@id":"https:\/\/progettotouring.it\/radiotouring104\/2025\/12\/04\/reggio-scatta-la-protesta-sindacale-dei-lavoratori-del-gom-esclusi-dai-compensi-aggiuntivi\/#primaryimage","url":"https:\/\/progettotouring.it\/radiotouring104\/wp-content\/uploads\/sites\/6\/2023\/11\/GOM.jpg","contentUrl":"https:\/\/progettotouring.it\/radiotouring104\/wp-content\/uploads\/sites\/6\/2023\/11\/GOM.jpg","width":1000,"height":563},{"@type":"BreadcrumbList","@id":"https:\/\/progettotouring.it\/radiotouring104\/2025\/12\/04\/reggio-scatta-la-protesta-sindacale-dei-lavoratori-del-gom-esclusi-dai-compensi-aggiuntivi\/#breadcrumb","itemListElement":[{"@type":"ListItem","position":1,"name":"Home","item":"https:\/\/progettotouring.it\/radiotouring104\/"},{"@type":"ListItem","position":2,"name":"Reggio: scatta la protesta sindacale dei lavoratori del GOM esclusi dai compensi aggiuntivi"}]},{"@type":"WebSite","@id":"https:\/\/progettotouring.it\/radiotouring104\/#website","url":"https:\/\/progettotouring.it\/radiotouring104\/","name":"Radio Touring 104","description":"La prima radio Reggina","publisher":{"@id":"https:\/\/progettotouring.it\/radiotouring104\/#organization"},"potentialAction":[{"@type":"SearchAction","target":{"@type":"EntryPoint","urlTemplate":"https:\/\/progettotouring.it\/radiotouring104\/?s={search_term_string}"},"query-input":{"@type":"PropertyValueSpecification","valueRequired":true,"valueName":"search_term_string"}}],"inLanguage":"it-IT"},{"@type":"Organization","@id":"https:\/\/progettotouring.it\/radiotouring104\/#organization","name":"Radio Touring 104","url":"https:\/\/progettotouring.it\/radiotouring104\/","logo":{"@type":"ImageObject","inLanguage":"it-IT","@id":"https:\/\/progettotouring.it\/radiotouring104\/#\/schema\/logo\/image\/","url":"https:\/\/progettotouring.it\/radiotouring104\/wp-content\/uploads\/sites\/6\/2022\/02\/cropped-logo-radio-touring-104.png","contentUrl":"https:\/\/progettotouring.it\/radiotouring104\/wp-content\/uploads\/sites\/6\/2022\/02\/cropped-logo-radio-touring-104.png","width":377,"height":182,"caption":"Radio Touring 104"},"image":{"@id":"https:\/\/progettotouring.it\/radiotouring104\/#\/schema\/logo\/image\/"}},{"@type":"Person","@id":"https:\/\/progettotouring.it\/radiotouring104\/#\/schema\/person\/1b3eb3c07c47136bc44c785c543e635f","name":"redazione","image":{"@type":"ImageObject","inLanguage":"it-IT","@id":"https:\/\/secure.gravatar.com\/avatar\/0b31605b49f100769e8b624b3e05de1b73e1692e9568a352f60f53fd072e6e11?s=96&d=mm&r=g","url":"https:\/\/secure.gravatar.com\/avatar\/0b31605b49f100769e8b624b3e05de1b73e1692e9568a352f60f53fd072e6e11?s=96&d=mm&r=g","contentUrl":"https:\/\/secure.gravatar.com\/avatar\/0b31605b49f100769e8b624b3e05de1b73e1692e9568a352f60f53fd072e6e11?s=96&d=mm&r=g","caption":"redazione"},"url":"https:\/\/progettotouring.it\/radiotouring104\/author\/redazione\/"}]}},"jetpack_publicize_connections":[],"jetpack_featured_media_url":"https:\/\/progettotouring.it\/radiotouring104\/wp-content\/uploads\/sites\/6\/2023\/11\/GOM.jpg","jetpack_sharing_enabled":true,"_links":{"self":[{"href":"https:\/\/progettotouring.it\/radiotouring104\/wp-json\/wp\/v2\/posts\/86931","targetHints":{"allow":["GET"]}}],"collection":[{"href":"https:\/\/progettotouring.it\/radiotouring104\/wp-json\/wp\/v2\/posts"}],"about":[{"href":"https:\/\/progettotouring.it\/radiotouring104\/wp-json\/wp\/v2\/types\/post"}],"author":[{"embeddable":true,"href":"https:\/\/progettotouring.it\/radiotouring104\/wp-json\/wp\/v2\/users\/5"}],"replies":[{"embeddable":true,"href":"https:\/\/progettotouring.it\/radiotouring104\/wp-json\/wp\/v2\/comments?post=86931"}],"version-history":[{"count":1,"href":"https:\/\/progettotouring.it\/radiotouring104\/wp-json\/wp\/v2\/posts\/86931\/revisions"}],"predecessor-version":[{"id":86932,"href":"https:\/\/progettotouring.it\/radiotouring104\/wp-json\/wp\/v2\/posts\/86931\/revisions\/86932"}],"wp:featuredmedia":[{"embeddable":true,"href":"https:\/\/progettotouring.it\/radiotouring104\/wp-json\/wp\/v2\/media\/38921"}],"wp:attachment":[{"href":"https:\/\/progettotouring.it\/radiotouring104\/wp-json\/wp\/v2\/media?parent=86931"}],"wp:term":[{"taxonomy":"category","embeddable":true,"href":"https:\/\/progettotouring.it\/radiotouring104\/wp-json\/wp\/v2\/categories?post=86931"},{"taxonomy":"post_tag","embeddable":true,"href":"https:\/\/progettotouring.it\/radiotouring104\/wp-json\/wp\/v2\/tags?post=86931"}],"curies":[{"name":"wp","href":"https:\/\/api.w.org\/{rel}","templated":true}]}}