{"id":86939,"date":"2025-12-04T12:52:13","date_gmt":"2025-12-04T11:52:13","guid":{"rendered":"https:\/\/progettotouring.it\/radiotouring104\/?p=86939"},"modified":"2025-12-04T12:54:55","modified_gmt":"2025-12-04T11:54:55","slug":"giornata-della-disabilita-al-castello-aragonese-il-seminario-di-formazione-includere-progettando-dalluniversal-design-al-progetto-di-vita","status":"publish","type":"post","link":"https:\/\/progettotouring.it\/radiotouring104\/2025\/12\/04\/giornata-della-disabilita-al-castello-aragonese-il-seminario-di-formazione-includere-progettando-dalluniversal-design-al-progetto-di-vita\/","title":{"rendered":"Giornata della Disabilit\u00e0: Al Castello Aragonese il seminario di formazione \u201cIncludere progettando: dall\u2019universal design al progetto di vita\u201d"},"content":{"rendered":"<p>In occasione della \u201cGiornata internazionale delle persone con disabilit\u00e0\u201d, il castello Aragonese ha ospitato il seminario di formazione \u201cIncludere progettando: dall\u2019universal design al progetto di vita\u201d, promosso dall\u2019istituto comprensivo \u201cCarducci -V. da Feltre\u201d in partenariato con il Comune di Reggio Calabria. In rappresentanza dell&#8217;Amministrazione comunale c&#8217;erano l&#8217;assessore al Welfare Lucia Nucera, l&#8217;assessore all&#8217;Istruzione, Universit\u00e0 e Pari Opportunit\u00e0, Annamaria Curatola e l&#8217;assessore alla Cultura, Mary Caracciolo. L&#8217;incontro si \u00e8 aperto con l&#8217;esecuzione dell\u2019Inno di Mameli in LIS da parte delle bambine e dei bambini della scuola primaria. Un gesto che ha subito posto al centro il tema della pluralit\u00e0 dei linguaggi e del diritto di ciascuno a essere accolto e riconosciuto.<\/p>\n<p>Nell\u2019introduzione ai lavori, la dirigente scolastica Sonia Barberi ha richiamato la responsabilit\u00e0 educativa della scuola come spazio quotidiano di cura pedagogica e come luogo in cui l\u2019inclusione deve tradursi in pratiche concrete, radicate nella collaborazione tra famiglie, docenti e servizi del territorio.<\/p>\n<p>La presenza dell\u2019Amministrazione comunale ha dato forza a questa visione condivisa. Nel suo intervento l&#8217;assessore Curatola ha guidato una riflessione approfondita sull\u2019Universal Design for Learning, sul valore della progettazione anticipatoria e sulla funzione del PEI come strumento orientato al Progetto di Vita. L\u2019assessore Caracciolo ha evidenziato come i luoghi e le esperienze culturali possano diventare spazi di accessibilit\u00e0 e partecipazione, capaci di abbattere barriere non solo fisiche, ma anche simboliche.<\/p>\n<p>L\u2019assessore Nucera, nel ricordare che il Comune ha mandato avanti oltre 100 progetti di vita, ha riportato l\u2019attenzione sulle politiche sociali e sulle reti di prossimit\u00e0 che sostengono famiglie e persone con disabilit\u00e0, sottolineando la necessit\u00e0 di interventi coordinati e continuativi. Relazioni differenti ma convergenti nella visione che hanno contribuito a definire l\u2019inclusione come un progetto politico, pedagogico e comunitario che non si esaurisce nelle mura della scuola ma attraversa l\u2019intera vita cittadina.<\/p>\n<p>Il seminario \u00e8 stato ulteriormente arricchito dall\u2019intervento di Massimiliano Lo Iacono, dell\u2019Universit\u00e0 Mediterranea che ha illustrato il potenziale delle tecnologie digitali nel rendere l\u2019apprendimento pi\u00f9 attrattivo e accessibile, mostrando come l\u2019innovazione possa diventare un ponte verso nuove forme di partecipazione attiva.<\/p>\n<p>Gli interventi, moderati dalla docente Caterina Cal\u00ec, si sono intrecciati dando vita a un dialogo unitario, capace di restituire la complessit\u00e0 dell\u2019inclusione senza frammentarne il senso. La partecipazione viva di docenti, famiglie, studentesse, studenti della Mediterranea e della cittadinanza ha reso evidente quanto questo tema sia sentito e quanto la citt\u00e0 desideri essere protagonista di un cambiamento reale.<\/p>\n","protected":false},"excerpt":{"rendered":"<p>In occasione della \u201cGiornata internazionale delle persone con disabilit\u00e0\u201d, il castello Aragonese ha ospitato il seminario di formazione \u201cIncludere progettando: dall\u2019universal design al progetto di vita\u201d, promosso dall\u2019istituto comprensivo \u201cCarducci&hellip;<\/p>\n","protected":false},"author":5,"featured_media":0,"comment_status":"closed","ping_status":"open","sticky":false,"template":"","format":"standard","meta":{"_jetpack_memberships_contains_paid_content":false,"footnotes":"","jetpack_publicize_message":"","jetpack_publicize_feature_enabled":true,"jetpack_social_post_already_shared":true,"jetpack_social_options":{"image_generator_settings":{"template":"highway","default_image_id":0,"font":"","enabled":false},"version":2}},"categories":[921,196,140],"tags":[2759,1090,25072,1456,49328,49327,49326],"class_list":["post-86939","post","type-post","status-publish","format-standard","hentry","category-home","category-news","category-reggio-calabria","tag-annamaria-curatola","tag-castello-aragonese","tag-giornata-della-disabilita","tag-lucia-nucera","tag-mary-carcciolo","tag-ncludere-progettando-dalluniversal-design-al-progetto-di-vita","tag-seminario-di-formazione"],"yoast_head":"<!-- This site is optimized with the Yoast SEO plugin v27.2 - https:\/\/yoast.com\/product\/yoast-seo-wordpress\/ -->\n<title>Giornata della Disabilit\u00e0: Al Castello Aragonese il seminario di formazione \u201cIncludere progettando: dall\u2019universal design al progetto di vita\u201d - Radio Touring 104<\/title>\n<meta name=\"description\" content=\"\u00abL&#039;inclusione come un progetto politico, pedagogico e comunitario\u00bb, dichirano Caracciolo, Nucera e Curatola\" \/>\n<meta name=\"robots\" content=\"index, follow, max-snippet:-1, max-image-preview:large, max-video-preview:-1\" \/>\n<link rel=\"canonical\" href=\"https:\/\/progettotouring.it\/radiotouring104\/2025\/12\/04\/giornata-della-disabilita-al-castello-aragonese-il-seminario-di-formazione-includere-progettando-dalluniversal-design-al-progetto-di-vita\/\" \/>\n<meta property=\"og:locale\" content=\"it_IT\" \/>\n<meta property=\"og:type\" content=\"article\" \/>\n<meta property=\"og:title\" content=\"Giornata della Disabilit\u00e0: Al Castello Aragonese il seminario di formazione \u201cIncludere progettando: dall\u2019universal design al progetto di vita\u201d - Radio Touring 104\" \/>\n<meta property=\"og:description\" content=\"\u00abL&#039;inclusione come un progetto politico, pedagogico e comunitario\u00bb, dichirano Caracciolo, Nucera e Curatola\" \/>\n<meta property=\"og:url\" content=\"https:\/\/progettotouring.it\/radiotouring104\/2025\/12\/04\/giornata-della-disabilita-al-castello-aragonese-il-seminario-di-formazione-includere-progettando-dalluniversal-design-al-progetto-di-vita\/\" \/>\n<meta property=\"og:site_name\" content=\"Radio Touring 104\" \/>\n<meta property=\"article:published_time\" content=\"2025-12-04T11:52:13+00:00\" \/>\n<meta property=\"article:modified_time\" content=\"2025-12-04T11:54:55+00:00\" \/>\n<meta name=\"author\" content=\"redazione\" \/>\n<meta name=\"twitter:card\" content=\"summary_large_image\" \/>\n<meta name=\"twitter:label1\" content=\"Scritto da\" \/>\n\t<meta name=\"twitter:data1\" content=\"redazione\" \/>\n\t<meta name=\"twitter:label2\" content=\"Tempo di lettura stimato\" \/>\n\t<meta name=\"twitter:data2\" content=\"2 minuti\" \/>\n<script type=\"application\/ld+json\" class=\"yoast-schema-graph\">{\"@context\":\"https:\/\/schema.org\",\"@graph\":[{\"@type\":\"Article\",\"@id\":\"https:\/\/progettotouring.it\/radiotouring104\/2025\/12\/04\/giornata-della-disabilita-al-castello-aragonese-il-seminario-di-formazione-includere-progettando-dalluniversal-design-al-progetto-di-vita\/#article\",\"isPartOf\":{\"@id\":\"https:\/\/progettotouring.it\/radiotouring104\/2025\/12\/04\/giornata-della-disabilita-al-castello-aragonese-il-seminario-di-formazione-includere-progettando-dalluniversal-design-al-progetto-di-vita\/\"},\"author\":{\"name\":\"redazione\",\"@id\":\"https:\/\/progettotouring.it\/radiotouring104\/#\/schema\/person\/1b3eb3c07c47136bc44c785c543e635f\"},\"headline\":\"Giornata della Disabilit\u00e0: Al Castello Aragonese il seminario di formazione \u201cIncludere progettando: dall\u2019universal design al progetto di vita\u201d\",\"datePublished\":\"2025-12-04T11:52:13+00:00\",\"dateModified\":\"2025-12-04T11:54:55+00:00\",\"mainEntityOfPage\":{\"@id\":\"https:\/\/progettotouring.it\/radiotouring104\/2025\/12\/04\/giornata-della-disabilita-al-castello-aragonese-il-seminario-di-formazione-includere-progettando-dalluniversal-design-al-progetto-di-vita\/\"},\"wordCount\":427,\"publisher\":{\"@id\":\"https:\/\/progettotouring.it\/radiotouring104\/#organization\"},\"keywords\":[\"annamaria curatola\",\"Castello Aragonese\",\"Giornata della Disabilit\u00e0\",\"lucia nucera\",\"Mary Carcciolo\",\"ncludere progettando: dall\u2019universal design al progetto di vita\",\"seminario di formazione\"],\"articleSection\":[\"Home\",\"News\",\"Reggio Calabria\"],\"inLanguage\":\"it-IT\"},{\"@type\":\"WebPage\",\"@id\":\"https:\/\/progettotouring.it\/radiotouring104\/2025\/12\/04\/giornata-della-disabilita-al-castello-aragonese-il-seminario-di-formazione-includere-progettando-dalluniversal-design-al-progetto-di-vita\/\",\"url\":\"https:\/\/progettotouring.it\/radiotouring104\/2025\/12\/04\/giornata-della-disabilita-al-castello-aragonese-il-seminario-di-formazione-includere-progettando-dalluniversal-design-al-progetto-di-vita\/\",\"name\":\"Giornata della Disabilit\u00e0: Al Castello Aragonese il seminario di formazione \u201cIncludere progettando: dall\u2019universal design al progetto di vita\u201d - Radio Touring 104\",\"isPartOf\":{\"@id\":\"https:\/\/progettotouring.it\/radiotouring104\/#website\"},\"datePublished\":\"2025-12-04T11:52:13+00:00\",\"dateModified\":\"2025-12-04T11:54:55+00:00\",\"description\":\"\u00abL'inclusione come un progetto politico, pedagogico e comunitario\u00bb, dichirano Caracciolo, Nucera e Curatola\",\"breadcrumb\":{\"@id\":\"https:\/\/progettotouring.it\/radiotouring104\/2025\/12\/04\/giornata-della-disabilita-al-castello-aragonese-il-seminario-di-formazione-includere-progettando-dalluniversal-design-al-progetto-di-vita\/#breadcrumb\"},\"inLanguage\":\"it-IT\",\"potentialAction\":[{\"@type\":\"ReadAction\",\"target\":[\"https:\/\/progettotouring.it\/radiotouring104\/2025\/12\/04\/giornata-della-disabilita-al-castello-aragonese-il-seminario-di-formazione-includere-progettando-dalluniversal-design-al-progetto-di-vita\/\"]}]},{\"@type\":\"BreadcrumbList\",\"@id\":\"https:\/\/progettotouring.it\/radiotouring104\/2025\/12\/04\/giornata-della-disabilita-al-castello-aragonese-il-seminario-di-formazione-includere-progettando-dalluniversal-design-al-progetto-di-vita\/#breadcrumb\",\"itemListElement\":[{\"@type\":\"ListItem\",\"position\":1,\"name\":\"Home\",\"item\":\"https:\/\/progettotouring.it\/radiotouring104\/\"},{\"@type\":\"ListItem\",\"position\":2,\"name\":\"Giornata della Disabilit\u00e0: Al Castello Aragonese il seminario di formazione \u201cIncludere progettando: dall\u2019universal design al progetto di vita\u201d\"}]},{\"@type\":\"WebSite\",\"@id\":\"https:\/\/progettotouring.it\/radiotouring104\/#website\",\"url\":\"https:\/\/progettotouring.it\/radiotouring104\/\",\"name\":\"Radio Touring 104\",\"description\":\"La prima radio Reggina\",\"publisher\":{\"@id\":\"https:\/\/progettotouring.it\/radiotouring104\/#organization\"},\"potentialAction\":[{\"@type\":\"SearchAction\",\"target\":{\"@type\":\"EntryPoint\",\"urlTemplate\":\"https:\/\/progettotouring.it\/radiotouring104\/?s={search_term_string}\"},\"query-input\":{\"@type\":\"PropertyValueSpecification\",\"valueRequired\":true,\"valueName\":\"search_term_string\"}}],\"inLanguage\":\"it-IT\"},{\"@type\":\"Organization\",\"@id\":\"https:\/\/progettotouring.it\/radiotouring104\/#organization\",\"name\":\"Radio Touring 104\",\"url\":\"https:\/\/progettotouring.it\/radiotouring104\/\",\"logo\":{\"@type\":\"ImageObject\",\"inLanguage\":\"it-IT\",\"@id\":\"https:\/\/progettotouring.it\/radiotouring104\/#\/schema\/logo\/image\/\",\"url\":\"https:\/\/progettotouring.it\/radiotouring104\/wp-content\/uploads\/sites\/6\/2022\/02\/cropped-logo-radio-touring-104.png\",\"contentUrl\":\"https:\/\/progettotouring.it\/radiotouring104\/wp-content\/uploads\/sites\/6\/2022\/02\/cropped-logo-radio-touring-104.png\",\"width\":377,\"height\":182,\"caption\":\"Radio Touring 104\"},\"image\":{\"@id\":\"https:\/\/progettotouring.it\/radiotouring104\/#\/schema\/logo\/image\/\"}},{\"@type\":\"Person\",\"@id\":\"https:\/\/progettotouring.it\/radiotouring104\/#\/schema\/person\/1b3eb3c07c47136bc44c785c543e635f\",\"name\":\"redazione\",\"image\":{\"@type\":\"ImageObject\",\"inLanguage\":\"it-IT\",\"@id\":\"https:\/\/secure.gravatar.com\/avatar\/0b31605b49f100769e8b624b3e05de1b73e1692e9568a352f60f53fd072e6e11?s=96&d=mm&r=g\",\"url\":\"https:\/\/secure.gravatar.com\/avatar\/0b31605b49f100769e8b624b3e05de1b73e1692e9568a352f60f53fd072e6e11?s=96&d=mm&r=g\",\"contentUrl\":\"https:\/\/secure.gravatar.com\/avatar\/0b31605b49f100769e8b624b3e05de1b73e1692e9568a352f60f53fd072e6e11?s=96&d=mm&r=g\",\"caption\":\"redazione\"},\"url\":\"https:\/\/progettotouring.it\/radiotouring104\/author\/redazione\/\"}]}<\/script>\n<!-- \/ Yoast SEO plugin. -->","yoast_head_json":{"title":"Giornata della Disabilit\u00e0: Al Castello Aragonese il seminario di formazione \u201cIncludere progettando: dall\u2019universal design al progetto di vita\u201d - Radio Touring 104","description":"\u00abL'inclusione come un progetto politico, pedagogico e comunitario\u00bb, dichirano Caracciolo, Nucera e Curatola","robots":{"index":"index","follow":"follow","max-snippet":"max-snippet:-1","max-image-preview":"max-image-preview:large","max-video-preview":"max-video-preview:-1"},"canonical":"https:\/\/progettotouring.it\/radiotouring104\/2025\/12\/04\/giornata-della-disabilita-al-castello-aragonese-il-seminario-di-formazione-includere-progettando-dalluniversal-design-al-progetto-di-vita\/","og_locale":"it_IT","og_type":"article","og_title":"Giornata della Disabilit\u00e0: Al Castello Aragonese il seminario di formazione \u201cIncludere progettando: dall\u2019universal design al progetto di vita\u201d - Radio Touring 104","og_description":"\u00abL'inclusione come un progetto politico, pedagogico e comunitario\u00bb, dichirano Caracciolo, Nucera e Curatola","og_url":"https:\/\/progettotouring.it\/radiotouring104\/2025\/12\/04\/giornata-della-disabilita-al-castello-aragonese-il-seminario-di-formazione-includere-progettando-dalluniversal-design-al-progetto-di-vita\/","og_site_name":"Radio Touring 104","article_published_time":"2025-12-04T11:52:13+00:00","article_modified_time":"2025-12-04T11:54:55+00:00","author":"redazione","twitter_card":"summary_large_image","twitter_misc":{"Scritto da":"redazione","Tempo di lettura stimato":"2 minuti"},"schema":{"@context":"https:\/\/schema.org","@graph":[{"@type":"Article","@id":"https:\/\/progettotouring.it\/radiotouring104\/2025\/12\/04\/giornata-della-disabilita-al-castello-aragonese-il-seminario-di-formazione-includere-progettando-dalluniversal-design-al-progetto-di-vita\/#article","isPartOf":{"@id":"https:\/\/progettotouring.it\/radiotouring104\/2025\/12\/04\/giornata-della-disabilita-al-castello-aragonese-il-seminario-di-formazione-includere-progettando-dalluniversal-design-al-progetto-di-vita\/"},"author":{"name":"redazione","@id":"https:\/\/progettotouring.it\/radiotouring104\/#\/schema\/person\/1b3eb3c07c47136bc44c785c543e635f"},"headline":"Giornata della Disabilit\u00e0: Al Castello Aragonese il seminario di formazione \u201cIncludere progettando: dall\u2019universal design al progetto di vita\u201d","datePublished":"2025-12-04T11:52:13+00:00","dateModified":"2025-12-04T11:54:55+00:00","mainEntityOfPage":{"@id":"https:\/\/progettotouring.it\/radiotouring104\/2025\/12\/04\/giornata-della-disabilita-al-castello-aragonese-il-seminario-di-formazione-includere-progettando-dalluniversal-design-al-progetto-di-vita\/"},"wordCount":427,"publisher":{"@id":"https:\/\/progettotouring.it\/radiotouring104\/#organization"},"keywords":["annamaria curatola","Castello Aragonese","Giornata della Disabilit\u00e0","lucia nucera","Mary Carcciolo","ncludere progettando: dall\u2019universal design al progetto di vita","seminario di formazione"],"articleSection":["Home","News","Reggio Calabria"],"inLanguage":"it-IT"},{"@type":"WebPage","@id":"https:\/\/progettotouring.it\/radiotouring104\/2025\/12\/04\/giornata-della-disabilita-al-castello-aragonese-il-seminario-di-formazione-includere-progettando-dalluniversal-design-al-progetto-di-vita\/","url":"https:\/\/progettotouring.it\/radiotouring104\/2025\/12\/04\/giornata-della-disabilita-al-castello-aragonese-il-seminario-di-formazione-includere-progettando-dalluniversal-design-al-progetto-di-vita\/","name":"Giornata della Disabilit\u00e0: Al Castello Aragonese il seminario di formazione \u201cIncludere progettando: dall\u2019universal design al progetto di vita\u201d - Radio Touring 104","isPartOf":{"@id":"https:\/\/progettotouring.it\/radiotouring104\/#website"},"datePublished":"2025-12-04T11:52:13+00:00","dateModified":"2025-12-04T11:54:55+00:00","description":"\u00abL'inclusione come un progetto politico, pedagogico e comunitario\u00bb, dichirano Caracciolo, Nucera e Curatola","breadcrumb":{"@id":"https:\/\/progettotouring.it\/radiotouring104\/2025\/12\/04\/giornata-della-disabilita-al-castello-aragonese-il-seminario-di-formazione-includere-progettando-dalluniversal-design-al-progetto-di-vita\/#breadcrumb"},"inLanguage":"it-IT","potentialAction":[{"@type":"ReadAction","target":["https:\/\/progettotouring.it\/radiotouring104\/2025\/12\/04\/giornata-della-disabilita-al-castello-aragonese-il-seminario-di-formazione-includere-progettando-dalluniversal-design-al-progetto-di-vita\/"]}]},{"@type":"BreadcrumbList","@id":"https:\/\/progettotouring.it\/radiotouring104\/2025\/12\/04\/giornata-della-disabilita-al-castello-aragonese-il-seminario-di-formazione-includere-progettando-dalluniversal-design-al-progetto-di-vita\/#breadcrumb","itemListElement":[{"@type":"ListItem","position":1,"name":"Home","item":"https:\/\/progettotouring.it\/radiotouring104\/"},{"@type":"ListItem","position":2,"name":"Giornata della Disabilit\u00e0: Al Castello Aragonese il seminario di formazione \u201cIncludere progettando: dall\u2019universal design al progetto di vita\u201d"}]},{"@type":"WebSite","@id":"https:\/\/progettotouring.it\/radiotouring104\/#website","url":"https:\/\/progettotouring.it\/radiotouring104\/","name":"Radio Touring 104","description":"La prima radio Reggina","publisher":{"@id":"https:\/\/progettotouring.it\/radiotouring104\/#organization"},"potentialAction":[{"@type":"SearchAction","target":{"@type":"EntryPoint","urlTemplate":"https:\/\/progettotouring.it\/radiotouring104\/?s={search_term_string}"},"query-input":{"@type":"PropertyValueSpecification","valueRequired":true,"valueName":"search_term_string"}}],"inLanguage":"it-IT"},{"@type":"Organization","@id":"https:\/\/progettotouring.it\/radiotouring104\/#organization","name":"Radio Touring 104","url":"https:\/\/progettotouring.it\/radiotouring104\/","logo":{"@type":"ImageObject","inLanguage":"it-IT","@id":"https:\/\/progettotouring.it\/radiotouring104\/#\/schema\/logo\/image\/","url":"https:\/\/progettotouring.it\/radiotouring104\/wp-content\/uploads\/sites\/6\/2022\/02\/cropped-logo-radio-touring-104.png","contentUrl":"https:\/\/progettotouring.it\/radiotouring104\/wp-content\/uploads\/sites\/6\/2022\/02\/cropped-logo-radio-touring-104.png","width":377,"height":182,"caption":"Radio Touring 104"},"image":{"@id":"https:\/\/progettotouring.it\/radiotouring104\/#\/schema\/logo\/image\/"}},{"@type":"Person","@id":"https:\/\/progettotouring.it\/radiotouring104\/#\/schema\/person\/1b3eb3c07c47136bc44c785c543e635f","name":"redazione","image":{"@type":"ImageObject","inLanguage":"it-IT","@id":"https:\/\/secure.gravatar.com\/avatar\/0b31605b49f100769e8b624b3e05de1b73e1692e9568a352f60f53fd072e6e11?s=96&d=mm&r=g","url":"https:\/\/secure.gravatar.com\/avatar\/0b31605b49f100769e8b624b3e05de1b73e1692e9568a352f60f53fd072e6e11?s=96&d=mm&r=g","contentUrl":"https:\/\/secure.gravatar.com\/avatar\/0b31605b49f100769e8b624b3e05de1b73e1692e9568a352f60f53fd072e6e11?s=96&d=mm&r=g","caption":"redazione"},"url":"https:\/\/progettotouring.it\/radiotouring104\/author\/redazione\/"}]}},"jetpack_publicize_connections":[],"jetpack_featured_media_url":"","jetpack_sharing_enabled":true,"_links":{"self":[{"href":"https:\/\/progettotouring.it\/radiotouring104\/wp-json\/wp\/v2\/posts\/86939","targetHints":{"allow":["GET"]}}],"collection":[{"href":"https:\/\/progettotouring.it\/radiotouring104\/wp-json\/wp\/v2\/posts"}],"about":[{"href":"https:\/\/progettotouring.it\/radiotouring104\/wp-json\/wp\/v2\/types\/post"}],"author":[{"embeddable":true,"href":"https:\/\/progettotouring.it\/radiotouring104\/wp-json\/wp\/v2\/users\/5"}],"replies":[{"embeddable":true,"href":"https:\/\/progettotouring.it\/radiotouring104\/wp-json\/wp\/v2\/comments?post=86939"}],"version-history":[{"count":1,"href":"https:\/\/progettotouring.it\/radiotouring104\/wp-json\/wp\/v2\/posts\/86939\/revisions"}],"predecessor-version":[{"id":86940,"href":"https:\/\/progettotouring.it\/radiotouring104\/wp-json\/wp\/v2\/posts\/86939\/revisions\/86940"}],"wp:attachment":[{"href":"https:\/\/progettotouring.it\/radiotouring104\/wp-json\/wp\/v2\/media?parent=86939"}],"wp:term":[{"taxonomy":"category","embeddable":true,"href":"https:\/\/progettotouring.it\/radiotouring104\/wp-json\/wp\/v2\/categories?post=86939"},{"taxonomy":"post_tag","embeddable":true,"href":"https:\/\/progettotouring.it\/radiotouring104\/wp-json\/wp\/v2\/tags?post=86939"}],"curies":[{"name":"wp","href":"https:\/\/api.w.org\/{rel}","templated":true}]}}