{"id":86947,"date":"2025-12-04T19:44:46","date_gmt":"2025-12-04T18:44:46","guid":{"rendered":"https:\/\/progettotouring.it\/radiotouring104\/?p=86947"},"modified":"2025-12-04T19:44:46","modified_gmt":"2025-12-04T18:44:46","slug":"a-palazzo-alvaro-si-parla-di-comunicazione-e-social-network","status":"publish","type":"post","link":"https:\/\/progettotouring.it\/radiotouring104\/2025\/12\/04\/a-palazzo-alvaro-si-parla-di-comunicazione-e-social-network\/","title":{"rendered":"A Palazzo Alvaro si parla di comunicazione e social network"},"content":{"rendered":"<p dir=\"ltr\">&#8220;<em>La comunicazione \u00e8 ormai sempre pi\u00f9 centrale nelle dinamiche politiche ed amministrative e nel gestione della cosa pubblica. Comunicare bene non \u00e8 pi\u00f9 un aspetto accessorio per la Pubblica Amministrazione, ma \u00e8 diventato nel tempo un obiettivo fondamentale, in grado di determinare i processi e la percezione da parte dei cittadini al pari di altri servizi pubblici essenziali. Per questo abbiamo voluto fortemente questo momento formativo, destinato agli uffici stampa dei Comuni ed in generale ai comunicatori pubblici, che ha suscitato un enorme interesse sul nostro territorio con pi\u00f9 di un centinaio di partecipanti. Ci tengo a ringraziare Meta, con la sua Dirigente Ida D&#8217;Alessandro, per la sua straordinaria disponibilit\u00e0 e per l&#8217;efficacia della sua relazione, e tutta la struttura di Anci. E&#8217; stato per noi un confronto molto utile a capire come sono cambiati, e come continuano a cambiare, i modi e i tempi della comunicazione, che influiscono sui processi di partecipazione pubblica, sulla trasparenza, sulla percezione della comunit\u00e0 e naturalmente anche sulla stessa credibilit\u00e0 delle istituzioni territoriali&#8221;<\/em>. Cos\u00ec il sindaco metropolitano di Reggio Calabria, Giuseppe Falcomat\u00e0, prendendo parte a Palazzo Alvaro alla giornata formativa \u2018Nuovi strumenti di comunicazione\u2019 promosso da Meta ed Anci nazionale con il supporto della Citt\u00e0 Metropolitana di Reggio Calabria ed Anci Calabria.<\/p>\n<p dir=\"ltr\">\u201c<em>In questi ultimi anni abbiamo avuto la netta percezione di come sia cambiata la comunicazione, rispetto anche a quella che \u00e8 stata la prima rivoluzione comunicativa legata all\u2019introduzione dei social network. Come amministrazione pubblica, nel nostro percorso amministrativo, negli ultimi circa 12 anni, ci sentiamo dei nativi di questo nuovo modo di comunicare. Occorre stare al passo con i tempi e le amministrazioni pubbliche, le istituzioni, devono intraprendere un percorso di modernizzazione dei processi. Ecco perch\u00e9 abbiamo ritenuto utile promuovere insieme ad Anci e Meta questo evento di aggiornamento e formazione, per gli uffici stampa e i comunicatori pubblici\u201d.\u00a0<\/em><\/p>\n<p dir=\"ltr\">\u201c<em>Nell&#8217;era dei social network e della comunicazione diretta un piccolo problema, di un quartiere o di una stradina diventa immediatamente di dominio pubblico e spesso fonte di dibattito. Cos\u00ec come anche una bella e piccola esperienza rionale, pu\u00f2, allo stesso tempo, divenire attrattiva per chiunque. Cambiano quindi i modi e i tempi della comunicazione che diventa paragonabile, a tutti gli effetti, ad un servizio pubblico essenziale che si offre alla cittadinanza. E\u2019 certamente una grande rivoluzione, perch\u00e9 la maggioranza dei cittadini si informa attraverso i social e ha bisogno di comunicare attraverso di essi con una maggiore velocit\u00e0 e dinamicit\u00e0 nell\u2019informazione&#8221;.\u00a0<\/em><\/p>\n<p dir=\"ltr\">\u201c<em>Come Anci nazionale siamo contenti di poter coinvolgere partner importanti come Meta, ma anche di promuovere un aggiornamento della Legge 150 investendo non solo sulla formazione dotandosi di professionisti che sappiano utilizzare gli strumenti social in maniera adeguata alle sfide a cui oggi sono chiamate le amministrazioni pubbliche\u201d.\u00a0<\/em><\/p>\n<p dir=\"ltr\">\n","protected":false},"excerpt":{"rendered":"<p>&#8220;La comunicazione \u00e8 ormai sempre pi\u00f9 centrale nelle dinamiche politiche ed amministrative e nel gestione della cosa pubblica. Comunicare bene non \u00e8 pi\u00f9 un aspetto accessorio per la Pubblica Amministrazione,&hellip;<\/p>\n","protected":false},"author":19,"featured_media":86948,"comment_status":"closed","ping_status":"open","sticky":false,"template":"","format":"standard","meta":{"_jetpack_memberships_contains_paid_content":false,"footnotes":"","jetpack_publicize_message":"","jetpack_publicize_feature_enabled":true,"jetpack_social_post_already_shared":true,"jetpack_social_options":{"image_generator_settings":{"template":"highway","default_image_id":0,"font":"","enabled":false},"version":2}},"categories":[921,196,140],"tags":[],"class_list":["post-86947","post","type-post","status-publish","format-standard","has-post-thumbnail","hentry","category-home","category-news","category-reggio-calabria"],"yoast_head":"<!-- This site is optimized with the Yoast SEO plugin v27.2 - https:\/\/yoast.com\/product\/yoast-seo-wordpress\/ -->\n<title>A Palazzo Alvaro si parla di comunicazione e social network - Radio Touring 104<\/title>\n<meta name=\"description\" content=\"Oggi una giornata formativa \u2018Nuovi strumenti di comunicazione\u2019 promossa da Meta ed Anci nazionale\" \/>\n<meta name=\"robots\" content=\"index, follow, max-snippet:-1, max-image-preview:large, max-video-preview:-1\" \/>\n<link rel=\"canonical\" href=\"https:\/\/progettotouring.it\/radiotouring104\/2025\/12\/04\/a-palazzo-alvaro-si-parla-di-comunicazione-e-social-network\/\" \/>\n<meta property=\"og:locale\" content=\"it_IT\" \/>\n<meta property=\"og:type\" content=\"article\" \/>\n<meta property=\"og:title\" content=\"A Palazzo Alvaro si parla di comunicazione e social network - Radio Touring 104\" \/>\n<meta property=\"og:description\" content=\"Oggi una giornata formativa \u2018Nuovi strumenti di comunicazione\u2019 promossa da Meta ed Anci nazionale\" \/>\n<meta property=\"og:url\" content=\"https:\/\/progettotouring.it\/radiotouring104\/2025\/12\/04\/a-palazzo-alvaro-si-parla-di-comunicazione-e-social-network\/\" \/>\n<meta property=\"og:site_name\" content=\"Radio Touring 104\" \/>\n<meta property=\"article:published_time\" content=\"2025-12-04T18:44:46+00:00\" \/>\n<meta property=\"og:image\" content=\"https:\/\/progettotouring.it\/radiotouring104\/wp-content\/uploads\/sites\/6\/2025\/12\/IMMAGINI-X-SITO-2025-12-04T194358.043.jpg\" \/>\n\t<meta property=\"og:image:width\" content=\"2000\" \/>\n\t<meta property=\"og:image:height\" content=\"1545\" \/>\n\t<meta property=\"og:image:type\" content=\"image\/jpeg\" \/>\n<meta name=\"author\" content=\"S L\" \/>\n<meta name=\"twitter:card\" content=\"summary_large_image\" \/>\n<meta name=\"twitter:label1\" content=\"Scritto da\" \/>\n\t<meta name=\"twitter:data1\" content=\"S L\" \/>\n\t<meta name=\"twitter:label2\" content=\"Tempo di lettura stimato\" \/>\n\t<meta name=\"twitter:data2\" content=\"2 minuti\" \/>\n<script type=\"application\/ld+json\" class=\"yoast-schema-graph\">{\"@context\":\"https:\/\/schema.org\",\"@graph\":[{\"@type\":\"Article\",\"@id\":\"https:\/\/progettotouring.it\/radiotouring104\/2025\/12\/04\/a-palazzo-alvaro-si-parla-di-comunicazione-e-social-network\/#article\",\"isPartOf\":{\"@id\":\"https:\/\/progettotouring.it\/radiotouring104\/2025\/12\/04\/a-palazzo-alvaro-si-parla-di-comunicazione-e-social-network\/\"},\"author\":{\"name\":\"S L\",\"@id\":\"https:\/\/progettotouring.it\/radiotouring104\/#\/schema\/person\/b9f9c3730b0a78814c9b9f3bfc52c619\"},\"headline\":\"A Palazzo Alvaro si parla di comunicazione e social network\",\"datePublished\":\"2025-12-04T18:44:46+00:00\",\"mainEntityOfPage\":{\"@id\":\"https:\/\/progettotouring.it\/radiotouring104\/2025\/12\/04\/a-palazzo-alvaro-si-parla-di-comunicazione-e-social-network\/\"},\"wordCount\":462,\"publisher\":{\"@id\":\"https:\/\/progettotouring.it\/radiotouring104\/#organization\"},\"image\":{\"@id\":\"https:\/\/progettotouring.it\/radiotouring104\/2025\/12\/04\/a-palazzo-alvaro-si-parla-di-comunicazione-e-social-network\/#primaryimage\"},\"thumbnailUrl\":\"https:\/\/progettotouring.it\/radiotouring104\/wp-content\/uploads\/sites\/6\/2025\/12\/IMMAGINI-X-SITO-2025-12-04T194358.043.jpg\",\"articleSection\":[\"Home\",\"News\",\"Reggio Calabria\"],\"inLanguage\":\"it-IT\"},{\"@type\":\"WebPage\",\"@id\":\"https:\/\/progettotouring.it\/radiotouring104\/2025\/12\/04\/a-palazzo-alvaro-si-parla-di-comunicazione-e-social-network\/\",\"url\":\"https:\/\/progettotouring.it\/radiotouring104\/2025\/12\/04\/a-palazzo-alvaro-si-parla-di-comunicazione-e-social-network\/\",\"name\":\"A Palazzo Alvaro si parla di comunicazione e social network - Radio Touring 104\",\"isPartOf\":{\"@id\":\"https:\/\/progettotouring.it\/radiotouring104\/#website\"},\"primaryImageOfPage\":{\"@id\":\"https:\/\/progettotouring.it\/radiotouring104\/2025\/12\/04\/a-palazzo-alvaro-si-parla-di-comunicazione-e-social-network\/#primaryimage\"},\"image\":{\"@id\":\"https:\/\/progettotouring.it\/radiotouring104\/2025\/12\/04\/a-palazzo-alvaro-si-parla-di-comunicazione-e-social-network\/#primaryimage\"},\"thumbnailUrl\":\"https:\/\/progettotouring.it\/radiotouring104\/wp-content\/uploads\/sites\/6\/2025\/12\/IMMAGINI-X-SITO-2025-12-04T194358.043.jpg\",\"datePublished\":\"2025-12-04T18:44:46+00:00\",\"description\":\"Oggi una giornata formativa \u2018Nuovi strumenti di comunicazione\u2019 promossa da Meta ed Anci nazionale\",\"breadcrumb\":{\"@id\":\"https:\/\/progettotouring.it\/radiotouring104\/2025\/12\/04\/a-palazzo-alvaro-si-parla-di-comunicazione-e-social-network\/#breadcrumb\"},\"inLanguage\":\"it-IT\",\"potentialAction\":[{\"@type\":\"ReadAction\",\"target\":[\"https:\/\/progettotouring.it\/radiotouring104\/2025\/12\/04\/a-palazzo-alvaro-si-parla-di-comunicazione-e-social-network\/\"]}]},{\"@type\":\"ImageObject\",\"inLanguage\":\"it-IT\",\"@id\":\"https:\/\/progettotouring.it\/radiotouring104\/2025\/12\/04\/a-palazzo-alvaro-si-parla-di-comunicazione-e-social-network\/#primaryimage\",\"url\":\"https:\/\/progettotouring.it\/radiotouring104\/wp-content\/uploads\/sites\/6\/2025\/12\/IMMAGINI-X-SITO-2025-12-04T194358.043.jpg\",\"contentUrl\":\"https:\/\/progettotouring.it\/radiotouring104\/wp-content\/uploads\/sites\/6\/2025\/12\/IMMAGINI-X-SITO-2025-12-04T194358.043.jpg\",\"width\":2000,\"height\":1545},{\"@type\":\"BreadcrumbList\",\"@id\":\"https:\/\/progettotouring.it\/radiotouring104\/2025\/12\/04\/a-palazzo-alvaro-si-parla-di-comunicazione-e-social-network\/#breadcrumb\",\"itemListElement\":[{\"@type\":\"ListItem\",\"position\":1,\"name\":\"Home\",\"item\":\"https:\/\/progettotouring.it\/radiotouring104\/\"},{\"@type\":\"ListItem\",\"position\":2,\"name\":\"A Palazzo Alvaro si parla di comunicazione e social network\"}]},{\"@type\":\"WebSite\",\"@id\":\"https:\/\/progettotouring.it\/radiotouring104\/#website\",\"url\":\"https:\/\/progettotouring.it\/radiotouring104\/\",\"name\":\"Radio Touring 104\",\"description\":\"La prima radio Reggina\",\"publisher\":{\"@id\":\"https:\/\/progettotouring.it\/radiotouring104\/#organization\"},\"potentialAction\":[{\"@type\":\"SearchAction\",\"target\":{\"@type\":\"EntryPoint\",\"urlTemplate\":\"https:\/\/progettotouring.it\/radiotouring104\/?s={search_term_string}\"},\"query-input\":{\"@type\":\"PropertyValueSpecification\",\"valueRequired\":true,\"valueName\":\"search_term_string\"}}],\"inLanguage\":\"it-IT\"},{\"@type\":\"Organization\",\"@id\":\"https:\/\/progettotouring.it\/radiotouring104\/#organization\",\"name\":\"Radio Touring 104\",\"url\":\"https:\/\/progettotouring.it\/radiotouring104\/\",\"logo\":{\"@type\":\"ImageObject\",\"inLanguage\":\"it-IT\",\"@id\":\"https:\/\/progettotouring.it\/radiotouring104\/#\/schema\/logo\/image\/\",\"url\":\"https:\/\/progettotouring.it\/radiotouring104\/wp-content\/uploads\/sites\/6\/2022\/02\/cropped-logo-radio-touring-104.png\",\"contentUrl\":\"https:\/\/progettotouring.it\/radiotouring104\/wp-content\/uploads\/sites\/6\/2022\/02\/cropped-logo-radio-touring-104.png\",\"width\":377,\"height\":182,\"caption\":\"Radio Touring 104\"},\"image\":{\"@id\":\"https:\/\/progettotouring.it\/radiotouring104\/#\/schema\/logo\/image\/\"}},{\"@type\":\"Person\",\"@id\":\"https:\/\/progettotouring.it\/radiotouring104\/#\/schema\/person\/b9f9c3730b0a78814c9b9f3bfc52c619\",\"name\":\"S L\",\"image\":{\"@type\":\"ImageObject\",\"inLanguage\":\"it-IT\",\"@id\":\"https:\/\/secure.gravatar.com\/avatar\/652c51789d7030aaed9ff828331360502a68204fe6fb0831bc280515210e16d2?s=96&d=mm&r=g\",\"url\":\"https:\/\/secure.gravatar.com\/avatar\/652c51789d7030aaed9ff828331360502a68204fe6fb0831bc280515210e16d2?s=96&d=mm&r=g\",\"contentUrl\":\"https:\/\/secure.gravatar.com\/avatar\/652c51789d7030aaed9ff828331360502a68204fe6fb0831bc280515210e16d2?s=96&d=mm&r=g\",\"caption\":\"S L\"},\"url\":\"https:\/\/progettotouring.it\/radiotouring104\/author\/slibri\/\"}]}<\/script>\n<!-- \/ Yoast SEO plugin. -->","yoast_head_json":{"title":"A Palazzo Alvaro si parla di comunicazione e social network - Radio Touring 104","description":"Oggi una giornata formativa \u2018Nuovi strumenti di comunicazione\u2019 promossa da Meta ed Anci nazionale","robots":{"index":"index","follow":"follow","max-snippet":"max-snippet:-1","max-image-preview":"max-image-preview:large","max-video-preview":"max-video-preview:-1"},"canonical":"https:\/\/progettotouring.it\/radiotouring104\/2025\/12\/04\/a-palazzo-alvaro-si-parla-di-comunicazione-e-social-network\/","og_locale":"it_IT","og_type":"article","og_title":"A Palazzo Alvaro si parla di comunicazione e social network - Radio Touring 104","og_description":"Oggi una giornata formativa \u2018Nuovi strumenti di comunicazione\u2019 promossa da Meta ed Anci nazionale","og_url":"https:\/\/progettotouring.it\/radiotouring104\/2025\/12\/04\/a-palazzo-alvaro-si-parla-di-comunicazione-e-social-network\/","og_site_name":"Radio Touring 104","article_published_time":"2025-12-04T18:44:46+00:00","og_image":[{"width":2000,"height":1545,"url":"https:\/\/progettotouring.it\/radiotouring104\/wp-content\/uploads\/sites\/6\/2025\/12\/IMMAGINI-X-SITO-2025-12-04T194358.043.jpg","type":"image\/jpeg"}],"author":"S L","twitter_card":"summary_large_image","twitter_misc":{"Scritto da":"S L","Tempo di lettura stimato":"2 minuti"},"schema":{"@context":"https:\/\/schema.org","@graph":[{"@type":"Article","@id":"https:\/\/progettotouring.it\/radiotouring104\/2025\/12\/04\/a-palazzo-alvaro-si-parla-di-comunicazione-e-social-network\/#article","isPartOf":{"@id":"https:\/\/progettotouring.it\/radiotouring104\/2025\/12\/04\/a-palazzo-alvaro-si-parla-di-comunicazione-e-social-network\/"},"author":{"name":"S L","@id":"https:\/\/progettotouring.it\/radiotouring104\/#\/schema\/person\/b9f9c3730b0a78814c9b9f3bfc52c619"},"headline":"A Palazzo Alvaro si parla di comunicazione e social network","datePublished":"2025-12-04T18:44:46+00:00","mainEntityOfPage":{"@id":"https:\/\/progettotouring.it\/radiotouring104\/2025\/12\/04\/a-palazzo-alvaro-si-parla-di-comunicazione-e-social-network\/"},"wordCount":462,"publisher":{"@id":"https:\/\/progettotouring.it\/radiotouring104\/#organization"},"image":{"@id":"https:\/\/progettotouring.it\/radiotouring104\/2025\/12\/04\/a-palazzo-alvaro-si-parla-di-comunicazione-e-social-network\/#primaryimage"},"thumbnailUrl":"https:\/\/progettotouring.it\/radiotouring104\/wp-content\/uploads\/sites\/6\/2025\/12\/IMMAGINI-X-SITO-2025-12-04T194358.043.jpg","articleSection":["Home","News","Reggio Calabria"],"inLanguage":"it-IT"},{"@type":"WebPage","@id":"https:\/\/progettotouring.it\/radiotouring104\/2025\/12\/04\/a-palazzo-alvaro-si-parla-di-comunicazione-e-social-network\/","url":"https:\/\/progettotouring.it\/radiotouring104\/2025\/12\/04\/a-palazzo-alvaro-si-parla-di-comunicazione-e-social-network\/","name":"A Palazzo Alvaro si parla di comunicazione e social network - Radio Touring 104","isPartOf":{"@id":"https:\/\/progettotouring.it\/radiotouring104\/#website"},"primaryImageOfPage":{"@id":"https:\/\/progettotouring.it\/radiotouring104\/2025\/12\/04\/a-palazzo-alvaro-si-parla-di-comunicazione-e-social-network\/#primaryimage"},"image":{"@id":"https:\/\/progettotouring.it\/radiotouring104\/2025\/12\/04\/a-palazzo-alvaro-si-parla-di-comunicazione-e-social-network\/#primaryimage"},"thumbnailUrl":"https:\/\/progettotouring.it\/radiotouring104\/wp-content\/uploads\/sites\/6\/2025\/12\/IMMAGINI-X-SITO-2025-12-04T194358.043.jpg","datePublished":"2025-12-04T18:44:46+00:00","description":"Oggi una giornata formativa \u2018Nuovi strumenti di comunicazione\u2019 promossa da Meta ed Anci nazionale","breadcrumb":{"@id":"https:\/\/progettotouring.it\/radiotouring104\/2025\/12\/04\/a-palazzo-alvaro-si-parla-di-comunicazione-e-social-network\/#breadcrumb"},"inLanguage":"it-IT","potentialAction":[{"@type":"ReadAction","target":["https:\/\/progettotouring.it\/radiotouring104\/2025\/12\/04\/a-palazzo-alvaro-si-parla-di-comunicazione-e-social-network\/"]}]},{"@type":"ImageObject","inLanguage":"it-IT","@id":"https:\/\/progettotouring.it\/radiotouring104\/2025\/12\/04\/a-palazzo-alvaro-si-parla-di-comunicazione-e-social-network\/#primaryimage","url":"https:\/\/progettotouring.it\/radiotouring104\/wp-content\/uploads\/sites\/6\/2025\/12\/IMMAGINI-X-SITO-2025-12-04T194358.043.jpg","contentUrl":"https:\/\/progettotouring.it\/radiotouring104\/wp-content\/uploads\/sites\/6\/2025\/12\/IMMAGINI-X-SITO-2025-12-04T194358.043.jpg","width":2000,"height":1545},{"@type":"BreadcrumbList","@id":"https:\/\/progettotouring.it\/radiotouring104\/2025\/12\/04\/a-palazzo-alvaro-si-parla-di-comunicazione-e-social-network\/#breadcrumb","itemListElement":[{"@type":"ListItem","position":1,"name":"Home","item":"https:\/\/progettotouring.it\/radiotouring104\/"},{"@type":"ListItem","position":2,"name":"A Palazzo Alvaro si parla di comunicazione e social network"}]},{"@type":"WebSite","@id":"https:\/\/progettotouring.it\/radiotouring104\/#website","url":"https:\/\/progettotouring.it\/radiotouring104\/","name":"Radio Touring 104","description":"La prima radio Reggina","publisher":{"@id":"https:\/\/progettotouring.it\/radiotouring104\/#organization"},"potentialAction":[{"@type":"SearchAction","target":{"@type":"EntryPoint","urlTemplate":"https:\/\/progettotouring.it\/radiotouring104\/?s={search_term_string}"},"query-input":{"@type":"PropertyValueSpecification","valueRequired":true,"valueName":"search_term_string"}}],"inLanguage":"it-IT"},{"@type":"Organization","@id":"https:\/\/progettotouring.it\/radiotouring104\/#organization","name":"Radio Touring 104","url":"https:\/\/progettotouring.it\/radiotouring104\/","logo":{"@type":"ImageObject","inLanguage":"it-IT","@id":"https:\/\/progettotouring.it\/radiotouring104\/#\/schema\/logo\/image\/","url":"https:\/\/progettotouring.it\/radiotouring104\/wp-content\/uploads\/sites\/6\/2022\/02\/cropped-logo-radio-touring-104.png","contentUrl":"https:\/\/progettotouring.it\/radiotouring104\/wp-content\/uploads\/sites\/6\/2022\/02\/cropped-logo-radio-touring-104.png","width":377,"height":182,"caption":"Radio Touring 104"},"image":{"@id":"https:\/\/progettotouring.it\/radiotouring104\/#\/schema\/logo\/image\/"}},{"@type":"Person","@id":"https:\/\/progettotouring.it\/radiotouring104\/#\/schema\/person\/b9f9c3730b0a78814c9b9f3bfc52c619","name":"S L","image":{"@type":"ImageObject","inLanguage":"it-IT","@id":"https:\/\/secure.gravatar.com\/avatar\/652c51789d7030aaed9ff828331360502a68204fe6fb0831bc280515210e16d2?s=96&d=mm&r=g","url":"https:\/\/secure.gravatar.com\/avatar\/652c51789d7030aaed9ff828331360502a68204fe6fb0831bc280515210e16d2?s=96&d=mm&r=g","contentUrl":"https:\/\/secure.gravatar.com\/avatar\/652c51789d7030aaed9ff828331360502a68204fe6fb0831bc280515210e16d2?s=96&d=mm&r=g","caption":"S L"},"url":"https:\/\/progettotouring.it\/radiotouring104\/author\/slibri\/"}]}},"jetpack_publicize_connections":[],"jetpack_featured_media_url":"https:\/\/progettotouring.it\/radiotouring104\/wp-content\/uploads\/sites\/6\/2025\/12\/IMMAGINI-X-SITO-2025-12-04T194358.043.jpg","jetpack_sharing_enabled":true,"_links":{"self":[{"href":"https:\/\/progettotouring.it\/radiotouring104\/wp-json\/wp\/v2\/posts\/86947","targetHints":{"allow":["GET"]}}],"collection":[{"href":"https:\/\/progettotouring.it\/radiotouring104\/wp-json\/wp\/v2\/posts"}],"about":[{"href":"https:\/\/progettotouring.it\/radiotouring104\/wp-json\/wp\/v2\/types\/post"}],"author":[{"embeddable":true,"href":"https:\/\/progettotouring.it\/radiotouring104\/wp-json\/wp\/v2\/users\/19"}],"replies":[{"embeddable":true,"href":"https:\/\/progettotouring.it\/radiotouring104\/wp-json\/wp\/v2\/comments?post=86947"}],"version-history":[{"count":1,"href":"https:\/\/progettotouring.it\/radiotouring104\/wp-json\/wp\/v2\/posts\/86947\/revisions"}],"predecessor-version":[{"id":86949,"href":"https:\/\/progettotouring.it\/radiotouring104\/wp-json\/wp\/v2\/posts\/86947\/revisions\/86949"}],"wp:featuredmedia":[{"embeddable":true,"href":"https:\/\/progettotouring.it\/radiotouring104\/wp-json\/wp\/v2\/media\/86948"}],"wp:attachment":[{"href":"https:\/\/progettotouring.it\/radiotouring104\/wp-json\/wp\/v2\/media?parent=86947"}],"wp:term":[{"taxonomy":"category","embeddable":true,"href":"https:\/\/progettotouring.it\/radiotouring104\/wp-json\/wp\/v2\/categories?post=86947"},{"taxonomy":"post_tag","embeddable":true,"href":"https:\/\/progettotouring.it\/radiotouring104\/wp-json\/wp\/v2\/tags?post=86947"}],"curies":[{"name":"wp","href":"https:\/\/api.w.org\/{rel}","templated":true}]}}