{"id":86950,"date":"2025-12-05T09:05:12","date_gmt":"2025-12-05T08:05:12","guid":{"rendered":"https:\/\/progettotouring.it\/radiotouring104\/?p=86950"},"modified":"2025-12-05T12:07:00","modified_gmt":"2025-12-05T11:07:00","slug":"reggio-migliaia-di-studenti-calabresi-presenti-allopen-day-delluniversita-mediterranea","status":"publish","type":"post","link":"https:\/\/progettotouring.it\/radiotouring104\/2025\/12\/05\/reggio-migliaia-di-studenti-calabresi-presenti-allopen-day-delluniversita-mediterranea\/","title":{"rendered":"Reggio: migliaia di studenti calabresi presenti all&#8217;Open Day dell&#8217;Universit\u00e0 Mediterranea"},"content":{"rendered":"<div class=\"elementToProof\">Grande affluenza all\u2019Open Day promosso dall\u2019Universit\u00e0 Mediterranea di Reggio Calabria. Oltre 4000 studenti sono stati i protagonisti di una giornata ricca di stimoli e di opportunit\u00e0 formative, di curiosit\u00e0 e divertimento fino all\u2019accensione, nel pomeriggio, dell\u2019Albero quale messaggio beneaugurante per le feste ma anche, e soprattutto, per un futuro di soddisfazioni. Una partecipazione entusiasta che ha realizzato in pieno l\u2019obiettivo dell\u2019Ateneo reggino: coinvolgere gli studenti delle scuole secondarie di secondo grado per sensibilizzarli a proseguire gli studi superiori e promuovere lo sviluppo della cultura attraverso una sempre maggiore apertura al territorio, acquisendo informazioni pi\u00f9 dettagliate e dirette sui percorsi formativi delle diverse Aree disciplinari: Agraria, Architettura, Design, Economia, Giurisprudenza, Ingegneria, Scienze Infermieristiche, Scienze Sportive, Scienze Umane. Ricco il contenitore della mattinata: lezioni interattive, laboratori di didattica innovativa, workshop, seminari tematici e incontri di orientamento trasversale e motivazionale, con l\u2019interattivit\u00e0 tipica delle aule didattiche, promozione delle attivit\u00e0 culturali, sportive e di intrattenimento con il concerto dell\u2019artista reggino Augusto Favaloro. Nel pomeriggio, alla presenza di numerose autorit\u00e0, la magia del Natale\u00a0prende luce nell\u2019albero ricco di vita -un evento che ha coinvolto studenti, famiglie e cittadini, pensato per unire le festivit\u00e0 natalizie alle eccellenze accademiche \u2013 ed ancora, altro bel momento, la premiazione della \u201cUniSchool Cup\u201d che ha celebrato i team e i valori dello sport e della collaborazione. L\u2019evento che ha impegnato tutto l\u2019Ateneo reggino in particolare il settore Orientamento e tutorato dell\u2019Area Comunicazione Istituzionale, Orientamento e Job Placement &#8211; \u00e8 stata un\u2019opportunit\u00e0 per aprire le \u201cporte\u201d di tutta l\u2019Universit\u00e0 con i sui Dipartimenti e Laboratori, per conoscere i progetti innovativi e i numerosi servizi dedicati agli studenti.<\/div>\n<div class=\"elementToProof\"><\/div>\n<div class=\"elementToProof\">\u201c<i>E\u2019 una giornata \u2013\u00a0<\/i><b>ammette il rettore Giuseppe Zimbalatti<\/b><i>&#8211; che dedichiamo ai giovani di tutta la Calabria affinch\u00e8, in questo ambiente sano, possano trovare il seme costruttivo del domani, avendo ben chiaro che la formazione e la laurea sono strumenti autentici per segnare il loro futuro ed essere artefici di scelte consapevoli e responsabili e non dettate da luoghi comuni. L\u2019Universit\u00e0 Mediterranea di Reggio Calabria \u00e8 una realt\u00e0 di questa citt\u00e0 che &#8211; al di l\u00e0 delle statistiche- \u00e8 bella, accogliente, economica e conveniente. Tutto questo non \u00e8 cosa di poco conto perch\u00e9 \u00e8 giusto che famiglie ed i giovani abbiano accesso alle Universit\u00e0 pubbliche. Noi lo siamo, con qualche limite ma con tanti pregi: quella di una comunit\u00e0 inclusiva, vicina ai giovani ed alle famiglie, al territorio ed ai bisogni. E ai tanti giovani, che oggi ci riempiono il cuore di speranza, diciamo: vi aspetta certamente un percorso impegnativo, ma sappiate che qui troverete un ambiente attrattivo e familiare con una offerta formativa sempre pi\u00f9 attuale ed in linea con le esigenze del mercato. E che sia questa la strada giusta-\u00a0<\/i><b>conclude Zimbalatti<\/b><i>-,\u00a0lo testimonia anche la crescita costante delle immatricolazioni: il dieci per cento nell\u2019ultimo anno ed il\u00a0trenta negli ultimi tre anni<\/i>\u201d.<\/div>\n<div class=\"elementToProof\"><\/div>\n<div class=\"elementToProof\">\u00a0\u201c<i>L\u2019evento ha offerto ai partecipanti l\u2019opportunit\u00e0 di incontrare professori e ricercatori, visitare i laboratori e ottenere informazioni su immatricolazioni, borse di studio, mobilit\u00e0 internazionale e servizi per la disabilit\u00e0.\u00a0 Una occasione preziosa per orientarsi tra i diversi corsi di laurea e conoscere da vicino la vita universitaria in un ambiente dinamico e in continua crescita e l\u2019invito \u2013\u00a0<\/i><b>ha sottolineato la prorettrice delegata per l\u2019Orientamento, Rossella Marzullo<\/b><i>&#8211; \u00e8 stato rivolto a tutti gli interessati perch\u00e9 potessero scoprire le prospettive accademiche e le innovazioni che caratterizzano e qualificano l\u2019Ateneo reggino<\/i>&#8220;.\u00a0<i>Lo studio, infatti, \u00e8 e resta, a dispetto delle lusinghe di questo tempo gravido di incertezze, lo strumento privilegiato per co-costruire la propria storia. Il nostro compito, la nostra responsabilit\u00e0 sociale, \u00e8 quella di restituire a tutti questa possibilit\u00e0, attraverso la ricerca, la qualit\u00e0 dei servizi agli studenti e al territorio, che si traducono nella trasmissione dei valori etici e civili grazie al contributo di tutti.\u201d<\/i><\/div>\n<div class=\"elementToProof\"><\/div>\n<div class=\"elementToProof\"><b>Isabella Scardino Presidente del Consiglio degli Studenti<\/b><i>\u00a0\u201cCome Presidente del Consiglio degli Studenti, per me \u00e8 un onore essere qui oggi e far conoscere da vicino quelli che sono i nostri corsi di studio, i servizi dell\u2019Ateneo, le strutture, ma soprattutto le persone che ogni giorno vivono la vita universitaria e fanno parte di questa comunit\u00e0.<\/i><\/div>\n<div class=\"elementToProof\"><i>L\u2019Universit\u00e0 Mediterranea non \u00e8 un luogo in cui si studia solamente: \u00e8 un ambiente in cui ci si mette alla prova, si cresce, si scoprono nuove passioni e, soprattutto, si costruiscono relazioni che spesso durano una vita. Il Consiglio degli Studenti \u00e8 qui proprio per questo: rappresentiamo le esigenze, le idee e le proposte di tutti gli studenti e lavoriamo affinch\u00e9 il loro percorso sia ricco di opportunit\u00e0 e sempre pi\u00f9 inclusivo\u201d<\/i><\/div>\n","protected":false},"excerpt":{"rendered":"<p>Grande affluenza all\u2019Open Day promosso dall\u2019Universit\u00e0 Mediterranea di Reggio Calabria. Oltre 4000 studenti sono stati i protagonisti di una giornata ricca di stimoli e di opportunit\u00e0 formative, di curiosit\u00e0 e&hellip;<\/p>\n","protected":false},"author":5,"featured_media":86951,"comment_status":"closed","ping_status":"open","sticky":false,"template":"","format":"standard","meta":{"_jetpack_memberships_contains_paid_content":false,"footnotes":"","jetpack_publicize_message":"","jetpack_publicize_feature_enabled":true,"jetpack_social_post_already_shared":true,"jetpack_social_options":{"image_generator_settings":{"template":"highway","default_image_id":0,"font":"","enabled":false},"version":2}},"categories":[921,150,196,140],"tags":[8233,49329,13129,369],"class_list":["post-86950","post","type-post","status-publish","format-standard","has-post-thumbnail","hentry","category-home","category-in-primo-piano","category-news","category-reggio-calabria","tag-open-day","tag-presenti-4000-studenti-calabresi","tag-prof-giuseppe-zimbalatti","tag-universita-mediterranea"],"yoast_head":"<!-- This site is optimized with the Yoast SEO plugin v27.2 - https:\/\/yoast.com\/product\/yoast-seo-wordpress\/ -->\n<title>Mediterranea: migliaia di studenti presenti all&#039;Open Day<\/title>\n<meta name=\"description\" content=\"Oltre 4000 studenti, provenienti da tutta la Calabria, hanno partecipato all&#039;Open Day dell&#039;Universit\u00e0 Mediterranea\" \/>\n<meta name=\"robots\" content=\"index, follow, max-snippet:-1, max-image-preview:large, max-video-preview:-1\" \/>\n<link rel=\"canonical\" href=\"https:\/\/progettotouring.it\/radiotouring104\/2025\/12\/05\/reggio-migliaia-di-studenti-calabresi-presenti-allopen-day-delluniversita-mediterranea\/\" \/>\n<meta property=\"og:locale\" content=\"it_IT\" \/>\n<meta property=\"og:type\" content=\"article\" \/>\n<meta property=\"og:title\" content=\"Mediterranea: migliaia di studenti presenti all&#039;Open Day\" \/>\n<meta property=\"og:description\" content=\"Oltre 4000 studenti, provenienti da tutta la Calabria, hanno partecipato all&#039;Open Day dell&#039;Universit\u00e0 Mediterranea\" \/>\n<meta property=\"og:url\" content=\"https:\/\/progettotouring.it\/radiotouring104\/2025\/12\/05\/reggio-migliaia-di-studenti-calabresi-presenti-allopen-day-delluniversita-mediterranea\/\" \/>\n<meta property=\"og:site_name\" content=\"Radio Touring 104\" \/>\n<meta property=\"article:published_time\" content=\"2025-12-05T08:05:12+00:00\" \/>\n<meta property=\"article:modified_time\" content=\"2025-12-05T11:07:00+00:00\" \/>\n<meta property=\"og:image\" content=\"https:\/\/progettotouring.it\/radiotouring104\/wp-content\/uploads\/sites\/6\/2025\/12\/UniRC_Open-Day-2-scaled.jpg\" \/>\n\t<meta property=\"og:image:width\" content=\"2560\" \/>\n\t<meta property=\"og:image:height\" content=\"1707\" \/>\n\t<meta property=\"og:image:type\" content=\"image\/jpeg\" \/>\n<meta name=\"author\" content=\"redazione\" \/>\n<meta name=\"twitter:card\" content=\"summary_large_image\" \/>\n<meta name=\"twitter:label1\" content=\"Scritto da\" \/>\n\t<meta name=\"twitter:data1\" content=\"redazione\" \/>\n\t<meta name=\"twitter:label2\" content=\"Tempo di lettura stimato\" \/>\n\t<meta name=\"twitter:data2\" content=\"4 minuti\" \/>\n<script type=\"application\/ld+json\" class=\"yoast-schema-graph\">{\"@context\":\"https:\/\/schema.org\",\"@graph\":[{\"@type\":\"Article\",\"@id\":\"https:\/\/progettotouring.it\/radiotouring104\/2025\/12\/05\/reggio-migliaia-di-studenti-calabresi-presenti-allopen-day-delluniversita-mediterranea\/#article\",\"isPartOf\":{\"@id\":\"https:\/\/progettotouring.it\/radiotouring104\/2025\/12\/05\/reggio-migliaia-di-studenti-calabresi-presenti-allopen-day-delluniversita-mediterranea\/\"},\"author\":{\"name\":\"redazione\",\"@id\":\"https:\/\/progettotouring.it\/radiotouring104\/#\/schema\/person\/1b3eb3c07c47136bc44c785c543e635f\"},\"headline\":\"Reggio: migliaia di studenti calabresi presenti all&#8217;Open Day dell&#8217;Universit\u00e0 Mediterranea\",\"datePublished\":\"2025-12-05T08:05:12+00:00\",\"dateModified\":\"2025-12-05T11:07:00+00:00\",\"mainEntityOfPage\":{\"@id\":\"https:\/\/progettotouring.it\/radiotouring104\/2025\/12\/05\/reggio-migliaia-di-studenti-calabresi-presenti-allopen-day-delluniversita-mediterranea\/\"},\"wordCount\":775,\"publisher\":{\"@id\":\"https:\/\/progettotouring.it\/radiotouring104\/#organization\"},\"image\":{\"@id\":\"https:\/\/progettotouring.it\/radiotouring104\/2025\/12\/05\/reggio-migliaia-di-studenti-calabresi-presenti-allopen-day-delluniversita-mediterranea\/#primaryimage\"},\"thumbnailUrl\":\"https:\/\/progettotouring.it\/radiotouring104\/wp-content\/uploads\/sites\/6\/2025\/12\/UniRC_Open-Day-2-scaled.jpg\",\"keywords\":[\"open day\",\"presenti 4000 studenti calabresi\",\"prof. Giuseppe Zimbalatti\",\"universit\u00e0 mediterranea\"],\"articleSection\":[\"Home\",\"In primo piano\",\"News\",\"Reggio Calabria\"],\"inLanguage\":\"it-IT\"},{\"@type\":\"WebPage\",\"@id\":\"https:\/\/progettotouring.it\/radiotouring104\/2025\/12\/05\/reggio-migliaia-di-studenti-calabresi-presenti-allopen-day-delluniversita-mediterranea\/\",\"url\":\"https:\/\/progettotouring.it\/radiotouring104\/2025\/12\/05\/reggio-migliaia-di-studenti-calabresi-presenti-allopen-day-delluniversita-mediterranea\/\",\"name\":\"Mediterranea: migliaia di studenti presenti all'Open Day\",\"isPartOf\":{\"@id\":\"https:\/\/progettotouring.it\/radiotouring104\/#website\"},\"primaryImageOfPage\":{\"@id\":\"https:\/\/progettotouring.it\/radiotouring104\/2025\/12\/05\/reggio-migliaia-di-studenti-calabresi-presenti-allopen-day-delluniversita-mediterranea\/#primaryimage\"},\"image\":{\"@id\":\"https:\/\/progettotouring.it\/radiotouring104\/2025\/12\/05\/reggio-migliaia-di-studenti-calabresi-presenti-allopen-day-delluniversita-mediterranea\/#primaryimage\"},\"thumbnailUrl\":\"https:\/\/progettotouring.it\/radiotouring104\/wp-content\/uploads\/sites\/6\/2025\/12\/UniRC_Open-Day-2-scaled.jpg\",\"datePublished\":\"2025-12-05T08:05:12+00:00\",\"dateModified\":\"2025-12-05T11:07:00+00:00\",\"description\":\"Oltre 4000 studenti, provenienti da tutta la Calabria, hanno partecipato all'Open Day dell'Universit\u00e0 Mediterranea\",\"breadcrumb\":{\"@id\":\"https:\/\/progettotouring.it\/radiotouring104\/2025\/12\/05\/reggio-migliaia-di-studenti-calabresi-presenti-allopen-day-delluniversita-mediterranea\/#breadcrumb\"},\"inLanguage\":\"it-IT\",\"potentialAction\":[{\"@type\":\"ReadAction\",\"target\":[\"https:\/\/progettotouring.it\/radiotouring104\/2025\/12\/05\/reggio-migliaia-di-studenti-calabresi-presenti-allopen-day-delluniversita-mediterranea\/\"]}]},{\"@type\":\"ImageObject\",\"inLanguage\":\"it-IT\",\"@id\":\"https:\/\/progettotouring.it\/radiotouring104\/2025\/12\/05\/reggio-migliaia-di-studenti-calabresi-presenti-allopen-day-delluniversita-mediterranea\/#primaryimage\",\"url\":\"https:\/\/progettotouring.it\/radiotouring104\/wp-content\/uploads\/sites\/6\/2025\/12\/UniRC_Open-Day-2-scaled.jpg\",\"contentUrl\":\"https:\/\/progettotouring.it\/radiotouring104\/wp-content\/uploads\/sites\/6\/2025\/12\/UniRC_Open-Day-2-scaled.jpg\",\"width\":2560,\"height\":1707},{\"@type\":\"BreadcrumbList\",\"@id\":\"https:\/\/progettotouring.it\/radiotouring104\/2025\/12\/05\/reggio-migliaia-di-studenti-calabresi-presenti-allopen-day-delluniversita-mediterranea\/#breadcrumb\",\"itemListElement\":[{\"@type\":\"ListItem\",\"position\":1,\"name\":\"Home\",\"item\":\"https:\/\/progettotouring.it\/radiotouring104\/\"},{\"@type\":\"ListItem\",\"position\":2,\"name\":\"Reggio: migliaia di studenti calabresi presenti all&#8217;Open Day dell&#8217;Universit\u00e0 Mediterranea\"}]},{\"@type\":\"WebSite\",\"@id\":\"https:\/\/progettotouring.it\/radiotouring104\/#website\",\"url\":\"https:\/\/progettotouring.it\/radiotouring104\/\",\"name\":\"Radio Touring 104\",\"description\":\"La prima radio Reggina\",\"publisher\":{\"@id\":\"https:\/\/progettotouring.it\/radiotouring104\/#organization\"},\"potentialAction\":[{\"@type\":\"SearchAction\",\"target\":{\"@type\":\"EntryPoint\",\"urlTemplate\":\"https:\/\/progettotouring.it\/radiotouring104\/?s={search_term_string}\"},\"query-input\":{\"@type\":\"PropertyValueSpecification\",\"valueRequired\":true,\"valueName\":\"search_term_string\"}}],\"inLanguage\":\"it-IT\"},{\"@type\":\"Organization\",\"@id\":\"https:\/\/progettotouring.it\/radiotouring104\/#organization\",\"name\":\"Radio Touring 104\",\"url\":\"https:\/\/progettotouring.it\/radiotouring104\/\",\"logo\":{\"@type\":\"ImageObject\",\"inLanguage\":\"it-IT\",\"@id\":\"https:\/\/progettotouring.it\/radiotouring104\/#\/schema\/logo\/image\/\",\"url\":\"https:\/\/progettotouring.it\/radiotouring104\/wp-content\/uploads\/sites\/6\/2022\/02\/cropped-logo-radio-touring-104.png\",\"contentUrl\":\"https:\/\/progettotouring.it\/radiotouring104\/wp-content\/uploads\/sites\/6\/2022\/02\/cropped-logo-radio-touring-104.png\",\"width\":377,\"height\":182,\"caption\":\"Radio Touring 104\"},\"image\":{\"@id\":\"https:\/\/progettotouring.it\/radiotouring104\/#\/schema\/logo\/image\/\"}},{\"@type\":\"Person\",\"@id\":\"https:\/\/progettotouring.it\/radiotouring104\/#\/schema\/person\/1b3eb3c07c47136bc44c785c543e635f\",\"name\":\"redazione\",\"image\":{\"@type\":\"ImageObject\",\"inLanguage\":\"it-IT\",\"@id\":\"https:\/\/secure.gravatar.com\/avatar\/0b31605b49f100769e8b624b3e05de1b73e1692e9568a352f60f53fd072e6e11?s=96&d=mm&r=g\",\"url\":\"https:\/\/secure.gravatar.com\/avatar\/0b31605b49f100769e8b624b3e05de1b73e1692e9568a352f60f53fd072e6e11?s=96&d=mm&r=g\",\"contentUrl\":\"https:\/\/secure.gravatar.com\/avatar\/0b31605b49f100769e8b624b3e05de1b73e1692e9568a352f60f53fd072e6e11?s=96&d=mm&r=g\",\"caption\":\"redazione\"},\"url\":\"https:\/\/progettotouring.it\/radiotouring104\/author\/redazione\/\"}]}<\/script>\n<!-- \/ Yoast SEO plugin. -->","yoast_head_json":{"title":"Mediterranea: migliaia di studenti presenti all'Open Day","description":"Oltre 4000 studenti, provenienti da tutta la Calabria, hanno partecipato all'Open Day dell'Universit\u00e0 Mediterranea","robots":{"index":"index","follow":"follow","max-snippet":"max-snippet:-1","max-image-preview":"max-image-preview:large","max-video-preview":"max-video-preview:-1"},"canonical":"https:\/\/progettotouring.it\/radiotouring104\/2025\/12\/05\/reggio-migliaia-di-studenti-calabresi-presenti-allopen-day-delluniversita-mediterranea\/","og_locale":"it_IT","og_type":"article","og_title":"Mediterranea: migliaia di studenti presenti all'Open Day","og_description":"Oltre 4000 studenti, provenienti da tutta la Calabria, hanno partecipato all'Open Day dell'Universit\u00e0 Mediterranea","og_url":"https:\/\/progettotouring.it\/radiotouring104\/2025\/12\/05\/reggio-migliaia-di-studenti-calabresi-presenti-allopen-day-delluniversita-mediterranea\/","og_site_name":"Radio Touring 104","article_published_time":"2025-12-05T08:05:12+00:00","article_modified_time":"2025-12-05T11:07:00+00:00","og_image":[{"width":2560,"height":1707,"url":"https:\/\/progettotouring.it\/radiotouring104\/wp-content\/uploads\/sites\/6\/2025\/12\/UniRC_Open-Day-2-scaled.jpg","type":"image\/jpeg"}],"author":"redazione","twitter_card":"summary_large_image","twitter_misc":{"Scritto da":"redazione","Tempo di lettura stimato":"4 minuti"},"schema":{"@context":"https:\/\/schema.org","@graph":[{"@type":"Article","@id":"https:\/\/progettotouring.it\/radiotouring104\/2025\/12\/05\/reggio-migliaia-di-studenti-calabresi-presenti-allopen-day-delluniversita-mediterranea\/#article","isPartOf":{"@id":"https:\/\/progettotouring.it\/radiotouring104\/2025\/12\/05\/reggio-migliaia-di-studenti-calabresi-presenti-allopen-day-delluniversita-mediterranea\/"},"author":{"name":"redazione","@id":"https:\/\/progettotouring.it\/radiotouring104\/#\/schema\/person\/1b3eb3c07c47136bc44c785c543e635f"},"headline":"Reggio: migliaia di studenti calabresi presenti all&#8217;Open Day dell&#8217;Universit\u00e0 Mediterranea","datePublished":"2025-12-05T08:05:12+00:00","dateModified":"2025-12-05T11:07:00+00:00","mainEntityOfPage":{"@id":"https:\/\/progettotouring.it\/radiotouring104\/2025\/12\/05\/reggio-migliaia-di-studenti-calabresi-presenti-allopen-day-delluniversita-mediterranea\/"},"wordCount":775,"publisher":{"@id":"https:\/\/progettotouring.it\/radiotouring104\/#organization"},"image":{"@id":"https:\/\/progettotouring.it\/radiotouring104\/2025\/12\/05\/reggio-migliaia-di-studenti-calabresi-presenti-allopen-day-delluniversita-mediterranea\/#primaryimage"},"thumbnailUrl":"https:\/\/progettotouring.it\/radiotouring104\/wp-content\/uploads\/sites\/6\/2025\/12\/UniRC_Open-Day-2-scaled.jpg","keywords":["open day","presenti 4000 studenti calabresi","prof. Giuseppe Zimbalatti","universit\u00e0 mediterranea"],"articleSection":["Home","In primo piano","News","Reggio Calabria"],"inLanguage":"it-IT"},{"@type":"WebPage","@id":"https:\/\/progettotouring.it\/radiotouring104\/2025\/12\/05\/reggio-migliaia-di-studenti-calabresi-presenti-allopen-day-delluniversita-mediterranea\/","url":"https:\/\/progettotouring.it\/radiotouring104\/2025\/12\/05\/reggio-migliaia-di-studenti-calabresi-presenti-allopen-day-delluniversita-mediterranea\/","name":"Mediterranea: migliaia di studenti presenti all'Open Day","isPartOf":{"@id":"https:\/\/progettotouring.it\/radiotouring104\/#website"},"primaryImageOfPage":{"@id":"https:\/\/progettotouring.it\/radiotouring104\/2025\/12\/05\/reggio-migliaia-di-studenti-calabresi-presenti-allopen-day-delluniversita-mediterranea\/#primaryimage"},"image":{"@id":"https:\/\/progettotouring.it\/radiotouring104\/2025\/12\/05\/reggio-migliaia-di-studenti-calabresi-presenti-allopen-day-delluniversita-mediterranea\/#primaryimage"},"thumbnailUrl":"https:\/\/progettotouring.it\/radiotouring104\/wp-content\/uploads\/sites\/6\/2025\/12\/UniRC_Open-Day-2-scaled.jpg","datePublished":"2025-12-05T08:05:12+00:00","dateModified":"2025-12-05T11:07:00+00:00","description":"Oltre 4000 studenti, provenienti da tutta la Calabria, hanno partecipato all'Open Day dell'Universit\u00e0 Mediterranea","breadcrumb":{"@id":"https:\/\/progettotouring.it\/radiotouring104\/2025\/12\/05\/reggio-migliaia-di-studenti-calabresi-presenti-allopen-day-delluniversita-mediterranea\/#breadcrumb"},"inLanguage":"it-IT","potentialAction":[{"@type":"ReadAction","target":["https:\/\/progettotouring.it\/radiotouring104\/2025\/12\/05\/reggio-migliaia-di-studenti-calabresi-presenti-allopen-day-delluniversita-mediterranea\/"]}]},{"@type":"ImageObject","inLanguage":"it-IT","@id":"https:\/\/progettotouring.it\/radiotouring104\/2025\/12\/05\/reggio-migliaia-di-studenti-calabresi-presenti-allopen-day-delluniversita-mediterranea\/#primaryimage","url":"https:\/\/progettotouring.it\/radiotouring104\/wp-content\/uploads\/sites\/6\/2025\/12\/UniRC_Open-Day-2-scaled.jpg","contentUrl":"https:\/\/progettotouring.it\/radiotouring104\/wp-content\/uploads\/sites\/6\/2025\/12\/UniRC_Open-Day-2-scaled.jpg","width":2560,"height":1707},{"@type":"BreadcrumbList","@id":"https:\/\/progettotouring.it\/radiotouring104\/2025\/12\/05\/reggio-migliaia-di-studenti-calabresi-presenti-allopen-day-delluniversita-mediterranea\/#breadcrumb","itemListElement":[{"@type":"ListItem","position":1,"name":"Home","item":"https:\/\/progettotouring.it\/radiotouring104\/"},{"@type":"ListItem","position":2,"name":"Reggio: migliaia di studenti calabresi presenti all&#8217;Open Day dell&#8217;Universit\u00e0 Mediterranea"}]},{"@type":"WebSite","@id":"https:\/\/progettotouring.it\/radiotouring104\/#website","url":"https:\/\/progettotouring.it\/radiotouring104\/","name":"Radio Touring 104","description":"La prima radio Reggina","publisher":{"@id":"https:\/\/progettotouring.it\/radiotouring104\/#organization"},"potentialAction":[{"@type":"SearchAction","target":{"@type":"EntryPoint","urlTemplate":"https:\/\/progettotouring.it\/radiotouring104\/?s={search_term_string}"},"query-input":{"@type":"PropertyValueSpecification","valueRequired":true,"valueName":"search_term_string"}}],"inLanguage":"it-IT"},{"@type":"Organization","@id":"https:\/\/progettotouring.it\/radiotouring104\/#organization","name":"Radio Touring 104","url":"https:\/\/progettotouring.it\/radiotouring104\/","logo":{"@type":"ImageObject","inLanguage":"it-IT","@id":"https:\/\/progettotouring.it\/radiotouring104\/#\/schema\/logo\/image\/","url":"https:\/\/progettotouring.it\/radiotouring104\/wp-content\/uploads\/sites\/6\/2022\/02\/cropped-logo-radio-touring-104.png","contentUrl":"https:\/\/progettotouring.it\/radiotouring104\/wp-content\/uploads\/sites\/6\/2022\/02\/cropped-logo-radio-touring-104.png","width":377,"height":182,"caption":"Radio Touring 104"},"image":{"@id":"https:\/\/progettotouring.it\/radiotouring104\/#\/schema\/logo\/image\/"}},{"@type":"Person","@id":"https:\/\/progettotouring.it\/radiotouring104\/#\/schema\/person\/1b3eb3c07c47136bc44c785c543e635f","name":"redazione","image":{"@type":"ImageObject","inLanguage":"it-IT","@id":"https:\/\/secure.gravatar.com\/avatar\/0b31605b49f100769e8b624b3e05de1b73e1692e9568a352f60f53fd072e6e11?s=96&d=mm&r=g","url":"https:\/\/secure.gravatar.com\/avatar\/0b31605b49f100769e8b624b3e05de1b73e1692e9568a352f60f53fd072e6e11?s=96&d=mm&r=g","contentUrl":"https:\/\/secure.gravatar.com\/avatar\/0b31605b49f100769e8b624b3e05de1b73e1692e9568a352f60f53fd072e6e11?s=96&d=mm&r=g","caption":"redazione"},"url":"https:\/\/progettotouring.it\/radiotouring104\/author\/redazione\/"}]}},"jetpack_publicize_connections":[],"jetpack_featured_media_url":"https:\/\/progettotouring.it\/radiotouring104\/wp-content\/uploads\/sites\/6\/2025\/12\/UniRC_Open-Day-2-scaled.jpg","jetpack_sharing_enabled":true,"_links":{"self":[{"href":"https:\/\/progettotouring.it\/radiotouring104\/wp-json\/wp\/v2\/posts\/86950","targetHints":{"allow":["GET"]}}],"collection":[{"href":"https:\/\/progettotouring.it\/radiotouring104\/wp-json\/wp\/v2\/posts"}],"about":[{"href":"https:\/\/progettotouring.it\/radiotouring104\/wp-json\/wp\/v2\/types\/post"}],"author":[{"embeddable":true,"href":"https:\/\/progettotouring.it\/radiotouring104\/wp-json\/wp\/v2\/users\/5"}],"replies":[{"embeddable":true,"href":"https:\/\/progettotouring.it\/radiotouring104\/wp-json\/wp\/v2\/comments?post=86950"}],"version-history":[{"count":1,"href":"https:\/\/progettotouring.it\/radiotouring104\/wp-json\/wp\/v2\/posts\/86950\/revisions"}],"predecessor-version":[{"id":86952,"href":"https:\/\/progettotouring.it\/radiotouring104\/wp-json\/wp\/v2\/posts\/86950\/revisions\/86952"}],"wp:featuredmedia":[{"embeddable":true,"href":"https:\/\/progettotouring.it\/radiotouring104\/wp-json\/wp\/v2\/media\/86951"}],"wp:attachment":[{"href":"https:\/\/progettotouring.it\/radiotouring104\/wp-json\/wp\/v2\/media?parent=86950"}],"wp:term":[{"taxonomy":"category","embeddable":true,"href":"https:\/\/progettotouring.it\/radiotouring104\/wp-json\/wp\/v2\/categories?post=86950"},{"taxonomy":"post_tag","embeddable":true,"href":"https:\/\/progettotouring.it\/radiotouring104\/wp-json\/wp\/v2\/tags?post=86950"}],"curies":[{"name":"wp","href":"https:\/\/api.w.org\/{rel}","templated":true}]}}