{"id":86953,"date":"2025-12-05T09:17:10","date_gmt":"2025-12-05T08:17:10","guid":{"rendered":"https:\/\/progettotouring.it\/radiotouring104\/?p=86953"},"modified":"2025-12-05T12:07:05","modified_gmt":"2025-12-05T11:07:05","slug":"istituita-unedizione-nazionale-per-corrado-alvaro-soddisfatta-leuroparlamentare-princi","status":"publish","type":"post","link":"https:\/\/progettotouring.it\/radiotouring104\/2025\/12\/05\/istituita-unedizione-nazionale-per-corrado-alvaro-soddisfatta-leuroparlamentare-princi\/","title":{"rendered":"Istituita un&#8217;edizione Nazionale per Corrado Alvaro. Soddisfatta l&#8217;europarlamentare Princi"},"content":{"rendered":"<p>Sar\u00e0 realizzata un&#8217;edizione nazionale dell&#8217;opera omnia di Corrado Alvaro, lo scrittore calabrese nato a San Luca riconosciuto di recente tra i pi\u00f9 importanti del Novecento. Lo hanno annunciato, nel corso di una conferenza stampa a Catanzaro, l&#8217;europarlamentare Giusi Princi e l&#8217;assessore regionale all&#8217;Istruzione Eulalia Micheli.<\/p>\n<p>L&#8217;impulso per ottenere il riconoscimento aveva preso il via gi\u00e0 durante la precedente legislatura regionale.<\/p>\n<p>&#8220;Una bellissima pagina di Calabria &#8211; ha detto Giusi Princi &#8211; che, grazie al suo figlio pi\u00f9 illustre del secondo &#8216;900, si riprende la sua storia di cultura e di civilt\u00e0 plurimillenaria.<\/p>\n<p>Si tratta di un riconoscimento significativo, il primo per uno scrittore calabrese. Corrado Alvaro s&#8217;inserisce cos\u00ec tra gli autori classici al pari dei grandi nazionali quali Dante, Boccaccio e Petrarca. Un risultato che abbiamo fortemente voluto con il presidente della Regione, Roberto Occhiuto, quando io ero delegata alla Cultura e che abbiamo concretizzato grazie all&#8217;aiuto del professor Aldo Morace, massimo italianista vivente&#8221;.<\/p>\n<p>Secondo quanto riferito, l&#8217;opera omnia di Corrado Alvaro sar\u00e0 edita in 21 volumi dalla casa editrice &#8220;La Nave di Perseo&#8221; ma anche in manuali tascabili, rivolti al mondo scolastico e accademico, e in un&#8217;edizione digitale.<\/p>\n<p>&#8220;Si sta lavorando, in collaborazione con l&#8217;assessore Micheli &#8211; ha detto ancora Princi &#8211; all&#8217;istituzione di un parco letterario.<\/p>\n<p>Attualmente la Calabria pu\u00f2 vantarne solo uno, quello di Tarsia.<\/p>\n<p>Questo implica la valorizzazione del patrimonio letterario non solo di San Luca ma anche delle aree limitrofe in cui hanno operato importanti scrittori come Mario La Cava e Saverio Strati&#8221;.<\/p>\n<p>Secondo il presidente della Regione, Roberto Occhiuto, che \u00e8 intervenuto con un videomessaggio, &#8220;la Calabria avr\u00e0 l&#8217;omnia di Corrado Alvaro consegnata alla letteratura internazionale attraverso l&#8217;opera cartacea ma anche attraverso i supporti digitali. Non era mai successo in 150 anni. Un risultato che assume un valore ancora pi\u00f9 considerevole per l&#8217;intera regione e anche per i luoghi di Corrado Alvaro e, in particolare, per San Luca, comune ricordato sempre e soltanto con lo stigma della &#8216;ndrangheta&#8221;.<\/p>\n<p>L&#8217;assessore Micheli ha parlato di &#8220;un traguardo storico per la Calabria che rappresenta un motivo di profondo orgoglio e di responsabilit\u00e0. Ci impegneremo affinch\u00e9 le opere di Corrado Alvaro entrino stabilmente nei percorsi scolastici e a breve promuoveremo un protocollo d&#8217;intesa con l&#8217;Ufficio scolastico regionale per far conoscere alle nuove generazioni tutti gli scrittori calabresi&#8221;. Aldo Morace, intervenuto in video collegamento alla conferenza stampa, si \u00e9 detto &#8220;molto commosso perch\u00e9 &#8211; ha affermato &#8211; amo appassionatamente la mia terra. Questo risultato &#8211; ha affermato Morace &#8211; \u00e8 il frutto di un incontro fondamentale, quello con Giusi Princi. Uno studioso si sente spesso emarginato dal tessuto vivo della politica e della regione. E invece il grande merito di Princi \u00e8 stato quello di suscitare speranza. Da qui \u00e8 nata tra noi una simbiosi culturale. Ho finalmente pagato il debito nei confronti della regione in cui sono nato perch\u00e9 \u00e8 un risultato davvero importante&#8221;. Alla conferenza stampa ha inoltre portato il suo contributo la scrittrice Giusi Staropoli.<\/p>\n","protected":false},"excerpt":{"rendered":"<p>Sar\u00e0 realizzata un&#8217;edizione nazionale dell&#8217;opera omnia di Corrado Alvaro, lo scrittore calabrese nato a San Luca riconosciuto di recente tra i pi\u00f9 importanti del Novecento. Lo hanno annunciato, nel corso&hellip;<\/p>\n","protected":false},"author":5,"featured_media":86956,"comment_status":"closed","ping_status":"open","sticky":false,"template":"","format":"standard","meta":{"_jetpack_memberships_contains_paid_content":false,"footnotes":"","jetpack_publicize_message":"","jetpack_publicize_feature_enabled":true,"jetpack_social_post_already_shared":true,"jetpack_social_options":{"image_generator_settings":{"template":"highway","default_image_id":0,"font":"","enabled":false},"version":2}},"categories":[921,150,196,140],"tags":[698,212,18230,48871,1839,49331,49330],"class_list":["post-86953","post","type-post","status-publish","format-standard","has-post-thumbnail","hentry","category-home","category-in-primo-piano","category-news","category-reggio-calabria","tag-catanzaro","tag-conferenza-stampa","tag-corrado-alvaro","tag-eulalia-micheli","tag-giusy-princi","tag-importante-riscatto-culturale-per-la-calabria","tag-istituita-unedizione-nazionale"],"yoast_head":"<!-- This site is optimized with the Yoast SEO plugin v27.2 - https:\/\/yoast.com\/product\/yoast-seo-wordpress\/ -->\n<title>Istituita un&#039;edizione Nazionale per Corrado Alvaro<\/title>\n<meta name=\"description\" content=\"&quot;Importante riscatto culturale per la Calabria&quot;:, ha dichiarato Princi in conferenza stampa, insieme all&#039;assessore regionale Micheli\" \/>\n<meta name=\"robots\" content=\"index, follow, max-snippet:-1, max-image-preview:large, max-video-preview:-1\" \/>\n<link rel=\"canonical\" href=\"https:\/\/progettotouring.it\/radiotouring104\/2025\/12\/05\/istituita-unedizione-nazionale-per-corrado-alvaro-soddisfatta-leuroparlamentare-princi\/\" \/>\n<meta property=\"og:locale\" content=\"it_IT\" \/>\n<meta property=\"og:type\" content=\"article\" \/>\n<meta property=\"og:title\" content=\"Istituita un&#039;edizione Nazionale per Corrado Alvaro\" \/>\n<meta property=\"og:description\" content=\"&quot;Importante riscatto culturale per la Calabria&quot;:, ha dichiarato Princi in conferenza stampa, insieme all&#039;assessore regionale Micheli\" \/>\n<meta property=\"og:url\" content=\"https:\/\/progettotouring.it\/radiotouring104\/2025\/12\/05\/istituita-unedizione-nazionale-per-corrado-alvaro-soddisfatta-leuroparlamentare-princi\/\" \/>\n<meta property=\"og:site_name\" content=\"Radio Touring 104\" \/>\n<meta property=\"article:published_time\" content=\"2025-12-05T08:17:10+00:00\" \/>\n<meta property=\"article:modified_time\" content=\"2025-12-05T11:07:05+00:00\" \/>\n<meta property=\"og:image\" content=\"https:\/\/progettotouring.it\/radiotouring104\/wp-content\/uploads\/sites\/6\/2025\/12\/Giusy-Princi-9-1.jpeg\" \/>\n\t<meta property=\"og:image:width\" content=\"1440\" \/>\n\t<meta property=\"og:image:height\" content=\"1091\" \/>\n\t<meta property=\"og:image:type\" content=\"image\/jpeg\" \/>\n<meta name=\"author\" content=\"redazione\" \/>\n<meta name=\"twitter:card\" content=\"summary_large_image\" \/>\n<meta name=\"twitter:label1\" content=\"Scritto da\" \/>\n\t<meta name=\"twitter:data1\" content=\"redazione\" \/>\n\t<meta name=\"twitter:label2\" content=\"Tempo di lettura stimato\" \/>\n\t<meta name=\"twitter:data2\" content=\"2 minuti\" \/>\n<script type=\"application\/ld+json\" class=\"yoast-schema-graph\">{\"@context\":\"https:\/\/schema.org\",\"@graph\":[{\"@type\":\"Article\",\"@id\":\"https:\/\/progettotouring.it\/radiotouring104\/2025\/12\/05\/istituita-unedizione-nazionale-per-corrado-alvaro-soddisfatta-leuroparlamentare-princi\/#article\",\"isPartOf\":{\"@id\":\"https:\/\/progettotouring.it\/radiotouring104\/2025\/12\/05\/istituita-unedizione-nazionale-per-corrado-alvaro-soddisfatta-leuroparlamentare-princi\/\"},\"author\":{\"name\":\"redazione\",\"@id\":\"https:\/\/progettotouring.it\/radiotouring104\/#\/schema\/person\/1b3eb3c07c47136bc44c785c543e635f\"},\"headline\":\"Istituita un&#8217;edizione Nazionale per Corrado Alvaro. Soddisfatta l&#8217;europarlamentare Princi\",\"datePublished\":\"2025-12-05T08:17:10+00:00\",\"dateModified\":\"2025-12-05T11:07:05+00:00\",\"mainEntityOfPage\":{\"@id\":\"https:\/\/progettotouring.it\/radiotouring104\/2025\/12\/05\/istituita-unedizione-nazionale-per-corrado-alvaro-soddisfatta-leuroparlamentare-princi\/\"},\"wordCount\":490,\"publisher\":{\"@id\":\"https:\/\/progettotouring.it\/radiotouring104\/#organization\"},\"image\":{\"@id\":\"https:\/\/progettotouring.it\/radiotouring104\/2025\/12\/05\/istituita-unedizione-nazionale-per-corrado-alvaro-soddisfatta-leuroparlamentare-princi\/#primaryimage\"},\"thumbnailUrl\":\"https:\/\/progettotouring.it\/radiotouring104\/wp-content\/uploads\/sites\/6\/2025\/12\/Giusy-Princi-9-1.jpeg\",\"keywords\":[\"catanzaro\",\"conferenza stampa\",\"corrado alvaro\",\"Eulalia Micheli\",\"Giusy Princi\",\"Importante riscatto culturale per la Calabria\",\"istituita un'edizione nazionale\"],\"articleSection\":[\"Home\",\"In primo piano\",\"News\",\"Reggio Calabria\"],\"inLanguage\":\"it-IT\"},{\"@type\":\"WebPage\",\"@id\":\"https:\/\/progettotouring.it\/radiotouring104\/2025\/12\/05\/istituita-unedizione-nazionale-per-corrado-alvaro-soddisfatta-leuroparlamentare-princi\/\",\"url\":\"https:\/\/progettotouring.it\/radiotouring104\/2025\/12\/05\/istituita-unedizione-nazionale-per-corrado-alvaro-soddisfatta-leuroparlamentare-princi\/\",\"name\":\"Istituita un'edizione Nazionale per Corrado Alvaro\",\"isPartOf\":{\"@id\":\"https:\/\/progettotouring.it\/radiotouring104\/#website\"},\"primaryImageOfPage\":{\"@id\":\"https:\/\/progettotouring.it\/radiotouring104\/2025\/12\/05\/istituita-unedizione-nazionale-per-corrado-alvaro-soddisfatta-leuroparlamentare-princi\/#primaryimage\"},\"image\":{\"@id\":\"https:\/\/progettotouring.it\/radiotouring104\/2025\/12\/05\/istituita-unedizione-nazionale-per-corrado-alvaro-soddisfatta-leuroparlamentare-princi\/#primaryimage\"},\"thumbnailUrl\":\"https:\/\/progettotouring.it\/radiotouring104\/wp-content\/uploads\/sites\/6\/2025\/12\/Giusy-Princi-9-1.jpeg\",\"datePublished\":\"2025-12-05T08:17:10+00:00\",\"dateModified\":\"2025-12-05T11:07:05+00:00\",\"description\":\"\\\"Importante riscatto culturale per la Calabria\\\":, ha dichiarato Princi in conferenza stampa, insieme all'assessore regionale Micheli\",\"breadcrumb\":{\"@id\":\"https:\/\/progettotouring.it\/radiotouring104\/2025\/12\/05\/istituita-unedizione-nazionale-per-corrado-alvaro-soddisfatta-leuroparlamentare-princi\/#breadcrumb\"},\"inLanguage\":\"it-IT\",\"potentialAction\":[{\"@type\":\"ReadAction\",\"target\":[\"https:\/\/progettotouring.it\/radiotouring104\/2025\/12\/05\/istituita-unedizione-nazionale-per-corrado-alvaro-soddisfatta-leuroparlamentare-princi\/\"]}]},{\"@type\":\"ImageObject\",\"inLanguage\":\"it-IT\",\"@id\":\"https:\/\/progettotouring.it\/radiotouring104\/2025\/12\/05\/istituita-unedizione-nazionale-per-corrado-alvaro-soddisfatta-leuroparlamentare-princi\/#primaryimage\",\"url\":\"https:\/\/progettotouring.it\/radiotouring104\/wp-content\/uploads\/sites\/6\/2025\/12\/Giusy-Princi-9-1.jpeg\",\"contentUrl\":\"https:\/\/progettotouring.it\/radiotouring104\/wp-content\/uploads\/sites\/6\/2025\/12\/Giusy-Princi-9-1.jpeg\",\"width\":1440,\"height\":1091},{\"@type\":\"BreadcrumbList\",\"@id\":\"https:\/\/progettotouring.it\/radiotouring104\/2025\/12\/05\/istituita-unedizione-nazionale-per-corrado-alvaro-soddisfatta-leuroparlamentare-princi\/#breadcrumb\",\"itemListElement\":[{\"@type\":\"ListItem\",\"position\":1,\"name\":\"Home\",\"item\":\"https:\/\/progettotouring.it\/radiotouring104\/\"},{\"@type\":\"ListItem\",\"position\":2,\"name\":\"Istituita un&#8217;edizione Nazionale per Corrado Alvaro. Soddisfatta l&#8217;europarlamentare Princi\"}]},{\"@type\":\"WebSite\",\"@id\":\"https:\/\/progettotouring.it\/radiotouring104\/#website\",\"url\":\"https:\/\/progettotouring.it\/radiotouring104\/\",\"name\":\"Radio Touring 104\",\"description\":\"La prima radio Reggina\",\"publisher\":{\"@id\":\"https:\/\/progettotouring.it\/radiotouring104\/#organization\"},\"potentialAction\":[{\"@type\":\"SearchAction\",\"target\":{\"@type\":\"EntryPoint\",\"urlTemplate\":\"https:\/\/progettotouring.it\/radiotouring104\/?s={search_term_string}\"},\"query-input\":{\"@type\":\"PropertyValueSpecification\",\"valueRequired\":true,\"valueName\":\"search_term_string\"}}],\"inLanguage\":\"it-IT\"},{\"@type\":\"Organization\",\"@id\":\"https:\/\/progettotouring.it\/radiotouring104\/#organization\",\"name\":\"Radio Touring 104\",\"url\":\"https:\/\/progettotouring.it\/radiotouring104\/\",\"logo\":{\"@type\":\"ImageObject\",\"inLanguage\":\"it-IT\",\"@id\":\"https:\/\/progettotouring.it\/radiotouring104\/#\/schema\/logo\/image\/\",\"url\":\"https:\/\/progettotouring.it\/radiotouring104\/wp-content\/uploads\/sites\/6\/2022\/02\/cropped-logo-radio-touring-104.png\",\"contentUrl\":\"https:\/\/progettotouring.it\/radiotouring104\/wp-content\/uploads\/sites\/6\/2022\/02\/cropped-logo-radio-touring-104.png\",\"width\":377,\"height\":182,\"caption\":\"Radio Touring 104\"},\"image\":{\"@id\":\"https:\/\/progettotouring.it\/radiotouring104\/#\/schema\/logo\/image\/\"}},{\"@type\":\"Person\",\"@id\":\"https:\/\/progettotouring.it\/radiotouring104\/#\/schema\/person\/1b3eb3c07c47136bc44c785c543e635f\",\"name\":\"redazione\",\"image\":{\"@type\":\"ImageObject\",\"inLanguage\":\"it-IT\",\"@id\":\"https:\/\/secure.gravatar.com\/avatar\/0b31605b49f100769e8b624b3e05de1b73e1692e9568a352f60f53fd072e6e11?s=96&d=mm&r=g\",\"url\":\"https:\/\/secure.gravatar.com\/avatar\/0b31605b49f100769e8b624b3e05de1b73e1692e9568a352f60f53fd072e6e11?s=96&d=mm&r=g\",\"contentUrl\":\"https:\/\/secure.gravatar.com\/avatar\/0b31605b49f100769e8b624b3e05de1b73e1692e9568a352f60f53fd072e6e11?s=96&d=mm&r=g\",\"caption\":\"redazione\"},\"url\":\"https:\/\/progettotouring.it\/radiotouring104\/author\/redazione\/\"}]}<\/script>\n<!-- \/ Yoast SEO plugin. -->","yoast_head_json":{"title":"Istituita un'edizione Nazionale per Corrado Alvaro","description":"\"Importante riscatto culturale per la Calabria\":, ha dichiarato Princi in conferenza stampa, insieme all'assessore regionale Micheli","robots":{"index":"index","follow":"follow","max-snippet":"max-snippet:-1","max-image-preview":"max-image-preview:large","max-video-preview":"max-video-preview:-1"},"canonical":"https:\/\/progettotouring.it\/radiotouring104\/2025\/12\/05\/istituita-unedizione-nazionale-per-corrado-alvaro-soddisfatta-leuroparlamentare-princi\/","og_locale":"it_IT","og_type":"article","og_title":"Istituita un'edizione Nazionale per Corrado Alvaro","og_description":"\"Importante riscatto culturale per la Calabria\":, ha dichiarato Princi in conferenza stampa, insieme all'assessore regionale Micheli","og_url":"https:\/\/progettotouring.it\/radiotouring104\/2025\/12\/05\/istituita-unedizione-nazionale-per-corrado-alvaro-soddisfatta-leuroparlamentare-princi\/","og_site_name":"Radio Touring 104","article_published_time":"2025-12-05T08:17:10+00:00","article_modified_time":"2025-12-05T11:07:05+00:00","og_image":[{"width":1440,"height":1091,"url":"https:\/\/progettotouring.it\/radiotouring104\/wp-content\/uploads\/sites\/6\/2025\/12\/Giusy-Princi-9-1.jpeg","type":"image\/jpeg"}],"author":"redazione","twitter_card":"summary_large_image","twitter_misc":{"Scritto da":"redazione","Tempo di lettura stimato":"2 minuti"},"schema":{"@context":"https:\/\/schema.org","@graph":[{"@type":"Article","@id":"https:\/\/progettotouring.it\/radiotouring104\/2025\/12\/05\/istituita-unedizione-nazionale-per-corrado-alvaro-soddisfatta-leuroparlamentare-princi\/#article","isPartOf":{"@id":"https:\/\/progettotouring.it\/radiotouring104\/2025\/12\/05\/istituita-unedizione-nazionale-per-corrado-alvaro-soddisfatta-leuroparlamentare-princi\/"},"author":{"name":"redazione","@id":"https:\/\/progettotouring.it\/radiotouring104\/#\/schema\/person\/1b3eb3c07c47136bc44c785c543e635f"},"headline":"Istituita un&#8217;edizione Nazionale per Corrado Alvaro. Soddisfatta l&#8217;europarlamentare Princi","datePublished":"2025-12-05T08:17:10+00:00","dateModified":"2025-12-05T11:07:05+00:00","mainEntityOfPage":{"@id":"https:\/\/progettotouring.it\/radiotouring104\/2025\/12\/05\/istituita-unedizione-nazionale-per-corrado-alvaro-soddisfatta-leuroparlamentare-princi\/"},"wordCount":490,"publisher":{"@id":"https:\/\/progettotouring.it\/radiotouring104\/#organization"},"image":{"@id":"https:\/\/progettotouring.it\/radiotouring104\/2025\/12\/05\/istituita-unedizione-nazionale-per-corrado-alvaro-soddisfatta-leuroparlamentare-princi\/#primaryimage"},"thumbnailUrl":"https:\/\/progettotouring.it\/radiotouring104\/wp-content\/uploads\/sites\/6\/2025\/12\/Giusy-Princi-9-1.jpeg","keywords":["catanzaro","conferenza stampa","corrado alvaro","Eulalia Micheli","Giusy Princi","Importante riscatto culturale per la Calabria","istituita un'edizione nazionale"],"articleSection":["Home","In primo piano","News","Reggio Calabria"],"inLanguage":"it-IT"},{"@type":"WebPage","@id":"https:\/\/progettotouring.it\/radiotouring104\/2025\/12\/05\/istituita-unedizione-nazionale-per-corrado-alvaro-soddisfatta-leuroparlamentare-princi\/","url":"https:\/\/progettotouring.it\/radiotouring104\/2025\/12\/05\/istituita-unedizione-nazionale-per-corrado-alvaro-soddisfatta-leuroparlamentare-princi\/","name":"Istituita un'edizione Nazionale per Corrado Alvaro","isPartOf":{"@id":"https:\/\/progettotouring.it\/radiotouring104\/#website"},"primaryImageOfPage":{"@id":"https:\/\/progettotouring.it\/radiotouring104\/2025\/12\/05\/istituita-unedizione-nazionale-per-corrado-alvaro-soddisfatta-leuroparlamentare-princi\/#primaryimage"},"image":{"@id":"https:\/\/progettotouring.it\/radiotouring104\/2025\/12\/05\/istituita-unedizione-nazionale-per-corrado-alvaro-soddisfatta-leuroparlamentare-princi\/#primaryimage"},"thumbnailUrl":"https:\/\/progettotouring.it\/radiotouring104\/wp-content\/uploads\/sites\/6\/2025\/12\/Giusy-Princi-9-1.jpeg","datePublished":"2025-12-05T08:17:10+00:00","dateModified":"2025-12-05T11:07:05+00:00","description":"\"Importante riscatto culturale per la Calabria\":, ha dichiarato Princi in conferenza stampa, insieme all'assessore regionale Micheli","breadcrumb":{"@id":"https:\/\/progettotouring.it\/radiotouring104\/2025\/12\/05\/istituita-unedizione-nazionale-per-corrado-alvaro-soddisfatta-leuroparlamentare-princi\/#breadcrumb"},"inLanguage":"it-IT","potentialAction":[{"@type":"ReadAction","target":["https:\/\/progettotouring.it\/radiotouring104\/2025\/12\/05\/istituita-unedizione-nazionale-per-corrado-alvaro-soddisfatta-leuroparlamentare-princi\/"]}]},{"@type":"ImageObject","inLanguage":"it-IT","@id":"https:\/\/progettotouring.it\/radiotouring104\/2025\/12\/05\/istituita-unedizione-nazionale-per-corrado-alvaro-soddisfatta-leuroparlamentare-princi\/#primaryimage","url":"https:\/\/progettotouring.it\/radiotouring104\/wp-content\/uploads\/sites\/6\/2025\/12\/Giusy-Princi-9-1.jpeg","contentUrl":"https:\/\/progettotouring.it\/radiotouring104\/wp-content\/uploads\/sites\/6\/2025\/12\/Giusy-Princi-9-1.jpeg","width":1440,"height":1091},{"@type":"BreadcrumbList","@id":"https:\/\/progettotouring.it\/radiotouring104\/2025\/12\/05\/istituita-unedizione-nazionale-per-corrado-alvaro-soddisfatta-leuroparlamentare-princi\/#breadcrumb","itemListElement":[{"@type":"ListItem","position":1,"name":"Home","item":"https:\/\/progettotouring.it\/radiotouring104\/"},{"@type":"ListItem","position":2,"name":"Istituita un&#8217;edizione Nazionale per Corrado Alvaro. Soddisfatta l&#8217;europarlamentare Princi"}]},{"@type":"WebSite","@id":"https:\/\/progettotouring.it\/radiotouring104\/#website","url":"https:\/\/progettotouring.it\/radiotouring104\/","name":"Radio Touring 104","description":"La prima radio Reggina","publisher":{"@id":"https:\/\/progettotouring.it\/radiotouring104\/#organization"},"potentialAction":[{"@type":"SearchAction","target":{"@type":"EntryPoint","urlTemplate":"https:\/\/progettotouring.it\/radiotouring104\/?s={search_term_string}"},"query-input":{"@type":"PropertyValueSpecification","valueRequired":true,"valueName":"search_term_string"}}],"inLanguage":"it-IT"},{"@type":"Organization","@id":"https:\/\/progettotouring.it\/radiotouring104\/#organization","name":"Radio Touring 104","url":"https:\/\/progettotouring.it\/radiotouring104\/","logo":{"@type":"ImageObject","inLanguage":"it-IT","@id":"https:\/\/progettotouring.it\/radiotouring104\/#\/schema\/logo\/image\/","url":"https:\/\/progettotouring.it\/radiotouring104\/wp-content\/uploads\/sites\/6\/2022\/02\/cropped-logo-radio-touring-104.png","contentUrl":"https:\/\/progettotouring.it\/radiotouring104\/wp-content\/uploads\/sites\/6\/2022\/02\/cropped-logo-radio-touring-104.png","width":377,"height":182,"caption":"Radio Touring 104"},"image":{"@id":"https:\/\/progettotouring.it\/radiotouring104\/#\/schema\/logo\/image\/"}},{"@type":"Person","@id":"https:\/\/progettotouring.it\/radiotouring104\/#\/schema\/person\/1b3eb3c07c47136bc44c785c543e635f","name":"redazione","image":{"@type":"ImageObject","inLanguage":"it-IT","@id":"https:\/\/secure.gravatar.com\/avatar\/0b31605b49f100769e8b624b3e05de1b73e1692e9568a352f60f53fd072e6e11?s=96&d=mm&r=g","url":"https:\/\/secure.gravatar.com\/avatar\/0b31605b49f100769e8b624b3e05de1b73e1692e9568a352f60f53fd072e6e11?s=96&d=mm&r=g","contentUrl":"https:\/\/secure.gravatar.com\/avatar\/0b31605b49f100769e8b624b3e05de1b73e1692e9568a352f60f53fd072e6e11?s=96&d=mm&r=g","caption":"redazione"},"url":"https:\/\/progettotouring.it\/radiotouring104\/author\/redazione\/"}]}},"jetpack_publicize_connections":[],"jetpack_featured_media_url":"https:\/\/progettotouring.it\/radiotouring104\/wp-content\/uploads\/sites\/6\/2025\/12\/Giusy-Princi-9-1.jpeg","jetpack_sharing_enabled":true,"_links":{"self":[{"href":"https:\/\/progettotouring.it\/radiotouring104\/wp-json\/wp\/v2\/posts\/86953","targetHints":{"allow":["GET"]}}],"collection":[{"href":"https:\/\/progettotouring.it\/radiotouring104\/wp-json\/wp\/v2\/posts"}],"about":[{"href":"https:\/\/progettotouring.it\/radiotouring104\/wp-json\/wp\/v2\/types\/post"}],"author":[{"embeddable":true,"href":"https:\/\/progettotouring.it\/radiotouring104\/wp-json\/wp\/v2\/users\/5"}],"replies":[{"embeddable":true,"href":"https:\/\/progettotouring.it\/radiotouring104\/wp-json\/wp\/v2\/comments?post=86953"}],"version-history":[{"count":1,"href":"https:\/\/progettotouring.it\/radiotouring104\/wp-json\/wp\/v2\/posts\/86953\/revisions"}],"predecessor-version":[{"id":86955,"href":"https:\/\/progettotouring.it\/radiotouring104\/wp-json\/wp\/v2\/posts\/86953\/revisions\/86955"}],"wp:featuredmedia":[{"embeddable":true,"href":"https:\/\/progettotouring.it\/radiotouring104\/wp-json\/wp\/v2\/media\/86956"}],"wp:attachment":[{"href":"https:\/\/progettotouring.it\/radiotouring104\/wp-json\/wp\/v2\/media?parent=86953"}],"wp:term":[{"taxonomy":"category","embeddable":true,"href":"https:\/\/progettotouring.it\/radiotouring104\/wp-json\/wp\/v2\/categories?post=86953"},{"taxonomy":"post_tag","embeddable":true,"href":"https:\/\/progettotouring.it\/radiotouring104\/wp-json\/wp\/v2\/tags?post=86953"}],"curies":[{"name":"wp","href":"https:\/\/api.w.org\/{rel}","templated":true}]}}