{"id":86957,"date":"2025-12-05T09:37:19","date_gmt":"2025-12-05T08:37:19","guid":{"rendered":"https:\/\/progettotouring.it\/radiotouring104\/?p=86957"},"modified":"2025-12-05T12:07:11","modified_gmt":"2025-12-05T11:07:11","slug":"reggio-la-parrocchia-di-santa-maria-di-loreto-orti-presenta-u-natali-i-paisi","status":"publish","type":"post","link":"https:\/\/progettotouring.it\/radiotouring104\/2025\/12\/05\/reggio-la-parrocchia-di-santa-maria-di-loreto-orti-presenta-u-natali-i-paisi\/","title":{"rendered":"Reggio: La Parrocchia di &#8220;Santa Maria di Loreto Ort\u00ec&#8221; presenta &#8220;U Natali i Paisi&#8221;"},"content":{"rendered":"<p>La Parrocchia di Santa Maria di Loreto Ort\u00ec, insieme all&#8217;Associazione Straorino per Sempre, presenta <strong>&#8220;U Natali i Paisi<\/strong>&#8220;, una manifestazione che unisce percorsi tematici, tradizioni, musica, sapori e comunit\u00e0, con l&#8217;obiettivo di valorizzare il territorio e le sue radici storiche. Il programma, ricco e variegato, propone un viaggio immersivo nelle tradizioni natalizie dei nostri borghi.<\/p>\n<p>Si partir\u00e0 con un percorso enogastronomico, dedicato alla degustazione dei prodotti tipici locali, valorizzando la cucina del territorio e le realt\u00e0 ristorative che promuovono saperi e sapori autentici. Seguir\u00e0 un grande momento comunitario con l&#8217;accensione del Natale, che prevede la Messa solenne, l&#8217;accensione dell&#8217;albero, la benedizione del presepe e l&#8217;illuminazione del borgo, accompagnati da musica e canti tradizionali. Ampio spazio sar\u00e0 dato alla gastronomia e alla musica, con l&#8217;inaugurazione di un mini villaggio dedicato ai sapori locali, stand, degustazioni e momenti di convivialit\u00e0, arricchiti da musiche tipiche e dalla tradizionale crispellata. Per i pi\u00f9 piccoli e per i ragazzi verr\u00e0 realizzato un laboratorio creativo, un momento ludico e inclusivo per riscoprire insieme il gusto delle attivit\u00e0 manuali e della fantasia comunitaria.<\/p>\n<p>La tradizione orale avr\u00e0 un ruolo centrale con &#8220;Canti e Cunti&#8221;, un incontro fatto di melodie, racconti, danze popolari e una gara dedicata ai &#8220;Canti di Natale&#8221;, accompagnata dalla degustazione di dolci tipici locali. Non mancher\u00e0 inoltre un appuntamento interamente dedicato ai Canti di Natale, con il momento conclusivo della &#8220;Gara di Canto&#8221;.<\/p>\n<p>Il cuore musicale delle festivit\u00e0 sar\u00e0 il Concerto di Natale, nella Chiesa del Loreto Ort\u00ec, con brani della tradizione cristiana eseguiti dal coro &#8220;Chorus Christi&#8221; sotto la direzione del Maestro Antonio Ripepi.<\/p>\n<p>La festa proseguir\u00e0 con gli eventi legati all&#8217;Epifania: una grande tombolata per adulti e bambini e il tradizionale passaggio della Befana, che visiter\u00e0 le vie del quartiere distribuendo dolci e carbone.<\/p>\n<p>A completare il percorso, la manifestazione propone un itinerario artistico e religioso con l&#8217;apertura delle chiese del territorio, per riscoprirne storia, opere e spiritualit\u00e0. Accanto a ci\u00f2, saranno attive le visite ai locali artigianali, tra cui le Terre di Tolla (produzione del miele) e &#8220;Il Filo di Seta&#8221; (Museo della seta), permettendo di conoscere da vicino antichi mestieri e produzioni tradizionali.<\/p>\n<p>Di grande rilievo sar\u00e0 l&#8217;apertura dell&#8217;Ecomuseo della Seta, un luogo simbolo della storia rurale calabrese: dal baco ai capi d&#8217;epoca, un percorso affascinante alla scoperta dell&#8217;arte serica, che sar\u00e0 visitabile durante i fine settimana della manifestazione<\/p>\n<p>Don Giovanni Zappal\u00e0 Parroco di queste comunit\u00e0 conclude sottolineando che: \u00abViviamo queste giornate non solo per riscoprire le nostre tradizioni, ma perch\u00e9 il Signore stesso viene a incontrarci. Ogni gesto, ogni canto, ogni momento di festa \u00e8 un\u2019occasione per sentire la Sua presenza tra noi, per aprire il cuore alla gioia e alla speranza.<\/p>\n<p>Il Natale ci ricorda che Dio cammina con noi, illumina le nostre case, le nostre piazze, le nostre comunit\u00e0. \u00c8 un invito a vivere insieme, con fraternit\u00e0 e amore, la bellezza del Suo dono.\u00bb<\/p>\n<p>Il programma completo dei vari appuntamenti \u00e8 riportato nella locandina ufficiale.<\/p>\n","protected":false},"excerpt":{"rendered":"<p>La Parrocchia di Santa Maria di Loreto Ort\u00ec, insieme all&#8217;Associazione Straorino per Sempre, presenta &#8220;U Natali i Paisi&#8220;, una manifestazione che unisce percorsi tematici, tradizioni, musica, sapori e comunit\u00e0, con&hellip;<\/p>\n","protected":false},"author":5,"featured_media":86958,"comment_status":"closed","ping_status":"open","sticky":false,"template":"","format":"standard","meta":{"_jetpack_memberships_contains_paid_content":false,"footnotes":"","jetpack_publicize_message":"","jetpack_publicize_feature_enabled":true,"jetpack_social_post_already_shared":true,"jetpack_social_options":{"image_generator_settings":{"template":"highway","default_image_id":0,"font":"","enabled":false},"version":2}},"categories":[921,196,140],"tags":[49334,869,49333,5222,49332,49335],"class_list":["post-86957","post","type-post","status-publish","format-standard","has-post-thumbnail","hentry","category-home","category-news","category-reggio-calabria","tag-associazione-straorino-per-sempre","tag-musica","tag-parrocchia-di-santa-maria-di-loreto-orti","tag-tradizioni","tag-u-natali-i-paisi","tag-valorizzare-il-territorio"],"yoast_head":"<!-- This site is optimized with the Yoast SEO plugin v27.2 - https:\/\/yoast.com\/product\/yoast-seo-wordpress\/ -->\n<title>La Parrocchia di Santa Maria di Loreto Ort\u00ec presenta U Natali i Paisi<\/title>\n<meta name=\"description\" content=\"La manifestazione che unisce percorsi tematici, tradizioni, musica ha l&#039;obiettivo di valorizzare il territorio e le sue radici storiche\" \/>\n<meta name=\"robots\" content=\"index, follow, max-snippet:-1, max-image-preview:large, max-video-preview:-1\" \/>\n<link rel=\"canonical\" href=\"https:\/\/progettotouring.it\/radiotouring104\/2025\/12\/05\/reggio-la-parrocchia-di-santa-maria-di-loreto-orti-presenta-u-natali-i-paisi\/\" \/>\n<meta property=\"og:locale\" content=\"it_IT\" \/>\n<meta property=\"og:type\" content=\"article\" \/>\n<meta property=\"og:title\" content=\"La Parrocchia di Santa Maria di Loreto Ort\u00ec presenta U Natali i Paisi\" \/>\n<meta property=\"og:description\" content=\"La manifestazione che unisce percorsi tematici, tradizioni, musica ha l&#039;obiettivo di valorizzare il territorio e le sue radici storiche\" \/>\n<meta property=\"og:url\" content=\"https:\/\/progettotouring.it\/radiotouring104\/2025\/12\/05\/reggio-la-parrocchia-di-santa-maria-di-loreto-orti-presenta-u-natali-i-paisi\/\" \/>\n<meta property=\"og:site_name\" content=\"Radio Touring 104\" \/>\n<meta property=\"article:published_time\" content=\"2025-12-05T08:37:19+00:00\" \/>\n<meta property=\"article:modified_time\" content=\"2025-12-05T11:07:11+00:00\" \/>\n<meta property=\"og:image\" content=\"https:\/\/progettotouring.it\/radiotouring104\/wp-content\/uploads\/sites\/6\/2025\/12\/U-Natali-i-Paisi-Parrocchia-Loreto-Orti.jpg\" \/>\n\t<meta property=\"og:image:width\" content=\"1280\" \/>\n\t<meta property=\"og:image:height\" content=\"1600\" \/>\n\t<meta property=\"og:image:type\" content=\"image\/jpeg\" \/>\n<meta name=\"author\" content=\"redazione\" \/>\n<meta name=\"twitter:card\" content=\"summary_large_image\" \/>\n<meta name=\"twitter:label1\" content=\"Scritto da\" \/>\n\t<meta name=\"twitter:data1\" content=\"redazione\" \/>\n\t<meta name=\"twitter:label2\" content=\"Tempo di lettura stimato\" \/>\n\t<meta name=\"twitter:data2\" content=\"2 minuti\" \/>\n<script type=\"application\/ld+json\" class=\"yoast-schema-graph\">{\"@context\":\"https:\/\/schema.org\",\"@graph\":[{\"@type\":\"Article\",\"@id\":\"https:\/\/progettotouring.it\/radiotouring104\/2025\/12\/05\/reggio-la-parrocchia-di-santa-maria-di-loreto-orti-presenta-u-natali-i-paisi\/#article\",\"isPartOf\":{\"@id\":\"https:\/\/progettotouring.it\/radiotouring104\/2025\/12\/05\/reggio-la-parrocchia-di-santa-maria-di-loreto-orti-presenta-u-natali-i-paisi\/\"},\"author\":{\"name\":\"redazione\",\"@id\":\"https:\/\/progettotouring.it\/radiotouring104\/#\/schema\/person\/1b3eb3c07c47136bc44c785c543e635f\"},\"headline\":\"Reggio: La Parrocchia di &#8220;Santa Maria di Loreto Ort\u00ec&#8221; presenta &#8220;U Natali i Paisi&#8221;\",\"datePublished\":\"2025-12-05T08:37:19+00:00\",\"dateModified\":\"2025-12-05T11:07:11+00:00\",\"mainEntityOfPage\":{\"@id\":\"https:\/\/progettotouring.it\/radiotouring104\/2025\/12\/05\/reggio-la-parrocchia-di-santa-maria-di-loreto-orti-presenta-u-natali-i-paisi\/\"},\"wordCount\":500,\"publisher\":{\"@id\":\"https:\/\/progettotouring.it\/radiotouring104\/#organization\"},\"image\":{\"@id\":\"https:\/\/progettotouring.it\/radiotouring104\/2025\/12\/05\/reggio-la-parrocchia-di-santa-maria-di-loreto-orti-presenta-u-natali-i-paisi\/#primaryimage\"},\"thumbnailUrl\":\"https:\/\/progettotouring.it\/radiotouring104\/wp-content\/uploads\/sites\/6\/2025\/12\/U-Natali-i-Paisi-Parrocchia-Loreto-Orti.jpg\",\"keywords\":[\"Associazione Straorino per Sempre\",\"musica\",\"Parrocchia di Santa Maria di Loreto Ort\u00ec\",\"tradizioni\",\"U Natali i Paisi\",\"valorizzare il territorio\"],\"articleSection\":[\"Home\",\"News\",\"Reggio Calabria\"],\"inLanguage\":\"it-IT\"},{\"@type\":\"WebPage\",\"@id\":\"https:\/\/progettotouring.it\/radiotouring104\/2025\/12\/05\/reggio-la-parrocchia-di-santa-maria-di-loreto-orti-presenta-u-natali-i-paisi\/\",\"url\":\"https:\/\/progettotouring.it\/radiotouring104\/2025\/12\/05\/reggio-la-parrocchia-di-santa-maria-di-loreto-orti-presenta-u-natali-i-paisi\/\",\"name\":\"La Parrocchia di Santa Maria di Loreto Ort\u00ec presenta U Natali i Paisi\",\"isPartOf\":{\"@id\":\"https:\/\/progettotouring.it\/radiotouring104\/#website\"},\"primaryImageOfPage\":{\"@id\":\"https:\/\/progettotouring.it\/radiotouring104\/2025\/12\/05\/reggio-la-parrocchia-di-santa-maria-di-loreto-orti-presenta-u-natali-i-paisi\/#primaryimage\"},\"image\":{\"@id\":\"https:\/\/progettotouring.it\/radiotouring104\/2025\/12\/05\/reggio-la-parrocchia-di-santa-maria-di-loreto-orti-presenta-u-natali-i-paisi\/#primaryimage\"},\"thumbnailUrl\":\"https:\/\/progettotouring.it\/radiotouring104\/wp-content\/uploads\/sites\/6\/2025\/12\/U-Natali-i-Paisi-Parrocchia-Loreto-Orti.jpg\",\"datePublished\":\"2025-12-05T08:37:19+00:00\",\"dateModified\":\"2025-12-05T11:07:11+00:00\",\"description\":\"La manifestazione che unisce percorsi tematici, tradizioni, musica ha l'obiettivo di valorizzare il territorio e le sue radici storiche\",\"breadcrumb\":{\"@id\":\"https:\/\/progettotouring.it\/radiotouring104\/2025\/12\/05\/reggio-la-parrocchia-di-santa-maria-di-loreto-orti-presenta-u-natali-i-paisi\/#breadcrumb\"},\"inLanguage\":\"it-IT\",\"potentialAction\":[{\"@type\":\"ReadAction\",\"target\":[\"https:\/\/progettotouring.it\/radiotouring104\/2025\/12\/05\/reggio-la-parrocchia-di-santa-maria-di-loreto-orti-presenta-u-natali-i-paisi\/\"]}]},{\"@type\":\"ImageObject\",\"inLanguage\":\"it-IT\",\"@id\":\"https:\/\/progettotouring.it\/radiotouring104\/2025\/12\/05\/reggio-la-parrocchia-di-santa-maria-di-loreto-orti-presenta-u-natali-i-paisi\/#primaryimage\",\"url\":\"https:\/\/progettotouring.it\/radiotouring104\/wp-content\/uploads\/sites\/6\/2025\/12\/U-Natali-i-Paisi-Parrocchia-Loreto-Orti.jpg\",\"contentUrl\":\"https:\/\/progettotouring.it\/radiotouring104\/wp-content\/uploads\/sites\/6\/2025\/12\/U-Natali-i-Paisi-Parrocchia-Loreto-Orti.jpg\",\"width\":1280,\"height\":1600},{\"@type\":\"BreadcrumbList\",\"@id\":\"https:\/\/progettotouring.it\/radiotouring104\/2025\/12\/05\/reggio-la-parrocchia-di-santa-maria-di-loreto-orti-presenta-u-natali-i-paisi\/#breadcrumb\",\"itemListElement\":[{\"@type\":\"ListItem\",\"position\":1,\"name\":\"Home\",\"item\":\"https:\/\/progettotouring.it\/radiotouring104\/\"},{\"@type\":\"ListItem\",\"position\":2,\"name\":\"Reggio: La Parrocchia di &#8220;Santa Maria di Loreto Ort\u00ec&#8221; presenta &#8220;U Natali i Paisi&#8221;\"}]},{\"@type\":\"WebSite\",\"@id\":\"https:\/\/progettotouring.it\/radiotouring104\/#website\",\"url\":\"https:\/\/progettotouring.it\/radiotouring104\/\",\"name\":\"Radio Touring 104\",\"description\":\"La prima radio Reggina\",\"publisher\":{\"@id\":\"https:\/\/progettotouring.it\/radiotouring104\/#organization\"},\"potentialAction\":[{\"@type\":\"SearchAction\",\"target\":{\"@type\":\"EntryPoint\",\"urlTemplate\":\"https:\/\/progettotouring.it\/radiotouring104\/?s={search_term_string}\"},\"query-input\":{\"@type\":\"PropertyValueSpecification\",\"valueRequired\":true,\"valueName\":\"search_term_string\"}}],\"inLanguage\":\"it-IT\"},{\"@type\":\"Organization\",\"@id\":\"https:\/\/progettotouring.it\/radiotouring104\/#organization\",\"name\":\"Radio Touring 104\",\"url\":\"https:\/\/progettotouring.it\/radiotouring104\/\",\"logo\":{\"@type\":\"ImageObject\",\"inLanguage\":\"it-IT\",\"@id\":\"https:\/\/progettotouring.it\/radiotouring104\/#\/schema\/logo\/image\/\",\"url\":\"https:\/\/progettotouring.it\/radiotouring104\/wp-content\/uploads\/sites\/6\/2022\/02\/cropped-logo-radio-touring-104.png\",\"contentUrl\":\"https:\/\/progettotouring.it\/radiotouring104\/wp-content\/uploads\/sites\/6\/2022\/02\/cropped-logo-radio-touring-104.png\",\"width\":377,\"height\":182,\"caption\":\"Radio Touring 104\"},\"image\":{\"@id\":\"https:\/\/progettotouring.it\/radiotouring104\/#\/schema\/logo\/image\/\"}},{\"@type\":\"Person\",\"@id\":\"https:\/\/progettotouring.it\/radiotouring104\/#\/schema\/person\/1b3eb3c07c47136bc44c785c543e635f\",\"name\":\"redazione\",\"image\":{\"@type\":\"ImageObject\",\"inLanguage\":\"it-IT\",\"@id\":\"https:\/\/secure.gravatar.com\/avatar\/0b31605b49f100769e8b624b3e05de1b73e1692e9568a352f60f53fd072e6e11?s=96&d=mm&r=g\",\"url\":\"https:\/\/secure.gravatar.com\/avatar\/0b31605b49f100769e8b624b3e05de1b73e1692e9568a352f60f53fd072e6e11?s=96&d=mm&r=g\",\"contentUrl\":\"https:\/\/secure.gravatar.com\/avatar\/0b31605b49f100769e8b624b3e05de1b73e1692e9568a352f60f53fd072e6e11?s=96&d=mm&r=g\",\"caption\":\"redazione\"},\"url\":\"https:\/\/progettotouring.it\/radiotouring104\/author\/redazione\/\"}]}<\/script>\n<!-- \/ Yoast SEO plugin. -->","yoast_head_json":{"title":"La Parrocchia di Santa Maria di Loreto Ort\u00ec presenta U Natali i Paisi","description":"La manifestazione che unisce percorsi tematici, tradizioni, musica ha l'obiettivo di valorizzare il territorio e le sue radici storiche","robots":{"index":"index","follow":"follow","max-snippet":"max-snippet:-1","max-image-preview":"max-image-preview:large","max-video-preview":"max-video-preview:-1"},"canonical":"https:\/\/progettotouring.it\/radiotouring104\/2025\/12\/05\/reggio-la-parrocchia-di-santa-maria-di-loreto-orti-presenta-u-natali-i-paisi\/","og_locale":"it_IT","og_type":"article","og_title":"La Parrocchia di Santa Maria di Loreto Ort\u00ec presenta U Natali i Paisi","og_description":"La manifestazione che unisce percorsi tematici, tradizioni, musica ha l'obiettivo di valorizzare il territorio e le sue radici storiche","og_url":"https:\/\/progettotouring.it\/radiotouring104\/2025\/12\/05\/reggio-la-parrocchia-di-santa-maria-di-loreto-orti-presenta-u-natali-i-paisi\/","og_site_name":"Radio Touring 104","article_published_time":"2025-12-05T08:37:19+00:00","article_modified_time":"2025-12-05T11:07:11+00:00","og_image":[{"width":1280,"height":1600,"url":"https:\/\/progettotouring.it\/radiotouring104\/wp-content\/uploads\/sites\/6\/2025\/12\/U-Natali-i-Paisi-Parrocchia-Loreto-Orti.jpg","type":"image\/jpeg"}],"author":"redazione","twitter_card":"summary_large_image","twitter_misc":{"Scritto da":"redazione","Tempo di lettura stimato":"2 minuti"},"schema":{"@context":"https:\/\/schema.org","@graph":[{"@type":"Article","@id":"https:\/\/progettotouring.it\/radiotouring104\/2025\/12\/05\/reggio-la-parrocchia-di-santa-maria-di-loreto-orti-presenta-u-natali-i-paisi\/#article","isPartOf":{"@id":"https:\/\/progettotouring.it\/radiotouring104\/2025\/12\/05\/reggio-la-parrocchia-di-santa-maria-di-loreto-orti-presenta-u-natali-i-paisi\/"},"author":{"name":"redazione","@id":"https:\/\/progettotouring.it\/radiotouring104\/#\/schema\/person\/1b3eb3c07c47136bc44c785c543e635f"},"headline":"Reggio: La Parrocchia di &#8220;Santa Maria di Loreto Ort\u00ec&#8221; presenta &#8220;U Natali i Paisi&#8221;","datePublished":"2025-12-05T08:37:19+00:00","dateModified":"2025-12-05T11:07:11+00:00","mainEntityOfPage":{"@id":"https:\/\/progettotouring.it\/radiotouring104\/2025\/12\/05\/reggio-la-parrocchia-di-santa-maria-di-loreto-orti-presenta-u-natali-i-paisi\/"},"wordCount":500,"publisher":{"@id":"https:\/\/progettotouring.it\/radiotouring104\/#organization"},"image":{"@id":"https:\/\/progettotouring.it\/radiotouring104\/2025\/12\/05\/reggio-la-parrocchia-di-santa-maria-di-loreto-orti-presenta-u-natali-i-paisi\/#primaryimage"},"thumbnailUrl":"https:\/\/progettotouring.it\/radiotouring104\/wp-content\/uploads\/sites\/6\/2025\/12\/U-Natali-i-Paisi-Parrocchia-Loreto-Orti.jpg","keywords":["Associazione Straorino per Sempre","musica","Parrocchia di Santa Maria di Loreto Ort\u00ec","tradizioni","U Natali i Paisi","valorizzare il territorio"],"articleSection":["Home","News","Reggio Calabria"],"inLanguage":"it-IT"},{"@type":"WebPage","@id":"https:\/\/progettotouring.it\/radiotouring104\/2025\/12\/05\/reggio-la-parrocchia-di-santa-maria-di-loreto-orti-presenta-u-natali-i-paisi\/","url":"https:\/\/progettotouring.it\/radiotouring104\/2025\/12\/05\/reggio-la-parrocchia-di-santa-maria-di-loreto-orti-presenta-u-natali-i-paisi\/","name":"La Parrocchia di Santa Maria di Loreto Ort\u00ec presenta U Natali i Paisi","isPartOf":{"@id":"https:\/\/progettotouring.it\/radiotouring104\/#website"},"primaryImageOfPage":{"@id":"https:\/\/progettotouring.it\/radiotouring104\/2025\/12\/05\/reggio-la-parrocchia-di-santa-maria-di-loreto-orti-presenta-u-natali-i-paisi\/#primaryimage"},"image":{"@id":"https:\/\/progettotouring.it\/radiotouring104\/2025\/12\/05\/reggio-la-parrocchia-di-santa-maria-di-loreto-orti-presenta-u-natali-i-paisi\/#primaryimage"},"thumbnailUrl":"https:\/\/progettotouring.it\/radiotouring104\/wp-content\/uploads\/sites\/6\/2025\/12\/U-Natali-i-Paisi-Parrocchia-Loreto-Orti.jpg","datePublished":"2025-12-05T08:37:19+00:00","dateModified":"2025-12-05T11:07:11+00:00","description":"La manifestazione che unisce percorsi tematici, tradizioni, musica ha l'obiettivo di valorizzare il territorio e le sue radici storiche","breadcrumb":{"@id":"https:\/\/progettotouring.it\/radiotouring104\/2025\/12\/05\/reggio-la-parrocchia-di-santa-maria-di-loreto-orti-presenta-u-natali-i-paisi\/#breadcrumb"},"inLanguage":"it-IT","potentialAction":[{"@type":"ReadAction","target":["https:\/\/progettotouring.it\/radiotouring104\/2025\/12\/05\/reggio-la-parrocchia-di-santa-maria-di-loreto-orti-presenta-u-natali-i-paisi\/"]}]},{"@type":"ImageObject","inLanguage":"it-IT","@id":"https:\/\/progettotouring.it\/radiotouring104\/2025\/12\/05\/reggio-la-parrocchia-di-santa-maria-di-loreto-orti-presenta-u-natali-i-paisi\/#primaryimage","url":"https:\/\/progettotouring.it\/radiotouring104\/wp-content\/uploads\/sites\/6\/2025\/12\/U-Natali-i-Paisi-Parrocchia-Loreto-Orti.jpg","contentUrl":"https:\/\/progettotouring.it\/radiotouring104\/wp-content\/uploads\/sites\/6\/2025\/12\/U-Natali-i-Paisi-Parrocchia-Loreto-Orti.jpg","width":1280,"height":1600},{"@type":"BreadcrumbList","@id":"https:\/\/progettotouring.it\/radiotouring104\/2025\/12\/05\/reggio-la-parrocchia-di-santa-maria-di-loreto-orti-presenta-u-natali-i-paisi\/#breadcrumb","itemListElement":[{"@type":"ListItem","position":1,"name":"Home","item":"https:\/\/progettotouring.it\/radiotouring104\/"},{"@type":"ListItem","position":2,"name":"Reggio: La Parrocchia di &#8220;Santa Maria di Loreto Ort\u00ec&#8221; presenta &#8220;U Natali i Paisi&#8221;"}]},{"@type":"WebSite","@id":"https:\/\/progettotouring.it\/radiotouring104\/#website","url":"https:\/\/progettotouring.it\/radiotouring104\/","name":"Radio Touring 104","description":"La prima radio Reggina","publisher":{"@id":"https:\/\/progettotouring.it\/radiotouring104\/#organization"},"potentialAction":[{"@type":"SearchAction","target":{"@type":"EntryPoint","urlTemplate":"https:\/\/progettotouring.it\/radiotouring104\/?s={search_term_string}"},"query-input":{"@type":"PropertyValueSpecification","valueRequired":true,"valueName":"search_term_string"}}],"inLanguage":"it-IT"},{"@type":"Organization","@id":"https:\/\/progettotouring.it\/radiotouring104\/#organization","name":"Radio Touring 104","url":"https:\/\/progettotouring.it\/radiotouring104\/","logo":{"@type":"ImageObject","inLanguage":"it-IT","@id":"https:\/\/progettotouring.it\/radiotouring104\/#\/schema\/logo\/image\/","url":"https:\/\/progettotouring.it\/radiotouring104\/wp-content\/uploads\/sites\/6\/2022\/02\/cropped-logo-radio-touring-104.png","contentUrl":"https:\/\/progettotouring.it\/radiotouring104\/wp-content\/uploads\/sites\/6\/2022\/02\/cropped-logo-radio-touring-104.png","width":377,"height":182,"caption":"Radio Touring 104"},"image":{"@id":"https:\/\/progettotouring.it\/radiotouring104\/#\/schema\/logo\/image\/"}},{"@type":"Person","@id":"https:\/\/progettotouring.it\/radiotouring104\/#\/schema\/person\/1b3eb3c07c47136bc44c785c543e635f","name":"redazione","image":{"@type":"ImageObject","inLanguage":"it-IT","@id":"https:\/\/secure.gravatar.com\/avatar\/0b31605b49f100769e8b624b3e05de1b73e1692e9568a352f60f53fd072e6e11?s=96&d=mm&r=g","url":"https:\/\/secure.gravatar.com\/avatar\/0b31605b49f100769e8b624b3e05de1b73e1692e9568a352f60f53fd072e6e11?s=96&d=mm&r=g","contentUrl":"https:\/\/secure.gravatar.com\/avatar\/0b31605b49f100769e8b624b3e05de1b73e1692e9568a352f60f53fd072e6e11?s=96&d=mm&r=g","caption":"redazione"},"url":"https:\/\/progettotouring.it\/radiotouring104\/author\/redazione\/"}]}},"jetpack_publicize_connections":[],"jetpack_featured_media_url":"https:\/\/progettotouring.it\/radiotouring104\/wp-content\/uploads\/sites\/6\/2025\/12\/U-Natali-i-Paisi-Parrocchia-Loreto-Orti.jpg","jetpack_sharing_enabled":true,"_links":{"self":[{"href":"https:\/\/progettotouring.it\/radiotouring104\/wp-json\/wp\/v2\/posts\/86957","targetHints":{"allow":["GET"]}}],"collection":[{"href":"https:\/\/progettotouring.it\/radiotouring104\/wp-json\/wp\/v2\/posts"}],"about":[{"href":"https:\/\/progettotouring.it\/radiotouring104\/wp-json\/wp\/v2\/types\/post"}],"author":[{"embeddable":true,"href":"https:\/\/progettotouring.it\/radiotouring104\/wp-json\/wp\/v2\/users\/5"}],"replies":[{"embeddable":true,"href":"https:\/\/progettotouring.it\/radiotouring104\/wp-json\/wp\/v2\/comments?post=86957"}],"version-history":[{"count":1,"href":"https:\/\/progettotouring.it\/radiotouring104\/wp-json\/wp\/v2\/posts\/86957\/revisions"}],"predecessor-version":[{"id":86959,"href":"https:\/\/progettotouring.it\/radiotouring104\/wp-json\/wp\/v2\/posts\/86957\/revisions\/86959"}],"wp:featuredmedia":[{"embeddable":true,"href":"https:\/\/progettotouring.it\/radiotouring104\/wp-json\/wp\/v2\/media\/86958"}],"wp:attachment":[{"href":"https:\/\/progettotouring.it\/radiotouring104\/wp-json\/wp\/v2\/media?parent=86957"}],"wp:term":[{"taxonomy":"category","embeddable":true,"href":"https:\/\/progettotouring.it\/radiotouring104\/wp-json\/wp\/v2\/categories?post=86957"},{"taxonomy":"post_tag","embeddable":true,"href":"https:\/\/progettotouring.it\/radiotouring104\/wp-json\/wp\/v2\/tags?post=86957"}],"curies":[{"name":"wp","href":"https:\/\/api.w.org\/{rel}","templated":true}]}}