{"id":86977,"date":"2025-12-05T11:09:44","date_gmt":"2025-12-05T10:09:44","guid":{"rendered":"https:\/\/progettotouring.it\/radiotouring104\/?p=86977"},"modified":"2025-12-05T12:07:39","modified_gmt":"2025-12-05T11:07:39","slug":"oppido-mamertina-studenti-dellistituto-comprensivo-oppido-molochio-varapodio-a-scuola-di-parita-di-genere-e-legalita","status":"publish","type":"post","link":"https:\/\/progettotouring.it\/radiotouring104\/2025\/12\/05\/oppido-mamertina-studenti-dellistituto-comprensivo-oppido-molochio-varapodio-a-scuola-di-parita-di-genere-e-legalita\/","title":{"rendered":"Oppido Mamertina: studenti dell&#8217;Istituto Comprensivo \u201cOppido-Molochio-Varapodio\u201d a scuola di Parit\u00e0 di Genere e Legalit\u00e0"},"content":{"rendered":"<p>Un procuratore, una giudice, un accalorato botta e risposta dai banchi. Non \u00e8 un processo, ma una vera lezione di legalit\u00e0 e cittadinanza consapevole. Nel teatro dell\u2019Istituto Comprensivo \u201cOppido-Molochio-Varapodio\u201d \u00e8 andata in scena una coinvolgente \u201cchiacchierata\u201d tra istituzioni del mondo giudiziario e studenti. Le ragazze e i ragazzi delle scuole secondarie di I\u00b0 grado si sono confrontati con Vincenzo Capomolla, Procuratore della Repubblica di Cosenza, e la Presidente della Corte d\u2019Appello di Catanzaro. Due temi caldissimi all\u2019ordine del giorno: la violenza contro le donne e la violenza mafiosa in Calabria. I due magistrati sono sembrati sin da subito a loro agio nel dibattito con gli studenti: la giudice Epifanio, figlia di Santa Cristina d\u2019Aspromonte a una manciata di chilometri da Oppido, ha ribadito quanto \u00abparlare, discutere e confrontarsi sul tema della parit\u00e0 di genere, del rispetto e dell\u2019opposizione netta e ferma alla violenza sulle donne, sia l\u2019unica possibilit\u00e0 di far crescere una generazione sana\u00bb. Le ha fatto eco il procuratore Capomolla, definendo la \u00ab\u2019ndrangheta come organizzazione ancestrale, violenta e senza alcun rispetto per le donne\u00bb. Ad introdurre i temi ci ha pensato il Dirigente Scolastico, Domenico Mammola, che ha potuto contare sulla presenza dell\u2019Arma dei Carabinieri \u2013 con cui la scuola collabora fattivamente \u2013 e sul supporto dei sindaci. In particolare hanno voluto portare il saluto delle loro comunit\u00e0 il primo cittadino di Oppido, Giuseppe Morizzi, e la vicesindaca di Santa Cristina, Francesca Alessio. Le studentesse e gli studenti si sono alternati sul palco con quesiti spinosi, poesie, cartelloni e pensieri profondi. Un lavoro di squadra, condotto con grande scrupolo insieme ai docenti, che sta dando i frutti a partire dall\u2019articolato curricolo di Educazione Civica. In particolare i delicatissimi temi trattati hanno acceso un focus sulla necessit\u00e0 di contrastare con la repressione ogni violenza, ma soprattutto di prevenirla attraverso buone pratiche educative e gentili. I due ospiti d\u2019onore hanno ringraziato docenti e istituzione scolastica \u00abperch\u00e9 il confronto serve a far crescere tutti, serve a dar vita ad idee gentili e civicamente compatibile con lo sviluppo\u00bb. Il Dirigente Mammola ha ricordato a tutti che \u00abil progetto semi di legalit\u00e0, che stiamo scrupolosamente facendo vivere, ci condurr\u00e0 alla fioritura di una Calabria nuova, basata sul rispetto e sulla cultura come risorsa per risollevare questi territori che vogliono ritornare protagonisti\u00bb.<\/p>\n","protected":false},"excerpt":{"rendered":"<p>Un procuratore, una giudice, un accalorato botta e risposta dai banchi. Non \u00e8 un processo, ma una vera lezione di legalit\u00e0 e cittadinanza consapevole. Nel teatro dell\u2019Istituto Comprensivo \u201cOppido-Molochio-Varapodio\u201d \u00e8&hellip;<\/p>\n","protected":false},"author":5,"featured_media":86978,"comment_status":"closed","ping_status":"open","sticky":false,"template":"","format":"standard","meta":{"_jetpack_memberships_contains_paid_content":false,"footnotes":"","jetpack_publicize_message":"","jetpack_publicize_feature_enabled":true,"jetpack_social_post_already_shared":true,"jetpack_social_options":{"image_generator_settings":{"template":"highway","default_image_id":0,"font":"","enabled":false},"version":2}},"categories":[921,196,140],"tags":[19548,49350,9816,49352,49351,14726],"class_list":["post-86977","post","type-post","status-publish","format-standard","has-post-thumbnail","hentry","category-home","category-news","category-reggio-calabria","tag-istituto-comprensivo-oppido-molochio-varapodio","tag-concettina-epifanio","tag-incontro-con-studenti","tag-scuola-di-legalita","tag-scuola-di-parita-di-genere","tag-vincenzo-capomolla"],"yoast_head":"<!-- This site is optimized with the Yoast SEO plugin v27.2 - https:\/\/yoast.com\/product\/yoast-seo-wordpress\/ -->\n<title>Oppido: studenti Comprensivo a scuola di Parit\u00e0 Genere e Legalit\u00e0<\/title>\n<meta name=\"description\" content=\"Gli studenti si sono confrontati con il Procuratore di Cosenza, Capomolla e la Presidente del Tribunale di Catanzaro, Epifanio\" \/>\n<meta name=\"robots\" content=\"index, follow, max-snippet:-1, max-image-preview:large, max-video-preview:-1\" \/>\n<link rel=\"canonical\" href=\"https:\/\/progettotouring.it\/radiotouring104\/2025\/12\/05\/oppido-mamertina-studenti-dellistituto-comprensivo-oppido-molochio-varapodio-a-scuola-di-parita-di-genere-e-legalita\/\" \/>\n<meta property=\"og:locale\" content=\"it_IT\" \/>\n<meta property=\"og:type\" content=\"article\" \/>\n<meta property=\"og:title\" content=\"Oppido: studenti Comprensivo a scuola di Parit\u00e0 Genere e Legalit\u00e0\" \/>\n<meta property=\"og:description\" content=\"Gli studenti si sono confrontati con il Procuratore di Cosenza, Capomolla e la Presidente del Tribunale di Catanzaro, Epifanio\" \/>\n<meta property=\"og:url\" content=\"https:\/\/progettotouring.it\/radiotouring104\/2025\/12\/05\/oppido-mamertina-studenti-dellistituto-comprensivo-oppido-molochio-varapodio-a-scuola-di-parita-di-genere-e-legalita\/\" \/>\n<meta property=\"og:site_name\" content=\"Radio Touring 104\" \/>\n<meta property=\"article:published_time\" content=\"2025-12-05T10:09:44+00:00\" \/>\n<meta property=\"article:modified_time\" content=\"2025-12-05T11:07:39+00:00\" \/>\n<meta property=\"og:image\" content=\"https:\/\/progettotouring.it\/radiotouring104\/wp-content\/uploads\/sites\/6\/2025\/12\/Istituto-Comprensivo-Oppido-Vincenzo-Capomolla-Concettina-Epifanio.gif\" \/>\n\t<meta property=\"og:image:width\" content=\"563\" \/>\n\t<meta property=\"og:image:height\" content=\"422\" \/>\n\t<meta property=\"og:image:type\" content=\"image\/gif\" \/>\n<meta name=\"author\" content=\"redazione\" \/>\n<meta name=\"twitter:card\" content=\"summary_large_image\" \/>\n<meta name=\"twitter:label1\" content=\"Scritto da\" \/>\n\t<meta name=\"twitter:data1\" content=\"redazione\" \/>\n\t<meta name=\"twitter:label2\" content=\"Tempo di lettura stimato\" \/>\n\t<meta name=\"twitter:data2\" content=\"2 minuti\" \/>\n<script type=\"application\/ld+json\" class=\"yoast-schema-graph\">{\"@context\":\"https:\/\/schema.org\",\"@graph\":[{\"@type\":\"Article\",\"@id\":\"https:\/\/progettotouring.it\/radiotouring104\/2025\/12\/05\/oppido-mamertina-studenti-dellistituto-comprensivo-oppido-molochio-varapodio-a-scuola-di-parita-di-genere-e-legalita\/#article\",\"isPartOf\":{\"@id\":\"https:\/\/progettotouring.it\/radiotouring104\/2025\/12\/05\/oppido-mamertina-studenti-dellistituto-comprensivo-oppido-molochio-varapodio-a-scuola-di-parita-di-genere-e-legalita\/\"},\"author\":{\"name\":\"redazione\",\"@id\":\"https:\/\/progettotouring.it\/radiotouring104\/#\/schema\/person\/1b3eb3c07c47136bc44c785c543e635f\"},\"headline\":\"Oppido Mamertina: studenti dell&#8217;Istituto Comprensivo \u201cOppido-Molochio-Varapodio\u201d a scuola di Parit\u00e0 di Genere e Legalit\u00e0\",\"datePublished\":\"2025-12-05T10:09:44+00:00\",\"dateModified\":\"2025-12-05T11:07:39+00:00\",\"mainEntityOfPage\":{\"@id\":\"https:\/\/progettotouring.it\/radiotouring104\/2025\/12\/05\/oppido-mamertina-studenti-dellistituto-comprensivo-oppido-molochio-varapodio-a-scuola-di-parita-di-genere-e-legalita\/\"},\"wordCount\":396,\"publisher\":{\"@id\":\"https:\/\/progettotouring.it\/radiotouring104\/#organization\"},\"image\":{\"@id\":\"https:\/\/progettotouring.it\/radiotouring104\/2025\/12\/05\/oppido-mamertina-studenti-dellistituto-comprensivo-oppido-molochio-varapodio-a-scuola-di-parita-di-genere-e-legalita\/#primaryimage\"},\"thumbnailUrl\":\"https:\/\/progettotouring.it\/radiotouring104\/wp-content\/uploads\/sites\/6\/2025\/12\/Istituto-Comprensivo-Oppido-Vincenzo-Capomolla-Concettina-Epifanio.gif\",\"keywords\":[\"\u2019Istituto Comprensivo Oppido \u2013 Molochio \u2013 Varapodio\",\"Concettina Epifanio\",\"incontro con studenti\",\"scuola di Legalit\u00e0\",\"scuola di Parit\u00e0 di Genere\",\"Vincenzo Capomolla\"],\"articleSection\":[\"Home\",\"News\",\"Reggio Calabria\"],\"inLanguage\":\"it-IT\"},{\"@type\":\"WebPage\",\"@id\":\"https:\/\/progettotouring.it\/radiotouring104\/2025\/12\/05\/oppido-mamertina-studenti-dellistituto-comprensivo-oppido-molochio-varapodio-a-scuola-di-parita-di-genere-e-legalita\/\",\"url\":\"https:\/\/progettotouring.it\/radiotouring104\/2025\/12\/05\/oppido-mamertina-studenti-dellistituto-comprensivo-oppido-molochio-varapodio-a-scuola-di-parita-di-genere-e-legalita\/\",\"name\":\"Oppido: studenti Comprensivo a scuola di Parit\u00e0 Genere e Legalit\u00e0\",\"isPartOf\":{\"@id\":\"https:\/\/progettotouring.it\/radiotouring104\/#website\"},\"primaryImageOfPage\":{\"@id\":\"https:\/\/progettotouring.it\/radiotouring104\/2025\/12\/05\/oppido-mamertina-studenti-dellistituto-comprensivo-oppido-molochio-varapodio-a-scuola-di-parita-di-genere-e-legalita\/#primaryimage\"},\"image\":{\"@id\":\"https:\/\/progettotouring.it\/radiotouring104\/2025\/12\/05\/oppido-mamertina-studenti-dellistituto-comprensivo-oppido-molochio-varapodio-a-scuola-di-parita-di-genere-e-legalita\/#primaryimage\"},\"thumbnailUrl\":\"https:\/\/progettotouring.it\/radiotouring104\/wp-content\/uploads\/sites\/6\/2025\/12\/Istituto-Comprensivo-Oppido-Vincenzo-Capomolla-Concettina-Epifanio.gif\",\"datePublished\":\"2025-12-05T10:09:44+00:00\",\"dateModified\":\"2025-12-05T11:07:39+00:00\",\"description\":\"Gli studenti si sono confrontati con il Procuratore di Cosenza, Capomolla e la Presidente del Tribunale di Catanzaro, Epifanio\",\"breadcrumb\":{\"@id\":\"https:\/\/progettotouring.it\/radiotouring104\/2025\/12\/05\/oppido-mamertina-studenti-dellistituto-comprensivo-oppido-molochio-varapodio-a-scuola-di-parita-di-genere-e-legalita\/#breadcrumb\"},\"inLanguage\":\"it-IT\",\"potentialAction\":[{\"@type\":\"ReadAction\",\"target\":[\"https:\/\/progettotouring.it\/radiotouring104\/2025\/12\/05\/oppido-mamertina-studenti-dellistituto-comprensivo-oppido-molochio-varapodio-a-scuola-di-parita-di-genere-e-legalita\/\"]}]},{\"@type\":\"ImageObject\",\"inLanguage\":\"it-IT\",\"@id\":\"https:\/\/progettotouring.it\/radiotouring104\/2025\/12\/05\/oppido-mamertina-studenti-dellistituto-comprensivo-oppido-molochio-varapodio-a-scuola-di-parita-di-genere-e-legalita\/#primaryimage\",\"url\":\"https:\/\/progettotouring.it\/radiotouring104\/wp-content\/uploads\/sites\/6\/2025\/12\/Istituto-Comprensivo-Oppido-Vincenzo-Capomolla-Concettina-Epifanio.gif\",\"contentUrl\":\"https:\/\/progettotouring.it\/radiotouring104\/wp-content\/uploads\/sites\/6\/2025\/12\/Istituto-Comprensivo-Oppido-Vincenzo-Capomolla-Concettina-Epifanio.gif\",\"width\":563,\"height\":422},{\"@type\":\"BreadcrumbList\",\"@id\":\"https:\/\/progettotouring.it\/radiotouring104\/2025\/12\/05\/oppido-mamertina-studenti-dellistituto-comprensivo-oppido-molochio-varapodio-a-scuola-di-parita-di-genere-e-legalita\/#breadcrumb\",\"itemListElement\":[{\"@type\":\"ListItem\",\"position\":1,\"name\":\"Home\",\"item\":\"https:\/\/progettotouring.it\/radiotouring104\/\"},{\"@type\":\"ListItem\",\"position\":2,\"name\":\"Oppido Mamertina: studenti dell&#8217;Istituto Comprensivo \u201cOppido-Molochio-Varapodio\u201d a scuola di Parit\u00e0 di Genere e Legalit\u00e0\"}]},{\"@type\":\"WebSite\",\"@id\":\"https:\/\/progettotouring.it\/radiotouring104\/#website\",\"url\":\"https:\/\/progettotouring.it\/radiotouring104\/\",\"name\":\"Radio Touring 104\",\"description\":\"La prima radio Reggina\",\"publisher\":{\"@id\":\"https:\/\/progettotouring.it\/radiotouring104\/#organization\"},\"potentialAction\":[{\"@type\":\"SearchAction\",\"target\":{\"@type\":\"EntryPoint\",\"urlTemplate\":\"https:\/\/progettotouring.it\/radiotouring104\/?s={search_term_string}\"},\"query-input\":{\"@type\":\"PropertyValueSpecification\",\"valueRequired\":true,\"valueName\":\"search_term_string\"}}],\"inLanguage\":\"it-IT\"},{\"@type\":\"Organization\",\"@id\":\"https:\/\/progettotouring.it\/radiotouring104\/#organization\",\"name\":\"Radio Touring 104\",\"url\":\"https:\/\/progettotouring.it\/radiotouring104\/\",\"logo\":{\"@type\":\"ImageObject\",\"inLanguage\":\"it-IT\",\"@id\":\"https:\/\/progettotouring.it\/radiotouring104\/#\/schema\/logo\/image\/\",\"url\":\"https:\/\/progettotouring.it\/radiotouring104\/wp-content\/uploads\/sites\/6\/2022\/02\/cropped-logo-radio-touring-104.png\",\"contentUrl\":\"https:\/\/progettotouring.it\/radiotouring104\/wp-content\/uploads\/sites\/6\/2022\/02\/cropped-logo-radio-touring-104.png\",\"width\":377,\"height\":182,\"caption\":\"Radio Touring 104\"},\"image\":{\"@id\":\"https:\/\/progettotouring.it\/radiotouring104\/#\/schema\/logo\/image\/\"}},{\"@type\":\"Person\",\"@id\":\"https:\/\/progettotouring.it\/radiotouring104\/#\/schema\/person\/1b3eb3c07c47136bc44c785c543e635f\",\"name\":\"redazione\",\"image\":{\"@type\":\"ImageObject\",\"inLanguage\":\"it-IT\",\"@id\":\"https:\/\/secure.gravatar.com\/avatar\/0b31605b49f100769e8b624b3e05de1b73e1692e9568a352f60f53fd072e6e11?s=96&d=mm&r=g\",\"url\":\"https:\/\/secure.gravatar.com\/avatar\/0b31605b49f100769e8b624b3e05de1b73e1692e9568a352f60f53fd072e6e11?s=96&d=mm&r=g\",\"contentUrl\":\"https:\/\/secure.gravatar.com\/avatar\/0b31605b49f100769e8b624b3e05de1b73e1692e9568a352f60f53fd072e6e11?s=96&d=mm&r=g\",\"caption\":\"redazione\"},\"url\":\"https:\/\/progettotouring.it\/radiotouring104\/author\/redazione\/\"}]}<\/script>\n<!-- \/ Yoast SEO plugin. -->","yoast_head_json":{"title":"Oppido: studenti Comprensivo a scuola di Parit\u00e0 Genere e Legalit\u00e0","description":"Gli studenti si sono confrontati con il Procuratore di Cosenza, Capomolla e la Presidente del Tribunale di Catanzaro, Epifanio","robots":{"index":"index","follow":"follow","max-snippet":"max-snippet:-1","max-image-preview":"max-image-preview:large","max-video-preview":"max-video-preview:-1"},"canonical":"https:\/\/progettotouring.it\/radiotouring104\/2025\/12\/05\/oppido-mamertina-studenti-dellistituto-comprensivo-oppido-molochio-varapodio-a-scuola-di-parita-di-genere-e-legalita\/","og_locale":"it_IT","og_type":"article","og_title":"Oppido: studenti Comprensivo a scuola di Parit\u00e0 Genere e Legalit\u00e0","og_description":"Gli studenti si sono confrontati con il Procuratore di Cosenza, Capomolla e la Presidente del Tribunale di Catanzaro, Epifanio","og_url":"https:\/\/progettotouring.it\/radiotouring104\/2025\/12\/05\/oppido-mamertina-studenti-dellistituto-comprensivo-oppido-molochio-varapodio-a-scuola-di-parita-di-genere-e-legalita\/","og_site_name":"Radio Touring 104","article_published_time":"2025-12-05T10:09:44+00:00","article_modified_time":"2025-12-05T11:07:39+00:00","og_image":[{"width":563,"height":422,"url":"https:\/\/progettotouring.it\/radiotouring104\/wp-content\/uploads\/sites\/6\/2025\/12\/Istituto-Comprensivo-Oppido-Vincenzo-Capomolla-Concettina-Epifanio.gif","type":"image\/gif"}],"author":"redazione","twitter_card":"summary_large_image","twitter_misc":{"Scritto da":"redazione","Tempo di lettura stimato":"2 minuti"},"schema":{"@context":"https:\/\/schema.org","@graph":[{"@type":"Article","@id":"https:\/\/progettotouring.it\/radiotouring104\/2025\/12\/05\/oppido-mamertina-studenti-dellistituto-comprensivo-oppido-molochio-varapodio-a-scuola-di-parita-di-genere-e-legalita\/#article","isPartOf":{"@id":"https:\/\/progettotouring.it\/radiotouring104\/2025\/12\/05\/oppido-mamertina-studenti-dellistituto-comprensivo-oppido-molochio-varapodio-a-scuola-di-parita-di-genere-e-legalita\/"},"author":{"name":"redazione","@id":"https:\/\/progettotouring.it\/radiotouring104\/#\/schema\/person\/1b3eb3c07c47136bc44c785c543e635f"},"headline":"Oppido Mamertina: studenti dell&#8217;Istituto Comprensivo \u201cOppido-Molochio-Varapodio\u201d a scuola di Parit\u00e0 di Genere e Legalit\u00e0","datePublished":"2025-12-05T10:09:44+00:00","dateModified":"2025-12-05T11:07:39+00:00","mainEntityOfPage":{"@id":"https:\/\/progettotouring.it\/radiotouring104\/2025\/12\/05\/oppido-mamertina-studenti-dellistituto-comprensivo-oppido-molochio-varapodio-a-scuola-di-parita-di-genere-e-legalita\/"},"wordCount":396,"publisher":{"@id":"https:\/\/progettotouring.it\/radiotouring104\/#organization"},"image":{"@id":"https:\/\/progettotouring.it\/radiotouring104\/2025\/12\/05\/oppido-mamertina-studenti-dellistituto-comprensivo-oppido-molochio-varapodio-a-scuola-di-parita-di-genere-e-legalita\/#primaryimage"},"thumbnailUrl":"https:\/\/progettotouring.it\/radiotouring104\/wp-content\/uploads\/sites\/6\/2025\/12\/Istituto-Comprensivo-Oppido-Vincenzo-Capomolla-Concettina-Epifanio.gif","keywords":["\u2019Istituto Comprensivo Oppido \u2013 Molochio \u2013 Varapodio","Concettina Epifanio","incontro con studenti","scuola di Legalit\u00e0","scuola di Parit\u00e0 di Genere","Vincenzo Capomolla"],"articleSection":["Home","News","Reggio Calabria"],"inLanguage":"it-IT"},{"@type":"WebPage","@id":"https:\/\/progettotouring.it\/radiotouring104\/2025\/12\/05\/oppido-mamertina-studenti-dellistituto-comprensivo-oppido-molochio-varapodio-a-scuola-di-parita-di-genere-e-legalita\/","url":"https:\/\/progettotouring.it\/radiotouring104\/2025\/12\/05\/oppido-mamertina-studenti-dellistituto-comprensivo-oppido-molochio-varapodio-a-scuola-di-parita-di-genere-e-legalita\/","name":"Oppido: studenti Comprensivo a scuola di Parit\u00e0 Genere e Legalit\u00e0","isPartOf":{"@id":"https:\/\/progettotouring.it\/radiotouring104\/#website"},"primaryImageOfPage":{"@id":"https:\/\/progettotouring.it\/radiotouring104\/2025\/12\/05\/oppido-mamertina-studenti-dellistituto-comprensivo-oppido-molochio-varapodio-a-scuola-di-parita-di-genere-e-legalita\/#primaryimage"},"image":{"@id":"https:\/\/progettotouring.it\/radiotouring104\/2025\/12\/05\/oppido-mamertina-studenti-dellistituto-comprensivo-oppido-molochio-varapodio-a-scuola-di-parita-di-genere-e-legalita\/#primaryimage"},"thumbnailUrl":"https:\/\/progettotouring.it\/radiotouring104\/wp-content\/uploads\/sites\/6\/2025\/12\/Istituto-Comprensivo-Oppido-Vincenzo-Capomolla-Concettina-Epifanio.gif","datePublished":"2025-12-05T10:09:44+00:00","dateModified":"2025-12-05T11:07:39+00:00","description":"Gli studenti si sono confrontati con il Procuratore di Cosenza, Capomolla e la Presidente del Tribunale di Catanzaro, Epifanio","breadcrumb":{"@id":"https:\/\/progettotouring.it\/radiotouring104\/2025\/12\/05\/oppido-mamertina-studenti-dellistituto-comprensivo-oppido-molochio-varapodio-a-scuola-di-parita-di-genere-e-legalita\/#breadcrumb"},"inLanguage":"it-IT","potentialAction":[{"@type":"ReadAction","target":["https:\/\/progettotouring.it\/radiotouring104\/2025\/12\/05\/oppido-mamertina-studenti-dellistituto-comprensivo-oppido-molochio-varapodio-a-scuola-di-parita-di-genere-e-legalita\/"]}]},{"@type":"ImageObject","inLanguage":"it-IT","@id":"https:\/\/progettotouring.it\/radiotouring104\/2025\/12\/05\/oppido-mamertina-studenti-dellistituto-comprensivo-oppido-molochio-varapodio-a-scuola-di-parita-di-genere-e-legalita\/#primaryimage","url":"https:\/\/progettotouring.it\/radiotouring104\/wp-content\/uploads\/sites\/6\/2025\/12\/Istituto-Comprensivo-Oppido-Vincenzo-Capomolla-Concettina-Epifanio.gif","contentUrl":"https:\/\/progettotouring.it\/radiotouring104\/wp-content\/uploads\/sites\/6\/2025\/12\/Istituto-Comprensivo-Oppido-Vincenzo-Capomolla-Concettina-Epifanio.gif","width":563,"height":422},{"@type":"BreadcrumbList","@id":"https:\/\/progettotouring.it\/radiotouring104\/2025\/12\/05\/oppido-mamertina-studenti-dellistituto-comprensivo-oppido-molochio-varapodio-a-scuola-di-parita-di-genere-e-legalita\/#breadcrumb","itemListElement":[{"@type":"ListItem","position":1,"name":"Home","item":"https:\/\/progettotouring.it\/radiotouring104\/"},{"@type":"ListItem","position":2,"name":"Oppido Mamertina: studenti dell&#8217;Istituto Comprensivo \u201cOppido-Molochio-Varapodio\u201d a scuola di Parit\u00e0 di Genere e Legalit\u00e0"}]},{"@type":"WebSite","@id":"https:\/\/progettotouring.it\/radiotouring104\/#website","url":"https:\/\/progettotouring.it\/radiotouring104\/","name":"Radio Touring 104","description":"La prima radio Reggina","publisher":{"@id":"https:\/\/progettotouring.it\/radiotouring104\/#organization"},"potentialAction":[{"@type":"SearchAction","target":{"@type":"EntryPoint","urlTemplate":"https:\/\/progettotouring.it\/radiotouring104\/?s={search_term_string}"},"query-input":{"@type":"PropertyValueSpecification","valueRequired":true,"valueName":"search_term_string"}}],"inLanguage":"it-IT"},{"@type":"Organization","@id":"https:\/\/progettotouring.it\/radiotouring104\/#organization","name":"Radio Touring 104","url":"https:\/\/progettotouring.it\/radiotouring104\/","logo":{"@type":"ImageObject","inLanguage":"it-IT","@id":"https:\/\/progettotouring.it\/radiotouring104\/#\/schema\/logo\/image\/","url":"https:\/\/progettotouring.it\/radiotouring104\/wp-content\/uploads\/sites\/6\/2022\/02\/cropped-logo-radio-touring-104.png","contentUrl":"https:\/\/progettotouring.it\/radiotouring104\/wp-content\/uploads\/sites\/6\/2022\/02\/cropped-logo-radio-touring-104.png","width":377,"height":182,"caption":"Radio Touring 104"},"image":{"@id":"https:\/\/progettotouring.it\/radiotouring104\/#\/schema\/logo\/image\/"}},{"@type":"Person","@id":"https:\/\/progettotouring.it\/radiotouring104\/#\/schema\/person\/1b3eb3c07c47136bc44c785c543e635f","name":"redazione","image":{"@type":"ImageObject","inLanguage":"it-IT","@id":"https:\/\/secure.gravatar.com\/avatar\/0b31605b49f100769e8b624b3e05de1b73e1692e9568a352f60f53fd072e6e11?s=96&d=mm&r=g","url":"https:\/\/secure.gravatar.com\/avatar\/0b31605b49f100769e8b624b3e05de1b73e1692e9568a352f60f53fd072e6e11?s=96&d=mm&r=g","contentUrl":"https:\/\/secure.gravatar.com\/avatar\/0b31605b49f100769e8b624b3e05de1b73e1692e9568a352f60f53fd072e6e11?s=96&d=mm&r=g","caption":"redazione"},"url":"https:\/\/progettotouring.it\/radiotouring104\/author\/redazione\/"}]}},"jetpack_publicize_connections":[],"jetpack_featured_media_url":"https:\/\/progettotouring.it\/radiotouring104\/wp-content\/uploads\/sites\/6\/2025\/12\/Istituto-Comprensivo-Oppido-Vincenzo-Capomolla-Concettina-Epifanio.gif","jetpack_sharing_enabled":true,"_links":{"self":[{"href":"https:\/\/progettotouring.it\/radiotouring104\/wp-json\/wp\/v2\/posts\/86977","targetHints":{"allow":["GET"]}}],"collection":[{"href":"https:\/\/progettotouring.it\/radiotouring104\/wp-json\/wp\/v2\/posts"}],"about":[{"href":"https:\/\/progettotouring.it\/radiotouring104\/wp-json\/wp\/v2\/types\/post"}],"author":[{"embeddable":true,"href":"https:\/\/progettotouring.it\/radiotouring104\/wp-json\/wp\/v2\/users\/5"}],"replies":[{"embeddable":true,"href":"https:\/\/progettotouring.it\/radiotouring104\/wp-json\/wp\/v2\/comments?post=86977"}],"version-history":[{"count":1,"href":"https:\/\/progettotouring.it\/radiotouring104\/wp-json\/wp\/v2\/posts\/86977\/revisions"}],"predecessor-version":[{"id":86979,"href":"https:\/\/progettotouring.it\/radiotouring104\/wp-json\/wp\/v2\/posts\/86977\/revisions\/86979"}],"wp:featuredmedia":[{"embeddable":true,"href":"https:\/\/progettotouring.it\/radiotouring104\/wp-json\/wp\/v2\/media\/86978"}],"wp:attachment":[{"href":"https:\/\/progettotouring.it\/radiotouring104\/wp-json\/wp\/v2\/media?parent=86977"}],"wp:term":[{"taxonomy":"category","embeddable":true,"href":"https:\/\/progettotouring.it\/radiotouring104\/wp-json\/wp\/v2\/categories?post=86977"},{"taxonomy":"post_tag","embeddable":true,"href":"https:\/\/progettotouring.it\/radiotouring104\/wp-json\/wp\/v2\/tags?post=86977"}],"curies":[{"name":"wp","href":"https:\/\/api.w.org\/{rel}","templated":true}]}}