{"id":86992,"date":"2025-12-05T11:57:27","date_gmt":"2025-12-05T10:57:27","guid":{"rendered":"https:\/\/progettotouring.it\/radiotouring104\/?p=86992"},"modified":"2025-12-05T12:08:13","modified_gmt":"2025-12-05T11:08:13","slug":"reggio-al-museo-incontro-dedicato-ad-alfredo-pirri","status":"publish","type":"post","link":"https:\/\/progettotouring.it\/radiotouring104\/2025\/12\/05\/reggio-al-museo-incontro-dedicato-ad-alfredo-pirri\/","title":{"rendered":"Reggio: al Museo incontro dedicato ad Alfredo Pirri"},"content":{"rendered":"<p>Il\u00a0<strong>Museo Archeologico Nazionale di Reggio Calabria<\/strong>\u00a0ha ospitato con grande partecipazione l\u2019incontro dedicato ad\u00a0<strong>Alfredo Pirri<\/strong>, nell\u2019ambito del progetto formativo\u00a0<strong>\u201cDialoghi con l\u2019Arte\u201d<\/strong>, promosso dall\u2019<strong>Accademia di Belle Arti di Reggio Calabria<\/strong>\u00a0e realizzato nel contesto del\u00a0<strong>PNRR Italian Network of Artistic Research<\/strong>, di cui \u00e8 capofila\u00a0<strong>l\u2019Accademia Albertina di Belle Arti di Torino.<\/strong><\/p>\n<p><strong>\u00a0<\/strong><\/p>\n<p>L\u2019iniziativa,\u00a0<strong>parte di un ciclo di incontri con artisti di fama internazionale<\/strong>, con responsabile scientifico per l\u2019ABA di Reggio la prof. Giuseppina De Marco, si propone di far conoscere al pubblico i processi creativi e le ricerche dell\u2019arte contemporanea, creando un dialogo tra istituzioni culturali, universit\u00e0 e comunit\u00e0. La scelta del Museo come luogo di ospitalit\u00e0 dell\u2019evento ha sottolineato l\u2019importanza di valorizzare il patrimonio storico attraverso l\u2019incontro con la contemporaneit\u00e0.<\/p>\n<p>&nbsp;<\/p>\n<p>Al centro dell\u2019incontro, l\u2019installazione ambientale\u00a0<strong><em>Piazza<\/em>\u00a0(2011)<\/strong>\u00a0di Pirri, che lo stesso artista ha dichiarato di voler \u201c<em>riassumere in una forma unica tre spazialit\u00e0, caratteri e capitoli, tre motivi che stanno alla base dell\u2019idea stessa di museo<strong>: la Piazza, il Teatro, il Libro<\/strong>\u201d.<\/em>\u00a0L\u2019opera, come illustrato da\u00a0<strong>Ettore Rocca<\/strong>, \u00e8 mimetica rispetto al disegno architettonico, e scompone le pareti della corte e le ricompone utilizzando l\u2019intero spazio. Piazza trasforma cos\u00ec la percezione dello spazio, creando un dialogo armonico tra arte, architettura e fruitore, che diventa parte integrante dell\u2019opera.<\/p>\n<p>&nbsp;<\/p>\n<p>Sul valore dell\u2019iniziativa, il Direttore del Museo,\u00a0<strong>Fabrizio Sudano<\/strong>, ha dichiarato:<br \/>\n<em>&#8220;Siamo orgogliosi di ospitare un progetto che mette in dialogo l\u2019arte contemporanea e le istituzioni culturali, valorizzando la riflessione sullo spazio e sul patrimonio. L\u2019opera Piazza di Alfredo Pirri rappresenta un punto di incontro straordinario tra arte e architettura, capace di arricchire l\u2019esperienza dei nostri visitatori e di consolidare il ruolo del Museo come luogo vivo di ricerca e cultura&#8221;.<\/em><\/p>\n<p>&nbsp;<\/p>\n<p><em>\u201cLa \u201cPiazza\u201d di Alfredo Pirri \u00e8 metafora mediterranea di accoglienza e si ricollega idealmente e funzionalmente all\u2019iniziale progetto del Museo di Marcello Piacentini, che prevedeva due percorsi esterni sopraelevati verso il mare e il lungomare, per estendere la funzione museale allo spazio urbano, creando un museo aperto alla citt\u00e0 mediante una scenografia di luce e colore\u201d\u00a0<\/em>ha dichiarato<em>\u00a0<\/em><strong>Giuseppina De Marco<\/strong>, Professoressa di Storia dell\u2019Architettura all\u2019Accademia di Belle Arti.<\/p>\n<p>&nbsp;<\/p>\n<p>Il lavoro di Alfredo Pirri, noto a livello internazionale fin dagli anni Ottanta per la sua capacit\u00e0 di coniugare pittura, scultura, architettura e installazione, rappresenta un esempio significativo di come l\u2019arte contemporanea possa interagire con spazi storici, generando nuove esperienze di fruizione e riflessione.<\/p>\n<p>&nbsp;<\/p>\n<p>\u201c<em>Questo incontro con Alfredi Pirri \u00e8 una conferma delle opportunit\u00e0 offerte dalla ricerca accademica condotta mediante i progetti nazionali PNRR, che hanno contribuito anche alla nascita dei Dottorati di Ricerca nel settore dell\u2019Alta Formazione Artistica e Musicale\u201d.<\/em>\u00a0\u2013 Ha dichiarato\u00a0<strong>Pietro Sacchetti<\/strong>, Direttore dell\u2019Accademia di Belle Arti di Reggio Calabria.\u00a0<em>\u201cIn particolare il progetto Italian Network of Artistic Research sta consentendo di coinvolgere gli studenti dell\u2019Accademia in progetti con artisti di calibro internazionale, mediato anche dal dialogo tra Istituzioni culturali per una didattica \u201cextra moenia\u201d, che genera valore e trasforma ogni attivit\u00e0 in esperienza professionale autentica\u201d.<\/em><\/p>\n<p>&nbsp;<\/p>\n<p>L\u2019incontro ha confermato il ruolo del\u00a0<strong>Museo Archeologico Nazionale di Reggio Calabria<\/strong>\u00a0come centro dinamico di promozione culturale, luogo in cui il dialogo tra patrimonio storico e contemporaneit\u00e0 arricchisce la conoscenza, stimola la partecipazione del pubblico e rafforza la presenza del museo nella vita culturale della citt\u00e0 e del territorio.<\/p>\n","protected":false},"excerpt":{"rendered":"<p>Il\u00a0Museo Archeologico Nazionale di Reggio Calabria\u00a0ha ospitato con grande partecipazione l\u2019incontro dedicato ad\u00a0Alfredo Pirri, nell\u2019ambito del progetto formativo\u00a0\u201cDialoghi con l\u2019Arte\u201d, promosso dall\u2019Accademia di Belle Arti di Reggio Calabria\u00a0e realizzato nel&hellip;<\/p>\n","protected":false},"author":5,"featured_media":86993,"comment_status":"closed","ping_status":"open","sticky":false,"template":"","format":"standard","meta":{"_jetpack_memberships_contains_paid_content":false,"footnotes":"","jetpack_publicize_message":"","jetpack_publicize_feature_enabled":true,"jetpack_social_post_already_shared":true,"jetpack_social_options":{"image_generator_settings":{"template":"highway","default_image_id":0,"font":"","enabled":false},"version":2}},"categories":[921,196,140],"tags":[16820,49365,49367,1266,49366,49364],"class_list":["post-86992","post","type-post","status-publish","format-standard","has-post-thumbnail","hentry","category-home","category-news","category-reggio-calabria","tag-accademia-di-belle-arti-di-reggio-calabria","tag-alfredo-pirri","tag-laccademia-albertina-di-belle-arti-di-torino","tag-museo-archeologico-nazionale-di-reggio-calabria","tag-pnrr-italian-network-of-artistic-research","tag-progetto-formativo-dialoghi-con-larte"],"yoast_head":"<!-- This site is optimized with the Yoast SEO plugin v27.2 - https:\/\/yoast.com\/product\/yoast-seo-wordpress\/ -->\n<title>Reggio: al Museo incontro dedicato ad Alfredo Pirri - Radio Touring 104<\/title>\n<meta name=\"description\" content=\"L&#039;\u00ecncontro realizzato nell\u2019ambito del progetto formativo\u00a0\u201cDialoghi con l\u2019Arte\u201d, promosso dall\u2019Accademia di Belle Arti\" \/>\n<meta name=\"robots\" content=\"index, follow, max-snippet:-1, max-image-preview:large, max-video-preview:-1\" \/>\n<link rel=\"canonical\" href=\"https:\/\/progettotouring.it\/radiotouring104\/2025\/12\/05\/reggio-al-museo-incontro-dedicato-ad-alfredo-pirri\/\" \/>\n<meta property=\"og:locale\" content=\"it_IT\" \/>\n<meta property=\"og:type\" content=\"article\" \/>\n<meta property=\"og:title\" content=\"Reggio: al Museo incontro dedicato ad Alfredo Pirri - Radio Touring 104\" \/>\n<meta property=\"og:description\" content=\"L&#039;\u00ecncontro realizzato nell\u2019ambito del progetto formativo\u00a0\u201cDialoghi con l\u2019Arte\u201d, promosso dall\u2019Accademia di Belle Arti\" \/>\n<meta property=\"og:url\" content=\"https:\/\/progettotouring.it\/radiotouring104\/2025\/12\/05\/reggio-al-museo-incontro-dedicato-ad-alfredo-pirri\/\" \/>\n<meta property=\"og:site_name\" content=\"Radio Touring 104\" \/>\n<meta property=\"article:published_time\" content=\"2025-12-05T10:57:27+00:00\" \/>\n<meta property=\"article:modified_time\" content=\"2025-12-05T11:08:13+00:00\" \/>\n<meta property=\"og:image\" content=\"https:\/\/progettotouring.it\/radiotouring104\/wp-content\/uploads\/sites\/6\/2025\/12\/Evento-Pirri-2.jpeg\" \/>\n\t<meta property=\"og:image:width\" content=\"1200\" \/>\n\t<meta property=\"og:image:height\" content=\"1599\" \/>\n\t<meta property=\"og:image:type\" content=\"image\/jpeg\" \/>\n<meta name=\"author\" content=\"redazione\" \/>\n<meta name=\"twitter:card\" content=\"summary_large_image\" \/>\n<meta name=\"twitter:label1\" content=\"Scritto da\" \/>\n\t<meta name=\"twitter:data1\" content=\"redazione\" \/>\n\t<meta name=\"twitter:label2\" content=\"Tempo di lettura stimato\" \/>\n\t<meta name=\"twitter:data2\" content=\"3 minuti\" \/>\n<script type=\"application\/ld+json\" class=\"yoast-schema-graph\">{\"@context\":\"https:\/\/schema.org\",\"@graph\":[{\"@type\":\"Article\",\"@id\":\"https:\/\/progettotouring.it\/radiotouring104\/2025\/12\/05\/reggio-al-museo-incontro-dedicato-ad-alfredo-pirri\/#article\",\"isPartOf\":{\"@id\":\"https:\/\/progettotouring.it\/radiotouring104\/2025\/12\/05\/reggio-al-museo-incontro-dedicato-ad-alfredo-pirri\/\"},\"author\":{\"name\":\"redazione\",\"@id\":\"https:\/\/progettotouring.it\/radiotouring104\/#\/schema\/person\/1b3eb3c07c47136bc44c785c543e635f\"},\"headline\":\"Reggio: al Museo incontro dedicato ad Alfredo Pirri\",\"datePublished\":\"2025-12-05T10:57:27+00:00\",\"dateModified\":\"2025-12-05T11:08:13+00:00\",\"mainEntityOfPage\":{\"@id\":\"https:\/\/progettotouring.it\/radiotouring104\/2025\/12\/05\/reggio-al-museo-incontro-dedicato-ad-alfredo-pirri\/\"},\"wordCount\":579,\"publisher\":{\"@id\":\"https:\/\/progettotouring.it\/radiotouring104\/#organization\"},\"image\":{\"@id\":\"https:\/\/progettotouring.it\/radiotouring104\/2025\/12\/05\/reggio-al-museo-incontro-dedicato-ad-alfredo-pirri\/#primaryimage\"},\"thumbnailUrl\":\"https:\/\/progettotouring.it\/radiotouring104\/wp-content\/uploads\/sites\/6\/2025\/12\/Evento-Pirri-2.jpeg\",\"keywords\":[\"Accademia di Belle Arti di Reggio Calabria\",\"alfredo pirri\",\"l\u2019Accademia Albertina di Belle Arti di Torino.\",\"museo archeologico nazionale di reggio calabria\",\"PNRR Italian Network of Artistic Research\",\"progetto formativo\u00a0\u201cDialoghi con l\u2019Arte\u201d\"],\"articleSection\":[\"Home\",\"News\",\"Reggio Calabria\"],\"inLanguage\":\"it-IT\"},{\"@type\":\"WebPage\",\"@id\":\"https:\/\/progettotouring.it\/radiotouring104\/2025\/12\/05\/reggio-al-museo-incontro-dedicato-ad-alfredo-pirri\/\",\"url\":\"https:\/\/progettotouring.it\/radiotouring104\/2025\/12\/05\/reggio-al-museo-incontro-dedicato-ad-alfredo-pirri\/\",\"name\":\"Reggio: al Museo incontro dedicato ad Alfredo Pirri - Radio Touring 104\",\"isPartOf\":{\"@id\":\"https:\/\/progettotouring.it\/radiotouring104\/#website\"},\"primaryImageOfPage\":{\"@id\":\"https:\/\/progettotouring.it\/radiotouring104\/2025\/12\/05\/reggio-al-museo-incontro-dedicato-ad-alfredo-pirri\/#primaryimage\"},\"image\":{\"@id\":\"https:\/\/progettotouring.it\/radiotouring104\/2025\/12\/05\/reggio-al-museo-incontro-dedicato-ad-alfredo-pirri\/#primaryimage\"},\"thumbnailUrl\":\"https:\/\/progettotouring.it\/radiotouring104\/wp-content\/uploads\/sites\/6\/2025\/12\/Evento-Pirri-2.jpeg\",\"datePublished\":\"2025-12-05T10:57:27+00:00\",\"dateModified\":\"2025-12-05T11:08:13+00:00\",\"description\":\"L'\u00ecncontro realizzato nell\u2019ambito del progetto formativo\u00a0\u201cDialoghi con l\u2019Arte\u201d, promosso dall\u2019Accademia di Belle Arti\",\"breadcrumb\":{\"@id\":\"https:\/\/progettotouring.it\/radiotouring104\/2025\/12\/05\/reggio-al-museo-incontro-dedicato-ad-alfredo-pirri\/#breadcrumb\"},\"inLanguage\":\"it-IT\",\"potentialAction\":[{\"@type\":\"ReadAction\",\"target\":[\"https:\/\/progettotouring.it\/radiotouring104\/2025\/12\/05\/reggio-al-museo-incontro-dedicato-ad-alfredo-pirri\/\"]}]},{\"@type\":\"ImageObject\",\"inLanguage\":\"it-IT\",\"@id\":\"https:\/\/progettotouring.it\/radiotouring104\/2025\/12\/05\/reggio-al-museo-incontro-dedicato-ad-alfredo-pirri\/#primaryimage\",\"url\":\"https:\/\/progettotouring.it\/radiotouring104\/wp-content\/uploads\/sites\/6\/2025\/12\/Evento-Pirri-2.jpeg\",\"contentUrl\":\"https:\/\/progettotouring.it\/radiotouring104\/wp-content\/uploads\/sites\/6\/2025\/12\/Evento-Pirri-2.jpeg\",\"width\":1200,\"height\":1599},{\"@type\":\"BreadcrumbList\",\"@id\":\"https:\/\/progettotouring.it\/radiotouring104\/2025\/12\/05\/reggio-al-museo-incontro-dedicato-ad-alfredo-pirri\/#breadcrumb\",\"itemListElement\":[{\"@type\":\"ListItem\",\"position\":1,\"name\":\"Home\",\"item\":\"https:\/\/progettotouring.it\/radiotouring104\/\"},{\"@type\":\"ListItem\",\"position\":2,\"name\":\"Reggio: al Museo incontro dedicato ad Alfredo Pirri\"}]},{\"@type\":\"WebSite\",\"@id\":\"https:\/\/progettotouring.it\/radiotouring104\/#website\",\"url\":\"https:\/\/progettotouring.it\/radiotouring104\/\",\"name\":\"Radio Touring 104\",\"description\":\"La prima radio Reggina\",\"publisher\":{\"@id\":\"https:\/\/progettotouring.it\/radiotouring104\/#organization\"},\"potentialAction\":[{\"@type\":\"SearchAction\",\"target\":{\"@type\":\"EntryPoint\",\"urlTemplate\":\"https:\/\/progettotouring.it\/radiotouring104\/?s={search_term_string}\"},\"query-input\":{\"@type\":\"PropertyValueSpecification\",\"valueRequired\":true,\"valueName\":\"search_term_string\"}}],\"inLanguage\":\"it-IT\"},{\"@type\":\"Organization\",\"@id\":\"https:\/\/progettotouring.it\/radiotouring104\/#organization\",\"name\":\"Radio Touring 104\",\"url\":\"https:\/\/progettotouring.it\/radiotouring104\/\",\"logo\":{\"@type\":\"ImageObject\",\"inLanguage\":\"it-IT\",\"@id\":\"https:\/\/progettotouring.it\/radiotouring104\/#\/schema\/logo\/image\/\",\"url\":\"https:\/\/progettotouring.it\/radiotouring104\/wp-content\/uploads\/sites\/6\/2022\/02\/cropped-logo-radio-touring-104.png\",\"contentUrl\":\"https:\/\/progettotouring.it\/radiotouring104\/wp-content\/uploads\/sites\/6\/2022\/02\/cropped-logo-radio-touring-104.png\",\"width\":377,\"height\":182,\"caption\":\"Radio Touring 104\"},\"image\":{\"@id\":\"https:\/\/progettotouring.it\/radiotouring104\/#\/schema\/logo\/image\/\"}},{\"@type\":\"Person\",\"@id\":\"https:\/\/progettotouring.it\/radiotouring104\/#\/schema\/person\/1b3eb3c07c47136bc44c785c543e635f\",\"name\":\"redazione\",\"image\":{\"@type\":\"ImageObject\",\"inLanguage\":\"it-IT\",\"@id\":\"https:\/\/secure.gravatar.com\/avatar\/0b31605b49f100769e8b624b3e05de1b73e1692e9568a352f60f53fd072e6e11?s=96&d=mm&r=g\",\"url\":\"https:\/\/secure.gravatar.com\/avatar\/0b31605b49f100769e8b624b3e05de1b73e1692e9568a352f60f53fd072e6e11?s=96&d=mm&r=g\",\"contentUrl\":\"https:\/\/secure.gravatar.com\/avatar\/0b31605b49f100769e8b624b3e05de1b73e1692e9568a352f60f53fd072e6e11?s=96&d=mm&r=g\",\"caption\":\"redazione\"},\"url\":\"https:\/\/progettotouring.it\/radiotouring104\/author\/redazione\/\"}]}<\/script>\n<!-- \/ Yoast SEO plugin. -->","yoast_head_json":{"title":"Reggio: al Museo incontro dedicato ad Alfredo Pirri - Radio Touring 104","description":"L'\u00ecncontro realizzato nell\u2019ambito del progetto formativo\u00a0\u201cDialoghi con l\u2019Arte\u201d, promosso dall\u2019Accademia di Belle Arti","robots":{"index":"index","follow":"follow","max-snippet":"max-snippet:-1","max-image-preview":"max-image-preview:large","max-video-preview":"max-video-preview:-1"},"canonical":"https:\/\/progettotouring.it\/radiotouring104\/2025\/12\/05\/reggio-al-museo-incontro-dedicato-ad-alfredo-pirri\/","og_locale":"it_IT","og_type":"article","og_title":"Reggio: al Museo incontro dedicato ad Alfredo Pirri - Radio Touring 104","og_description":"L'\u00ecncontro realizzato nell\u2019ambito del progetto formativo\u00a0\u201cDialoghi con l\u2019Arte\u201d, promosso dall\u2019Accademia di Belle Arti","og_url":"https:\/\/progettotouring.it\/radiotouring104\/2025\/12\/05\/reggio-al-museo-incontro-dedicato-ad-alfredo-pirri\/","og_site_name":"Radio Touring 104","article_published_time":"2025-12-05T10:57:27+00:00","article_modified_time":"2025-12-05T11:08:13+00:00","og_image":[{"width":1200,"height":1599,"url":"https:\/\/progettotouring.it\/radiotouring104\/wp-content\/uploads\/sites\/6\/2025\/12\/Evento-Pirri-2.jpeg","type":"image\/jpeg"}],"author":"redazione","twitter_card":"summary_large_image","twitter_misc":{"Scritto da":"redazione","Tempo di lettura stimato":"3 minuti"},"schema":{"@context":"https:\/\/schema.org","@graph":[{"@type":"Article","@id":"https:\/\/progettotouring.it\/radiotouring104\/2025\/12\/05\/reggio-al-museo-incontro-dedicato-ad-alfredo-pirri\/#article","isPartOf":{"@id":"https:\/\/progettotouring.it\/radiotouring104\/2025\/12\/05\/reggio-al-museo-incontro-dedicato-ad-alfredo-pirri\/"},"author":{"name":"redazione","@id":"https:\/\/progettotouring.it\/radiotouring104\/#\/schema\/person\/1b3eb3c07c47136bc44c785c543e635f"},"headline":"Reggio: al Museo incontro dedicato ad Alfredo Pirri","datePublished":"2025-12-05T10:57:27+00:00","dateModified":"2025-12-05T11:08:13+00:00","mainEntityOfPage":{"@id":"https:\/\/progettotouring.it\/radiotouring104\/2025\/12\/05\/reggio-al-museo-incontro-dedicato-ad-alfredo-pirri\/"},"wordCount":579,"publisher":{"@id":"https:\/\/progettotouring.it\/radiotouring104\/#organization"},"image":{"@id":"https:\/\/progettotouring.it\/radiotouring104\/2025\/12\/05\/reggio-al-museo-incontro-dedicato-ad-alfredo-pirri\/#primaryimage"},"thumbnailUrl":"https:\/\/progettotouring.it\/radiotouring104\/wp-content\/uploads\/sites\/6\/2025\/12\/Evento-Pirri-2.jpeg","keywords":["Accademia di Belle Arti di Reggio Calabria","alfredo pirri","l\u2019Accademia Albertina di Belle Arti di Torino.","museo archeologico nazionale di reggio calabria","PNRR Italian Network of Artistic Research","progetto formativo\u00a0\u201cDialoghi con l\u2019Arte\u201d"],"articleSection":["Home","News","Reggio Calabria"],"inLanguage":"it-IT"},{"@type":"WebPage","@id":"https:\/\/progettotouring.it\/radiotouring104\/2025\/12\/05\/reggio-al-museo-incontro-dedicato-ad-alfredo-pirri\/","url":"https:\/\/progettotouring.it\/radiotouring104\/2025\/12\/05\/reggio-al-museo-incontro-dedicato-ad-alfredo-pirri\/","name":"Reggio: al Museo incontro dedicato ad Alfredo Pirri - Radio Touring 104","isPartOf":{"@id":"https:\/\/progettotouring.it\/radiotouring104\/#website"},"primaryImageOfPage":{"@id":"https:\/\/progettotouring.it\/radiotouring104\/2025\/12\/05\/reggio-al-museo-incontro-dedicato-ad-alfredo-pirri\/#primaryimage"},"image":{"@id":"https:\/\/progettotouring.it\/radiotouring104\/2025\/12\/05\/reggio-al-museo-incontro-dedicato-ad-alfredo-pirri\/#primaryimage"},"thumbnailUrl":"https:\/\/progettotouring.it\/radiotouring104\/wp-content\/uploads\/sites\/6\/2025\/12\/Evento-Pirri-2.jpeg","datePublished":"2025-12-05T10:57:27+00:00","dateModified":"2025-12-05T11:08:13+00:00","description":"L'\u00ecncontro realizzato nell\u2019ambito del progetto formativo\u00a0\u201cDialoghi con l\u2019Arte\u201d, promosso dall\u2019Accademia di Belle Arti","breadcrumb":{"@id":"https:\/\/progettotouring.it\/radiotouring104\/2025\/12\/05\/reggio-al-museo-incontro-dedicato-ad-alfredo-pirri\/#breadcrumb"},"inLanguage":"it-IT","potentialAction":[{"@type":"ReadAction","target":["https:\/\/progettotouring.it\/radiotouring104\/2025\/12\/05\/reggio-al-museo-incontro-dedicato-ad-alfredo-pirri\/"]}]},{"@type":"ImageObject","inLanguage":"it-IT","@id":"https:\/\/progettotouring.it\/radiotouring104\/2025\/12\/05\/reggio-al-museo-incontro-dedicato-ad-alfredo-pirri\/#primaryimage","url":"https:\/\/progettotouring.it\/radiotouring104\/wp-content\/uploads\/sites\/6\/2025\/12\/Evento-Pirri-2.jpeg","contentUrl":"https:\/\/progettotouring.it\/radiotouring104\/wp-content\/uploads\/sites\/6\/2025\/12\/Evento-Pirri-2.jpeg","width":1200,"height":1599},{"@type":"BreadcrumbList","@id":"https:\/\/progettotouring.it\/radiotouring104\/2025\/12\/05\/reggio-al-museo-incontro-dedicato-ad-alfredo-pirri\/#breadcrumb","itemListElement":[{"@type":"ListItem","position":1,"name":"Home","item":"https:\/\/progettotouring.it\/radiotouring104\/"},{"@type":"ListItem","position":2,"name":"Reggio: al Museo incontro dedicato ad Alfredo Pirri"}]},{"@type":"WebSite","@id":"https:\/\/progettotouring.it\/radiotouring104\/#website","url":"https:\/\/progettotouring.it\/radiotouring104\/","name":"Radio Touring 104","description":"La prima radio Reggina","publisher":{"@id":"https:\/\/progettotouring.it\/radiotouring104\/#organization"},"potentialAction":[{"@type":"SearchAction","target":{"@type":"EntryPoint","urlTemplate":"https:\/\/progettotouring.it\/radiotouring104\/?s={search_term_string}"},"query-input":{"@type":"PropertyValueSpecification","valueRequired":true,"valueName":"search_term_string"}}],"inLanguage":"it-IT"},{"@type":"Organization","@id":"https:\/\/progettotouring.it\/radiotouring104\/#organization","name":"Radio Touring 104","url":"https:\/\/progettotouring.it\/radiotouring104\/","logo":{"@type":"ImageObject","inLanguage":"it-IT","@id":"https:\/\/progettotouring.it\/radiotouring104\/#\/schema\/logo\/image\/","url":"https:\/\/progettotouring.it\/radiotouring104\/wp-content\/uploads\/sites\/6\/2022\/02\/cropped-logo-radio-touring-104.png","contentUrl":"https:\/\/progettotouring.it\/radiotouring104\/wp-content\/uploads\/sites\/6\/2022\/02\/cropped-logo-radio-touring-104.png","width":377,"height":182,"caption":"Radio Touring 104"},"image":{"@id":"https:\/\/progettotouring.it\/radiotouring104\/#\/schema\/logo\/image\/"}},{"@type":"Person","@id":"https:\/\/progettotouring.it\/radiotouring104\/#\/schema\/person\/1b3eb3c07c47136bc44c785c543e635f","name":"redazione","image":{"@type":"ImageObject","inLanguage":"it-IT","@id":"https:\/\/secure.gravatar.com\/avatar\/0b31605b49f100769e8b624b3e05de1b73e1692e9568a352f60f53fd072e6e11?s=96&d=mm&r=g","url":"https:\/\/secure.gravatar.com\/avatar\/0b31605b49f100769e8b624b3e05de1b73e1692e9568a352f60f53fd072e6e11?s=96&d=mm&r=g","contentUrl":"https:\/\/secure.gravatar.com\/avatar\/0b31605b49f100769e8b624b3e05de1b73e1692e9568a352f60f53fd072e6e11?s=96&d=mm&r=g","caption":"redazione"},"url":"https:\/\/progettotouring.it\/radiotouring104\/author\/redazione\/"}]}},"jetpack_publicize_connections":[],"jetpack_featured_media_url":"https:\/\/progettotouring.it\/radiotouring104\/wp-content\/uploads\/sites\/6\/2025\/12\/Evento-Pirri-2.jpeg","jetpack_sharing_enabled":true,"_links":{"self":[{"href":"https:\/\/progettotouring.it\/radiotouring104\/wp-json\/wp\/v2\/posts\/86992","targetHints":{"allow":["GET"]}}],"collection":[{"href":"https:\/\/progettotouring.it\/radiotouring104\/wp-json\/wp\/v2\/posts"}],"about":[{"href":"https:\/\/progettotouring.it\/radiotouring104\/wp-json\/wp\/v2\/types\/post"}],"author":[{"embeddable":true,"href":"https:\/\/progettotouring.it\/radiotouring104\/wp-json\/wp\/v2\/users\/5"}],"replies":[{"embeddable":true,"href":"https:\/\/progettotouring.it\/radiotouring104\/wp-json\/wp\/v2\/comments?post=86992"}],"version-history":[{"count":1,"href":"https:\/\/progettotouring.it\/radiotouring104\/wp-json\/wp\/v2\/posts\/86992\/revisions"}],"predecessor-version":[{"id":86994,"href":"https:\/\/progettotouring.it\/radiotouring104\/wp-json\/wp\/v2\/posts\/86992\/revisions\/86994"}],"wp:featuredmedia":[{"embeddable":true,"href":"https:\/\/progettotouring.it\/radiotouring104\/wp-json\/wp\/v2\/media\/86993"}],"wp:attachment":[{"href":"https:\/\/progettotouring.it\/radiotouring104\/wp-json\/wp\/v2\/media?parent=86992"}],"wp:term":[{"taxonomy":"category","embeddable":true,"href":"https:\/\/progettotouring.it\/radiotouring104\/wp-json\/wp\/v2\/categories?post=86992"},{"taxonomy":"post_tag","embeddable":true,"href":"https:\/\/progettotouring.it\/radiotouring104\/wp-json\/wp\/v2\/tags?post=86992"}],"curies":[{"name":"wp","href":"https:\/\/api.w.org\/{rel}","templated":true}]}}