{"id":87003,"date":"2025-12-05T12:32:18","date_gmt":"2025-12-05T11:32:18","guid":{"rendered":"https:\/\/progettotouring.it\/radiotouring104\/?p=87003"},"modified":"2025-12-05T12:56:50","modified_gmt":"2025-12-05T11:56:50","slug":"reggio-intitolata-una-via-alla-memoria-di-benedetta-nieddu-del-rio","status":"publish","type":"post","link":"https:\/\/progettotouring.it\/radiotouring104\/2025\/12\/05\/reggio-intitolata-una-via-alla-memoria-di-benedetta-nieddu-del-rio\/","title":{"rendered":"Reggio: intitolata una via alla memoria di Benedetta Nieddu del Rio"},"content":{"rendered":"<div><\/div>\n<div><span style=\"font-size: large\">Si \u00e8 svolta ieri la cerimonia di intitolazione di una via a memoria di Benedetta Nieddu del Rio; giovane reggina scomparsa prematuramente nel 2012 a causa di un brutto male.<br \/>\n<\/span><\/div>\n<div><\/div>\n<div><span style=\"font-size: large\">Presenti i familiari, Carmela Cimino e Costantino Nieddu del Rio; il presidente dell\u2019Associazione Abakhi Alessandro Cartisano; il presidente della Commissione Toponomastica Domenico Cappellano ed il sindaco Giuseppe Falcomat\u00e0.<br \/>\n<\/span><\/div>\n<div><\/div>\n<div><span style=\"font-size: large\">In apertura della cerimonia il presidente della Commissione Toponomastica &#8211; Domenico Cappellano- ha ricordato come l\u2019amministrazione abbia scelto, negli anni, di dare priorit\u00e0 ai nomi di personalit\u00e0 reggine per rafforzare il patrimonio di memoria collettiva della citt\u00e0. Ha sottolineato come questo preciso indirizzo abbia permesso di riportare alla luce figure che hanno contribuito in modo determinante alla crescita civile e sociale della comunit\u00e0; tra cui Benedetta: una tra le pi\u00f9 preziose testimonianze \u00a0emerse nel percorso di ricerca della Commissione.<br \/>\n<\/span><\/div>\n<div><\/div>\n<div><span style=\"font-size: large\">Il presidente dell\u2019Associazione Abakhi -Alessandro Cartisano- ha ripercorso la storia della \u201cCasa di Benedetta\u201d; nata nel 2017 grazie alla concessione dell\u2019immobile da parte dei padri monfortani e successivamente rigenerata e gestita dall\u2019associazione con il sostegno della fondazione di famiglia ( una comunit\u00e0 residenziale socio-educativa per minori a rischio devianza\u2002e da\u00a0gennaio 2024 comunit\u00e0 penale per minori provenienti dal circuito della Giustizia Minorile di tutta Italia).<br \/>\n<\/span><\/div>\n<div><\/div>\n<div><span style=\"font-size: large\">Cartisano ha evidenziato come la \u201cCasa di Benedetta\u201d, inaugurata nel 2020, abbia accolto oltre cento minori provenienti da diverse regioni italiane; con risultati significativi sul piano educativo e, soprattutto, \u00a0del reinserimento sociale.<br \/>\n<\/span><\/div>\n<div><\/div>\n<div><span style=\"font-size: large\">Cartisano ha inoltre rimarcato come l\u2019intitolazione della via contribuisca a chiarire e riordinare un&#8217;area cittadina che presentava criticit\u00e0 toponomastiche (certezza del domicilio) oltre a rafforzare il legame tra la casa, la piazza e il quartiere; gi\u00e0 coinvolto attraverso il progetto \u201cAdotta il Verde\u201d che ha consentito all\u2019Associazione di adottare la piazza.<br \/>\n<\/span><\/div>\n<div><\/div>\n<div><span style=\"font-size: large\">I genitori di Benedetta, Carmela Cimino e Costantino Nieddu del Rio, si sono rivolti ai presenti con parole commosse; auspicando che chiunque attraverser\u00e0 questa nuova via possa percepire la luce interiore che Benedetta custodiva e diffondeva:una luce che oggi continua a vivere attraverso la comunit\u00e0 e che, con l\u2019intitolazione della vita, verr\u00e0 ancora di pi\u00f9 rafforzata nel suo messaggio. Hanno inoltre comunicato l\u2019ipotesi, attualmente in fase avanzata di valutazione, che parte del complesso dei padri monfortani possa diventare uno studentato universitario: un luogo che, una volta realizzato, vedrebbe i giovani percorrere quotidianamente questa strada, avvolti simbolicamente da quell\u2019eredit\u00e0 di speranza che Benedetta ha lasciato.<br \/>\n<\/span><\/div>\n<div><\/div>\n<div><span style=\"font-size: large\">Il sindaco Giuseppe Falcomat\u00e0, nel ringraziare i presenti e nell\u2019abbraccio dei familiari, ha sottolineato il valore civico e comunitario dell\u2019iniziativa; inserita nel percorso di riorganizzazione della toponomastica cittadina volto a valorizzare personalit\u00e0 significative della storia reggina con l\u2019intento di trasformarle in autentico patrimonio collettivo e comunitario. Ha evidenziato come l\u2019intitolazione, pur essendo dolorosa, fosse \u201cgiusta e necessaria\u201d.<br \/>\n<\/span><\/div>\n<div><\/div>\n<div><span style=\"font-size: large\">Falcomat\u00e0 ha infatti sottolineato la forza con cui la famiglia ha trasformato il dolore in una sorta di impegno collettivo e missione sociale: \u201cPer condividere il dolore con un\u2019intera citt\u00e0 serve una straordinaria forza d\u2019animo &#8211; ha dichiarato il primo cittadino- perch\u00e9 avete trasformato una ferita personale in un patrimonio collettivo. Di questo, da Sindaco, vi ringrazio a nome di tutta la citt\u00e0\u201d.<br \/>\n<\/span><\/div>\n<div><\/div>\n<div><span style=\"font-size: large\">Falcomat\u00e0 ha poi ricordato il valore simbolico della strada nel suo mettere in relazione luoghi di comunit\u00e0, accoglienza e socialit\u00e0: la piazza, la Casa di Benedetta, che lo stesso sindaco ha nuovamente visitato, e gli spazi vitali del quartiere. \u201cUna strada unisce, mette in comunicazione, non divide; e questa strada che unisce &#8211; ha concluso &#8211; non poteva che portare il nome di Benedetta\u201d.<\/span><\/div>\n","protected":false},"excerpt":{"rendered":"<p>Si \u00e8 svolta ieri la cerimonia di intitolazione di una via a memoria di Benedetta Nieddu del Rio; giovane reggina scomparsa prematuramente nel 2012 a causa di un brutto male.&hellip;<\/p>\n","protected":false},"author":5,"featured_media":87004,"comment_status":"closed","ping_status":"open","sticky":false,"template":"","format":"standard","meta":{"_jetpack_memberships_contains_paid_content":false,"footnotes":"","jetpack_publicize_message":"","jetpack_publicize_feature_enabled":true,"jetpack_social_post_already_shared":true,"jetpack_social_options":{"image_generator_settings":{"template":"highway","default_image_id":0,"font":"","enabled":false},"version":2}},"categories":[921,196,140],"tags":[49384,49381,49382,49383,30465,1319],"class_list":["post-87003","post","type-post","status-publish","format-standard","has-post-thumbnail","hentry","category-home","category-news","category-reggio-calabria","tag-associazione-abakhi-alessandro-cartisano","tag-benedetta-nieddu-del-rio","tag-carmela-cimino","tag-costantino-nieddu-del-rio","tag-falcomata-giuseppe","tag-intitolazione-via"],"yoast_head":"<!-- This site is optimized with the Yoast SEO plugin v27.2 - https:\/\/yoast.com\/product\/yoast-seo-wordpress\/ -->\n<title>Reggio: intitolata una via alla memoria di Benedetta Nieddu del Rio<\/title>\n<meta name=\"description\" content=\"\u201cGrazie alla famiglia per aver trasformato una ferita personale in un patrimonio collettivo\u201d, ha dichiarato Falcomat\u00e0\" \/>\n<meta name=\"robots\" content=\"index, follow, max-snippet:-1, max-image-preview:large, max-video-preview:-1\" \/>\n<link rel=\"canonical\" href=\"https:\/\/progettotouring.it\/radiotouring104\/2025\/12\/05\/reggio-intitolata-una-via-alla-memoria-di-benedetta-nieddu-del-rio\/\" \/>\n<meta property=\"og:locale\" content=\"it_IT\" \/>\n<meta property=\"og:type\" content=\"article\" \/>\n<meta property=\"og:title\" content=\"Reggio: intitolata una via alla memoria di Benedetta Nieddu del Rio\" \/>\n<meta property=\"og:description\" content=\"\u201cGrazie alla famiglia per aver trasformato una ferita personale in un patrimonio collettivo\u201d, ha dichiarato Falcomat\u00e0\" \/>\n<meta property=\"og:url\" content=\"https:\/\/progettotouring.it\/radiotouring104\/2025\/12\/05\/reggio-intitolata-una-via-alla-memoria-di-benedetta-nieddu-del-rio\/\" \/>\n<meta property=\"og:site_name\" content=\"Radio Touring 104\" \/>\n<meta property=\"article:published_time\" content=\"2025-12-05T11:32:18+00:00\" \/>\n<meta property=\"article:modified_time\" content=\"2025-12-05T11:56:50+00:00\" \/>\n<meta property=\"og:image\" content=\"https:\/\/progettotouring.it\/radiotouring104\/wp-content\/uploads\/sites\/6\/2025\/12\/Del-Rio4.jpeg\" \/>\n\t<meta property=\"og:image:width\" content=\"2560\" \/>\n\t<meta property=\"og:image:height\" content=\"1441\" \/>\n\t<meta property=\"og:image:type\" content=\"image\/jpeg\" \/>\n<meta name=\"author\" content=\"redazione\" \/>\n<meta name=\"twitter:card\" content=\"summary_large_image\" \/>\n<meta name=\"twitter:label1\" content=\"Scritto da\" \/>\n\t<meta name=\"twitter:data1\" content=\"redazione\" \/>\n\t<meta name=\"twitter:label2\" content=\"Tempo di lettura stimato\" \/>\n\t<meta name=\"twitter:data2\" content=\"3 minuti\" \/>\n<script type=\"application\/ld+json\" class=\"yoast-schema-graph\">{\"@context\":\"https:\/\/schema.org\",\"@graph\":[{\"@type\":\"Article\",\"@id\":\"https:\/\/progettotouring.it\/radiotouring104\/2025\/12\/05\/reggio-intitolata-una-via-alla-memoria-di-benedetta-nieddu-del-rio\/#article\",\"isPartOf\":{\"@id\":\"https:\/\/progettotouring.it\/radiotouring104\/2025\/12\/05\/reggio-intitolata-una-via-alla-memoria-di-benedetta-nieddu-del-rio\/\"},\"author\":{\"name\":\"redazione\",\"@id\":\"https:\/\/progettotouring.it\/radiotouring104\/#\/schema\/person\/1b3eb3c07c47136bc44c785c543e635f\"},\"headline\":\"Reggio: intitolata una via alla memoria di Benedetta Nieddu del Rio\",\"datePublished\":\"2025-12-05T11:32:18+00:00\",\"dateModified\":\"2025-12-05T11:56:50+00:00\",\"mainEntityOfPage\":{\"@id\":\"https:\/\/progettotouring.it\/radiotouring104\/2025\/12\/05\/reggio-intitolata-una-via-alla-memoria-di-benedetta-nieddu-del-rio\/\"},\"wordCount\":596,\"publisher\":{\"@id\":\"https:\/\/progettotouring.it\/radiotouring104\/#organization\"},\"image\":{\"@id\":\"https:\/\/progettotouring.it\/radiotouring104\/2025\/12\/05\/reggio-intitolata-una-via-alla-memoria-di-benedetta-nieddu-del-rio\/#primaryimage\"},\"thumbnailUrl\":\"https:\/\/progettotouring.it\/radiotouring104\/wp-content\/uploads\/sites\/6\/2025\/12\/Del-Rio4.jpeg\",\"keywords\":[\"Associazione Abakhi Alessandro Cartisano\",\"Benedetta Nieddu del Rio\",\"Carmela Cimino\",\"Costantino Nieddu del Rio\",\"Falcomat\u00e0 Giuseppe\",\"intitolazione via\"],\"articleSection\":[\"Home\",\"News\",\"Reggio Calabria\"],\"inLanguage\":\"it-IT\"},{\"@type\":\"WebPage\",\"@id\":\"https:\/\/progettotouring.it\/radiotouring104\/2025\/12\/05\/reggio-intitolata-una-via-alla-memoria-di-benedetta-nieddu-del-rio\/\",\"url\":\"https:\/\/progettotouring.it\/radiotouring104\/2025\/12\/05\/reggio-intitolata-una-via-alla-memoria-di-benedetta-nieddu-del-rio\/\",\"name\":\"Reggio: intitolata una via alla memoria di Benedetta Nieddu del Rio\",\"isPartOf\":{\"@id\":\"https:\/\/progettotouring.it\/radiotouring104\/#website\"},\"primaryImageOfPage\":{\"@id\":\"https:\/\/progettotouring.it\/radiotouring104\/2025\/12\/05\/reggio-intitolata-una-via-alla-memoria-di-benedetta-nieddu-del-rio\/#primaryimage\"},\"image\":{\"@id\":\"https:\/\/progettotouring.it\/radiotouring104\/2025\/12\/05\/reggio-intitolata-una-via-alla-memoria-di-benedetta-nieddu-del-rio\/#primaryimage\"},\"thumbnailUrl\":\"https:\/\/progettotouring.it\/radiotouring104\/wp-content\/uploads\/sites\/6\/2025\/12\/Del-Rio4.jpeg\",\"datePublished\":\"2025-12-05T11:32:18+00:00\",\"dateModified\":\"2025-12-05T11:56:50+00:00\",\"description\":\"\u201cGrazie alla famiglia per aver trasformato una ferita personale in un patrimonio collettivo\u201d, ha dichiarato Falcomat\u00e0\",\"breadcrumb\":{\"@id\":\"https:\/\/progettotouring.it\/radiotouring104\/2025\/12\/05\/reggio-intitolata-una-via-alla-memoria-di-benedetta-nieddu-del-rio\/#breadcrumb\"},\"inLanguage\":\"it-IT\",\"potentialAction\":[{\"@type\":\"ReadAction\",\"target\":[\"https:\/\/progettotouring.it\/radiotouring104\/2025\/12\/05\/reggio-intitolata-una-via-alla-memoria-di-benedetta-nieddu-del-rio\/\"]}]},{\"@type\":\"ImageObject\",\"inLanguage\":\"it-IT\",\"@id\":\"https:\/\/progettotouring.it\/radiotouring104\/2025\/12\/05\/reggio-intitolata-una-via-alla-memoria-di-benedetta-nieddu-del-rio\/#primaryimage\",\"url\":\"https:\/\/progettotouring.it\/radiotouring104\/wp-content\/uploads\/sites\/6\/2025\/12\/Del-Rio4.jpeg\",\"contentUrl\":\"https:\/\/progettotouring.it\/radiotouring104\/wp-content\/uploads\/sites\/6\/2025\/12\/Del-Rio4.jpeg\",\"width\":2560,\"height\":1441},{\"@type\":\"BreadcrumbList\",\"@id\":\"https:\/\/progettotouring.it\/radiotouring104\/2025\/12\/05\/reggio-intitolata-una-via-alla-memoria-di-benedetta-nieddu-del-rio\/#breadcrumb\",\"itemListElement\":[{\"@type\":\"ListItem\",\"position\":1,\"name\":\"Home\",\"item\":\"https:\/\/progettotouring.it\/radiotouring104\/\"},{\"@type\":\"ListItem\",\"position\":2,\"name\":\"Reggio: intitolata una via alla memoria di Benedetta Nieddu del Rio\"}]},{\"@type\":\"WebSite\",\"@id\":\"https:\/\/progettotouring.it\/radiotouring104\/#website\",\"url\":\"https:\/\/progettotouring.it\/radiotouring104\/\",\"name\":\"Radio Touring 104\",\"description\":\"La prima radio Reggina\",\"publisher\":{\"@id\":\"https:\/\/progettotouring.it\/radiotouring104\/#organization\"},\"potentialAction\":[{\"@type\":\"SearchAction\",\"target\":{\"@type\":\"EntryPoint\",\"urlTemplate\":\"https:\/\/progettotouring.it\/radiotouring104\/?s={search_term_string}\"},\"query-input\":{\"@type\":\"PropertyValueSpecification\",\"valueRequired\":true,\"valueName\":\"search_term_string\"}}],\"inLanguage\":\"it-IT\"},{\"@type\":\"Organization\",\"@id\":\"https:\/\/progettotouring.it\/radiotouring104\/#organization\",\"name\":\"Radio Touring 104\",\"url\":\"https:\/\/progettotouring.it\/radiotouring104\/\",\"logo\":{\"@type\":\"ImageObject\",\"inLanguage\":\"it-IT\",\"@id\":\"https:\/\/progettotouring.it\/radiotouring104\/#\/schema\/logo\/image\/\",\"url\":\"https:\/\/progettotouring.it\/radiotouring104\/wp-content\/uploads\/sites\/6\/2022\/02\/cropped-logo-radio-touring-104.png\",\"contentUrl\":\"https:\/\/progettotouring.it\/radiotouring104\/wp-content\/uploads\/sites\/6\/2022\/02\/cropped-logo-radio-touring-104.png\",\"width\":377,\"height\":182,\"caption\":\"Radio Touring 104\"},\"image\":{\"@id\":\"https:\/\/progettotouring.it\/radiotouring104\/#\/schema\/logo\/image\/\"}},{\"@type\":\"Person\",\"@id\":\"https:\/\/progettotouring.it\/radiotouring104\/#\/schema\/person\/1b3eb3c07c47136bc44c785c543e635f\",\"name\":\"redazione\",\"image\":{\"@type\":\"ImageObject\",\"inLanguage\":\"it-IT\",\"@id\":\"https:\/\/secure.gravatar.com\/avatar\/0b31605b49f100769e8b624b3e05de1b73e1692e9568a352f60f53fd072e6e11?s=96&d=mm&r=g\",\"url\":\"https:\/\/secure.gravatar.com\/avatar\/0b31605b49f100769e8b624b3e05de1b73e1692e9568a352f60f53fd072e6e11?s=96&d=mm&r=g\",\"contentUrl\":\"https:\/\/secure.gravatar.com\/avatar\/0b31605b49f100769e8b624b3e05de1b73e1692e9568a352f60f53fd072e6e11?s=96&d=mm&r=g\",\"caption\":\"redazione\"},\"url\":\"https:\/\/progettotouring.it\/radiotouring104\/author\/redazione\/\"}]}<\/script>\n<!-- \/ Yoast SEO plugin. -->","yoast_head_json":{"title":"Reggio: intitolata una via alla memoria di Benedetta Nieddu del Rio","description":"\u201cGrazie alla famiglia per aver trasformato una ferita personale in un patrimonio collettivo\u201d, ha dichiarato Falcomat\u00e0","robots":{"index":"index","follow":"follow","max-snippet":"max-snippet:-1","max-image-preview":"max-image-preview:large","max-video-preview":"max-video-preview:-1"},"canonical":"https:\/\/progettotouring.it\/radiotouring104\/2025\/12\/05\/reggio-intitolata-una-via-alla-memoria-di-benedetta-nieddu-del-rio\/","og_locale":"it_IT","og_type":"article","og_title":"Reggio: intitolata una via alla memoria di Benedetta Nieddu del Rio","og_description":"\u201cGrazie alla famiglia per aver trasformato una ferita personale in un patrimonio collettivo\u201d, ha dichiarato Falcomat\u00e0","og_url":"https:\/\/progettotouring.it\/radiotouring104\/2025\/12\/05\/reggio-intitolata-una-via-alla-memoria-di-benedetta-nieddu-del-rio\/","og_site_name":"Radio Touring 104","article_published_time":"2025-12-05T11:32:18+00:00","article_modified_time":"2025-12-05T11:56:50+00:00","og_image":[{"width":2560,"height":1441,"url":"https:\/\/progettotouring.it\/radiotouring104\/wp-content\/uploads\/sites\/6\/2025\/12\/Del-Rio4.jpeg","type":"image\/jpeg"}],"author":"redazione","twitter_card":"summary_large_image","twitter_misc":{"Scritto da":"redazione","Tempo di lettura stimato":"3 minuti"},"schema":{"@context":"https:\/\/schema.org","@graph":[{"@type":"Article","@id":"https:\/\/progettotouring.it\/radiotouring104\/2025\/12\/05\/reggio-intitolata-una-via-alla-memoria-di-benedetta-nieddu-del-rio\/#article","isPartOf":{"@id":"https:\/\/progettotouring.it\/radiotouring104\/2025\/12\/05\/reggio-intitolata-una-via-alla-memoria-di-benedetta-nieddu-del-rio\/"},"author":{"name":"redazione","@id":"https:\/\/progettotouring.it\/radiotouring104\/#\/schema\/person\/1b3eb3c07c47136bc44c785c543e635f"},"headline":"Reggio: intitolata una via alla memoria di Benedetta Nieddu del Rio","datePublished":"2025-12-05T11:32:18+00:00","dateModified":"2025-12-05T11:56:50+00:00","mainEntityOfPage":{"@id":"https:\/\/progettotouring.it\/radiotouring104\/2025\/12\/05\/reggio-intitolata-una-via-alla-memoria-di-benedetta-nieddu-del-rio\/"},"wordCount":596,"publisher":{"@id":"https:\/\/progettotouring.it\/radiotouring104\/#organization"},"image":{"@id":"https:\/\/progettotouring.it\/radiotouring104\/2025\/12\/05\/reggio-intitolata-una-via-alla-memoria-di-benedetta-nieddu-del-rio\/#primaryimage"},"thumbnailUrl":"https:\/\/progettotouring.it\/radiotouring104\/wp-content\/uploads\/sites\/6\/2025\/12\/Del-Rio4.jpeg","keywords":["Associazione Abakhi Alessandro Cartisano","Benedetta Nieddu del Rio","Carmela Cimino","Costantino Nieddu del Rio","Falcomat\u00e0 Giuseppe","intitolazione via"],"articleSection":["Home","News","Reggio Calabria"],"inLanguage":"it-IT"},{"@type":"WebPage","@id":"https:\/\/progettotouring.it\/radiotouring104\/2025\/12\/05\/reggio-intitolata-una-via-alla-memoria-di-benedetta-nieddu-del-rio\/","url":"https:\/\/progettotouring.it\/radiotouring104\/2025\/12\/05\/reggio-intitolata-una-via-alla-memoria-di-benedetta-nieddu-del-rio\/","name":"Reggio: intitolata una via alla memoria di Benedetta Nieddu del Rio","isPartOf":{"@id":"https:\/\/progettotouring.it\/radiotouring104\/#website"},"primaryImageOfPage":{"@id":"https:\/\/progettotouring.it\/radiotouring104\/2025\/12\/05\/reggio-intitolata-una-via-alla-memoria-di-benedetta-nieddu-del-rio\/#primaryimage"},"image":{"@id":"https:\/\/progettotouring.it\/radiotouring104\/2025\/12\/05\/reggio-intitolata-una-via-alla-memoria-di-benedetta-nieddu-del-rio\/#primaryimage"},"thumbnailUrl":"https:\/\/progettotouring.it\/radiotouring104\/wp-content\/uploads\/sites\/6\/2025\/12\/Del-Rio4.jpeg","datePublished":"2025-12-05T11:32:18+00:00","dateModified":"2025-12-05T11:56:50+00:00","description":"\u201cGrazie alla famiglia per aver trasformato una ferita personale in un patrimonio collettivo\u201d, ha dichiarato Falcomat\u00e0","breadcrumb":{"@id":"https:\/\/progettotouring.it\/radiotouring104\/2025\/12\/05\/reggio-intitolata-una-via-alla-memoria-di-benedetta-nieddu-del-rio\/#breadcrumb"},"inLanguage":"it-IT","potentialAction":[{"@type":"ReadAction","target":["https:\/\/progettotouring.it\/radiotouring104\/2025\/12\/05\/reggio-intitolata-una-via-alla-memoria-di-benedetta-nieddu-del-rio\/"]}]},{"@type":"ImageObject","inLanguage":"it-IT","@id":"https:\/\/progettotouring.it\/radiotouring104\/2025\/12\/05\/reggio-intitolata-una-via-alla-memoria-di-benedetta-nieddu-del-rio\/#primaryimage","url":"https:\/\/progettotouring.it\/radiotouring104\/wp-content\/uploads\/sites\/6\/2025\/12\/Del-Rio4.jpeg","contentUrl":"https:\/\/progettotouring.it\/radiotouring104\/wp-content\/uploads\/sites\/6\/2025\/12\/Del-Rio4.jpeg","width":2560,"height":1441},{"@type":"BreadcrumbList","@id":"https:\/\/progettotouring.it\/radiotouring104\/2025\/12\/05\/reggio-intitolata-una-via-alla-memoria-di-benedetta-nieddu-del-rio\/#breadcrumb","itemListElement":[{"@type":"ListItem","position":1,"name":"Home","item":"https:\/\/progettotouring.it\/radiotouring104\/"},{"@type":"ListItem","position":2,"name":"Reggio: intitolata una via alla memoria di Benedetta Nieddu del Rio"}]},{"@type":"WebSite","@id":"https:\/\/progettotouring.it\/radiotouring104\/#website","url":"https:\/\/progettotouring.it\/radiotouring104\/","name":"Radio Touring 104","description":"La prima radio Reggina","publisher":{"@id":"https:\/\/progettotouring.it\/radiotouring104\/#organization"},"potentialAction":[{"@type":"SearchAction","target":{"@type":"EntryPoint","urlTemplate":"https:\/\/progettotouring.it\/radiotouring104\/?s={search_term_string}"},"query-input":{"@type":"PropertyValueSpecification","valueRequired":true,"valueName":"search_term_string"}}],"inLanguage":"it-IT"},{"@type":"Organization","@id":"https:\/\/progettotouring.it\/radiotouring104\/#organization","name":"Radio Touring 104","url":"https:\/\/progettotouring.it\/radiotouring104\/","logo":{"@type":"ImageObject","inLanguage":"it-IT","@id":"https:\/\/progettotouring.it\/radiotouring104\/#\/schema\/logo\/image\/","url":"https:\/\/progettotouring.it\/radiotouring104\/wp-content\/uploads\/sites\/6\/2022\/02\/cropped-logo-radio-touring-104.png","contentUrl":"https:\/\/progettotouring.it\/radiotouring104\/wp-content\/uploads\/sites\/6\/2022\/02\/cropped-logo-radio-touring-104.png","width":377,"height":182,"caption":"Radio Touring 104"},"image":{"@id":"https:\/\/progettotouring.it\/radiotouring104\/#\/schema\/logo\/image\/"}},{"@type":"Person","@id":"https:\/\/progettotouring.it\/radiotouring104\/#\/schema\/person\/1b3eb3c07c47136bc44c785c543e635f","name":"redazione","image":{"@type":"ImageObject","inLanguage":"it-IT","@id":"https:\/\/secure.gravatar.com\/avatar\/0b31605b49f100769e8b624b3e05de1b73e1692e9568a352f60f53fd072e6e11?s=96&d=mm&r=g","url":"https:\/\/secure.gravatar.com\/avatar\/0b31605b49f100769e8b624b3e05de1b73e1692e9568a352f60f53fd072e6e11?s=96&d=mm&r=g","contentUrl":"https:\/\/secure.gravatar.com\/avatar\/0b31605b49f100769e8b624b3e05de1b73e1692e9568a352f60f53fd072e6e11?s=96&d=mm&r=g","caption":"redazione"},"url":"https:\/\/progettotouring.it\/radiotouring104\/author\/redazione\/"}]}},"jetpack_publicize_connections":[],"jetpack_featured_media_url":"https:\/\/progettotouring.it\/radiotouring104\/wp-content\/uploads\/sites\/6\/2025\/12\/Del-Rio4.jpeg","jetpack_sharing_enabled":true,"_links":{"self":[{"href":"https:\/\/progettotouring.it\/radiotouring104\/wp-json\/wp\/v2\/posts\/87003","targetHints":{"allow":["GET"]}}],"collection":[{"href":"https:\/\/progettotouring.it\/radiotouring104\/wp-json\/wp\/v2\/posts"}],"about":[{"href":"https:\/\/progettotouring.it\/radiotouring104\/wp-json\/wp\/v2\/types\/post"}],"author":[{"embeddable":true,"href":"https:\/\/progettotouring.it\/radiotouring104\/wp-json\/wp\/v2\/users\/5"}],"replies":[{"embeddable":true,"href":"https:\/\/progettotouring.it\/radiotouring104\/wp-json\/wp\/v2\/comments?post=87003"}],"version-history":[{"count":2,"href":"https:\/\/progettotouring.it\/radiotouring104\/wp-json\/wp\/v2\/posts\/87003\/revisions"}],"predecessor-version":[{"id":87006,"href":"https:\/\/progettotouring.it\/radiotouring104\/wp-json\/wp\/v2\/posts\/87003\/revisions\/87006"}],"wp:featuredmedia":[{"embeddable":true,"href":"https:\/\/progettotouring.it\/radiotouring104\/wp-json\/wp\/v2\/media\/87004"}],"wp:attachment":[{"href":"https:\/\/progettotouring.it\/radiotouring104\/wp-json\/wp\/v2\/media?parent=87003"}],"wp:term":[{"taxonomy":"category","embeddable":true,"href":"https:\/\/progettotouring.it\/radiotouring104\/wp-json\/wp\/v2\/categories?post=87003"},{"taxonomy":"post_tag","embeddable":true,"href":"https:\/\/progettotouring.it\/radiotouring104\/wp-json\/wp\/v2\/tags?post=87003"}],"curies":[{"name":"wp","href":"https:\/\/api.w.org\/{rel}","templated":true}]}}