{"id":87007,"date":"2025-12-05T12:43:38","date_gmt":"2025-12-05T11:43:38","guid":{"rendered":"https:\/\/progettotouring.it\/radiotouring104\/?p=87007"},"modified":"2025-12-05T12:56:44","modified_gmt":"2025-12-05T11:56:44","slug":"reggio-tavolo-tecnico-a-palazzo-san-giorgio-in-vista-dellarrivo-della-fiamma-olimpica","status":"publish","type":"post","link":"https:\/\/progettotouring.it\/radiotouring104\/2025\/12\/05\/reggio-tavolo-tecnico-a-palazzo-san-giorgio-in-vista-dellarrivo-della-fiamma-olimpica\/","title":{"rendered":"Reggio: Tavolo tecnico a Palazzo San Giorgio in vista dell&#8217;arrivo della Fiamma Olimpica"},"content":{"rendered":"<p>In vista dell\u2019arrivo a Reggio Calabria della Fiamma Olimpica di Milano Cortina 2026, in programma per il prossimo 19 dicembre, si \u00e8 riunito a Palazzo San Giorgio un tavolo tecnico per pianificare e coordinare l\u2019organizzazione dell\u2019importante evento sportivo. Su iniziativa del consigliere delegato a Sport, Turismo e Immagine della Citt\u00e0, Giovanni Latella, hanno partecipato alla riunione operativa i presidenti del Coni Calabria, Tino Scopelliti, del Comitato Paralimpico, Antonello Scagliola, il direttore regionale di Sport e Salute, Walter Malacrino, il referente provinciale del Coni, Fabio Colella, i referenti dei Settori comunali Sport e Polizia municipale, nonch\u00e9 i rappresentanti della Protezione Civile.<\/p>\n<p>Il percorso della Fiamma Olimpica partir\u00e0 alle ore 18 del 19 dicembre dal PalaCalafiore, percorrer\u00e0 via Pentimele, via Santa Caterina, via Boccioni, viale Zerbi, il lungomare Italo Falcomat\u00e0, corso Garibaldi, via San Francesco da Paola, piazza Castello, corso Garibaldi, con arrivo previsto a piazza De Nava alle ore 19:15 circa.<\/p>\n<p>\u00abLa tappa della Fiamma Olimpica \u2013 ha commentato il consigliere delegato Latella \u2013 rappresenta un momento di straordinaria importanza per la nostra citt\u00e0 e richiede una pianificazione accurata e condivisa tra tutti gli organismi coinvolti. Colgo l\u2019occasione per ringraziare il direttore del MArRC Fabrizio Sudano per la disponibilit\u00e0 e il lavoro sinergico finalizzato alla buona riuscita dell\u2019evento. La partecipazione e il confronto sono per l\u2019Amministrazione Falcomat\u00e0 elementi fondamentali per garantire il successo di questa importante iniziativa e offrire alla cittadinanza un evento memorabile che celebri i valori olimpici e paralimpici. Non sar\u00e0 solo una cerimonia sportiva, dunque, ma un momento di partecipazione collettiva \u2013 ha concluso Latella \u2013 in cui i reggini, le societ\u00e0 e le federazioni sportive potranno condividere i valori dello sport e dell\u2019inclusione valorizzando, ancora una volta, il nostro straordinario patrimonio di bellezza in un contesto internazionale\u00bb.<\/p>\n","protected":false},"excerpt":{"rendered":"<p>In vista dell\u2019arrivo a Reggio Calabria della Fiamma Olimpica di Milano Cortina 2026, in programma per il prossimo 19 dicembre, si \u00e8 riunito a Palazzo San Giorgio un tavolo tecnico&hellip;<\/p>\n","protected":false},"author":5,"featured_media":0,"comment_status":"closed","ping_status":"open","sticky":false,"template":"","format":"standard","meta":{"_jetpack_memberships_contains_paid_content":false,"footnotes":"","jetpack_publicize_message":"","jetpack_publicize_feature_enabled":true,"jetpack_social_post_already_shared":true,"jetpack_social_options":{"image_generator_settings":{"template":"highway","default_image_id":0,"font":"","enabled":false},"version":2}},"categories":[921,196,140],"tags":[49385,9778,10715,659,31353],"class_list":["post-87007","post","type-post","status-publish","format-standard","hentry","category-home","category-news","category-reggio-calabria","tag-arrivo-fiamma-olimpica-a-reggio","tag-comune-di-reggio","tag-consigliere-delegato-allo-sport-giovanni-latella","tag-palazzo-san-giorgio","tag-tavolo-tecnico"],"yoast_head":"<!-- This site is optimized with the Yoast SEO plugin v27.2 - https:\/\/yoast.com\/product\/yoast-seo-wordpress\/ -->\n<title>Palazzo S. Giorgio: tavolo tecnico per arrivo della Fiamma Olimpica<\/title>\n<meta name=\"description\" content=\"Il percorso della Torcia partir\u00e0 dal PalaCalafiore e arriver\u00e0 a piazza De Nava. \u00abEvento all\u2019insegna dei valori olimpici\u00bb, dichiara Latella\" \/>\n<meta name=\"robots\" content=\"index, follow, max-snippet:-1, max-image-preview:large, max-video-preview:-1\" \/>\n<link rel=\"canonical\" href=\"https:\/\/progettotouring.it\/radiotouring104\/2025\/12\/05\/reggio-tavolo-tecnico-a-palazzo-san-giorgio-in-vista-dellarrivo-della-fiamma-olimpica\/\" \/>\n<meta property=\"og:locale\" content=\"it_IT\" \/>\n<meta property=\"og:type\" content=\"article\" \/>\n<meta property=\"og:title\" content=\"Palazzo S. Giorgio: tavolo tecnico per arrivo della Fiamma Olimpica\" \/>\n<meta property=\"og:description\" content=\"Il percorso della Torcia partir\u00e0 dal PalaCalafiore e arriver\u00e0 a piazza De Nava. \u00abEvento all\u2019insegna dei valori olimpici\u00bb, dichiara Latella\" \/>\n<meta property=\"og:url\" content=\"https:\/\/progettotouring.it\/radiotouring104\/2025\/12\/05\/reggio-tavolo-tecnico-a-palazzo-san-giorgio-in-vista-dellarrivo-della-fiamma-olimpica\/\" \/>\n<meta property=\"og:site_name\" content=\"Radio Touring 104\" \/>\n<meta property=\"article:published_time\" content=\"2025-12-05T11:43:38+00:00\" \/>\n<meta property=\"article:modified_time\" content=\"2025-12-05T11:56:44+00:00\" \/>\n<meta name=\"author\" content=\"redazione\" \/>\n<meta name=\"twitter:card\" content=\"summary_large_image\" \/>\n<meta name=\"twitter:label1\" content=\"Scritto da\" \/>\n\t<meta name=\"twitter:data1\" content=\"redazione\" \/>\n\t<meta name=\"twitter:label2\" content=\"Tempo di lettura stimato\" \/>\n\t<meta name=\"twitter:data2\" content=\"1 minuto\" \/>\n<script type=\"application\/ld+json\" class=\"yoast-schema-graph\">{\"@context\":\"https:\/\/schema.org\",\"@graph\":[{\"@type\":\"Article\",\"@id\":\"https:\/\/progettotouring.it\/radiotouring104\/2025\/12\/05\/reggio-tavolo-tecnico-a-palazzo-san-giorgio-in-vista-dellarrivo-della-fiamma-olimpica\/#article\",\"isPartOf\":{\"@id\":\"https:\/\/progettotouring.it\/radiotouring104\/2025\/12\/05\/reggio-tavolo-tecnico-a-palazzo-san-giorgio-in-vista-dellarrivo-della-fiamma-olimpica\/\"},\"author\":{\"name\":\"redazione\",\"@id\":\"https:\/\/progettotouring.it\/radiotouring104\/#\/schema\/person\/1b3eb3c07c47136bc44c785c543e635f\"},\"headline\":\"Reggio: Tavolo tecnico a Palazzo San Giorgio in vista dell&#8217;arrivo della Fiamma Olimpica\",\"datePublished\":\"2025-12-05T11:43:38+00:00\",\"dateModified\":\"2025-12-05T11:56:44+00:00\",\"mainEntityOfPage\":{\"@id\":\"https:\/\/progettotouring.it\/radiotouring104\/2025\/12\/05\/reggio-tavolo-tecnico-a-palazzo-san-giorgio-in-vista-dellarrivo-della-fiamma-olimpica\/\"},\"wordCount\":300,\"publisher\":{\"@id\":\"https:\/\/progettotouring.it\/radiotouring104\/#organization\"},\"keywords\":[\"Arrivo Fiamma Olimpica a Reggio\",\"Comune di Reggio\",\"Consigliere delegato allo Sport Giovanni Latella.\",\"palazzo san giorgio\",\"tavolo tecnico\"],\"articleSection\":[\"Home\",\"News\",\"Reggio Calabria\"],\"inLanguage\":\"it-IT\"},{\"@type\":\"WebPage\",\"@id\":\"https:\/\/progettotouring.it\/radiotouring104\/2025\/12\/05\/reggio-tavolo-tecnico-a-palazzo-san-giorgio-in-vista-dellarrivo-della-fiamma-olimpica\/\",\"url\":\"https:\/\/progettotouring.it\/radiotouring104\/2025\/12\/05\/reggio-tavolo-tecnico-a-palazzo-san-giorgio-in-vista-dellarrivo-della-fiamma-olimpica\/\",\"name\":\"Palazzo S. Giorgio: tavolo tecnico per arrivo della Fiamma Olimpica\",\"isPartOf\":{\"@id\":\"https:\/\/progettotouring.it\/radiotouring104\/#website\"},\"datePublished\":\"2025-12-05T11:43:38+00:00\",\"dateModified\":\"2025-12-05T11:56:44+00:00\",\"description\":\"Il percorso della Torcia partir\u00e0 dal PalaCalafiore e arriver\u00e0 a piazza De Nava. \u00abEvento all\u2019insegna dei valori olimpici\u00bb, dichiara Latella\",\"breadcrumb\":{\"@id\":\"https:\/\/progettotouring.it\/radiotouring104\/2025\/12\/05\/reggio-tavolo-tecnico-a-palazzo-san-giorgio-in-vista-dellarrivo-della-fiamma-olimpica\/#breadcrumb\"},\"inLanguage\":\"it-IT\",\"potentialAction\":[{\"@type\":\"ReadAction\",\"target\":[\"https:\/\/progettotouring.it\/radiotouring104\/2025\/12\/05\/reggio-tavolo-tecnico-a-palazzo-san-giorgio-in-vista-dellarrivo-della-fiamma-olimpica\/\"]}]},{\"@type\":\"BreadcrumbList\",\"@id\":\"https:\/\/progettotouring.it\/radiotouring104\/2025\/12\/05\/reggio-tavolo-tecnico-a-palazzo-san-giorgio-in-vista-dellarrivo-della-fiamma-olimpica\/#breadcrumb\",\"itemListElement\":[{\"@type\":\"ListItem\",\"position\":1,\"name\":\"Home\",\"item\":\"https:\/\/progettotouring.it\/radiotouring104\/\"},{\"@type\":\"ListItem\",\"position\":2,\"name\":\"Reggio: Tavolo tecnico a Palazzo San Giorgio in vista dell&#8217;arrivo della Fiamma Olimpica\"}]},{\"@type\":\"WebSite\",\"@id\":\"https:\/\/progettotouring.it\/radiotouring104\/#website\",\"url\":\"https:\/\/progettotouring.it\/radiotouring104\/\",\"name\":\"Radio Touring 104\",\"description\":\"La prima radio Reggina\",\"publisher\":{\"@id\":\"https:\/\/progettotouring.it\/radiotouring104\/#organization\"},\"potentialAction\":[{\"@type\":\"SearchAction\",\"target\":{\"@type\":\"EntryPoint\",\"urlTemplate\":\"https:\/\/progettotouring.it\/radiotouring104\/?s={search_term_string}\"},\"query-input\":{\"@type\":\"PropertyValueSpecification\",\"valueRequired\":true,\"valueName\":\"search_term_string\"}}],\"inLanguage\":\"it-IT\"},{\"@type\":\"Organization\",\"@id\":\"https:\/\/progettotouring.it\/radiotouring104\/#organization\",\"name\":\"Radio Touring 104\",\"url\":\"https:\/\/progettotouring.it\/radiotouring104\/\",\"logo\":{\"@type\":\"ImageObject\",\"inLanguage\":\"it-IT\",\"@id\":\"https:\/\/progettotouring.it\/radiotouring104\/#\/schema\/logo\/image\/\",\"url\":\"https:\/\/progettotouring.it\/radiotouring104\/wp-content\/uploads\/sites\/6\/2022\/02\/cropped-logo-radio-touring-104.png\",\"contentUrl\":\"https:\/\/progettotouring.it\/radiotouring104\/wp-content\/uploads\/sites\/6\/2022\/02\/cropped-logo-radio-touring-104.png\",\"width\":377,\"height\":182,\"caption\":\"Radio Touring 104\"},\"image\":{\"@id\":\"https:\/\/progettotouring.it\/radiotouring104\/#\/schema\/logo\/image\/\"}},{\"@type\":\"Person\",\"@id\":\"https:\/\/progettotouring.it\/radiotouring104\/#\/schema\/person\/1b3eb3c07c47136bc44c785c543e635f\",\"name\":\"redazione\",\"image\":{\"@type\":\"ImageObject\",\"inLanguage\":\"it-IT\",\"@id\":\"https:\/\/secure.gravatar.com\/avatar\/0b31605b49f100769e8b624b3e05de1b73e1692e9568a352f60f53fd072e6e11?s=96&d=mm&r=g\",\"url\":\"https:\/\/secure.gravatar.com\/avatar\/0b31605b49f100769e8b624b3e05de1b73e1692e9568a352f60f53fd072e6e11?s=96&d=mm&r=g\",\"contentUrl\":\"https:\/\/secure.gravatar.com\/avatar\/0b31605b49f100769e8b624b3e05de1b73e1692e9568a352f60f53fd072e6e11?s=96&d=mm&r=g\",\"caption\":\"redazione\"},\"url\":\"https:\/\/progettotouring.it\/radiotouring104\/author\/redazione\/\"}]}<\/script>\n<!-- \/ Yoast SEO plugin. -->","yoast_head_json":{"title":"Palazzo S. Giorgio: tavolo tecnico per arrivo della Fiamma Olimpica","description":"Il percorso della Torcia partir\u00e0 dal PalaCalafiore e arriver\u00e0 a piazza De Nava. \u00abEvento all\u2019insegna dei valori olimpici\u00bb, dichiara Latella","robots":{"index":"index","follow":"follow","max-snippet":"max-snippet:-1","max-image-preview":"max-image-preview:large","max-video-preview":"max-video-preview:-1"},"canonical":"https:\/\/progettotouring.it\/radiotouring104\/2025\/12\/05\/reggio-tavolo-tecnico-a-palazzo-san-giorgio-in-vista-dellarrivo-della-fiamma-olimpica\/","og_locale":"it_IT","og_type":"article","og_title":"Palazzo S. Giorgio: tavolo tecnico per arrivo della Fiamma Olimpica","og_description":"Il percorso della Torcia partir\u00e0 dal PalaCalafiore e arriver\u00e0 a piazza De Nava. \u00abEvento all\u2019insegna dei valori olimpici\u00bb, dichiara Latella","og_url":"https:\/\/progettotouring.it\/radiotouring104\/2025\/12\/05\/reggio-tavolo-tecnico-a-palazzo-san-giorgio-in-vista-dellarrivo-della-fiamma-olimpica\/","og_site_name":"Radio Touring 104","article_published_time":"2025-12-05T11:43:38+00:00","article_modified_time":"2025-12-05T11:56:44+00:00","author":"redazione","twitter_card":"summary_large_image","twitter_misc":{"Scritto da":"redazione","Tempo di lettura stimato":"1 minuto"},"schema":{"@context":"https:\/\/schema.org","@graph":[{"@type":"Article","@id":"https:\/\/progettotouring.it\/radiotouring104\/2025\/12\/05\/reggio-tavolo-tecnico-a-palazzo-san-giorgio-in-vista-dellarrivo-della-fiamma-olimpica\/#article","isPartOf":{"@id":"https:\/\/progettotouring.it\/radiotouring104\/2025\/12\/05\/reggio-tavolo-tecnico-a-palazzo-san-giorgio-in-vista-dellarrivo-della-fiamma-olimpica\/"},"author":{"name":"redazione","@id":"https:\/\/progettotouring.it\/radiotouring104\/#\/schema\/person\/1b3eb3c07c47136bc44c785c543e635f"},"headline":"Reggio: Tavolo tecnico a Palazzo San Giorgio in vista dell&#8217;arrivo della Fiamma Olimpica","datePublished":"2025-12-05T11:43:38+00:00","dateModified":"2025-12-05T11:56:44+00:00","mainEntityOfPage":{"@id":"https:\/\/progettotouring.it\/radiotouring104\/2025\/12\/05\/reggio-tavolo-tecnico-a-palazzo-san-giorgio-in-vista-dellarrivo-della-fiamma-olimpica\/"},"wordCount":300,"publisher":{"@id":"https:\/\/progettotouring.it\/radiotouring104\/#organization"},"keywords":["Arrivo Fiamma Olimpica a Reggio","Comune di Reggio","Consigliere delegato allo Sport Giovanni Latella.","palazzo san giorgio","tavolo tecnico"],"articleSection":["Home","News","Reggio Calabria"],"inLanguage":"it-IT"},{"@type":"WebPage","@id":"https:\/\/progettotouring.it\/radiotouring104\/2025\/12\/05\/reggio-tavolo-tecnico-a-palazzo-san-giorgio-in-vista-dellarrivo-della-fiamma-olimpica\/","url":"https:\/\/progettotouring.it\/radiotouring104\/2025\/12\/05\/reggio-tavolo-tecnico-a-palazzo-san-giorgio-in-vista-dellarrivo-della-fiamma-olimpica\/","name":"Palazzo S. Giorgio: tavolo tecnico per arrivo della Fiamma Olimpica","isPartOf":{"@id":"https:\/\/progettotouring.it\/radiotouring104\/#website"},"datePublished":"2025-12-05T11:43:38+00:00","dateModified":"2025-12-05T11:56:44+00:00","description":"Il percorso della Torcia partir\u00e0 dal PalaCalafiore e arriver\u00e0 a piazza De Nava. \u00abEvento all\u2019insegna dei valori olimpici\u00bb, dichiara Latella","breadcrumb":{"@id":"https:\/\/progettotouring.it\/radiotouring104\/2025\/12\/05\/reggio-tavolo-tecnico-a-palazzo-san-giorgio-in-vista-dellarrivo-della-fiamma-olimpica\/#breadcrumb"},"inLanguage":"it-IT","potentialAction":[{"@type":"ReadAction","target":["https:\/\/progettotouring.it\/radiotouring104\/2025\/12\/05\/reggio-tavolo-tecnico-a-palazzo-san-giorgio-in-vista-dellarrivo-della-fiamma-olimpica\/"]}]},{"@type":"BreadcrumbList","@id":"https:\/\/progettotouring.it\/radiotouring104\/2025\/12\/05\/reggio-tavolo-tecnico-a-palazzo-san-giorgio-in-vista-dellarrivo-della-fiamma-olimpica\/#breadcrumb","itemListElement":[{"@type":"ListItem","position":1,"name":"Home","item":"https:\/\/progettotouring.it\/radiotouring104\/"},{"@type":"ListItem","position":2,"name":"Reggio: Tavolo tecnico a Palazzo San Giorgio in vista dell&#8217;arrivo della Fiamma Olimpica"}]},{"@type":"WebSite","@id":"https:\/\/progettotouring.it\/radiotouring104\/#website","url":"https:\/\/progettotouring.it\/radiotouring104\/","name":"Radio Touring 104","description":"La prima radio Reggina","publisher":{"@id":"https:\/\/progettotouring.it\/radiotouring104\/#organization"},"potentialAction":[{"@type":"SearchAction","target":{"@type":"EntryPoint","urlTemplate":"https:\/\/progettotouring.it\/radiotouring104\/?s={search_term_string}"},"query-input":{"@type":"PropertyValueSpecification","valueRequired":true,"valueName":"search_term_string"}}],"inLanguage":"it-IT"},{"@type":"Organization","@id":"https:\/\/progettotouring.it\/radiotouring104\/#organization","name":"Radio Touring 104","url":"https:\/\/progettotouring.it\/radiotouring104\/","logo":{"@type":"ImageObject","inLanguage":"it-IT","@id":"https:\/\/progettotouring.it\/radiotouring104\/#\/schema\/logo\/image\/","url":"https:\/\/progettotouring.it\/radiotouring104\/wp-content\/uploads\/sites\/6\/2022\/02\/cropped-logo-radio-touring-104.png","contentUrl":"https:\/\/progettotouring.it\/radiotouring104\/wp-content\/uploads\/sites\/6\/2022\/02\/cropped-logo-radio-touring-104.png","width":377,"height":182,"caption":"Radio Touring 104"},"image":{"@id":"https:\/\/progettotouring.it\/radiotouring104\/#\/schema\/logo\/image\/"}},{"@type":"Person","@id":"https:\/\/progettotouring.it\/radiotouring104\/#\/schema\/person\/1b3eb3c07c47136bc44c785c543e635f","name":"redazione","image":{"@type":"ImageObject","inLanguage":"it-IT","@id":"https:\/\/secure.gravatar.com\/avatar\/0b31605b49f100769e8b624b3e05de1b73e1692e9568a352f60f53fd072e6e11?s=96&d=mm&r=g","url":"https:\/\/secure.gravatar.com\/avatar\/0b31605b49f100769e8b624b3e05de1b73e1692e9568a352f60f53fd072e6e11?s=96&d=mm&r=g","contentUrl":"https:\/\/secure.gravatar.com\/avatar\/0b31605b49f100769e8b624b3e05de1b73e1692e9568a352f60f53fd072e6e11?s=96&d=mm&r=g","caption":"redazione"},"url":"https:\/\/progettotouring.it\/radiotouring104\/author\/redazione\/"}]}},"jetpack_publicize_connections":[],"jetpack_featured_media_url":"","jetpack_sharing_enabled":true,"_links":{"self":[{"href":"https:\/\/progettotouring.it\/radiotouring104\/wp-json\/wp\/v2\/posts\/87007","targetHints":{"allow":["GET"]}}],"collection":[{"href":"https:\/\/progettotouring.it\/radiotouring104\/wp-json\/wp\/v2\/posts"}],"about":[{"href":"https:\/\/progettotouring.it\/radiotouring104\/wp-json\/wp\/v2\/types\/post"}],"author":[{"embeddable":true,"href":"https:\/\/progettotouring.it\/radiotouring104\/wp-json\/wp\/v2\/users\/5"}],"replies":[{"embeddable":true,"href":"https:\/\/progettotouring.it\/radiotouring104\/wp-json\/wp\/v2\/comments?post=87007"}],"version-history":[{"count":1,"href":"https:\/\/progettotouring.it\/radiotouring104\/wp-json\/wp\/v2\/posts\/87007\/revisions"}],"predecessor-version":[{"id":87008,"href":"https:\/\/progettotouring.it\/radiotouring104\/wp-json\/wp\/v2\/posts\/87007\/revisions\/87008"}],"wp:attachment":[{"href":"https:\/\/progettotouring.it\/radiotouring104\/wp-json\/wp\/v2\/media?parent=87007"}],"wp:term":[{"taxonomy":"category","embeddable":true,"href":"https:\/\/progettotouring.it\/radiotouring104\/wp-json\/wp\/v2\/categories?post=87007"},{"taxonomy":"post_tag","embeddable":true,"href":"https:\/\/progettotouring.it\/radiotouring104\/wp-json\/wp\/v2\/tags?post=87007"}],"curies":[{"name":"wp","href":"https:\/\/api.w.org\/{rel}","templated":true}]}}