{"id":87021,"date":"2025-12-06T21:04:07","date_gmt":"2025-12-06T20:04:07","guid":{"rendered":"https:\/\/progettotouring.it\/radiotouring104\/?p=87021"},"modified":"2025-12-06T21:04:07","modified_gmt":"2025-12-06T20:04:07","slug":"reggio-a-piazza-duomo-acceso-lalbero-di-natale","status":"publish","type":"post","link":"https:\/\/progettotouring.it\/radiotouring104\/2025\/12\/06\/reggio-a-piazza-duomo-acceso-lalbero-di-natale\/","title":{"rendered":"Reggio: a Piazza Duomo acceso l&#8217;albero di Natale"},"content":{"rendered":"<div class=\"h-100 d-flex flex-column container-fluid message-container no-dark-filter pe-3 detail\">\n<div class=\"row message-content\">\n<div class=\"col-12 h-100 d-flex flex-column overflow-y\">\n<div class=\"card\">\n<div class=\"card-body message-content-body pt-0 d-flex flex-column gap-4 margin-left\">\n<div class=\"message-content-body-text\">\n<div class=\"message-content-text\">\n<div>\n<div class=\"xam_msg_class\">\n<div dir=\"ltr\">Bel momento quello dell&#8217;accensione dell&#8217; albero in Piazza Duomo: tante famiglie, tantissimi bambini.<\/div>\n<div dir=\"ltr\">\nIl sindaco Falcomat\u00e0, presente con la giunta e i consiglieri comunali, ha parlato di \u00ab<em>un evento particolarmente emozionante, di un&#8217;occasione in cui i reggini, \u00a0riuniti come una grande famiglia, si abbracciano per stare insieme e dare il via a una fase che vuole essere di luce, di calore, di affetto, di sentimenti\u00bb.<\/em><br \/>\n\u00ab<em>Abbiamo anticipato al 5 dicembre l&#8217;accensione dell&#8217;albero<\/em> &#8211; ha spiegato &#8211;<em> per farci trovare pronti per il ponte dell&#8217;Immacolata, con una citt\u00e0 che potr\u00e0 essere ancora pi\u00f9 preparata ad accogliere i turisti. Del resto, alcune riviste nazionali hanno indicato proprio Reggio fra le migliori mete da visitare in questo weekend\u00bb.<\/em><\/p>\n<p>Il sindaco ha, infine, rivolto un augurio ai reggini: \u00ab<em>Diamo valore alle cose che ci sembrano scontate come sederci a tavola con i nostri genitori e farci gli auguri di Natale. Non \u00e8 banale, ma ce ne rendiamo conto quando, purtroppo, non possiamo pi\u00f9 farlo. Quindi, l&#8217;augurio che faccio \u00e8 quello di dare valore a quella quotidianit\u00e0, riscoprirla, ritrovarla, respirare il pi\u00f9 possibile, anche per quei tanti reggini che saranno di ritorno in queste vacanze, un clima familiare che poi \u00a0d\u00e0 forza, d\u00e0 fiducia per il futuro\u00bb.<\/em><br \/>\n\u00ab<em>Non pensare<\/em> &#8211; ha concluso Falcomat\u00e0 &#8211;<em> che un abbraccio in pi\u00f9 possa essere superfluo perch\u00e9 ogni singolo istante che noi viviamo in casa e nella nostra famiglia \u00e8 prezioso e lo dobbiamo custodire\u00bb.<\/em><\/div>\n<\/div>\n<\/div>\n<\/div>\n<\/div>\n<\/div>\n<div class=\"card-footer message-content-footer pb-3 sticky-bottom z-3 margin-left\">\n<div class=\"aru-button-group\" role=\"group\">\n<div class=\"top-text\">\n<div class=\"aru-button__inner aru-button__inner--md\n\n               \"><\/p>\n<div class=\"aru-button__content aru-button__content--start\"><\/div>\n<\/div>\n<\/div>\n<div class=\"top-text\">\n<div class=\"aru-button__inner aru-button__inner--md\n\n               \"><\/p>\n<div class=\"aru-button__content aru-button__content--start\"><\/div>\n<\/div>\n<\/div>\n<div class=\"top-text\">\n<div class=\"aru-button__inner aru-button__inner--md\n\n               \"><\/p>\n<div class=\"aru-button__content aru-button__content--start\"><\/div>\n<\/div>\n<\/div>\n<\/div>\n<\/div>\n<\/div>\n<\/div>\n<\/div>\n<\/div>\n<div class=\"aru-sheet-modal\">\n<div id=\"sheet\" class=\"sheet\" aria-hidden=\"true\">\n<div class=\"contents\">\n<div class=\"header\">\n<div class=\"drag-bar\"><\/div>\n<div class=\"actions\">\n<div class=\"left\">\n<div class=\"top-text\">\n<div class=\"aru-button__inner aru-button__inner--md\n\n               \"><\/div>\n<\/div>\n<\/div>\n<div class=\"center\">\n<div class=\"modal-sheet-header\">\n<div><\/div>\n<\/div>\n<\/div>\n<div class=\"right\">\n<div class=\"top-text\">\n<div class=\"aru-button__inner aru-button__inner--md\n\n               \"><\/div>\n<\/div>\n<\/div>\n<\/div>\n<\/div>\n<div class=\"body\">\n<div class=\"sheet-start\">\n<div class=\"modal-sheet-body\">\n<div>\n<div class=\"action-group-body d-flex flex-column gap-1 justify-content-center align-content-center\">\n<div class=\"level-one\">\n<div class=\"aru-button-menu__noDropdown left w-100 \">\n<div class=\"top-text\">\n<div class=\"aru-button__inner aru-button__inner--md\n\n               \"><\/p>\n<div class=\"aru-button__content aru-button__content--start\"><\/div>\n<div class=\"\n          aru-button__content aru-button__content--center \n\n          \"><\/div>\n<\/div>\n<\/div>\n<\/div>\n<div class=\"aru-button-menu__noDropdown left w-100 \">\n<div class=\"top-text\">\n<div class=\"aru-button__inner aru-button__inner--md\n\n               \"><\/p>\n<div class=\"\n          aru-button__content aru-button__content--center \n\n          \"><\/div>\n<\/div>\n<\/div>\n<\/div>\n<div class=\"aru-button-menu__noDropdown left w-100 \">\n<div class=\"top-text\">\n<div class=\"aru-button__inner aru-button__inner--md\n\n               \"><\/p>\n<div class=\"\n          aru-button__content aru-button__content--center \n\n          \"><\/div>\n<\/div>\n<\/div>\n<\/div>\n<\/div>\n<\/div>\n<\/div>\n<\/div>\n<\/div>\n<\/div>\n<div class=\"footer\"><\/div>\n<\/div>\n<\/div>\n<\/div>\n<div class=\"as-split-gutter\" role=\"separator\"><\/div>\n","protected":false},"excerpt":{"rendered":"<p>Bel momento quello dell&#8217;accensione dell&#8217; albero in Piazza Duomo: tante famiglie, tantissimi bambini. Il sindaco Falcomat\u00e0, presente con la giunta e i consiglieri comunali, ha parlato di \u00abun evento particolarmente&hellip;<\/p>\n","protected":false},"author":19,"featured_media":87022,"comment_status":"closed","ping_status":"open","sticky":false,"template":"","format":"standard","meta":{"_jetpack_memberships_contains_paid_content":false,"footnotes":"","jetpack_publicize_message":"","jetpack_publicize_feature_enabled":true,"jetpack_social_post_already_shared":true,"jetpack_social_options":{"image_generator_settings":{"template":"highway","default_image_id":0,"font":"","enabled":false},"version":2}},"categories":[921,150,196,140],"tags":[],"class_list":["post-87021","post","type-post","status-publish","format-standard","has-post-thumbnail","hentry","category-home","category-in-primo-piano","category-news","category-reggio-calabria"],"yoast_head":"<!-- This site is optimized with the Yoast SEO plugin v27.2 - https:\/\/yoast.com\/product\/yoast-seo-wordpress\/ -->\n<title>Reggio: a Piazza Duomo acceso l&#039;albero di Natale - Radio Touring 104<\/title>\n<meta name=\"description\" content=\"Il sindaco Falcomat\u00e0: \u00abEvento emozionante. Diamo valore alle cose che ci sembrano scontate come un abbraccio, un augurio, il sederci a tavola con i nostri genitori\u00bb\" \/>\n<meta name=\"robots\" content=\"index, follow, max-snippet:-1, max-image-preview:large, max-video-preview:-1\" \/>\n<link rel=\"canonical\" href=\"https:\/\/progettotouring.it\/radiotouring104\/2025\/12\/06\/reggio-a-piazza-duomo-acceso-lalbero-di-natale\/\" \/>\n<meta property=\"og:locale\" content=\"it_IT\" \/>\n<meta property=\"og:type\" content=\"article\" \/>\n<meta property=\"og:title\" content=\"Reggio: a Piazza Duomo acceso l&#039;albero di Natale - Radio Touring 104\" \/>\n<meta property=\"og:description\" content=\"Il sindaco Falcomat\u00e0: \u00abEvento emozionante. Diamo valore alle cose che ci sembrano scontate come un abbraccio, un augurio, il sederci a tavola con i nostri genitori\u00bb\" \/>\n<meta property=\"og:url\" content=\"https:\/\/progettotouring.it\/radiotouring104\/2025\/12\/06\/reggio-a-piazza-duomo-acceso-lalbero-di-natale\/\" \/>\n<meta property=\"og:site_name\" content=\"Radio Touring 104\" \/>\n<meta property=\"article:published_time\" content=\"2025-12-06T20:04:07+00:00\" \/>\n<meta property=\"og:image\" content=\"https:\/\/progettotouring.it\/radiotouring104\/wp-content\/uploads\/sites\/6\/2025\/12\/IMMAGINI-X-SITO-2025-12-06T210305.923.jpg\" \/>\n\t<meta property=\"og:image:width\" content=\"2000\" \/>\n\t<meta property=\"og:image:height\" content=\"1545\" \/>\n\t<meta property=\"og:image:type\" content=\"image\/jpeg\" \/>\n<meta name=\"author\" content=\"S L\" \/>\n<meta name=\"twitter:card\" content=\"summary_large_image\" \/>\n<meta name=\"twitter:label1\" content=\"Scritto da\" \/>\n\t<meta name=\"twitter:data1\" content=\"S L\" \/>\n\t<meta name=\"twitter:label2\" content=\"Tempo di lettura stimato\" \/>\n\t<meta name=\"twitter:data2\" content=\"1 minuto\" \/>\n<script type=\"application\/ld+json\" class=\"yoast-schema-graph\">{\"@context\":\"https:\/\/schema.org\",\"@graph\":[{\"@type\":\"Article\",\"@id\":\"https:\/\/progettotouring.it\/radiotouring104\/2025\/12\/06\/reggio-a-piazza-duomo-acceso-lalbero-di-natale\/#article\",\"isPartOf\":{\"@id\":\"https:\/\/progettotouring.it\/radiotouring104\/2025\/12\/06\/reggio-a-piazza-duomo-acceso-lalbero-di-natale\/\"},\"author\":{\"name\":\"S L\",\"@id\":\"https:\/\/progettotouring.it\/radiotouring104\/#\/schema\/person\/b9f9c3730b0a78814c9b9f3bfc52c619\"},\"headline\":\"Reggio: a Piazza Duomo acceso l&#8217;albero di Natale\",\"datePublished\":\"2025-12-06T20:04:07+00:00\",\"mainEntityOfPage\":{\"@id\":\"https:\/\/progettotouring.it\/radiotouring104\/2025\/12\/06\/reggio-a-piazza-duomo-acceso-lalbero-di-natale\/\"},\"wordCount\":240,\"publisher\":{\"@id\":\"https:\/\/progettotouring.it\/radiotouring104\/#organization\"},\"image\":{\"@id\":\"https:\/\/progettotouring.it\/radiotouring104\/2025\/12\/06\/reggio-a-piazza-duomo-acceso-lalbero-di-natale\/#primaryimage\"},\"thumbnailUrl\":\"https:\/\/progettotouring.it\/radiotouring104\/wp-content\/uploads\/sites\/6\/2025\/12\/IMMAGINI-X-SITO-2025-12-06T210305.923.jpg\",\"articleSection\":[\"Home\",\"In primo piano\",\"News\",\"Reggio Calabria\"],\"inLanguage\":\"it-IT\"},{\"@type\":\"WebPage\",\"@id\":\"https:\/\/progettotouring.it\/radiotouring104\/2025\/12\/06\/reggio-a-piazza-duomo-acceso-lalbero-di-natale\/\",\"url\":\"https:\/\/progettotouring.it\/radiotouring104\/2025\/12\/06\/reggio-a-piazza-duomo-acceso-lalbero-di-natale\/\",\"name\":\"Reggio: a Piazza Duomo acceso l'albero di Natale - Radio Touring 104\",\"isPartOf\":{\"@id\":\"https:\/\/progettotouring.it\/radiotouring104\/#website\"},\"primaryImageOfPage\":{\"@id\":\"https:\/\/progettotouring.it\/radiotouring104\/2025\/12\/06\/reggio-a-piazza-duomo-acceso-lalbero-di-natale\/#primaryimage\"},\"image\":{\"@id\":\"https:\/\/progettotouring.it\/radiotouring104\/2025\/12\/06\/reggio-a-piazza-duomo-acceso-lalbero-di-natale\/#primaryimage\"},\"thumbnailUrl\":\"https:\/\/progettotouring.it\/radiotouring104\/wp-content\/uploads\/sites\/6\/2025\/12\/IMMAGINI-X-SITO-2025-12-06T210305.923.jpg\",\"datePublished\":\"2025-12-06T20:04:07+00:00\",\"description\":\"Il sindaco Falcomat\u00e0: \u00abEvento emozionante. Diamo valore alle cose che ci sembrano scontate come un abbraccio, un augurio, il sederci a tavola con i nostri genitori\u00bb\",\"breadcrumb\":{\"@id\":\"https:\/\/progettotouring.it\/radiotouring104\/2025\/12\/06\/reggio-a-piazza-duomo-acceso-lalbero-di-natale\/#breadcrumb\"},\"inLanguage\":\"it-IT\",\"potentialAction\":[{\"@type\":\"ReadAction\",\"target\":[\"https:\/\/progettotouring.it\/radiotouring104\/2025\/12\/06\/reggio-a-piazza-duomo-acceso-lalbero-di-natale\/\"]}]},{\"@type\":\"ImageObject\",\"inLanguage\":\"it-IT\",\"@id\":\"https:\/\/progettotouring.it\/radiotouring104\/2025\/12\/06\/reggio-a-piazza-duomo-acceso-lalbero-di-natale\/#primaryimage\",\"url\":\"https:\/\/progettotouring.it\/radiotouring104\/wp-content\/uploads\/sites\/6\/2025\/12\/IMMAGINI-X-SITO-2025-12-06T210305.923.jpg\",\"contentUrl\":\"https:\/\/progettotouring.it\/radiotouring104\/wp-content\/uploads\/sites\/6\/2025\/12\/IMMAGINI-X-SITO-2025-12-06T210305.923.jpg\",\"width\":2000,\"height\":1545},{\"@type\":\"BreadcrumbList\",\"@id\":\"https:\/\/progettotouring.it\/radiotouring104\/2025\/12\/06\/reggio-a-piazza-duomo-acceso-lalbero-di-natale\/#breadcrumb\",\"itemListElement\":[{\"@type\":\"ListItem\",\"position\":1,\"name\":\"Home\",\"item\":\"https:\/\/progettotouring.it\/radiotouring104\/\"},{\"@type\":\"ListItem\",\"position\":2,\"name\":\"Reggio: a Piazza Duomo acceso l&#8217;albero di Natale\"}]},{\"@type\":\"WebSite\",\"@id\":\"https:\/\/progettotouring.it\/radiotouring104\/#website\",\"url\":\"https:\/\/progettotouring.it\/radiotouring104\/\",\"name\":\"Radio Touring 104\",\"description\":\"La prima radio Reggina\",\"publisher\":{\"@id\":\"https:\/\/progettotouring.it\/radiotouring104\/#organization\"},\"potentialAction\":[{\"@type\":\"SearchAction\",\"target\":{\"@type\":\"EntryPoint\",\"urlTemplate\":\"https:\/\/progettotouring.it\/radiotouring104\/?s={search_term_string}\"},\"query-input\":{\"@type\":\"PropertyValueSpecification\",\"valueRequired\":true,\"valueName\":\"search_term_string\"}}],\"inLanguage\":\"it-IT\"},{\"@type\":\"Organization\",\"@id\":\"https:\/\/progettotouring.it\/radiotouring104\/#organization\",\"name\":\"Radio Touring 104\",\"url\":\"https:\/\/progettotouring.it\/radiotouring104\/\",\"logo\":{\"@type\":\"ImageObject\",\"inLanguage\":\"it-IT\",\"@id\":\"https:\/\/progettotouring.it\/radiotouring104\/#\/schema\/logo\/image\/\",\"url\":\"https:\/\/progettotouring.it\/radiotouring104\/wp-content\/uploads\/sites\/6\/2022\/02\/cropped-logo-radio-touring-104.png\",\"contentUrl\":\"https:\/\/progettotouring.it\/radiotouring104\/wp-content\/uploads\/sites\/6\/2022\/02\/cropped-logo-radio-touring-104.png\",\"width\":377,\"height\":182,\"caption\":\"Radio Touring 104\"},\"image\":{\"@id\":\"https:\/\/progettotouring.it\/radiotouring104\/#\/schema\/logo\/image\/\"}},{\"@type\":\"Person\",\"@id\":\"https:\/\/progettotouring.it\/radiotouring104\/#\/schema\/person\/b9f9c3730b0a78814c9b9f3bfc52c619\",\"name\":\"S L\",\"image\":{\"@type\":\"ImageObject\",\"inLanguage\":\"it-IT\",\"@id\":\"https:\/\/secure.gravatar.com\/avatar\/652c51789d7030aaed9ff828331360502a68204fe6fb0831bc280515210e16d2?s=96&d=mm&r=g\",\"url\":\"https:\/\/secure.gravatar.com\/avatar\/652c51789d7030aaed9ff828331360502a68204fe6fb0831bc280515210e16d2?s=96&d=mm&r=g\",\"contentUrl\":\"https:\/\/secure.gravatar.com\/avatar\/652c51789d7030aaed9ff828331360502a68204fe6fb0831bc280515210e16d2?s=96&d=mm&r=g\",\"caption\":\"S L\"},\"url\":\"https:\/\/progettotouring.it\/radiotouring104\/author\/slibri\/\"}]}<\/script>\n<!-- \/ Yoast SEO plugin. -->","yoast_head_json":{"title":"Reggio: a Piazza Duomo acceso l'albero di Natale - Radio Touring 104","description":"Il sindaco Falcomat\u00e0: \u00abEvento emozionante. Diamo valore alle cose che ci sembrano scontate come un abbraccio, un augurio, il sederci a tavola con i nostri genitori\u00bb","robots":{"index":"index","follow":"follow","max-snippet":"max-snippet:-1","max-image-preview":"max-image-preview:large","max-video-preview":"max-video-preview:-1"},"canonical":"https:\/\/progettotouring.it\/radiotouring104\/2025\/12\/06\/reggio-a-piazza-duomo-acceso-lalbero-di-natale\/","og_locale":"it_IT","og_type":"article","og_title":"Reggio: a Piazza Duomo acceso l'albero di Natale - Radio Touring 104","og_description":"Il sindaco Falcomat\u00e0: \u00abEvento emozionante. Diamo valore alle cose che ci sembrano scontate come un abbraccio, un augurio, il sederci a tavola con i nostri genitori\u00bb","og_url":"https:\/\/progettotouring.it\/radiotouring104\/2025\/12\/06\/reggio-a-piazza-duomo-acceso-lalbero-di-natale\/","og_site_name":"Radio Touring 104","article_published_time":"2025-12-06T20:04:07+00:00","og_image":[{"width":2000,"height":1545,"url":"https:\/\/progettotouring.it\/radiotouring104\/wp-content\/uploads\/sites\/6\/2025\/12\/IMMAGINI-X-SITO-2025-12-06T210305.923.jpg","type":"image\/jpeg"}],"author":"S L","twitter_card":"summary_large_image","twitter_misc":{"Scritto da":"S L","Tempo di lettura stimato":"1 minuto"},"schema":{"@context":"https:\/\/schema.org","@graph":[{"@type":"Article","@id":"https:\/\/progettotouring.it\/radiotouring104\/2025\/12\/06\/reggio-a-piazza-duomo-acceso-lalbero-di-natale\/#article","isPartOf":{"@id":"https:\/\/progettotouring.it\/radiotouring104\/2025\/12\/06\/reggio-a-piazza-duomo-acceso-lalbero-di-natale\/"},"author":{"name":"S L","@id":"https:\/\/progettotouring.it\/radiotouring104\/#\/schema\/person\/b9f9c3730b0a78814c9b9f3bfc52c619"},"headline":"Reggio: a Piazza Duomo acceso l&#8217;albero di Natale","datePublished":"2025-12-06T20:04:07+00:00","mainEntityOfPage":{"@id":"https:\/\/progettotouring.it\/radiotouring104\/2025\/12\/06\/reggio-a-piazza-duomo-acceso-lalbero-di-natale\/"},"wordCount":240,"publisher":{"@id":"https:\/\/progettotouring.it\/radiotouring104\/#organization"},"image":{"@id":"https:\/\/progettotouring.it\/radiotouring104\/2025\/12\/06\/reggio-a-piazza-duomo-acceso-lalbero-di-natale\/#primaryimage"},"thumbnailUrl":"https:\/\/progettotouring.it\/radiotouring104\/wp-content\/uploads\/sites\/6\/2025\/12\/IMMAGINI-X-SITO-2025-12-06T210305.923.jpg","articleSection":["Home","In primo piano","News","Reggio Calabria"],"inLanguage":"it-IT"},{"@type":"WebPage","@id":"https:\/\/progettotouring.it\/radiotouring104\/2025\/12\/06\/reggio-a-piazza-duomo-acceso-lalbero-di-natale\/","url":"https:\/\/progettotouring.it\/radiotouring104\/2025\/12\/06\/reggio-a-piazza-duomo-acceso-lalbero-di-natale\/","name":"Reggio: a Piazza Duomo acceso l'albero di Natale - Radio Touring 104","isPartOf":{"@id":"https:\/\/progettotouring.it\/radiotouring104\/#website"},"primaryImageOfPage":{"@id":"https:\/\/progettotouring.it\/radiotouring104\/2025\/12\/06\/reggio-a-piazza-duomo-acceso-lalbero-di-natale\/#primaryimage"},"image":{"@id":"https:\/\/progettotouring.it\/radiotouring104\/2025\/12\/06\/reggio-a-piazza-duomo-acceso-lalbero-di-natale\/#primaryimage"},"thumbnailUrl":"https:\/\/progettotouring.it\/radiotouring104\/wp-content\/uploads\/sites\/6\/2025\/12\/IMMAGINI-X-SITO-2025-12-06T210305.923.jpg","datePublished":"2025-12-06T20:04:07+00:00","description":"Il sindaco Falcomat\u00e0: \u00abEvento emozionante. Diamo valore alle cose che ci sembrano scontate come un abbraccio, un augurio, il sederci a tavola con i nostri genitori\u00bb","breadcrumb":{"@id":"https:\/\/progettotouring.it\/radiotouring104\/2025\/12\/06\/reggio-a-piazza-duomo-acceso-lalbero-di-natale\/#breadcrumb"},"inLanguage":"it-IT","potentialAction":[{"@type":"ReadAction","target":["https:\/\/progettotouring.it\/radiotouring104\/2025\/12\/06\/reggio-a-piazza-duomo-acceso-lalbero-di-natale\/"]}]},{"@type":"ImageObject","inLanguage":"it-IT","@id":"https:\/\/progettotouring.it\/radiotouring104\/2025\/12\/06\/reggio-a-piazza-duomo-acceso-lalbero-di-natale\/#primaryimage","url":"https:\/\/progettotouring.it\/radiotouring104\/wp-content\/uploads\/sites\/6\/2025\/12\/IMMAGINI-X-SITO-2025-12-06T210305.923.jpg","contentUrl":"https:\/\/progettotouring.it\/radiotouring104\/wp-content\/uploads\/sites\/6\/2025\/12\/IMMAGINI-X-SITO-2025-12-06T210305.923.jpg","width":2000,"height":1545},{"@type":"BreadcrumbList","@id":"https:\/\/progettotouring.it\/radiotouring104\/2025\/12\/06\/reggio-a-piazza-duomo-acceso-lalbero-di-natale\/#breadcrumb","itemListElement":[{"@type":"ListItem","position":1,"name":"Home","item":"https:\/\/progettotouring.it\/radiotouring104\/"},{"@type":"ListItem","position":2,"name":"Reggio: a Piazza Duomo acceso l&#8217;albero di Natale"}]},{"@type":"WebSite","@id":"https:\/\/progettotouring.it\/radiotouring104\/#website","url":"https:\/\/progettotouring.it\/radiotouring104\/","name":"Radio Touring 104","description":"La prima radio Reggina","publisher":{"@id":"https:\/\/progettotouring.it\/radiotouring104\/#organization"},"potentialAction":[{"@type":"SearchAction","target":{"@type":"EntryPoint","urlTemplate":"https:\/\/progettotouring.it\/radiotouring104\/?s={search_term_string}"},"query-input":{"@type":"PropertyValueSpecification","valueRequired":true,"valueName":"search_term_string"}}],"inLanguage":"it-IT"},{"@type":"Organization","@id":"https:\/\/progettotouring.it\/radiotouring104\/#organization","name":"Radio Touring 104","url":"https:\/\/progettotouring.it\/radiotouring104\/","logo":{"@type":"ImageObject","inLanguage":"it-IT","@id":"https:\/\/progettotouring.it\/radiotouring104\/#\/schema\/logo\/image\/","url":"https:\/\/progettotouring.it\/radiotouring104\/wp-content\/uploads\/sites\/6\/2022\/02\/cropped-logo-radio-touring-104.png","contentUrl":"https:\/\/progettotouring.it\/radiotouring104\/wp-content\/uploads\/sites\/6\/2022\/02\/cropped-logo-radio-touring-104.png","width":377,"height":182,"caption":"Radio Touring 104"},"image":{"@id":"https:\/\/progettotouring.it\/radiotouring104\/#\/schema\/logo\/image\/"}},{"@type":"Person","@id":"https:\/\/progettotouring.it\/radiotouring104\/#\/schema\/person\/b9f9c3730b0a78814c9b9f3bfc52c619","name":"S L","image":{"@type":"ImageObject","inLanguage":"it-IT","@id":"https:\/\/secure.gravatar.com\/avatar\/652c51789d7030aaed9ff828331360502a68204fe6fb0831bc280515210e16d2?s=96&d=mm&r=g","url":"https:\/\/secure.gravatar.com\/avatar\/652c51789d7030aaed9ff828331360502a68204fe6fb0831bc280515210e16d2?s=96&d=mm&r=g","contentUrl":"https:\/\/secure.gravatar.com\/avatar\/652c51789d7030aaed9ff828331360502a68204fe6fb0831bc280515210e16d2?s=96&d=mm&r=g","caption":"S L"},"url":"https:\/\/progettotouring.it\/radiotouring104\/author\/slibri\/"}]}},"jetpack_publicize_connections":[],"jetpack_featured_media_url":"https:\/\/progettotouring.it\/radiotouring104\/wp-content\/uploads\/sites\/6\/2025\/12\/IMMAGINI-X-SITO-2025-12-06T210305.923.jpg","jetpack_sharing_enabled":true,"_links":{"self":[{"href":"https:\/\/progettotouring.it\/radiotouring104\/wp-json\/wp\/v2\/posts\/87021","targetHints":{"allow":["GET"]}}],"collection":[{"href":"https:\/\/progettotouring.it\/radiotouring104\/wp-json\/wp\/v2\/posts"}],"about":[{"href":"https:\/\/progettotouring.it\/radiotouring104\/wp-json\/wp\/v2\/types\/post"}],"author":[{"embeddable":true,"href":"https:\/\/progettotouring.it\/radiotouring104\/wp-json\/wp\/v2\/users\/19"}],"replies":[{"embeddable":true,"href":"https:\/\/progettotouring.it\/radiotouring104\/wp-json\/wp\/v2\/comments?post=87021"}],"version-history":[{"count":1,"href":"https:\/\/progettotouring.it\/radiotouring104\/wp-json\/wp\/v2\/posts\/87021\/revisions"}],"predecessor-version":[{"id":87023,"href":"https:\/\/progettotouring.it\/radiotouring104\/wp-json\/wp\/v2\/posts\/87021\/revisions\/87023"}],"wp:featuredmedia":[{"embeddable":true,"href":"https:\/\/progettotouring.it\/radiotouring104\/wp-json\/wp\/v2\/media\/87022"}],"wp:attachment":[{"href":"https:\/\/progettotouring.it\/radiotouring104\/wp-json\/wp\/v2\/media?parent=87021"}],"wp:term":[{"taxonomy":"category","embeddable":true,"href":"https:\/\/progettotouring.it\/radiotouring104\/wp-json\/wp\/v2\/categories?post=87021"},{"taxonomy":"post_tag","embeddable":true,"href":"https:\/\/progettotouring.it\/radiotouring104\/wp-json\/wp\/v2\/tags?post=87021"}],"curies":[{"name":"wp","href":"https:\/\/api.w.org\/{rel}","templated":true}]}}