{"id":87024,"date":"2025-12-06T21:17:07","date_gmt":"2025-12-06T20:17:07","guid":{"rendered":"https:\/\/progettotouring.it\/radiotouring104\/?p=87024"},"modified":"2025-12-06T21:17:07","modified_gmt":"2025-12-06T20:17:07","slug":"villaggio-di-natale-a-piazza-duomo-ecco-gli-orari","status":"publish","type":"post","link":"https:\/\/progettotouring.it\/radiotouring104\/2025\/12\/06\/villaggio-di-natale-a-piazza-duomo-ecco-gli-orari\/","title":{"rendered":"Villaggio di Natale a Piazza Duomo: ecco gli orari"},"content":{"rendered":"<div class=\"h-100 d-flex flex-column container-fluid message-container no-dark-filter pe-3 detail\">\n<div class=\"row message-content\">\n<div class=\"col-12 h-100 d-flex flex-column overflow-y\">\n<div class=\"card\">\n<div class=\"card-body message-content-body pt-0 d-flex flex-column gap-4 margin-left\">\n<div class=\"message-content-body-text\">\n<div class=\"message-content-text\">\n<div>\n<div class=\"xam_msg_class\">\n<div dir=\"ltr\">\u00ab<em>Il Villaggio di Natale a piazza Duomo \u00e8 un\u2019iniziativa che sta riscuotendo successo, grazie alla partecipazione attiva e all\u2019impegno delle associazioni di categoria, che si sono sentite parte integrante del progetto. I mercatini di Natale vedono il coinvolgimento di tre associazioni Confcommercio, Confesercenti e Confartigianato, che hanno risposto alla manifestazione d\u2019interesse pubblicata dall\u2019Amministrazione comunale e hanno aderito all\u2019allestimento delle casette natalizie con i titolari delle aziende che animeranno il villaggio. Si tratta di operatori locali, pienamente in linea con la valorizzazione del commercio del territorio. Dal 5 dicembre al 6 gennaio, \u00a0il Villaggio di Natale offrir\u00e0 un\u2019atmosfera unica con le tradizionali casette. Ringrazio le associazioni e tutti coloro che si sono impegnati nella realizzazione e nell\u2019organizzazione degli eventi. Questa collaborazione nelle prossime settimane proseguir\u00e0 con una serie di attivit\u00e0 che si concretizzeranno sempre nell&#8217;interesse della citt\u00e0\u00bb.<\/em><\/p>\n<div>\nAd affermarlo \u00e8 Alex Tripodi, assessore comunale alle Attivit\u00e0 produttive.<\/div>\n<div><\/div>\n<div>Il Villaggio di Natale, come stabilito nel corso di una riunione con le associazioni svoltasi qualche giorno fa a palazzo San Giorgio, rispetter\u00e0 questi orari: <strong>6-7-8 Dicembre mattina e pomeriggio dalle 10.30 alle 13 e dalle 16 alle 20.30; dal 9 al 12 dicembre pomeriggio dalle 16 alle 20.30; dal 13 al 28 dicembre mattina e pomeriggio dalle 10.30 alle 13 e dalle 16 alle 20.30; dal 29 dicembre al 5 gennaio nel pomeriggio dalle 16 alle 20.30; infine il 6 gennaio mattina e pomeriggio dalle 10.30 alle 13 e dalle 16 alle 20,30. Gli orari sopracitati sono tassativi, fermo restando la possibilit\u00e0 di ogni singolo operatore di poter ampliare (non restringere) la fascia oraria di apertura degli stand.<\/strong><\/div>\n<div>\n\u00ab<em>Se crescono le imprese del nostro territorio<\/em> \u2013 continua Tripodi &#8211; <em>cresce anche l\u2019indotto cittadino. I mesi che verranno saranno fondamentali per mettere insieme iniziative e progetti per \u00a0rilanciare lo sviluppo economico. A tal proposito rinnovo l\u2019appello dei giorni scorsi ai reggini: scegliete di effettuare i vostri acquisti nei negozi della citt\u00e0, sostenendo cos\u00ec il commercio locale per fronteggiare il calo dei consumi. Un invito che siamo lieti che Confcommercio abbia riproposto con la campagna nazionale \u00a0#ComproSottoCasa. Sar\u00e0 decisivo il ruolo delle attivit\u00e0 commerciali e degli operatori, non solo nel centro storico ma anche nelle periferie. L\u2019Amministrazione continuer\u00e0 a garantire il proprio supporto attraverso un dialogo costante con le associazioni di categoria. Il nostro tessuto economico necessita non solo degli investimenti che il Comune sta mettendo in campo grazie anche al lavoro dell\u2019assessore alla Programmazione, Carmelo Romeo, con i fondi PN Metro Plus, ma anche di una nuova visione e di un\u2019interlocuzione sempre costruttiva. In quest\u2019ottica<\/em> \u2013 conclude Tripodi \u2013 <em>stiamo valutando la possibilit\u00e0 di creare una consulta delle associazioni di categoria, uno spazio permanente di confronto, programmazione e progettazione, aperto anche ai cittadini, per sostenere e rilanciare l\u2019economia locale\u00bb.<\/em><\/div>\n<\/div>\n<\/div>\n<\/div>\n<\/div>\n<\/div>\n<\/div>\n<div class=\"card-footer message-content-footer pb-3 sticky-bottom z-3 margin-left\">\n<div class=\"aru-button-group\" role=\"group\">\n<div class=\"top-text\">\n<div class=\"aru-button__inner aru-button__inner--md\n\n               \"><\/p>\n<div class=\"aru-button__content aru-button__content--start\"><\/div>\n<\/div>\n<\/div>\n<div class=\"top-text\">\n<div class=\"aru-button__inner aru-button__inner--md\n\n               \"><\/p>\n<div class=\"aru-button__content aru-button__content--start\"><\/div>\n<\/div>\n<\/div>\n<div class=\"top-text\">\n<div class=\"aru-button__inner aru-button__inner--md\n\n               \"><\/p>\n<div class=\"aru-button__content aru-button__content--start\"><\/div>\n<\/div>\n<\/div>\n<\/div>\n<\/div>\n<\/div>\n<\/div>\n<\/div>\n<\/div>\n<div class=\"aru-sheet-modal\">\n<div id=\"sheet\" class=\"sheet\" aria-hidden=\"true\">\n<div class=\"contents\">\n<div class=\"header\">\n<div class=\"drag-bar\"><\/div>\n<div class=\"actions\">\n<div class=\"left\">\n<div class=\"top-text\">\n<div class=\"aru-button__inner aru-button__inner--md\n\n               \"><\/div>\n<\/div>\n<\/div>\n<div class=\"center\">\n<div class=\"modal-sheet-header\">\n<div><\/div>\n<\/div>\n<\/div>\n<div class=\"right\">\n<div class=\"top-text\">\n<div class=\"aru-button__inner aru-button__inner--md\n\n               \"><\/div>\n<\/div>\n<\/div>\n<\/div>\n<\/div>\n<div class=\"body\">\n<div class=\"sheet-start\">\n<div class=\"modal-sheet-body\">\n<div>\n<div class=\"action-group-body d-flex flex-column gap-1 justify-content-center align-content-center\">\n<div class=\"level-one\">\n<div class=\"aru-button-menu__noDropdown left w-100 \">\n<div class=\"top-text\">\n<div class=\"aru-button__inner aru-button__inner--md\n\n               \"><\/p>\n<div class=\"aru-button__content aru-button__content--start\"><\/div>\n<div class=\"\n          aru-button__content aru-button__content--center \n\n          \"><\/div>\n<\/div>\n<\/div>\n<\/div>\n<div class=\"aru-button-menu__noDropdown left w-100 \">\n<div class=\"top-text\">\n<div class=\"aru-button__inner aru-button__inner--md\n\n               \"><\/p>\n<div class=\"\n          aru-button__content aru-button__content--center \n\n          \"><\/div>\n<\/div>\n<\/div>\n<\/div>\n<div class=\"aru-button-menu__noDropdown left w-100 \">\n<div class=\"top-text\">\n<div class=\"aru-button__inner aru-button__inner--md\n\n               \"><\/p>\n<div class=\"\n          aru-button__content aru-button__content--center \n\n          \"><\/div>\n<\/div>\n<\/div>\n<\/div>\n<\/div>\n<\/div>\n<\/div>\n<\/div>\n<\/div>\n<\/div>\n<div class=\"footer\"><\/div>\n<\/div>\n<\/div>\n<\/div>\n<div class=\"as-split-gutter\" role=\"separator\"><\/div>\n","protected":false},"excerpt":{"rendered":"<p>\u00abIl Villaggio di Natale a piazza Duomo \u00e8 un\u2019iniziativa che sta riscuotendo successo, grazie alla partecipazione attiva e all\u2019impegno delle associazioni di categoria, che si sono sentite parte integrante del&hellip;<\/p>\n","protected":false},"author":19,"featured_media":87025,"comment_status":"closed","ping_status":"open","sticky":false,"template":"","format":"standard","meta":{"_jetpack_memberships_contains_paid_content":false,"footnotes":"","jetpack_publicize_message":"","jetpack_publicize_feature_enabled":true,"jetpack_social_post_already_shared":true,"jetpack_social_options":{"image_generator_settings":{"template":"highway","default_image_id":0,"font":"","enabled":false},"version":2}},"categories":[921,196,140],"tags":[],"class_list":["post-87024","post","type-post","status-publish","format-standard","has-post-thumbnail","hentry","category-home","category-news","category-reggio-calabria"],"yoast_head":"<!-- This site is optimized with the Yoast SEO plugin v27.2 - https:\/\/yoast.com\/product\/yoast-seo-wordpress\/ -->\n<title>Villaggio di Natale a Piazza Duomo: ecco gli orari - Radio Touring 104<\/title>\n<meta name=\"description\" content=\"Tripodi: \u00abUn\u2019iniziativa di successo grazie associazioni di categoria, parte integrante del progetto\u00bb\" \/>\n<meta name=\"robots\" content=\"index, follow, max-snippet:-1, max-image-preview:large, max-video-preview:-1\" \/>\n<link rel=\"canonical\" href=\"https:\/\/progettotouring.it\/radiotouring104\/2025\/12\/06\/villaggio-di-natale-a-piazza-duomo-ecco-gli-orari\/\" \/>\n<meta property=\"og:locale\" content=\"it_IT\" \/>\n<meta property=\"og:type\" content=\"article\" \/>\n<meta property=\"og:title\" content=\"Villaggio di Natale a Piazza Duomo: ecco gli orari - Radio Touring 104\" \/>\n<meta property=\"og:description\" content=\"Tripodi: \u00abUn\u2019iniziativa di successo grazie associazioni di categoria, parte integrante del progetto\u00bb\" \/>\n<meta property=\"og:url\" content=\"https:\/\/progettotouring.it\/radiotouring104\/2025\/12\/06\/villaggio-di-natale-a-piazza-duomo-ecco-gli-orari\/\" \/>\n<meta property=\"og:site_name\" content=\"Radio Touring 104\" \/>\n<meta property=\"article:published_time\" content=\"2025-12-06T20:17:07+00:00\" \/>\n<meta property=\"og:image\" content=\"https:\/\/progettotouring.it\/radiotouring104\/wp-content\/uploads\/sites\/6\/2025\/12\/IMMAGINI-X-SITO-2025-12-06T211611.684.jpg\" \/>\n\t<meta property=\"og:image:width\" content=\"2000\" \/>\n\t<meta property=\"og:image:height\" content=\"1545\" \/>\n\t<meta property=\"og:image:type\" content=\"image\/jpeg\" \/>\n<meta name=\"author\" content=\"S L\" \/>\n<meta name=\"twitter:card\" content=\"summary_large_image\" \/>\n<meta name=\"twitter:label1\" content=\"Scritto da\" \/>\n\t<meta name=\"twitter:data1\" content=\"S L\" \/>\n\t<meta name=\"twitter:label2\" content=\"Tempo di lettura stimato\" \/>\n\t<meta name=\"twitter:data2\" content=\"2 minuti\" \/>\n<script type=\"application\/ld+json\" class=\"yoast-schema-graph\">{\"@context\":\"https:\/\/schema.org\",\"@graph\":[{\"@type\":\"Article\",\"@id\":\"https:\/\/progettotouring.it\/radiotouring104\/2025\/12\/06\/villaggio-di-natale-a-piazza-duomo-ecco-gli-orari\/#article\",\"isPartOf\":{\"@id\":\"https:\/\/progettotouring.it\/radiotouring104\/2025\/12\/06\/villaggio-di-natale-a-piazza-duomo-ecco-gli-orari\/\"},\"author\":{\"name\":\"S L\",\"@id\":\"https:\/\/progettotouring.it\/radiotouring104\/#\/schema\/person\/b9f9c3730b0a78814c9b9f3bfc52c619\"},\"headline\":\"Villaggio di Natale a Piazza Duomo: ecco gli orari\",\"datePublished\":\"2025-12-06T20:17:07+00:00\",\"mainEntityOfPage\":{\"@id\":\"https:\/\/progettotouring.it\/radiotouring104\/2025\/12\/06\/villaggio-di-natale-a-piazza-duomo-ecco-gli-orari\/\"},\"wordCount\":449,\"publisher\":{\"@id\":\"https:\/\/progettotouring.it\/radiotouring104\/#organization\"},\"image\":{\"@id\":\"https:\/\/progettotouring.it\/radiotouring104\/2025\/12\/06\/villaggio-di-natale-a-piazza-duomo-ecco-gli-orari\/#primaryimage\"},\"thumbnailUrl\":\"https:\/\/progettotouring.it\/radiotouring104\/wp-content\/uploads\/sites\/6\/2025\/12\/IMMAGINI-X-SITO-2025-12-06T211611.684.jpg\",\"articleSection\":[\"Home\",\"News\",\"Reggio Calabria\"],\"inLanguage\":\"it-IT\"},{\"@type\":\"WebPage\",\"@id\":\"https:\/\/progettotouring.it\/radiotouring104\/2025\/12\/06\/villaggio-di-natale-a-piazza-duomo-ecco-gli-orari\/\",\"url\":\"https:\/\/progettotouring.it\/radiotouring104\/2025\/12\/06\/villaggio-di-natale-a-piazza-duomo-ecco-gli-orari\/\",\"name\":\"Villaggio di Natale a Piazza Duomo: ecco gli orari - Radio Touring 104\",\"isPartOf\":{\"@id\":\"https:\/\/progettotouring.it\/radiotouring104\/#website\"},\"primaryImageOfPage\":{\"@id\":\"https:\/\/progettotouring.it\/radiotouring104\/2025\/12\/06\/villaggio-di-natale-a-piazza-duomo-ecco-gli-orari\/#primaryimage\"},\"image\":{\"@id\":\"https:\/\/progettotouring.it\/radiotouring104\/2025\/12\/06\/villaggio-di-natale-a-piazza-duomo-ecco-gli-orari\/#primaryimage\"},\"thumbnailUrl\":\"https:\/\/progettotouring.it\/radiotouring104\/wp-content\/uploads\/sites\/6\/2025\/12\/IMMAGINI-X-SITO-2025-12-06T211611.684.jpg\",\"datePublished\":\"2025-12-06T20:17:07+00:00\",\"description\":\"Tripodi: \u00abUn\u2019iniziativa di successo grazie associazioni di categoria, parte integrante del progetto\u00bb\",\"breadcrumb\":{\"@id\":\"https:\/\/progettotouring.it\/radiotouring104\/2025\/12\/06\/villaggio-di-natale-a-piazza-duomo-ecco-gli-orari\/#breadcrumb\"},\"inLanguage\":\"it-IT\",\"potentialAction\":[{\"@type\":\"ReadAction\",\"target\":[\"https:\/\/progettotouring.it\/radiotouring104\/2025\/12\/06\/villaggio-di-natale-a-piazza-duomo-ecco-gli-orari\/\"]}]},{\"@type\":\"ImageObject\",\"inLanguage\":\"it-IT\",\"@id\":\"https:\/\/progettotouring.it\/radiotouring104\/2025\/12\/06\/villaggio-di-natale-a-piazza-duomo-ecco-gli-orari\/#primaryimage\",\"url\":\"https:\/\/progettotouring.it\/radiotouring104\/wp-content\/uploads\/sites\/6\/2025\/12\/IMMAGINI-X-SITO-2025-12-06T211611.684.jpg\",\"contentUrl\":\"https:\/\/progettotouring.it\/radiotouring104\/wp-content\/uploads\/sites\/6\/2025\/12\/IMMAGINI-X-SITO-2025-12-06T211611.684.jpg\",\"width\":2000,\"height\":1545},{\"@type\":\"BreadcrumbList\",\"@id\":\"https:\/\/progettotouring.it\/radiotouring104\/2025\/12\/06\/villaggio-di-natale-a-piazza-duomo-ecco-gli-orari\/#breadcrumb\",\"itemListElement\":[{\"@type\":\"ListItem\",\"position\":1,\"name\":\"Home\",\"item\":\"https:\/\/progettotouring.it\/radiotouring104\/\"},{\"@type\":\"ListItem\",\"position\":2,\"name\":\"Villaggio di Natale a Piazza Duomo: ecco gli orari\"}]},{\"@type\":\"WebSite\",\"@id\":\"https:\/\/progettotouring.it\/radiotouring104\/#website\",\"url\":\"https:\/\/progettotouring.it\/radiotouring104\/\",\"name\":\"Radio Touring 104\",\"description\":\"La prima radio Reggina\",\"publisher\":{\"@id\":\"https:\/\/progettotouring.it\/radiotouring104\/#organization\"},\"potentialAction\":[{\"@type\":\"SearchAction\",\"target\":{\"@type\":\"EntryPoint\",\"urlTemplate\":\"https:\/\/progettotouring.it\/radiotouring104\/?s={search_term_string}\"},\"query-input\":{\"@type\":\"PropertyValueSpecification\",\"valueRequired\":true,\"valueName\":\"search_term_string\"}}],\"inLanguage\":\"it-IT\"},{\"@type\":\"Organization\",\"@id\":\"https:\/\/progettotouring.it\/radiotouring104\/#organization\",\"name\":\"Radio Touring 104\",\"url\":\"https:\/\/progettotouring.it\/radiotouring104\/\",\"logo\":{\"@type\":\"ImageObject\",\"inLanguage\":\"it-IT\",\"@id\":\"https:\/\/progettotouring.it\/radiotouring104\/#\/schema\/logo\/image\/\",\"url\":\"https:\/\/progettotouring.it\/radiotouring104\/wp-content\/uploads\/sites\/6\/2022\/02\/cropped-logo-radio-touring-104.png\",\"contentUrl\":\"https:\/\/progettotouring.it\/radiotouring104\/wp-content\/uploads\/sites\/6\/2022\/02\/cropped-logo-radio-touring-104.png\",\"width\":377,\"height\":182,\"caption\":\"Radio Touring 104\"},\"image\":{\"@id\":\"https:\/\/progettotouring.it\/radiotouring104\/#\/schema\/logo\/image\/\"}},{\"@type\":\"Person\",\"@id\":\"https:\/\/progettotouring.it\/radiotouring104\/#\/schema\/person\/b9f9c3730b0a78814c9b9f3bfc52c619\",\"name\":\"S L\",\"image\":{\"@type\":\"ImageObject\",\"inLanguage\":\"it-IT\",\"@id\":\"https:\/\/secure.gravatar.com\/avatar\/652c51789d7030aaed9ff828331360502a68204fe6fb0831bc280515210e16d2?s=96&d=mm&r=g\",\"url\":\"https:\/\/secure.gravatar.com\/avatar\/652c51789d7030aaed9ff828331360502a68204fe6fb0831bc280515210e16d2?s=96&d=mm&r=g\",\"contentUrl\":\"https:\/\/secure.gravatar.com\/avatar\/652c51789d7030aaed9ff828331360502a68204fe6fb0831bc280515210e16d2?s=96&d=mm&r=g\",\"caption\":\"S L\"},\"url\":\"https:\/\/progettotouring.it\/radiotouring104\/author\/slibri\/\"}]}<\/script>\n<!-- \/ Yoast SEO plugin. -->","yoast_head_json":{"title":"Villaggio di Natale a Piazza Duomo: ecco gli orari - Radio Touring 104","description":"Tripodi: \u00abUn\u2019iniziativa di successo grazie associazioni di categoria, parte integrante del progetto\u00bb","robots":{"index":"index","follow":"follow","max-snippet":"max-snippet:-1","max-image-preview":"max-image-preview:large","max-video-preview":"max-video-preview:-1"},"canonical":"https:\/\/progettotouring.it\/radiotouring104\/2025\/12\/06\/villaggio-di-natale-a-piazza-duomo-ecco-gli-orari\/","og_locale":"it_IT","og_type":"article","og_title":"Villaggio di Natale a Piazza Duomo: ecco gli orari - Radio Touring 104","og_description":"Tripodi: \u00abUn\u2019iniziativa di successo grazie associazioni di categoria, parte integrante del progetto\u00bb","og_url":"https:\/\/progettotouring.it\/radiotouring104\/2025\/12\/06\/villaggio-di-natale-a-piazza-duomo-ecco-gli-orari\/","og_site_name":"Radio Touring 104","article_published_time":"2025-12-06T20:17:07+00:00","og_image":[{"width":2000,"height":1545,"url":"https:\/\/progettotouring.it\/radiotouring104\/wp-content\/uploads\/sites\/6\/2025\/12\/IMMAGINI-X-SITO-2025-12-06T211611.684.jpg","type":"image\/jpeg"}],"author":"S L","twitter_card":"summary_large_image","twitter_misc":{"Scritto da":"S L","Tempo di lettura stimato":"2 minuti"},"schema":{"@context":"https:\/\/schema.org","@graph":[{"@type":"Article","@id":"https:\/\/progettotouring.it\/radiotouring104\/2025\/12\/06\/villaggio-di-natale-a-piazza-duomo-ecco-gli-orari\/#article","isPartOf":{"@id":"https:\/\/progettotouring.it\/radiotouring104\/2025\/12\/06\/villaggio-di-natale-a-piazza-duomo-ecco-gli-orari\/"},"author":{"name":"S L","@id":"https:\/\/progettotouring.it\/radiotouring104\/#\/schema\/person\/b9f9c3730b0a78814c9b9f3bfc52c619"},"headline":"Villaggio di Natale a Piazza Duomo: ecco gli orari","datePublished":"2025-12-06T20:17:07+00:00","mainEntityOfPage":{"@id":"https:\/\/progettotouring.it\/radiotouring104\/2025\/12\/06\/villaggio-di-natale-a-piazza-duomo-ecco-gli-orari\/"},"wordCount":449,"publisher":{"@id":"https:\/\/progettotouring.it\/radiotouring104\/#organization"},"image":{"@id":"https:\/\/progettotouring.it\/radiotouring104\/2025\/12\/06\/villaggio-di-natale-a-piazza-duomo-ecco-gli-orari\/#primaryimage"},"thumbnailUrl":"https:\/\/progettotouring.it\/radiotouring104\/wp-content\/uploads\/sites\/6\/2025\/12\/IMMAGINI-X-SITO-2025-12-06T211611.684.jpg","articleSection":["Home","News","Reggio Calabria"],"inLanguage":"it-IT"},{"@type":"WebPage","@id":"https:\/\/progettotouring.it\/radiotouring104\/2025\/12\/06\/villaggio-di-natale-a-piazza-duomo-ecco-gli-orari\/","url":"https:\/\/progettotouring.it\/radiotouring104\/2025\/12\/06\/villaggio-di-natale-a-piazza-duomo-ecco-gli-orari\/","name":"Villaggio di Natale a Piazza Duomo: ecco gli orari - Radio Touring 104","isPartOf":{"@id":"https:\/\/progettotouring.it\/radiotouring104\/#website"},"primaryImageOfPage":{"@id":"https:\/\/progettotouring.it\/radiotouring104\/2025\/12\/06\/villaggio-di-natale-a-piazza-duomo-ecco-gli-orari\/#primaryimage"},"image":{"@id":"https:\/\/progettotouring.it\/radiotouring104\/2025\/12\/06\/villaggio-di-natale-a-piazza-duomo-ecco-gli-orari\/#primaryimage"},"thumbnailUrl":"https:\/\/progettotouring.it\/radiotouring104\/wp-content\/uploads\/sites\/6\/2025\/12\/IMMAGINI-X-SITO-2025-12-06T211611.684.jpg","datePublished":"2025-12-06T20:17:07+00:00","description":"Tripodi: \u00abUn\u2019iniziativa di successo grazie associazioni di categoria, parte integrante del progetto\u00bb","breadcrumb":{"@id":"https:\/\/progettotouring.it\/radiotouring104\/2025\/12\/06\/villaggio-di-natale-a-piazza-duomo-ecco-gli-orari\/#breadcrumb"},"inLanguage":"it-IT","potentialAction":[{"@type":"ReadAction","target":["https:\/\/progettotouring.it\/radiotouring104\/2025\/12\/06\/villaggio-di-natale-a-piazza-duomo-ecco-gli-orari\/"]}]},{"@type":"ImageObject","inLanguage":"it-IT","@id":"https:\/\/progettotouring.it\/radiotouring104\/2025\/12\/06\/villaggio-di-natale-a-piazza-duomo-ecco-gli-orari\/#primaryimage","url":"https:\/\/progettotouring.it\/radiotouring104\/wp-content\/uploads\/sites\/6\/2025\/12\/IMMAGINI-X-SITO-2025-12-06T211611.684.jpg","contentUrl":"https:\/\/progettotouring.it\/radiotouring104\/wp-content\/uploads\/sites\/6\/2025\/12\/IMMAGINI-X-SITO-2025-12-06T211611.684.jpg","width":2000,"height":1545},{"@type":"BreadcrumbList","@id":"https:\/\/progettotouring.it\/radiotouring104\/2025\/12\/06\/villaggio-di-natale-a-piazza-duomo-ecco-gli-orari\/#breadcrumb","itemListElement":[{"@type":"ListItem","position":1,"name":"Home","item":"https:\/\/progettotouring.it\/radiotouring104\/"},{"@type":"ListItem","position":2,"name":"Villaggio di Natale a Piazza Duomo: ecco gli orari"}]},{"@type":"WebSite","@id":"https:\/\/progettotouring.it\/radiotouring104\/#website","url":"https:\/\/progettotouring.it\/radiotouring104\/","name":"Radio Touring 104","description":"La prima radio Reggina","publisher":{"@id":"https:\/\/progettotouring.it\/radiotouring104\/#organization"},"potentialAction":[{"@type":"SearchAction","target":{"@type":"EntryPoint","urlTemplate":"https:\/\/progettotouring.it\/radiotouring104\/?s={search_term_string}"},"query-input":{"@type":"PropertyValueSpecification","valueRequired":true,"valueName":"search_term_string"}}],"inLanguage":"it-IT"},{"@type":"Organization","@id":"https:\/\/progettotouring.it\/radiotouring104\/#organization","name":"Radio Touring 104","url":"https:\/\/progettotouring.it\/radiotouring104\/","logo":{"@type":"ImageObject","inLanguage":"it-IT","@id":"https:\/\/progettotouring.it\/radiotouring104\/#\/schema\/logo\/image\/","url":"https:\/\/progettotouring.it\/radiotouring104\/wp-content\/uploads\/sites\/6\/2022\/02\/cropped-logo-radio-touring-104.png","contentUrl":"https:\/\/progettotouring.it\/radiotouring104\/wp-content\/uploads\/sites\/6\/2022\/02\/cropped-logo-radio-touring-104.png","width":377,"height":182,"caption":"Radio Touring 104"},"image":{"@id":"https:\/\/progettotouring.it\/radiotouring104\/#\/schema\/logo\/image\/"}},{"@type":"Person","@id":"https:\/\/progettotouring.it\/radiotouring104\/#\/schema\/person\/b9f9c3730b0a78814c9b9f3bfc52c619","name":"S L","image":{"@type":"ImageObject","inLanguage":"it-IT","@id":"https:\/\/secure.gravatar.com\/avatar\/652c51789d7030aaed9ff828331360502a68204fe6fb0831bc280515210e16d2?s=96&d=mm&r=g","url":"https:\/\/secure.gravatar.com\/avatar\/652c51789d7030aaed9ff828331360502a68204fe6fb0831bc280515210e16d2?s=96&d=mm&r=g","contentUrl":"https:\/\/secure.gravatar.com\/avatar\/652c51789d7030aaed9ff828331360502a68204fe6fb0831bc280515210e16d2?s=96&d=mm&r=g","caption":"S L"},"url":"https:\/\/progettotouring.it\/radiotouring104\/author\/slibri\/"}]}},"jetpack_publicize_connections":[],"jetpack_featured_media_url":"https:\/\/progettotouring.it\/radiotouring104\/wp-content\/uploads\/sites\/6\/2025\/12\/IMMAGINI-X-SITO-2025-12-06T211611.684.jpg","jetpack_sharing_enabled":true,"_links":{"self":[{"href":"https:\/\/progettotouring.it\/radiotouring104\/wp-json\/wp\/v2\/posts\/87024","targetHints":{"allow":["GET"]}}],"collection":[{"href":"https:\/\/progettotouring.it\/radiotouring104\/wp-json\/wp\/v2\/posts"}],"about":[{"href":"https:\/\/progettotouring.it\/radiotouring104\/wp-json\/wp\/v2\/types\/post"}],"author":[{"embeddable":true,"href":"https:\/\/progettotouring.it\/radiotouring104\/wp-json\/wp\/v2\/users\/19"}],"replies":[{"embeddable":true,"href":"https:\/\/progettotouring.it\/radiotouring104\/wp-json\/wp\/v2\/comments?post=87024"}],"version-history":[{"count":1,"href":"https:\/\/progettotouring.it\/radiotouring104\/wp-json\/wp\/v2\/posts\/87024\/revisions"}],"predecessor-version":[{"id":87026,"href":"https:\/\/progettotouring.it\/radiotouring104\/wp-json\/wp\/v2\/posts\/87024\/revisions\/87026"}],"wp:featuredmedia":[{"embeddable":true,"href":"https:\/\/progettotouring.it\/radiotouring104\/wp-json\/wp\/v2\/media\/87025"}],"wp:attachment":[{"href":"https:\/\/progettotouring.it\/radiotouring104\/wp-json\/wp\/v2\/media?parent=87024"}],"wp:term":[{"taxonomy":"category","embeddable":true,"href":"https:\/\/progettotouring.it\/radiotouring104\/wp-json\/wp\/v2\/categories?post=87024"},{"taxonomy":"post_tag","embeddable":true,"href":"https:\/\/progettotouring.it\/radiotouring104\/wp-json\/wp\/v2\/tags?post=87024"}],"curies":[{"name":"wp","href":"https:\/\/api.w.org\/{rel}","templated":true}]}}