{"id":87039,"date":"2025-12-07T13:39:55","date_gmt":"2025-12-07T12:39:55","guid":{"rendered":"https:\/\/progettotouring.it\/radiotouring104\/?p=87039"},"modified":"2025-12-07T18:46:48","modified_gmt":"2025-12-07T17:46:48","slug":"cronaca-diretta-paterno-reggina","status":"publish","type":"post","link":"https:\/\/progettotouring.it\/radiotouring104\/2025\/12\/07\/cronaca-diretta-paterno-reggina\/","title":{"rendered":"Cronaca diretta Patern\u00f2 &#8211; Reggina"},"content":{"rendered":"<p>&nbsp;<\/p>\n<div id=\"penci-post-gallery__2854\" class=\"penci-post-gallery-container single-slider column-3\" data-height=\"150\" data-margin=\"3\"><div class=\"penci-owl-carousel penci-owl-carousel-slider penci-nav-visible\" data-auto=\"true\" data-lazy=\"true\"><figure><a class=\"penci-gallery-ite item-gallery-single-slider item-link-relative\" href=\"https:\/\/progettotouring.it\/radiotouring104\/wp-content\/uploads\/sites\/6\/2025\/02\/paterno-reggina.jpg\"><span class=\"penci-isotope-padding\" style=\"padding-bottom:52.77777778%;\"><\/span><img decoding=\"async\" src=\"https:\/\/progettotouring.it\/radiotouring104\/wp-content\/uploads\/sites\/6\/2025\/02\/paterno-reggina.jpg\" alt=\"\" title=\"paterno reggina\"><\/a><\/figure><figure><a class=\"penci-gallery-ite item-gallery-single-slider item-link-relative\" href=\"https:\/\/progettotouring.it\/radiotouring104\/wp-content\/uploads\/sites\/6\/2025\/12\/IMG-20251207-WA0001.jpg\"><span class=\"penci-isotope-padding\" style=\"padding-bottom:75.04273504%;\"><\/span><img decoding=\"async\" src=\"https:\/\/progettotouring.it\/radiotouring104\/wp-content\/uploads\/sites\/6\/2025\/12\/IMG-20251207-WA0001-1170x878.jpg\" alt=\"\" title=\"IMG-20251207-WA0001\"><\/a><\/figure><figure><a class=\"penci-gallery-ite item-gallery-single-slider item-link-relative\" href=\"https:\/\/progettotouring.it\/radiotouring104\/wp-content\/uploads\/sites\/6\/2025\/12\/IMG-20251207-WA0003.jpg\"><span class=\"penci-isotope-padding\" style=\"padding-bottom:75.04273504%;\"><\/span><img decoding=\"async\" src=\"https:\/\/progettotouring.it\/radiotouring104\/wp-content\/uploads\/sites\/6\/2025\/12\/IMG-20251207-WA0003-1170x878.jpg\" alt=\"\" title=\"IMG-20251207-WA0003\"><\/a><\/figure><figure><a class=\"penci-gallery-ite item-gallery-single-slider item-link-relative\" href=\"https:\/\/progettotouring.it\/radiotouring104\/wp-content\/uploads\/sites\/6\/2025\/12\/IMG-20251207-WA0002.jpg\"><span class=\"penci-isotope-padding\" style=\"padding-bottom:75.04273504%;\"><\/span><img decoding=\"async\" src=\"https:\/\/progettotouring.it\/radiotouring104\/wp-content\/uploads\/sites\/6\/2025\/12\/IMG-20251207-WA0002-1170x878.jpg\" alt=\"\" title=\"IMG-20251207-WA0002\"><\/a><\/figure><figure><a class=\"penci-gallery-ite item-gallery-single-slider item-link-relative\" href=\"https:\/\/progettotouring.it\/radiotouring104\/wp-content\/uploads\/sites\/6\/2025\/12\/IMG-20251207-WA0010.jpg\"><span class=\"penci-isotope-padding\" style=\"padding-bottom:75.04273504%;\"><\/span><img decoding=\"async\" src=\"https:\/\/progettotouring.it\/radiotouring104\/wp-content\/uploads\/sites\/6\/2025\/12\/IMG-20251207-WA0010-1170x878.jpg\" alt=\"\" title=\"IMG-20251207-WA0010\"><\/a><\/figure><figure><a class=\"penci-gallery-ite item-gallery-single-slider item-link-relative\" href=\"https:\/\/progettotouring.it\/radiotouring104\/wp-content\/uploads\/sites\/6\/2025\/12\/IMG-20251207-WA0008.jpg\"><span class=\"penci-isotope-padding\" style=\"padding-bottom:75.04273504%;\"><\/span><img decoding=\"async\" src=\"https:\/\/progettotouring.it\/radiotouring104\/wp-content\/uploads\/sites\/6\/2025\/12\/IMG-20251207-WA0008-1170x878.jpg\" alt=\"\" title=\"IMG-20251207-WA0008\"><\/a><\/figure><\/div><\/div>\n<p>PATERN\u00d2- REGGINA: 0-2<\/p>\n<p>Dal Falcone-Borsellino \u00e8 tutto. Reggina batte Patern\u00f2 2-0.<\/p>\n<p>Il Patern\u00f2 sembra essere in difficolt\u00e0 . La Reggina,\u00a0 nonostante il doppio vantaggio, \u00e8 sembrata troppo attenta alla fase difensiva disdegnando le ripartenze che avrebbero potuto chiudere prima la partita. Da matita rossa la superficialit\u00e0 di Sartore che ha determinato la seconda ammonizione.\u00a0 Sfortunatissimo Di Grazia.<\/p>\n<p>Il gol su rigore di Ragusa e il raddoppio di Rosario Girasole consentono agli amaranto di espugnare l&#8217;ostico campo locale.<\/p>\n<p>La Reggina vince a Patern\u00f2 grazie ai due gol segnati nel primo tempo. Si abbracciano i calciatori con la panchina. Purtroppo Di Grazia, a terra,\u00a0 sembra sofferente. Non ci voleva l&#8217;infortunio a tempo scaduto per il n. 10 amaranto.<\/p>\n<p>Mancano ormai una manciata di secondi al triplice fischio.<\/p>\n<p>Sta scendendo il buio sul Falcone-Borsellino.<\/p>\n<p>Si fa male Di Grazia. Lo staff medico in\u00a0 campo . DI Grazia, zoppiando, esce fuori dal terreno di gioco. Reggina in 9 . Il 10 rientra ma zoppica vistosamente.<\/p>\n<p>Ammonito Ambrogio.<\/p>\n<p>6 minuti di recupero.<\/p>\n<p>Pericolo p3r la Reggina ma Fernandez, in area, solo, non governa un pallone e consentendo il rinvio.<\/p>\n<p>Espulso Sartore, gi\u00e0 ammonito, allontana il pallone.<\/p>\n<p>41 minuto: fuori Laaribi per Macr\u00ec. Fuori Camara per Jungling.<\/p>\n<p>Buon ingresso di Di Grazia che sta regalando belle giocate.<\/p>\n<p>Ragusa, con l&#8217;uscita di Edera, ricopre il ruolo di trequartista alle spalle di Pellican\u00f2.<\/p>\n<p>35 minuto: tiro da\u00a0 dentro l&#8217;area di Fofana ma, con reattivit\u00e0, Branduani respinge di piede.<\/p>\n<p>33 minuto: grande intervento di Lagonigro che manda in angolo un tiro da fuori area indirizzato in rete a fil di palo. Antonio si p4otende sulla sua sinistra e, nonostante il pallone sia passato tra tante gambe, devia in angolo.<\/p>\n<p>33 minuto: ammonito Sartore.<\/p>\n<p>Cambi per entrambe le squadre: fuori Ferraro e dentro Pellican\u00f2.\u00a0 Fuori Marchetti e dentro Di Maria.<\/p>\n<p>75 minuto: ammonito il capitano del Patern\u00f2 Marchetti che blocca la ripartenza di Di Grazia.<\/p>\n<p>73 minuto: dentro di Grazia per Edera. Sartore trasloca a sinistra.<\/p>\n<p>72 minuto: ammonito, per proteste, Domenico Girasole.<\/p>\n<p>Fuori Mungo per Fofana.\u00a0 Il Patern\u00f2 sostituisce Ursino con Ambrogio.<\/p>\n<p>58 minuto: ammonito Laaribi che placca l&#8217;avversario lanciato verso la porta dalla rimessa del portiere.<\/p>\n<p>Pronto a entrare Fofana.<\/p>\n<p>Con l&#8217;ingresso di Sartore,\u00a0 Edera sembra spostarsi centralmente a ridosso di Ferraro mentre il nuovo entrato si colloca a sinistra dell&#8217;attacco.<\/p>\n<p>15.41: si riparte.<\/p>\n<p>Cambio per la Reggina: Sartore prende il posto di Bevilacqua.<\/p>\n<p>15.37: squadre nuovamente sul terreno di gioco.<\/p>\n<p>Reggina che, quindi,\u00a0 al 45\u00b0, \u00e8 in vantaggio di due reti. Partita facilitata dall&#8217;intervento fuori tempo del difensore locale che, nel tentativo di rinviare, ha scacciato Edera in piena area.<\/p>\n<p>E sul fischio finale grande parata di Branduani su un tiro di Edera indirizzato nell&#8217;angolino alto. L&#8217;arbitro non fa battere il corner e manda in calciatori negli spogliatoi.<\/p>\n<p>3 minuti di recupero<\/p>\n<p>44 minuto di recupero: ammonito Mungo per un fallo nella tre quarti del Patern\u00f2.<\/p>\n<p>42 minuto: bella chiusura di Rosario Girasole su Krstevski che \u00e8,\u00a0 in questo primo tempo, l&#8217;uomo pi\u00f9 pericoloso del Patern\u00f2.<\/p>\n<p>In questo finale di primo tempo il Patern\u00f2 sta prendendo coraggio e , pur senza rendersi pericoloso, sta costringendo la Reggina nella propria met\u00e0 campo.<\/p>\n<p>34 minuto: pericolo per la Reggina. Krstevski,\u00a0 di controbalzo,\u00a0 da appena fuori area sferra un tiro che, deviato, sfiora il palo di un Lagonigro proteso in tuffo.<\/p>\n<p>24 minuto: raddoppio di $orario Girasole che appoggia in rete da un metro un pallone 4imesso in area da Mungo che, sbattendo sulla traversa,\u00a0 \u00e8 finita sui piedi di Rosario Girasole. Tutto \u00e8 partito da una punizione battuta da Ragusa.<\/p>\n<p>&nbsp;<\/p>\n<p>18 m8nu5o: ammonito Mascara. In precedenza un malinteso tra Lagonigro e R.Girasole stava per consentire un agevole tiro all&#8217;attaccante.<\/p>\n<p>13 minuto: Amaranto in vantaggio. Rigore perfetto cdi Ragusa che con un tiro secco alla sinistra del portiere manda la palla in rete.<\/p>\n<p>Sul dischetto Ragusa: Gool!<\/p>\n<p>Rigore per la Reggina: Marchetti viene anticipato nel rinvio e scalcia Edera.<\/p>\n<p>Subito partita maschia con qualche fallo dei pad4oni di casa.<\/p>\n<p>Reggina che attacca dalla destra rispetto alla tribuna.<\/p>\n<p>14.39: partiti!<\/p>\n<p>Particolare attenzione della terna arbitrale alle reti delle due porte.<\/p>\n<p>Dopo un minuto di raccoglimento in memoria di Nicola Pietrangeli il pallone viene collocato a centrocampo.<\/p>\n<p>14.32: eccoli! Squadre sul terreno di gioco.<\/p>\n<p>Buon pomeriggio dallo stadio &#8220;Falcone-Borsellino&#8221; di Patern\u00f2.<\/p>\n<p>Ci siamo: tra meno di un&#8217;ora inizier\u00e0 la prima delle ultime tre partite del girone di andata del campionato di serie D 25\/26.<\/p>\n<p>Successivamente, dopo la sosta natalizia, il girone di ritorno che, in assenza di un filotto di vittorie nel corrente mese di dicembre, rischierebbe di rappresentare per la Reggina solo un inutile e deprimente percorso obbligato per chiudere formalmente la stagione.<\/p>\n<p>La Reggina \u00e8 costretta, quindi, a vincere augurandosi un rallentamento di chi la precede in classifica in modo da arrivare al giro di boa con un distacco meno ampio rispetto agli attuali 10 punti e pensare in un recupero che oggi appare francamente difficilmente realizzabile.<\/p>\n<p>Tra l&#8217;altro la squadra non arriva in perfette condizioni fisiche: ieri, nella conferenza stampa prepartita, mister Torrisi si \u00e8 rammaricato per la gravit\u00e0 dell&#8217;infortunio occorso a Toti Porcino che rivedr\u00e0 il terreno di gioco non prima del nuovo anno e anche il capitano Nino Barill\u00e0, sfortunatissimo quest&#8217;anno, sembrerebbe lamentare un problema non di poco conto.<\/p>\n<p>Aggiungendo l&#8217;indisponibilit\u00e0 di Adejo e l&#8217;assenza per la lunga ( 3 giornate ) squalifica di Salandria \u00e8 intuibile come, in un momento particolarmente complesso, vengano contemporaneamente a mancare buona parte dei calciatori pi\u00f9 esperti della rosa amaranto.<\/p>\n<p>Ma, come gi\u00e0 detto, non ci sono alibi o alternative: occorre vincere.<\/p>\n<p>Le formazioni ufficiali di Patern\u00f2-Reggina, gara valida per la 15\u00aa giornata del campionato di Serie D girone I:<\/p>\n<p><strong>PATERN\u00d2 (4-3-3)<\/strong>: Branduani; Marchetti, Scalon, Ursino, Ferrandino; Camara, Di Stefano, Krstevski; Lucca, Fernanandez, Boulahia.\u00a0<strong>All<\/strong>. Mascara<br \/>\n<strong>A disposizione<\/strong>: Lucatelli, Lopes, Saitta, Marchese, La Rosa, Rizza, Jungling, Ambrogio, Di Maria.<br \/>\n<strong>REGGINA (4-2-3-1)<\/strong>: Lagonigro; Lanzillotta, R. Girasole, D. Girasole, Distratto; Laaribi, Mungo; Edera, Bevilacqua, Ragusa; Ferraro.\u00a0<strong>All<\/strong>. Torrisi<br \/>\n<strong>A disposizione<\/strong>: Summa, Desiato, Di Grazia, Palumbo, Fomete, Pellican\u00f2, Sartore, Fofana, Macr\u00ec.<br \/>\n<strong>Arbitro<\/strong>: Samuele Camia (Nichelino).\u00a0<strong>Assistenti<\/strong>: Francesco Serusi (Oristano), Francesco Marri (Gradisca D&#8217;Isonzo)<\/p>\n<p>13.50: Reggina in campo per il riscaldamento.<\/p>\n<p>Tempo nuvoloso, assenza di vento.<\/p>\n<p>A circa 30 minuti dall&#8217;inizio dell&#8217;incontro pochissimi tifosi sui gradoni del piccolo stadio locale.<\/p>\n<p>14.16: si rientra negli spogliatoi.<\/p>\n","protected":false},"excerpt":{"rendered":"<p>&nbsp; PATERN\u00d2- REGGINA: 0-2 Dal Falcone-Borsellino \u00e8 tutto. Reggina batte Patern\u00f2 2-0. Il Patern\u00f2 sembra essere in difficolt\u00e0 . La Reggina,\u00a0 nonostante il doppio vantaggio, \u00e8 sembrata troppo attenta alla&hellip;<\/p>\n","protected":false},"author":19,"featured_media":67835,"comment_status":"closed","ping_status":"open","sticky":false,"template":"","format":"standard","meta":{"_jetpack_memberships_contains_paid_content":false,"footnotes":"","jetpack_publicize_message":"","jetpack_publicize_feature_enabled":true,"jetpack_social_post_already_shared":true,"jetpack_social_options":{"image_generator_settings":{"template":"highway","default_image_id":0,"font":"","enabled":false},"version":2}},"categories":[150,196,144],"tags":[],"class_list":["post-87039","post","type-post","status-publish","format-standard","has-post-thumbnail","hentry","category-in-primo-piano","category-news","category-sport"],"yoast_head":"<!-- This site is optimized with the Yoast SEO plugin v27.2 - https:\/\/yoast.com\/product\/yoast-seo-wordpress\/ -->\n<title>Cronaca diretta Patern\u00f2 - Reggina - Radio Touring 104<\/title>\n<meta name=\"description\" content=\"Dallo stadio Stadio \u201cFalcone - Borsellino\u201d l&#039;incontro valido per la 15a giornata del campionato LND serie D girone I\" \/>\n<meta name=\"robots\" content=\"index, follow, max-snippet:-1, max-image-preview:large, max-video-preview:-1\" \/>\n<link rel=\"canonical\" href=\"https:\/\/progettotouring.it\/radiotouring104\/2025\/12\/07\/cronaca-diretta-paterno-reggina\/\" \/>\n<meta property=\"og:locale\" content=\"it_IT\" \/>\n<meta property=\"og:type\" content=\"article\" \/>\n<meta property=\"og:title\" content=\"Cronaca diretta Patern\u00f2 - Reggina - Radio Touring 104\" \/>\n<meta property=\"og:description\" content=\"Dallo stadio Stadio \u201cFalcone - Borsellino\u201d l&#039;incontro valido per la 15a giornata del campionato LND serie D girone I\" \/>\n<meta property=\"og:url\" content=\"https:\/\/progettotouring.it\/radiotouring104\/2025\/12\/07\/cronaca-diretta-paterno-reggina\/\" \/>\n<meta property=\"og:site_name\" content=\"Radio Touring 104\" \/>\n<meta property=\"article:published_time\" content=\"2025-12-07T12:39:55+00:00\" \/>\n<meta property=\"article:modified_time\" content=\"2025-12-07T17:46:48+00:00\" \/>\n<meta property=\"og:image\" content=\"https:\/\/progettotouring.it\/radiotouring104\/wp-content\/uploads\/sites\/6\/2025\/02\/paterno-reggina.jpg\" \/>\n\t<meta property=\"og:image:width\" content=\"684\" \/>\n\t<meta property=\"og:image:height\" content=\"361\" \/>\n\t<meta property=\"og:image:type\" content=\"image\/jpeg\" \/>\n<meta name=\"author\" content=\"S L\" \/>\n<meta name=\"twitter:card\" content=\"summary_large_image\" \/>\n<meta name=\"twitter:label1\" content=\"Scritto da\" \/>\n\t<meta name=\"twitter:data1\" content=\"S L\" \/>\n\t<meta name=\"twitter:label2\" content=\"Tempo di lettura stimato\" \/>\n\t<meta name=\"twitter:data2\" content=\"5 minuti\" \/>\n<script type=\"application\/ld+json\" class=\"yoast-schema-graph\">{\"@context\":\"https:\/\/schema.org\",\"@graph\":[{\"@type\":\"Article\",\"@id\":\"https:\/\/progettotouring.it\/radiotouring104\/2025\/12\/07\/cronaca-diretta-paterno-reggina\/#article\",\"isPartOf\":{\"@id\":\"https:\/\/progettotouring.it\/radiotouring104\/2025\/12\/07\/cronaca-diretta-paterno-reggina\/\"},\"author\":{\"name\":\"S L\",\"@id\":\"https:\/\/progettotouring.it\/radiotouring104\/#\/schema\/person\/b9f9c3730b0a78814c9b9f3bfc52c619\"},\"headline\":\"Cronaca diretta Patern\u00f2 &#8211; Reggina\",\"datePublished\":\"2025-12-07T12:39:55+00:00\",\"dateModified\":\"2025-12-07T17:46:48+00:00\",\"mainEntityOfPage\":{\"@id\":\"https:\/\/progettotouring.it\/radiotouring104\/2025\/12\/07\/cronaca-diretta-paterno-reggina\/\"},\"wordCount\":1019,\"publisher\":{\"@id\":\"https:\/\/progettotouring.it\/radiotouring104\/#organization\"},\"image\":{\"@id\":\"https:\/\/progettotouring.it\/radiotouring104\/2025\/12\/07\/cronaca-diretta-paterno-reggina\/#primaryimage\"},\"thumbnailUrl\":\"https:\/\/progettotouring.it\/radiotouring104\/wp-content\/uploads\/sites\/6\/2025\/02\/paterno-reggina.jpg\",\"articleSection\":[\"In primo piano\",\"News\",\"Sport\"],\"inLanguage\":\"it-IT\"},{\"@type\":\"WebPage\",\"@id\":\"https:\/\/progettotouring.it\/radiotouring104\/2025\/12\/07\/cronaca-diretta-paterno-reggina\/\",\"url\":\"https:\/\/progettotouring.it\/radiotouring104\/2025\/12\/07\/cronaca-diretta-paterno-reggina\/\",\"name\":\"Cronaca diretta Patern\u00f2 - Reggina - Radio Touring 104\",\"isPartOf\":{\"@id\":\"https:\/\/progettotouring.it\/radiotouring104\/#website\"},\"primaryImageOfPage\":{\"@id\":\"https:\/\/progettotouring.it\/radiotouring104\/2025\/12\/07\/cronaca-diretta-paterno-reggina\/#primaryimage\"},\"image\":{\"@id\":\"https:\/\/progettotouring.it\/radiotouring104\/2025\/12\/07\/cronaca-diretta-paterno-reggina\/#primaryimage\"},\"thumbnailUrl\":\"https:\/\/progettotouring.it\/radiotouring104\/wp-content\/uploads\/sites\/6\/2025\/02\/paterno-reggina.jpg\",\"datePublished\":\"2025-12-07T12:39:55+00:00\",\"dateModified\":\"2025-12-07T17:46:48+00:00\",\"description\":\"Dallo stadio Stadio \u201cFalcone - Borsellino\u201d l'incontro valido per la 15a giornata del campionato LND serie D girone I\",\"breadcrumb\":{\"@id\":\"https:\/\/progettotouring.it\/radiotouring104\/2025\/12\/07\/cronaca-diretta-paterno-reggina\/#breadcrumb\"},\"inLanguage\":\"it-IT\",\"potentialAction\":[{\"@type\":\"ReadAction\",\"target\":[\"https:\/\/progettotouring.it\/radiotouring104\/2025\/12\/07\/cronaca-diretta-paterno-reggina\/\"]}]},{\"@type\":\"ImageObject\",\"inLanguage\":\"it-IT\",\"@id\":\"https:\/\/progettotouring.it\/radiotouring104\/2025\/12\/07\/cronaca-diretta-paterno-reggina\/#primaryimage\",\"url\":\"https:\/\/progettotouring.it\/radiotouring104\/wp-content\/uploads\/sites\/6\/2025\/02\/paterno-reggina.jpg\",\"contentUrl\":\"https:\/\/progettotouring.it\/radiotouring104\/wp-content\/uploads\/sites\/6\/2025\/02\/paterno-reggina.jpg\",\"width\":684,\"height\":361},{\"@type\":\"BreadcrumbList\",\"@id\":\"https:\/\/progettotouring.it\/radiotouring104\/2025\/12\/07\/cronaca-diretta-paterno-reggina\/#breadcrumb\",\"itemListElement\":[{\"@type\":\"ListItem\",\"position\":1,\"name\":\"Home\",\"item\":\"https:\/\/progettotouring.it\/radiotouring104\/\"},{\"@type\":\"ListItem\",\"position\":2,\"name\":\"Cronaca diretta Patern\u00f2 &#8211; Reggina\"}]},{\"@type\":\"WebSite\",\"@id\":\"https:\/\/progettotouring.it\/radiotouring104\/#website\",\"url\":\"https:\/\/progettotouring.it\/radiotouring104\/\",\"name\":\"Radio Touring 104\",\"description\":\"La prima radio Reggina\",\"publisher\":{\"@id\":\"https:\/\/progettotouring.it\/radiotouring104\/#organization\"},\"potentialAction\":[{\"@type\":\"SearchAction\",\"target\":{\"@type\":\"EntryPoint\",\"urlTemplate\":\"https:\/\/progettotouring.it\/radiotouring104\/?s={search_term_string}\"},\"query-input\":{\"@type\":\"PropertyValueSpecification\",\"valueRequired\":true,\"valueName\":\"search_term_string\"}}],\"inLanguage\":\"it-IT\"},{\"@type\":\"Organization\",\"@id\":\"https:\/\/progettotouring.it\/radiotouring104\/#organization\",\"name\":\"Radio Touring 104\",\"url\":\"https:\/\/progettotouring.it\/radiotouring104\/\",\"logo\":{\"@type\":\"ImageObject\",\"inLanguage\":\"it-IT\",\"@id\":\"https:\/\/progettotouring.it\/radiotouring104\/#\/schema\/logo\/image\/\",\"url\":\"https:\/\/progettotouring.it\/radiotouring104\/wp-content\/uploads\/sites\/6\/2022\/02\/cropped-logo-radio-touring-104.png\",\"contentUrl\":\"https:\/\/progettotouring.it\/radiotouring104\/wp-content\/uploads\/sites\/6\/2022\/02\/cropped-logo-radio-touring-104.png\",\"width\":377,\"height\":182,\"caption\":\"Radio Touring 104\"},\"image\":{\"@id\":\"https:\/\/progettotouring.it\/radiotouring104\/#\/schema\/logo\/image\/\"}},{\"@type\":\"Person\",\"@id\":\"https:\/\/progettotouring.it\/radiotouring104\/#\/schema\/person\/b9f9c3730b0a78814c9b9f3bfc52c619\",\"name\":\"S L\",\"image\":{\"@type\":\"ImageObject\",\"inLanguage\":\"it-IT\",\"@id\":\"https:\/\/secure.gravatar.com\/avatar\/652c51789d7030aaed9ff828331360502a68204fe6fb0831bc280515210e16d2?s=96&d=mm&r=g\",\"url\":\"https:\/\/secure.gravatar.com\/avatar\/652c51789d7030aaed9ff828331360502a68204fe6fb0831bc280515210e16d2?s=96&d=mm&r=g\",\"contentUrl\":\"https:\/\/secure.gravatar.com\/avatar\/652c51789d7030aaed9ff828331360502a68204fe6fb0831bc280515210e16d2?s=96&d=mm&r=g\",\"caption\":\"S L\"},\"url\":\"https:\/\/progettotouring.it\/radiotouring104\/author\/slibri\/\"}]}<\/script>\n<!-- \/ Yoast SEO plugin. -->","yoast_head_json":{"title":"Cronaca diretta Patern\u00f2 - Reggina - Radio Touring 104","description":"Dallo stadio Stadio \u201cFalcone - Borsellino\u201d l'incontro valido per la 15a giornata del campionato LND serie D girone I","robots":{"index":"index","follow":"follow","max-snippet":"max-snippet:-1","max-image-preview":"max-image-preview:large","max-video-preview":"max-video-preview:-1"},"canonical":"https:\/\/progettotouring.it\/radiotouring104\/2025\/12\/07\/cronaca-diretta-paterno-reggina\/","og_locale":"it_IT","og_type":"article","og_title":"Cronaca diretta Patern\u00f2 - Reggina - Radio Touring 104","og_description":"Dallo stadio Stadio \u201cFalcone - Borsellino\u201d l'incontro valido per la 15a giornata del campionato LND serie D girone I","og_url":"https:\/\/progettotouring.it\/radiotouring104\/2025\/12\/07\/cronaca-diretta-paterno-reggina\/","og_site_name":"Radio Touring 104","article_published_time":"2025-12-07T12:39:55+00:00","article_modified_time":"2025-12-07T17:46:48+00:00","og_image":[{"width":684,"height":361,"url":"https:\/\/progettotouring.it\/radiotouring104\/wp-content\/uploads\/sites\/6\/2025\/02\/paterno-reggina.jpg","type":"image\/jpeg"}],"author":"S L","twitter_card":"summary_large_image","twitter_misc":{"Scritto da":"S L","Tempo di lettura stimato":"5 minuti"},"schema":{"@context":"https:\/\/schema.org","@graph":[{"@type":"Article","@id":"https:\/\/progettotouring.it\/radiotouring104\/2025\/12\/07\/cronaca-diretta-paterno-reggina\/#article","isPartOf":{"@id":"https:\/\/progettotouring.it\/radiotouring104\/2025\/12\/07\/cronaca-diretta-paterno-reggina\/"},"author":{"name":"S L","@id":"https:\/\/progettotouring.it\/radiotouring104\/#\/schema\/person\/b9f9c3730b0a78814c9b9f3bfc52c619"},"headline":"Cronaca diretta Patern\u00f2 &#8211; Reggina","datePublished":"2025-12-07T12:39:55+00:00","dateModified":"2025-12-07T17:46:48+00:00","mainEntityOfPage":{"@id":"https:\/\/progettotouring.it\/radiotouring104\/2025\/12\/07\/cronaca-diretta-paterno-reggina\/"},"wordCount":1019,"publisher":{"@id":"https:\/\/progettotouring.it\/radiotouring104\/#organization"},"image":{"@id":"https:\/\/progettotouring.it\/radiotouring104\/2025\/12\/07\/cronaca-diretta-paterno-reggina\/#primaryimage"},"thumbnailUrl":"https:\/\/progettotouring.it\/radiotouring104\/wp-content\/uploads\/sites\/6\/2025\/02\/paterno-reggina.jpg","articleSection":["In primo piano","News","Sport"],"inLanguage":"it-IT"},{"@type":"WebPage","@id":"https:\/\/progettotouring.it\/radiotouring104\/2025\/12\/07\/cronaca-diretta-paterno-reggina\/","url":"https:\/\/progettotouring.it\/radiotouring104\/2025\/12\/07\/cronaca-diretta-paterno-reggina\/","name":"Cronaca diretta Patern\u00f2 - Reggina - Radio Touring 104","isPartOf":{"@id":"https:\/\/progettotouring.it\/radiotouring104\/#website"},"primaryImageOfPage":{"@id":"https:\/\/progettotouring.it\/radiotouring104\/2025\/12\/07\/cronaca-diretta-paterno-reggina\/#primaryimage"},"image":{"@id":"https:\/\/progettotouring.it\/radiotouring104\/2025\/12\/07\/cronaca-diretta-paterno-reggina\/#primaryimage"},"thumbnailUrl":"https:\/\/progettotouring.it\/radiotouring104\/wp-content\/uploads\/sites\/6\/2025\/02\/paterno-reggina.jpg","datePublished":"2025-12-07T12:39:55+00:00","dateModified":"2025-12-07T17:46:48+00:00","description":"Dallo stadio Stadio \u201cFalcone - Borsellino\u201d l'incontro valido per la 15a giornata del campionato LND serie D girone I","breadcrumb":{"@id":"https:\/\/progettotouring.it\/radiotouring104\/2025\/12\/07\/cronaca-diretta-paterno-reggina\/#breadcrumb"},"inLanguage":"it-IT","potentialAction":[{"@type":"ReadAction","target":["https:\/\/progettotouring.it\/radiotouring104\/2025\/12\/07\/cronaca-diretta-paterno-reggina\/"]}]},{"@type":"ImageObject","inLanguage":"it-IT","@id":"https:\/\/progettotouring.it\/radiotouring104\/2025\/12\/07\/cronaca-diretta-paterno-reggina\/#primaryimage","url":"https:\/\/progettotouring.it\/radiotouring104\/wp-content\/uploads\/sites\/6\/2025\/02\/paterno-reggina.jpg","contentUrl":"https:\/\/progettotouring.it\/radiotouring104\/wp-content\/uploads\/sites\/6\/2025\/02\/paterno-reggina.jpg","width":684,"height":361},{"@type":"BreadcrumbList","@id":"https:\/\/progettotouring.it\/radiotouring104\/2025\/12\/07\/cronaca-diretta-paterno-reggina\/#breadcrumb","itemListElement":[{"@type":"ListItem","position":1,"name":"Home","item":"https:\/\/progettotouring.it\/radiotouring104\/"},{"@type":"ListItem","position":2,"name":"Cronaca diretta Patern\u00f2 &#8211; Reggina"}]},{"@type":"WebSite","@id":"https:\/\/progettotouring.it\/radiotouring104\/#website","url":"https:\/\/progettotouring.it\/radiotouring104\/","name":"Radio Touring 104","description":"La prima radio Reggina","publisher":{"@id":"https:\/\/progettotouring.it\/radiotouring104\/#organization"},"potentialAction":[{"@type":"SearchAction","target":{"@type":"EntryPoint","urlTemplate":"https:\/\/progettotouring.it\/radiotouring104\/?s={search_term_string}"},"query-input":{"@type":"PropertyValueSpecification","valueRequired":true,"valueName":"search_term_string"}}],"inLanguage":"it-IT"},{"@type":"Organization","@id":"https:\/\/progettotouring.it\/radiotouring104\/#organization","name":"Radio Touring 104","url":"https:\/\/progettotouring.it\/radiotouring104\/","logo":{"@type":"ImageObject","inLanguage":"it-IT","@id":"https:\/\/progettotouring.it\/radiotouring104\/#\/schema\/logo\/image\/","url":"https:\/\/progettotouring.it\/radiotouring104\/wp-content\/uploads\/sites\/6\/2022\/02\/cropped-logo-radio-touring-104.png","contentUrl":"https:\/\/progettotouring.it\/radiotouring104\/wp-content\/uploads\/sites\/6\/2022\/02\/cropped-logo-radio-touring-104.png","width":377,"height":182,"caption":"Radio Touring 104"},"image":{"@id":"https:\/\/progettotouring.it\/radiotouring104\/#\/schema\/logo\/image\/"}},{"@type":"Person","@id":"https:\/\/progettotouring.it\/radiotouring104\/#\/schema\/person\/b9f9c3730b0a78814c9b9f3bfc52c619","name":"S L","image":{"@type":"ImageObject","inLanguage":"it-IT","@id":"https:\/\/secure.gravatar.com\/avatar\/652c51789d7030aaed9ff828331360502a68204fe6fb0831bc280515210e16d2?s=96&d=mm&r=g","url":"https:\/\/secure.gravatar.com\/avatar\/652c51789d7030aaed9ff828331360502a68204fe6fb0831bc280515210e16d2?s=96&d=mm&r=g","contentUrl":"https:\/\/secure.gravatar.com\/avatar\/652c51789d7030aaed9ff828331360502a68204fe6fb0831bc280515210e16d2?s=96&d=mm&r=g","caption":"S L"},"url":"https:\/\/progettotouring.it\/radiotouring104\/author\/slibri\/"}]}},"jetpack_publicize_connections":[],"jetpack_featured_media_url":"https:\/\/progettotouring.it\/radiotouring104\/wp-content\/uploads\/sites\/6\/2025\/02\/paterno-reggina.jpg","jetpack_sharing_enabled":true,"_links":{"self":[{"href":"https:\/\/progettotouring.it\/radiotouring104\/wp-json\/wp\/v2\/posts\/87039","targetHints":{"allow":["GET"]}}],"collection":[{"href":"https:\/\/progettotouring.it\/radiotouring104\/wp-json\/wp\/v2\/posts"}],"about":[{"href":"https:\/\/progettotouring.it\/radiotouring104\/wp-json\/wp\/v2\/types\/post"}],"author":[{"embeddable":true,"href":"https:\/\/progettotouring.it\/radiotouring104\/wp-json\/wp\/v2\/users\/19"}],"replies":[{"embeddable":true,"href":"https:\/\/progettotouring.it\/radiotouring104\/wp-json\/wp\/v2\/comments?post=87039"}],"version-history":[{"count":40,"href":"https:\/\/progettotouring.it\/radiotouring104\/wp-json\/wp\/v2\/posts\/87039\/revisions"}],"predecessor-version":[{"id":87085,"href":"https:\/\/progettotouring.it\/radiotouring104\/wp-json\/wp\/v2\/posts\/87039\/revisions\/87085"}],"wp:featuredmedia":[{"embeddable":true,"href":"https:\/\/progettotouring.it\/radiotouring104\/wp-json\/wp\/v2\/media\/67835"}],"wp:attachment":[{"href":"https:\/\/progettotouring.it\/radiotouring104\/wp-json\/wp\/v2\/media?parent=87039"}],"wp:term":[{"taxonomy":"category","embeddable":true,"href":"https:\/\/progettotouring.it\/radiotouring104\/wp-json\/wp\/v2\/categories?post=87039"},{"taxonomy":"post_tag","embeddable":true,"href":"https:\/\/progettotouring.it\/radiotouring104\/wp-json\/wp\/v2\/tags?post=87039"}],"curies":[{"name":"wp","href":"https:\/\/api.w.org\/{rel}","templated":true}]}}