{"id":87132,"date":"2025-12-09T09:48:13","date_gmt":"2025-12-09T08:48:13","guid":{"rendered":"https:\/\/progettotouring.it\/radiotouring104\/?p=87132"},"modified":"2025-12-09T12:47:14","modified_gmt":"2025-12-09T11:47:14","slug":"reggio-il-circolo-culturale-lagora-organizza-un-incontro-sul-risorgimento-europeo","status":"publish","type":"post","link":"https:\/\/progettotouring.it\/radiotouring104\/2025\/12\/09\/reggio-il-circolo-culturale-lagora-organizza-un-incontro-sul-risorgimento-europeo\/","title":{"rendered":"Reggio: il Circolo Culturale &#8220;L&#8217;Agor\u00e0&#8221; organizza un incontro sul Risorgimento europeo"},"content":{"rendered":"<p>Continua la programmazione in remoto del Circolo Culturale\u00a0\u201cL\u2019Agor\u00e0 con un nuovo incontro sul tema \u201cLajos Kossuth e Giuseppe Mazzini\u201d.La conversazione organizzata in collaborazione\u00a0Centro studi italo-ungherese\u00a0\u201c\u00c1rp\u00e1d\u201d di Reggio Calabria che per\u00a0la valenza e dell\u2019alto significato storico-culturale, l\u2019incontro ha ricevuto per tali motivazioni, l\u2019Alto Patrocinio\u00a0dell&#8217;Ambasciata d&#8217;Ungheria.<\/p>\n<p>La giornata di studi, organizzata dalle due co-associazione reggine, come evidenziato nel testo epistolare da parte del\u00a0Primo Consigliere Dott. Zolt\u00e1n Ad\u00e1ny, dell&#8217;Ambasciata d&#8217;Ungheria, inviato agli organizzatori, rappresenter\u00e0 un autorevole contributo alla promozione del dialogo interculturale e offrir\u00e0 spunti e riflessioni molto interessanti su un periodo storico di grande fermento e di profonde trasformazioni politiche, sociali e culturali. Il programma \u00e8 caratterizzato dagli interventi del Primo Consigliere Dott. Zolt\u00e1nAd\u00e1ny dell&#8217;Ambasciata di Ungheria, di Pietro Finelli (Direttore \u201cDomus Mazziniana\u201d Pisa); Gianni Aiello (Presidente Circolo Culturale \u201cL\u2019Agor\u00e0\u201d) ed Antonino Megali (Vice presidente Circolo Culturale \u201cL\u2019Agor\u00e0\u201d).<\/p>\n<p>L\u2019incontro sar\u00e0 disponibile, sulle varie piattaforme Social Network presenti nella rete, a far data da gioved\u00ec 11 Dicembre.<\/p>\n","protected":false},"excerpt":{"rendered":"<p>Continua la programmazione in remoto del Circolo Culturale\u00a0\u201cL\u2019Agor\u00e0 con un nuovo incontro sul tema \u201cLajos Kossuth e Giuseppe Mazzini\u201d.La conversazione organizzata in collaborazione\u00a0Centro studi italo-ungherese\u00a0\u201c\u00c1rp\u00e1d\u201d di Reggio Calabria che per\u00a0la&hellip;<\/p>\n","protected":false},"author":5,"featured_media":87135,"comment_status":"closed","ping_status":"open","sticky":false,"template":"","format":"standard","meta":{"_jetpack_memberships_contains_paid_content":false,"footnotes":"","jetpack_publicize_message":"","jetpack_publicize_feature_enabled":true,"jetpack_social_post_already_shared":true,"jetpack_social_options":{"image_generator_settings":{"template":"highway","default_image_id":0,"font":"","enabled":false},"version":2}},"categories":[921,196,140],"tags":[49401,6259,49400,30402],"class_list":["post-87132","post","type-post","status-publish","format-standard","has-post-thumbnail","hentry","category-home","category-news","category-reggio-calabria","tag-centro-studi-italo-ungherese-arpad-di-reggio","tag-circolo-culturale-lagora","tag-risorgimento-europeo","tag-social-network"],"yoast_head":"<!-- This site is optimized with the Yoast SEO plugin v27.2 - https:\/\/yoast.com\/product\/yoast-seo-wordpress\/ -->\n<title>Il Circolo &quot;L&#039;Agor\u00e0&quot; organizza un incontro sul Risorgimento europeo<\/title>\n<meta name=\"description\" content=\"L&#039;incontro, organizzato in collaborazione con il Centro\u00a0studi italo-ungherese\u00a0\u201c\u00c1rp\u00e1d\u201d di Reggio, si terr\u00e0 sui social network, l&#039;11 dicembre\" \/>\n<meta name=\"robots\" content=\"index, follow, max-snippet:-1, max-image-preview:large, max-video-preview:-1\" \/>\n<link rel=\"canonical\" href=\"https:\/\/progettotouring.it\/radiotouring104\/2025\/12\/09\/reggio-il-circolo-culturale-lagora-organizza-un-incontro-sul-risorgimento-europeo\/\" \/>\n<meta property=\"og:locale\" content=\"it_IT\" \/>\n<meta property=\"og:type\" content=\"article\" \/>\n<meta property=\"og:title\" content=\"Il Circolo &quot;L&#039;Agor\u00e0&quot; organizza un incontro sul Risorgimento europeo\" \/>\n<meta property=\"og:description\" content=\"L&#039;incontro, organizzato in collaborazione con il Centro\u00a0studi italo-ungherese\u00a0\u201c\u00c1rp\u00e1d\u201d di Reggio, si terr\u00e0 sui social network, l&#039;11 dicembre\" \/>\n<meta property=\"og:url\" content=\"https:\/\/progettotouring.it\/radiotouring104\/2025\/12\/09\/reggio-il-circolo-culturale-lagora-organizza-un-incontro-sul-risorgimento-europeo\/\" \/>\n<meta property=\"og:site_name\" content=\"Radio Touring 104\" \/>\n<meta property=\"article:published_time\" content=\"2025-12-09T08:48:13+00:00\" \/>\n<meta property=\"article:modified_time\" content=\"2025-12-09T11:47:14+00:00\" \/>\n<meta property=\"og:image\" content=\"https:\/\/progettotouring.it\/radiotouring104\/wp-content\/uploads\/sites\/6\/2025\/12\/lAgora-risorgimento-europeo-MAZZINI-KOSSUTH-scaled.jpg\" \/>\n\t<meta property=\"og:image:width\" content=\"1834\" \/>\n\t<meta property=\"og:image:height\" content=\"2560\" \/>\n\t<meta property=\"og:image:type\" content=\"image\/jpeg\" \/>\n<meta name=\"author\" content=\"redazione\" \/>\n<meta name=\"twitter:card\" content=\"summary_large_image\" \/>\n<meta name=\"twitter:label1\" content=\"Scritto da\" \/>\n\t<meta name=\"twitter:data1\" content=\"redazione\" \/>\n\t<meta name=\"twitter:label2\" content=\"Tempo di lettura stimato\" \/>\n\t<meta name=\"twitter:data2\" content=\"1 minuto\" \/>\n<script type=\"application\/ld+json\" class=\"yoast-schema-graph\">{\"@context\":\"https:\/\/schema.org\",\"@graph\":[{\"@type\":\"Article\",\"@id\":\"https:\/\/progettotouring.it\/radiotouring104\/2025\/12\/09\/reggio-il-circolo-culturale-lagora-organizza-un-incontro-sul-risorgimento-europeo\/#article\",\"isPartOf\":{\"@id\":\"https:\/\/progettotouring.it\/radiotouring104\/2025\/12\/09\/reggio-il-circolo-culturale-lagora-organizza-un-incontro-sul-risorgimento-europeo\/\"},\"author\":{\"name\":\"redazione\",\"@id\":\"https:\/\/progettotouring.it\/radiotouring104\/#\/schema\/person\/1b3eb3c07c47136bc44c785c543e635f\"},\"headline\":\"Reggio: il Circolo Culturale &#8220;L&#8217;Agor\u00e0&#8221; organizza un incontro sul Risorgimento europeo\",\"datePublished\":\"2025-12-09T08:48:13+00:00\",\"dateModified\":\"2025-12-09T11:47:14+00:00\",\"mainEntityOfPage\":{\"@id\":\"https:\/\/progettotouring.it\/radiotouring104\/2025\/12\/09\/reggio-il-circolo-culturale-lagora-organizza-un-incontro-sul-risorgimento-europeo\/\"},\"wordCount\":182,\"publisher\":{\"@id\":\"https:\/\/progettotouring.it\/radiotouring104\/#organization\"},\"image\":{\"@id\":\"https:\/\/progettotouring.it\/radiotouring104\/2025\/12\/09\/reggio-il-circolo-culturale-lagora-organizza-un-incontro-sul-risorgimento-europeo\/#primaryimage\"},\"thumbnailUrl\":\"https:\/\/progettotouring.it\/radiotouring104\/wp-content\/uploads\/sites\/6\/2025\/12\/lAgora-risorgimento-europeo-MAZZINI-KOSSUTH-scaled.jpg\",\"keywords\":[\"Centro\u00a0studi italo-ungherese\u00a0\u201c\u00c1rp\u00e1d\u201d di Reggio\",\"Circolo Culturale \\\"L'Agor\u00e0\\\"\",\"Risorgimento europeo\",\"social network\"],\"articleSection\":[\"Home\",\"News\",\"Reggio Calabria\"],\"inLanguage\":\"it-IT\"},{\"@type\":\"WebPage\",\"@id\":\"https:\/\/progettotouring.it\/radiotouring104\/2025\/12\/09\/reggio-il-circolo-culturale-lagora-organizza-un-incontro-sul-risorgimento-europeo\/\",\"url\":\"https:\/\/progettotouring.it\/radiotouring104\/2025\/12\/09\/reggio-il-circolo-culturale-lagora-organizza-un-incontro-sul-risorgimento-europeo\/\",\"name\":\"Il Circolo \\\"L'Agor\u00e0\\\" organizza un incontro sul Risorgimento europeo\",\"isPartOf\":{\"@id\":\"https:\/\/progettotouring.it\/radiotouring104\/#website\"},\"primaryImageOfPage\":{\"@id\":\"https:\/\/progettotouring.it\/radiotouring104\/2025\/12\/09\/reggio-il-circolo-culturale-lagora-organizza-un-incontro-sul-risorgimento-europeo\/#primaryimage\"},\"image\":{\"@id\":\"https:\/\/progettotouring.it\/radiotouring104\/2025\/12\/09\/reggio-il-circolo-culturale-lagora-organizza-un-incontro-sul-risorgimento-europeo\/#primaryimage\"},\"thumbnailUrl\":\"https:\/\/progettotouring.it\/radiotouring104\/wp-content\/uploads\/sites\/6\/2025\/12\/lAgora-risorgimento-europeo-MAZZINI-KOSSUTH-scaled.jpg\",\"datePublished\":\"2025-12-09T08:48:13+00:00\",\"dateModified\":\"2025-12-09T11:47:14+00:00\",\"description\":\"L'incontro, organizzato in collaborazione con il Centro\u00a0studi italo-ungherese\u00a0\u201c\u00c1rp\u00e1d\u201d di Reggio, si terr\u00e0 sui social network, l'11 dicembre\",\"breadcrumb\":{\"@id\":\"https:\/\/progettotouring.it\/radiotouring104\/2025\/12\/09\/reggio-il-circolo-culturale-lagora-organizza-un-incontro-sul-risorgimento-europeo\/#breadcrumb\"},\"inLanguage\":\"it-IT\",\"potentialAction\":[{\"@type\":\"ReadAction\",\"target\":[\"https:\/\/progettotouring.it\/radiotouring104\/2025\/12\/09\/reggio-il-circolo-culturale-lagora-organizza-un-incontro-sul-risorgimento-europeo\/\"]}]},{\"@type\":\"ImageObject\",\"inLanguage\":\"it-IT\",\"@id\":\"https:\/\/progettotouring.it\/radiotouring104\/2025\/12\/09\/reggio-il-circolo-culturale-lagora-organizza-un-incontro-sul-risorgimento-europeo\/#primaryimage\",\"url\":\"https:\/\/progettotouring.it\/radiotouring104\/wp-content\/uploads\/sites\/6\/2025\/12\/lAgora-risorgimento-europeo-MAZZINI-KOSSUTH-scaled.jpg\",\"contentUrl\":\"https:\/\/progettotouring.it\/radiotouring104\/wp-content\/uploads\/sites\/6\/2025\/12\/lAgora-risorgimento-europeo-MAZZINI-KOSSUTH-scaled.jpg\",\"width\":1834,\"height\":2560},{\"@type\":\"BreadcrumbList\",\"@id\":\"https:\/\/progettotouring.it\/radiotouring104\/2025\/12\/09\/reggio-il-circolo-culturale-lagora-organizza-un-incontro-sul-risorgimento-europeo\/#breadcrumb\",\"itemListElement\":[{\"@type\":\"ListItem\",\"position\":1,\"name\":\"Home\",\"item\":\"https:\/\/progettotouring.it\/radiotouring104\/\"},{\"@type\":\"ListItem\",\"position\":2,\"name\":\"Reggio: il Circolo Culturale &#8220;L&#8217;Agor\u00e0&#8221; organizza un incontro sul Risorgimento europeo\"}]},{\"@type\":\"WebSite\",\"@id\":\"https:\/\/progettotouring.it\/radiotouring104\/#website\",\"url\":\"https:\/\/progettotouring.it\/radiotouring104\/\",\"name\":\"Radio Touring 104\",\"description\":\"La prima radio Reggina\",\"publisher\":{\"@id\":\"https:\/\/progettotouring.it\/radiotouring104\/#organization\"},\"potentialAction\":[{\"@type\":\"SearchAction\",\"target\":{\"@type\":\"EntryPoint\",\"urlTemplate\":\"https:\/\/progettotouring.it\/radiotouring104\/?s={search_term_string}\"},\"query-input\":{\"@type\":\"PropertyValueSpecification\",\"valueRequired\":true,\"valueName\":\"search_term_string\"}}],\"inLanguage\":\"it-IT\"},{\"@type\":\"Organization\",\"@id\":\"https:\/\/progettotouring.it\/radiotouring104\/#organization\",\"name\":\"Radio Touring 104\",\"url\":\"https:\/\/progettotouring.it\/radiotouring104\/\",\"logo\":{\"@type\":\"ImageObject\",\"inLanguage\":\"it-IT\",\"@id\":\"https:\/\/progettotouring.it\/radiotouring104\/#\/schema\/logo\/image\/\",\"url\":\"https:\/\/progettotouring.it\/radiotouring104\/wp-content\/uploads\/sites\/6\/2022\/02\/cropped-logo-radio-touring-104.png\",\"contentUrl\":\"https:\/\/progettotouring.it\/radiotouring104\/wp-content\/uploads\/sites\/6\/2022\/02\/cropped-logo-radio-touring-104.png\",\"width\":377,\"height\":182,\"caption\":\"Radio Touring 104\"},\"image\":{\"@id\":\"https:\/\/progettotouring.it\/radiotouring104\/#\/schema\/logo\/image\/\"}},{\"@type\":\"Person\",\"@id\":\"https:\/\/progettotouring.it\/radiotouring104\/#\/schema\/person\/1b3eb3c07c47136bc44c785c543e635f\",\"name\":\"redazione\",\"image\":{\"@type\":\"ImageObject\",\"inLanguage\":\"it-IT\",\"@id\":\"https:\/\/secure.gravatar.com\/avatar\/0b31605b49f100769e8b624b3e05de1b73e1692e9568a352f60f53fd072e6e11?s=96&d=mm&r=g\",\"url\":\"https:\/\/secure.gravatar.com\/avatar\/0b31605b49f100769e8b624b3e05de1b73e1692e9568a352f60f53fd072e6e11?s=96&d=mm&r=g\",\"contentUrl\":\"https:\/\/secure.gravatar.com\/avatar\/0b31605b49f100769e8b624b3e05de1b73e1692e9568a352f60f53fd072e6e11?s=96&d=mm&r=g\",\"caption\":\"redazione\"},\"url\":\"https:\/\/progettotouring.it\/radiotouring104\/author\/redazione\/\"}]}<\/script>\n<!-- \/ Yoast SEO plugin. -->","yoast_head_json":{"title":"Il Circolo \"L'Agor\u00e0\" organizza un incontro sul Risorgimento europeo","description":"L'incontro, organizzato in collaborazione con il Centro\u00a0studi italo-ungherese\u00a0\u201c\u00c1rp\u00e1d\u201d di Reggio, si terr\u00e0 sui social network, l'11 dicembre","robots":{"index":"index","follow":"follow","max-snippet":"max-snippet:-1","max-image-preview":"max-image-preview:large","max-video-preview":"max-video-preview:-1"},"canonical":"https:\/\/progettotouring.it\/radiotouring104\/2025\/12\/09\/reggio-il-circolo-culturale-lagora-organizza-un-incontro-sul-risorgimento-europeo\/","og_locale":"it_IT","og_type":"article","og_title":"Il Circolo \"L'Agor\u00e0\" organizza un incontro sul Risorgimento europeo","og_description":"L'incontro, organizzato in collaborazione con il Centro\u00a0studi italo-ungherese\u00a0\u201c\u00c1rp\u00e1d\u201d di Reggio, si terr\u00e0 sui social network, l'11 dicembre","og_url":"https:\/\/progettotouring.it\/radiotouring104\/2025\/12\/09\/reggio-il-circolo-culturale-lagora-organizza-un-incontro-sul-risorgimento-europeo\/","og_site_name":"Radio Touring 104","article_published_time":"2025-12-09T08:48:13+00:00","article_modified_time":"2025-12-09T11:47:14+00:00","og_image":[{"width":1834,"height":2560,"url":"https:\/\/progettotouring.it\/radiotouring104\/wp-content\/uploads\/sites\/6\/2025\/12\/lAgora-risorgimento-europeo-MAZZINI-KOSSUTH-scaled.jpg","type":"image\/jpeg"}],"author":"redazione","twitter_card":"summary_large_image","twitter_misc":{"Scritto da":"redazione","Tempo di lettura stimato":"1 minuto"},"schema":{"@context":"https:\/\/schema.org","@graph":[{"@type":"Article","@id":"https:\/\/progettotouring.it\/radiotouring104\/2025\/12\/09\/reggio-il-circolo-culturale-lagora-organizza-un-incontro-sul-risorgimento-europeo\/#article","isPartOf":{"@id":"https:\/\/progettotouring.it\/radiotouring104\/2025\/12\/09\/reggio-il-circolo-culturale-lagora-organizza-un-incontro-sul-risorgimento-europeo\/"},"author":{"name":"redazione","@id":"https:\/\/progettotouring.it\/radiotouring104\/#\/schema\/person\/1b3eb3c07c47136bc44c785c543e635f"},"headline":"Reggio: il Circolo Culturale &#8220;L&#8217;Agor\u00e0&#8221; organizza un incontro sul Risorgimento europeo","datePublished":"2025-12-09T08:48:13+00:00","dateModified":"2025-12-09T11:47:14+00:00","mainEntityOfPage":{"@id":"https:\/\/progettotouring.it\/radiotouring104\/2025\/12\/09\/reggio-il-circolo-culturale-lagora-organizza-un-incontro-sul-risorgimento-europeo\/"},"wordCount":182,"publisher":{"@id":"https:\/\/progettotouring.it\/radiotouring104\/#organization"},"image":{"@id":"https:\/\/progettotouring.it\/radiotouring104\/2025\/12\/09\/reggio-il-circolo-culturale-lagora-organizza-un-incontro-sul-risorgimento-europeo\/#primaryimage"},"thumbnailUrl":"https:\/\/progettotouring.it\/radiotouring104\/wp-content\/uploads\/sites\/6\/2025\/12\/lAgora-risorgimento-europeo-MAZZINI-KOSSUTH-scaled.jpg","keywords":["Centro\u00a0studi italo-ungherese\u00a0\u201c\u00c1rp\u00e1d\u201d di Reggio","Circolo Culturale \"L'Agor\u00e0\"","Risorgimento europeo","social network"],"articleSection":["Home","News","Reggio Calabria"],"inLanguage":"it-IT"},{"@type":"WebPage","@id":"https:\/\/progettotouring.it\/radiotouring104\/2025\/12\/09\/reggio-il-circolo-culturale-lagora-organizza-un-incontro-sul-risorgimento-europeo\/","url":"https:\/\/progettotouring.it\/radiotouring104\/2025\/12\/09\/reggio-il-circolo-culturale-lagora-organizza-un-incontro-sul-risorgimento-europeo\/","name":"Il Circolo \"L'Agor\u00e0\" organizza un incontro sul Risorgimento europeo","isPartOf":{"@id":"https:\/\/progettotouring.it\/radiotouring104\/#website"},"primaryImageOfPage":{"@id":"https:\/\/progettotouring.it\/radiotouring104\/2025\/12\/09\/reggio-il-circolo-culturale-lagora-organizza-un-incontro-sul-risorgimento-europeo\/#primaryimage"},"image":{"@id":"https:\/\/progettotouring.it\/radiotouring104\/2025\/12\/09\/reggio-il-circolo-culturale-lagora-organizza-un-incontro-sul-risorgimento-europeo\/#primaryimage"},"thumbnailUrl":"https:\/\/progettotouring.it\/radiotouring104\/wp-content\/uploads\/sites\/6\/2025\/12\/lAgora-risorgimento-europeo-MAZZINI-KOSSUTH-scaled.jpg","datePublished":"2025-12-09T08:48:13+00:00","dateModified":"2025-12-09T11:47:14+00:00","description":"L'incontro, organizzato in collaborazione con il Centro\u00a0studi italo-ungherese\u00a0\u201c\u00c1rp\u00e1d\u201d di Reggio, si terr\u00e0 sui social network, l'11 dicembre","breadcrumb":{"@id":"https:\/\/progettotouring.it\/radiotouring104\/2025\/12\/09\/reggio-il-circolo-culturale-lagora-organizza-un-incontro-sul-risorgimento-europeo\/#breadcrumb"},"inLanguage":"it-IT","potentialAction":[{"@type":"ReadAction","target":["https:\/\/progettotouring.it\/radiotouring104\/2025\/12\/09\/reggio-il-circolo-culturale-lagora-organizza-un-incontro-sul-risorgimento-europeo\/"]}]},{"@type":"ImageObject","inLanguage":"it-IT","@id":"https:\/\/progettotouring.it\/radiotouring104\/2025\/12\/09\/reggio-il-circolo-culturale-lagora-organizza-un-incontro-sul-risorgimento-europeo\/#primaryimage","url":"https:\/\/progettotouring.it\/radiotouring104\/wp-content\/uploads\/sites\/6\/2025\/12\/lAgora-risorgimento-europeo-MAZZINI-KOSSUTH-scaled.jpg","contentUrl":"https:\/\/progettotouring.it\/radiotouring104\/wp-content\/uploads\/sites\/6\/2025\/12\/lAgora-risorgimento-europeo-MAZZINI-KOSSUTH-scaled.jpg","width":1834,"height":2560},{"@type":"BreadcrumbList","@id":"https:\/\/progettotouring.it\/radiotouring104\/2025\/12\/09\/reggio-il-circolo-culturale-lagora-organizza-un-incontro-sul-risorgimento-europeo\/#breadcrumb","itemListElement":[{"@type":"ListItem","position":1,"name":"Home","item":"https:\/\/progettotouring.it\/radiotouring104\/"},{"@type":"ListItem","position":2,"name":"Reggio: il Circolo Culturale &#8220;L&#8217;Agor\u00e0&#8221; organizza un incontro sul Risorgimento europeo"}]},{"@type":"WebSite","@id":"https:\/\/progettotouring.it\/radiotouring104\/#website","url":"https:\/\/progettotouring.it\/radiotouring104\/","name":"Radio Touring 104","description":"La prima radio Reggina","publisher":{"@id":"https:\/\/progettotouring.it\/radiotouring104\/#organization"},"potentialAction":[{"@type":"SearchAction","target":{"@type":"EntryPoint","urlTemplate":"https:\/\/progettotouring.it\/radiotouring104\/?s={search_term_string}"},"query-input":{"@type":"PropertyValueSpecification","valueRequired":true,"valueName":"search_term_string"}}],"inLanguage":"it-IT"},{"@type":"Organization","@id":"https:\/\/progettotouring.it\/radiotouring104\/#organization","name":"Radio Touring 104","url":"https:\/\/progettotouring.it\/radiotouring104\/","logo":{"@type":"ImageObject","inLanguage":"it-IT","@id":"https:\/\/progettotouring.it\/radiotouring104\/#\/schema\/logo\/image\/","url":"https:\/\/progettotouring.it\/radiotouring104\/wp-content\/uploads\/sites\/6\/2022\/02\/cropped-logo-radio-touring-104.png","contentUrl":"https:\/\/progettotouring.it\/radiotouring104\/wp-content\/uploads\/sites\/6\/2022\/02\/cropped-logo-radio-touring-104.png","width":377,"height":182,"caption":"Radio Touring 104"},"image":{"@id":"https:\/\/progettotouring.it\/radiotouring104\/#\/schema\/logo\/image\/"}},{"@type":"Person","@id":"https:\/\/progettotouring.it\/radiotouring104\/#\/schema\/person\/1b3eb3c07c47136bc44c785c543e635f","name":"redazione","image":{"@type":"ImageObject","inLanguage":"it-IT","@id":"https:\/\/secure.gravatar.com\/avatar\/0b31605b49f100769e8b624b3e05de1b73e1692e9568a352f60f53fd072e6e11?s=96&d=mm&r=g","url":"https:\/\/secure.gravatar.com\/avatar\/0b31605b49f100769e8b624b3e05de1b73e1692e9568a352f60f53fd072e6e11?s=96&d=mm&r=g","contentUrl":"https:\/\/secure.gravatar.com\/avatar\/0b31605b49f100769e8b624b3e05de1b73e1692e9568a352f60f53fd072e6e11?s=96&d=mm&r=g","caption":"redazione"},"url":"https:\/\/progettotouring.it\/radiotouring104\/author\/redazione\/"}]}},"jetpack_publicize_connections":[],"jetpack_featured_media_url":"https:\/\/progettotouring.it\/radiotouring104\/wp-content\/uploads\/sites\/6\/2025\/12\/lAgora-risorgimento-europeo-MAZZINI-KOSSUTH-scaled.jpg","jetpack_sharing_enabled":true,"_links":{"self":[{"href":"https:\/\/progettotouring.it\/radiotouring104\/wp-json\/wp\/v2\/posts\/87132","targetHints":{"allow":["GET"]}}],"collection":[{"href":"https:\/\/progettotouring.it\/radiotouring104\/wp-json\/wp\/v2\/posts"}],"about":[{"href":"https:\/\/progettotouring.it\/radiotouring104\/wp-json\/wp\/v2\/types\/post"}],"author":[{"embeddable":true,"href":"https:\/\/progettotouring.it\/radiotouring104\/wp-json\/wp\/v2\/users\/5"}],"replies":[{"embeddable":true,"href":"https:\/\/progettotouring.it\/radiotouring104\/wp-json\/wp\/v2\/comments?post=87132"}],"version-history":[{"count":1,"href":"https:\/\/progettotouring.it\/radiotouring104\/wp-json\/wp\/v2\/posts\/87132\/revisions"}],"predecessor-version":[{"id":87134,"href":"https:\/\/progettotouring.it\/radiotouring104\/wp-json\/wp\/v2\/posts\/87132\/revisions\/87134"}],"wp:featuredmedia":[{"embeddable":true,"href":"https:\/\/progettotouring.it\/radiotouring104\/wp-json\/wp\/v2\/media\/87135"}],"wp:attachment":[{"href":"https:\/\/progettotouring.it\/radiotouring104\/wp-json\/wp\/v2\/media?parent=87132"}],"wp:term":[{"taxonomy":"category","embeddable":true,"href":"https:\/\/progettotouring.it\/radiotouring104\/wp-json\/wp\/v2\/categories?post=87132"},{"taxonomy":"post_tag","embeddable":true,"href":"https:\/\/progettotouring.it\/radiotouring104\/wp-json\/wp\/v2\/tags?post=87132"}],"curies":[{"name":"wp","href":"https:\/\/api.w.org\/{rel}","templated":true}]}}