{"id":87143,"date":"2025-12-09T11:18:48","date_gmt":"2025-12-09T10:18:48","guid":{"rendered":"https:\/\/progettotouring.it\/radiotouring104\/?p=87143"},"modified":"2025-12-09T12:47:00","modified_gmt":"2025-12-09T11:47:00","slug":"reggio-si-conclude-il-progetto-impronte-a-sud-welfare-lab-del-consorzio-macrame","status":"publish","type":"post","link":"https:\/\/progettotouring.it\/radiotouring104\/2025\/12\/09\/reggio-si-conclude-il-progetto-impronte-a-sud-welfare-lab-del-consorzio-macrame\/","title":{"rendered":"Reggio: si conclude il progetto &#8220;Impronte a Sud \u2013 Welfare Lab&#8221; del Consorzio &#8220;Macram\u00e8&#8221;"},"content":{"rendered":"<p>Impronte a Sud \u2013 Welfare Lab, il progetto del Consorzio Macram\u00e8 sostenuto da Fondazione Con il Sud e Fondzione Vismara, giunge alla sua conclusione formale. Il suo percorso per\u00f2 continua e si trasforma, lasciando una traccia concreta nel volto rinnovato del bene confiscato alle mafie di Via Possidonea, 53, oggi un vero e proprio hub urbano dedicato a servizi innovativi, politiche sociali, attivit\u00e0 di animazione, partecipazione e ricerca. Uno spazio restituito alla citt\u00e0, aperto alla comunit\u00e0 e capace di generare nuovi processi di welfare territoriale.<\/p>\n<p><strong>15 dicembre \u2013 Il nuovo volto di Via Possidonea, 53<\/strong><\/p>\n<p>Il primo appuntamento, ospitato negli spazi rigenerati del bene confiscato, mette al centro il percorso svolto dal progetto e il ruolo strategico di questo luogo nella costruzione di comunit\u00e0.<\/p>\n<p>La giornata sar\u00e0 scandita da un talk coordinato dal giornalista Giuseppe Smorto, con una serie di interventi dedicati a rigenerazione urbana, partecipazione e politiche locali. Tra i contributi previsti: Marina Tornatora Universit\u00e0 Mediterranea di Reggio Calabria, Andrea Volterrani \u2013 Universit\u00e0 di Roma \u201cTor Vergata\u201d, Antonella Sette \u2013 Regione Calabria, Emilio Vergani \u2013 SocialHub, Elisa Vermiglio \u2013 Universit\u00e0 per Stranieri \u201cDante Alighieri\u201d, Alessandro Petronio \u2013 Direttore scientifico ricerca PrisMacram\u00e8, Giuseppe Falcomat\u00e0 \u2013 Sindaco della Citt\u00e0 Metropolitana di Reggio Calabria.<\/p>\n<p>Le conclusioni saranno affidate a Giovanni Pitrolo Gentile, Presidente del Consorzio Macram\u00e8, e a Stefano Consiglio, Presidente di Fondazione Con il Sud, che apriranno anche i lavori della giornata seguente.<\/p>\n<p><strong>16 dicembre \u2013 La presentazione della ricerca PrisMacram\u00e8 e la riflessione sul nuovo sistema di cure<\/strong><\/p>\n<p>La seconda giornata, ospitata presso la Piccola Opera Papa Giovanni, con il patrocinio dell\u2019ASP di Reggio calabria e in collaborazione con Comunit\u00e0 Competente, restituisce gli esiti della ricerca PrisMacram\u00e8, primo output dell\u2019Osservatorio Impronte a Sud e frutto del lavoro del Laboratorio di ricerca sociale del progetto. La ricerca ha analizzato i bisogni di 232 utenti in carico all\u2019Assistenza domiciliare socio-sanitaria, contribuendo a delineare un nuovo modello sperimentale di mutualit\u00e0 territoriale e una visione rinnovata della cura come processo comunitario. La presentazione tecnica sar\u00e0 affidata ad Alessandro Petronio, direttore scientifico della ricerca. Seguir\u00e0 una sessione dedicata ai \u201c4 volti della fragilit\u00e0\u201d, con contributi di esperti quali il dott. Andrea Fabbo, la dott.ssa Fortunata Tripodi, il prof. Giorgio Marcello, il dott. Carmelo Antonio Caserta. Il pomeriggio sar\u00e0 scandito da una tavola rotonda con rappresentanti di istituzioni sanitarie, regionali e del terzo settore, <strong>tra i quali il direttore generale dell\u2019ASP di Reggio Calabria, dott.ssa Lucia di Furia, e il sub-commissario per la sanit\u00e0 in Calabria, Ernesto Esposito<\/strong>.<\/p>\n<p><strong>Un progetto che continua<\/strong><\/p>\n<p>Le due giornate rappresentano anche un rilancio: <em>Impronte a Sud \u2013 Welfare Lab<\/em> genera processi duraturi, strumenti di osservazione permanenti e modelli replicabili di collaborazione tra istituzioni, terzo settore, professionisti e comunit\u00e0. Il bene confiscato di Via Possidonea, 53 diventa cos\u00ec un laboratorio vivo di mutualit\u00e0, cura e innovazione sociale.<\/p>\n<p>&nbsp;<\/p>\n","protected":false},"excerpt":{"rendered":"<p>Impronte a Sud \u2013 Welfare Lab, il progetto del Consorzio Macram\u00e8 sostenuto da Fondazione Con il Sud e Fondzione Vismara, giunge alla sua conclusione formale. Il suo percorso per\u00f2 continua&hellip;<\/p>\n","protected":false},"author":5,"featured_media":87144,"comment_status":"closed","ping_status":"open","sticky":false,"template":"","format":"standard","meta":{"_jetpack_memberships_contains_paid_content":false,"footnotes":"","jetpack_publicize_message":"","jetpack_publicize_feature_enabled":true,"jetpack_social_post_already_shared":true,"jetpack_social_options":{"image_generator_settings":{"template":"highway","default_image_id":0,"font":"","enabled":false},"version":2}},"categories":[921,196,140],"tags":[49408,2967,45044,49409,15148,49410],"class_list":["post-87143","post","type-post","status-publish","format-standard","has-post-thumbnail","hentry","category-home","category-news","category-reggio-calabria","tag-conclusione-progetto","tag-consorzio-macrame","tag-due-giorni","tag-fondzione-vismara","tag-impronte-a-sud-welfare-lab","tag-ondazione-con-il-sud"],"yoast_head":"<!-- This site is optimized with the Yoast SEO plugin v27.2 - https:\/\/yoast.com\/product\/yoast-seo-wordpress\/ -->\n<title>&quot;Macram\u00e8&quot;: si conclude il progetto &quot;Impronte a Sud \u2013 Welfare Lab&quot;<\/title>\n<meta name=\"description\" content=\"Si conclude con una due giorni, prevista per il 15-16 dicembre, il progetto del Consorzio Macram\u00e8. Ecco tutti i dettagli del programma\" \/>\n<meta name=\"robots\" content=\"index, follow, max-snippet:-1, max-image-preview:large, max-video-preview:-1\" \/>\n<link rel=\"canonical\" href=\"https:\/\/progettotouring.it\/radiotouring104\/2025\/12\/09\/reggio-si-conclude-il-progetto-impronte-a-sud-welfare-lab-del-consorzio-macrame\/\" \/>\n<meta property=\"og:locale\" content=\"it_IT\" \/>\n<meta property=\"og:type\" content=\"article\" \/>\n<meta property=\"og:title\" content=\"&quot;Macram\u00e8&quot;: si conclude il progetto &quot;Impronte a Sud \u2013 Welfare Lab&quot;\" \/>\n<meta property=\"og:description\" content=\"Si conclude con una due giorni, prevista per il 15-16 dicembre, il progetto del Consorzio Macram\u00e8. Ecco tutti i dettagli del programma\" \/>\n<meta property=\"og:url\" content=\"https:\/\/progettotouring.it\/radiotouring104\/2025\/12\/09\/reggio-si-conclude-il-progetto-impronte-a-sud-welfare-lab-del-consorzio-macrame\/\" \/>\n<meta property=\"og:site_name\" content=\"Radio Touring 104\" \/>\n<meta property=\"article:published_time\" content=\"2025-12-09T10:18:48+00:00\" \/>\n<meta property=\"article:modified_time\" content=\"2025-12-09T11:47:00+00:00\" \/>\n<meta property=\"og:image\" content=\"https:\/\/progettotouring.it\/radiotouring104\/wp-content\/uploads\/sites\/6\/2025\/12\/Macrame-conclusione-progetto-Impronte-a-Sud.gif\" \/>\n\t<meta property=\"og:image:width\" content=\"944\" \/>\n\t<meta property=\"og:image:height\" content=\"567\" \/>\n\t<meta property=\"og:image:type\" content=\"image\/gif\" \/>\n<meta name=\"author\" content=\"redazione\" \/>\n<meta name=\"twitter:card\" content=\"summary_large_image\" \/>\n<meta name=\"twitter:label1\" content=\"Scritto da\" \/>\n\t<meta name=\"twitter:data1\" content=\"redazione\" \/>\n\t<meta name=\"twitter:label2\" content=\"Tempo di lettura stimato\" \/>\n\t<meta name=\"twitter:data2\" content=\"2 minuti\" \/>\n<script type=\"application\/ld+json\" class=\"yoast-schema-graph\">{\"@context\":\"https:\/\/schema.org\",\"@graph\":[{\"@type\":\"Article\",\"@id\":\"https:\/\/progettotouring.it\/radiotouring104\/2025\/12\/09\/reggio-si-conclude-il-progetto-impronte-a-sud-welfare-lab-del-consorzio-macrame\/#article\",\"isPartOf\":{\"@id\":\"https:\/\/progettotouring.it\/radiotouring104\/2025\/12\/09\/reggio-si-conclude-il-progetto-impronte-a-sud-welfare-lab-del-consorzio-macrame\/\"},\"author\":{\"name\":\"redazione\",\"@id\":\"https:\/\/progettotouring.it\/radiotouring104\/#\/schema\/person\/1b3eb3c07c47136bc44c785c543e635f\"},\"headline\":\"Reggio: si conclude il progetto &#8220;Impronte a Sud \u2013 Welfare Lab&#8221; del Consorzio &#8220;Macram\u00e8&#8221;\",\"datePublished\":\"2025-12-09T10:18:48+00:00\",\"dateModified\":\"2025-12-09T11:47:00+00:00\",\"mainEntityOfPage\":{\"@id\":\"https:\/\/progettotouring.it\/radiotouring104\/2025\/12\/09\/reggio-si-conclude-il-progetto-impronte-a-sud-welfare-lab-del-consorzio-macrame\/\"},\"wordCount\":469,\"publisher\":{\"@id\":\"https:\/\/progettotouring.it\/radiotouring104\/#organization\"},\"image\":{\"@id\":\"https:\/\/progettotouring.it\/radiotouring104\/2025\/12\/09\/reggio-si-conclude-il-progetto-impronte-a-sud-welfare-lab-del-consorzio-macrame\/#primaryimage\"},\"thumbnailUrl\":\"https:\/\/progettotouring.it\/radiotouring104\/wp-content\/uploads\/sites\/6\/2025\/12\/Macrame-conclusione-progetto-Impronte-a-Sud.gif\",\"keywords\":[\"conclusione progetto\",\"consorzio macram\u00e8\",\"due giorni\",\"Fondzione Vismara\",\"Impronte a Sud \u2013 Welfare Lab\",\"ondazione Con il Sud\"],\"articleSection\":[\"Home\",\"News\",\"Reggio Calabria\"],\"inLanguage\":\"it-IT\"},{\"@type\":\"WebPage\",\"@id\":\"https:\/\/progettotouring.it\/radiotouring104\/2025\/12\/09\/reggio-si-conclude-il-progetto-impronte-a-sud-welfare-lab-del-consorzio-macrame\/\",\"url\":\"https:\/\/progettotouring.it\/radiotouring104\/2025\/12\/09\/reggio-si-conclude-il-progetto-impronte-a-sud-welfare-lab-del-consorzio-macrame\/\",\"name\":\"\\\"Macram\u00e8\\\": si conclude il progetto \\\"Impronte a Sud \u2013 Welfare Lab\\\"\",\"isPartOf\":{\"@id\":\"https:\/\/progettotouring.it\/radiotouring104\/#website\"},\"primaryImageOfPage\":{\"@id\":\"https:\/\/progettotouring.it\/radiotouring104\/2025\/12\/09\/reggio-si-conclude-il-progetto-impronte-a-sud-welfare-lab-del-consorzio-macrame\/#primaryimage\"},\"image\":{\"@id\":\"https:\/\/progettotouring.it\/radiotouring104\/2025\/12\/09\/reggio-si-conclude-il-progetto-impronte-a-sud-welfare-lab-del-consorzio-macrame\/#primaryimage\"},\"thumbnailUrl\":\"https:\/\/progettotouring.it\/radiotouring104\/wp-content\/uploads\/sites\/6\/2025\/12\/Macrame-conclusione-progetto-Impronte-a-Sud.gif\",\"datePublished\":\"2025-12-09T10:18:48+00:00\",\"dateModified\":\"2025-12-09T11:47:00+00:00\",\"description\":\"Si conclude con una due giorni, prevista per il 15-16 dicembre, il progetto del Consorzio Macram\u00e8. Ecco tutti i dettagli del programma\",\"breadcrumb\":{\"@id\":\"https:\/\/progettotouring.it\/radiotouring104\/2025\/12\/09\/reggio-si-conclude-il-progetto-impronte-a-sud-welfare-lab-del-consorzio-macrame\/#breadcrumb\"},\"inLanguage\":\"it-IT\",\"potentialAction\":[{\"@type\":\"ReadAction\",\"target\":[\"https:\/\/progettotouring.it\/radiotouring104\/2025\/12\/09\/reggio-si-conclude-il-progetto-impronte-a-sud-welfare-lab-del-consorzio-macrame\/\"]}]},{\"@type\":\"ImageObject\",\"inLanguage\":\"it-IT\",\"@id\":\"https:\/\/progettotouring.it\/radiotouring104\/2025\/12\/09\/reggio-si-conclude-il-progetto-impronte-a-sud-welfare-lab-del-consorzio-macrame\/#primaryimage\",\"url\":\"https:\/\/progettotouring.it\/radiotouring104\/wp-content\/uploads\/sites\/6\/2025\/12\/Macrame-conclusione-progetto-Impronte-a-Sud.gif\",\"contentUrl\":\"https:\/\/progettotouring.it\/radiotouring104\/wp-content\/uploads\/sites\/6\/2025\/12\/Macrame-conclusione-progetto-Impronte-a-Sud.gif\",\"width\":944,\"height\":567},{\"@type\":\"BreadcrumbList\",\"@id\":\"https:\/\/progettotouring.it\/radiotouring104\/2025\/12\/09\/reggio-si-conclude-il-progetto-impronte-a-sud-welfare-lab-del-consorzio-macrame\/#breadcrumb\",\"itemListElement\":[{\"@type\":\"ListItem\",\"position\":1,\"name\":\"Home\",\"item\":\"https:\/\/progettotouring.it\/radiotouring104\/\"},{\"@type\":\"ListItem\",\"position\":2,\"name\":\"Reggio: si conclude il progetto &#8220;Impronte a Sud \u2013 Welfare Lab&#8221; del Consorzio &#8220;Macram\u00e8&#8221;\"}]},{\"@type\":\"WebSite\",\"@id\":\"https:\/\/progettotouring.it\/radiotouring104\/#website\",\"url\":\"https:\/\/progettotouring.it\/radiotouring104\/\",\"name\":\"Radio Touring 104\",\"description\":\"La prima radio Reggina\",\"publisher\":{\"@id\":\"https:\/\/progettotouring.it\/radiotouring104\/#organization\"},\"potentialAction\":[{\"@type\":\"SearchAction\",\"target\":{\"@type\":\"EntryPoint\",\"urlTemplate\":\"https:\/\/progettotouring.it\/radiotouring104\/?s={search_term_string}\"},\"query-input\":{\"@type\":\"PropertyValueSpecification\",\"valueRequired\":true,\"valueName\":\"search_term_string\"}}],\"inLanguage\":\"it-IT\"},{\"@type\":\"Organization\",\"@id\":\"https:\/\/progettotouring.it\/radiotouring104\/#organization\",\"name\":\"Radio Touring 104\",\"url\":\"https:\/\/progettotouring.it\/radiotouring104\/\",\"logo\":{\"@type\":\"ImageObject\",\"inLanguage\":\"it-IT\",\"@id\":\"https:\/\/progettotouring.it\/radiotouring104\/#\/schema\/logo\/image\/\",\"url\":\"https:\/\/progettotouring.it\/radiotouring104\/wp-content\/uploads\/sites\/6\/2022\/02\/cropped-logo-radio-touring-104.png\",\"contentUrl\":\"https:\/\/progettotouring.it\/radiotouring104\/wp-content\/uploads\/sites\/6\/2022\/02\/cropped-logo-radio-touring-104.png\",\"width\":377,\"height\":182,\"caption\":\"Radio Touring 104\"},\"image\":{\"@id\":\"https:\/\/progettotouring.it\/radiotouring104\/#\/schema\/logo\/image\/\"}},{\"@type\":\"Person\",\"@id\":\"https:\/\/progettotouring.it\/radiotouring104\/#\/schema\/person\/1b3eb3c07c47136bc44c785c543e635f\",\"name\":\"redazione\",\"image\":{\"@type\":\"ImageObject\",\"inLanguage\":\"it-IT\",\"@id\":\"https:\/\/secure.gravatar.com\/avatar\/0b31605b49f100769e8b624b3e05de1b73e1692e9568a352f60f53fd072e6e11?s=96&d=mm&r=g\",\"url\":\"https:\/\/secure.gravatar.com\/avatar\/0b31605b49f100769e8b624b3e05de1b73e1692e9568a352f60f53fd072e6e11?s=96&d=mm&r=g\",\"contentUrl\":\"https:\/\/secure.gravatar.com\/avatar\/0b31605b49f100769e8b624b3e05de1b73e1692e9568a352f60f53fd072e6e11?s=96&d=mm&r=g\",\"caption\":\"redazione\"},\"url\":\"https:\/\/progettotouring.it\/radiotouring104\/author\/redazione\/\"}]}<\/script>\n<!-- \/ Yoast SEO plugin. -->","yoast_head_json":{"title":"\"Macram\u00e8\": si conclude il progetto \"Impronte a Sud \u2013 Welfare Lab\"","description":"Si conclude con una due giorni, prevista per il 15-16 dicembre, il progetto del Consorzio Macram\u00e8. Ecco tutti i dettagli del programma","robots":{"index":"index","follow":"follow","max-snippet":"max-snippet:-1","max-image-preview":"max-image-preview:large","max-video-preview":"max-video-preview:-1"},"canonical":"https:\/\/progettotouring.it\/radiotouring104\/2025\/12\/09\/reggio-si-conclude-il-progetto-impronte-a-sud-welfare-lab-del-consorzio-macrame\/","og_locale":"it_IT","og_type":"article","og_title":"\"Macram\u00e8\": si conclude il progetto \"Impronte a Sud \u2013 Welfare Lab\"","og_description":"Si conclude con una due giorni, prevista per il 15-16 dicembre, il progetto del Consorzio Macram\u00e8. Ecco tutti i dettagli del programma","og_url":"https:\/\/progettotouring.it\/radiotouring104\/2025\/12\/09\/reggio-si-conclude-il-progetto-impronte-a-sud-welfare-lab-del-consorzio-macrame\/","og_site_name":"Radio Touring 104","article_published_time":"2025-12-09T10:18:48+00:00","article_modified_time":"2025-12-09T11:47:00+00:00","og_image":[{"width":944,"height":567,"url":"https:\/\/progettotouring.it\/radiotouring104\/wp-content\/uploads\/sites\/6\/2025\/12\/Macrame-conclusione-progetto-Impronte-a-Sud.gif","type":"image\/gif"}],"author":"redazione","twitter_card":"summary_large_image","twitter_misc":{"Scritto da":"redazione","Tempo di lettura stimato":"2 minuti"},"schema":{"@context":"https:\/\/schema.org","@graph":[{"@type":"Article","@id":"https:\/\/progettotouring.it\/radiotouring104\/2025\/12\/09\/reggio-si-conclude-il-progetto-impronte-a-sud-welfare-lab-del-consorzio-macrame\/#article","isPartOf":{"@id":"https:\/\/progettotouring.it\/radiotouring104\/2025\/12\/09\/reggio-si-conclude-il-progetto-impronte-a-sud-welfare-lab-del-consorzio-macrame\/"},"author":{"name":"redazione","@id":"https:\/\/progettotouring.it\/radiotouring104\/#\/schema\/person\/1b3eb3c07c47136bc44c785c543e635f"},"headline":"Reggio: si conclude il progetto &#8220;Impronte a Sud \u2013 Welfare Lab&#8221; del Consorzio &#8220;Macram\u00e8&#8221;","datePublished":"2025-12-09T10:18:48+00:00","dateModified":"2025-12-09T11:47:00+00:00","mainEntityOfPage":{"@id":"https:\/\/progettotouring.it\/radiotouring104\/2025\/12\/09\/reggio-si-conclude-il-progetto-impronte-a-sud-welfare-lab-del-consorzio-macrame\/"},"wordCount":469,"publisher":{"@id":"https:\/\/progettotouring.it\/radiotouring104\/#organization"},"image":{"@id":"https:\/\/progettotouring.it\/radiotouring104\/2025\/12\/09\/reggio-si-conclude-il-progetto-impronte-a-sud-welfare-lab-del-consorzio-macrame\/#primaryimage"},"thumbnailUrl":"https:\/\/progettotouring.it\/radiotouring104\/wp-content\/uploads\/sites\/6\/2025\/12\/Macrame-conclusione-progetto-Impronte-a-Sud.gif","keywords":["conclusione progetto","consorzio macram\u00e8","due giorni","Fondzione Vismara","Impronte a Sud \u2013 Welfare Lab","ondazione Con il Sud"],"articleSection":["Home","News","Reggio Calabria"],"inLanguage":"it-IT"},{"@type":"WebPage","@id":"https:\/\/progettotouring.it\/radiotouring104\/2025\/12\/09\/reggio-si-conclude-il-progetto-impronte-a-sud-welfare-lab-del-consorzio-macrame\/","url":"https:\/\/progettotouring.it\/radiotouring104\/2025\/12\/09\/reggio-si-conclude-il-progetto-impronte-a-sud-welfare-lab-del-consorzio-macrame\/","name":"\"Macram\u00e8\": si conclude il progetto \"Impronte a Sud \u2013 Welfare Lab\"","isPartOf":{"@id":"https:\/\/progettotouring.it\/radiotouring104\/#website"},"primaryImageOfPage":{"@id":"https:\/\/progettotouring.it\/radiotouring104\/2025\/12\/09\/reggio-si-conclude-il-progetto-impronte-a-sud-welfare-lab-del-consorzio-macrame\/#primaryimage"},"image":{"@id":"https:\/\/progettotouring.it\/radiotouring104\/2025\/12\/09\/reggio-si-conclude-il-progetto-impronte-a-sud-welfare-lab-del-consorzio-macrame\/#primaryimage"},"thumbnailUrl":"https:\/\/progettotouring.it\/radiotouring104\/wp-content\/uploads\/sites\/6\/2025\/12\/Macrame-conclusione-progetto-Impronte-a-Sud.gif","datePublished":"2025-12-09T10:18:48+00:00","dateModified":"2025-12-09T11:47:00+00:00","description":"Si conclude con una due giorni, prevista per il 15-16 dicembre, il progetto del Consorzio Macram\u00e8. Ecco tutti i dettagli del programma","breadcrumb":{"@id":"https:\/\/progettotouring.it\/radiotouring104\/2025\/12\/09\/reggio-si-conclude-il-progetto-impronte-a-sud-welfare-lab-del-consorzio-macrame\/#breadcrumb"},"inLanguage":"it-IT","potentialAction":[{"@type":"ReadAction","target":["https:\/\/progettotouring.it\/radiotouring104\/2025\/12\/09\/reggio-si-conclude-il-progetto-impronte-a-sud-welfare-lab-del-consorzio-macrame\/"]}]},{"@type":"ImageObject","inLanguage":"it-IT","@id":"https:\/\/progettotouring.it\/radiotouring104\/2025\/12\/09\/reggio-si-conclude-il-progetto-impronte-a-sud-welfare-lab-del-consorzio-macrame\/#primaryimage","url":"https:\/\/progettotouring.it\/radiotouring104\/wp-content\/uploads\/sites\/6\/2025\/12\/Macrame-conclusione-progetto-Impronte-a-Sud.gif","contentUrl":"https:\/\/progettotouring.it\/radiotouring104\/wp-content\/uploads\/sites\/6\/2025\/12\/Macrame-conclusione-progetto-Impronte-a-Sud.gif","width":944,"height":567},{"@type":"BreadcrumbList","@id":"https:\/\/progettotouring.it\/radiotouring104\/2025\/12\/09\/reggio-si-conclude-il-progetto-impronte-a-sud-welfare-lab-del-consorzio-macrame\/#breadcrumb","itemListElement":[{"@type":"ListItem","position":1,"name":"Home","item":"https:\/\/progettotouring.it\/radiotouring104\/"},{"@type":"ListItem","position":2,"name":"Reggio: si conclude il progetto &#8220;Impronte a Sud \u2013 Welfare Lab&#8221; del Consorzio &#8220;Macram\u00e8&#8221;"}]},{"@type":"WebSite","@id":"https:\/\/progettotouring.it\/radiotouring104\/#website","url":"https:\/\/progettotouring.it\/radiotouring104\/","name":"Radio Touring 104","description":"La prima radio Reggina","publisher":{"@id":"https:\/\/progettotouring.it\/radiotouring104\/#organization"},"potentialAction":[{"@type":"SearchAction","target":{"@type":"EntryPoint","urlTemplate":"https:\/\/progettotouring.it\/radiotouring104\/?s={search_term_string}"},"query-input":{"@type":"PropertyValueSpecification","valueRequired":true,"valueName":"search_term_string"}}],"inLanguage":"it-IT"},{"@type":"Organization","@id":"https:\/\/progettotouring.it\/radiotouring104\/#organization","name":"Radio Touring 104","url":"https:\/\/progettotouring.it\/radiotouring104\/","logo":{"@type":"ImageObject","inLanguage":"it-IT","@id":"https:\/\/progettotouring.it\/radiotouring104\/#\/schema\/logo\/image\/","url":"https:\/\/progettotouring.it\/radiotouring104\/wp-content\/uploads\/sites\/6\/2022\/02\/cropped-logo-radio-touring-104.png","contentUrl":"https:\/\/progettotouring.it\/radiotouring104\/wp-content\/uploads\/sites\/6\/2022\/02\/cropped-logo-radio-touring-104.png","width":377,"height":182,"caption":"Radio Touring 104"},"image":{"@id":"https:\/\/progettotouring.it\/radiotouring104\/#\/schema\/logo\/image\/"}},{"@type":"Person","@id":"https:\/\/progettotouring.it\/radiotouring104\/#\/schema\/person\/1b3eb3c07c47136bc44c785c543e635f","name":"redazione","image":{"@type":"ImageObject","inLanguage":"it-IT","@id":"https:\/\/secure.gravatar.com\/avatar\/0b31605b49f100769e8b624b3e05de1b73e1692e9568a352f60f53fd072e6e11?s=96&d=mm&r=g","url":"https:\/\/secure.gravatar.com\/avatar\/0b31605b49f100769e8b624b3e05de1b73e1692e9568a352f60f53fd072e6e11?s=96&d=mm&r=g","contentUrl":"https:\/\/secure.gravatar.com\/avatar\/0b31605b49f100769e8b624b3e05de1b73e1692e9568a352f60f53fd072e6e11?s=96&d=mm&r=g","caption":"redazione"},"url":"https:\/\/progettotouring.it\/radiotouring104\/author\/redazione\/"}]}},"jetpack_publicize_connections":[],"jetpack_featured_media_url":"https:\/\/progettotouring.it\/radiotouring104\/wp-content\/uploads\/sites\/6\/2025\/12\/Macrame-conclusione-progetto-Impronte-a-Sud.gif","jetpack_sharing_enabled":true,"_links":{"self":[{"href":"https:\/\/progettotouring.it\/radiotouring104\/wp-json\/wp\/v2\/posts\/87143","targetHints":{"allow":["GET"]}}],"collection":[{"href":"https:\/\/progettotouring.it\/radiotouring104\/wp-json\/wp\/v2\/posts"}],"about":[{"href":"https:\/\/progettotouring.it\/radiotouring104\/wp-json\/wp\/v2\/types\/post"}],"author":[{"embeddable":true,"href":"https:\/\/progettotouring.it\/radiotouring104\/wp-json\/wp\/v2\/users\/5"}],"replies":[{"embeddable":true,"href":"https:\/\/progettotouring.it\/radiotouring104\/wp-json\/wp\/v2\/comments?post=87143"}],"version-history":[{"count":1,"href":"https:\/\/progettotouring.it\/radiotouring104\/wp-json\/wp\/v2\/posts\/87143\/revisions"}],"predecessor-version":[{"id":87145,"href":"https:\/\/progettotouring.it\/radiotouring104\/wp-json\/wp\/v2\/posts\/87143\/revisions\/87145"}],"wp:featuredmedia":[{"embeddable":true,"href":"https:\/\/progettotouring.it\/radiotouring104\/wp-json\/wp\/v2\/media\/87144"}],"wp:attachment":[{"href":"https:\/\/progettotouring.it\/radiotouring104\/wp-json\/wp\/v2\/media?parent=87143"}],"wp:term":[{"taxonomy":"category","embeddable":true,"href":"https:\/\/progettotouring.it\/radiotouring104\/wp-json\/wp\/v2\/categories?post=87143"},{"taxonomy":"post_tag","embeddable":true,"href":"https:\/\/progettotouring.it\/radiotouring104\/wp-json\/wp\/v2\/tags?post=87143"}],"curies":[{"name":"wp","href":"https:\/\/api.w.org\/{rel}","templated":true}]}}