{"id":87146,"date":"2025-12-09T11:28:43","date_gmt":"2025-12-09T10:28:43","guid":{"rendered":"https:\/\/progettotouring.it\/radiotouring104\/?p=87146"},"modified":"2025-12-09T12:46:55","modified_gmt":"2025-12-09T11:46:55","slug":"al-circolo-velico-di-reggio-il-raduno-tecnico-giovanile","status":"publish","type":"post","link":"https:\/\/progettotouring.it\/radiotouring104\/2025\/12\/09\/al-circolo-velico-di-reggio-il-raduno-tecnico-giovanile\/","title":{"rendered":"Al Circolo Velico di Reggio il Raduno Tecnico Giovanile"},"content":{"rendered":"<p>Per tre giorni, nelle acque antistante il Lungomare, si \u00e8 svolto il Raduno tecnico giovanile organizzato dalla Federazione Italiana Vela\u00a0\u00a0 a cui partecipavano i giovanissimi della CLASSE Optimist delle regioni della Calabria e della Basilicata.<\/p>\n<p>Il Raduno \u00e8 stato ospitato dal Circolo Velico Reggio che ha messo a disposizione la struttura sportiva e i mezzi di assistenza necessari per effettuare i programmi degli allenamenti agonistici.<\/p>\n<p>Il Raduno si \u00e8 svolto sotto la supervisione dei tecnici federali Danilo Suppa e Pablo Garcia, e l\u2019incontro tra le varie esperienze marinare testimonia l\u2019attenzione che la Federazione italiana Vela ha per lo sviluppo e la crescita dei vivai territoriali.<\/p>\n<p>\u201cVedere lo Stretto animarsi di vele per tre giorni \u00e8 sempre un emozione e ospitare un raduno federale \u00e8 motivo di orgoglio. &#8211; ha dichiarato il Presidente Carlo Colella- La rada Giunchi \u00e8 uno specchio d\u2019acqua che fornisce tutti gli elementi tecnici e metereologici per disputare sempre la disciplina della vela. Investire sui giovanissimi \u00e8 la finalit\u00e0 di tutti Circoli e una scommessa sul futuro della nostra citt\u00e0 e della nostra regione.\u201d<\/p>\n<p>Sulla importanza del raduno di dicembre \u00e8 intervenuto <strong>Fabio Colella<\/strong>, Consigliere Nazionale della Federazione Italiana Vela: \u201cQuesto Raduno conferma la volont\u00e0 della FIV di essere presente capillarmente sul Territorio. La sinergia tra Calabria e Basilicata \u00e8 fondamentale: stiamo lavorando per alzare l\u2019asticella tecnica dei ragazzi, affidandoli a coach di assoluto valore come Danilo Suppa e Pablo Garcia.\u00a0 Portare la formazione d\u2019eccellenza qui, al Sud, \u00e8 la strada giusta per scovare e coltivare i campioni di domani. Un ringraziamento va al Circolo ospitante per l\u2019organizzazione impeccabile.\u201d<\/p>\n<p>&nbsp;<\/p>\n","protected":false},"excerpt":{"rendered":"<p>Per tre giorni, nelle acque antistante il Lungomare, si \u00e8 svolto il Raduno tecnico giovanile organizzato dalla Federazione Italiana Vela\u00a0\u00a0 a cui partecipavano i giovanissimi della CLASSE Optimist delle regioni&hellip;<\/p>\n","protected":false},"author":5,"featured_media":87147,"comment_status":"closed","ping_status":"open","sticky":false,"template":"","format":"standard","meta":{"_jetpack_memberships_contains_paid_content":false,"footnotes":"","jetpack_publicize_message":"","jetpack_publicize_feature_enabled":true,"jetpack_social_post_already_shared":true,"jetpack_social_options":{"image_generator_settings":{"template":"highway","default_image_id":0,"font":"","enabled":false},"version":2}},"categories":[196,140,144],"tags":[49412,2337,49413,49411,49414,49415],"class_list":["post-87146","post","type-post","status-publish","format-standard","has-post-thumbnail","hentry","category-news","category-reggio-calabria","category-sport","tag-cirolo-velico-di-reggio","tag-federazione-italiana-vela","tag-giorni-del-raduno","tag-raduno-tecnico-giovanile","tag-tecnici-federali-danilo-suppa","tag-tecnici-federali-pablo-garcia"],"yoast_head":"<!-- This site is optimized with the Yoast SEO plugin v27.2 - https:\/\/yoast.com\/product\/yoast-seo-wordpress\/ -->\n<title>Al Circolo Velico di Reggio il Raduno Tecnico Giovanile<\/title>\n<meta name=\"description\" content=\"Svolto al Circolo Velico i 3 giorni del raduno, organizzato dalla Federazione Italiana Vela, sotto la supervisione dei tecnici Suppa e Garcia\" \/>\n<meta name=\"robots\" content=\"index, follow, max-snippet:-1, max-image-preview:large, max-video-preview:-1\" \/>\n<link rel=\"canonical\" href=\"https:\/\/progettotouring.it\/radiotouring104\/2025\/12\/09\/al-circolo-velico-di-reggio-il-raduno-tecnico-giovanile\/\" \/>\n<meta property=\"og:locale\" content=\"it_IT\" \/>\n<meta property=\"og:type\" content=\"article\" \/>\n<meta property=\"og:title\" content=\"Al Circolo Velico di Reggio il Raduno Tecnico Giovanile\" \/>\n<meta property=\"og:description\" content=\"Svolto al Circolo Velico i 3 giorni del raduno, organizzato dalla Federazione Italiana Vela, sotto la supervisione dei tecnici Suppa e Garcia\" \/>\n<meta property=\"og:url\" content=\"https:\/\/progettotouring.it\/radiotouring104\/2025\/12\/09\/al-circolo-velico-di-reggio-il-raduno-tecnico-giovanile\/\" \/>\n<meta property=\"og:site_name\" content=\"Radio Touring 104\" \/>\n<meta property=\"article:published_time\" content=\"2025-12-09T10:28:43+00:00\" \/>\n<meta property=\"article:modified_time\" content=\"2025-12-09T11:46:55+00:00\" \/>\n<meta property=\"og:image\" content=\"https:\/\/progettotouring.it\/radiotouring104\/wp-content\/uploads\/sites\/6\/2025\/12\/Circolo-Velico-di-Reggio-torneo-giovanile.gif\" \/>\n\t<meta property=\"og:image:width\" content=\"638\" \/>\n\t<meta property=\"og:image:height\" content=\"362\" \/>\n\t<meta property=\"og:image:type\" content=\"image\/gif\" \/>\n<meta name=\"author\" content=\"redazione\" \/>\n<meta name=\"twitter:card\" content=\"summary_large_image\" \/>\n<meta name=\"twitter:label1\" content=\"Scritto da\" \/>\n\t<meta name=\"twitter:data1\" content=\"redazione\" \/>\n\t<meta name=\"twitter:label2\" content=\"Tempo di lettura stimato\" \/>\n\t<meta name=\"twitter:data2\" content=\"1 minuto\" \/>\n<script type=\"application\/ld+json\" class=\"yoast-schema-graph\">{\"@context\":\"https:\/\/schema.org\",\"@graph\":[{\"@type\":\"Article\",\"@id\":\"https:\/\/progettotouring.it\/radiotouring104\/2025\/12\/09\/al-circolo-velico-di-reggio-il-raduno-tecnico-giovanile\/#article\",\"isPartOf\":{\"@id\":\"https:\/\/progettotouring.it\/radiotouring104\/2025\/12\/09\/al-circolo-velico-di-reggio-il-raduno-tecnico-giovanile\/\"},\"author\":{\"name\":\"redazione\",\"@id\":\"https:\/\/progettotouring.it\/radiotouring104\/#\/schema\/person\/1b3eb3c07c47136bc44c785c543e635f\"},\"headline\":\"Al Circolo Velico di Reggio il Raduno Tecnico Giovanile\",\"datePublished\":\"2025-12-09T10:28:43+00:00\",\"dateModified\":\"2025-12-09T11:46:55+00:00\",\"mainEntityOfPage\":{\"@id\":\"https:\/\/progettotouring.it\/radiotouring104\/2025\/12\/09\/al-circolo-velico-di-reggio-il-raduno-tecnico-giovanile\/\"},\"wordCount\":268,\"publisher\":{\"@id\":\"https:\/\/progettotouring.it\/radiotouring104\/#organization\"},\"image\":{\"@id\":\"https:\/\/progettotouring.it\/radiotouring104\/2025\/12\/09\/al-circolo-velico-di-reggio-il-raduno-tecnico-giovanile\/#primaryimage\"},\"thumbnailUrl\":\"https:\/\/progettotouring.it\/radiotouring104\/wp-content\/uploads\/sites\/6\/2025\/12\/Circolo-Velico-di-Reggio-torneo-giovanile.gif\",\"keywords\":[\"Cirolo Velico di Reggio\",\"Federazione Italiana Vela\",\"giorni del raduno\",\"Raduno tecnico giovanile\",\"tecnici federali Danilo Suppa\",\"tecnici federali Pablo Garcia\"],\"articleSection\":[\"News\",\"Reggio Calabria\",\"Sport\"],\"inLanguage\":\"it-IT\"},{\"@type\":\"WebPage\",\"@id\":\"https:\/\/progettotouring.it\/radiotouring104\/2025\/12\/09\/al-circolo-velico-di-reggio-il-raduno-tecnico-giovanile\/\",\"url\":\"https:\/\/progettotouring.it\/radiotouring104\/2025\/12\/09\/al-circolo-velico-di-reggio-il-raduno-tecnico-giovanile\/\",\"name\":\"Al Circolo Velico di Reggio il Raduno Tecnico Giovanile\",\"isPartOf\":{\"@id\":\"https:\/\/progettotouring.it\/radiotouring104\/#website\"},\"primaryImageOfPage\":{\"@id\":\"https:\/\/progettotouring.it\/radiotouring104\/2025\/12\/09\/al-circolo-velico-di-reggio-il-raduno-tecnico-giovanile\/#primaryimage\"},\"image\":{\"@id\":\"https:\/\/progettotouring.it\/radiotouring104\/2025\/12\/09\/al-circolo-velico-di-reggio-il-raduno-tecnico-giovanile\/#primaryimage\"},\"thumbnailUrl\":\"https:\/\/progettotouring.it\/radiotouring104\/wp-content\/uploads\/sites\/6\/2025\/12\/Circolo-Velico-di-Reggio-torneo-giovanile.gif\",\"datePublished\":\"2025-12-09T10:28:43+00:00\",\"dateModified\":\"2025-12-09T11:46:55+00:00\",\"description\":\"Svolto al Circolo Velico i 3 giorni del raduno, organizzato dalla Federazione Italiana Vela, sotto la supervisione dei tecnici Suppa e Garcia\",\"breadcrumb\":{\"@id\":\"https:\/\/progettotouring.it\/radiotouring104\/2025\/12\/09\/al-circolo-velico-di-reggio-il-raduno-tecnico-giovanile\/#breadcrumb\"},\"inLanguage\":\"it-IT\",\"potentialAction\":[{\"@type\":\"ReadAction\",\"target\":[\"https:\/\/progettotouring.it\/radiotouring104\/2025\/12\/09\/al-circolo-velico-di-reggio-il-raduno-tecnico-giovanile\/\"]}]},{\"@type\":\"ImageObject\",\"inLanguage\":\"it-IT\",\"@id\":\"https:\/\/progettotouring.it\/radiotouring104\/2025\/12\/09\/al-circolo-velico-di-reggio-il-raduno-tecnico-giovanile\/#primaryimage\",\"url\":\"https:\/\/progettotouring.it\/radiotouring104\/wp-content\/uploads\/sites\/6\/2025\/12\/Circolo-Velico-di-Reggio-torneo-giovanile.gif\",\"contentUrl\":\"https:\/\/progettotouring.it\/radiotouring104\/wp-content\/uploads\/sites\/6\/2025\/12\/Circolo-Velico-di-Reggio-torneo-giovanile.gif\",\"width\":638,\"height\":362},{\"@type\":\"BreadcrumbList\",\"@id\":\"https:\/\/progettotouring.it\/radiotouring104\/2025\/12\/09\/al-circolo-velico-di-reggio-il-raduno-tecnico-giovanile\/#breadcrumb\",\"itemListElement\":[{\"@type\":\"ListItem\",\"position\":1,\"name\":\"Home\",\"item\":\"https:\/\/progettotouring.it\/radiotouring104\/\"},{\"@type\":\"ListItem\",\"position\":2,\"name\":\"Al Circolo Velico di Reggio il Raduno Tecnico Giovanile\"}]},{\"@type\":\"WebSite\",\"@id\":\"https:\/\/progettotouring.it\/radiotouring104\/#website\",\"url\":\"https:\/\/progettotouring.it\/radiotouring104\/\",\"name\":\"Radio Touring 104\",\"description\":\"La prima radio Reggina\",\"publisher\":{\"@id\":\"https:\/\/progettotouring.it\/radiotouring104\/#organization\"},\"potentialAction\":[{\"@type\":\"SearchAction\",\"target\":{\"@type\":\"EntryPoint\",\"urlTemplate\":\"https:\/\/progettotouring.it\/radiotouring104\/?s={search_term_string}\"},\"query-input\":{\"@type\":\"PropertyValueSpecification\",\"valueRequired\":true,\"valueName\":\"search_term_string\"}}],\"inLanguage\":\"it-IT\"},{\"@type\":\"Organization\",\"@id\":\"https:\/\/progettotouring.it\/radiotouring104\/#organization\",\"name\":\"Radio Touring 104\",\"url\":\"https:\/\/progettotouring.it\/radiotouring104\/\",\"logo\":{\"@type\":\"ImageObject\",\"inLanguage\":\"it-IT\",\"@id\":\"https:\/\/progettotouring.it\/radiotouring104\/#\/schema\/logo\/image\/\",\"url\":\"https:\/\/progettotouring.it\/radiotouring104\/wp-content\/uploads\/sites\/6\/2022\/02\/cropped-logo-radio-touring-104.png\",\"contentUrl\":\"https:\/\/progettotouring.it\/radiotouring104\/wp-content\/uploads\/sites\/6\/2022\/02\/cropped-logo-radio-touring-104.png\",\"width\":377,\"height\":182,\"caption\":\"Radio Touring 104\"},\"image\":{\"@id\":\"https:\/\/progettotouring.it\/radiotouring104\/#\/schema\/logo\/image\/\"}},{\"@type\":\"Person\",\"@id\":\"https:\/\/progettotouring.it\/radiotouring104\/#\/schema\/person\/1b3eb3c07c47136bc44c785c543e635f\",\"name\":\"redazione\",\"image\":{\"@type\":\"ImageObject\",\"inLanguage\":\"it-IT\",\"@id\":\"https:\/\/secure.gravatar.com\/avatar\/0b31605b49f100769e8b624b3e05de1b73e1692e9568a352f60f53fd072e6e11?s=96&d=mm&r=g\",\"url\":\"https:\/\/secure.gravatar.com\/avatar\/0b31605b49f100769e8b624b3e05de1b73e1692e9568a352f60f53fd072e6e11?s=96&d=mm&r=g\",\"contentUrl\":\"https:\/\/secure.gravatar.com\/avatar\/0b31605b49f100769e8b624b3e05de1b73e1692e9568a352f60f53fd072e6e11?s=96&d=mm&r=g\",\"caption\":\"redazione\"},\"url\":\"https:\/\/progettotouring.it\/radiotouring104\/author\/redazione\/\"}]}<\/script>\n<!-- \/ Yoast SEO plugin. -->","yoast_head_json":{"title":"Al Circolo Velico di Reggio il Raduno Tecnico Giovanile","description":"Svolto al Circolo Velico i 3 giorni del raduno, organizzato dalla Federazione Italiana Vela, sotto la supervisione dei tecnici Suppa e Garcia","robots":{"index":"index","follow":"follow","max-snippet":"max-snippet:-1","max-image-preview":"max-image-preview:large","max-video-preview":"max-video-preview:-1"},"canonical":"https:\/\/progettotouring.it\/radiotouring104\/2025\/12\/09\/al-circolo-velico-di-reggio-il-raduno-tecnico-giovanile\/","og_locale":"it_IT","og_type":"article","og_title":"Al Circolo Velico di Reggio il Raduno Tecnico Giovanile","og_description":"Svolto al Circolo Velico i 3 giorni del raduno, organizzato dalla Federazione Italiana Vela, sotto la supervisione dei tecnici Suppa e Garcia","og_url":"https:\/\/progettotouring.it\/radiotouring104\/2025\/12\/09\/al-circolo-velico-di-reggio-il-raduno-tecnico-giovanile\/","og_site_name":"Radio Touring 104","article_published_time":"2025-12-09T10:28:43+00:00","article_modified_time":"2025-12-09T11:46:55+00:00","og_image":[{"width":638,"height":362,"url":"https:\/\/progettotouring.it\/radiotouring104\/wp-content\/uploads\/sites\/6\/2025\/12\/Circolo-Velico-di-Reggio-torneo-giovanile.gif","type":"image\/gif"}],"author":"redazione","twitter_card":"summary_large_image","twitter_misc":{"Scritto da":"redazione","Tempo di lettura stimato":"1 minuto"},"schema":{"@context":"https:\/\/schema.org","@graph":[{"@type":"Article","@id":"https:\/\/progettotouring.it\/radiotouring104\/2025\/12\/09\/al-circolo-velico-di-reggio-il-raduno-tecnico-giovanile\/#article","isPartOf":{"@id":"https:\/\/progettotouring.it\/radiotouring104\/2025\/12\/09\/al-circolo-velico-di-reggio-il-raduno-tecnico-giovanile\/"},"author":{"name":"redazione","@id":"https:\/\/progettotouring.it\/radiotouring104\/#\/schema\/person\/1b3eb3c07c47136bc44c785c543e635f"},"headline":"Al Circolo Velico di Reggio il Raduno Tecnico Giovanile","datePublished":"2025-12-09T10:28:43+00:00","dateModified":"2025-12-09T11:46:55+00:00","mainEntityOfPage":{"@id":"https:\/\/progettotouring.it\/radiotouring104\/2025\/12\/09\/al-circolo-velico-di-reggio-il-raduno-tecnico-giovanile\/"},"wordCount":268,"publisher":{"@id":"https:\/\/progettotouring.it\/radiotouring104\/#organization"},"image":{"@id":"https:\/\/progettotouring.it\/radiotouring104\/2025\/12\/09\/al-circolo-velico-di-reggio-il-raduno-tecnico-giovanile\/#primaryimage"},"thumbnailUrl":"https:\/\/progettotouring.it\/radiotouring104\/wp-content\/uploads\/sites\/6\/2025\/12\/Circolo-Velico-di-Reggio-torneo-giovanile.gif","keywords":["Cirolo Velico di Reggio","Federazione Italiana Vela","giorni del raduno","Raduno tecnico giovanile","tecnici federali Danilo Suppa","tecnici federali Pablo Garcia"],"articleSection":["News","Reggio Calabria","Sport"],"inLanguage":"it-IT"},{"@type":"WebPage","@id":"https:\/\/progettotouring.it\/radiotouring104\/2025\/12\/09\/al-circolo-velico-di-reggio-il-raduno-tecnico-giovanile\/","url":"https:\/\/progettotouring.it\/radiotouring104\/2025\/12\/09\/al-circolo-velico-di-reggio-il-raduno-tecnico-giovanile\/","name":"Al Circolo Velico di Reggio il Raduno Tecnico Giovanile","isPartOf":{"@id":"https:\/\/progettotouring.it\/radiotouring104\/#website"},"primaryImageOfPage":{"@id":"https:\/\/progettotouring.it\/radiotouring104\/2025\/12\/09\/al-circolo-velico-di-reggio-il-raduno-tecnico-giovanile\/#primaryimage"},"image":{"@id":"https:\/\/progettotouring.it\/radiotouring104\/2025\/12\/09\/al-circolo-velico-di-reggio-il-raduno-tecnico-giovanile\/#primaryimage"},"thumbnailUrl":"https:\/\/progettotouring.it\/radiotouring104\/wp-content\/uploads\/sites\/6\/2025\/12\/Circolo-Velico-di-Reggio-torneo-giovanile.gif","datePublished":"2025-12-09T10:28:43+00:00","dateModified":"2025-12-09T11:46:55+00:00","description":"Svolto al Circolo Velico i 3 giorni del raduno, organizzato dalla Federazione Italiana Vela, sotto la supervisione dei tecnici Suppa e Garcia","breadcrumb":{"@id":"https:\/\/progettotouring.it\/radiotouring104\/2025\/12\/09\/al-circolo-velico-di-reggio-il-raduno-tecnico-giovanile\/#breadcrumb"},"inLanguage":"it-IT","potentialAction":[{"@type":"ReadAction","target":["https:\/\/progettotouring.it\/radiotouring104\/2025\/12\/09\/al-circolo-velico-di-reggio-il-raduno-tecnico-giovanile\/"]}]},{"@type":"ImageObject","inLanguage":"it-IT","@id":"https:\/\/progettotouring.it\/radiotouring104\/2025\/12\/09\/al-circolo-velico-di-reggio-il-raduno-tecnico-giovanile\/#primaryimage","url":"https:\/\/progettotouring.it\/radiotouring104\/wp-content\/uploads\/sites\/6\/2025\/12\/Circolo-Velico-di-Reggio-torneo-giovanile.gif","contentUrl":"https:\/\/progettotouring.it\/radiotouring104\/wp-content\/uploads\/sites\/6\/2025\/12\/Circolo-Velico-di-Reggio-torneo-giovanile.gif","width":638,"height":362},{"@type":"BreadcrumbList","@id":"https:\/\/progettotouring.it\/radiotouring104\/2025\/12\/09\/al-circolo-velico-di-reggio-il-raduno-tecnico-giovanile\/#breadcrumb","itemListElement":[{"@type":"ListItem","position":1,"name":"Home","item":"https:\/\/progettotouring.it\/radiotouring104\/"},{"@type":"ListItem","position":2,"name":"Al Circolo Velico di Reggio il Raduno Tecnico Giovanile"}]},{"@type":"WebSite","@id":"https:\/\/progettotouring.it\/radiotouring104\/#website","url":"https:\/\/progettotouring.it\/radiotouring104\/","name":"Radio Touring 104","description":"La prima radio Reggina","publisher":{"@id":"https:\/\/progettotouring.it\/radiotouring104\/#organization"},"potentialAction":[{"@type":"SearchAction","target":{"@type":"EntryPoint","urlTemplate":"https:\/\/progettotouring.it\/radiotouring104\/?s={search_term_string}"},"query-input":{"@type":"PropertyValueSpecification","valueRequired":true,"valueName":"search_term_string"}}],"inLanguage":"it-IT"},{"@type":"Organization","@id":"https:\/\/progettotouring.it\/radiotouring104\/#organization","name":"Radio Touring 104","url":"https:\/\/progettotouring.it\/radiotouring104\/","logo":{"@type":"ImageObject","inLanguage":"it-IT","@id":"https:\/\/progettotouring.it\/radiotouring104\/#\/schema\/logo\/image\/","url":"https:\/\/progettotouring.it\/radiotouring104\/wp-content\/uploads\/sites\/6\/2022\/02\/cropped-logo-radio-touring-104.png","contentUrl":"https:\/\/progettotouring.it\/radiotouring104\/wp-content\/uploads\/sites\/6\/2022\/02\/cropped-logo-radio-touring-104.png","width":377,"height":182,"caption":"Radio Touring 104"},"image":{"@id":"https:\/\/progettotouring.it\/radiotouring104\/#\/schema\/logo\/image\/"}},{"@type":"Person","@id":"https:\/\/progettotouring.it\/radiotouring104\/#\/schema\/person\/1b3eb3c07c47136bc44c785c543e635f","name":"redazione","image":{"@type":"ImageObject","inLanguage":"it-IT","@id":"https:\/\/secure.gravatar.com\/avatar\/0b31605b49f100769e8b624b3e05de1b73e1692e9568a352f60f53fd072e6e11?s=96&d=mm&r=g","url":"https:\/\/secure.gravatar.com\/avatar\/0b31605b49f100769e8b624b3e05de1b73e1692e9568a352f60f53fd072e6e11?s=96&d=mm&r=g","contentUrl":"https:\/\/secure.gravatar.com\/avatar\/0b31605b49f100769e8b624b3e05de1b73e1692e9568a352f60f53fd072e6e11?s=96&d=mm&r=g","caption":"redazione"},"url":"https:\/\/progettotouring.it\/radiotouring104\/author\/redazione\/"}]}},"jetpack_publicize_connections":[],"jetpack_featured_media_url":"https:\/\/progettotouring.it\/radiotouring104\/wp-content\/uploads\/sites\/6\/2025\/12\/Circolo-Velico-di-Reggio-torneo-giovanile.gif","jetpack_sharing_enabled":true,"_links":{"self":[{"href":"https:\/\/progettotouring.it\/radiotouring104\/wp-json\/wp\/v2\/posts\/87146","targetHints":{"allow":["GET"]}}],"collection":[{"href":"https:\/\/progettotouring.it\/radiotouring104\/wp-json\/wp\/v2\/posts"}],"about":[{"href":"https:\/\/progettotouring.it\/radiotouring104\/wp-json\/wp\/v2\/types\/post"}],"author":[{"embeddable":true,"href":"https:\/\/progettotouring.it\/radiotouring104\/wp-json\/wp\/v2\/users\/5"}],"replies":[{"embeddable":true,"href":"https:\/\/progettotouring.it\/radiotouring104\/wp-json\/wp\/v2\/comments?post=87146"}],"version-history":[{"count":1,"href":"https:\/\/progettotouring.it\/radiotouring104\/wp-json\/wp\/v2\/posts\/87146\/revisions"}],"predecessor-version":[{"id":87148,"href":"https:\/\/progettotouring.it\/radiotouring104\/wp-json\/wp\/v2\/posts\/87146\/revisions\/87148"}],"wp:featuredmedia":[{"embeddable":true,"href":"https:\/\/progettotouring.it\/radiotouring104\/wp-json\/wp\/v2\/media\/87147"}],"wp:attachment":[{"href":"https:\/\/progettotouring.it\/radiotouring104\/wp-json\/wp\/v2\/media?parent=87146"}],"wp:term":[{"taxonomy":"category","embeddable":true,"href":"https:\/\/progettotouring.it\/radiotouring104\/wp-json\/wp\/v2\/categories?post=87146"},{"taxonomy":"post_tag","embeddable":true,"href":"https:\/\/progettotouring.it\/radiotouring104\/wp-json\/wp\/v2\/tags?post=87146"}],"curies":[{"name":"wp","href":"https:\/\/api.w.org\/{rel}","templated":true}]}}