{"id":87149,"date":"2025-12-09T11:35:44","date_gmt":"2025-12-09T10:35:44","guid":{"rendered":"https:\/\/progettotouring.it\/radiotouring104\/?p=87149"},"modified":"2025-12-09T12:46:49","modified_gmt":"2025-12-09T11:46:49","slug":"villa-san-giuseppe-la-comunita-si-ritrova-in-piazza-per-laccensione-dellalbero-di-natale","status":"publish","type":"post","link":"https:\/\/progettotouring.it\/radiotouring104\/2025\/12\/09\/villa-san-giuseppe-la-comunita-si-ritrova-in-piazza-per-laccensione-dellalbero-di-natale\/","title":{"rendered":"Villa San Giuseppe: la Comunit\u00e0 si ritrova in Piazza per l&#8217;accensione dell&#8217;Albero di Natale"},"content":{"rendered":"<div dir=\"auto\">Villa San Giuseppe accende il Natale: una comunit\u00e0 che brilla di tradizione, partecipazione e amore per il territorio<\/div>\n<div dir=\"auto\"><\/div>\n<div dir=\"auto\">Nel pomeriggio dell\u20198 dicembre, in occasione della Solennit\u00e0 dell\u2019Immacolata Concezione, la Comunit\u00e0 di Villa San Giuseppe ha rinnovato una delle sue tradizioni pi\u00f9 sentite: l\u2019accensione dell\u2019Albero di Natale e delle luminarie che, anche quest\u2019anno, illuminano la suggestiva Piazza Umberto I, affacciata sulla splendida vallata del Gallico.<\/div>\n<div dir=\"auto\"><\/div>\n<div dir=\"auto\">L\u2019atmosfera festosa ha avvolto il piccolo borgo collinare, noto per le sue pregiate arance, trasformandolo in un punto di ritrovo per residenti, famiglie e visitatori. La partecipazione \u00e8 stata numerosa, segno tangibile del forte legame che unisce la comunit\u00e0 e della voglia condivisa di vivere momenti di serenit\u00e0 e tradizione.<\/div>\n<div dir=\"auto\"><\/div>\n<div dir=\"auto\">\u201cSiamo molto soddisfatti \u2013 dichiarano i volontari dell\u2019Associazione Amici di Villa San Giuseppe, promotrice dell\u2019evento \u2013 \u00e8 stato un pomeriggio intenso, ricco di emozioni e di grande coinvolgimento\u201d. Il lavoro degli associati, svolto con passione, dedizione e un profondo amore per il territorio, ha permesso ancora una volta di regalare alla popolazione un\u2019iniziativa capace di unire e far sentire tutti parte di una grande famiglia.<\/div>\n<div dir=\"auto\"><\/div>\n<div dir=\"auto\">Tra i momenti pi\u00f9 apprezzati, l\u2019esibizione dei Giganti di Taurianova, che hanno sfilato per le vie del paese regalando sorrisi e stupore, soprattutto ai pi\u00f9 piccoli. Grandissimo successo anche per gli stand gastronomici: le tradizionali crispelle e i prodotti tipici natalizi sono andati letteralmente a ruba, testimoniando la forza della tradizione culinaria locale e il valore della convivialit\u00e0.<\/div>\n<div dir=\"auto\"><\/div>\n<div dir=\"auto\">L\u2019evento dell\u2019Immacolata \u00e8 solo il primo appuntamento di un dicembre ricco di iniziative. Villa San Giuseppe d\u00e0 infatti appuntamento a domenica 14 dicembre, quando il borgo si vestir\u00e0 nuovamente a festa per accogliere Babbo Natale, in un pomeriggio pensato per la gioia dei bambini e il piacere di tutta la comunit\u00e0<\/div>\n<div dir=\"auto\"><\/div>\n<div dir=\"auto\">Ancora una volta, Villa San Giuseppe dimostra che quando la comunit\u00e0 si unisce e i volontari mettono cuore e impegno nelle loro attivit\u00e0, il risultato \u00e8 una festa di luci, sorrisi e tradizione che scalda l\u2019intero territorio.<\/div>\n","protected":false},"excerpt":{"rendered":"<p>Villa San Giuseppe accende il Natale: una comunit\u00e0 che brilla di tradizione, partecipazione e amore per il territorio Nel pomeriggio dell\u20198 dicembre, in occasione della Solennit\u00e0 dell\u2019Immacolata Concezione, la Comunit\u00e0&hellip;<\/p>\n","protected":false},"author":5,"featured_media":87150,"comment_status":"closed","ping_status":"open","sticky":false,"template":"","format":"standard","meta":{"_jetpack_memberships_contains_paid_content":false,"footnotes":"","jetpack_publicize_message":"","jetpack_publicize_feature_enabled":true,"jetpack_social_post_already_shared":true,"jetpack_social_options":{"image_generator_settings":{"template":"highway","default_image_id":0,"font":"","enabled":false},"version":2}},"categories":[921,196,140],"tags":[7601,30216,42133,49416],"class_list":["post-87149","post","type-post","status-publish","format-standard","has-post-thumbnail","hentry","category-home","category-news","category-reggio-calabria","tag-accensione-albero-di-natale","tag-amici-di-villa-san-giuseppe","tag-comunita","tag-festa-dellimmacolata"],"yoast_head":"<!-- This site is optimized with the Yoast SEO plugin v27.2 - https:\/\/yoast.com\/product\/yoast-seo-wordpress\/ -->\n<title>Villa San Giuseppe: la Comunit\u00e0 si ritrova in Piazza per l&#039;accensione dell&#039;Albero di Natale - Radio Touring 104<\/title>\n<meta name=\"description\" content=\"La Comunit\u00e0 ha rinnovato, in Piazza Umberto I, in occasione della Festa dell&#039;Immacolata, una delle sue tradizioni pi\u00f9 sentite\" \/>\n<meta name=\"robots\" content=\"index, follow, max-snippet:-1, max-image-preview:large, max-video-preview:-1\" \/>\n<link rel=\"canonical\" href=\"https:\/\/progettotouring.it\/radiotouring104\/2025\/12\/09\/villa-san-giuseppe-la-comunita-si-ritrova-in-piazza-per-laccensione-dellalbero-di-natale\/\" \/>\n<meta property=\"og:locale\" content=\"it_IT\" \/>\n<meta property=\"og:type\" content=\"article\" \/>\n<meta property=\"og:title\" content=\"Villa San Giuseppe: la Comunit\u00e0 si ritrova in Piazza per l&#039;accensione dell&#039;Albero di Natale - Radio Touring 104\" \/>\n<meta property=\"og:description\" content=\"La Comunit\u00e0 ha rinnovato, in Piazza Umberto I, in occasione della Festa dell&#039;Immacolata, una delle sue tradizioni pi\u00f9 sentite\" \/>\n<meta property=\"og:url\" content=\"https:\/\/progettotouring.it\/radiotouring104\/2025\/12\/09\/villa-san-giuseppe-la-comunita-si-ritrova-in-piazza-per-laccensione-dellalbero-di-natale\/\" \/>\n<meta property=\"og:site_name\" content=\"Radio Touring 104\" \/>\n<meta property=\"article:published_time\" content=\"2025-12-09T10:35:44+00:00\" \/>\n<meta property=\"article:modified_time\" content=\"2025-12-09T11:46:49+00:00\" \/>\n<meta property=\"og:image\" content=\"https:\/\/progettotouring.it\/radiotouring104\/wp-content\/uploads\/sites\/6\/2025\/12\/Villa-San-Giuseppe-accensione-albero-natale.jpg\" \/>\n\t<meta property=\"og:image:width\" content=\"1536\" \/>\n\t<meta property=\"og:image:height\" content=\"2048\" \/>\n\t<meta property=\"og:image:type\" content=\"image\/jpeg\" \/>\n<meta name=\"author\" content=\"redazione\" \/>\n<meta name=\"twitter:card\" content=\"summary_large_image\" \/>\n<meta name=\"twitter:label1\" content=\"Scritto da\" \/>\n\t<meta name=\"twitter:data1\" content=\"redazione\" \/>\n\t<meta name=\"twitter:label2\" content=\"Tempo di lettura stimato\" \/>\n\t<meta name=\"twitter:data2\" content=\"2 minuti\" \/>\n<script type=\"application\/ld+json\" class=\"yoast-schema-graph\">{\"@context\":\"https:\/\/schema.org\",\"@graph\":[{\"@type\":\"Article\",\"@id\":\"https:\/\/progettotouring.it\/radiotouring104\/2025\/12\/09\/villa-san-giuseppe-la-comunita-si-ritrova-in-piazza-per-laccensione-dellalbero-di-natale\/#article\",\"isPartOf\":{\"@id\":\"https:\/\/progettotouring.it\/radiotouring104\/2025\/12\/09\/villa-san-giuseppe-la-comunita-si-ritrova-in-piazza-per-laccensione-dellalbero-di-natale\/\"},\"author\":{\"name\":\"redazione\",\"@id\":\"https:\/\/progettotouring.it\/radiotouring104\/#\/schema\/person\/1b3eb3c07c47136bc44c785c543e635f\"},\"headline\":\"Villa San Giuseppe: la Comunit\u00e0 si ritrova in Piazza per l&#8217;accensione dell&#8217;Albero di Natale\",\"datePublished\":\"2025-12-09T10:35:44+00:00\",\"dateModified\":\"2025-12-09T11:46:49+00:00\",\"mainEntityOfPage\":{\"@id\":\"https:\/\/progettotouring.it\/radiotouring104\/2025\/12\/09\/villa-san-giuseppe-la-comunita-si-ritrova-in-piazza-per-laccensione-dellalbero-di-natale\/\"},\"wordCount\":344,\"publisher\":{\"@id\":\"https:\/\/progettotouring.it\/radiotouring104\/#organization\"},\"image\":{\"@id\":\"https:\/\/progettotouring.it\/radiotouring104\/2025\/12\/09\/villa-san-giuseppe-la-comunita-si-ritrova-in-piazza-per-laccensione-dellalbero-di-natale\/#primaryimage\"},\"thumbnailUrl\":\"https:\/\/progettotouring.it\/radiotouring104\/wp-content\/uploads\/sites\/6\/2025\/12\/Villa-San-Giuseppe-accensione-albero-natale.jpg\",\"keywords\":[\"accensione albero di natale\",\"Amici di Villa San Giuseppe\",\"comunit\u00e0\",\"festa dell'immacolata\"],\"articleSection\":[\"Home\",\"News\",\"Reggio Calabria\"],\"inLanguage\":\"it-IT\"},{\"@type\":\"WebPage\",\"@id\":\"https:\/\/progettotouring.it\/radiotouring104\/2025\/12\/09\/villa-san-giuseppe-la-comunita-si-ritrova-in-piazza-per-laccensione-dellalbero-di-natale\/\",\"url\":\"https:\/\/progettotouring.it\/radiotouring104\/2025\/12\/09\/villa-san-giuseppe-la-comunita-si-ritrova-in-piazza-per-laccensione-dellalbero-di-natale\/\",\"name\":\"Villa San Giuseppe: la Comunit\u00e0 si ritrova in Piazza per l'accensione dell'Albero di Natale - Radio Touring 104\",\"isPartOf\":{\"@id\":\"https:\/\/progettotouring.it\/radiotouring104\/#website\"},\"primaryImageOfPage\":{\"@id\":\"https:\/\/progettotouring.it\/radiotouring104\/2025\/12\/09\/villa-san-giuseppe-la-comunita-si-ritrova-in-piazza-per-laccensione-dellalbero-di-natale\/#primaryimage\"},\"image\":{\"@id\":\"https:\/\/progettotouring.it\/radiotouring104\/2025\/12\/09\/villa-san-giuseppe-la-comunita-si-ritrova-in-piazza-per-laccensione-dellalbero-di-natale\/#primaryimage\"},\"thumbnailUrl\":\"https:\/\/progettotouring.it\/radiotouring104\/wp-content\/uploads\/sites\/6\/2025\/12\/Villa-San-Giuseppe-accensione-albero-natale.jpg\",\"datePublished\":\"2025-12-09T10:35:44+00:00\",\"dateModified\":\"2025-12-09T11:46:49+00:00\",\"description\":\"La Comunit\u00e0 ha rinnovato, in Piazza Umberto I, in occasione della Festa dell'Immacolata, una delle sue tradizioni pi\u00f9 sentite\",\"breadcrumb\":{\"@id\":\"https:\/\/progettotouring.it\/radiotouring104\/2025\/12\/09\/villa-san-giuseppe-la-comunita-si-ritrova-in-piazza-per-laccensione-dellalbero-di-natale\/#breadcrumb\"},\"inLanguage\":\"it-IT\",\"potentialAction\":[{\"@type\":\"ReadAction\",\"target\":[\"https:\/\/progettotouring.it\/radiotouring104\/2025\/12\/09\/villa-san-giuseppe-la-comunita-si-ritrova-in-piazza-per-laccensione-dellalbero-di-natale\/\"]}]},{\"@type\":\"ImageObject\",\"inLanguage\":\"it-IT\",\"@id\":\"https:\/\/progettotouring.it\/radiotouring104\/2025\/12\/09\/villa-san-giuseppe-la-comunita-si-ritrova-in-piazza-per-laccensione-dellalbero-di-natale\/#primaryimage\",\"url\":\"https:\/\/progettotouring.it\/radiotouring104\/wp-content\/uploads\/sites\/6\/2025\/12\/Villa-San-Giuseppe-accensione-albero-natale.jpg\",\"contentUrl\":\"https:\/\/progettotouring.it\/radiotouring104\/wp-content\/uploads\/sites\/6\/2025\/12\/Villa-San-Giuseppe-accensione-albero-natale.jpg\",\"width\":1536,\"height\":2048},{\"@type\":\"BreadcrumbList\",\"@id\":\"https:\/\/progettotouring.it\/radiotouring104\/2025\/12\/09\/villa-san-giuseppe-la-comunita-si-ritrova-in-piazza-per-laccensione-dellalbero-di-natale\/#breadcrumb\",\"itemListElement\":[{\"@type\":\"ListItem\",\"position\":1,\"name\":\"Home\",\"item\":\"https:\/\/progettotouring.it\/radiotouring104\/\"},{\"@type\":\"ListItem\",\"position\":2,\"name\":\"Villa San Giuseppe: la Comunit\u00e0 si ritrova in Piazza per l&#8217;accensione dell&#8217;Albero di Natale\"}]},{\"@type\":\"WebSite\",\"@id\":\"https:\/\/progettotouring.it\/radiotouring104\/#website\",\"url\":\"https:\/\/progettotouring.it\/radiotouring104\/\",\"name\":\"Radio Touring 104\",\"description\":\"La prima radio Reggina\",\"publisher\":{\"@id\":\"https:\/\/progettotouring.it\/radiotouring104\/#organization\"},\"potentialAction\":[{\"@type\":\"SearchAction\",\"target\":{\"@type\":\"EntryPoint\",\"urlTemplate\":\"https:\/\/progettotouring.it\/radiotouring104\/?s={search_term_string}\"},\"query-input\":{\"@type\":\"PropertyValueSpecification\",\"valueRequired\":true,\"valueName\":\"search_term_string\"}}],\"inLanguage\":\"it-IT\"},{\"@type\":\"Organization\",\"@id\":\"https:\/\/progettotouring.it\/radiotouring104\/#organization\",\"name\":\"Radio Touring 104\",\"url\":\"https:\/\/progettotouring.it\/radiotouring104\/\",\"logo\":{\"@type\":\"ImageObject\",\"inLanguage\":\"it-IT\",\"@id\":\"https:\/\/progettotouring.it\/radiotouring104\/#\/schema\/logo\/image\/\",\"url\":\"https:\/\/progettotouring.it\/radiotouring104\/wp-content\/uploads\/sites\/6\/2022\/02\/cropped-logo-radio-touring-104.png\",\"contentUrl\":\"https:\/\/progettotouring.it\/radiotouring104\/wp-content\/uploads\/sites\/6\/2022\/02\/cropped-logo-radio-touring-104.png\",\"width\":377,\"height\":182,\"caption\":\"Radio Touring 104\"},\"image\":{\"@id\":\"https:\/\/progettotouring.it\/radiotouring104\/#\/schema\/logo\/image\/\"}},{\"@type\":\"Person\",\"@id\":\"https:\/\/progettotouring.it\/radiotouring104\/#\/schema\/person\/1b3eb3c07c47136bc44c785c543e635f\",\"name\":\"redazione\",\"image\":{\"@type\":\"ImageObject\",\"inLanguage\":\"it-IT\",\"@id\":\"https:\/\/secure.gravatar.com\/avatar\/0b31605b49f100769e8b624b3e05de1b73e1692e9568a352f60f53fd072e6e11?s=96&d=mm&r=g\",\"url\":\"https:\/\/secure.gravatar.com\/avatar\/0b31605b49f100769e8b624b3e05de1b73e1692e9568a352f60f53fd072e6e11?s=96&d=mm&r=g\",\"contentUrl\":\"https:\/\/secure.gravatar.com\/avatar\/0b31605b49f100769e8b624b3e05de1b73e1692e9568a352f60f53fd072e6e11?s=96&d=mm&r=g\",\"caption\":\"redazione\"},\"url\":\"https:\/\/progettotouring.it\/radiotouring104\/author\/redazione\/\"}]}<\/script>\n<!-- \/ Yoast SEO plugin. -->","yoast_head_json":{"title":"Villa San Giuseppe: la Comunit\u00e0 si ritrova in Piazza per l'accensione dell'Albero di Natale - Radio Touring 104","description":"La Comunit\u00e0 ha rinnovato, in Piazza Umberto I, in occasione della Festa dell'Immacolata, una delle sue tradizioni pi\u00f9 sentite","robots":{"index":"index","follow":"follow","max-snippet":"max-snippet:-1","max-image-preview":"max-image-preview:large","max-video-preview":"max-video-preview:-1"},"canonical":"https:\/\/progettotouring.it\/radiotouring104\/2025\/12\/09\/villa-san-giuseppe-la-comunita-si-ritrova-in-piazza-per-laccensione-dellalbero-di-natale\/","og_locale":"it_IT","og_type":"article","og_title":"Villa San Giuseppe: la Comunit\u00e0 si ritrova in Piazza per l'accensione dell'Albero di Natale - Radio Touring 104","og_description":"La Comunit\u00e0 ha rinnovato, in Piazza Umberto I, in occasione della Festa dell'Immacolata, una delle sue tradizioni pi\u00f9 sentite","og_url":"https:\/\/progettotouring.it\/radiotouring104\/2025\/12\/09\/villa-san-giuseppe-la-comunita-si-ritrova-in-piazza-per-laccensione-dellalbero-di-natale\/","og_site_name":"Radio Touring 104","article_published_time":"2025-12-09T10:35:44+00:00","article_modified_time":"2025-12-09T11:46:49+00:00","og_image":[{"width":1536,"height":2048,"url":"https:\/\/progettotouring.it\/radiotouring104\/wp-content\/uploads\/sites\/6\/2025\/12\/Villa-San-Giuseppe-accensione-albero-natale.jpg","type":"image\/jpeg"}],"author":"redazione","twitter_card":"summary_large_image","twitter_misc":{"Scritto da":"redazione","Tempo di lettura stimato":"2 minuti"},"schema":{"@context":"https:\/\/schema.org","@graph":[{"@type":"Article","@id":"https:\/\/progettotouring.it\/radiotouring104\/2025\/12\/09\/villa-san-giuseppe-la-comunita-si-ritrova-in-piazza-per-laccensione-dellalbero-di-natale\/#article","isPartOf":{"@id":"https:\/\/progettotouring.it\/radiotouring104\/2025\/12\/09\/villa-san-giuseppe-la-comunita-si-ritrova-in-piazza-per-laccensione-dellalbero-di-natale\/"},"author":{"name":"redazione","@id":"https:\/\/progettotouring.it\/radiotouring104\/#\/schema\/person\/1b3eb3c07c47136bc44c785c543e635f"},"headline":"Villa San Giuseppe: la Comunit\u00e0 si ritrova in Piazza per l&#8217;accensione dell&#8217;Albero di Natale","datePublished":"2025-12-09T10:35:44+00:00","dateModified":"2025-12-09T11:46:49+00:00","mainEntityOfPage":{"@id":"https:\/\/progettotouring.it\/radiotouring104\/2025\/12\/09\/villa-san-giuseppe-la-comunita-si-ritrova-in-piazza-per-laccensione-dellalbero-di-natale\/"},"wordCount":344,"publisher":{"@id":"https:\/\/progettotouring.it\/radiotouring104\/#organization"},"image":{"@id":"https:\/\/progettotouring.it\/radiotouring104\/2025\/12\/09\/villa-san-giuseppe-la-comunita-si-ritrova-in-piazza-per-laccensione-dellalbero-di-natale\/#primaryimage"},"thumbnailUrl":"https:\/\/progettotouring.it\/radiotouring104\/wp-content\/uploads\/sites\/6\/2025\/12\/Villa-San-Giuseppe-accensione-albero-natale.jpg","keywords":["accensione albero di natale","Amici di Villa San Giuseppe","comunit\u00e0","festa dell'immacolata"],"articleSection":["Home","News","Reggio Calabria"],"inLanguage":"it-IT"},{"@type":"WebPage","@id":"https:\/\/progettotouring.it\/radiotouring104\/2025\/12\/09\/villa-san-giuseppe-la-comunita-si-ritrova-in-piazza-per-laccensione-dellalbero-di-natale\/","url":"https:\/\/progettotouring.it\/radiotouring104\/2025\/12\/09\/villa-san-giuseppe-la-comunita-si-ritrova-in-piazza-per-laccensione-dellalbero-di-natale\/","name":"Villa San Giuseppe: la Comunit\u00e0 si ritrova in Piazza per l'accensione dell'Albero di Natale - Radio Touring 104","isPartOf":{"@id":"https:\/\/progettotouring.it\/radiotouring104\/#website"},"primaryImageOfPage":{"@id":"https:\/\/progettotouring.it\/radiotouring104\/2025\/12\/09\/villa-san-giuseppe-la-comunita-si-ritrova-in-piazza-per-laccensione-dellalbero-di-natale\/#primaryimage"},"image":{"@id":"https:\/\/progettotouring.it\/radiotouring104\/2025\/12\/09\/villa-san-giuseppe-la-comunita-si-ritrova-in-piazza-per-laccensione-dellalbero-di-natale\/#primaryimage"},"thumbnailUrl":"https:\/\/progettotouring.it\/radiotouring104\/wp-content\/uploads\/sites\/6\/2025\/12\/Villa-San-Giuseppe-accensione-albero-natale.jpg","datePublished":"2025-12-09T10:35:44+00:00","dateModified":"2025-12-09T11:46:49+00:00","description":"La Comunit\u00e0 ha rinnovato, in Piazza Umberto I, in occasione della Festa dell'Immacolata, una delle sue tradizioni pi\u00f9 sentite","breadcrumb":{"@id":"https:\/\/progettotouring.it\/radiotouring104\/2025\/12\/09\/villa-san-giuseppe-la-comunita-si-ritrova-in-piazza-per-laccensione-dellalbero-di-natale\/#breadcrumb"},"inLanguage":"it-IT","potentialAction":[{"@type":"ReadAction","target":["https:\/\/progettotouring.it\/radiotouring104\/2025\/12\/09\/villa-san-giuseppe-la-comunita-si-ritrova-in-piazza-per-laccensione-dellalbero-di-natale\/"]}]},{"@type":"ImageObject","inLanguage":"it-IT","@id":"https:\/\/progettotouring.it\/radiotouring104\/2025\/12\/09\/villa-san-giuseppe-la-comunita-si-ritrova-in-piazza-per-laccensione-dellalbero-di-natale\/#primaryimage","url":"https:\/\/progettotouring.it\/radiotouring104\/wp-content\/uploads\/sites\/6\/2025\/12\/Villa-San-Giuseppe-accensione-albero-natale.jpg","contentUrl":"https:\/\/progettotouring.it\/radiotouring104\/wp-content\/uploads\/sites\/6\/2025\/12\/Villa-San-Giuseppe-accensione-albero-natale.jpg","width":1536,"height":2048},{"@type":"BreadcrumbList","@id":"https:\/\/progettotouring.it\/radiotouring104\/2025\/12\/09\/villa-san-giuseppe-la-comunita-si-ritrova-in-piazza-per-laccensione-dellalbero-di-natale\/#breadcrumb","itemListElement":[{"@type":"ListItem","position":1,"name":"Home","item":"https:\/\/progettotouring.it\/radiotouring104\/"},{"@type":"ListItem","position":2,"name":"Villa San Giuseppe: la Comunit\u00e0 si ritrova in Piazza per l&#8217;accensione dell&#8217;Albero di Natale"}]},{"@type":"WebSite","@id":"https:\/\/progettotouring.it\/radiotouring104\/#website","url":"https:\/\/progettotouring.it\/radiotouring104\/","name":"Radio Touring 104","description":"La prima radio Reggina","publisher":{"@id":"https:\/\/progettotouring.it\/radiotouring104\/#organization"},"potentialAction":[{"@type":"SearchAction","target":{"@type":"EntryPoint","urlTemplate":"https:\/\/progettotouring.it\/radiotouring104\/?s={search_term_string}"},"query-input":{"@type":"PropertyValueSpecification","valueRequired":true,"valueName":"search_term_string"}}],"inLanguage":"it-IT"},{"@type":"Organization","@id":"https:\/\/progettotouring.it\/radiotouring104\/#organization","name":"Radio Touring 104","url":"https:\/\/progettotouring.it\/radiotouring104\/","logo":{"@type":"ImageObject","inLanguage":"it-IT","@id":"https:\/\/progettotouring.it\/radiotouring104\/#\/schema\/logo\/image\/","url":"https:\/\/progettotouring.it\/radiotouring104\/wp-content\/uploads\/sites\/6\/2022\/02\/cropped-logo-radio-touring-104.png","contentUrl":"https:\/\/progettotouring.it\/radiotouring104\/wp-content\/uploads\/sites\/6\/2022\/02\/cropped-logo-radio-touring-104.png","width":377,"height":182,"caption":"Radio Touring 104"},"image":{"@id":"https:\/\/progettotouring.it\/radiotouring104\/#\/schema\/logo\/image\/"}},{"@type":"Person","@id":"https:\/\/progettotouring.it\/radiotouring104\/#\/schema\/person\/1b3eb3c07c47136bc44c785c543e635f","name":"redazione","image":{"@type":"ImageObject","inLanguage":"it-IT","@id":"https:\/\/secure.gravatar.com\/avatar\/0b31605b49f100769e8b624b3e05de1b73e1692e9568a352f60f53fd072e6e11?s=96&d=mm&r=g","url":"https:\/\/secure.gravatar.com\/avatar\/0b31605b49f100769e8b624b3e05de1b73e1692e9568a352f60f53fd072e6e11?s=96&d=mm&r=g","contentUrl":"https:\/\/secure.gravatar.com\/avatar\/0b31605b49f100769e8b624b3e05de1b73e1692e9568a352f60f53fd072e6e11?s=96&d=mm&r=g","caption":"redazione"},"url":"https:\/\/progettotouring.it\/radiotouring104\/author\/redazione\/"}]}},"jetpack_publicize_connections":[],"jetpack_featured_media_url":"https:\/\/progettotouring.it\/radiotouring104\/wp-content\/uploads\/sites\/6\/2025\/12\/Villa-San-Giuseppe-accensione-albero-natale.jpg","jetpack_sharing_enabled":true,"_links":{"self":[{"href":"https:\/\/progettotouring.it\/radiotouring104\/wp-json\/wp\/v2\/posts\/87149","targetHints":{"allow":["GET"]}}],"collection":[{"href":"https:\/\/progettotouring.it\/radiotouring104\/wp-json\/wp\/v2\/posts"}],"about":[{"href":"https:\/\/progettotouring.it\/radiotouring104\/wp-json\/wp\/v2\/types\/post"}],"author":[{"embeddable":true,"href":"https:\/\/progettotouring.it\/radiotouring104\/wp-json\/wp\/v2\/users\/5"}],"replies":[{"embeddable":true,"href":"https:\/\/progettotouring.it\/radiotouring104\/wp-json\/wp\/v2\/comments?post=87149"}],"version-history":[{"count":1,"href":"https:\/\/progettotouring.it\/radiotouring104\/wp-json\/wp\/v2\/posts\/87149\/revisions"}],"predecessor-version":[{"id":87151,"href":"https:\/\/progettotouring.it\/radiotouring104\/wp-json\/wp\/v2\/posts\/87149\/revisions\/87151"}],"wp:featuredmedia":[{"embeddable":true,"href":"https:\/\/progettotouring.it\/radiotouring104\/wp-json\/wp\/v2\/media\/87150"}],"wp:attachment":[{"href":"https:\/\/progettotouring.it\/radiotouring104\/wp-json\/wp\/v2\/media?parent=87149"}],"wp:term":[{"taxonomy":"category","embeddable":true,"href":"https:\/\/progettotouring.it\/radiotouring104\/wp-json\/wp\/v2\/categories?post=87149"},{"taxonomy":"post_tag","embeddable":true,"href":"https:\/\/progettotouring.it\/radiotouring104\/wp-json\/wp\/v2\/tags?post=87149"}],"curies":[{"name":"wp","href":"https:\/\/api.w.org\/{rel}","templated":true}]}}