{"id":87158,"date":"2025-12-09T12:04:21","date_gmt":"2025-12-09T11:04:21","guid":{"rendered":"https:\/\/progettotouring.it\/radiotouring104\/?p=87158"},"modified":"2025-12-09T12:46:34","modified_gmt":"2025-12-09T11:46:34","slug":"reggio-al-cineteatro-odeon-torna-latteso-the-christmas-show","status":"publish","type":"post","link":"https:\/\/progettotouring.it\/radiotouring104\/2025\/12\/09\/reggio-al-cineteatro-odeon-torna-latteso-the-christmas-show\/","title":{"rendered":"Reggio: al CineTeatro Odeon torna l\u2019atteso &#8220;The Christmas Show&#8221;"},"content":{"rendered":"<p>Il <strong>Rotaract Club Reggio Calabria Sud Parallelo 38<\/strong> si prepara a portare in scena la III Edizione del <strong>\u201cChristmas Show\u201d<\/strong>, uno degli appuntamenti pi\u00f9 attesi del periodo natalizio, in programma il <strong>22 dicembre<\/strong> alle ore 20:30 presso il <strong>Teatro Odeon<\/strong> di <strong>Reggio Calabria<\/strong>. Per condividere lo spirito che animer\u00e0 questa serata fatta di arte, emozione e solidariet\u00e0, abbiamo raccolto le parole dei presentatori <strong>Laura Pizzimenti<\/strong> e <strong>Pietro Fulco<\/strong>, insieme alla visione della Presidente del Club, <strong>Paola Morabito<\/strong>.<\/p>\n<p>Guidare il pubblico in un percorso che non \u00e8 soltanto artistico ma anche valoriale \u00e8, per chi presenta lo spettacolo, una responsabilit\u00e0 speciale. Laura Pizzimenti racconta l\u2019emozione di affrontare il palco in una veste diversa da quella di <em>event planner<\/em> a cui \u00e8 abituata:<\/p>\n<p>&#8220;Presentare questo evento \u00e8 una forte emozione oltre che un onore. Il <strong>Christmas Show<\/strong> rappresenta la risposta della citt\u00e0 a un progetto benefico che il Club ha costruito con impegno e che tante aziende hanno voluto sostenere. A noi spetter\u00e0 accompagnare il pubblico nella comprensione del valore umano e morale che questa serata custodisce.&#8221;<\/p>\n<p>Accanto a lei, Pietro Fulco sottolinea la natura particolare del format:<\/p>\n<p>&#8220;Non si tratta solo di divertimento, ma di un evento con uno scopo nobile. Da presentatore, credo sia importante trovare il giusto equilibrio: trattare con leggerezza temi sensibili e, allo stesso tempo, valorizzare la missione che guida l\u2019attivit\u00e0 del <strong>Rotaract<\/strong>.&#8221;<\/p>\n<p><strong>Lo spirito del Christmas Show: arte, solidariet\u00e0 e la voce dei presentatori<\/strong><\/p>\n<p>La preparazione personale e la sintonia con la sala sono elementi fondamentali per chi conduce uno spettacolo cos\u00ec ricco. Laura confida che, pur essendo scaramantica, un rito lo pu\u00f2 svelare:<\/p>\n<p>&#8220;Prima di uscire di casa abbraccio i miei familiari e chiedo alle mie nipoti di dirmi &#8216;in bocca al lupo&#8217;. \u00c8 un gesto che mi d\u00e0 forza e che sento profondamente legato allo spirito di questa serata.&#8221;<\/p>\n<p>Per Pietro, che affronta per la prima volta il palco da presentatore, il primo pensiero \u00e8 stato: &#8220;Una bella responsabilit\u00e0!&#8221; Non ci sono rituali particolari, ma la formula magica per la buona riuscita sar\u00e0 senza dubbio facilitare il divertimento del pubblico e, allo stesso tempo, trasmettere con chiarezza il messaggio profondo che il <strong>Christmas Show<\/strong> vuole veicolare.<\/p>\n<p>Una delle caratteristiche pi\u00f9 preziose dell\u2019evento \u00e8 la presenza di tante realt\u00e0 artistiche locali, che portano sul palco il volto autentico della citt\u00e0. Laura vede in questo un valore culturale e umano irrinunciabile:<\/p>\n<p>&#8220;L\u2019arte \u00e8 lo strumento attraverso cui Dio si manifesta. La bellezza \u00e8 ovunque, nella musica, nella danza, nella pittura, nonch\u00e9 nella comunicazione accompagnata da gesti e sguardi, che la rendono il motore delle relazioni umane. Sul palco vedremo potenziale umano puro, persone che hanno scelto di esserci per uno scopo altissimo: fare del bene.&#8221;<\/p>\n<p>Pietro aggiunge una riflessione sulla citt\u00e0:<\/p>\n<p>&#8220;La qualit\u00e0 della vita di una comunit\u00e0 si vede anche dalla presenza di eventi come questo. Nel nostro piccolo proveremo ad offrire una serata piacevole in clima natalizio e a dare spazio a chi esprime lo spirito e la bellezza di <strong>Reggio Calabria<\/strong> attraverso la propria arte.&#8221;<\/p>\n<p><strong>La missione benefica per la Casa di Benedetta<\/strong><\/p>\n<p>Se i presentatori rappresentano la voce della serata, la Presidente <strong>Paola Morabito<\/strong> ne \u00e8 l\u2019anima organizzativa:<\/p>\n<p>&#8220;La missione del <strong>Rotaract<\/strong> orientata a fare del bene rimane il cuore pulsante di tutto. Ci sar\u00e0 una piccola sorpresa iniziale che racconter\u00e0 anche cosa significa Rotary International nel mondo. L\u2019innovazione, se cos\u00ec possiamo chiamarla, sta nella volont\u00e0 di far emergere la nostra identit\u00e0: tutti coloro che partecipano lo fanno gratuitamente, donando tempo e talento. Questo \u00e8 il vero spirito del nostro Club: dare senza aspettarsi nulla in cambio, per il bene comune.&#8221;<\/p>\n<p>Il progetto benefico scelto quest\u2019anno conferma questa direzione: il ricavato sar\u00e0 destinato a sostenere l\u2019acquisto dell\u2019immobile che ospita la <strong>Casa di Benedetta<\/strong>, una delle realt\u00e0 pi\u00f9 significative nel panorama sociale del territorio.<\/p>\n<p>&#8220;Conosci una realt\u00e0, la osservi lavorare negli anni con seriet\u00e0, vedi che sostiene la comunit\u00e0 pi\u00f9 fragile, in particolare i minori, e comprendi che \u00e8 l\u00ec che vuoi investire energie, per aiutare chi aiuta concretamente&#8221;, spiega la Presidente. &#8220;Abbiamo collaborato in passato con la <strong>Casa di Benedetta<\/strong> e sappiamo quanto sia importante il valore sociale di una struttura che permetta ai minori di seguire percorsi alternativi al carcere. E poi c\u2019\u00e8 un aspetto personale: ho conosciuto Benedetta, una persona straordinaria come i suoi genitori che con amore e determinazione hanno dato vita alla Fondazione \u2018Benedetta \u00e8 la vita\u2019 con la quale supportano gi\u00e0 straordinariamente l\u2019Associazione Abakhi. Sostenere l\u2019acquisto della Casa significa garantire stabilit\u00e0 a un progetto che cambia la vita delle persone che lo attraversano.&#8221;<\/p>\n<p>Il <strong>22 dicembre<\/strong>, al <strong>Teatro Odeon<\/strong>, la citt\u00e0 non assister\u00e0 solo a un evento targato <strong>Rotaract Club Reggio Calabria Sud Parallelo 38<\/strong>: contribuir\u00e0 a costruire un futuro pi\u00f9 sicuro per la <strong>Casa di Benedetta<\/strong> e per i minori che vi trovano accoglienza, ascolto e speranza.<\/p>\n","protected":false},"excerpt":{"rendered":"<p>Il Rotaract Club Reggio Calabria Sud Parallelo 38 si prepara a portare in scena la III Edizione del \u201cChristmas Show\u201d, uno degli appuntamenti pi\u00f9 attesi del periodo natalizio, in programma&hellip;<\/p>\n","protected":false},"author":5,"featured_media":87159,"comment_status":"closed","ping_status":"open","sticky":false,"template":"","format":"standard","meta":{"_jetpack_memberships_contains_paid_content":false,"footnotes":"","jetpack_publicize_message":"","jetpack_publicize_feature_enabled":true,"jetpack_social_post_already_shared":true,"jetpack_social_options":{"image_generator_settings":{"template":"highway","default_image_id":0,"font":"","enabled":false},"version":2}},"categories":[921,196,140,147],"tags":[49421,49420,31594,7255,49422],"class_list":["post-87158","post","type-post","status-publish","format-standard","has-post-thumbnail","hentry","category-home","category-news","category-reggio-calabria","category-spettacoli","tag-la-casa-di-benedetta","tag-the-christmas-show","tag-cineteatro-odeon","tag-evento-benefico","tag-rotaract-club"],"yoast_head":"<!-- This site is optimized with the Yoast SEO plugin v27.2 - https:\/\/yoast.com\/product\/yoast-seo-wordpress\/ -->\n<title>Reggio: al CineTeatro Odeon torna l\u2019atteso &quot;The Christmas Show&quot;<\/title>\n<meta name=\"description\" content=\"La III edizione benefica, a favore de \u2018La Casa di Benedetta\u2019, sar\u00e0 portata in scena dal Rotaract Club il 23 dicembre\" \/>\n<meta name=\"robots\" content=\"index, follow, max-snippet:-1, max-image-preview:large, max-video-preview:-1\" \/>\n<link rel=\"canonical\" href=\"https:\/\/progettotouring.it\/radiotouring104\/2025\/12\/09\/reggio-al-cineteatro-odeon-torna-latteso-the-christmas-show\/\" \/>\n<meta property=\"og:locale\" content=\"it_IT\" \/>\n<meta property=\"og:type\" content=\"article\" \/>\n<meta property=\"og:title\" content=\"Reggio: al CineTeatro Odeon torna l\u2019atteso &quot;The Christmas Show&quot;\" \/>\n<meta property=\"og:description\" content=\"La III edizione benefica, a favore de \u2018La Casa di Benedetta\u2019, sar\u00e0 portata in scena dal Rotaract Club il 23 dicembre\" \/>\n<meta property=\"og:url\" content=\"https:\/\/progettotouring.it\/radiotouring104\/2025\/12\/09\/reggio-al-cineteatro-odeon-torna-latteso-the-christmas-show\/\" \/>\n<meta property=\"og:site_name\" content=\"Radio Touring 104\" \/>\n<meta property=\"article:published_time\" content=\"2025-12-09T11:04:21+00:00\" \/>\n<meta property=\"article:modified_time\" content=\"2025-12-09T11:46:34+00:00\" \/>\n<meta property=\"og:image\" content=\"https:\/\/progettotouring.it\/radiotouring104\/wp-content\/uploads\/sites\/6\/2025\/12\/Christmas-Show-Casa-Benedetta-Odeon.gif\" \/>\n\t<meta property=\"og:image:width\" content=\"286\" \/>\n\t<meta property=\"og:image:height\" content=\"302\" \/>\n\t<meta property=\"og:image:type\" content=\"image\/gif\" \/>\n<meta name=\"author\" content=\"redazione\" \/>\n<meta name=\"twitter:card\" content=\"summary_large_image\" \/>\n<meta name=\"twitter:label1\" content=\"Scritto da\" \/>\n\t<meta name=\"twitter:data1\" content=\"redazione\" \/>\n\t<meta name=\"twitter:label2\" content=\"Tempo di lettura stimato\" \/>\n\t<meta name=\"twitter:data2\" content=\"4 minuti\" \/>\n<script type=\"application\/ld+json\" class=\"yoast-schema-graph\">{\"@context\":\"https:\/\/schema.org\",\"@graph\":[{\"@type\":\"Article\",\"@id\":\"https:\/\/progettotouring.it\/radiotouring104\/2025\/12\/09\/reggio-al-cineteatro-odeon-torna-latteso-the-christmas-show\/#article\",\"isPartOf\":{\"@id\":\"https:\/\/progettotouring.it\/radiotouring104\/2025\/12\/09\/reggio-al-cineteatro-odeon-torna-latteso-the-christmas-show\/\"},\"author\":{\"name\":\"redazione\",\"@id\":\"https:\/\/progettotouring.it\/radiotouring104\/#\/schema\/person\/1b3eb3c07c47136bc44c785c543e635f\"},\"headline\":\"Reggio: al CineTeatro Odeon torna l\u2019atteso &#8220;The Christmas Show&#8221;\",\"datePublished\":\"2025-12-09T11:04:21+00:00\",\"dateModified\":\"2025-12-09T11:46:34+00:00\",\"mainEntityOfPage\":{\"@id\":\"https:\/\/progettotouring.it\/radiotouring104\/2025\/12\/09\/reggio-al-cineteatro-odeon-torna-latteso-the-christmas-show\/\"},\"wordCount\":804,\"publisher\":{\"@id\":\"https:\/\/progettotouring.it\/radiotouring104\/#organization\"},\"image\":{\"@id\":\"https:\/\/progettotouring.it\/radiotouring104\/2025\/12\/09\/reggio-al-cineteatro-odeon-torna-latteso-the-christmas-show\/#primaryimage\"},\"thumbnailUrl\":\"https:\/\/progettotouring.it\/radiotouring104\/wp-content\/uploads\/sites\/6\/2025\/12\/Christmas-Show-Casa-Benedetta-Odeon.gif\",\"keywords\":[\"\u2018La Casa di Benedetta\u2019\",\"\\\"The Christmas Show\\\"\",\"CineTeatro Odeon\",\"evento benefico\",\"Rotaract Club\"],\"articleSection\":[\"Home\",\"News\",\"Reggio Calabria\",\"Spettacoli\"],\"inLanguage\":\"it-IT\"},{\"@type\":\"WebPage\",\"@id\":\"https:\/\/progettotouring.it\/radiotouring104\/2025\/12\/09\/reggio-al-cineteatro-odeon-torna-latteso-the-christmas-show\/\",\"url\":\"https:\/\/progettotouring.it\/radiotouring104\/2025\/12\/09\/reggio-al-cineteatro-odeon-torna-latteso-the-christmas-show\/\",\"name\":\"Reggio: al CineTeatro Odeon torna l\u2019atteso \\\"The Christmas Show\\\"\",\"isPartOf\":{\"@id\":\"https:\/\/progettotouring.it\/radiotouring104\/#website\"},\"primaryImageOfPage\":{\"@id\":\"https:\/\/progettotouring.it\/radiotouring104\/2025\/12\/09\/reggio-al-cineteatro-odeon-torna-latteso-the-christmas-show\/#primaryimage\"},\"image\":{\"@id\":\"https:\/\/progettotouring.it\/radiotouring104\/2025\/12\/09\/reggio-al-cineteatro-odeon-torna-latteso-the-christmas-show\/#primaryimage\"},\"thumbnailUrl\":\"https:\/\/progettotouring.it\/radiotouring104\/wp-content\/uploads\/sites\/6\/2025\/12\/Christmas-Show-Casa-Benedetta-Odeon.gif\",\"datePublished\":\"2025-12-09T11:04:21+00:00\",\"dateModified\":\"2025-12-09T11:46:34+00:00\",\"description\":\"La III edizione benefica, a favore de \u2018La Casa di Benedetta\u2019, sar\u00e0 portata in scena dal Rotaract Club il 23 dicembre\",\"breadcrumb\":{\"@id\":\"https:\/\/progettotouring.it\/radiotouring104\/2025\/12\/09\/reggio-al-cineteatro-odeon-torna-latteso-the-christmas-show\/#breadcrumb\"},\"inLanguage\":\"it-IT\",\"potentialAction\":[{\"@type\":\"ReadAction\",\"target\":[\"https:\/\/progettotouring.it\/radiotouring104\/2025\/12\/09\/reggio-al-cineteatro-odeon-torna-latteso-the-christmas-show\/\"]}]},{\"@type\":\"ImageObject\",\"inLanguage\":\"it-IT\",\"@id\":\"https:\/\/progettotouring.it\/radiotouring104\/2025\/12\/09\/reggio-al-cineteatro-odeon-torna-latteso-the-christmas-show\/#primaryimage\",\"url\":\"https:\/\/progettotouring.it\/radiotouring104\/wp-content\/uploads\/sites\/6\/2025\/12\/Christmas-Show-Casa-Benedetta-Odeon.gif\",\"contentUrl\":\"https:\/\/progettotouring.it\/radiotouring104\/wp-content\/uploads\/sites\/6\/2025\/12\/Christmas-Show-Casa-Benedetta-Odeon.gif\",\"width\":286,\"height\":302},{\"@type\":\"BreadcrumbList\",\"@id\":\"https:\/\/progettotouring.it\/radiotouring104\/2025\/12\/09\/reggio-al-cineteatro-odeon-torna-latteso-the-christmas-show\/#breadcrumb\",\"itemListElement\":[{\"@type\":\"ListItem\",\"position\":1,\"name\":\"Home\",\"item\":\"https:\/\/progettotouring.it\/radiotouring104\/\"},{\"@type\":\"ListItem\",\"position\":2,\"name\":\"Reggio: al CineTeatro Odeon torna l\u2019atteso &#8220;The Christmas Show&#8221;\"}]},{\"@type\":\"WebSite\",\"@id\":\"https:\/\/progettotouring.it\/radiotouring104\/#website\",\"url\":\"https:\/\/progettotouring.it\/radiotouring104\/\",\"name\":\"Radio Touring 104\",\"description\":\"La prima radio Reggina\",\"publisher\":{\"@id\":\"https:\/\/progettotouring.it\/radiotouring104\/#organization\"},\"potentialAction\":[{\"@type\":\"SearchAction\",\"target\":{\"@type\":\"EntryPoint\",\"urlTemplate\":\"https:\/\/progettotouring.it\/radiotouring104\/?s={search_term_string}\"},\"query-input\":{\"@type\":\"PropertyValueSpecification\",\"valueRequired\":true,\"valueName\":\"search_term_string\"}}],\"inLanguage\":\"it-IT\"},{\"@type\":\"Organization\",\"@id\":\"https:\/\/progettotouring.it\/radiotouring104\/#organization\",\"name\":\"Radio Touring 104\",\"url\":\"https:\/\/progettotouring.it\/radiotouring104\/\",\"logo\":{\"@type\":\"ImageObject\",\"inLanguage\":\"it-IT\",\"@id\":\"https:\/\/progettotouring.it\/radiotouring104\/#\/schema\/logo\/image\/\",\"url\":\"https:\/\/progettotouring.it\/radiotouring104\/wp-content\/uploads\/sites\/6\/2022\/02\/cropped-logo-radio-touring-104.png\",\"contentUrl\":\"https:\/\/progettotouring.it\/radiotouring104\/wp-content\/uploads\/sites\/6\/2022\/02\/cropped-logo-radio-touring-104.png\",\"width\":377,\"height\":182,\"caption\":\"Radio Touring 104\"},\"image\":{\"@id\":\"https:\/\/progettotouring.it\/radiotouring104\/#\/schema\/logo\/image\/\"}},{\"@type\":\"Person\",\"@id\":\"https:\/\/progettotouring.it\/radiotouring104\/#\/schema\/person\/1b3eb3c07c47136bc44c785c543e635f\",\"name\":\"redazione\",\"image\":{\"@type\":\"ImageObject\",\"inLanguage\":\"it-IT\",\"@id\":\"https:\/\/secure.gravatar.com\/avatar\/0b31605b49f100769e8b624b3e05de1b73e1692e9568a352f60f53fd072e6e11?s=96&d=mm&r=g\",\"url\":\"https:\/\/secure.gravatar.com\/avatar\/0b31605b49f100769e8b624b3e05de1b73e1692e9568a352f60f53fd072e6e11?s=96&d=mm&r=g\",\"contentUrl\":\"https:\/\/secure.gravatar.com\/avatar\/0b31605b49f100769e8b624b3e05de1b73e1692e9568a352f60f53fd072e6e11?s=96&d=mm&r=g\",\"caption\":\"redazione\"},\"url\":\"https:\/\/progettotouring.it\/radiotouring104\/author\/redazione\/\"}]}<\/script>\n<!-- \/ Yoast SEO plugin. -->","yoast_head_json":{"title":"Reggio: al CineTeatro Odeon torna l\u2019atteso \"The Christmas Show\"","description":"La III edizione benefica, a favore de \u2018La Casa di Benedetta\u2019, sar\u00e0 portata in scena dal Rotaract Club il 23 dicembre","robots":{"index":"index","follow":"follow","max-snippet":"max-snippet:-1","max-image-preview":"max-image-preview:large","max-video-preview":"max-video-preview:-1"},"canonical":"https:\/\/progettotouring.it\/radiotouring104\/2025\/12\/09\/reggio-al-cineteatro-odeon-torna-latteso-the-christmas-show\/","og_locale":"it_IT","og_type":"article","og_title":"Reggio: al CineTeatro Odeon torna l\u2019atteso \"The Christmas Show\"","og_description":"La III edizione benefica, a favore de \u2018La Casa di Benedetta\u2019, sar\u00e0 portata in scena dal Rotaract Club il 23 dicembre","og_url":"https:\/\/progettotouring.it\/radiotouring104\/2025\/12\/09\/reggio-al-cineteatro-odeon-torna-latteso-the-christmas-show\/","og_site_name":"Radio Touring 104","article_published_time":"2025-12-09T11:04:21+00:00","article_modified_time":"2025-12-09T11:46:34+00:00","og_image":[{"width":286,"height":302,"url":"https:\/\/progettotouring.it\/radiotouring104\/wp-content\/uploads\/sites\/6\/2025\/12\/Christmas-Show-Casa-Benedetta-Odeon.gif","type":"image\/gif"}],"author":"redazione","twitter_card":"summary_large_image","twitter_misc":{"Scritto da":"redazione","Tempo di lettura stimato":"4 minuti"},"schema":{"@context":"https:\/\/schema.org","@graph":[{"@type":"Article","@id":"https:\/\/progettotouring.it\/radiotouring104\/2025\/12\/09\/reggio-al-cineteatro-odeon-torna-latteso-the-christmas-show\/#article","isPartOf":{"@id":"https:\/\/progettotouring.it\/radiotouring104\/2025\/12\/09\/reggio-al-cineteatro-odeon-torna-latteso-the-christmas-show\/"},"author":{"name":"redazione","@id":"https:\/\/progettotouring.it\/radiotouring104\/#\/schema\/person\/1b3eb3c07c47136bc44c785c543e635f"},"headline":"Reggio: al CineTeatro Odeon torna l\u2019atteso &#8220;The Christmas Show&#8221;","datePublished":"2025-12-09T11:04:21+00:00","dateModified":"2025-12-09T11:46:34+00:00","mainEntityOfPage":{"@id":"https:\/\/progettotouring.it\/radiotouring104\/2025\/12\/09\/reggio-al-cineteatro-odeon-torna-latteso-the-christmas-show\/"},"wordCount":804,"publisher":{"@id":"https:\/\/progettotouring.it\/radiotouring104\/#organization"},"image":{"@id":"https:\/\/progettotouring.it\/radiotouring104\/2025\/12\/09\/reggio-al-cineteatro-odeon-torna-latteso-the-christmas-show\/#primaryimage"},"thumbnailUrl":"https:\/\/progettotouring.it\/radiotouring104\/wp-content\/uploads\/sites\/6\/2025\/12\/Christmas-Show-Casa-Benedetta-Odeon.gif","keywords":["\u2018La Casa di Benedetta\u2019","\"The Christmas Show\"","CineTeatro Odeon","evento benefico","Rotaract Club"],"articleSection":["Home","News","Reggio Calabria","Spettacoli"],"inLanguage":"it-IT"},{"@type":"WebPage","@id":"https:\/\/progettotouring.it\/radiotouring104\/2025\/12\/09\/reggio-al-cineteatro-odeon-torna-latteso-the-christmas-show\/","url":"https:\/\/progettotouring.it\/radiotouring104\/2025\/12\/09\/reggio-al-cineteatro-odeon-torna-latteso-the-christmas-show\/","name":"Reggio: al CineTeatro Odeon torna l\u2019atteso \"The Christmas Show\"","isPartOf":{"@id":"https:\/\/progettotouring.it\/radiotouring104\/#website"},"primaryImageOfPage":{"@id":"https:\/\/progettotouring.it\/radiotouring104\/2025\/12\/09\/reggio-al-cineteatro-odeon-torna-latteso-the-christmas-show\/#primaryimage"},"image":{"@id":"https:\/\/progettotouring.it\/radiotouring104\/2025\/12\/09\/reggio-al-cineteatro-odeon-torna-latteso-the-christmas-show\/#primaryimage"},"thumbnailUrl":"https:\/\/progettotouring.it\/radiotouring104\/wp-content\/uploads\/sites\/6\/2025\/12\/Christmas-Show-Casa-Benedetta-Odeon.gif","datePublished":"2025-12-09T11:04:21+00:00","dateModified":"2025-12-09T11:46:34+00:00","description":"La III edizione benefica, a favore de \u2018La Casa di Benedetta\u2019, sar\u00e0 portata in scena dal Rotaract Club il 23 dicembre","breadcrumb":{"@id":"https:\/\/progettotouring.it\/radiotouring104\/2025\/12\/09\/reggio-al-cineteatro-odeon-torna-latteso-the-christmas-show\/#breadcrumb"},"inLanguage":"it-IT","potentialAction":[{"@type":"ReadAction","target":["https:\/\/progettotouring.it\/radiotouring104\/2025\/12\/09\/reggio-al-cineteatro-odeon-torna-latteso-the-christmas-show\/"]}]},{"@type":"ImageObject","inLanguage":"it-IT","@id":"https:\/\/progettotouring.it\/radiotouring104\/2025\/12\/09\/reggio-al-cineteatro-odeon-torna-latteso-the-christmas-show\/#primaryimage","url":"https:\/\/progettotouring.it\/radiotouring104\/wp-content\/uploads\/sites\/6\/2025\/12\/Christmas-Show-Casa-Benedetta-Odeon.gif","contentUrl":"https:\/\/progettotouring.it\/radiotouring104\/wp-content\/uploads\/sites\/6\/2025\/12\/Christmas-Show-Casa-Benedetta-Odeon.gif","width":286,"height":302},{"@type":"BreadcrumbList","@id":"https:\/\/progettotouring.it\/radiotouring104\/2025\/12\/09\/reggio-al-cineteatro-odeon-torna-latteso-the-christmas-show\/#breadcrumb","itemListElement":[{"@type":"ListItem","position":1,"name":"Home","item":"https:\/\/progettotouring.it\/radiotouring104\/"},{"@type":"ListItem","position":2,"name":"Reggio: al CineTeatro Odeon torna l\u2019atteso &#8220;The Christmas Show&#8221;"}]},{"@type":"WebSite","@id":"https:\/\/progettotouring.it\/radiotouring104\/#website","url":"https:\/\/progettotouring.it\/radiotouring104\/","name":"Radio Touring 104","description":"La prima radio Reggina","publisher":{"@id":"https:\/\/progettotouring.it\/radiotouring104\/#organization"},"potentialAction":[{"@type":"SearchAction","target":{"@type":"EntryPoint","urlTemplate":"https:\/\/progettotouring.it\/radiotouring104\/?s={search_term_string}"},"query-input":{"@type":"PropertyValueSpecification","valueRequired":true,"valueName":"search_term_string"}}],"inLanguage":"it-IT"},{"@type":"Organization","@id":"https:\/\/progettotouring.it\/radiotouring104\/#organization","name":"Radio Touring 104","url":"https:\/\/progettotouring.it\/radiotouring104\/","logo":{"@type":"ImageObject","inLanguage":"it-IT","@id":"https:\/\/progettotouring.it\/radiotouring104\/#\/schema\/logo\/image\/","url":"https:\/\/progettotouring.it\/radiotouring104\/wp-content\/uploads\/sites\/6\/2022\/02\/cropped-logo-radio-touring-104.png","contentUrl":"https:\/\/progettotouring.it\/radiotouring104\/wp-content\/uploads\/sites\/6\/2022\/02\/cropped-logo-radio-touring-104.png","width":377,"height":182,"caption":"Radio Touring 104"},"image":{"@id":"https:\/\/progettotouring.it\/radiotouring104\/#\/schema\/logo\/image\/"}},{"@type":"Person","@id":"https:\/\/progettotouring.it\/radiotouring104\/#\/schema\/person\/1b3eb3c07c47136bc44c785c543e635f","name":"redazione","image":{"@type":"ImageObject","inLanguage":"it-IT","@id":"https:\/\/secure.gravatar.com\/avatar\/0b31605b49f100769e8b624b3e05de1b73e1692e9568a352f60f53fd072e6e11?s=96&d=mm&r=g","url":"https:\/\/secure.gravatar.com\/avatar\/0b31605b49f100769e8b624b3e05de1b73e1692e9568a352f60f53fd072e6e11?s=96&d=mm&r=g","contentUrl":"https:\/\/secure.gravatar.com\/avatar\/0b31605b49f100769e8b624b3e05de1b73e1692e9568a352f60f53fd072e6e11?s=96&d=mm&r=g","caption":"redazione"},"url":"https:\/\/progettotouring.it\/radiotouring104\/author\/redazione\/"}]}},"jetpack_publicize_connections":[],"jetpack_featured_media_url":"https:\/\/progettotouring.it\/radiotouring104\/wp-content\/uploads\/sites\/6\/2025\/12\/Christmas-Show-Casa-Benedetta-Odeon.gif","jetpack_sharing_enabled":true,"_links":{"self":[{"href":"https:\/\/progettotouring.it\/radiotouring104\/wp-json\/wp\/v2\/posts\/87158","targetHints":{"allow":["GET"]}}],"collection":[{"href":"https:\/\/progettotouring.it\/radiotouring104\/wp-json\/wp\/v2\/posts"}],"about":[{"href":"https:\/\/progettotouring.it\/radiotouring104\/wp-json\/wp\/v2\/types\/post"}],"author":[{"embeddable":true,"href":"https:\/\/progettotouring.it\/radiotouring104\/wp-json\/wp\/v2\/users\/5"}],"replies":[{"embeddable":true,"href":"https:\/\/progettotouring.it\/radiotouring104\/wp-json\/wp\/v2\/comments?post=87158"}],"version-history":[{"count":1,"href":"https:\/\/progettotouring.it\/radiotouring104\/wp-json\/wp\/v2\/posts\/87158\/revisions"}],"predecessor-version":[{"id":87160,"href":"https:\/\/progettotouring.it\/radiotouring104\/wp-json\/wp\/v2\/posts\/87158\/revisions\/87160"}],"wp:featuredmedia":[{"embeddable":true,"href":"https:\/\/progettotouring.it\/radiotouring104\/wp-json\/wp\/v2\/media\/87159"}],"wp:attachment":[{"href":"https:\/\/progettotouring.it\/radiotouring104\/wp-json\/wp\/v2\/media?parent=87158"}],"wp:term":[{"taxonomy":"category","embeddable":true,"href":"https:\/\/progettotouring.it\/radiotouring104\/wp-json\/wp\/v2\/categories?post=87158"},{"taxonomy":"post_tag","embeddable":true,"href":"https:\/\/progettotouring.it\/radiotouring104\/wp-json\/wp\/v2\/tags?post=87158"}],"curies":[{"name":"wp","href":"https:\/\/api.w.org\/{rel}","templated":true}]}}