{"id":87161,"date":"2025-12-09T12:14:08","date_gmt":"2025-12-09T11:14:08","guid":{"rendered":"https:\/\/progettotouring.it\/radiotouring104\/?p=87161"},"modified":"2025-12-09T12:48:29","modified_gmt":"2025-12-09T11:48:29","slug":"reggio-il-garante-siclari-segnala-barriere-architettoniche-sul-lungomare-falcomata","status":"publish","type":"post","link":"https:\/\/progettotouring.it\/radiotouring104\/2025\/12\/09\/reggio-il-garante-siclari-segnala-barriere-architettoniche-sul-lungomare-falcomata\/","title":{"rendered":"Reggio: il Garante Siclari segnala barriere architettoniche sul Lungomare &#8220;Falcomat\u00e0&#8221;"},"content":{"rendered":"<p>Riceviamo e pubblichiamo la nota stampa a firma del Garante dei diritti delle persone con disabilit\u00e0, Ernesto Siclari, sulla presenza di barriere architettoniche nel tratto finale del Lungomare Falcomat\u00e0. soggetto a lavori di riqualificazione.<\/p>\n<p>&#8220;Questo Ufficio di Garanzia, a seguito di numerose segnalazioni e richieste di intervento, ricevute nei giorni scorsi da cittadini ed associazioni, nell\u2019esercizio delle proprie funzioni istituzionali di tutela, vigilanza e promozione dei diritti delle persone con disabilit\u00e0, segnala alcune criticit\u00e0 riscontrate in esito ad un sopralluogo effettuato, ai sensi dell\u2019art. 6 della L. R. n. 29\/2022, lungo il tratto finale del Lungomare \u201cItalo Falcomat\u00e0\u201d di Reggio Calabria, oggetto di recente intervento di riqualificazione.<\/p>\n<p>Si evidenzia che dalla citata ricognizione sono emerse manifeste difformit\u00e0 rispetto alla normativa vigente in tema di accessibilit\u00e0 e abbattimento delle barriere architettoniche, in particolare rispetto a quanto stabilito:<br \/>\ndal D.M. 236\/1989, recante i requisiti tecnici necessari per garantire l\u2019accessibilit\u00e0, l\u2019adattabilit\u00e0 e la visitabilit\u00e0 degli spazi pubblici;<\/p>\n<p>dal D.P.R. 503\/1996, che disciplina l\u2019eliminazione delle barriere architettoniche negli edifici e spazi pubblici;<br \/>\ndalla Legge 104\/1992, che sancisce il principio generale di piena integrazione e partecipazione delle persone con disabilit\u00e0;<br \/>\ndalla Convenzione ONU sui Diritti delle Persone con Disabilit\u00e0, ratificata con Legge 18\/2009;<br \/>\ndalla Legge 41\/1986, che ha introdotto l\u2019obbligo per i Comuni di dotarsi del PEBA e di rispettarne i dettami;<br \/>\ndal D.P.R. 380\/2001 \u2013 Testo Unico dell\u2019Edilizia, che ribadisce l\u2019obbligo di conformit\u00e0 degli interventi edilizi e urbanistici alle normative vigenti in materia di accessibilit\u00e0 e barriere architettoniche (artt. 77\u201382).<\/p>\n<p>Orbene, le opere realizzate e gi\u00e0 fruibili dalla comunit\u00e0 si configurano poste in essere in aperto contrasto con tali disposizioni, poich\u00e9, a fronte di un solo breve tratto provvisto di rampa accessibile, il resto dello spazio pubblico osservato risulta privo di scivoli e rampe adeguate e conformi ai parametri tecnici previsti dalle norme, caratterizzato, dunque, dalla presenza di barriere architettoniche che limitano la mobilit\u00e0 delle persone con disabilit\u00e0. Inoltre l\u2019intero percorso pedonale risulta completamente sprovvisto di percorsi tattili e sensoriali, indispensabili per l\u2019orientamento e la sicurezza delle persone non vedenti e ipovedenti.<\/p>\n<p>Siffatta descritta ed accertata condizione dei luoghi incrementa il disagio che le persone con disabilit\u00e0, le loro famiglie, le associazioni e gli enti del terzo settore manifestano al Garante, attraverso le audizioni frequenti cui l&#8217;Ufficio procede settimanalmente e relativo alla impossibilit\u00e0 di condurre una vita autonoma e indipendente, diritto riconosciuto dal Legislatore ma completamente inattuato.<\/p>\n<p>Su un territorio metropolitano i cui spazi e percorsi utili ad un transito libero delle persone con difficolt\u00e0 motoria sono davvero esigui, i cui marciapiedi risultano impercorribili a causa di barriere architettoniche di ogni tipo (rifiuti, divieti di sosta non sanzionati, abusivismo e lavori di edilizia eseguiti in violazione della normativa in materia), risulta ancor pi\u00f9 inaccettabile che persino ristrutturazioni eseguite ex novo e lavori di edilizia pubblica realizzati nel 2025 non prevedano necessariamente opportune strutture in ossequio alla normativa sull&#8217;abbattimento delle barriere architettoniche, come un PEBA \u2013 Piano per l\u2019Eliminazione delle Barriere Architettoniche, strumento programmatico obbligatorio e fondamentale \u2013 dovrebbe prevedere, al fine di mappare, classificare e programmare la rimozione delle barriere presenti in edifici pubblici, spazi urbani, percorsi pedonali, aree verdi, servizi, trasporti e infrastrutture.<\/p>\n<p>Un PEBA efficacemente implementato garantisce che gli edifici pubblici e gli spazi urbani siano fruibili da tutte le persone, promuovendo inclusione sociale, mobilit\u00e0 universale e tutela del diritto all\u2019accessibilit\u00e0.<br \/>\nIl Garante invita pertanto il Comune di Reggio Calabria e gli uffici competenti a porre in essere tutte le verifiche e mettere in atto le misure necessarie per:<\/p>\n<p>\u2022 adeguare il Lungomare \u201cItalo Falcomat\u00e0\u201d ai requisiti normativi di accessibilit\u00e0 universale;<br \/>\n\u2022 installare rampe, scivoli e raccordi pienamente conformi agli standard tecnici vigenti;<br \/>\n\u2022 predisporre percorsi tattili, LOGES (Linea di Orientamento Guida E Sicurezza) e segnaletica sensoriale;<br \/>\n\u2022 verificare le responsabilit\u00e0 progettuali ed esecutive in relazione agli obblighi di legge, anche ai sensi del D.P.R. 380\/2001.<br \/>\nChiede, inoltre, si voglia informare questo Ufficio di Garanzia della Regione Calabria circa lo stato di redazione, adozione e consistenza del Piano per l\u2019Eliminazione delle Barriere Architettoniche, nonch\u00e9 la coerenza delle opere rispetto alle previsioni ivi contenute, poich\u00e9 l\u2019accessibilit\u00e0 non costituisce un elemento accessorio, ma un principio inderogabile di legalit\u00e0, equit\u00e0 e inclusione e la fruizione degli spazi pubblici deve essere garantita a tutti i cittadini, senza esclusioni.<\/p>\n<p>Il Garante, infine, conferma la propria disponibilit\u00e0 a collaborare con le istituzioni locali affinch\u00e9 ogni intervento urbanistico futuro sia sviluppato in osservanza dei principi di progettazione universale, degli obblighi previsti dal PEBA e dalla normativa nazionale e internazionale, con finalit\u00e0 di solidariet\u00e0, inclusivit\u00e0 e rispetto della dignit\u00e0 di tutti e comunica che nelle prossime giornate effettuer\u00e0 ulteriori sopralluoghi sul territorio comunale, al fine di ottemperare alle numerose istanze che continuano a pervenire dalla comunit\u00e0 pi\u00f9 fragile della citt\u00e0 dello stretto.<\/p>\n<p>In attesa di cortese riscontro, porge cordiali saluti.&#8221;, scrive nel comunicato stampa il Garante dei diritti delle persone con disabilit\u00e0, Ernesto Siclari,<\/p>\n","protected":false},"excerpt":{"rendered":"<p>Riceviamo e pubblichiamo la nota stampa a firma del Garante dei diritti delle persone con disabilit\u00e0, Ernesto Siclari, sulla presenza di barriere architettoniche nel tratto finale del Lungomare Falcomat\u00e0. soggetto&hellip;<\/p>\n","protected":false},"author":5,"featured_media":62663,"comment_status":"closed","ping_status":"open","sticky":false,"template":"","format":"standard","meta":{"_jetpack_memberships_contains_paid_content":false,"footnotes":"","jetpack_publicize_message":"","jetpack_publicize_feature_enabled":true,"jetpack_social_post_already_shared":true,"jetpack_social_options":{"image_generator_settings":{"template":"highway","default_image_id":0,"font":"","enabled":false},"version":2}},"categories":[921,150,196,140],"tags":[6796,3454,28211,304,42135],"class_list":["post-87161","post","type-post","status-publish","format-standard","has-post-thumbnail","hentry","category-home","category-in-primo-piano","category-news","category-reggio-calabria","tag-barriere-architettoniche","tag-ernesto-siclari","tag-lavori-riqualificazione","tag-lungomare-falcomata","tag-segnalazioni"],"yoast_head":"<!-- This site is optimized with the Yoast SEO plugin v27.2 - https:\/\/yoast.com\/product\/yoast-seo-wordpress\/ -->\n<title>Reggio: il Garante Disabilit\u00e0 segnala barriere sul Lungomare<\/title>\n<meta name=\"description\" content=\"Pubblichiamo la nota del Garante dei diritti delle persone con disabilit\u00e0, Ernesto Siclari, sulla presenza di barriere sul Lungomare\" \/>\n<meta name=\"robots\" content=\"index, follow, max-snippet:-1, max-image-preview:large, max-video-preview:-1\" \/>\n<link rel=\"canonical\" href=\"https:\/\/progettotouring.it\/radiotouring104\/2025\/12\/09\/reggio-il-garante-siclari-segnala-barriere-architettoniche-sul-lungomare-falcomata\/\" \/>\n<meta property=\"og:locale\" content=\"it_IT\" \/>\n<meta property=\"og:type\" content=\"article\" \/>\n<meta property=\"og:title\" content=\"Reggio: il Garante Disabilit\u00e0 segnala barriere sul Lungomare\" \/>\n<meta property=\"og:description\" content=\"Pubblichiamo la nota del Garante dei diritti delle persone con disabilit\u00e0, Ernesto Siclari, sulla presenza di barriere sul Lungomare\" \/>\n<meta property=\"og:url\" content=\"https:\/\/progettotouring.it\/radiotouring104\/2025\/12\/09\/reggio-il-garante-siclari-segnala-barriere-architettoniche-sul-lungomare-falcomata\/\" \/>\n<meta property=\"og:site_name\" content=\"Radio Touring 104\" \/>\n<meta property=\"article:published_time\" content=\"2025-12-09T11:14:08+00:00\" \/>\n<meta property=\"article:modified_time\" content=\"2025-12-09T11:48:29+00:00\" \/>\n<meta property=\"og:image\" content=\"https:\/\/progettotouring.it\/radiotouring104\/wp-content\/uploads\/sites\/6\/2024\/12\/Garante-Disabilita-Calabria-Ernesto-Siclari.jpg\" \/>\n\t<meta property=\"og:image:width\" content=\"1200\" \/>\n\t<meta property=\"og:image:height\" content=\"1600\" \/>\n\t<meta property=\"og:image:type\" content=\"image\/jpeg\" \/>\n<meta name=\"author\" content=\"redazione\" \/>\n<meta name=\"twitter:card\" content=\"summary_large_image\" \/>\n<meta name=\"twitter:label1\" content=\"Scritto da\" \/>\n\t<meta name=\"twitter:data1\" content=\"redazione\" \/>\n\t<meta name=\"twitter:label2\" content=\"Tempo di lettura stimato\" \/>\n\t<meta name=\"twitter:data2\" content=\"4 minuti\" \/>\n<script type=\"application\/ld+json\" class=\"yoast-schema-graph\">{\"@context\":\"https:\/\/schema.org\",\"@graph\":[{\"@type\":\"Article\",\"@id\":\"https:\/\/progettotouring.it\/radiotouring104\/2025\/12\/09\/reggio-il-garante-siclari-segnala-barriere-architettoniche-sul-lungomare-falcomata\/#article\",\"isPartOf\":{\"@id\":\"https:\/\/progettotouring.it\/radiotouring104\/2025\/12\/09\/reggio-il-garante-siclari-segnala-barriere-architettoniche-sul-lungomare-falcomata\/\"},\"author\":{\"name\":\"redazione\",\"@id\":\"https:\/\/progettotouring.it\/radiotouring104\/#\/schema\/person\/1b3eb3c07c47136bc44c785c543e635f\"},\"headline\":\"Reggio: il Garante Siclari segnala barriere architettoniche sul Lungomare &#8220;Falcomat\u00e0&#8221;\",\"datePublished\":\"2025-12-09T11:14:08+00:00\",\"dateModified\":\"2025-12-09T11:48:29+00:00\",\"mainEntityOfPage\":{\"@id\":\"https:\/\/progettotouring.it\/radiotouring104\/2025\/12\/09\/reggio-il-garante-siclari-segnala-barriere-architettoniche-sul-lungomare-falcomata\/\"},\"wordCount\":817,\"publisher\":{\"@id\":\"https:\/\/progettotouring.it\/radiotouring104\/#organization\"},\"image\":{\"@id\":\"https:\/\/progettotouring.it\/radiotouring104\/2025\/12\/09\/reggio-il-garante-siclari-segnala-barriere-architettoniche-sul-lungomare-falcomata\/#primaryimage\"},\"thumbnailUrl\":\"https:\/\/progettotouring.it\/radiotouring104\/wp-content\/uploads\/sites\/6\/2024\/12\/Garante-Disabilita-Calabria-Ernesto-Siclari.jpg\",\"keywords\":[\"barriere architettoniche\",\"Ernesto Siclari\",\"lavori riqualificazione\",\"lungomare falcomat\u00e0\",\"segnalazioni\"],\"articleSection\":[\"Home\",\"In primo piano\",\"News\",\"Reggio Calabria\"],\"inLanguage\":\"it-IT\"},{\"@type\":\"WebPage\",\"@id\":\"https:\/\/progettotouring.it\/radiotouring104\/2025\/12\/09\/reggio-il-garante-siclari-segnala-barriere-architettoniche-sul-lungomare-falcomata\/\",\"url\":\"https:\/\/progettotouring.it\/radiotouring104\/2025\/12\/09\/reggio-il-garante-siclari-segnala-barriere-architettoniche-sul-lungomare-falcomata\/\",\"name\":\"Reggio: il Garante Disabilit\u00e0 segnala barriere sul Lungomare\",\"isPartOf\":{\"@id\":\"https:\/\/progettotouring.it\/radiotouring104\/#website\"},\"primaryImageOfPage\":{\"@id\":\"https:\/\/progettotouring.it\/radiotouring104\/2025\/12\/09\/reggio-il-garante-siclari-segnala-barriere-architettoniche-sul-lungomare-falcomata\/#primaryimage\"},\"image\":{\"@id\":\"https:\/\/progettotouring.it\/radiotouring104\/2025\/12\/09\/reggio-il-garante-siclari-segnala-barriere-architettoniche-sul-lungomare-falcomata\/#primaryimage\"},\"thumbnailUrl\":\"https:\/\/progettotouring.it\/radiotouring104\/wp-content\/uploads\/sites\/6\/2024\/12\/Garante-Disabilita-Calabria-Ernesto-Siclari.jpg\",\"datePublished\":\"2025-12-09T11:14:08+00:00\",\"dateModified\":\"2025-12-09T11:48:29+00:00\",\"description\":\"Pubblichiamo la nota del Garante dei diritti delle persone con disabilit\u00e0, Ernesto Siclari, sulla presenza di barriere sul Lungomare\",\"breadcrumb\":{\"@id\":\"https:\/\/progettotouring.it\/radiotouring104\/2025\/12\/09\/reggio-il-garante-siclari-segnala-barriere-architettoniche-sul-lungomare-falcomata\/#breadcrumb\"},\"inLanguage\":\"it-IT\",\"potentialAction\":[{\"@type\":\"ReadAction\",\"target\":[\"https:\/\/progettotouring.it\/radiotouring104\/2025\/12\/09\/reggio-il-garante-siclari-segnala-barriere-architettoniche-sul-lungomare-falcomata\/\"]}]},{\"@type\":\"ImageObject\",\"inLanguage\":\"it-IT\",\"@id\":\"https:\/\/progettotouring.it\/radiotouring104\/2025\/12\/09\/reggio-il-garante-siclari-segnala-barriere-architettoniche-sul-lungomare-falcomata\/#primaryimage\",\"url\":\"https:\/\/progettotouring.it\/radiotouring104\/wp-content\/uploads\/sites\/6\/2024\/12\/Garante-Disabilita-Calabria-Ernesto-Siclari.jpg\",\"contentUrl\":\"https:\/\/progettotouring.it\/radiotouring104\/wp-content\/uploads\/sites\/6\/2024\/12\/Garante-Disabilita-Calabria-Ernesto-Siclari.jpg\",\"width\":1200,\"height\":1600},{\"@type\":\"BreadcrumbList\",\"@id\":\"https:\/\/progettotouring.it\/radiotouring104\/2025\/12\/09\/reggio-il-garante-siclari-segnala-barriere-architettoniche-sul-lungomare-falcomata\/#breadcrumb\",\"itemListElement\":[{\"@type\":\"ListItem\",\"position\":1,\"name\":\"Home\",\"item\":\"https:\/\/progettotouring.it\/radiotouring104\/\"},{\"@type\":\"ListItem\",\"position\":2,\"name\":\"Reggio: il Garante Siclari segnala barriere architettoniche sul Lungomare &#8220;Falcomat\u00e0&#8221;\"}]},{\"@type\":\"WebSite\",\"@id\":\"https:\/\/progettotouring.it\/radiotouring104\/#website\",\"url\":\"https:\/\/progettotouring.it\/radiotouring104\/\",\"name\":\"Radio Touring 104\",\"description\":\"La prima radio Reggina\",\"publisher\":{\"@id\":\"https:\/\/progettotouring.it\/radiotouring104\/#organization\"},\"potentialAction\":[{\"@type\":\"SearchAction\",\"target\":{\"@type\":\"EntryPoint\",\"urlTemplate\":\"https:\/\/progettotouring.it\/radiotouring104\/?s={search_term_string}\"},\"query-input\":{\"@type\":\"PropertyValueSpecification\",\"valueRequired\":true,\"valueName\":\"search_term_string\"}}],\"inLanguage\":\"it-IT\"},{\"@type\":\"Organization\",\"@id\":\"https:\/\/progettotouring.it\/radiotouring104\/#organization\",\"name\":\"Radio Touring 104\",\"url\":\"https:\/\/progettotouring.it\/radiotouring104\/\",\"logo\":{\"@type\":\"ImageObject\",\"inLanguage\":\"it-IT\",\"@id\":\"https:\/\/progettotouring.it\/radiotouring104\/#\/schema\/logo\/image\/\",\"url\":\"https:\/\/progettotouring.it\/radiotouring104\/wp-content\/uploads\/sites\/6\/2022\/02\/cropped-logo-radio-touring-104.png\",\"contentUrl\":\"https:\/\/progettotouring.it\/radiotouring104\/wp-content\/uploads\/sites\/6\/2022\/02\/cropped-logo-radio-touring-104.png\",\"width\":377,\"height\":182,\"caption\":\"Radio Touring 104\"},\"image\":{\"@id\":\"https:\/\/progettotouring.it\/radiotouring104\/#\/schema\/logo\/image\/\"}},{\"@type\":\"Person\",\"@id\":\"https:\/\/progettotouring.it\/radiotouring104\/#\/schema\/person\/1b3eb3c07c47136bc44c785c543e635f\",\"name\":\"redazione\",\"image\":{\"@type\":\"ImageObject\",\"inLanguage\":\"it-IT\",\"@id\":\"https:\/\/secure.gravatar.com\/avatar\/0b31605b49f100769e8b624b3e05de1b73e1692e9568a352f60f53fd072e6e11?s=96&d=mm&r=g\",\"url\":\"https:\/\/secure.gravatar.com\/avatar\/0b31605b49f100769e8b624b3e05de1b73e1692e9568a352f60f53fd072e6e11?s=96&d=mm&r=g\",\"contentUrl\":\"https:\/\/secure.gravatar.com\/avatar\/0b31605b49f100769e8b624b3e05de1b73e1692e9568a352f60f53fd072e6e11?s=96&d=mm&r=g\",\"caption\":\"redazione\"},\"url\":\"https:\/\/progettotouring.it\/radiotouring104\/author\/redazione\/\"}]}<\/script>\n<!-- \/ Yoast SEO plugin. -->","yoast_head_json":{"title":"Reggio: il Garante Disabilit\u00e0 segnala barriere sul Lungomare","description":"Pubblichiamo la nota del Garante dei diritti delle persone con disabilit\u00e0, Ernesto Siclari, sulla presenza di barriere sul Lungomare","robots":{"index":"index","follow":"follow","max-snippet":"max-snippet:-1","max-image-preview":"max-image-preview:large","max-video-preview":"max-video-preview:-1"},"canonical":"https:\/\/progettotouring.it\/radiotouring104\/2025\/12\/09\/reggio-il-garante-siclari-segnala-barriere-architettoniche-sul-lungomare-falcomata\/","og_locale":"it_IT","og_type":"article","og_title":"Reggio: il Garante Disabilit\u00e0 segnala barriere sul Lungomare","og_description":"Pubblichiamo la nota del Garante dei diritti delle persone con disabilit\u00e0, Ernesto Siclari, sulla presenza di barriere sul Lungomare","og_url":"https:\/\/progettotouring.it\/radiotouring104\/2025\/12\/09\/reggio-il-garante-siclari-segnala-barriere-architettoniche-sul-lungomare-falcomata\/","og_site_name":"Radio Touring 104","article_published_time":"2025-12-09T11:14:08+00:00","article_modified_time":"2025-12-09T11:48:29+00:00","og_image":[{"width":1200,"height":1600,"url":"https:\/\/progettotouring.it\/radiotouring104\/wp-content\/uploads\/sites\/6\/2024\/12\/Garante-Disabilita-Calabria-Ernesto-Siclari.jpg","type":"image\/jpeg"}],"author":"redazione","twitter_card":"summary_large_image","twitter_misc":{"Scritto da":"redazione","Tempo di lettura stimato":"4 minuti"},"schema":{"@context":"https:\/\/schema.org","@graph":[{"@type":"Article","@id":"https:\/\/progettotouring.it\/radiotouring104\/2025\/12\/09\/reggio-il-garante-siclari-segnala-barriere-architettoniche-sul-lungomare-falcomata\/#article","isPartOf":{"@id":"https:\/\/progettotouring.it\/radiotouring104\/2025\/12\/09\/reggio-il-garante-siclari-segnala-barriere-architettoniche-sul-lungomare-falcomata\/"},"author":{"name":"redazione","@id":"https:\/\/progettotouring.it\/radiotouring104\/#\/schema\/person\/1b3eb3c07c47136bc44c785c543e635f"},"headline":"Reggio: il Garante Siclari segnala barriere architettoniche sul Lungomare &#8220;Falcomat\u00e0&#8221;","datePublished":"2025-12-09T11:14:08+00:00","dateModified":"2025-12-09T11:48:29+00:00","mainEntityOfPage":{"@id":"https:\/\/progettotouring.it\/radiotouring104\/2025\/12\/09\/reggio-il-garante-siclari-segnala-barriere-architettoniche-sul-lungomare-falcomata\/"},"wordCount":817,"publisher":{"@id":"https:\/\/progettotouring.it\/radiotouring104\/#organization"},"image":{"@id":"https:\/\/progettotouring.it\/radiotouring104\/2025\/12\/09\/reggio-il-garante-siclari-segnala-barriere-architettoniche-sul-lungomare-falcomata\/#primaryimage"},"thumbnailUrl":"https:\/\/progettotouring.it\/radiotouring104\/wp-content\/uploads\/sites\/6\/2024\/12\/Garante-Disabilita-Calabria-Ernesto-Siclari.jpg","keywords":["barriere architettoniche","Ernesto Siclari","lavori riqualificazione","lungomare falcomat\u00e0","segnalazioni"],"articleSection":["Home","In primo piano","News","Reggio Calabria"],"inLanguage":"it-IT"},{"@type":"WebPage","@id":"https:\/\/progettotouring.it\/radiotouring104\/2025\/12\/09\/reggio-il-garante-siclari-segnala-barriere-architettoniche-sul-lungomare-falcomata\/","url":"https:\/\/progettotouring.it\/radiotouring104\/2025\/12\/09\/reggio-il-garante-siclari-segnala-barriere-architettoniche-sul-lungomare-falcomata\/","name":"Reggio: il Garante Disabilit\u00e0 segnala barriere sul Lungomare","isPartOf":{"@id":"https:\/\/progettotouring.it\/radiotouring104\/#website"},"primaryImageOfPage":{"@id":"https:\/\/progettotouring.it\/radiotouring104\/2025\/12\/09\/reggio-il-garante-siclari-segnala-barriere-architettoniche-sul-lungomare-falcomata\/#primaryimage"},"image":{"@id":"https:\/\/progettotouring.it\/radiotouring104\/2025\/12\/09\/reggio-il-garante-siclari-segnala-barriere-architettoniche-sul-lungomare-falcomata\/#primaryimage"},"thumbnailUrl":"https:\/\/progettotouring.it\/radiotouring104\/wp-content\/uploads\/sites\/6\/2024\/12\/Garante-Disabilita-Calabria-Ernesto-Siclari.jpg","datePublished":"2025-12-09T11:14:08+00:00","dateModified":"2025-12-09T11:48:29+00:00","description":"Pubblichiamo la nota del Garante dei diritti delle persone con disabilit\u00e0, Ernesto Siclari, sulla presenza di barriere sul Lungomare","breadcrumb":{"@id":"https:\/\/progettotouring.it\/radiotouring104\/2025\/12\/09\/reggio-il-garante-siclari-segnala-barriere-architettoniche-sul-lungomare-falcomata\/#breadcrumb"},"inLanguage":"it-IT","potentialAction":[{"@type":"ReadAction","target":["https:\/\/progettotouring.it\/radiotouring104\/2025\/12\/09\/reggio-il-garante-siclari-segnala-barriere-architettoniche-sul-lungomare-falcomata\/"]}]},{"@type":"ImageObject","inLanguage":"it-IT","@id":"https:\/\/progettotouring.it\/radiotouring104\/2025\/12\/09\/reggio-il-garante-siclari-segnala-barriere-architettoniche-sul-lungomare-falcomata\/#primaryimage","url":"https:\/\/progettotouring.it\/radiotouring104\/wp-content\/uploads\/sites\/6\/2024\/12\/Garante-Disabilita-Calabria-Ernesto-Siclari.jpg","contentUrl":"https:\/\/progettotouring.it\/radiotouring104\/wp-content\/uploads\/sites\/6\/2024\/12\/Garante-Disabilita-Calabria-Ernesto-Siclari.jpg","width":1200,"height":1600},{"@type":"BreadcrumbList","@id":"https:\/\/progettotouring.it\/radiotouring104\/2025\/12\/09\/reggio-il-garante-siclari-segnala-barriere-architettoniche-sul-lungomare-falcomata\/#breadcrumb","itemListElement":[{"@type":"ListItem","position":1,"name":"Home","item":"https:\/\/progettotouring.it\/radiotouring104\/"},{"@type":"ListItem","position":2,"name":"Reggio: il Garante Siclari segnala barriere architettoniche sul Lungomare &#8220;Falcomat\u00e0&#8221;"}]},{"@type":"WebSite","@id":"https:\/\/progettotouring.it\/radiotouring104\/#website","url":"https:\/\/progettotouring.it\/radiotouring104\/","name":"Radio Touring 104","description":"La prima radio Reggina","publisher":{"@id":"https:\/\/progettotouring.it\/radiotouring104\/#organization"},"potentialAction":[{"@type":"SearchAction","target":{"@type":"EntryPoint","urlTemplate":"https:\/\/progettotouring.it\/radiotouring104\/?s={search_term_string}"},"query-input":{"@type":"PropertyValueSpecification","valueRequired":true,"valueName":"search_term_string"}}],"inLanguage":"it-IT"},{"@type":"Organization","@id":"https:\/\/progettotouring.it\/radiotouring104\/#organization","name":"Radio Touring 104","url":"https:\/\/progettotouring.it\/radiotouring104\/","logo":{"@type":"ImageObject","inLanguage":"it-IT","@id":"https:\/\/progettotouring.it\/radiotouring104\/#\/schema\/logo\/image\/","url":"https:\/\/progettotouring.it\/radiotouring104\/wp-content\/uploads\/sites\/6\/2022\/02\/cropped-logo-radio-touring-104.png","contentUrl":"https:\/\/progettotouring.it\/radiotouring104\/wp-content\/uploads\/sites\/6\/2022\/02\/cropped-logo-radio-touring-104.png","width":377,"height":182,"caption":"Radio Touring 104"},"image":{"@id":"https:\/\/progettotouring.it\/radiotouring104\/#\/schema\/logo\/image\/"}},{"@type":"Person","@id":"https:\/\/progettotouring.it\/radiotouring104\/#\/schema\/person\/1b3eb3c07c47136bc44c785c543e635f","name":"redazione","image":{"@type":"ImageObject","inLanguage":"it-IT","@id":"https:\/\/secure.gravatar.com\/avatar\/0b31605b49f100769e8b624b3e05de1b73e1692e9568a352f60f53fd072e6e11?s=96&d=mm&r=g","url":"https:\/\/secure.gravatar.com\/avatar\/0b31605b49f100769e8b624b3e05de1b73e1692e9568a352f60f53fd072e6e11?s=96&d=mm&r=g","contentUrl":"https:\/\/secure.gravatar.com\/avatar\/0b31605b49f100769e8b624b3e05de1b73e1692e9568a352f60f53fd072e6e11?s=96&d=mm&r=g","caption":"redazione"},"url":"https:\/\/progettotouring.it\/radiotouring104\/author\/redazione\/"}]}},"jetpack_publicize_connections":[],"jetpack_featured_media_url":"https:\/\/progettotouring.it\/radiotouring104\/wp-content\/uploads\/sites\/6\/2024\/12\/Garante-Disabilita-Calabria-Ernesto-Siclari.jpg","jetpack_sharing_enabled":true,"_links":{"self":[{"href":"https:\/\/progettotouring.it\/radiotouring104\/wp-json\/wp\/v2\/posts\/87161","targetHints":{"allow":["GET"]}}],"collection":[{"href":"https:\/\/progettotouring.it\/radiotouring104\/wp-json\/wp\/v2\/posts"}],"about":[{"href":"https:\/\/progettotouring.it\/radiotouring104\/wp-json\/wp\/v2\/types\/post"}],"author":[{"embeddable":true,"href":"https:\/\/progettotouring.it\/radiotouring104\/wp-json\/wp\/v2\/users\/5"}],"replies":[{"embeddable":true,"href":"https:\/\/progettotouring.it\/radiotouring104\/wp-json\/wp\/v2\/comments?post=87161"}],"version-history":[{"count":1,"href":"https:\/\/progettotouring.it\/radiotouring104\/wp-json\/wp\/v2\/posts\/87161\/revisions"}],"predecessor-version":[{"id":87162,"href":"https:\/\/progettotouring.it\/radiotouring104\/wp-json\/wp\/v2\/posts\/87161\/revisions\/87162"}],"wp:featuredmedia":[{"embeddable":true,"href":"https:\/\/progettotouring.it\/radiotouring104\/wp-json\/wp\/v2\/media\/62663"}],"wp:attachment":[{"href":"https:\/\/progettotouring.it\/radiotouring104\/wp-json\/wp\/v2\/media?parent=87161"}],"wp:term":[{"taxonomy":"category","embeddable":true,"href":"https:\/\/progettotouring.it\/radiotouring104\/wp-json\/wp\/v2\/categories?post=87161"},{"taxonomy":"post_tag","embeddable":true,"href":"https:\/\/progettotouring.it\/radiotouring104\/wp-json\/wp\/v2\/tags?post=87161"}],"curies":[{"name":"wp","href":"https:\/\/api.w.org\/{rel}","templated":true}]}}