{"id":87164,"date":"2025-12-09T12:21:31","date_gmt":"2025-12-09T11:21:31","guid":{"rendered":"https:\/\/progettotouring.it\/radiotouring104\/?p=87164"},"modified":"2025-12-09T12:46:23","modified_gmt":"2025-12-09T11:46:23","slug":"reggio-estinto-il-debito-dellatam-si-apre-una-nuova-stagione-di-crescita-per-lazienda","status":"publish","type":"post","link":"https:\/\/progettotouring.it\/radiotouring104\/2025\/12\/09\/reggio-estinto-il-debito-dellatam-si-apre-una-nuova-stagione-di-crescita-per-lazienda\/","title":{"rendered":"Reggio: estinto il debito dell&#8217;Atam. Si apre una nuova stagione di crescita per l&#8217;azienda"},"content":{"rendered":"<p><strong>Estinto il debito di Atam: si apre una nuova stagione di crescita per l&#8217;azienda titolare del trasporto pubblico a Reggio Calabria<br \/>\n<\/strong><br \/>\n<em>La soddisfazione del sindaco Falcomat\u00e0: &#8220;Nel 2014 azienda era gi\u00e0 in fallimento. Abbiamo evitato un dramma per 300 famiglie e raggiunto risultati impensabili negli ultimi 11 anni. Ora si apre una nuova fase di crescita che guarda all&#8217;intero comprensorio metropolitano&#8221;<br \/>\n<\/em><br \/>\nNei giorni scorsi \u00e8 stata pagata l\u2019ultima rata del piano di rientro per il ripiano del debito proveniente dalle precedenti gestioni di Atam, societ\u00e0 titolare del servizio di Trasporto Pubblico Locale per la Citt\u00e0 di Reggio Calabria. A darne notizia in una nota \u00e8 il sindaco di Reggio Calabria Giuseppe Falcomat\u00e0 che ha espresso soddisfazione per l&#8217;importante risultato raggiunto che apre una nuova stagione per gli investimenti e la crescita dell&#8217;azienda e del servizio di trasporto pubblico sul territorio di Reggio Calabria.<\/p>\n<p>&#8220;Undici anni fa Atam era praticamente gi\u00e0 fallita &#8211; spiega Falcomat\u00e0 &#8211; grazie alla lungimiranza della nostra Amministrazione siamo riusciti ad evitare il peggio ed avviare un percorso di risanamento che, con il supporto dei dipendenti e del management aziendale, ha raggiunto risultati straordinari in questi anni. Eravamo nel baratro, oggi siamo un esempio di corretta gestione e di efficientamento dei servizi, con una delle flotte pi\u00f9 moderne in Italia, con investimenti importanti sull&#8217;elettrico e sulle energie rinnovabili, che consentono di abbattere i costi ed erogare servizi sempre pi\u00f9 puntuali e capillari. E&#8217; un risultato che era impensabile quando abbiamo iniziato e che oggi \u00e8 una bellissima realt\u00e0 a disposizione dell&#8217;intera comunit\u00e0 cittadina&#8221;<\/p>\n<p>Il piano di rientro, definito con la cosiddetta \u201crottamazione quater\u201d, sul debito pregresso, \u00e8 quindi definitivamente estinto. Gi\u00e0 a partire dal prossimo mese le risorse in passato accantonate ed utilizzate ogni anno per fare fronte alla voragine ereditata, saranno disponibili per sostenere gli investimenti aziendali, e rendere Atam ancora pi\u00f9 moderna ed attrezzata per il servizio pubblico, e per recuperare quanto in questi anni \u00e8 stato tralasciato per gli impegni assunti con l\u2019Agenzia delle Entrate, gli Enti previdenziali ed i fornitori. Il debito originario, alla data delle prime rateizzazioni, ammontava complessivamente a ben 37 milioni di euro (per l&#8217;Erario 24 milioni, INPS per 3 milioni, 4 milioni per TFR e 6 milioni per i fornitori).<\/p>\n<p>Gli anni di imposta a cui si riferiva la debitoria sono quelli antecedenti all\u2019istanza di fallimento avanzata dalla Procura di Reggio Calabria nel 2014, che solo l\u2019azione dell&#8217;Amministrazione comunale guidata dal Giuseppe Falcomat\u00e0 ha evitato che si traducesse nel definitivo default, che avrebbe rappresentato un dramma per 300 famiglie reggine, oltre che un pesante blackout per il servizio di trasporto pubblico cittadino.<\/p>\n<p>&#8220;Quella che scriviamo oggi &#8211; ha affermato il sindaco &#8211; \u00e8 una pagina positiva per l\u2019Azienda, per la Citt\u00e0 e l\u2019intera comunit\u00e0 reggina, che adesso pu\u00f2 contare su un sistema di mobilit\u00e0 in salute e pronto ad affrontare gli scenari futuri che stiamo programmando insieme all&#8217;Azienda. Un ringraziamento \u00e8 rivolto al Consiglio d&#8217;Amministrazione, a tutta la governance e soprattutto ai dipendenti di Atam, che in questi anni hanno affrontato con grande senso di responsabilit\u00e0 ed appartenenza anche le sfide pi\u00f9 delicate. Oggi Atam \u00e8 un&#8217;azienda sana, moderna, dinamica e soprattutto in crescita. Gli ultimi investimenti programmati, che stanno gi\u00e0 determinando importanti frutti in termini di miglioramento del servizio, lo dimostrano pienamente. Ci mettiamo definitivamente alle spalle una stagione di sacrifici ed entriamo in una fase di espansione che vuole andare anche oltre i confini comunali. Per farlo &#8211; ha concluso Falcomat\u00e0 &#8211; \u00e8 necessario intervenire anche sul livello regionale, aumentando l&#8217;ammontare complessivo dei chilometri previsti dal contratto di servizio con la Regione, per consentire l&#8217;attivazione di nuove linee e di collegare meglio l&#8217;intero comprensorio metropolitano, anche grazie ai nuovi mezzi e alle dotazioni aziendali che abbiamo recentemente acquistato&#8221;.<\/p>\n<p>&nbsp;<\/p>\n","protected":false},"excerpt":{"rendered":"<p>Estinto il debito di Atam: si apre una nuova stagione di crescita per l&#8217;azienda titolare del trasporto pubblico a Reggio Calabria La soddisfazione del sindaco Falcomat\u00e0: &#8220;Nel 2014 azienda era&hellip;<\/p>\n","protected":false},"author":5,"featured_media":55807,"comment_status":"closed","ping_status":"open","sticky":false,"template":"","format":"standard","meta":{"_jetpack_memberships_contains_paid_content":false,"footnotes":"","jetpack_publicize_message":"","jetpack_publicize_feature_enabled":true,"jetpack_social_post_already_shared":true,"jetpack_social_options":{"image_generator_settings":{"template":"highway","default_image_id":0,"font":"","enabled":false},"version":2}},"categories":[921,150,196,140],"tags":[49423,49426,30465,49427,49425,49428,49424],"class_list":["post-87164","post","type-post","status-publish","format-standard","has-post-thumbnail","hentry","category-home","category-in-primo-piano","category-news","category-reggio-calabria","tag-estinto-il-debito-dellatam","tag-evitato-un-dramma-per-300-famiglie","tag-falcomata-giuseppe","tag-in-11-anni","tag-nel-2014-azienda-era-gia-in-fallimento","tag-raggiunti-risultati-impensabili","tag-si-apre-una-nuova-stagione-di-crescita-per-lazienda"],"yoast_head":"<!-- This site is optimized with the Yoast SEO plugin v27.2 - https:\/\/yoast.com\/product\/yoast-seo-wordpress\/ -->\n<title>Reggio: estinto il debito dell&#039;Atam<\/title>\n<meta name=\"description\" content=\"&quot;Nel 2014 azienda era gi\u00e0 in fallimento. Evitato un dramma per 300 famiglie. In 11 anni, raggiunti risultati impensabili&quot;, dichiara Falcomat\u00e0\" \/>\n<meta name=\"robots\" content=\"index, follow, max-snippet:-1, max-image-preview:large, max-video-preview:-1\" \/>\n<link rel=\"canonical\" href=\"https:\/\/progettotouring.it\/radiotouring104\/2025\/12\/09\/reggio-estinto-il-debito-dellatam-si-apre-una-nuova-stagione-di-crescita-per-lazienda\/\" \/>\n<meta property=\"og:locale\" content=\"it_IT\" \/>\n<meta property=\"og:type\" content=\"article\" \/>\n<meta property=\"og:title\" content=\"Reggio: estinto il debito dell&#039;Atam\" \/>\n<meta property=\"og:description\" content=\"&quot;Nel 2014 azienda era gi\u00e0 in fallimento. Evitato un dramma per 300 famiglie. In 11 anni, raggiunti risultati impensabili&quot;, dichiara Falcomat\u00e0\" \/>\n<meta property=\"og:url\" content=\"https:\/\/progettotouring.it\/radiotouring104\/2025\/12\/09\/reggio-estinto-il-debito-dellatam-si-apre-una-nuova-stagione-di-crescita-per-lazienda\/\" \/>\n<meta property=\"og:site_name\" content=\"Radio Touring 104\" \/>\n<meta property=\"article:published_time\" content=\"2025-12-09T11:21:31+00:00\" \/>\n<meta property=\"article:modified_time\" content=\"2025-12-09T11:46:23+00:00\" \/>\n<meta property=\"og:image\" content=\"https:\/\/progettotouring.it\/radiotouring104\/wp-content\/uploads\/sites\/6\/2024\/07\/bus-full-electric-ATAM.jpeg\" \/>\n\t<meta property=\"og:image:width\" content=\"2048\" \/>\n\t<meta property=\"og:image:height\" content=\"2048\" \/>\n\t<meta property=\"og:image:type\" content=\"image\/jpeg\" \/>\n<meta name=\"author\" content=\"redazione\" \/>\n<meta name=\"twitter:card\" content=\"summary_large_image\" \/>\n<meta name=\"twitter:label1\" content=\"Scritto da\" \/>\n\t<meta name=\"twitter:data1\" content=\"redazione\" \/>\n\t<meta name=\"twitter:label2\" content=\"Tempo di lettura stimato\" \/>\n\t<meta name=\"twitter:data2\" content=\"3 minuti\" \/>\n<script type=\"application\/ld+json\" class=\"yoast-schema-graph\">{\"@context\":\"https:\/\/schema.org\",\"@graph\":[{\"@type\":\"Article\",\"@id\":\"https:\/\/progettotouring.it\/radiotouring104\/2025\/12\/09\/reggio-estinto-il-debito-dellatam-si-apre-una-nuova-stagione-di-crescita-per-lazienda\/#article\",\"isPartOf\":{\"@id\":\"https:\/\/progettotouring.it\/radiotouring104\/2025\/12\/09\/reggio-estinto-il-debito-dellatam-si-apre-una-nuova-stagione-di-crescita-per-lazienda\/\"},\"author\":{\"name\":\"redazione\",\"@id\":\"https:\/\/progettotouring.it\/radiotouring104\/#\/schema\/person\/1b3eb3c07c47136bc44c785c543e635f\"},\"headline\":\"Reggio: estinto il debito dell&#8217;Atam. Si apre una nuova stagione di crescita per l&#8217;azienda\",\"datePublished\":\"2025-12-09T11:21:31+00:00\",\"dateModified\":\"2025-12-09T11:46:23+00:00\",\"mainEntityOfPage\":{\"@id\":\"https:\/\/progettotouring.it\/radiotouring104\/2025\/12\/09\/reggio-estinto-il-debito-dellatam-si-apre-una-nuova-stagione-di-crescita-per-lazienda\/\"},\"wordCount\":623,\"publisher\":{\"@id\":\"https:\/\/progettotouring.it\/radiotouring104\/#organization\"},\"image\":{\"@id\":\"https:\/\/progettotouring.it\/radiotouring104\/2025\/12\/09\/reggio-estinto-il-debito-dellatam-si-apre-una-nuova-stagione-di-crescita-per-lazienda\/#primaryimage\"},\"thumbnailUrl\":\"https:\/\/progettotouring.it\/radiotouring104\/wp-content\/uploads\/sites\/6\/2024\/07\/bus-full-electric-ATAM.jpeg\",\"keywords\":[\"estinto il debito dell'Atam\",\"Evitato un dramma per 300 famiglie.\",\"Falcomat\u00e0 Giuseppe\",\"In 11 anni\",\"Nel 2014 azienda era gi\u00e0 in fallimento.\",\"raggiunti risultati impensabili\",\"Si apre una nuova stagione di crescita per l'azienda\"],\"articleSection\":[\"Home\",\"In primo piano\",\"News\",\"Reggio Calabria\"],\"inLanguage\":\"it-IT\"},{\"@type\":\"WebPage\",\"@id\":\"https:\/\/progettotouring.it\/radiotouring104\/2025\/12\/09\/reggio-estinto-il-debito-dellatam-si-apre-una-nuova-stagione-di-crescita-per-lazienda\/\",\"url\":\"https:\/\/progettotouring.it\/radiotouring104\/2025\/12\/09\/reggio-estinto-il-debito-dellatam-si-apre-una-nuova-stagione-di-crescita-per-lazienda\/\",\"name\":\"Reggio: estinto il debito dell'Atam\",\"isPartOf\":{\"@id\":\"https:\/\/progettotouring.it\/radiotouring104\/#website\"},\"primaryImageOfPage\":{\"@id\":\"https:\/\/progettotouring.it\/radiotouring104\/2025\/12\/09\/reggio-estinto-il-debito-dellatam-si-apre-una-nuova-stagione-di-crescita-per-lazienda\/#primaryimage\"},\"image\":{\"@id\":\"https:\/\/progettotouring.it\/radiotouring104\/2025\/12\/09\/reggio-estinto-il-debito-dellatam-si-apre-una-nuova-stagione-di-crescita-per-lazienda\/#primaryimage\"},\"thumbnailUrl\":\"https:\/\/progettotouring.it\/radiotouring104\/wp-content\/uploads\/sites\/6\/2024\/07\/bus-full-electric-ATAM.jpeg\",\"datePublished\":\"2025-12-09T11:21:31+00:00\",\"dateModified\":\"2025-12-09T11:46:23+00:00\",\"description\":\"\\\"Nel 2014 azienda era gi\u00e0 in fallimento. Evitato un dramma per 300 famiglie. In 11 anni, raggiunti risultati impensabili\\\", dichiara Falcomat\u00e0\",\"breadcrumb\":{\"@id\":\"https:\/\/progettotouring.it\/radiotouring104\/2025\/12\/09\/reggio-estinto-il-debito-dellatam-si-apre-una-nuova-stagione-di-crescita-per-lazienda\/#breadcrumb\"},\"inLanguage\":\"it-IT\",\"potentialAction\":[{\"@type\":\"ReadAction\",\"target\":[\"https:\/\/progettotouring.it\/radiotouring104\/2025\/12\/09\/reggio-estinto-il-debito-dellatam-si-apre-una-nuova-stagione-di-crescita-per-lazienda\/\"]}]},{\"@type\":\"ImageObject\",\"inLanguage\":\"it-IT\",\"@id\":\"https:\/\/progettotouring.it\/radiotouring104\/2025\/12\/09\/reggio-estinto-il-debito-dellatam-si-apre-una-nuova-stagione-di-crescita-per-lazienda\/#primaryimage\",\"url\":\"https:\/\/progettotouring.it\/radiotouring104\/wp-content\/uploads\/sites\/6\/2024\/07\/bus-full-electric-ATAM.jpeg\",\"contentUrl\":\"https:\/\/progettotouring.it\/radiotouring104\/wp-content\/uploads\/sites\/6\/2024\/07\/bus-full-electric-ATAM.jpeg\",\"width\":2048,\"height\":2048},{\"@type\":\"BreadcrumbList\",\"@id\":\"https:\/\/progettotouring.it\/radiotouring104\/2025\/12\/09\/reggio-estinto-il-debito-dellatam-si-apre-una-nuova-stagione-di-crescita-per-lazienda\/#breadcrumb\",\"itemListElement\":[{\"@type\":\"ListItem\",\"position\":1,\"name\":\"Home\",\"item\":\"https:\/\/progettotouring.it\/radiotouring104\/\"},{\"@type\":\"ListItem\",\"position\":2,\"name\":\"Reggio: estinto il debito dell&#8217;Atam. Si apre una nuova stagione di crescita per l&#8217;azienda\"}]},{\"@type\":\"WebSite\",\"@id\":\"https:\/\/progettotouring.it\/radiotouring104\/#website\",\"url\":\"https:\/\/progettotouring.it\/radiotouring104\/\",\"name\":\"Radio Touring 104\",\"description\":\"La prima radio Reggina\",\"publisher\":{\"@id\":\"https:\/\/progettotouring.it\/radiotouring104\/#organization\"},\"potentialAction\":[{\"@type\":\"SearchAction\",\"target\":{\"@type\":\"EntryPoint\",\"urlTemplate\":\"https:\/\/progettotouring.it\/radiotouring104\/?s={search_term_string}\"},\"query-input\":{\"@type\":\"PropertyValueSpecification\",\"valueRequired\":true,\"valueName\":\"search_term_string\"}}],\"inLanguage\":\"it-IT\"},{\"@type\":\"Organization\",\"@id\":\"https:\/\/progettotouring.it\/radiotouring104\/#organization\",\"name\":\"Radio Touring 104\",\"url\":\"https:\/\/progettotouring.it\/radiotouring104\/\",\"logo\":{\"@type\":\"ImageObject\",\"inLanguage\":\"it-IT\",\"@id\":\"https:\/\/progettotouring.it\/radiotouring104\/#\/schema\/logo\/image\/\",\"url\":\"https:\/\/progettotouring.it\/radiotouring104\/wp-content\/uploads\/sites\/6\/2022\/02\/cropped-logo-radio-touring-104.png\",\"contentUrl\":\"https:\/\/progettotouring.it\/radiotouring104\/wp-content\/uploads\/sites\/6\/2022\/02\/cropped-logo-radio-touring-104.png\",\"width\":377,\"height\":182,\"caption\":\"Radio Touring 104\"},\"image\":{\"@id\":\"https:\/\/progettotouring.it\/radiotouring104\/#\/schema\/logo\/image\/\"}},{\"@type\":\"Person\",\"@id\":\"https:\/\/progettotouring.it\/radiotouring104\/#\/schema\/person\/1b3eb3c07c47136bc44c785c543e635f\",\"name\":\"redazione\",\"image\":{\"@type\":\"ImageObject\",\"inLanguage\":\"it-IT\",\"@id\":\"https:\/\/secure.gravatar.com\/avatar\/0b31605b49f100769e8b624b3e05de1b73e1692e9568a352f60f53fd072e6e11?s=96&d=mm&r=g\",\"url\":\"https:\/\/secure.gravatar.com\/avatar\/0b31605b49f100769e8b624b3e05de1b73e1692e9568a352f60f53fd072e6e11?s=96&d=mm&r=g\",\"contentUrl\":\"https:\/\/secure.gravatar.com\/avatar\/0b31605b49f100769e8b624b3e05de1b73e1692e9568a352f60f53fd072e6e11?s=96&d=mm&r=g\",\"caption\":\"redazione\"},\"url\":\"https:\/\/progettotouring.it\/radiotouring104\/author\/redazione\/\"}]}<\/script>\n<!-- \/ Yoast SEO plugin. -->","yoast_head_json":{"title":"Reggio: estinto il debito dell'Atam","description":"\"Nel 2014 azienda era gi\u00e0 in fallimento. Evitato un dramma per 300 famiglie. In 11 anni, raggiunti risultati impensabili\", dichiara Falcomat\u00e0","robots":{"index":"index","follow":"follow","max-snippet":"max-snippet:-1","max-image-preview":"max-image-preview:large","max-video-preview":"max-video-preview:-1"},"canonical":"https:\/\/progettotouring.it\/radiotouring104\/2025\/12\/09\/reggio-estinto-il-debito-dellatam-si-apre-una-nuova-stagione-di-crescita-per-lazienda\/","og_locale":"it_IT","og_type":"article","og_title":"Reggio: estinto il debito dell'Atam","og_description":"\"Nel 2014 azienda era gi\u00e0 in fallimento. Evitato un dramma per 300 famiglie. In 11 anni, raggiunti risultati impensabili\", dichiara Falcomat\u00e0","og_url":"https:\/\/progettotouring.it\/radiotouring104\/2025\/12\/09\/reggio-estinto-il-debito-dellatam-si-apre-una-nuova-stagione-di-crescita-per-lazienda\/","og_site_name":"Radio Touring 104","article_published_time":"2025-12-09T11:21:31+00:00","article_modified_time":"2025-12-09T11:46:23+00:00","og_image":[{"width":2048,"height":2048,"url":"https:\/\/progettotouring.it\/radiotouring104\/wp-content\/uploads\/sites\/6\/2024\/07\/bus-full-electric-ATAM.jpeg","type":"image\/jpeg"}],"author":"redazione","twitter_card":"summary_large_image","twitter_misc":{"Scritto da":"redazione","Tempo di lettura stimato":"3 minuti"},"schema":{"@context":"https:\/\/schema.org","@graph":[{"@type":"Article","@id":"https:\/\/progettotouring.it\/radiotouring104\/2025\/12\/09\/reggio-estinto-il-debito-dellatam-si-apre-una-nuova-stagione-di-crescita-per-lazienda\/#article","isPartOf":{"@id":"https:\/\/progettotouring.it\/radiotouring104\/2025\/12\/09\/reggio-estinto-il-debito-dellatam-si-apre-una-nuova-stagione-di-crescita-per-lazienda\/"},"author":{"name":"redazione","@id":"https:\/\/progettotouring.it\/radiotouring104\/#\/schema\/person\/1b3eb3c07c47136bc44c785c543e635f"},"headline":"Reggio: estinto il debito dell&#8217;Atam. Si apre una nuova stagione di crescita per l&#8217;azienda","datePublished":"2025-12-09T11:21:31+00:00","dateModified":"2025-12-09T11:46:23+00:00","mainEntityOfPage":{"@id":"https:\/\/progettotouring.it\/radiotouring104\/2025\/12\/09\/reggio-estinto-il-debito-dellatam-si-apre-una-nuova-stagione-di-crescita-per-lazienda\/"},"wordCount":623,"publisher":{"@id":"https:\/\/progettotouring.it\/radiotouring104\/#organization"},"image":{"@id":"https:\/\/progettotouring.it\/radiotouring104\/2025\/12\/09\/reggio-estinto-il-debito-dellatam-si-apre-una-nuova-stagione-di-crescita-per-lazienda\/#primaryimage"},"thumbnailUrl":"https:\/\/progettotouring.it\/radiotouring104\/wp-content\/uploads\/sites\/6\/2024\/07\/bus-full-electric-ATAM.jpeg","keywords":["estinto il debito dell'Atam","Evitato un dramma per 300 famiglie.","Falcomat\u00e0 Giuseppe","In 11 anni","Nel 2014 azienda era gi\u00e0 in fallimento.","raggiunti risultati impensabili","Si apre una nuova stagione di crescita per l'azienda"],"articleSection":["Home","In primo piano","News","Reggio Calabria"],"inLanguage":"it-IT"},{"@type":"WebPage","@id":"https:\/\/progettotouring.it\/radiotouring104\/2025\/12\/09\/reggio-estinto-il-debito-dellatam-si-apre-una-nuova-stagione-di-crescita-per-lazienda\/","url":"https:\/\/progettotouring.it\/radiotouring104\/2025\/12\/09\/reggio-estinto-il-debito-dellatam-si-apre-una-nuova-stagione-di-crescita-per-lazienda\/","name":"Reggio: estinto il debito dell'Atam","isPartOf":{"@id":"https:\/\/progettotouring.it\/radiotouring104\/#website"},"primaryImageOfPage":{"@id":"https:\/\/progettotouring.it\/radiotouring104\/2025\/12\/09\/reggio-estinto-il-debito-dellatam-si-apre-una-nuova-stagione-di-crescita-per-lazienda\/#primaryimage"},"image":{"@id":"https:\/\/progettotouring.it\/radiotouring104\/2025\/12\/09\/reggio-estinto-il-debito-dellatam-si-apre-una-nuova-stagione-di-crescita-per-lazienda\/#primaryimage"},"thumbnailUrl":"https:\/\/progettotouring.it\/radiotouring104\/wp-content\/uploads\/sites\/6\/2024\/07\/bus-full-electric-ATAM.jpeg","datePublished":"2025-12-09T11:21:31+00:00","dateModified":"2025-12-09T11:46:23+00:00","description":"\"Nel 2014 azienda era gi\u00e0 in fallimento. Evitato un dramma per 300 famiglie. In 11 anni, raggiunti risultati impensabili\", dichiara Falcomat\u00e0","breadcrumb":{"@id":"https:\/\/progettotouring.it\/radiotouring104\/2025\/12\/09\/reggio-estinto-il-debito-dellatam-si-apre-una-nuova-stagione-di-crescita-per-lazienda\/#breadcrumb"},"inLanguage":"it-IT","potentialAction":[{"@type":"ReadAction","target":["https:\/\/progettotouring.it\/radiotouring104\/2025\/12\/09\/reggio-estinto-il-debito-dellatam-si-apre-una-nuova-stagione-di-crescita-per-lazienda\/"]}]},{"@type":"ImageObject","inLanguage":"it-IT","@id":"https:\/\/progettotouring.it\/radiotouring104\/2025\/12\/09\/reggio-estinto-il-debito-dellatam-si-apre-una-nuova-stagione-di-crescita-per-lazienda\/#primaryimage","url":"https:\/\/progettotouring.it\/radiotouring104\/wp-content\/uploads\/sites\/6\/2024\/07\/bus-full-electric-ATAM.jpeg","contentUrl":"https:\/\/progettotouring.it\/radiotouring104\/wp-content\/uploads\/sites\/6\/2024\/07\/bus-full-electric-ATAM.jpeg","width":2048,"height":2048},{"@type":"BreadcrumbList","@id":"https:\/\/progettotouring.it\/radiotouring104\/2025\/12\/09\/reggio-estinto-il-debito-dellatam-si-apre-una-nuova-stagione-di-crescita-per-lazienda\/#breadcrumb","itemListElement":[{"@type":"ListItem","position":1,"name":"Home","item":"https:\/\/progettotouring.it\/radiotouring104\/"},{"@type":"ListItem","position":2,"name":"Reggio: estinto il debito dell&#8217;Atam. Si apre una nuova stagione di crescita per l&#8217;azienda"}]},{"@type":"WebSite","@id":"https:\/\/progettotouring.it\/radiotouring104\/#website","url":"https:\/\/progettotouring.it\/radiotouring104\/","name":"Radio Touring 104","description":"La prima radio Reggina","publisher":{"@id":"https:\/\/progettotouring.it\/radiotouring104\/#organization"},"potentialAction":[{"@type":"SearchAction","target":{"@type":"EntryPoint","urlTemplate":"https:\/\/progettotouring.it\/radiotouring104\/?s={search_term_string}"},"query-input":{"@type":"PropertyValueSpecification","valueRequired":true,"valueName":"search_term_string"}}],"inLanguage":"it-IT"},{"@type":"Organization","@id":"https:\/\/progettotouring.it\/radiotouring104\/#organization","name":"Radio Touring 104","url":"https:\/\/progettotouring.it\/radiotouring104\/","logo":{"@type":"ImageObject","inLanguage":"it-IT","@id":"https:\/\/progettotouring.it\/radiotouring104\/#\/schema\/logo\/image\/","url":"https:\/\/progettotouring.it\/radiotouring104\/wp-content\/uploads\/sites\/6\/2022\/02\/cropped-logo-radio-touring-104.png","contentUrl":"https:\/\/progettotouring.it\/radiotouring104\/wp-content\/uploads\/sites\/6\/2022\/02\/cropped-logo-radio-touring-104.png","width":377,"height":182,"caption":"Radio Touring 104"},"image":{"@id":"https:\/\/progettotouring.it\/radiotouring104\/#\/schema\/logo\/image\/"}},{"@type":"Person","@id":"https:\/\/progettotouring.it\/radiotouring104\/#\/schema\/person\/1b3eb3c07c47136bc44c785c543e635f","name":"redazione","image":{"@type":"ImageObject","inLanguage":"it-IT","@id":"https:\/\/secure.gravatar.com\/avatar\/0b31605b49f100769e8b624b3e05de1b73e1692e9568a352f60f53fd072e6e11?s=96&d=mm&r=g","url":"https:\/\/secure.gravatar.com\/avatar\/0b31605b49f100769e8b624b3e05de1b73e1692e9568a352f60f53fd072e6e11?s=96&d=mm&r=g","contentUrl":"https:\/\/secure.gravatar.com\/avatar\/0b31605b49f100769e8b624b3e05de1b73e1692e9568a352f60f53fd072e6e11?s=96&d=mm&r=g","caption":"redazione"},"url":"https:\/\/progettotouring.it\/radiotouring104\/author\/redazione\/"}]}},"jetpack_publicize_connections":[],"jetpack_featured_media_url":"https:\/\/progettotouring.it\/radiotouring104\/wp-content\/uploads\/sites\/6\/2024\/07\/bus-full-electric-ATAM.jpeg","jetpack_sharing_enabled":true,"_links":{"self":[{"href":"https:\/\/progettotouring.it\/radiotouring104\/wp-json\/wp\/v2\/posts\/87164","targetHints":{"allow":["GET"]}}],"collection":[{"href":"https:\/\/progettotouring.it\/radiotouring104\/wp-json\/wp\/v2\/posts"}],"about":[{"href":"https:\/\/progettotouring.it\/radiotouring104\/wp-json\/wp\/v2\/types\/post"}],"author":[{"embeddable":true,"href":"https:\/\/progettotouring.it\/radiotouring104\/wp-json\/wp\/v2\/users\/5"}],"replies":[{"embeddable":true,"href":"https:\/\/progettotouring.it\/radiotouring104\/wp-json\/wp\/v2\/comments?post=87164"}],"version-history":[{"count":1,"href":"https:\/\/progettotouring.it\/radiotouring104\/wp-json\/wp\/v2\/posts\/87164\/revisions"}],"predecessor-version":[{"id":87165,"href":"https:\/\/progettotouring.it\/radiotouring104\/wp-json\/wp\/v2\/posts\/87164\/revisions\/87165"}],"wp:featuredmedia":[{"embeddable":true,"href":"https:\/\/progettotouring.it\/radiotouring104\/wp-json\/wp\/v2\/media\/55807"}],"wp:attachment":[{"href":"https:\/\/progettotouring.it\/radiotouring104\/wp-json\/wp\/v2\/media?parent=87164"}],"wp:term":[{"taxonomy":"category","embeddable":true,"href":"https:\/\/progettotouring.it\/radiotouring104\/wp-json\/wp\/v2\/categories?post=87164"},{"taxonomy":"post_tag","embeddable":true,"href":"https:\/\/progettotouring.it\/radiotouring104\/wp-json\/wp\/v2\/tags?post=87164"}],"curies":[{"name":"wp","href":"https:\/\/api.w.org\/{rel}","templated":true}]}}