{"id":87169,"date":"2025-12-09T12:37:38","date_gmt":"2025-12-09T11:37:38","guid":{"rendered":"https:\/\/progettotouring.it\/radiotouring104\/?p=87169"},"modified":"2025-12-09T12:46:13","modified_gmt":"2025-12-09T11:46:13","slug":"reggio-celebrata-dalla-comunita-di-prumo-riparo-e-cannavo-la-solennita-di-san-nicola-di-bari","status":"publish","type":"post","link":"https:\/\/progettotouring.it\/radiotouring104\/2025\/12\/09\/reggio-celebrata-dalla-comunita-di-prumo-riparo-e-cannavo-la-solennita-di-san-nicola-di-bari\/","title":{"rendered":"Reggio: celebrata dalla Comunit\u00e0 di Prumo-Riparo e Cannav\u00f2 la solennit\u00e0 di San Nicola di Bari"},"content":{"rendered":"<p>Sabato <strong>6 dicembre<\/strong>, la comunit\u00e0 di <strong>Prumo-Riparo e Cannav\u00f2<\/strong> ha celebrato con fede ed entusiasmo la <strong>solennit\u00e0 di San Nicola di Bari<\/strong>, in un pomeriggio ricco di giochi, catechesi, musica e momenti spirituali che hanno coinvolto bambini, famiglie e l\u2019intera comunit\u00e0.<\/p>\n<p>Alle <strong>16:00<\/strong>, i bambini si sono radunati nella <strong>piazza di Cannav\u00f2<\/strong>, accolti dai catechisti con giochi, zucchero filato gratuito e attivit\u00e0 pensate per vivere la festa con allegria e partecipazione. Il San Nicola di Bari\u00a0si \u00e8 occupato del <strong>punto ristoro<\/strong>, garantendo a tutti snack e bevande durante il pomeriggio di festa.<\/p>\n<p>A partire dalle <strong>17:30<\/strong>, ha avuto inizio la <strong>mini rievocazione storica<\/strong>, durante la quale l\u2019operatore pastorale <strong>Giuseppe Calarco<\/strong> ha indossato i <strong>panni del vescovo San Nicola<\/strong>, permettendo a tutti di osservare da vicino la tradizione e di vivere la storia del santo in maniera diretta. Contemporaneamente si \u00e8 svolto un momento di <strong>catechesi per grandi e piccoli<\/strong>, incentrato sul significato della festa e sulla preparazione al Natale, con curiosit\u00e0, domande e sorrisi dei bambini.<\/p>\n<p>La <strong>Santa Messa solenne<\/strong>, presieduta dal <strong>parroco Don Giovanni Gattuso<\/strong>, ha visto una partecipazione numerosa. Durante la celebrazione due momenti significativi l\u2019<strong>unzione con la manna<\/strong> e la <strong>benedizione dei paninelli<\/strong>, tradizione che unisce devozione e spiritualit\u00e0 popolare.<\/p>\n<p>Al <strong>termine della Messa<\/strong>, si \u00e8 svolta la <strong>mini processione nella piazza del simulacro di San Nicola<\/strong>, guidata dai bambini <strong>portatori della vara<\/strong>, che hanno animato la tradizione con partecipazione e devozione.<\/p>\n<p>La giornata si \u00e8 conclusa con la <strong>festa in piazza<\/strong>, accompagnata dal <strong>concerto \u201cParthenope \u2013 Omaggio a Napoli\u201d<\/strong>, un viaggio musicale tra le emozioni e la bellezza della tradizione partenopea. Sul palco si sono esibiti:<\/p>\n<ul>\n<li><strong>Roberta Cullari<\/strong>, voce<\/li>\n<li><strong>Alessandro Calcaramo<\/strong>, chitarra e mandolino<\/li>\n<li><strong>Giovanni Calabr\u00f2<\/strong>, basso<\/li>\n<li><strong>Santina Spezzano<\/strong>, percussioni<\/li>\n<li><strong>Gino Mattiani<\/strong>, fisarmonica<\/li>\n<\/ul>\n<p>Il concerto ha unito musica, gioia e convivialit\u00e0, creando un momento di celebrazione aperto a tutta la comunit\u00e0, tra emozioni, colori e suggestioni della tradizione napoletana.<\/p>\n<p>La solennit\u00e0 di San Nicola \u00e8 stata un\u2019occasione di incontro e condivisione per bambini, famiglie e residenti, con momenti di gioco, riflessione e musica che hanno accompagnato la comunit\u00e0 nella celebrazione della tradizione religiosa.<\/p>\n<p>&nbsp;<\/p>\n","protected":false},"excerpt":{"rendered":"<p>Sabato 6 dicembre, la comunit\u00e0 di Prumo-Riparo e Cannav\u00f2 ha celebrato con fede ed entusiasmo la solennit\u00e0 di San Nicola di Bari, in un pomeriggio ricco di giochi, catechesi, musica&hellip;<\/p>\n","protected":false},"author":5,"featured_media":87170,"comment_status":"closed","ping_status":"open","sticky":false,"template":"","format":"standard","meta":{"_jetpack_memberships_contains_paid_content":false,"footnotes":"","jetpack_publicize_message":"","jetpack_publicize_feature_enabled":true,"jetpack_social_post_already_shared":true,"jetpack_social_options":{"image_generator_settings":{"template":"highway","default_image_id":0,"font":"","enabled":false},"version":2}},"categories":[921,196,140],"tags":[24565,2368,42133,49433,4978,5032],"class_list":["post-87169","post","type-post","status-publish","format-standard","has-post-thumbnail","hentry","category-home","category-news","category-reggio-calabria","tag-alessandro-calcaramo","tag-celebrazioni","tag-comunita","tag-comunita-di-prumo-riparo-cannavo","tag-gino-mattiani","tag-san-nicola-di-bari"],"yoast_head":"<!-- This site is optimized with the Yoast SEO plugin v27.2 - https:\/\/yoast.com\/product\/yoast-seo-wordpress\/ -->\n<title>La comunit\u00e0 di Cannav\u00f2 la solennit\u00e0 di San Nicola di Bari<\/title>\n<meta name=\"description\" content=\"La solennit\u00e0 \u00e8 stata celebrata dalla comunit\u00e0 il 6 dicembre in un pomeriggio ricco di giochi, catechesi, musica e momenti spirituali\" \/>\n<meta name=\"robots\" content=\"index, follow, max-snippet:-1, max-image-preview:large, max-video-preview:-1\" \/>\n<link rel=\"canonical\" href=\"https:\/\/progettotouring.it\/radiotouring104\/2025\/12\/09\/reggio-celebrata-dalla-comunita-di-prumo-riparo-e-cannavo-la-solennita-di-san-nicola-di-bari\/\" \/>\n<meta property=\"og:locale\" content=\"it_IT\" \/>\n<meta property=\"og:type\" content=\"article\" \/>\n<meta property=\"og:title\" content=\"La comunit\u00e0 di Cannav\u00f2 la solennit\u00e0 di San Nicola di Bari\" \/>\n<meta property=\"og:description\" content=\"La solennit\u00e0 \u00e8 stata celebrata dalla comunit\u00e0 il 6 dicembre in un pomeriggio ricco di giochi, catechesi, musica e momenti spirituali\" \/>\n<meta property=\"og:url\" content=\"https:\/\/progettotouring.it\/radiotouring104\/2025\/12\/09\/reggio-celebrata-dalla-comunita-di-prumo-riparo-e-cannavo-la-solennita-di-san-nicola-di-bari\/\" \/>\n<meta property=\"og:site_name\" content=\"Radio Touring 104\" \/>\n<meta property=\"article:published_time\" content=\"2025-12-09T11:37:38+00:00\" \/>\n<meta property=\"article:modified_time\" content=\"2025-12-09T11:46:13+00:00\" \/>\n<meta property=\"og:image\" content=\"https:\/\/progettotouring.it\/radiotouring104\/wp-content\/uploads\/sites\/6\/2025\/12\/Cannavo-San-Nicola-di-Bari.gif\" \/>\n\t<meta property=\"og:image:width\" content=\"570\" \/>\n\t<meta property=\"og:image:height\" content=\"419\" \/>\n\t<meta property=\"og:image:type\" content=\"image\/gif\" \/>\n<meta name=\"author\" content=\"redazione\" \/>\n<meta name=\"twitter:card\" content=\"summary_large_image\" \/>\n<meta name=\"twitter:label1\" content=\"Scritto da\" \/>\n\t<meta name=\"twitter:data1\" content=\"redazione\" \/>\n\t<meta name=\"twitter:label2\" content=\"Tempo di lettura stimato\" \/>\n\t<meta name=\"twitter:data2\" content=\"2 minuti\" \/>\n<script type=\"application\/ld+json\" class=\"yoast-schema-graph\">{\"@context\":\"https:\/\/schema.org\",\"@graph\":[{\"@type\":\"Article\",\"@id\":\"https:\/\/progettotouring.it\/radiotouring104\/2025\/12\/09\/reggio-celebrata-dalla-comunita-di-prumo-riparo-e-cannavo-la-solennita-di-san-nicola-di-bari\/#article\",\"isPartOf\":{\"@id\":\"https:\/\/progettotouring.it\/radiotouring104\/2025\/12\/09\/reggio-celebrata-dalla-comunita-di-prumo-riparo-e-cannavo-la-solennita-di-san-nicola-di-bari\/\"},\"author\":{\"name\":\"redazione\",\"@id\":\"https:\/\/progettotouring.it\/radiotouring104\/#\/schema\/person\/1b3eb3c07c47136bc44c785c543e635f\"},\"headline\":\"Reggio: celebrata dalla Comunit\u00e0 di Prumo-Riparo e Cannav\u00f2 la solennit\u00e0 di San Nicola di Bari\",\"datePublished\":\"2025-12-09T11:37:38+00:00\",\"dateModified\":\"2025-12-09T11:46:13+00:00\",\"mainEntityOfPage\":{\"@id\":\"https:\/\/progettotouring.it\/radiotouring104\/2025\/12\/09\/reggio-celebrata-dalla-comunita-di-prumo-riparo-e-cannavo-la-solennita-di-san-nicola-di-bari\/\"},\"wordCount\":359,\"publisher\":{\"@id\":\"https:\/\/progettotouring.it\/radiotouring104\/#organization\"},\"image\":{\"@id\":\"https:\/\/progettotouring.it\/radiotouring104\/2025\/12\/09\/reggio-celebrata-dalla-comunita-di-prumo-riparo-e-cannavo-la-solennita-di-san-nicola-di-bari\/#primaryimage\"},\"thumbnailUrl\":\"https:\/\/progettotouring.it\/radiotouring104\/wp-content\/uploads\/sites\/6\/2025\/12\/Cannavo-San-Nicola-di-Bari.gif\",\"keywords\":[\"Alessandro Calcaramo.\",\"celebrazioni\",\"comunit\u00e0\",\"Comunit\u00e0 di Prumo-Riparo Cannav\u00f2\",\"Gino Mattiani\",\"San Nicola di Bari\"],\"articleSection\":[\"Home\",\"News\",\"Reggio Calabria\"],\"inLanguage\":\"it-IT\"},{\"@type\":\"WebPage\",\"@id\":\"https:\/\/progettotouring.it\/radiotouring104\/2025\/12\/09\/reggio-celebrata-dalla-comunita-di-prumo-riparo-e-cannavo-la-solennita-di-san-nicola-di-bari\/\",\"url\":\"https:\/\/progettotouring.it\/radiotouring104\/2025\/12\/09\/reggio-celebrata-dalla-comunita-di-prumo-riparo-e-cannavo-la-solennita-di-san-nicola-di-bari\/\",\"name\":\"La comunit\u00e0 di Cannav\u00f2 la solennit\u00e0 di San Nicola di Bari\",\"isPartOf\":{\"@id\":\"https:\/\/progettotouring.it\/radiotouring104\/#website\"},\"primaryImageOfPage\":{\"@id\":\"https:\/\/progettotouring.it\/radiotouring104\/2025\/12\/09\/reggio-celebrata-dalla-comunita-di-prumo-riparo-e-cannavo-la-solennita-di-san-nicola-di-bari\/#primaryimage\"},\"image\":{\"@id\":\"https:\/\/progettotouring.it\/radiotouring104\/2025\/12\/09\/reggio-celebrata-dalla-comunita-di-prumo-riparo-e-cannavo-la-solennita-di-san-nicola-di-bari\/#primaryimage\"},\"thumbnailUrl\":\"https:\/\/progettotouring.it\/radiotouring104\/wp-content\/uploads\/sites\/6\/2025\/12\/Cannavo-San-Nicola-di-Bari.gif\",\"datePublished\":\"2025-12-09T11:37:38+00:00\",\"dateModified\":\"2025-12-09T11:46:13+00:00\",\"description\":\"La solennit\u00e0 \u00e8 stata celebrata dalla comunit\u00e0 il 6 dicembre in un pomeriggio ricco di giochi, catechesi, musica e momenti spirituali\",\"breadcrumb\":{\"@id\":\"https:\/\/progettotouring.it\/radiotouring104\/2025\/12\/09\/reggio-celebrata-dalla-comunita-di-prumo-riparo-e-cannavo-la-solennita-di-san-nicola-di-bari\/#breadcrumb\"},\"inLanguage\":\"it-IT\",\"potentialAction\":[{\"@type\":\"ReadAction\",\"target\":[\"https:\/\/progettotouring.it\/radiotouring104\/2025\/12\/09\/reggio-celebrata-dalla-comunita-di-prumo-riparo-e-cannavo-la-solennita-di-san-nicola-di-bari\/\"]}]},{\"@type\":\"ImageObject\",\"inLanguage\":\"it-IT\",\"@id\":\"https:\/\/progettotouring.it\/radiotouring104\/2025\/12\/09\/reggio-celebrata-dalla-comunita-di-prumo-riparo-e-cannavo-la-solennita-di-san-nicola-di-bari\/#primaryimage\",\"url\":\"https:\/\/progettotouring.it\/radiotouring104\/wp-content\/uploads\/sites\/6\/2025\/12\/Cannavo-San-Nicola-di-Bari.gif\",\"contentUrl\":\"https:\/\/progettotouring.it\/radiotouring104\/wp-content\/uploads\/sites\/6\/2025\/12\/Cannavo-San-Nicola-di-Bari.gif\",\"width\":570,\"height\":419},{\"@type\":\"BreadcrumbList\",\"@id\":\"https:\/\/progettotouring.it\/radiotouring104\/2025\/12\/09\/reggio-celebrata-dalla-comunita-di-prumo-riparo-e-cannavo-la-solennita-di-san-nicola-di-bari\/#breadcrumb\",\"itemListElement\":[{\"@type\":\"ListItem\",\"position\":1,\"name\":\"Home\",\"item\":\"https:\/\/progettotouring.it\/radiotouring104\/\"},{\"@type\":\"ListItem\",\"position\":2,\"name\":\"Reggio: celebrata dalla Comunit\u00e0 di Prumo-Riparo e Cannav\u00f2 la solennit\u00e0 di San Nicola di Bari\"}]},{\"@type\":\"WebSite\",\"@id\":\"https:\/\/progettotouring.it\/radiotouring104\/#website\",\"url\":\"https:\/\/progettotouring.it\/radiotouring104\/\",\"name\":\"Radio Touring 104\",\"description\":\"La prima radio Reggina\",\"publisher\":{\"@id\":\"https:\/\/progettotouring.it\/radiotouring104\/#organization\"},\"potentialAction\":[{\"@type\":\"SearchAction\",\"target\":{\"@type\":\"EntryPoint\",\"urlTemplate\":\"https:\/\/progettotouring.it\/radiotouring104\/?s={search_term_string}\"},\"query-input\":{\"@type\":\"PropertyValueSpecification\",\"valueRequired\":true,\"valueName\":\"search_term_string\"}}],\"inLanguage\":\"it-IT\"},{\"@type\":\"Organization\",\"@id\":\"https:\/\/progettotouring.it\/radiotouring104\/#organization\",\"name\":\"Radio Touring 104\",\"url\":\"https:\/\/progettotouring.it\/radiotouring104\/\",\"logo\":{\"@type\":\"ImageObject\",\"inLanguage\":\"it-IT\",\"@id\":\"https:\/\/progettotouring.it\/radiotouring104\/#\/schema\/logo\/image\/\",\"url\":\"https:\/\/progettotouring.it\/radiotouring104\/wp-content\/uploads\/sites\/6\/2022\/02\/cropped-logo-radio-touring-104.png\",\"contentUrl\":\"https:\/\/progettotouring.it\/radiotouring104\/wp-content\/uploads\/sites\/6\/2022\/02\/cropped-logo-radio-touring-104.png\",\"width\":377,\"height\":182,\"caption\":\"Radio Touring 104\"},\"image\":{\"@id\":\"https:\/\/progettotouring.it\/radiotouring104\/#\/schema\/logo\/image\/\"}},{\"@type\":\"Person\",\"@id\":\"https:\/\/progettotouring.it\/radiotouring104\/#\/schema\/person\/1b3eb3c07c47136bc44c785c543e635f\",\"name\":\"redazione\",\"image\":{\"@type\":\"ImageObject\",\"inLanguage\":\"it-IT\",\"@id\":\"https:\/\/secure.gravatar.com\/avatar\/0b31605b49f100769e8b624b3e05de1b73e1692e9568a352f60f53fd072e6e11?s=96&d=mm&r=g\",\"url\":\"https:\/\/secure.gravatar.com\/avatar\/0b31605b49f100769e8b624b3e05de1b73e1692e9568a352f60f53fd072e6e11?s=96&d=mm&r=g\",\"contentUrl\":\"https:\/\/secure.gravatar.com\/avatar\/0b31605b49f100769e8b624b3e05de1b73e1692e9568a352f60f53fd072e6e11?s=96&d=mm&r=g\",\"caption\":\"redazione\"},\"url\":\"https:\/\/progettotouring.it\/radiotouring104\/author\/redazione\/\"}]}<\/script>\n<!-- \/ Yoast SEO plugin. -->","yoast_head_json":{"title":"La comunit\u00e0 di Cannav\u00f2 la solennit\u00e0 di San Nicola di Bari","description":"La solennit\u00e0 \u00e8 stata celebrata dalla comunit\u00e0 il 6 dicembre in un pomeriggio ricco di giochi, catechesi, musica e momenti spirituali","robots":{"index":"index","follow":"follow","max-snippet":"max-snippet:-1","max-image-preview":"max-image-preview:large","max-video-preview":"max-video-preview:-1"},"canonical":"https:\/\/progettotouring.it\/radiotouring104\/2025\/12\/09\/reggio-celebrata-dalla-comunita-di-prumo-riparo-e-cannavo-la-solennita-di-san-nicola-di-bari\/","og_locale":"it_IT","og_type":"article","og_title":"La comunit\u00e0 di Cannav\u00f2 la solennit\u00e0 di San Nicola di Bari","og_description":"La solennit\u00e0 \u00e8 stata celebrata dalla comunit\u00e0 il 6 dicembre in un pomeriggio ricco di giochi, catechesi, musica e momenti spirituali","og_url":"https:\/\/progettotouring.it\/radiotouring104\/2025\/12\/09\/reggio-celebrata-dalla-comunita-di-prumo-riparo-e-cannavo-la-solennita-di-san-nicola-di-bari\/","og_site_name":"Radio Touring 104","article_published_time":"2025-12-09T11:37:38+00:00","article_modified_time":"2025-12-09T11:46:13+00:00","og_image":[{"width":570,"height":419,"url":"https:\/\/progettotouring.it\/radiotouring104\/wp-content\/uploads\/sites\/6\/2025\/12\/Cannavo-San-Nicola-di-Bari.gif","type":"image\/gif"}],"author":"redazione","twitter_card":"summary_large_image","twitter_misc":{"Scritto da":"redazione","Tempo di lettura stimato":"2 minuti"},"schema":{"@context":"https:\/\/schema.org","@graph":[{"@type":"Article","@id":"https:\/\/progettotouring.it\/radiotouring104\/2025\/12\/09\/reggio-celebrata-dalla-comunita-di-prumo-riparo-e-cannavo-la-solennita-di-san-nicola-di-bari\/#article","isPartOf":{"@id":"https:\/\/progettotouring.it\/radiotouring104\/2025\/12\/09\/reggio-celebrata-dalla-comunita-di-prumo-riparo-e-cannavo-la-solennita-di-san-nicola-di-bari\/"},"author":{"name":"redazione","@id":"https:\/\/progettotouring.it\/radiotouring104\/#\/schema\/person\/1b3eb3c07c47136bc44c785c543e635f"},"headline":"Reggio: celebrata dalla Comunit\u00e0 di Prumo-Riparo e Cannav\u00f2 la solennit\u00e0 di San Nicola di Bari","datePublished":"2025-12-09T11:37:38+00:00","dateModified":"2025-12-09T11:46:13+00:00","mainEntityOfPage":{"@id":"https:\/\/progettotouring.it\/radiotouring104\/2025\/12\/09\/reggio-celebrata-dalla-comunita-di-prumo-riparo-e-cannavo-la-solennita-di-san-nicola-di-bari\/"},"wordCount":359,"publisher":{"@id":"https:\/\/progettotouring.it\/radiotouring104\/#organization"},"image":{"@id":"https:\/\/progettotouring.it\/radiotouring104\/2025\/12\/09\/reggio-celebrata-dalla-comunita-di-prumo-riparo-e-cannavo-la-solennita-di-san-nicola-di-bari\/#primaryimage"},"thumbnailUrl":"https:\/\/progettotouring.it\/radiotouring104\/wp-content\/uploads\/sites\/6\/2025\/12\/Cannavo-San-Nicola-di-Bari.gif","keywords":["Alessandro Calcaramo.","celebrazioni","comunit\u00e0","Comunit\u00e0 di Prumo-Riparo Cannav\u00f2","Gino Mattiani","San Nicola di Bari"],"articleSection":["Home","News","Reggio Calabria"],"inLanguage":"it-IT"},{"@type":"WebPage","@id":"https:\/\/progettotouring.it\/radiotouring104\/2025\/12\/09\/reggio-celebrata-dalla-comunita-di-prumo-riparo-e-cannavo-la-solennita-di-san-nicola-di-bari\/","url":"https:\/\/progettotouring.it\/radiotouring104\/2025\/12\/09\/reggio-celebrata-dalla-comunita-di-prumo-riparo-e-cannavo-la-solennita-di-san-nicola-di-bari\/","name":"La comunit\u00e0 di Cannav\u00f2 la solennit\u00e0 di San Nicola di Bari","isPartOf":{"@id":"https:\/\/progettotouring.it\/radiotouring104\/#website"},"primaryImageOfPage":{"@id":"https:\/\/progettotouring.it\/radiotouring104\/2025\/12\/09\/reggio-celebrata-dalla-comunita-di-prumo-riparo-e-cannavo-la-solennita-di-san-nicola-di-bari\/#primaryimage"},"image":{"@id":"https:\/\/progettotouring.it\/radiotouring104\/2025\/12\/09\/reggio-celebrata-dalla-comunita-di-prumo-riparo-e-cannavo-la-solennita-di-san-nicola-di-bari\/#primaryimage"},"thumbnailUrl":"https:\/\/progettotouring.it\/radiotouring104\/wp-content\/uploads\/sites\/6\/2025\/12\/Cannavo-San-Nicola-di-Bari.gif","datePublished":"2025-12-09T11:37:38+00:00","dateModified":"2025-12-09T11:46:13+00:00","description":"La solennit\u00e0 \u00e8 stata celebrata dalla comunit\u00e0 il 6 dicembre in un pomeriggio ricco di giochi, catechesi, musica e momenti spirituali","breadcrumb":{"@id":"https:\/\/progettotouring.it\/radiotouring104\/2025\/12\/09\/reggio-celebrata-dalla-comunita-di-prumo-riparo-e-cannavo-la-solennita-di-san-nicola-di-bari\/#breadcrumb"},"inLanguage":"it-IT","potentialAction":[{"@type":"ReadAction","target":["https:\/\/progettotouring.it\/radiotouring104\/2025\/12\/09\/reggio-celebrata-dalla-comunita-di-prumo-riparo-e-cannavo-la-solennita-di-san-nicola-di-bari\/"]}]},{"@type":"ImageObject","inLanguage":"it-IT","@id":"https:\/\/progettotouring.it\/radiotouring104\/2025\/12\/09\/reggio-celebrata-dalla-comunita-di-prumo-riparo-e-cannavo-la-solennita-di-san-nicola-di-bari\/#primaryimage","url":"https:\/\/progettotouring.it\/radiotouring104\/wp-content\/uploads\/sites\/6\/2025\/12\/Cannavo-San-Nicola-di-Bari.gif","contentUrl":"https:\/\/progettotouring.it\/radiotouring104\/wp-content\/uploads\/sites\/6\/2025\/12\/Cannavo-San-Nicola-di-Bari.gif","width":570,"height":419},{"@type":"BreadcrumbList","@id":"https:\/\/progettotouring.it\/radiotouring104\/2025\/12\/09\/reggio-celebrata-dalla-comunita-di-prumo-riparo-e-cannavo-la-solennita-di-san-nicola-di-bari\/#breadcrumb","itemListElement":[{"@type":"ListItem","position":1,"name":"Home","item":"https:\/\/progettotouring.it\/radiotouring104\/"},{"@type":"ListItem","position":2,"name":"Reggio: celebrata dalla Comunit\u00e0 di Prumo-Riparo e Cannav\u00f2 la solennit\u00e0 di San Nicola di Bari"}]},{"@type":"WebSite","@id":"https:\/\/progettotouring.it\/radiotouring104\/#website","url":"https:\/\/progettotouring.it\/radiotouring104\/","name":"Radio Touring 104","description":"La prima radio Reggina","publisher":{"@id":"https:\/\/progettotouring.it\/radiotouring104\/#organization"},"potentialAction":[{"@type":"SearchAction","target":{"@type":"EntryPoint","urlTemplate":"https:\/\/progettotouring.it\/radiotouring104\/?s={search_term_string}"},"query-input":{"@type":"PropertyValueSpecification","valueRequired":true,"valueName":"search_term_string"}}],"inLanguage":"it-IT"},{"@type":"Organization","@id":"https:\/\/progettotouring.it\/radiotouring104\/#organization","name":"Radio Touring 104","url":"https:\/\/progettotouring.it\/radiotouring104\/","logo":{"@type":"ImageObject","inLanguage":"it-IT","@id":"https:\/\/progettotouring.it\/radiotouring104\/#\/schema\/logo\/image\/","url":"https:\/\/progettotouring.it\/radiotouring104\/wp-content\/uploads\/sites\/6\/2022\/02\/cropped-logo-radio-touring-104.png","contentUrl":"https:\/\/progettotouring.it\/radiotouring104\/wp-content\/uploads\/sites\/6\/2022\/02\/cropped-logo-radio-touring-104.png","width":377,"height":182,"caption":"Radio Touring 104"},"image":{"@id":"https:\/\/progettotouring.it\/radiotouring104\/#\/schema\/logo\/image\/"}},{"@type":"Person","@id":"https:\/\/progettotouring.it\/radiotouring104\/#\/schema\/person\/1b3eb3c07c47136bc44c785c543e635f","name":"redazione","image":{"@type":"ImageObject","inLanguage":"it-IT","@id":"https:\/\/secure.gravatar.com\/avatar\/0b31605b49f100769e8b624b3e05de1b73e1692e9568a352f60f53fd072e6e11?s=96&d=mm&r=g","url":"https:\/\/secure.gravatar.com\/avatar\/0b31605b49f100769e8b624b3e05de1b73e1692e9568a352f60f53fd072e6e11?s=96&d=mm&r=g","contentUrl":"https:\/\/secure.gravatar.com\/avatar\/0b31605b49f100769e8b624b3e05de1b73e1692e9568a352f60f53fd072e6e11?s=96&d=mm&r=g","caption":"redazione"},"url":"https:\/\/progettotouring.it\/radiotouring104\/author\/redazione\/"}]}},"jetpack_publicize_connections":[],"jetpack_featured_media_url":"https:\/\/progettotouring.it\/radiotouring104\/wp-content\/uploads\/sites\/6\/2025\/12\/Cannavo-San-Nicola-di-Bari.gif","jetpack_sharing_enabled":true,"_links":{"self":[{"href":"https:\/\/progettotouring.it\/radiotouring104\/wp-json\/wp\/v2\/posts\/87169","targetHints":{"allow":["GET"]}}],"collection":[{"href":"https:\/\/progettotouring.it\/radiotouring104\/wp-json\/wp\/v2\/posts"}],"about":[{"href":"https:\/\/progettotouring.it\/radiotouring104\/wp-json\/wp\/v2\/types\/post"}],"author":[{"embeddable":true,"href":"https:\/\/progettotouring.it\/radiotouring104\/wp-json\/wp\/v2\/users\/5"}],"replies":[{"embeddable":true,"href":"https:\/\/progettotouring.it\/radiotouring104\/wp-json\/wp\/v2\/comments?post=87169"}],"version-history":[{"count":1,"href":"https:\/\/progettotouring.it\/radiotouring104\/wp-json\/wp\/v2\/posts\/87169\/revisions"}],"predecessor-version":[{"id":87171,"href":"https:\/\/progettotouring.it\/radiotouring104\/wp-json\/wp\/v2\/posts\/87169\/revisions\/87171"}],"wp:featuredmedia":[{"embeddable":true,"href":"https:\/\/progettotouring.it\/radiotouring104\/wp-json\/wp\/v2\/media\/87170"}],"wp:attachment":[{"href":"https:\/\/progettotouring.it\/radiotouring104\/wp-json\/wp\/v2\/media?parent=87169"}],"wp:term":[{"taxonomy":"category","embeddable":true,"href":"https:\/\/progettotouring.it\/radiotouring104\/wp-json\/wp\/v2\/categories?post=87169"},{"taxonomy":"post_tag","embeddable":true,"href":"https:\/\/progettotouring.it\/radiotouring104\/wp-json\/wp\/v2\/tags?post=87169"}],"curies":[{"name":"wp","href":"https:\/\/api.w.org\/{rel}","templated":true}]}}