{"id":87172,"date":"2025-12-09T12:45:48","date_gmt":"2025-12-09T11:45:48","guid":{"rendered":"https:\/\/progettotouring.it\/radiotouring104\/?p=87172"},"modified":"2025-12-09T12:46:07","modified_gmt":"2025-12-09T11:46:07","slug":"reggio-al-museo-diocesano-la-mostra-dei-presepi-della-collezione-sapone","status":"publish","type":"post","link":"https:\/\/progettotouring.it\/radiotouring104\/2025\/12\/09\/reggio-al-museo-diocesano-la-mostra-dei-presepi-della-collezione-sapone\/","title":{"rendered":"Reggio: al Museo Diocesano la mostra dei Presepi della &#8220;Collezione Sapone&#8221;"},"content":{"rendered":"<p>Il\u00a0Museo diocesano\u00a0di Reggio Calabria rinnova alle <strong>Scuole dell\u2019Infanzia, Primaria<\/strong> <strong>e Secondaria I grado<\/strong> la\u00a0proposta didattica di Natale: <strong>\u201cViaggio nel Presepe\u201d, <\/strong><strong>attivit\u00e0 <\/strong>che include la visita alla <strong>Mostra dei Presepi<\/strong> pi\u00f9 belli <strong>della Collezione di Nin\u00ec Sapone<\/strong>, dall&#8217;Italia\u00a0e dal mondo, esposti nelle sale del Museo, unita al racconto delle origini francescane del Presepe, delle fonti letterarie che lo ispirarono e del significato dei suoi elementi principali, di cui si svelano simboli, curiosit\u00e0 e leggende.<\/p>\n<p><strong>Sabato 20 dicembre <\/strong><strong>h 17-19<\/strong> il Museo diocesano attende le <strong>famiglie con bambini<\/strong> per una divertente <strong>Festa di Natale<\/strong> (prenotazione consigliata).<\/p>\n<p>Nel periodo natalizio <strong>il Museo sar\u00e0 aperto fino a mercoled\u00ec 24 dicembre, sabato 27 dicembre, marted\u00ec 30 e mercoled\u00ec 31 dicembre, 2 e 3 gennaio<\/strong> (dal marted\u00ec al sabato 9-13 e venerd\u00ec anche h 15-19).<\/p>\n<p><strong>Negli stessi giorni <\/strong>una <strong>visita guidata<\/strong> alla Collezione permanente, recentemente arricchita da nuove importanti acquisizioni, e alla Mostra di Presepi sar\u00e0 <strong>inclusa nel biglietto d\u2019ingresso.<\/strong><\/p>\n<p>Per informazioni si contatti il n. 3387554386.<\/p>\n<p><strong>\u00a0<\/strong><\/p>\n","protected":false},"excerpt":{"rendered":"<p>Il\u00a0Museo diocesano\u00a0di Reggio Calabria rinnova alle Scuole dell\u2019Infanzia, Primaria e Secondaria I grado la\u00a0proposta didattica di Natale: \u201cViaggio nel Presepe\u201d, attivit\u00e0 che include la visita alla Mostra dei Presepi pi\u00f9&hellip;<\/p>\n","protected":false},"author":5,"featured_media":87173,"comment_status":"closed","ping_status":"open","sticky":false,"template":"","format":"standard","meta":{"_jetpack_memberships_contains_paid_content":false,"footnotes":"","jetpack_publicize_message":"","jetpack_publicize_feature_enabled":true,"jetpack_social_post_already_shared":true,"jetpack_social_options":{"image_generator_settings":{"template":"highway","default_image_id":0,"font":"","enabled":false},"version":2}},"categories":[921,196,140],"tags":[49437,49435,49434,49436,1569],"class_list":["post-87172","post","type-post","status-publish","format-standard","has-post-thumbnail","hentry","category-home","category-news","category-reggio-calabria","tag-viaggio-nel-presepe","tag-attivita-didattiche-per-scuole","tag-collezione-nini-sapone","tag-mostra-presepi","tag-museo-diocesano"],"yoast_head":"<!-- This site is optimized with the Yoast SEO plugin v27.2 - https:\/\/yoast.com\/product\/yoast-seo-wordpress\/ -->\n<title>Al Museo Diocesano la mostra Presepi della &quot;Collezione Sapone&quot;<\/title>\n<meta name=\"description\" content=\"Nella Mostra dei Presepi pi\u00f9 belli della Collezione di Nin\u00ec Sapone, previste anche attivit\u00e0 didattiche per Scuole e famiglie\" \/>\n<meta name=\"robots\" content=\"index, follow, max-snippet:-1, max-image-preview:large, max-video-preview:-1\" \/>\n<link rel=\"canonical\" href=\"https:\/\/progettotouring.it\/radiotouring104\/2025\/12\/09\/reggio-al-museo-diocesano-la-mostra-dei-presepi-della-collezione-sapone\/\" \/>\n<meta property=\"og:locale\" content=\"it_IT\" \/>\n<meta property=\"og:type\" content=\"article\" \/>\n<meta property=\"og:title\" content=\"Al Museo Diocesano la mostra Presepi della &quot;Collezione Sapone&quot;\" \/>\n<meta property=\"og:description\" content=\"Nella Mostra dei Presepi pi\u00f9 belli della Collezione di Nin\u00ec Sapone, previste anche attivit\u00e0 didattiche per Scuole e famiglie\" \/>\n<meta property=\"og:url\" content=\"https:\/\/progettotouring.it\/radiotouring104\/2025\/12\/09\/reggio-al-museo-diocesano-la-mostra-dei-presepi-della-collezione-sapone\/\" \/>\n<meta property=\"og:site_name\" content=\"Radio Touring 104\" \/>\n<meta property=\"article:published_time\" content=\"2025-12-09T11:45:48+00:00\" \/>\n<meta property=\"article:modified_time\" content=\"2025-12-09T11:46:07+00:00\" \/>\n<meta property=\"og:image\" content=\"https:\/\/progettotouring.it\/radiotouring104\/wp-content\/uploads\/sites\/6\/2025\/12\/Natale-al-Museo-Diocesano-Mostra-Presepi-Nini-Sapone.gif\" \/>\n\t<meta property=\"og:image:width\" content=\"306\" \/>\n\t<meta property=\"og:image:height\" content=\"339\" \/>\n\t<meta property=\"og:image:type\" content=\"image\/gif\" \/>\n<meta name=\"author\" content=\"redazione\" \/>\n<meta name=\"twitter:card\" content=\"summary_large_image\" \/>\n<meta name=\"twitter:label1\" content=\"Scritto da\" \/>\n\t<meta name=\"twitter:data1\" content=\"redazione\" \/>\n\t<meta name=\"twitter:label2\" content=\"Tempo di lettura stimato\" \/>\n\t<meta name=\"twitter:data2\" content=\"1 minuto\" \/>\n<script type=\"application\/ld+json\" class=\"yoast-schema-graph\">{\"@context\":\"https:\/\/schema.org\",\"@graph\":[{\"@type\":\"Article\",\"@id\":\"https:\/\/progettotouring.it\/radiotouring104\/2025\/12\/09\/reggio-al-museo-diocesano-la-mostra-dei-presepi-della-collezione-sapone\/#article\",\"isPartOf\":{\"@id\":\"https:\/\/progettotouring.it\/radiotouring104\/2025\/12\/09\/reggio-al-museo-diocesano-la-mostra-dei-presepi-della-collezione-sapone\/\"},\"author\":{\"name\":\"redazione\",\"@id\":\"https:\/\/progettotouring.it\/radiotouring104\/#\/schema\/person\/1b3eb3c07c47136bc44c785c543e635f\"},\"headline\":\"Reggio: al Museo Diocesano la mostra dei Presepi della &#8220;Collezione Sapone&#8221;\",\"datePublished\":\"2025-12-09T11:45:48+00:00\",\"dateModified\":\"2025-12-09T11:46:07+00:00\",\"mainEntityOfPage\":{\"@id\":\"https:\/\/progettotouring.it\/radiotouring104\/2025\/12\/09\/reggio-al-museo-diocesano-la-mostra-dei-presepi-della-collezione-sapone\/\"},\"wordCount\":170,\"publisher\":{\"@id\":\"https:\/\/progettotouring.it\/radiotouring104\/#organization\"},\"image\":{\"@id\":\"https:\/\/progettotouring.it\/radiotouring104\/2025\/12\/09\/reggio-al-museo-diocesano-la-mostra-dei-presepi-della-collezione-sapone\/#primaryimage\"},\"thumbnailUrl\":\"https:\/\/progettotouring.it\/radiotouring104\/wp-content\/uploads\/sites\/6\/2025\/12\/Natale-al-Museo-Diocesano-Mostra-Presepi-Nini-Sapone.gif\",\"keywords\":[\"\u201cViaggio nel Presepe\u201d\",\"attivit\u00e0 didattiche per Scuole\",\"Collezione Nin\u00ec Sapone\",\"mostra presepi\",\"museo diocesano\"],\"articleSection\":[\"Home\",\"News\",\"Reggio Calabria\"],\"inLanguage\":\"it-IT\"},{\"@type\":\"WebPage\",\"@id\":\"https:\/\/progettotouring.it\/radiotouring104\/2025\/12\/09\/reggio-al-museo-diocesano-la-mostra-dei-presepi-della-collezione-sapone\/\",\"url\":\"https:\/\/progettotouring.it\/radiotouring104\/2025\/12\/09\/reggio-al-museo-diocesano-la-mostra-dei-presepi-della-collezione-sapone\/\",\"name\":\"Al Museo Diocesano la mostra Presepi della \\\"Collezione Sapone\\\"\",\"isPartOf\":{\"@id\":\"https:\/\/progettotouring.it\/radiotouring104\/#website\"},\"primaryImageOfPage\":{\"@id\":\"https:\/\/progettotouring.it\/radiotouring104\/2025\/12\/09\/reggio-al-museo-diocesano-la-mostra-dei-presepi-della-collezione-sapone\/#primaryimage\"},\"image\":{\"@id\":\"https:\/\/progettotouring.it\/radiotouring104\/2025\/12\/09\/reggio-al-museo-diocesano-la-mostra-dei-presepi-della-collezione-sapone\/#primaryimage\"},\"thumbnailUrl\":\"https:\/\/progettotouring.it\/radiotouring104\/wp-content\/uploads\/sites\/6\/2025\/12\/Natale-al-Museo-Diocesano-Mostra-Presepi-Nini-Sapone.gif\",\"datePublished\":\"2025-12-09T11:45:48+00:00\",\"dateModified\":\"2025-12-09T11:46:07+00:00\",\"description\":\"Nella Mostra dei Presepi pi\u00f9 belli della Collezione di Nin\u00ec Sapone, previste anche attivit\u00e0 didattiche per Scuole e famiglie\",\"breadcrumb\":{\"@id\":\"https:\/\/progettotouring.it\/radiotouring104\/2025\/12\/09\/reggio-al-museo-diocesano-la-mostra-dei-presepi-della-collezione-sapone\/#breadcrumb\"},\"inLanguage\":\"it-IT\",\"potentialAction\":[{\"@type\":\"ReadAction\",\"target\":[\"https:\/\/progettotouring.it\/radiotouring104\/2025\/12\/09\/reggio-al-museo-diocesano-la-mostra-dei-presepi-della-collezione-sapone\/\"]}]},{\"@type\":\"ImageObject\",\"inLanguage\":\"it-IT\",\"@id\":\"https:\/\/progettotouring.it\/radiotouring104\/2025\/12\/09\/reggio-al-museo-diocesano-la-mostra-dei-presepi-della-collezione-sapone\/#primaryimage\",\"url\":\"https:\/\/progettotouring.it\/radiotouring104\/wp-content\/uploads\/sites\/6\/2025\/12\/Natale-al-Museo-Diocesano-Mostra-Presepi-Nini-Sapone.gif\",\"contentUrl\":\"https:\/\/progettotouring.it\/radiotouring104\/wp-content\/uploads\/sites\/6\/2025\/12\/Natale-al-Museo-Diocesano-Mostra-Presepi-Nini-Sapone.gif\",\"width\":306,\"height\":339},{\"@type\":\"BreadcrumbList\",\"@id\":\"https:\/\/progettotouring.it\/radiotouring104\/2025\/12\/09\/reggio-al-museo-diocesano-la-mostra-dei-presepi-della-collezione-sapone\/#breadcrumb\",\"itemListElement\":[{\"@type\":\"ListItem\",\"position\":1,\"name\":\"Home\",\"item\":\"https:\/\/progettotouring.it\/radiotouring104\/\"},{\"@type\":\"ListItem\",\"position\":2,\"name\":\"Reggio: al Museo Diocesano la mostra dei Presepi della &#8220;Collezione Sapone&#8221;\"}]},{\"@type\":\"WebSite\",\"@id\":\"https:\/\/progettotouring.it\/radiotouring104\/#website\",\"url\":\"https:\/\/progettotouring.it\/radiotouring104\/\",\"name\":\"Radio Touring 104\",\"description\":\"La prima radio Reggina\",\"publisher\":{\"@id\":\"https:\/\/progettotouring.it\/radiotouring104\/#organization\"},\"potentialAction\":[{\"@type\":\"SearchAction\",\"target\":{\"@type\":\"EntryPoint\",\"urlTemplate\":\"https:\/\/progettotouring.it\/radiotouring104\/?s={search_term_string}\"},\"query-input\":{\"@type\":\"PropertyValueSpecification\",\"valueRequired\":true,\"valueName\":\"search_term_string\"}}],\"inLanguage\":\"it-IT\"},{\"@type\":\"Organization\",\"@id\":\"https:\/\/progettotouring.it\/radiotouring104\/#organization\",\"name\":\"Radio Touring 104\",\"url\":\"https:\/\/progettotouring.it\/radiotouring104\/\",\"logo\":{\"@type\":\"ImageObject\",\"inLanguage\":\"it-IT\",\"@id\":\"https:\/\/progettotouring.it\/radiotouring104\/#\/schema\/logo\/image\/\",\"url\":\"https:\/\/progettotouring.it\/radiotouring104\/wp-content\/uploads\/sites\/6\/2022\/02\/cropped-logo-radio-touring-104.png\",\"contentUrl\":\"https:\/\/progettotouring.it\/radiotouring104\/wp-content\/uploads\/sites\/6\/2022\/02\/cropped-logo-radio-touring-104.png\",\"width\":377,\"height\":182,\"caption\":\"Radio Touring 104\"},\"image\":{\"@id\":\"https:\/\/progettotouring.it\/radiotouring104\/#\/schema\/logo\/image\/\"}},{\"@type\":\"Person\",\"@id\":\"https:\/\/progettotouring.it\/radiotouring104\/#\/schema\/person\/1b3eb3c07c47136bc44c785c543e635f\",\"name\":\"redazione\",\"image\":{\"@type\":\"ImageObject\",\"inLanguage\":\"it-IT\",\"@id\":\"https:\/\/secure.gravatar.com\/avatar\/0b31605b49f100769e8b624b3e05de1b73e1692e9568a352f60f53fd072e6e11?s=96&d=mm&r=g\",\"url\":\"https:\/\/secure.gravatar.com\/avatar\/0b31605b49f100769e8b624b3e05de1b73e1692e9568a352f60f53fd072e6e11?s=96&d=mm&r=g\",\"contentUrl\":\"https:\/\/secure.gravatar.com\/avatar\/0b31605b49f100769e8b624b3e05de1b73e1692e9568a352f60f53fd072e6e11?s=96&d=mm&r=g\",\"caption\":\"redazione\"},\"url\":\"https:\/\/progettotouring.it\/radiotouring104\/author\/redazione\/\"}]}<\/script>\n<!-- \/ Yoast SEO plugin. -->","yoast_head_json":{"title":"Al Museo Diocesano la mostra Presepi della \"Collezione Sapone\"","description":"Nella Mostra dei Presepi pi\u00f9 belli della Collezione di Nin\u00ec Sapone, previste anche attivit\u00e0 didattiche per Scuole e famiglie","robots":{"index":"index","follow":"follow","max-snippet":"max-snippet:-1","max-image-preview":"max-image-preview:large","max-video-preview":"max-video-preview:-1"},"canonical":"https:\/\/progettotouring.it\/radiotouring104\/2025\/12\/09\/reggio-al-museo-diocesano-la-mostra-dei-presepi-della-collezione-sapone\/","og_locale":"it_IT","og_type":"article","og_title":"Al Museo Diocesano la mostra Presepi della \"Collezione Sapone\"","og_description":"Nella Mostra dei Presepi pi\u00f9 belli della Collezione di Nin\u00ec Sapone, previste anche attivit\u00e0 didattiche per Scuole e famiglie","og_url":"https:\/\/progettotouring.it\/radiotouring104\/2025\/12\/09\/reggio-al-museo-diocesano-la-mostra-dei-presepi-della-collezione-sapone\/","og_site_name":"Radio Touring 104","article_published_time":"2025-12-09T11:45:48+00:00","article_modified_time":"2025-12-09T11:46:07+00:00","og_image":[{"width":306,"height":339,"url":"https:\/\/progettotouring.it\/radiotouring104\/wp-content\/uploads\/sites\/6\/2025\/12\/Natale-al-Museo-Diocesano-Mostra-Presepi-Nini-Sapone.gif","type":"image\/gif"}],"author":"redazione","twitter_card":"summary_large_image","twitter_misc":{"Scritto da":"redazione","Tempo di lettura stimato":"1 minuto"},"schema":{"@context":"https:\/\/schema.org","@graph":[{"@type":"Article","@id":"https:\/\/progettotouring.it\/radiotouring104\/2025\/12\/09\/reggio-al-museo-diocesano-la-mostra-dei-presepi-della-collezione-sapone\/#article","isPartOf":{"@id":"https:\/\/progettotouring.it\/radiotouring104\/2025\/12\/09\/reggio-al-museo-diocesano-la-mostra-dei-presepi-della-collezione-sapone\/"},"author":{"name":"redazione","@id":"https:\/\/progettotouring.it\/radiotouring104\/#\/schema\/person\/1b3eb3c07c47136bc44c785c543e635f"},"headline":"Reggio: al Museo Diocesano la mostra dei Presepi della &#8220;Collezione Sapone&#8221;","datePublished":"2025-12-09T11:45:48+00:00","dateModified":"2025-12-09T11:46:07+00:00","mainEntityOfPage":{"@id":"https:\/\/progettotouring.it\/radiotouring104\/2025\/12\/09\/reggio-al-museo-diocesano-la-mostra-dei-presepi-della-collezione-sapone\/"},"wordCount":170,"publisher":{"@id":"https:\/\/progettotouring.it\/radiotouring104\/#organization"},"image":{"@id":"https:\/\/progettotouring.it\/radiotouring104\/2025\/12\/09\/reggio-al-museo-diocesano-la-mostra-dei-presepi-della-collezione-sapone\/#primaryimage"},"thumbnailUrl":"https:\/\/progettotouring.it\/radiotouring104\/wp-content\/uploads\/sites\/6\/2025\/12\/Natale-al-Museo-Diocesano-Mostra-Presepi-Nini-Sapone.gif","keywords":["\u201cViaggio nel Presepe\u201d","attivit\u00e0 didattiche per Scuole","Collezione Nin\u00ec Sapone","mostra presepi","museo diocesano"],"articleSection":["Home","News","Reggio Calabria"],"inLanguage":"it-IT"},{"@type":"WebPage","@id":"https:\/\/progettotouring.it\/radiotouring104\/2025\/12\/09\/reggio-al-museo-diocesano-la-mostra-dei-presepi-della-collezione-sapone\/","url":"https:\/\/progettotouring.it\/radiotouring104\/2025\/12\/09\/reggio-al-museo-diocesano-la-mostra-dei-presepi-della-collezione-sapone\/","name":"Al Museo Diocesano la mostra Presepi della \"Collezione Sapone\"","isPartOf":{"@id":"https:\/\/progettotouring.it\/radiotouring104\/#website"},"primaryImageOfPage":{"@id":"https:\/\/progettotouring.it\/radiotouring104\/2025\/12\/09\/reggio-al-museo-diocesano-la-mostra-dei-presepi-della-collezione-sapone\/#primaryimage"},"image":{"@id":"https:\/\/progettotouring.it\/radiotouring104\/2025\/12\/09\/reggio-al-museo-diocesano-la-mostra-dei-presepi-della-collezione-sapone\/#primaryimage"},"thumbnailUrl":"https:\/\/progettotouring.it\/radiotouring104\/wp-content\/uploads\/sites\/6\/2025\/12\/Natale-al-Museo-Diocesano-Mostra-Presepi-Nini-Sapone.gif","datePublished":"2025-12-09T11:45:48+00:00","dateModified":"2025-12-09T11:46:07+00:00","description":"Nella Mostra dei Presepi pi\u00f9 belli della Collezione di Nin\u00ec Sapone, previste anche attivit\u00e0 didattiche per Scuole e famiglie","breadcrumb":{"@id":"https:\/\/progettotouring.it\/radiotouring104\/2025\/12\/09\/reggio-al-museo-diocesano-la-mostra-dei-presepi-della-collezione-sapone\/#breadcrumb"},"inLanguage":"it-IT","potentialAction":[{"@type":"ReadAction","target":["https:\/\/progettotouring.it\/radiotouring104\/2025\/12\/09\/reggio-al-museo-diocesano-la-mostra-dei-presepi-della-collezione-sapone\/"]}]},{"@type":"ImageObject","inLanguage":"it-IT","@id":"https:\/\/progettotouring.it\/radiotouring104\/2025\/12\/09\/reggio-al-museo-diocesano-la-mostra-dei-presepi-della-collezione-sapone\/#primaryimage","url":"https:\/\/progettotouring.it\/radiotouring104\/wp-content\/uploads\/sites\/6\/2025\/12\/Natale-al-Museo-Diocesano-Mostra-Presepi-Nini-Sapone.gif","contentUrl":"https:\/\/progettotouring.it\/radiotouring104\/wp-content\/uploads\/sites\/6\/2025\/12\/Natale-al-Museo-Diocesano-Mostra-Presepi-Nini-Sapone.gif","width":306,"height":339},{"@type":"BreadcrumbList","@id":"https:\/\/progettotouring.it\/radiotouring104\/2025\/12\/09\/reggio-al-museo-diocesano-la-mostra-dei-presepi-della-collezione-sapone\/#breadcrumb","itemListElement":[{"@type":"ListItem","position":1,"name":"Home","item":"https:\/\/progettotouring.it\/radiotouring104\/"},{"@type":"ListItem","position":2,"name":"Reggio: al Museo Diocesano la mostra dei Presepi della &#8220;Collezione Sapone&#8221;"}]},{"@type":"WebSite","@id":"https:\/\/progettotouring.it\/radiotouring104\/#website","url":"https:\/\/progettotouring.it\/radiotouring104\/","name":"Radio Touring 104","description":"La prima radio Reggina","publisher":{"@id":"https:\/\/progettotouring.it\/radiotouring104\/#organization"},"potentialAction":[{"@type":"SearchAction","target":{"@type":"EntryPoint","urlTemplate":"https:\/\/progettotouring.it\/radiotouring104\/?s={search_term_string}"},"query-input":{"@type":"PropertyValueSpecification","valueRequired":true,"valueName":"search_term_string"}}],"inLanguage":"it-IT"},{"@type":"Organization","@id":"https:\/\/progettotouring.it\/radiotouring104\/#organization","name":"Radio Touring 104","url":"https:\/\/progettotouring.it\/radiotouring104\/","logo":{"@type":"ImageObject","inLanguage":"it-IT","@id":"https:\/\/progettotouring.it\/radiotouring104\/#\/schema\/logo\/image\/","url":"https:\/\/progettotouring.it\/radiotouring104\/wp-content\/uploads\/sites\/6\/2022\/02\/cropped-logo-radio-touring-104.png","contentUrl":"https:\/\/progettotouring.it\/radiotouring104\/wp-content\/uploads\/sites\/6\/2022\/02\/cropped-logo-radio-touring-104.png","width":377,"height":182,"caption":"Radio Touring 104"},"image":{"@id":"https:\/\/progettotouring.it\/radiotouring104\/#\/schema\/logo\/image\/"}},{"@type":"Person","@id":"https:\/\/progettotouring.it\/radiotouring104\/#\/schema\/person\/1b3eb3c07c47136bc44c785c543e635f","name":"redazione","image":{"@type":"ImageObject","inLanguage":"it-IT","@id":"https:\/\/secure.gravatar.com\/avatar\/0b31605b49f100769e8b624b3e05de1b73e1692e9568a352f60f53fd072e6e11?s=96&d=mm&r=g","url":"https:\/\/secure.gravatar.com\/avatar\/0b31605b49f100769e8b624b3e05de1b73e1692e9568a352f60f53fd072e6e11?s=96&d=mm&r=g","contentUrl":"https:\/\/secure.gravatar.com\/avatar\/0b31605b49f100769e8b624b3e05de1b73e1692e9568a352f60f53fd072e6e11?s=96&d=mm&r=g","caption":"redazione"},"url":"https:\/\/progettotouring.it\/radiotouring104\/author\/redazione\/"}]}},"jetpack_publicize_connections":[],"jetpack_featured_media_url":"https:\/\/progettotouring.it\/radiotouring104\/wp-content\/uploads\/sites\/6\/2025\/12\/Natale-al-Museo-Diocesano-Mostra-Presepi-Nini-Sapone.gif","jetpack_sharing_enabled":true,"_links":{"self":[{"href":"https:\/\/progettotouring.it\/radiotouring104\/wp-json\/wp\/v2\/posts\/87172","targetHints":{"allow":["GET"]}}],"collection":[{"href":"https:\/\/progettotouring.it\/radiotouring104\/wp-json\/wp\/v2\/posts"}],"about":[{"href":"https:\/\/progettotouring.it\/radiotouring104\/wp-json\/wp\/v2\/types\/post"}],"author":[{"embeddable":true,"href":"https:\/\/progettotouring.it\/radiotouring104\/wp-json\/wp\/v2\/users\/5"}],"replies":[{"embeddable":true,"href":"https:\/\/progettotouring.it\/radiotouring104\/wp-json\/wp\/v2\/comments?post=87172"}],"version-history":[{"count":1,"href":"https:\/\/progettotouring.it\/radiotouring104\/wp-json\/wp\/v2\/posts\/87172\/revisions"}],"predecessor-version":[{"id":87174,"href":"https:\/\/progettotouring.it\/radiotouring104\/wp-json\/wp\/v2\/posts\/87172\/revisions\/87174"}],"wp:featuredmedia":[{"embeddable":true,"href":"https:\/\/progettotouring.it\/radiotouring104\/wp-json\/wp\/v2\/media\/87173"}],"wp:attachment":[{"href":"https:\/\/progettotouring.it\/radiotouring104\/wp-json\/wp\/v2\/media?parent=87172"}],"wp:term":[{"taxonomy":"category","embeddable":true,"href":"https:\/\/progettotouring.it\/radiotouring104\/wp-json\/wp\/v2\/categories?post=87172"},{"taxonomy":"post_tag","embeddable":true,"href":"https:\/\/progettotouring.it\/radiotouring104\/wp-json\/wp\/v2\/tags?post=87172"}],"curies":[{"name":"wp","href":"https:\/\/api.w.org\/{rel}","templated":true}]}}