{"id":87177,"date":"2025-12-09T12:58:21","date_gmt":"2025-12-09T11:58:21","guid":{"rendered":"https:\/\/progettotouring.it\/radiotouring104\/?p=87177"},"modified":"2025-12-11T11:28:01","modified_gmt":"2025-12-11T10:28:01","slug":"reggio-la-pioggia-non-ferma-la-giornata-di-trekking-urbano-di-onda-orange-tra-le-potenzialita-turistiche-di-reggio","status":"publish","type":"post","link":"https:\/\/progettotouring.it\/radiotouring104\/2025\/12\/09\/reggio-la-pioggia-non-ferma-la-giornata-di-trekking-urbano-di-onda-orange-tra-le-potenzialita-turistiche-di-reggio\/","title":{"rendered":"Reggio: la pioggia non ferma la giornata di trekking urbano di &#8220;Onda Orange&#8221;, tra le potenzialit\u00e0 turistiche di Reggio"},"content":{"rendered":"<p>Si \u00e8 svolto domenica 7 dicembre il primo trekking urbano targato Onda Orange.<\/p>\n<p>Nonostante il meteo poco clemente sono stati tanti i reggini incuriositi dall&#8217;iniziativa che si \u00e8 articolata dalla sede della compagine Orange sita in via Crisafi 22 per poi procedere verso le vie del centro.<br \/>\nAd accompagnare i partecipanti con un racconto dei luoghi interessati dal percorso sono stati Saverio Autellitano e Domenico Guarna, alternandosi nello storytelling, al fine di dare voce, anche con l&#8217;ausilio di immagini, al patrimonio storico e culturale meta dell&#8217;itinerario.<\/p>\n<p>Un percorso volto a sensibilizzare sulle infinite pagine di storia scritte in riva allo Stretto ma con l&#8217;obiettivo anche di indicare una prospettiva in chiave turistica di questi luoghi che per troppo tempo sono rimasti vittime di gestioni hobbistiche o destinati a rimanere bellissime scatole vuote in attesa di eventi estemporanei di respiro locale.<\/p>\n<p>La prospettiva indicata ancora una volta \u00e8 quella di dare spazio alle professionalit\u00e0 del settore per immaginare nuovi metodi di racconto che tengano in giusto conto gli strumenti che oggi la tecnologia fornisce, coniugandoli con la ricerca autorevole al fine di comunicare le informazioni necessarie ad incuriosire turisti e visitatori, senza dimenticare la necessit\u00e0 di far nascere o rafforzare lo spirito di appartenenza dei residenti.<\/p>\n<p>L&#8217;opportuna messa in rete dei luoghi di interesse, resi comprensibili e attrattivi con servizi aggiuntivi (audioguide, realt\u00e0 aumentata ecc&#8230;), magari promossi con un ticket unico con il Museo Archeologico, potenzierebbe notevolmente l&#8217;offerta turistica cittadina, stimolando magari la necessit\u00e0 di soffermarsi qualche giorno in pi\u00f9 nella nostra citt\u00e0.<\/p>\n<p>&nbsp;<\/p>\n","protected":false},"excerpt":{"rendered":"<p>Si \u00e8 svolto domenica 7 dicembre il primo trekking urbano targato Onda Orange. Nonostante il meteo poco clemente sono stati tanti i reggini incuriositi dall&#8217;iniziativa che si \u00e8 articolata dalla&hellip;<\/p>\n","protected":false},"author":5,"featured_media":87178,"comment_status":"closed","ping_status":"open","sticky":false,"template":"","format":"standard","meta":{"_jetpack_memberships_contains_paid_content":false,"footnotes":"","jetpack_publicize_message":"","jetpack_publicize_feature_enabled":true,"jetpack_social_post_already_shared":true,"jetpack_social_options":{"image_generator_settings":{"template":"highway","default_image_id":0,"font":"","enabled":false},"version":2}},"categories":[921,196,140],"tags":[45853,46784,4182,49438],"class_list":["post-87177","post","type-post","status-publish","format-standard","has-post-thumbnail","hentry","category-home","category-news","category-reggio-calabria","tag-domenico-guarna","tag-onda-orange","tag-saverio-autellitano","tag-trekking-urbano"],"yoast_head":"<!-- This site is optimized with the Yoast SEO plugin v27.2 - https:\/\/yoast.com\/product\/yoast-seo-wordpress\/ -->\n<title>Reggio: la pioggia non ferma la giornata di trekking urbano di &quot;Onda Orange&quot;, tra le potenzialit\u00e0 turistiche di Reggio - Radio Touring 104<\/title>\n<meta name=\"description\" content=\"Svolta domenica 7 dicembre la prima giornata di trekking, articolata dalla sede di Onda Orange alle vie cittadine del centro\" \/>\n<meta name=\"robots\" content=\"index, follow, max-snippet:-1, max-image-preview:large, max-video-preview:-1\" \/>\n<link rel=\"canonical\" href=\"https:\/\/progettotouring.it\/radiotouring104\/2025\/12\/09\/reggio-la-pioggia-non-ferma-la-giornata-di-trekking-urbano-di-onda-orange-tra-le-potenzialita-turistiche-di-reggio\/\" \/>\n<meta property=\"og:locale\" content=\"it_IT\" \/>\n<meta property=\"og:type\" content=\"article\" \/>\n<meta property=\"og:title\" content=\"Reggio: la pioggia non ferma la giornata di trekking urbano di &quot;Onda Orange&quot;, tra le potenzialit\u00e0 turistiche di Reggio - Radio Touring 104\" \/>\n<meta property=\"og:description\" content=\"Svolta domenica 7 dicembre la prima giornata di trekking, articolata dalla sede di Onda Orange alle vie cittadine del centro\" \/>\n<meta property=\"og:url\" content=\"https:\/\/progettotouring.it\/radiotouring104\/2025\/12\/09\/reggio-la-pioggia-non-ferma-la-giornata-di-trekking-urbano-di-onda-orange-tra-le-potenzialita-turistiche-di-reggio\/\" \/>\n<meta property=\"og:site_name\" content=\"Radio Touring 104\" \/>\n<meta property=\"article:published_time\" content=\"2025-12-09T11:58:21+00:00\" \/>\n<meta property=\"article:modified_time\" content=\"2025-12-11T10:28:01+00:00\" \/>\n<meta property=\"og:image\" content=\"https:\/\/progettotouring.it\/radiotouring104\/wp-content\/uploads\/sites\/6\/2025\/12\/Onda-Orange-Trekking-Urbano.jpg\" \/>\n\t<meta property=\"og:image:width\" content=\"1094\" \/>\n\t<meta property=\"og:image:height\" content=\"729\" \/>\n\t<meta property=\"og:image:type\" content=\"image\/jpeg\" \/>\n<meta name=\"author\" content=\"redazione\" \/>\n<meta name=\"twitter:card\" content=\"summary_large_image\" \/>\n<meta name=\"twitter:label1\" content=\"Scritto da\" \/>\n\t<meta name=\"twitter:data1\" content=\"redazione\" \/>\n\t<meta name=\"twitter:label2\" content=\"Tempo di lettura stimato\" \/>\n\t<meta name=\"twitter:data2\" content=\"1 minuto\" \/>\n<script type=\"application\/ld+json\" class=\"yoast-schema-graph\">{\"@context\":\"https:\/\/schema.org\",\"@graph\":[{\"@type\":\"Article\",\"@id\":\"https:\/\/progettotouring.it\/radiotouring104\/2025\/12\/09\/reggio-la-pioggia-non-ferma-la-giornata-di-trekking-urbano-di-onda-orange-tra-le-potenzialita-turistiche-di-reggio\/#article\",\"isPartOf\":{\"@id\":\"https:\/\/progettotouring.it\/radiotouring104\/2025\/12\/09\/reggio-la-pioggia-non-ferma-la-giornata-di-trekking-urbano-di-onda-orange-tra-le-potenzialita-turistiche-di-reggio\/\"},\"author\":{\"name\":\"redazione\",\"@id\":\"https:\/\/progettotouring.it\/radiotouring104\/#\/schema\/person\/1b3eb3c07c47136bc44c785c543e635f\"},\"headline\":\"Reggio: la pioggia non ferma la giornata di trekking urbano di &#8220;Onda Orange&#8221;, tra le potenzialit\u00e0 turistiche di Reggio\",\"datePublished\":\"2025-12-09T11:58:21+00:00\",\"dateModified\":\"2025-12-11T10:28:01+00:00\",\"mainEntityOfPage\":{\"@id\":\"https:\/\/progettotouring.it\/radiotouring104\/2025\/12\/09\/reggio-la-pioggia-non-ferma-la-giornata-di-trekking-urbano-di-onda-orange-tra-le-potenzialita-turistiche-di-reggio\/\"},\"wordCount\":267,\"publisher\":{\"@id\":\"https:\/\/progettotouring.it\/radiotouring104\/#organization\"},\"image\":{\"@id\":\"https:\/\/progettotouring.it\/radiotouring104\/2025\/12\/09\/reggio-la-pioggia-non-ferma-la-giornata-di-trekking-urbano-di-onda-orange-tra-le-potenzialita-turistiche-di-reggio\/#primaryimage\"},\"thumbnailUrl\":\"https:\/\/progettotouring.it\/radiotouring104\/wp-content\/uploads\/sites\/6\/2025\/12\/Onda-Orange-Trekking-Urbano.jpg\",\"keywords\":[\"Domenico Guarna\",\"onda orange\",\"Saverio Autellitano\",\"trekking urbano\"],\"articleSection\":[\"Home\",\"News\",\"Reggio Calabria\"],\"inLanguage\":\"it-IT\"},{\"@type\":\"WebPage\",\"@id\":\"https:\/\/progettotouring.it\/radiotouring104\/2025\/12\/09\/reggio-la-pioggia-non-ferma-la-giornata-di-trekking-urbano-di-onda-orange-tra-le-potenzialita-turistiche-di-reggio\/\",\"url\":\"https:\/\/progettotouring.it\/radiotouring104\/2025\/12\/09\/reggio-la-pioggia-non-ferma-la-giornata-di-trekking-urbano-di-onda-orange-tra-le-potenzialita-turistiche-di-reggio\/\",\"name\":\"Reggio: la pioggia non ferma la giornata di trekking urbano di \\\"Onda Orange\\\", tra le potenzialit\u00e0 turistiche di Reggio - Radio Touring 104\",\"isPartOf\":{\"@id\":\"https:\/\/progettotouring.it\/radiotouring104\/#website\"},\"primaryImageOfPage\":{\"@id\":\"https:\/\/progettotouring.it\/radiotouring104\/2025\/12\/09\/reggio-la-pioggia-non-ferma-la-giornata-di-trekking-urbano-di-onda-orange-tra-le-potenzialita-turistiche-di-reggio\/#primaryimage\"},\"image\":{\"@id\":\"https:\/\/progettotouring.it\/radiotouring104\/2025\/12\/09\/reggio-la-pioggia-non-ferma-la-giornata-di-trekking-urbano-di-onda-orange-tra-le-potenzialita-turistiche-di-reggio\/#primaryimage\"},\"thumbnailUrl\":\"https:\/\/progettotouring.it\/radiotouring104\/wp-content\/uploads\/sites\/6\/2025\/12\/Onda-Orange-Trekking-Urbano.jpg\",\"datePublished\":\"2025-12-09T11:58:21+00:00\",\"dateModified\":\"2025-12-11T10:28:01+00:00\",\"description\":\"Svolta domenica 7 dicembre la prima giornata di trekking, articolata dalla sede di Onda Orange alle vie cittadine del centro\",\"breadcrumb\":{\"@id\":\"https:\/\/progettotouring.it\/radiotouring104\/2025\/12\/09\/reggio-la-pioggia-non-ferma-la-giornata-di-trekking-urbano-di-onda-orange-tra-le-potenzialita-turistiche-di-reggio\/#breadcrumb\"},\"inLanguage\":\"it-IT\",\"potentialAction\":[{\"@type\":\"ReadAction\",\"target\":[\"https:\/\/progettotouring.it\/radiotouring104\/2025\/12\/09\/reggio-la-pioggia-non-ferma-la-giornata-di-trekking-urbano-di-onda-orange-tra-le-potenzialita-turistiche-di-reggio\/\"]}]},{\"@type\":\"ImageObject\",\"inLanguage\":\"it-IT\",\"@id\":\"https:\/\/progettotouring.it\/radiotouring104\/2025\/12\/09\/reggio-la-pioggia-non-ferma-la-giornata-di-trekking-urbano-di-onda-orange-tra-le-potenzialita-turistiche-di-reggio\/#primaryimage\",\"url\":\"https:\/\/progettotouring.it\/radiotouring104\/wp-content\/uploads\/sites\/6\/2025\/12\/Onda-Orange-Trekking-Urbano.jpg\",\"contentUrl\":\"https:\/\/progettotouring.it\/radiotouring104\/wp-content\/uploads\/sites\/6\/2025\/12\/Onda-Orange-Trekking-Urbano.jpg\",\"width\":1094,\"height\":729},{\"@type\":\"BreadcrumbList\",\"@id\":\"https:\/\/progettotouring.it\/radiotouring104\/2025\/12\/09\/reggio-la-pioggia-non-ferma-la-giornata-di-trekking-urbano-di-onda-orange-tra-le-potenzialita-turistiche-di-reggio\/#breadcrumb\",\"itemListElement\":[{\"@type\":\"ListItem\",\"position\":1,\"name\":\"Home\",\"item\":\"https:\/\/progettotouring.it\/radiotouring104\/\"},{\"@type\":\"ListItem\",\"position\":2,\"name\":\"Reggio: la pioggia non ferma la giornata di trekking urbano di &#8220;Onda Orange&#8221;, tra le potenzialit\u00e0 turistiche di Reggio\"}]},{\"@type\":\"WebSite\",\"@id\":\"https:\/\/progettotouring.it\/radiotouring104\/#website\",\"url\":\"https:\/\/progettotouring.it\/radiotouring104\/\",\"name\":\"Radio Touring 104\",\"description\":\"La prima radio Reggina\",\"publisher\":{\"@id\":\"https:\/\/progettotouring.it\/radiotouring104\/#organization\"},\"potentialAction\":[{\"@type\":\"SearchAction\",\"target\":{\"@type\":\"EntryPoint\",\"urlTemplate\":\"https:\/\/progettotouring.it\/radiotouring104\/?s={search_term_string}\"},\"query-input\":{\"@type\":\"PropertyValueSpecification\",\"valueRequired\":true,\"valueName\":\"search_term_string\"}}],\"inLanguage\":\"it-IT\"},{\"@type\":\"Organization\",\"@id\":\"https:\/\/progettotouring.it\/radiotouring104\/#organization\",\"name\":\"Radio Touring 104\",\"url\":\"https:\/\/progettotouring.it\/radiotouring104\/\",\"logo\":{\"@type\":\"ImageObject\",\"inLanguage\":\"it-IT\",\"@id\":\"https:\/\/progettotouring.it\/radiotouring104\/#\/schema\/logo\/image\/\",\"url\":\"https:\/\/progettotouring.it\/radiotouring104\/wp-content\/uploads\/sites\/6\/2022\/02\/cropped-logo-radio-touring-104.png\",\"contentUrl\":\"https:\/\/progettotouring.it\/radiotouring104\/wp-content\/uploads\/sites\/6\/2022\/02\/cropped-logo-radio-touring-104.png\",\"width\":377,\"height\":182,\"caption\":\"Radio Touring 104\"},\"image\":{\"@id\":\"https:\/\/progettotouring.it\/radiotouring104\/#\/schema\/logo\/image\/\"}},{\"@type\":\"Person\",\"@id\":\"https:\/\/progettotouring.it\/radiotouring104\/#\/schema\/person\/1b3eb3c07c47136bc44c785c543e635f\",\"name\":\"redazione\",\"image\":{\"@type\":\"ImageObject\",\"inLanguage\":\"it-IT\",\"@id\":\"https:\/\/secure.gravatar.com\/avatar\/0b31605b49f100769e8b624b3e05de1b73e1692e9568a352f60f53fd072e6e11?s=96&d=mm&r=g\",\"url\":\"https:\/\/secure.gravatar.com\/avatar\/0b31605b49f100769e8b624b3e05de1b73e1692e9568a352f60f53fd072e6e11?s=96&d=mm&r=g\",\"contentUrl\":\"https:\/\/secure.gravatar.com\/avatar\/0b31605b49f100769e8b624b3e05de1b73e1692e9568a352f60f53fd072e6e11?s=96&d=mm&r=g\",\"caption\":\"redazione\"},\"url\":\"https:\/\/progettotouring.it\/radiotouring104\/author\/redazione\/\"}]}<\/script>\n<!-- \/ Yoast SEO plugin. -->","yoast_head_json":{"title":"Reggio: la pioggia non ferma la giornata di trekking urbano di \"Onda Orange\", tra le potenzialit\u00e0 turistiche di Reggio - Radio Touring 104","description":"Svolta domenica 7 dicembre la prima giornata di trekking, articolata dalla sede di Onda Orange alle vie cittadine del centro","robots":{"index":"index","follow":"follow","max-snippet":"max-snippet:-1","max-image-preview":"max-image-preview:large","max-video-preview":"max-video-preview:-1"},"canonical":"https:\/\/progettotouring.it\/radiotouring104\/2025\/12\/09\/reggio-la-pioggia-non-ferma-la-giornata-di-trekking-urbano-di-onda-orange-tra-le-potenzialita-turistiche-di-reggio\/","og_locale":"it_IT","og_type":"article","og_title":"Reggio: la pioggia non ferma la giornata di trekking urbano di \"Onda Orange\", tra le potenzialit\u00e0 turistiche di Reggio - Radio Touring 104","og_description":"Svolta domenica 7 dicembre la prima giornata di trekking, articolata dalla sede di Onda Orange alle vie cittadine del centro","og_url":"https:\/\/progettotouring.it\/radiotouring104\/2025\/12\/09\/reggio-la-pioggia-non-ferma-la-giornata-di-trekking-urbano-di-onda-orange-tra-le-potenzialita-turistiche-di-reggio\/","og_site_name":"Radio Touring 104","article_published_time":"2025-12-09T11:58:21+00:00","article_modified_time":"2025-12-11T10:28:01+00:00","og_image":[{"width":1094,"height":729,"url":"https:\/\/progettotouring.it\/radiotouring104\/wp-content\/uploads\/sites\/6\/2025\/12\/Onda-Orange-Trekking-Urbano.jpg","type":"image\/jpeg"}],"author":"redazione","twitter_card":"summary_large_image","twitter_misc":{"Scritto da":"redazione","Tempo di lettura stimato":"1 minuto"},"schema":{"@context":"https:\/\/schema.org","@graph":[{"@type":"Article","@id":"https:\/\/progettotouring.it\/radiotouring104\/2025\/12\/09\/reggio-la-pioggia-non-ferma-la-giornata-di-trekking-urbano-di-onda-orange-tra-le-potenzialita-turistiche-di-reggio\/#article","isPartOf":{"@id":"https:\/\/progettotouring.it\/radiotouring104\/2025\/12\/09\/reggio-la-pioggia-non-ferma-la-giornata-di-trekking-urbano-di-onda-orange-tra-le-potenzialita-turistiche-di-reggio\/"},"author":{"name":"redazione","@id":"https:\/\/progettotouring.it\/radiotouring104\/#\/schema\/person\/1b3eb3c07c47136bc44c785c543e635f"},"headline":"Reggio: la pioggia non ferma la giornata di trekking urbano di &#8220;Onda Orange&#8221;, tra le potenzialit\u00e0 turistiche di Reggio","datePublished":"2025-12-09T11:58:21+00:00","dateModified":"2025-12-11T10:28:01+00:00","mainEntityOfPage":{"@id":"https:\/\/progettotouring.it\/radiotouring104\/2025\/12\/09\/reggio-la-pioggia-non-ferma-la-giornata-di-trekking-urbano-di-onda-orange-tra-le-potenzialita-turistiche-di-reggio\/"},"wordCount":267,"publisher":{"@id":"https:\/\/progettotouring.it\/radiotouring104\/#organization"},"image":{"@id":"https:\/\/progettotouring.it\/radiotouring104\/2025\/12\/09\/reggio-la-pioggia-non-ferma-la-giornata-di-trekking-urbano-di-onda-orange-tra-le-potenzialita-turistiche-di-reggio\/#primaryimage"},"thumbnailUrl":"https:\/\/progettotouring.it\/radiotouring104\/wp-content\/uploads\/sites\/6\/2025\/12\/Onda-Orange-Trekking-Urbano.jpg","keywords":["Domenico Guarna","onda orange","Saverio Autellitano","trekking urbano"],"articleSection":["Home","News","Reggio Calabria"],"inLanguage":"it-IT"},{"@type":"WebPage","@id":"https:\/\/progettotouring.it\/radiotouring104\/2025\/12\/09\/reggio-la-pioggia-non-ferma-la-giornata-di-trekking-urbano-di-onda-orange-tra-le-potenzialita-turistiche-di-reggio\/","url":"https:\/\/progettotouring.it\/radiotouring104\/2025\/12\/09\/reggio-la-pioggia-non-ferma-la-giornata-di-trekking-urbano-di-onda-orange-tra-le-potenzialita-turistiche-di-reggio\/","name":"Reggio: la pioggia non ferma la giornata di trekking urbano di \"Onda Orange\", tra le potenzialit\u00e0 turistiche di Reggio - Radio Touring 104","isPartOf":{"@id":"https:\/\/progettotouring.it\/radiotouring104\/#website"},"primaryImageOfPage":{"@id":"https:\/\/progettotouring.it\/radiotouring104\/2025\/12\/09\/reggio-la-pioggia-non-ferma-la-giornata-di-trekking-urbano-di-onda-orange-tra-le-potenzialita-turistiche-di-reggio\/#primaryimage"},"image":{"@id":"https:\/\/progettotouring.it\/radiotouring104\/2025\/12\/09\/reggio-la-pioggia-non-ferma-la-giornata-di-trekking-urbano-di-onda-orange-tra-le-potenzialita-turistiche-di-reggio\/#primaryimage"},"thumbnailUrl":"https:\/\/progettotouring.it\/radiotouring104\/wp-content\/uploads\/sites\/6\/2025\/12\/Onda-Orange-Trekking-Urbano.jpg","datePublished":"2025-12-09T11:58:21+00:00","dateModified":"2025-12-11T10:28:01+00:00","description":"Svolta domenica 7 dicembre la prima giornata di trekking, articolata dalla sede di Onda Orange alle vie cittadine del centro","breadcrumb":{"@id":"https:\/\/progettotouring.it\/radiotouring104\/2025\/12\/09\/reggio-la-pioggia-non-ferma-la-giornata-di-trekking-urbano-di-onda-orange-tra-le-potenzialita-turistiche-di-reggio\/#breadcrumb"},"inLanguage":"it-IT","potentialAction":[{"@type":"ReadAction","target":["https:\/\/progettotouring.it\/radiotouring104\/2025\/12\/09\/reggio-la-pioggia-non-ferma-la-giornata-di-trekking-urbano-di-onda-orange-tra-le-potenzialita-turistiche-di-reggio\/"]}]},{"@type":"ImageObject","inLanguage":"it-IT","@id":"https:\/\/progettotouring.it\/radiotouring104\/2025\/12\/09\/reggio-la-pioggia-non-ferma-la-giornata-di-trekking-urbano-di-onda-orange-tra-le-potenzialita-turistiche-di-reggio\/#primaryimage","url":"https:\/\/progettotouring.it\/radiotouring104\/wp-content\/uploads\/sites\/6\/2025\/12\/Onda-Orange-Trekking-Urbano.jpg","contentUrl":"https:\/\/progettotouring.it\/radiotouring104\/wp-content\/uploads\/sites\/6\/2025\/12\/Onda-Orange-Trekking-Urbano.jpg","width":1094,"height":729},{"@type":"BreadcrumbList","@id":"https:\/\/progettotouring.it\/radiotouring104\/2025\/12\/09\/reggio-la-pioggia-non-ferma-la-giornata-di-trekking-urbano-di-onda-orange-tra-le-potenzialita-turistiche-di-reggio\/#breadcrumb","itemListElement":[{"@type":"ListItem","position":1,"name":"Home","item":"https:\/\/progettotouring.it\/radiotouring104\/"},{"@type":"ListItem","position":2,"name":"Reggio: la pioggia non ferma la giornata di trekking urbano di &#8220;Onda Orange&#8221;, tra le potenzialit\u00e0 turistiche di Reggio"}]},{"@type":"WebSite","@id":"https:\/\/progettotouring.it\/radiotouring104\/#website","url":"https:\/\/progettotouring.it\/radiotouring104\/","name":"Radio Touring 104","description":"La prima radio Reggina","publisher":{"@id":"https:\/\/progettotouring.it\/radiotouring104\/#organization"},"potentialAction":[{"@type":"SearchAction","target":{"@type":"EntryPoint","urlTemplate":"https:\/\/progettotouring.it\/radiotouring104\/?s={search_term_string}"},"query-input":{"@type":"PropertyValueSpecification","valueRequired":true,"valueName":"search_term_string"}}],"inLanguage":"it-IT"},{"@type":"Organization","@id":"https:\/\/progettotouring.it\/radiotouring104\/#organization","name":"Radio Touring 104","url":"https:\/\/progettotouring.it\/radiotouring104\/","logo":{"@type":"ImageObject","inLanguage":"it-IT","@id":"https:\/\/progettotouring.it\/radiotouring104\/#\/schema\/logo\/image\/","url":"https:\/\/progettotouring.it\/radiotouring104\/wp-content\/uploads\/sites\/6\/2022\/02\/cropped-logo-radio-touring-104.png","contentUrl":"https:\/\/progettotouring.it\/radiotouring104\/wp-content\/uploads\/sites\/6\/2022\/02\/cropped-logo-radio-touring-104.png","width":377,"height":182,"caption":"Radio Touring 104"},"image":{"@id":"https:\/\/progettotouring.it\/radiotouring104\/#\/schema\/logo\/image\/"}},{"@type":"Person","@id":"https:\/\/progettotouring.it\/radiotouring104\/#\/schema\/person\/1b3eb3c07c47136bc44c785c543e635f","name":"redazione","image":{"@type":"ImageObject","inLanguage":"it-IT","@id":"https:\/\/secure.gravatar.com\/avatar\/0b31605b49f100769e8b624b3e05de1b73e1692e9568a352f60f53fd072e6e11?s=96&d=mm&r=g","url":"https:\/\/secure.gravatar.com\/avatar\/0b31605b49f100769e8b624b3e05de1b73e1692e9568a352f60f53fd072e6e11?s=96&d=mm&r=g","contentUrl":"https:\/\/secure.gravatar.com\/avatar\/0b31605b49f100769e8b624b3e05de1b73e1692e9568a352f60f53fd072e6e11?s=96&d=mm&r=g","caption":"redazione"},"url":"https:\/\/progettotouring.it\/radiotouring104\/author\/redazione\/"}]}},"jetpack_publicize_connections":[],"jetpack_featured_media_url":"https:\/\/progettotouring.it\/radiotouring104\/wp-content\/uploads\/sites\/6\/2025\/12\/Onda-Orange-Trekking-Urbano.jpg","jetpack_sharing_enabled":true,"_links":{"self":[{"href":"https:\/\/progettotouring.it\/radiotouring104\/wp-json\/wp\/v2\/posts\/87177","targetHints":{"allow":["GET"]}}],"collection":[{"href":"https:\/\/progettotouring.it\/radiotouring104\/wp-json\/wp\/v2\/posts"}],"about":[{"href":"https:\/\/progettotouring.it\/radiotouring104\/wp-json\/wp\/v2\/types\/post"}],"author":[{"embeddable":true,"href":"https:\/\/progettotouring.it\/radiotouring104\/wp-json\/wp\/v2\/users\/5"}],"replies":[{"embeddable":true,"href":"https:\/\/progettotouring.it\/radiotouring104\/wp-json\/wp\/v2\/comments?post=87177"}],"version-history":[{"count":1,"href":"https:\/\/progettotouring.it\/radiotouring104\/wp-json\/wp\/v2\/posts\/87177\/revisions"}],"predecessor-version":[{"id":87179,"href":"https:\/\/progettotouring.it\/radiotouring104\/wp-json\/wp\/v2\/posts\/87177\/revisions\/87179"}],"wp:featuredmedia":[{"embeddable":true,"href":"https:\/\/progettotouring.it\/radiotouring104\/wp-json\/wp\/v2\/media\/87178"}],"wp:attachment":[{"href":"https:\/\/progettotouring.it\/radiotouring104\/wp-json\/wp\/v2\/media?parent=87177"}],"wp:term":[{"taxonomy":"category","embeddable":true,"href":"https:\/\/progettotouring.it\/radiotouring104\/wp-json\/wp\/v2\/categories?post=87177"},{"taxonomy":"post_tag","embeddable":true,"href":"https:\/\/progettotouring.it\/radiotouring104\/wp-json\/wp\/v2\/tags?post=87177"}],"curies":[{"name":"wp","href":"https:\/\/api.w.org\/{rel}","templated":true}]}}