{"id":87187,"date":"2025-12-10T20:56:47","date_gmt":"2025-12-10T19:56:47","guid":{"rendered":"https:\/\/progettotouring.it\/radiotouring104\/?p=87187"},"modified":"2025-12-10T20:56:47","modified_gmt":"2025-12-10T19:56:47","slug":"querelle-cooperativa-rose-blu-la-replica-di-domenico-de-marco","status":"publish","type":"post","link":"https:\/\/progettotouring.it\/radiotouring104\/2025\/12\/10\/querelle-cooperativa-rose-blu-la-replica-di-domenico-de-marco\/","title":{"rendered":"Querelle cooperativa Rose Blu: la replica di Domenico De Marco"},"content":{"rendered":"<p>RICEVIAMO e PUBBLICHIAMO:<\/p>\n<p>La risposta nervosa del Sindaco, e come spesso accade istituzionalmente offensiva verso il lavoro di noi consiglieri di minoranza, sulla vicenda dei Servizi Sociali e sulla richiesta di interessi avanzata dalla cooperativa <em>Rose Blu <\/em>nei confronti del Comune, mi obbliga ancora una volta ad alimentare il dibattito pubblico, nonostante i vani tentativi della maggioranza di deviare l\u2019attenzione.<\/p>\n<p>Strategie che rivelano quanto il tema sia scomodo e da qui l\u2019utilit\u00e0 del mio intervento e quanto poco la Sindaca e la sua squadra sembrino volerlo affrontare con la necessaria trasparenza, quello che chiede il sottoscritto a nome proprio e dell\u2019intera Citt\u00e0, rispetto a questa vicenda.<\/p>\n<p>Secondo la Sindaca, Rose Blu starebbe semplicemente esercitando un proprio diritto nel richiedere gli interessi sulle fatture relative ai servizi erogati, senza assumersi la responsabilit\u00e0 politica dell\u2019accaduto.<\/p>\n<p>Una spiegazione che, indipendentemente dalla legittimit\u00e0 della pretesa da parte della Cooperativa, lancia un pesante segnale di allarme amministrativo che non poteva passare inosservato, indipendentemente dalle accuse di mancata conoscenza dei fatti che mi \u00e8 stato rivolto.<\/p>\n<p>Fatti che evidentemente hanno reso necessaria ed immediata la risposta del Sindaco ai miei quesiti ma che l\u2019evanescente giustificazione alimenta nuovi ed ulteriori dubbi, in considerazione della poca trasparenza che si evince dagli atti.<\/p>\n<p>Nel ripercorrere la vicenda, tali atti hanno portato ad un dibattito cittadino sui social, salvo poi subire sui medesimi social un attacco ingiustificato, frutto probabilmente di una strategia di comunicazione che ha come obiettivo quello di destabilizzare la minoranza o addirittura l\u2019intero centro destra.<\/p>\n<p>Ma tutto ci\u00f2 non scalfisce per nulla il mio lavoro che continuer\u00e0 in modo ancor pi\u00f9 incisivo nella consapevolezza che \u201cdevo e dovr\u00f2\u201d dar conto solo alla cittadinanza ed alle forze politiche che rappresento e pertanto non potevo non evidenziare l\u2019accaduto, alla luce dei rapporti stretti da anni tra la cooperativa e l\u2019amministrazione Caminiti.<\/p>\n<p>Da qui nascono degli interrogativi inevitabili: com\u2019\u00e8 possibile che un soggetto cos\u00ec vicino alla maggioranza scelga di portare il Comune in giudizio, mettendo in discussione quel rapporto fiduciario che la stessa maggioranza ha pi\u00f9 volte rivendicato? Si tratta davvero di una rottura improvvisa, o alla citt\u00e0 non \u00e8 stata ancora raccontata l\u2019intera vicenda, tenuto conto delle giustificazioni frettolose del Sindaco?<\/p>\n<p>E\u2019 chiaro che da questa vicenda si evince il vero nodo politico che riguarda la totale incapacit\u00e0 dell\u2019amministrazione Caminiti di gestire in modo corretto i rapporti con chi, per anni, ha rappresentato un tassello fondamentale del suo stesso sistema politico e operativo. Un\u2019incapacit\u00e0 che si riflette nei risultati amministrativi e che oggi emerge in tutta la sua evidenza, con possibili danni per l\u2019ente nel richiedere interessi per servizi resi e non pagati in tempo ove \u00e8 evidente una responsabilit\u00e0 politica, tenuta nascosta e riferita al mancato controllo sull\u2019attivit\u00e0 gestionale dell\u2019ente.<\/p>\n<p>Il quadro diventa ancora pi\u00f9 preoccupante se dovesse risultare fondato ci\u00f2 che da tempo sembra essere evidente, ovvero che cooperative e associazioni utilizzino immobili comunali senza corrispondere alcun canone.<\/p>\n<p>Come minoranza, del resto, avevamo gi\u00e0 presentato interrogazioni sulla gestione degli immobili comunali concessi a titolo gratuito; interrogazioni sistematicamente ignorate, nonostante il decreto del Ministero dell\u2019Interno del 28 luglio 2023 imponga ai Comuni in dissesto di riscuotere i canoni e garantire entrate certe e trasparenti, come previsto dalle norme vigenti (art. 9 comma 2 legge 537\/1992 e art. 32 legge 724\/1994). E tutto ci\u00f2 non pu\u00f2 che alimentare i dubbi sollevati.<\/p>\n<p>Ed \u00e8 proprio su questo punto che chiedo risposte politiche, non slogan. La maggioranza Caminiti deve chiarire ai cittadini perch\u00e9 continui a disattendere prescrizioni ministeriali che, per un Comune in dissesto, non sono facoltative ma obbligatorie; deve spiegare se sia vero che alcune cooperative o associazioni utilizzino beni pubblici senza alcun pagamento e con quale credibilit\u00e0 si possa parlare di \u201cbuona amministrazione\u201d se, allo stesso tempo, si alimentano contenziosi e si ignorano norme fondamentali per la stabilit\u00e0 finanziaria dell\u2019Ente.<\/p>\n<p>Forza Italia lo denuncia da oltre tre anni e mezzo: questa maggioranza procede a colpi di comunicati, mentre la realt\u00e0 amministrativa dimostra puntualmente il contrario di ci\u00f2 che racconta. A smentirli non \u00e8 la politica, ma i fatti, mese dopo mese.<\/p>\n<p>Serve chiarezza. Serve verit\u00e0. E serve adesso. Per questo chiedo anche alla stampa cittadina di esercitare fino in fondo il proprio ruolo: verificare, approfondire, informare, senza lasciarsi trascinare nei tentativi \u2013 ripetuti da anni e sempre falliti \u2013 della Sindaca di strumentalizzare l\u2019attivit\u00e0 della minoranza.<\/p>\n<p>Forza Italia, del resto, continua a essere il primo partito della citt\u00e0, come confermato anche dalle ultime elezioni regionali, a dimostrazione della nostra credibilit\u00e0 politica quale forza trainante del centro destra villese.<\/p>\n<p>Villa San Giovanni merita una gestione trasparente, non un racconto propagandistico. Ed io continuer\u00f2, con determinazione, a garantire ai cittadini quella verit\u00e0 che oggi la maggioranza sembra non voler offrire, utilizzando anche strumenti fuori il consiglio comunale che mirano ad offendere il ruolo della minoranza ma che si rileveranno assolutamente inefficaci.<\/p>\n<p>Domenico De Marco<\/p>\n<p>Consigliere comunale di Forza Italia di Villa San Giovanni<\/p>\n<p>&nbsp;<\/p>\n","protected":false},"excerpt":{"rendered":"<p>RICEVIAMO e PUBBLICHIAMO: La risposta nervosa del Sindaco, e come spesso accade istituzionalmente offensiva verso il lavoro di noi consiglieri di minoranza, sulla vicenda dei Servizi Sociali e sulla richiesta&hellip;<\/p>\n","protected":false},"author":19,"featured_media":40578,"comment_status":"closed","ping_status":"open","sticky":false,"template":"","format":"standard","meta":{"_jetpack_memberships_contains_paid_content":false,"footnotes":"","jetpack_publicize_message":"","jetpack_publicize_feature_enabled":true,"jetpack_social_post_already_shared":true,"jetpack_social_options":{"image_generator_settings":{"template":"highway","default_image_id":0,"font":"","enabled":false},"version":2}},"categories":[921,196,140],"tags":[],"class_list":["post-87187","post","type-post","status-publish","format-standard","has-post-thumbnail","hentry","category-home","category-news","category-reggio-calabria"],"yoast_head":"<!-- This site is optimized with the Yoast SEO plugin v27.2 - https:\/\/yoast.com\/product\/yoast-seo-wordpress\/ -->\n<title>Querelle cooperativa Rose Blu: la replica di Domenico De Marco - Radio Touring 104<\/title>\n<meta name=\"description\" content=\"Botta e risposta tra la sindaca di Villa e il Consigliere di opposizione\" \/>\n<meta name=\"robots\" content=\"index, follow, max-snippet:-1, max-image-preview:large, max-video-preview:-1\" \/>\n<link rel=\"canonical\" href=\"https:\/\/progettotouring.it\/radiotouring104\/2025\/12\/10\/querelle-cooperativa-rose-blu-la-replica-di-domenico-de-marco\/\" \/>\n<meta property=\"og:locale\" content=\"it_IT\" \/>\n<meta property=\"og:type\" content=\"article\" \/>\n<meta property=\"og:title\" content=\"Querelle cooperativa Rose Blu: la replica di Domenico De Marco - Radio Touring 104\" \/>\n<meta property=\"og:description\" content=\"Botta e risposta tra la sindaca di Villa e il Consigliere di opposizione\" \/>\n<meta property=\"og:url\" content=\"https:\/\/progettotouring.it\/radiotouring104\/2025\/12\/10\/querelle-cooperativa-rose-blu-la-replica-di-domenico-de-marco\/\" \/>\n<meta property=\"og:site_name\" content=\"Radio Touring 104\" \/>\n<meta property=\"article:published_time\" content=\"2025-12-10T19:56:47+00:00\" \/>\n<meta property=\"og:image\" content=\"https:\/\/progettotouring.it\/radiotouring104\/wp-content\/uploads\/sites\/6\/2023\/12\/Domenico-De-Marco.png\" \/>\n\t<meta property=\"og:image:width\" content=\"306\" \/>\n\t<meta property=\"og:image:height\" content=\"223\" \/>\n\t<meta property=\"og:image:type\" content=\"image\/png\" \/>\n<meta name=\"author\" content=\"S L\" \/>\n<meta name=\"twitter:card\" content=\"summary_large_image\" \/>\n<meta name=\"twitter:label1\" content=\"Scritto da\" \/>\n\t<meta name=\"twitter:data1\" content=\"S L\" \/>\n\t<meta name=\"twitter:label2\" content=\"Tempo di lettura stimato\" \/>\n\t<meta name=\"twitter:data2\" content=\"4 minuti\" \/>\n<script type=\"application\/ld+json\" class=\"yoast-schema-graph\">{\"@context\":\"https:\/\/schema.org\",\"@graph\":[{\"@type\":\"Article\",\"@id\":\"https:\/\/progettotouring.it\/radiotouring104\/2025\/12\/10\/querelle-cooperativa-rose-blu-la-replica-di-domenico-de-marco\/#article\",\"isPartOf\":{\"@id\":\"https:\/\/progettotouring.it\/radiotouring104\/2025\/12\/10\/querelle-cooperativa-rose-blu-la-replica-di-domenico-de-marco\/\"},\"author\":{\"name\":\"S L\",\"@id\":\"https:\/\/progettotouring.it\/radiotouring104\/#\/schema\/person\/b9f9c3730b0a78814c9b9f3bfc52c619\"},\"headline\":\"Querelle cooperativa Rose Blu: la replica di Domenico De Marco\",\"datePublished\":\"2025-12-10T19:56:47+00:00\",\"mainEntityOfPage\":{\"@id\":\"https:\/\/progettotouring.it\/radiotouring104\/2025\/12\/10\/querelle-cooperativa-rose-blu-la-replica-di-domenico-de-marco\/\"},\"wordCount\":826,\"publisher\":{\"@id\":\"https:\/\/progettotouring.it\/radiotouring104\/#organization\"},\"image\":{\"@id\":\"https:\/\/progettotouring.it\/radiotouring104\/2025\/12\/10\/querelle-cooperativa-rose-blu-la-replica-di-domenico-de-marco\/#primaryimage\"},\"thumbnailUrl\":\"https:\/\/progettotouring.it\/radiotouring104\/wp-content\/uploads\/sites\/6\/2023\/12\/Domenico-De-Marco.png\",\"articleSection\":[\"Home\",\"News\",\"Reggio Calabria\"],\"inLanguage\":\"it-IT\"},{\"@type\":\"WebPage\",\"@id\":\"https:\/\/progettotouring.it\/radiotouring104\/2025\/12\/10\/querelle-cooperativa-rose-blu-la-replica-di-domenico-de-marco\/\",\"url\":\"https:\/\/progettotouring.it\/radiotouring104\/2025\/12\/10\/querelle-cooperativa-rose-blu-la-replica-di-domenico-de-marco\/\",\"name\":\"Querelle cooperativa Rose Blu: la replica di Domenico De Marco - Radio Touring 104\",\"isPartOf\":{\"@id\":\"https:\/\/progettotouring.it\/radiotouring104\/#website\"},\"primaryImageOfPage\":{\"@id\":\"https:\/\/progettotouring.it\/radiotouring104\/2025\/12\/10\/querelle-cooperativa-rose-blu-la-replica-di-domenico-de-marco\/#primaryimage\"},\"image\":{\"@id\":\"https:\/\/progettotouring.it\/radiotouring104\/2025\/12\/10\/querelle-cooperativa-rose-blu-la-replica-di-domenico-de-marco\/#primaryimage\"},\"thumbnailUrl\":\"https:\/\/progettotouring.it\/radiotouring104\/wp-content\/uploads\/sites\/6\/2023\/12\/Domenico-De-Marco.png\",\"datePublished\":\"2025-12-10T19:56:47+00:00\",\"description\":\"Botta e risposta tra la sindaca di Villa e il Consigliere di opposizione\",\"breadcrumb\":{\"@id\":\"https:\/\/progettotouring.it\/radiotouring104\/2025\/12\/10\/querelle-cooperativa-rose-blu-la-replica-di-domenico-de-marco\/#breadcrumb\"},\"inLanguage\":\"it-IT\",\"potentialAction\":[{\"@type\":\"ReadAction\",\"target\":[\"https:\/\/progettotouring.it\/radiotouring104\/2025\/12\/10\/querelle-cooperativa-rose-blu-la-replica-di-domenico-de-marco\/\"]}]},{\"@type\":\"ImageObject\",\"inLanguage\":\"it-IT\",\"@id\":\"https:\/\/progettotouring.it\/radiotouring104\/2025\/12\/10\/querelle-cooperativa-rose-blu-la-replica-di-domenico-de-marco\/#primaryimage\",\"url\":\"https:\/\/progettotouring.it\/radiotouring104\/wp-content\/uploads\/sites\/6\/2023\/12\/Domenico-De-Marco.png\",\"contentUrl\":\"https:\/\/progettotouring.it\/radiotouring104\/wp-content\/uploads\/sites\/6\/2023\/12\/Domenico-De-Marco.png\",\"width\":306,\"height\":223},{\"@type\":\"BreadcrumbList\",\"@id\":\"https:\/\/progettotouring.it\/radiotouring104\/2025\/12\/10\/querelle-cooperativa-rose-blu-la-replica-di-domenico-de-marco\/#breadcrumb\",\"itemListElement\":[{\"@type\":\"ListItem\",\"position\":1,\"name\":\"Home\",\"item\":\"https:\/\/progettotouring.it\/radiotouring104\/\"},{\"@type\":\"ListItem\",\"position\":2,\"name\":\"Querelle cooperativa Rose Blu: la replica di Domenico De Marco\"}]},{\"@type\":\"WebSite\",\"@id\":\"https:\/\/progettotouring.it\/radiotouring104\/#website\",\"url\":\"https:\/\/progettotouring.it\/radiotouring104\/\",\"name\":\"Radio Touring 104\",\"description\":\"La prima radio Reggina\",\"publisher\":{\"@id\":\"https:\/\/progettotouring.it\/radiotouring104\/#organization\"},\"potentialAction\":[{\"@type\":\"SearchAction\",\"target\":{\"@type\":\"EntryPoint\",\"urlTemplate\":\"https:\/\/progettotouring.it\/radiotouring104\/?s={search_term_string}\"},\"query-input\":{\"@type\":\"PropertyValueSpecification\",\"valueRequired\":true,\"valueName\":\"search_term_string\"}}],\"inLanguage\":\"it-IT\"},{\"@type\":\"Organization\",\"@id\":\"https:\/\/progettotouring.it\/radiotouring104\/#organization\",\"name\":\"Radio Touring 104\",\"url\":\"https:\/\/progettotouring.it\/radiotouring104\/\",\"logo\":{\"@type\":\"ImageObject\",\"inLanguage\":\"it-IT\",\"@id\":\"https:\/\/progettotouring.it\/radiotouring104\/#\/schema\/logo\/image\/\",\"url\":\"https:\/\/progettotouring.it\/radiotouring104\/wp-content\/uploads\/sites\/6\/2022\/02\/cropped-logo-radio-touring-104.png\",\"contentUrl\":\"https:\/\/progettotouring.it\/radiotouring104\/wp-content\/uploads\/sites\/6\/2022\/02\/cropped-logo-radio-touring-104.png\",\"width\":377,\"height\":182,\"caption\":\"Radio Touring 104\"},\"image\":{\"@id\":\"https:\/\/progettotouring.it\/radiotouring104\/#\/schema\/logo\/image\/\"}},{\"@type\":\"Person\",\"@id\":\"https:\/\/progettotouring.it\/radiotouring104\/#\/schema\/person\/b9f9c3730b0a78814c9b9f3bfc52c619\",\"name\":\"S L\",\"image\":{\"@type\":\"ImageObject\",\"inLanguage\":\"it-IT\",\"@id\":\"https:\/\/secure.gravatar.com\/avatar\/652c51789d7030aaed9ff828331360502a68204fe6fb0831bc280515210e16d2?s=96&d=mm&r=g\",\"url\":\"https:\/\/secure.gravatar.com\/avatar\/652c51789d7030aaed9ff828331360502a68204fe6fb0831bc280515210e16d2?s=96&d=mm&r=g\",\"contentUrl\":\"https:\/\/secure.gravatar.com\/avatar\/652c51789d7030aaed9ff828331360502a68204fe6fb0831bc280515210e16d2?s=96&d=mm&r=g\",\"caption\":\"S L\"},\"url\":\"https:\/\/progettotouring.it\/radiotouring104\/author\/slibri\/\"}]}<\/script>\n<!-- \/ Yoast SEO plugin. -->","yoast_head_json":{"title":"Querelle cooperativa Rose Blu: la replica di Domenico De Marco - Radio Touring 104","description":"Botta e risposta tra la sindaca di Villa e il Consigliere di opposizione","robots":{"index":"index","follow":"follow","max-snippet":"max-snippet:-1","max-image-preview":"max-image-preview:large","max-video-preview":"max-video-preview:-1"},"canonical":"https:\/\/progettotouring.it\/radiotouring104\/2025\/12\/10\/querelle-cooperativa-rose-blu-la-replica-di-domenico-de-marco\/","og_locale":"it_IT","og_type":"article","og_title":"Querelle cooperativa Rose Blu: la replica di Domenico De Marco - Radio Touring 104","og_description":"Botta e risposta tra la sindaca di Villa e il Consigliere di opposizione","og_url":"https:\/\/progettotouring.it\/radiotouring104\/2025\/12\/10\/querelle-cooperativa-rose-blu-la-replica-di-domenico-de-marco\/","og_site_name":"Radio Touring 104","article_published_time":"2025-12-10T19:56:47+00:00","og_image":[{"width":306,"height":223,"url":"https:\/\/progettotouring.it\/radiotouring104\/wp-content\/uploads\/sites\/6\/2023\/12\/Domenico-De-Marco.png","type":"image\/png"}],"author":"S L","twitter_card":"summary_large_image","twitter_misc":{"Scritto da":"S L","Tempo di lettura stimato":"4 minuti"},"schema":{"@context":"https:\/\/schema.org","@graph":[{"@type":"Article","@id":"https:\/\/progettotouring.it\/radiotouring104\/2025\/12\/10\/querelle-cooperativa-rose-blu-la-replica-di-domenico-de-marco\/#article","isPartOf":{"@id":"https:\/\/progettotouring.it\/radiotouring104\/2025\/12\/10\/querelle-cooperativa-rose-blu-la-replica-di-domenico-de-marco\/"},"author":{"name":"S L","@id":"https:\/\/progettotouring.it\/radiotouring104\/#\/schema\/person\/b9f9c3730b0a78814c9b9f3bfc52c619"},"headline":"Querelle cooperativa Rose Blu: la replica di Domenico De Marco","datePublished":"2025-12-10T19:56:47+00:00","mainEntityOfPage":{"@id":"https:\/\/progettotouring.it\/radiotouring104\/2025\/12\/10\/querelle-cooperativa-rose-blu-la-replica-di-domenico-de-marco\/"},"wordCount":826,"publisher":{"@id":"https:\/\/progettotouring.it\/radiotouring104\/#organization"},"image":{"@id":"https:\/\/progettotouring.it\/radiotouring104\/2025\/12\/10\/querelle-cooperativa-rose-blu-la-replica-di-domenico-de-marco\/#primaryimage"},"thumbnailUrl":"https:\/\/progettotouring.it\/radiotouring104\/wp-content\/uploads\/sites\/6\/2023\/12\/Domenico-De-Marco.png","articleSection":["Home","News","Reggio Calabria"],"inLanguage":"it-IT"},{"@type":"WebPage","@id":"https:\/\/progettotouring.it\/radiotouring104\/2025\/12\/10\/querelle-cooperativa-rose-blu-la-replica-di-domenico-de-marco\/","url":"https:\/\/progettotouring.it\/radiotouring104\/2025\/12\/10\/querelle-cooperativa-rose-blu-la-replica-di-domenico-de-marco\/","name":"Querelle cooperativa Rose Blu: la replica di Domenico De Marco - Radio Touring 104","isPartOf":{"@id":"https:\/\/progettotouring.it\/radiotouring104\/#website"},"primaryImageOfPage":{"@id":"https:\/\/progettotouring.it\/radiotouring104\/2025\/12\/10\/querelle-cooperativa-rose-blu-la-replica-di-domenico-de-marco\/#primaryimage"},"image":{"@id":"https:\/\/progettotouring.it\/radiotouring104\/2025\/12\/10\/querelle-cooperativa-rose-blu-la-replica-di-domenico-de-marco\/#primaryimage"},"thumbnailUrl":"https:\/\/progettotouring.it\/radiotouring104\/wp-content\/uploads\/sites\/6\/2023\/12\/Domenico-De-Marco.png","datePublished":"2025-12-10T19:56:47+00:00","description":"Botta e risposta tra la sindaca di Villa e il Consigliere di opposizione","breadcrumb":{"@id":"https:\/\/progettotouring.it\/radiotouring104\/2025\/12\/10\/querelle-cooperativa-rose-blu-la-replica-di-domenico-de-marco\/#breadcrumb"},"inLanguage":"it-IT","potentialAction":[{"@type":"ReadAction","target":["https:\/\/progettotouring.it\/radiotouring104\/2025\/12\/10\/querelle-cooperativa-rose-blu-la-replica-di-domenico-de-marco\/"]}]},{"@type":"ImageObject","inLanguage":"it-IT","@id":"https:\/\/progettotouring.it\/radiotouring104\/2025\/12\/10\/querelle-cooperativa-rose-blu-la-replica-di-domenico-de-marco\/#primaryimage","url":"https:\/\/progettotouring.it\/radiotouring104\/wp-content\/uploads\/sites\/6\/2023\/12\/Domenico-De-Marco.png","contentUrl":"https:\/\/progettotouring.it\/radiotouring104\/wp-content\/uploads\/sites\/6\/2023\/12\/Domenico-De-Marco.png","width":306,"height":223},{"@type":"BreadcrumbList","@id":"https:\/\/progettotouring.it\/radiotouring104\/2025\/12\/10\/querelle-cooperativa-rose-blu-la-replica-di-domenico-de-marco\/#breadcrumb","itemListElement":[{"@type":"ListItem","position":1,"name":"Home","item":"https:\/\/progettotouring.it\/radiotouring104\/"},{"@type":"ListItem","position":2,"name":"Querelle cooperativa Rose Blu: la replica di Domenico De Marco"}]},{"@type":"WebSite","@id":"https:\/\/progettotouring.it\/radiotouring104\/#website","url":"https:\/\/progettotouring.it\/radiotouring104\/","name":"Radio Touring 104","description":"La prima radio Reggina","publisher":{"@id":"https:\/\/progettotouring.it\/radiotouring104\/#organization"},"potentialAction":[{"@type":"SearchAction","target":{"@type":"EntryPoint","urlTemplate":"https:\/\/progettotouring.it\/radiotouring104\/?s={search_term_string}"},"query-input":{"@type":"PropertyValueSpecification","valueRequired":true,"valueName":"search_term_string"}}],"inLanguage":"it-IT"},{"@type":"Organization","@id":"https:\/\/progettotouring.it\/radiotouring104\/#organization","name":"Radio Touring 104","url":"https:\/\/progettotouring.it\/radiotouring104\/","logo":{"@type":"ImageObject","inLanguage":"it-IT","@id":"https:\/\/progettotouring.it\/radiotouring104\/#\/schema\/logo\/image\/","url":"https:\/\/progettotouring.it\/radiotouring104\/wp-content\/uploads\/sites\/6\/2022\/02\/cropped-logo-radio-touring-104.png","contentUrl":"https:\/\/progettotouring.it\/radiotouring104\/wp-content\/uploads\/sites\/6\/2022\/02\/cropped-logo-radio-touring-104.png","width":377,"height":182,"caption":"Radio Touring 104"},"image":{"@id":"https:\/\/progettotouring.it\/radiotouring104\/#\/schema\/logo\/image\/"}},{"@type":"Person","@id":"https:\/\/progettotouring.it\/radiotouring104\/#\/schema\/person\/b9f9c3730b0a78814c9b9f3bfc52c619","name":"S L","image":{"@type":"ImageObject","inLanguage":"it-IT","@id":"https:\/\/secure.gravatar.com\/avatar\/652c51789d7030aaed9ff828331360502a68204fe6fb0831bc280515210e16d2?s=96&d=mm&r=g","url":"https:\/\/secure.gravatar.com\/avatar\/652c51789d7030aaed9ff828331360502a68204fe6fb0831bc280515210e16d2?s=96&d=mm&r=g","contentUrl":"https:\/\/secure.gravatar.com\/avatar\/652c51789d7030aaed9ff828331360502a68204fe6fb0831bc280515210e16d2?s=96&d=mm&r=g","caption":"S L"},"url":"https:\/\/progettotouring.it\/radiotouring104\/author\/slibri\/"}]}},"jetpack_publicize_connections":[],"jetpack_featured_media_url":"https:\/\/progettotouring.it\/radiotouring104\/wp-content\/uploads\/sites\/6\/2023\/12\/Domenico-De-Marco.png","jetpack_sharing_enabled":true,"_links":{"self":[{"href":"https:\/\/progettotouring.it\/radiotouring104\/wp-json\/wp\/v2\/posts\/87187","targetHints":{"allow":["GET"]}}],"collection":[{"href":"https:\/\/progettotouring.it\/radiotouring104\/wp-json\/wp\/v2\/posts"}],"about":[{"href":"https:\/\/progettotouring.it\/radiotouring104\/wp-json\/wp\/v2\/types\/post"}],"author":[{"embeddable":true,"href":"https:\/\/progettotouring.it\/radiotouring104\/wp-json\/wp\/v2\/users\/19"}],"replies":[{"embeddable":true,"href":"https:\/\/progettotouring.it\/radiotouring104\/wp-json\/wp\/v2\/comments?post=87187"}],"version-history":[{"count":1,"href":"https:\/\/progettotouring.it\/radiotouring104\/wp-json\/wp\/v2\/posts\/87187\/revisions"}],"predecessor-version":[{"id":87188,"href":"https:\/\/progettotouring.it\/radiotouring104\/wp-json\/wp\/v2\/posts\/87187\/revisions\/87188"}],"wp:featuredmedia":[{"embeddable":true,"href":"https:\/\/progettotouring.it\/radiotouring104\/wp-json\/wp\/v2\/media\/40578"}],"wp:attachment":[{"href":"https:\/\/progettotouring.it\/radiotouring104\/wp-json\/wp\/v2\/media?parent=87187"}],"wp:term":[{"taxonomy":"category","embeddable":true,"href":"https:\/\/progettotouring.it\/radiotouring104\/wp-json\/wp\/v2\/categories?post=87187"},{"taxonomy":"post_tag","embeddable":true,"href":"https:\/\/progettotouring.it\/radiotouring104\/wp-json\/wp\/v2\/tags?post=87187"}],"curies":[{"name":"wp","href":"https:\/\/api.w.org\/{rel}","templated":true}]}}