{"id":87189,"date":"2025-12-10T21:11:10","date_gmt":"2025-12-10T20:11:10","guid":{"rendered":"https:\/\/progettotouring.it\/radiotouring104\/?p=87189"},"modified":"2025-12-10T21:11:10","modified_gmt":"2025-12-10T20:11:10","slug":"palazzo-san-giorgio-presentata-la-segreteria-generale-di-confintesa-reggio","status":"publish","type":"post","link":"https:\/\/progettotouring.it\/radiotouring104\/2025\/12\/10\/palazzo-san-giorgio-presentata-la-segreteria-generale-di-confintesa-reggio\/","title":{"rendered":"Palazzo San Giorgio: presentata la Segreteria Generale di Confintesa Reggio"},"content":{"rendered":"<div class=\"h-100 d-flex flex-column container-fluid message-container no-dark-filter pe-3 detail\">\n<div class=\"row message-content\">\n<div class=\"col-12 h-100 d-flex flex-column overflow-y\">\n<div class=\"card\">\n<div class=\"card-body message-content-body pt-0 d-flex flex-column gap-4 margin-left\">\n<div class=\"message-content-body-text\">\n<div class=\"message-content-text\">\n<div class=\"xam_msg_class\">\n<div dir=\"ltr\">\n<p dir=\"ltr\">Nel salone dei Lampadari \u201cItalo Falcomat\u00e0\u201d di Palazzo San Giorgio \u00e8 stata presentata la Segreteria generale di Confintesa Reggio Calabria Citt\u00e0 Metropolitana.<\/p>\n<p dir=\"ltr\">All\u2019incontro hanno preso parte, per l\u2019Amministrazione comunale, l\u2019assessore alle Attivit\u00e0 produttive Alex Tripodi e il consigliere comunale con delega al Turismo e allo Sport Giovanni Latella. Per Confintesa erano presenti il segretario generale Francesco Prudenzano, il coordinatore regionale Saverio Pizzuti e il segretario generale di Reggio Calabria Citt\u00e0 Metropolitana Renato Raffa, che ha anche moderato i lavori.<\/p>\n<p dir=\"ltr\">Raffa ha espresso \u00ab<em>orgoglio ed entusiasmo per un inizio che rappresenta una scommessa per questa terra. Una scommessa che parte da palazzo San Giorgio, dalla casa dei cittadini per ripartire dalla dignit\u00e0 della persona\u00bb<\/em>.<\/p>\n<p dir=\"ltr\"><em>\u00abI dati sulla Calabria, <\/em>ha sottolineato Raffa<em>,\u00a0 sono drammatici: abbiamo perso oltre il 10% della popolazione lavorativa dal 1995, con quasi un calabrese su due a rischio povert\u00e0 e un tasso di NEET (giovani inattivi) che \u00e8 il pi\u00f9 alto d&#8217;Italia, al 26,2%. La riduzione della disoccupazione non \u00e8 merito di nuovi posti, ma del ritiro delle persone dal mercato. Ci chiediamo: quale madre partorisce i propri figli per vederli andar via? Confintesa si pone come Osservatorio di sicura attendibilit\u00e0, respingendo con forza l&#8217;idea di un sindacato politicizzato, con l&#8217;obiettivo di affrontare questa crisi strutturale che mina la dignit\u00e0 della persona. Dobbiamo lavorare insieme, Istituzioni e corpi intermedi, per un confronto snello e pratico che progetti un futuro duraturo e inclusivo\u00bb<\/em><\/p>\n<p dir=\"ltr\">Il segretario generale Prudenzano ha precisato la <em>mission<\/em> di Confintesa: \u00ab<em>Siamo presenti da tre anni nel CNEL. In questo territorio esiste un problema di democrazia che vogliamo contribuire ad affrontare con segni concreti. Il ruolo del sindacato ha un valore essenziale come rappresentanza collettiva: vogliamo rimettere al centro un\u2019idea sana di corpo intermedio, non confusa con altri interessi\u00bb.<\/em><\/p>\n<\/div>\n<\/div>\n<\/div>\n<\/div>\n<\/div>\n<\/div>\n<\/div>\n<\/div>\n<\/div>\n<div class=\"as-split-gutter\" role=\"separator\"><\/div>\n","protected":false},"excerpt":{"rendered":"<p>Nel salone dei Lampadari \u201cItalo Falcomat\u00e0\u201d di Palazzo San Giorgio \u00e8 stata presentata la Segreteria generale di Confintesa Reggio Calabria Citt\u00e0 Metropolitana. All\u2019incontro hanno preso parte, per l\u2019Amministrazione comunale, l\u2019assessore&hellip;<\/p>\n","protected":false},"author":19,"featured_media":87190,"comment_status":"closed","ping_status":"open","sticky":false,"template":"","format":"standard","meta":{"_jetpack_memberships_contains_paid_content":false,"footnotes":"","jetpack_publicize_message":"","jetpack_publicize_feature_enabled":true,"jetpack_social_post_already_shared":true,"jetpack_social_options":{"image_generator_settings":{"template":"highway","default_image_id":0,"font":"","enabled":false},"version":2}},"categories":[921,196,140],"tags":[],"class_list":["post-87189","post","type-post","status-publish","format-standard","has-post-thumbnail","hentry","category-home","category-news","category-reggio-calabria"],"yoast_head":"<!-- This site is optimized with the Yoast SEO plugin v27.2 - https:\/\/yoast.com\/product\/yoast-seo-wordpress\/ -->\n<title>Palazzo San Giorgio: presentata la Segreteria Generale di Confintesa Reggio - Radio Touring 104<\/title>\n<meta name=\"description\" content=\"Il segretario Raffa: &quot;I dati sulla Calabria sono drammatici: abbiamo perso oltre il 10% della popolazione lavorativa dal 1995, con quasi un calabrese su due a rischio povert\u00e0 e un tasso di NEET (giovani inattivi) che \u00e8 il pi\u00f9 alto d&#039;Italia, al 26,2%&quot;\" \/>\n<meta name=\"robots\" content=\"index, follow, max-snippet:-1, max-image-preview:large, max-video-preview:-1\" \/>\n<link rel=\"canonical\" href=\"https:\/\/progettotouring.it\/radiotouring104\/2025\/12\/10\/palazzo-san-giorgio-presentata-la-segreteria-generale-di-confintesa-reggio\/\" \/>\n<meta property=\"og:locale\" content=\"it_IT\" \/>\n<meta property=\"og:type\" content=\"article\" \/>\n<meta property=\"og:title\" content=\"Palazzo San Giorgio: presentata la Segreteria Generale di Confintesa Reggio - Radio Touring 104\" \/>\n<meta property=\"og:description\" content=\"Il segretario Raffa: &quot;I dati sulla Calabria sono drammatici: abbiamo perso oltre il 10% della popolazione lavorativa dal 1995, con quasi un calabrese su due a rischio povert\u00e0 e un tasso di NEET (giovani inattivi) che \u00e8 il pi\u00f9 alto d&#039;Italia, al 26,2%&quot;\" \/>\n<meta property=\"og:url\" content=\"https:\/\/progettotouring.it\/radiotouring104\/2025\/12\/10\/palazzo-san-giorgio-presentata-la-segreteria-generale-di-confintesa-reggio\/\" \/>\n<meta property=\"og:site_name\" content=\"Radio Touring 104\" \/>\n<meta property=\"article:published_time\" content=\"2025-12-10T20:11:10+00:00\" \/>\n<meta property=\"og:image\" content=\"https:\/\/progettotouring.it\/radiotouring104\/wp-content\/uploads\/sites\/6\/2025\/12\/IMMAGINI-X-SITO-2025-12-10T211005.332.jpg\" \/>\n\t<meta property=\"og:image:width\" content=\"2000\" \/>\n\t<meta property=\"og:image:height\" content=\"1545\" \/>\n\t<meta property=\"og:image:type\" content=\"image\/jpeg\" \/>\n<meta name=\"author\" content=\"S L\" \/>\n<meta name=\"twitter:card\" content=\"summary_large_image\" \/>\n<meta name=\"twitter:label1\" content=\"Scritto da\" \/>\n\t<meta name=\"twitter:data1\" content=\"S L\" \/>\n\t<meta name=\"twitter:label2\" content=\"Tempo di lettura stimato\" \/>\n\t<meta name=\"twitter:data2\" content=\"1 minuto\" \/>\n<script type=\"application\/ld+json\" class=\"yoast-schema-graph\">{\"@context\":\"https:\/\/schema.org\",\"@graph\":[{\"@type\":\"Article\",\"@id\":\"https:\/\/progettotouring.it\/radiotouring104\/2025\/12\/10\/palazzo-san-giorgio-presentata-la-segreteria-generale-di-confintesa-reggio\/#article\",\"isPartOf\":{\"@id\":\"https:\/\/progettotouring.it\/radiotouring104\/2025\/12\/10\/palazzo-san-giorgio-presentata-la-segreteria-generale-di-confintesa-reggio\/\"},\"author\":{\"name\":\"S L\",\"@id\":\"https:\/\/progettotouring.it\/radiotouring104\/#\/schema\/person\/b9f9c3730b0a78814c9b9f3bfc52c619\"},\"headline\":\"Palazzo San Giorgio: presentata la Segreteria Generale di Confintesa Reggio\",\"datePublished\":\"2025-12-10T20:11:10+00:00\",\"mainEntityOfPage\":{\"@id\":\"https:\/\/progettotouring.it\/radiotouring104\/2025\/12\/10\/palazzo-san-giorgio-presentata-la-segreteria-generale-di-confintesa-reggio\/\"},\"wordCount\":300,\"publisher\":{\"@id\":\"https:\/\/progettotouring.it\/radiotouring104\/#organization\"},\"image\":{\"@id\":\"https:\/\/progettotouring.it\/radiotouring104\/2025\/12\/10\/palazzo-san-giorgio-presentata-la-segreteria-generale-di-confintesa-reggio\/#primaryimage\"},\"thumbnailUrl\":\"https:\/\/progettotouring.it\/radiotouring104\/wp-content\/uploads\/sites\/6\/2025\/12\/IMMAGINI-X-SITO-2025-12-10T211005.332.jpg\",\"articleSection\":[\"Home\",\"News\",\"Reggio Calabria\"],\"inLanguage\":\"it-IT\"},{\"@type\":\"WebPage\",\"@id\":\"https:\/\/progettotouring.it\/radiotouring104\/2025\/12\/10\/palazzo-san-giorgio-presentata-la-segreteria-generale-di-confintesa-reggio\/\",\"url\":\"https:\/\/progettotouring.it\/radiotouring104\/2025\/12\/10\/palazzo-san-giorgio-presentata-la-segreteria-generale-di-confintesa-reggio\/\",\"name\":\"Palazzo San Giorgio: presentata la Segreteria Generale di Confintesa Reggio - Radio Touring 104\",\"isPartOf\":{\"@id\":\"https:\/\/progettotouring.it\/radiotouring104\/#website\"},\"primaryImageOfPage\":{\"@id\":\"https:\/\/progettotouring.it\/radiotouring104\/2025\/12\/10\/palazzo-san-giorgio-presentata-la-segreteria-generale-di-confintesa-reggio\/#primaryimage\"},\"image\":{\"@id\":\"https:\/\/progettotouring.it\/radiotouring104\/2025\/12\/10\/palazzo-san-giorgio-presentata-la-segreteria-generale-di-confintesa-reggio\/#primaryimage\"},\"thumbnailUrl\":\"https:\/\/progettotouring.it\/radiotouring104\/wp-content\/uploads\/sites\/6\/2025\/12\/IMMAGINI-X-SITO-2025-12-10T211005.332.jpg\",\"datePublished\":\"2025-12-10T20:11:10+00:00\",\"description\":\"Il segretario Raffa: \\\"I dati sulla Calabria sono drammatici: abbiamo perso oltre il 10% della popolazione lavorativa dal 1995, con quasi un calabrese su due a rischio povert\u00e0 e un tasso di NEET (giovani inattivi) che \u00e8 il pi\u00f9 alto d'Italia, al 26,2%\\\"\",\"breadcrumb\":{\"@id\":\"https:\/\/progettotouring.it\/radiotouring104\/2025\/12\/10\/palazzo-san-giorgio-presentata-la-segreteria-generale-di-confintesa-reggio\/#breadcrumb\"},\"inLanguage\":\"it-IT\",\"potentialAction\":[{\"@type\":\"ReadAction\",\"target\":[\"https:\/\/progettotouring.it\/radiotouring104\/2025\/12\/10\/palazzo-san-giorgio-presentata-la-segreteria-generale-di-confintesa-reggio\/\"]}]},{\"@type\":\"ImageObject\",\"inLanguage\":\"it-IT\",\"@id\":\"https:\/\/progettotouring.it\/radiotouring104\/2025\/12\/10\/palazzo-san-giorgio-presentata-la-segreteria-generale-di-confintesa-reggio\/#primaryimage\",\"url\":\"https:\/\/progettotouring.it\/radiotouring104\/wp-content\/uploads\/sites\/6\/2025\/12\/IMMAGINI-X-SITO-2025-12-10T211005.332.jpg\",\"contentUrl\":\"https:\/\/progettotouring.it\/radiotouring104\/wp-content\/uploads\/sites\/6\/2025\/12\/IMMAGINI-X-SITO-2025-12-10T211005.332.jpg\",\"width\":2000,\"height\":1545},{\"@type\":\"BreadcrumbList\",\"@id\":\"https:\/\/progettotouring.it\/radiotouring104\/2025\/12\/10\/palazzo-san-giorgio-presentata-la-segreteria-generale-di-confintesa-reggio\/#breadcrumb\",\"itemListElement\":[{\"@type\":\"ListItem\",\"position\":1,\"name\":\"Home\",\"item\":\"https:\/\/progettotouring.it\/radiotouring104\/\"},{\"@type\":\"ListItem\",\"position\":2,\"name\":\"Palazzo San Giorgio: presentata la Segreteria Generale di Confintesa Reggio\"}]},{\"@type\":\"WebSite\",\"@id\":\"https:\/\/progettotouring.it\/radiotouring104\/#website\",\"url\":\"https:\/\/progettotouring.it\/radiotouring104\/\",\"name\":\"Radio Touring 104\",\"description\":\"La prima radio Reggina\",\"publisher\":{\"@id\":\"https:\/\/progettotouring.it\/radiotouring104\/#organization\"},\"potentialAction\":[{\"@type\":\"SearchAction\",\"target\":{\"@type\":\"EntryPoint\",\"urlTemplate\":\"https:\/\/progettotouring.it\/radiotouring104\/?s={search_term_string}\"},\"query-input\":{\"@type\":\"PropertyValueSpecification\",\"valueRequired\":true,\"valueName\":\"search_term_string\"}}],\"inLanguage\":\"it-IT\"},{\"@type\":\"Organization\",\"@id\":\"https:\/\/progettotouring.it\/radiotouring104\/#organization\",\"name\":\"Radio Touring 104\",\"url\":\"https:\/\/progettotouring.it\/radiotouring104\/\",\"logo\":{\"@type\":\"ImageObject\",\"inLanguage\":\"it-IT\",\"@id\":\"https:\/\/progettotouring.it\/radiotouring104\/#\/schema\/logo\/image\/\",\"url\":\"https:\/\/progettotouring.it\/radiotouring104\/wp-content\/uploads\/sites\/6\/2022\/02\/cropped-logo-radio-touring-104.png\",\"contentUrl\":\"https:\/\/progettotouring.it\/radiotouring104\/wp-content\/uploads\/sites\/6\/2022\/02\/cropped-logo-radio-touring-104.png\",\"width\":377,\"height\":182,\"caption\":\"Radio Touring 104\"},\"image\":{\"@id\":\"https:\/\/progettotouring.it\/radiotouring104\/#\/schema\/logo\/image\/\"}},{\"@type\":\"Person\",\"@id\":\"https:\/\/progettotouring.it\/radiotouring104\/#\/schema\/person\/b9f9c3730b0a78814c9b9f3bfc52c619\",\"name\":\"S L\",\"image\":{\"@type\":\"ImageObject\",\"inLanguage\":\"it-IT\",\"@id\":\"https:\/\/secure.gravatar.com\/avatar\/652c51789d7030aaed9ff828331360502a68204fe6fb0831bc280515210e16d2?s=96&d=mm&r=g\",\"url\":\"https:\/\/secure.gravatar.com\/avatar\/652c51789d7030aaed9ff828331360502a68204fe6fb0831bc280515210e16d2?s=96&d=mm&r=g\",\"contentUrl\":\"https:\/\/secure.gravatar.com\/avatar\/652c51789d7030aaed9ff828331360502a68204fe6fb0831bc280515210e16d2?s=96&d=mm&r=g\",\"caption\":\"S L\"},\"url\":\"https:\/\/progettotouring.it\/radiotouring104\/author\/slibri\/\"}]}<\/script>\n<!-- \/ Yoast SEO plugin. -->","yoast_head_json":{"title":"Palazzo San Giorgio: presentata la Segreteria Generale di Confintesa Reggio - Radio Touring 104","description":"Il segretario Raffa: \"I dati sulla Calabria sono drammatici: abbiamo perso oltre il 10% della popolazione lavorativa dal 1995, con quasi un calabrese su due a rischio povert\u00e0 e un tasso di NEET (giovani inattivi) che \u00e8 il pi\u00f9 alto d'Italia, al 26,2%\"","robots":{"index":"index","follow":"follow","max-snippet":"max-snippet:-1","max-image-preview":"max-image-preview:large","max-video-preview":"max-video-preview:-1"},"canonical":"https:\/\/progettotouring.it\/radiotouring104\/2025\/12\/10\/palazzo-san-giorgio-presentata-la-segreteria-generale-di-confintesa-reggio\/","og_locale":"it_IT","og_type":"article","og_title":"Palazzo San Giorgio: presentata la Segreteria Generale di Confintesa Reggio - Radio Touring 104","og_description":"Il segretario Raffa: \"I dati sulla Calabria sono drammatici: abbiamo perso oltre il 10% della popolazione lavorativa dal 1995, con quasi un calabrese su due a rischio povert\u00e0 e un tasso di NEET (giovani inattivi) che \u00e8 il pi\u00f9 alto d'Italia, al 26,2%\"","og_url":"https:\/\/progettotouring.it\/radiotouring104\/2025\/12\/10\/palazzo-san-giorgio-presentata-la-segreteria-generale-di-confintesa-reggio\/","og_site_name":"Radio Touring 104","article_published_time":"2025-12-10T20:11:10+00:00","og_image":[{"width":2000,"height":1545,"url":"https:\/\/progettotouring.it\/radiotouring104\/wp-content\/uploads\/sites\/6\/2025\/12\/IMMAGINI-X-SITO-2025-12-10T211005.332.jpg","type":"image\/jpeg"}],"author":"S L","twitter_card":"summary_large_image","twitter_misc":{"Scritto da":"S L","Tempo di lettura stimato":"1 minuto"},"schema":{"@context":"https:\/\/schema.org","@graph":[{"@type":"Article","@id":"https:\/\/progettotouring.it\/radiotouring104\/2025\/12\/10\/palazzo-san-giorgio-presentata-la-segreteria-generale-di-confintesa-reggio\/#article","isPartOf":{"@id":"https:\/\/progettotouring.it\/radiotouring104\/2025\/12\/10\/palazzo-san-giorgio-presentata-la-segreteria-generale-di-confintesa-reggio\/"},"author":{"name":"S L","@id":"https:\/\/progettotouring.it\/radiotouring104\/#\/schema\/person\/b9f9c3730b0a78814c9b9f3bfc52c619"},"headline":"Palazzo San Giorgio: presentata la Segreteria Generale di Confintesa Reggio","datePublished":"2025-12-10T20:11:10+00:00","mainEntityOfPage":{"@id":"https:\/\/progettotouring.it\/radiotouring104\/2025\/12\/10\/palazzo-san-giorgio-presentata-la-segreteria-generale-di-confintesa-reggio\/"},"wordCount":300,"publisher":{"@id":"https:\/\/progettotouring.it\/radiotouring104\/#organization"},"image":{"@id":"https:\/\/progettotouring.it\/radiotouring104\/2025\/12\/10\/palazzo-san-giorgio-presentata-la-segreteria-generale-di-confintesa-reggio\/#primaryimage"},"thumbnailUrl":"https:\/\/progettotouring.it\/radiotouring104\/wp-content\/uploads\/sites\/6\/2025\/12\/IMMAGINI-X-SITO-2025-12-10T211005.332.jpg","articleSection":["Home","News","Reggio Calabria"],"inLanguage":"it-IT"},{"@type":"WebPage","@id":"https:\/\/progettotouring.it\/radiotouring104\/2025\/12\/10\/palazzo-san-giorgio-presentata-la-segreteria-generale-di-confintesa-reggio\/","url":"https:\/\/progettotouring.it\/radiotouring104\/2025\/12\/10\/palazzo-san-giorgio-presentata-la-segreteria-generale-di-confintesa-reggio\/","name":"Palazzo San Giorgio: presentata la Segreteria Generale di Confintesa Reggio - Radio Touring 104","isPartOf":{"@id":"https:\/\/progettotouring.it\/radiotouring104\/#website"},"primaryImageOfPage":{"@id":"https:\/\/progettotouring.it\/radiotouring104\/2025\/12\/10\/palazzo-san-giorgio-presentata-la-segreteria-generale-di-confintesa-reggio\/#primaryimage"},"image":{"@id":"https:\/\/progettotouring.it\/radiotouring104\/2025\/12\/10\/palazzo-san-giorgio-presentata-la-segreteria-generale-di-confintesa-reggio\/#primaryimage"},"thumbnailUrl":"https:\/\/progettotouring.it\/radiotouring104\/wp-content\/uploads\/sites\/6\/2025\/12\/IMMAGINI-X-SITO-2025-12-10T211005.332.jpg","datePublished":"2025-12-10T20:11:10+00:00","description":"Il segretario Raffa: \"I dati sulla Calabria sono drammatici: abbiamo perso oltre il 10% della popolazione lavorativa dal 1995, con quasi un calabrese su due a rischio povert\u00e0 e un tasso di NEET (giovani inattivi) che \u00e8 il pi\u00f9 alto d'Italia, al 26,2%\"","breadcrumb":{"@id":"https:\/\/progettotouring.it\/radiotouring104\/2025\/12\/10\/palazzo-san-giorgio-presentata-la-segreteria-generale-di-confintesa-reggio\/#breadcrumb"},"inLanguage":"it-IT","potentialAction":[{"@type":"ReadAction","target":["https:\/\/progettotouring.it\/radiotouring104\/2025\/12\/10\/palazzo-san-giorgio-presentata-la-segreteria-generale-di-confintesa-reggio\/"]}]},{"@type":"ImageObject","inLanguage":"it-IT","@id":"https:\/\/progettotouring.it\/radiotouring104\/2025\/12\/10\/palazzo-san-giorgio-presentata-la-segreteria-generale-di-confintesa-reggio\/#primaryimage","url":"https:\/\/progettotouring.it\/radiotouring104\/wp-content\/uploads\/sites\/6\/2025\/12\/IMMAGINI-X-SITO-2025-12-10T211005.332.jpg","contentUrl":"https:\/\/progettotouring.it\/radiotouring104\/wp-content\/uploads\/sites\/6\/2025\/12\/IMMAGINI-X-SITO-2025-12-10T211005.332.jpg","width":2000,"height":1545},{"@type":"BreadcrumbList","@id":"https:\/\/progettotouring.it\/radiotouring104\/2025\/12\/10\/palazzo-san-giorgio-presentata-la-segreteria-generale-di-confintesa-reggio\/#breadcrumb","itemListElement":[{"@type":"ListItem","position":1,"name":"Home","item":"https:\/\/progettotouring.it\/radiotouring104\/"},{"@type":"ListItem","position":2,"name":"Palazzo San Giorgio: presentata la Segreteria Generale di Confintesa Reggio"}]},{"@type":"WebSite","@id":"https:\/\/progettotouring.it\/radiotouring104\/#website","url":"https:\/\/progettotouring.it\/radiotouring104\/","name":"Radio Touring 104","description":"La prima radio Reggina","publisher":{"@id":"https:\/\/progettotouring.it\/radiotouring104\/#organization"},"potentialAction":[{"@type":"SearchAction","target":{"@type":"EntryPoint","urlTemplate":"https:\/\/progettotouring.it\/radiotouring104\/?s={search_term_string}"},"query-input":{"@type":"PropertyValueSpecification","valueRequired":true,"valueName":"search_term_string"}}],"inLanguage":"it-IT"},{"@type":"Organization","@id":"https:\/\/progettotouring.it\/radiotouring104\/#organization","name":"Radio Touring 104","url":"https:\/\/progettotouring.it\/radiotouring104\/","logo":{"@type":"ImageObject","inLanguage":"it-IT","@id":"https:\/\/progettotouring.it\/radiotouring104\/#\/schema\/logo\/image\/","url":"https:\/\/progettotouring.it\/radiotouring104\/wp-content\/uploads\/sites\/6\/2022\/02\/cropped-logo-radio-touring-104.png","contentUrl":"https:\/\/progettotouring.it\/radiotouring104\/wp-content\/uploads\/sites\/6\/2022\/02\/cropped-logo-radio-touring-104.png","width":377,"height":182,"caption":"Radio Touring 104"},"image":{"@id":"https:\/\/progettotouring.it\/radiotouring104\/#\/schema\/logo\/image\/"}},{"@type":"Person","@id":"https:\/\/progettotouring.it\/radiotouring104\/#\/schema\/person\/b9f9c3730b0a78814c9b9f3bfc52c619","name":"S L","image":{"@type":"ImageObject","inLanguage":"it-IT","@id":"https:\/\/secure.gravatar.com\/avatar\/652c51789d7030aaed9ff828331360502a68204fe6fb0831bc280515210e16d2?s=96&d=mm&r=g","url":"https:\/\/secure.gravatar.com\/avatar\/652c51789d7030aaed9ff828331360502a68204fe6fb0831bc280515210e16d2?s=96&d=mm&r=g","contentUrl":"https:\/\/secure.gravatar.com\/avatar\/652c51789d7030aaed9ff828331360502a68204fe6fb0831bc280515210e16d2?s=96&d=mm&r=g","caption":"S L"},"url":"https:\/\/progettotouring.it\/radiotouring104\/author\/slibri\/"}]}},"jetpack_publicize_connections":[],"jetpack_featured_media_url":"https:\/\/progettotouring.it\/radiotouring104\/wp-content\/uploads\/sites\/6\/2025\/12\/IMMAGINI-X-SITO-2025-12-10T211005.332.jpg","jetpack_sharing_enabled":true,"_links":{"self":[{"href":"https:\/\/progettotouring.it\/radiotouring104\/wp-json\/wp\/v2\/posts\/87189","targetHints":{"allow":["GET"]}}],"collection":[{"href":"https:\/\/progettotouring.it\/radiotouring104\/wp-json\/wp\/v2\/posts"}],"about":[{"href":"https:\/\/progettotouring.it\/radiotouring104\/wp-json\/wp\/v2\/types\/post"}],"author":[{"embeddable":true,"href":"https:\/\/progettotouring.it\/radiotouring104\/wp-json\/wp\/v2\/users\/19"}],"replies":[{"embeddable":true,"href":"https:\/\/progettotouring.it\/radiotouring104\/wp-json\/wp\/v2\/comments?post=87189"}],"version-history":[{"count":1,"href":"https:\/\/progettotouring.it\/radiotouring104\/wp-json\/wp\/v2\/posts\/87189\/revisions"}],"predecessor-version":[{"id":87191,"href":"https:\/\/progettotouring.it\/radiotouring104\/wp-json\/wp\/v2\/posts\/87189\/revisions\/87191"}],"wp:featuredmedia":[{"embeddable":true,"href":"https:\/\/progettotouring.it\/radiotouring104\/wp-json\/wp\/v2\/media\/87190"}],"wp:attachment":[{"href":"https:\/\/progettotouring.it\/radiotouring104\/wp-json\/wp\/v2\/media?parent=87189"}],"wp:term":[{"taxonomy":"category","embeddable":true,"href":"https:\/\/progettotouring.it\/radiotouring104\/wp-json\/wp\/v2\/categories?post=87189"},{"taxonomy":"post_tag","embeddable":true,"href":"https:\/\/progettotouring.it\/radiotouring104\/wp-json\/wp\/v2\/tags?post=87189"}],"curies":[{"name":"wp","href":"https:\/\/api.w.org\/{rel}","templated":true}]}}