{"id":87202,"date":"2025-12-11T09:02:10","date_gmt":"2025-12-11T08:02:10","guid":{"rendered":"https:\/\/progettotouring.it\/radiotouring104\/?p=87202"},"modified":"2025-12-11T12:56:52","modified_gmt":"2025-12-11T11:56:52","slug":"reggio-oggi-al-cilea-il-concerto-cultura-e-legalita","status":"publish","type":"post","link":"https:\/\/progettotouring.it\/radiotouring104\/2025\/12\/11\/reggio-oggi-al-cilea-il-concerto-cultura-e-legalita\/","title":{"rendered":"Reggio: oggi al Cilea il concerto \u201cCultura \u00e8 Legalit\u00e0\u201d"},"content":{"rendered":"<p>Si svolger\u00e0 oggi, a Reggio Calabria, la manifestazione \u201cCultura \u00e8 Legalit\u00e0\u201d, ideata dal Quesre di Reggio Calabria Salvatore La Rosa e dal Rettore dell\u2019Universit\u00e0 Mediterranea Prof. Giuseppe Zimbalatti.<\/p>\n<p>In un\u2019area individuata tra il Comune ed il Teatro Francesco Cilea prender\u00e0 vita, sin dalla mattina, il \u201cvillaggio della legalit\u00e0\u201d della Polizia di Stato, a cui sono stati invitati gli studenti di ogni ordine e grado della citt\u00e0 e della provincia, impreziosito dalla presenza del Truck \u201c<em>Una vita da social<\/em>\u201d, allestito con un&#8217;aula didattica multimediale, dove il personale del Centro Operativo della Sicurezza Cibernetica illustrer\u00e0 ai ragazzi i rischi del web ed affronteranno temi come il cyberbullismo, le frodi informatiche, il furto dei dati e l\u2019adescamento dei minori<\/p>\n<p>Nel villaggio saranno presenti stand, come ad esempio quello della Polizia Scientifica in cui i poliziotti faranno scoprire ai ragazzi, attraverso la postazione interattiva, il mondo delle analisi delle prove, come ad esempio le impronte digitali, dimostrando nella pratica come vengono individuate, raccolte e analizzate. Nell\u2019area dedicata alla Polizia Stradale saranno esposte le apparecchiature in dotazione, compresi i nuovi dispositivi di rilevazione della velocit\u00e0 dei mezzi e l\u2019alcol test per determinare la quantit\u00e0 del tasso alcolico etilico nel sangue. Ulteriore stand presente sar\u00e0 quello dedicato al Reparto Volo, con strumentazioni primarie di volo e di navigazione.<\/p>\n<p>Vicino agli stand sar\u00e0 esposta la Lamborghini Urus della Polizia Stradale, utilizzata principalmente nei servizi di trasporto urgente di organi e per questo equipaggiata con un frigobox. L\u2019auto, un SUV ad alte prestazioni con equipaggiamento di sicurezza completo, pu\u00f2 raggiungere una velocit\u00e0 massima di oltre 300 km\/h. Ai lati della Lamborghini i visitatori potranno ammirare due auto storiche della Polizia di Stato, una Alfa Romeo Giulietta 1600, fabbricata nel 1979 e un\u2019Alfa Romeo Alfetta 1800 del 1973, entrambe alimentate a benzina.<\/p>\n<p>Nella splendida Pinacoteca del Comune di Reggio Calabria sar\u00e0 allestita un\u2019esposizione di divise storiche della Polizia di Stato, che includono diversi stili che evidenziano la lunga e ricca storia del Corpo e una mostra di dipinti di Matteo Plini dal titolo \u201cEsserci sempre\u201d \u2013 Valori di un eterno presente. L\u2019artista, poliziotto di professione e pittore per vocazione che, attraverso l\u2019arte, racconta l&#8217;impegno quotidiano della Polizia di Stato nella tutela della sicurezza, della legalit\u00e0 e della giustizia. Le opere spaziano dalla lotta alla criminalit\u00e0 alla protezione dei pi\u00f9 deboli, fino alla valorizzazione della memoria storica e dell&#8217;identit\u00e0 nazionale.<\/p>\n<p>Nella serata, nel Teatro \u201cFrancesco Cilea\u201d di Reggio Calabria, si esibir\u00e0 in concerto, alla presenza del Sig. Capo della Polizia &#8211; Dirigente Generale della Pubblica Sicurezza, Prefetto Vittorio Pisani, la Banda Musicale della Polizia di Stato, diretta dal Maestro Maurizio Billi, con la partecipazione del soprano Anna Kaziova e del tenore Cataldo Caputo, con il Coro Polifonico Universit\u00e0 Mediterranea, diretto dal maestro Claudio Bagnato e il Coro Lirico \u201cFrancesco Cilea, diretto dal maestro Bruno Tirotta. L\u2019evento sar\u00e0 presentato dal conduttore e autore televisivo Salvo La Rosa.<\/p>\n<p>&nbsp;<\/p>\n<p>&nbsp;<\/p>\n","protected":false},"excerpt":{"rendered":"<p>Si svolger\u00e0 oggi, a Reggio Calabria, la manifestazione \u201cCultura \u00e8 Legalit\u00e0\u201d, ideata dal Quesre di Reggio Calabria Salvatore La Rosa e dal Rettore dell\u2019Universit\u00e0 Mediterranea Prof. Giuseppe Zimbalatti. In un\u2019area&hellip;<\/p>\n","protected":false},"author":5,"featured_media":87203,"comment_status":"closed","ping_status":"open","sticky":false,"template":"","format":"standard","meta":{"_jetpack_memberships_contains_paid_content":false,"footnotes":"","jetpack_publicize_message":"","jetpack_publicize_feature_enabled":true,"jetpack_social_post_already_shared":true,"jetpack_social_options":{"image_generator_settings":{"template":"highway","default_image_id":0,"font":"","enabled":false},"version":2}},"categories":[921,150,196,140],"tags":[890,23943,49439,395,49440,13434,9874],"class_list":["post-87202","post","type-post","status-publish","format-standard","has-post-thumbnail","hentry","category-home","category-in-primo-piano","category-news","category-reggio-calabria","tag-concerto","tag-coro-polifonico-delluniversita-mediterranea","tag-cuoltura-e-legalita","tag-polizia-di-stato","tag-quesre-di-reggio-calabria-salvatore-la-rosa","tag-rettore-prof-giuseppe-zimbalatti","tag-teatro-cilea-reggio-calabria"],"yoast_head":"<!-- This site is optimized with the Yoast SEO plugin v27.2 - https:\/\/yoast.com\/product\/yoast-seo-wordpress\/ -->\n<title>Reggio: oggi al Cilea il concerto \u201cCultura \u00e8 Legalit\u00e0\u201d<\/title>\n<meta name=\"description\" content=\"Si svolger\u00e0 stasera il concerto di Natale della Banda della Polizia di Stato e del Coro Polifonico dell\u2019Universit\u00e0 Mediterranea\" \/>\n<meta name=\"robots\" content=\"index, follow, max-snippet:-1, max-image-preview:large, max-video-preview:-1\" \/>\n<link rel=\"canonical\" href=\"https:\/\/progettotouring.it\/radiotouring104\/2025\/12\/11\/reggio-oggi-al-cilea-il-concerto-cultura-e-legalita\/\" \/>\n<meta property=\"og:locale\" content=\"it_IT\" \/>\n<meta property=\"og:type\" content=\"article\" \/>\n<meta property=\"og:title\" content=\"Reggio: oggi al Cilea il concerto \u201cCultura \u00e8 Legalit\u00e0\u201d\" \/>\n<meta property=\"og:description\" content=\"Si svolger\u00e0 stasera il concerto di Natale della Banda della Polizia di Stato e del Coro Polifonico dell\u2019Universit\u00e0 Mediterranea\" \/>\n<meta property=\"og:url\" content=\"https:\/\/progettotouring.it\/radiotouring104\/2025\/12\/11\/reggio-oggi-al-cilea-il-concerto-cultura-e-legalita\/\" \/>\n<meta property=\"og:site_name\" content=\"Radio Touring 104\" \/>\n<meta property=\"article:published_time\" content=\"2025-12-11T08:02:10+00:00\" \/>\n<meta property=\"article:modified_time\" content=\"2025-12-11T11:56:52+00:00\" \/>\n<meta property=\"og:image\" content=\"https:\/\/progettotouring.it\/radiotouring104\/wp-content\/uploads\/sites\/6\/2025\/12\/Concerto-Cultura-e-Legalita-Teatro-Cilea-Polizia-.jpeg\" \/>\n\t<meta property=\"og:image:width\" content=\"1119\" \/>\n\t<meta property=\"og:image:height\" content=\"1600\" \/>\n\t<meta property=\"og:image:type\" content=\"image\/jpeg\" \/>\n<meta name=\"author\" content=\"redazione\" \/>\n<meta name=\"twitter:card\" content=\"summary_large_image\" \/>\n<meta name=\"twitter:label1\" content=\"Scritto da\" \/>\n\t<meta name=\"twitter:data1\" content=\"redazione\" \/>\n\t<meta name=\"twitter:label2\" content=\"Tempo di lettura stimato\" \/>\n\t<meta name=\"twitter:data2\" content=\"2 minuti\" \/>\n<script type=\"application\/ld+json\" class=\"yoast-schema-graph\">{\"@context\":\"https:\/\/schema.org\",\"@graph\":[{\"@type\":\"Article\",\"@id\":\"https:\/\/progettotouring.it\/radiotouring104\/2025\/12\/11\/reggio-oggi-al-cilea-il-concerto-cultura-e-legalita\/#article\",\"isPartOf\":{\"@id\":\"https:\/\/progettotouring.it\/radiotouring104\/2025\/12\/11\/reggio-oggi-al-cilea-il-concerto-cultura-e-legalita\/\"},\"author\":{\"name\":\"redazione\",\"@id\":\"https:\/\/progettotouring.it\/radiotouring104\/#\/schema\/person\/1b3eb3c07c47136bc44c785c543e635f\"},\"headline\":\"Reggio: oggi al Cilea il concerto \u201cCultura \u00e8 Legalit\u00e0\u201d\",\"datePublished\":\"2025-12-11T08:02:10+00:00\",\"dateModified\":\"2025-12-11T11:56:52+00:00\",\"mainEntityOfPage\":{\"@id\":\"https:\/\/progettotouring.it\/radiotouring104\/2025\/12\/11\/reggio-oggi-al-cilea-il-concerto-cultura-e-legalita\/\"},\"wordCount\":491,\"publisher\":{\"@id\":\"https:\/\/progettotouring.it\/radiotouring104\/#organization\"},\"image\":{\"@id\":\"https:\/\/progettotouring.it\/radiotouring104\/2025\/12\/11\/reggio-oggi-al-cilea-il-concerto-cultura-e-legalita\/#primaryimage\"},\"thumbnailUrl\":\"https:\/\/progettotouring.it\/radiotouring104\/wp-content\/uploads\/sites\/6\/2025\/12\/Concerto-Cultura-e-Legalita-Teatro-Cilea-Polizia-.jpeg\",\"keywords\":[\"concerto\",\"Coro Polifonico dell\u2019Universit\u00e0 Mediterranea\",\"Cuoltura \u00e8 Legalit\u00e0\",\"polizia di stato\",\"Quesre di Reggio Calabria Salvatore La Rosa\",\"Rettore prof. Giuseppe Zimbalatti\",\"Teatro Cilea Reggio Calabria\"],\"articleSection\":[\"Home\",\"In primo piano\",\"News\",\"Reggio Calabria\"],\"inLanguage\":\"it-IT\"},{\"@type\":\"WebPage\",\"@id\":\"https:\/\/progettotouring.it\/radiotouring104\/2025\/12\/11\/reggio-oggi-al-cilea-il-concerto-cultura-e-legalita\/\",\"url\":\"https:\/\/progettotouring.it\/radiotouring104\/2025\/12\/11\/reggio-oggi-al-cilea-il-concerto-cultura-e-legalita\/\",\"name\":\"Reggio: oggi al Cilea il concerto \u201cCultura \u00e8 Legalit\u00e0\u201d\",\"isPartOf\":{\"@id\":\"https:\/\/progettotouring.it\/radiotouring104\/#website\"},\"primaryImageOfPage\":{\"@id\":\"https:\/\/progettotouring.it\/radiotouring104\/2025\/12\/11\/reggio-oggi-al-cilea-il-concerto-cultura-e-legalita\/#primaryimage\"},\"image\":{\"@id\":\"https:\/\/progettotouring.it\/radiotouring104\/2025\/12\/11\/reggio-oggi-al-cilea-il-concerto-cultura-e-legalita\/#primaryimage\"},\"thumbnailUrl\":\"https:\/\/progettotouring.it\/radiotouring104\/wp-content\/uploads\/sites\/6\/2025\/12\/Concerto-Cultura-e-Legalita-Teatro-Cilea-Polizia-.jpeg\",\"datePublished\":\"2025-12-11T08:02:10+00:00\",\"dateModified\":\"2025-12-11T11:56:52+00:00\",\"description\":\"Si svolger\u00e0 stasera il concerto di Natale della Banda della Polizia di Stato e del Coro Polifonico dell\u2019Universit\u00e0 Mediterranea\",\"breadcrumb\":{\"@id\":\"https:\/\/progettotouring.it\/radiotouring104\/2025\/12\/11\/reggio-oggi-al-cilea-il-concerto-cultura-e-legalita\/#breadcrumb\"},\"inLanguage\":\"it-IT\",\"potentialAction\":[{\"@type\":\"ReadAction\",\"target\":[\"https:\/\/progettotouring.it\/radiotouring104\/2025\/12\/11\/reggio-oggi-al-cilea-il-concerto-cultura-e-legalita\/\"]}]},{\"@type\":\"ImageObject\",\"inLanguage\":\"it-IT\",\"@id\":\"https:\/\/progettotouring.it\/radiotouring104\/2025\/12\/11\/reggio-oggi-al-cilea-il-concerto-cultura-e-legalita\/#primaryimage\",\"url\":\"https:\/\/progettotouring.it\/radiotouring104\/wp-content\/uploads\/sites\/6\/2025\/12\/Concerto-Cultura-e-Legalita-Teatro-Cilea-Polizia-.jpeg\",\"contentUrl\":\"https:\/\/progettotouring.it\/radiotouring104\/wp-content\/uploads\/sites\/6\/2025\/12\/Concerto-Cultura-e-Legalita-Teatro-Cilea-Polizia-.jpeg\",\"width\":1119,\"height\":1600},{\"@type\":\"BreadcrumbList\",\"@id\":\"https:\/\/progettotouring.it\/radiotouring104\/2025\/12\/11\/reggio-oggi-al-cilea-il-concerto-cultura-e-legalita\/#breadcrumb\",\"itemListElement\":[{\"@type\":\"ListItem\",\"position\":1,\"name\":\"Home\",\"item\":\"https:\/\/progettotouring.it\/radiotouring104\/\"},{\"@type\":\"ListItem\",\"position\":2,\"name\":\"Reggio: oggi al Cilea il concerto \u201cCultura \u00e8 Legalit\u00e0\u201d\"}]},{\"@type\":\"WebSite\",\"@id\":\"https:\/\/progettotouring.it\/radiotouring104\/#website\",\"url\":\"https:\/\/progettotouring.it\/radiotouring104\/\",\"name\":\"Radio Touring 104\",\"description\":\"La prima radio Reggina\",\"publisher\":{\"@id\":\"https:\/\/progettotouring.it\/radiotouring104\/#organization\"},\"potentialAction\":[{\"@type\":\"SearchAction\",\"target\":{\"@type\":\"EntryPoint\",\"urlTemplate\":\"https:\/\/progettotouring.it\/radiotouring104\/?s={search_term_string}\"},\"query-input\":{\"@type\":\"PropertyValueSpecification\",\"valueRequired\":true,\"valueName\":\"search_term_string\"}}],\"inLanguage\":\"it-IT\"},{\"@type\":\"Organization\",\"@id\":\"https:\/\/progettotouring.it\/radiotouring104\/#organization\",\"name\":\"Radio Touring 104\",\"url\":\"https:\/\/progettotouring.it\/radiotouring104\/\",\"logo\":{\"@type\":\"ImageObject\",\"inLanguage\":\"it-IT\",\"@id\":\"https:\/\/progettotouring.it\/radiotouring104\/#\/schema\/logo\/image\/\",\"url\":\"https:\/\/progettotouring.it\/radiotouring104\/wp-content\/uploads\/sites\/6\/2022\/02\/cropped-logo-radio-touring-104.png\",\"contentUrl\":\"https:\/\/progettotouring.it\/radiotouring104\/wp-content\/uploads\/sites\/6\/2022\/02\/cropped-logo-radio-touring-104.png\",\"width\":377,\"height\":182,\"caption\":\"Radio Touring 104\"},\"image\":{\"@id\":\"https:\/\/progettotouring.it\/radiotouring104\/#\/schema\/logo\/image\/\"}},{\"@type\":\"Person\",\"@id\":\"https:\/\/progettotouring.it\/radiotouring104\/#\/schema\/person\/1b3eb3c07c47136bc44c785c543e635f\",\"name\":\"redazione\",\"image\":{\"@type\":\"ImageObject\",\"inLanguage\":\"it-IT\",\"@id\":\"https:\/\/secure.gravatar.com\/avatar\/0b31605b49f100769e8b624b3e05de1b73e1692e9568a352f60f53fd072e6e11?s=96&d=mm&r=g\",\"url\":\"https:\/\/secure.gravatar.com\/avatar\/0b31605b49f100769e8b624b3e05de1b73e1692e9568a352f60f53fd072e6e11?s=96&d=mm&r=g\",\"contentUrl\":\"https:\/\/secure.gravatar.com\/avatar\/0b31605b49f100769e8b624b3e05de1b73e1692e9568a352f60f53fd072e6e11?s=96&d=mm&r=g\",\"caption\":\"redazione\"},\"url\":\"https:\/\/progettotouring.it\/radiotouring104\/author\/redazione\/\"}]}<\/script>\n<!-- \/ Yoast SEO plugin. -->","yoast_head_json":{"title":"Reggio: oggi al Cilea il concerto \u201cCultura \u00e8 Legalit\u00e0\u201d","description":"Si svolger\u00e0 stasera il concerto di Natale della Banda della Polizia di Stato e del Coro Polifonico dell\u2019Universit\u00e0 Mediterranea","robots":{"index":"index","follow":"follow","max-snippet":"max-snippet:-1","max-image-preview":"max-image-preview:large","max-video-preview":"max-video-preview:-1"},"canonical":"https:\/\/progettotouring.it\/radiotouring104\/2025\/12\/11\/reggio-oggi-al-cilea-il-concerto-cultura-e-legalita\/","og_locale":"it_IT","og_type":"article","og_title":"Reggio: oggi al Cilea il concerto \u201cCultura \u00e8 Legalit\u00e0\u201d","og_description":"Si svolger\u00e0 stasera il concerto di Natale della Banda della Polizia di Stato e del Coro Polifonico dell\u2019Universit\u00e0 Mediterranea","og_url":"https:\/\/progettotouring.it\/radiotouring104\/2025\/12\/11\/reggio-oggi-al-cilea-il-concerto-cultura-e-legalita\/","og_site_name":"Radio Touring 104","article_published_time":"2025-12-11T08:02:10+00:00","article_modified_time":"2025-12-11T11:56:52+00:00","og_image":[{"width":1119,"height":1600,"url":"https:\/\/progettotouring.it\/radiotouring104\/wp-content\/uploads\/sites\/6\/2025\/12\/Concerto-Cultura-e-Legalita-Teatro-Cilea-Polizia-.jpeg","type":"image\/jpeg"}],"author":"redazione","twitter_card":"summary_large_image","twitter_misc":{"Scritto da":"redazione","Tempo di lettura stimato":"2 minuti"},"schema":{"@context":"https:\/\/schema.org","@graph":[{"@type":"Article","@id":"https:\/\/progettotouring.it\/radiotouring104\/2025\/12\/11\/reggio-oggi-al-cilea-il-concerto-cultura-e-legalita\/#article","isPartOf":{"@id":"https:\/\/progettotouring.it\/radiotouring104\/2025\/12\/11\/reggio-oggi-al-cilea-il-concerto-cultura-e-legalita\/"},"author":{"name":"redazione","@id":"https:\/\/progettotouring.it\/radiotouring104\/#\/schema\/person\/1b3eb3c07c47136bc44c785c543e635f"},"headline":"Reggio: oggi al Cilea il concerto \u201cCultura \u00e8 Legalit\u00e0\u201d","datePublished":"2025-12-11T08:02:10+00:00","dateModified":"2025-12-11T11:56:52+00:00","mainEntityOfPage":{"@id":"https:\/\/progettotouring.it\/radiotouring104\/2025\/12\/11\/reggio-oggi-al-cilea-il-concerto-cultura-e-legalita\/"},"wordCount":491,"publisher":{"@id":"https:\/\/progettotouring.it\/radiotouring104\/#organization"},"image":{"@id":"https:\/\/progettotouring.it\/radiotouring104\/2025\/12\/11\/reggio-oggi-al-cilea-il-concerto-cultura-e-legalita\/#primaryimage"},"thumbnailUrl":"https:\/\/progettotouring.it\/radiotouring104\/wp-content\/uploads\/sites\/6\/2025\/12\/Concerto-Cultura-e-Legalita-Teatro-Cilea-Polizia-.jpeg","keywords":["concerto","Coro Polifonico dell\u2019Universit\u00e0 Mediterranea","Cuoltura \u00e8 Legalit\u00e0","polizia di stato","Quesre di Reggio Calabria Salvatore La Rosa","Rettore prof. Giuseppe Zimbalatti","Teatro Cilea Reggio Calabria"],"articleSection":["Home","In primo piano","News","Reggio Calabria"],"inLanguage":"it-IT"},{"@type":"WebPage","@id":"https:\/\/progettotouring.it\/radiotouring104\/2025\/12\/11\/reggio-oggi-al-cilea-il-concerto-cultura-e-legalita\/","url":"https:\/\/progettotouring.it\/radiotouring104\/2025\/12\/11\/reggio-oggi-al-cilea-il-concerto-cultura-e-legalita\/","name":"Reggio: oggi al Cilea il concerto \u201cCultura \u00e8 Legalit\u00e0\u201d","isPartOf":{"@id":"https:\/\/progettotouring.it\/radiotouring104\/#website"},"primaryImageOfPage":{"@id":"https:\/\/progettotouring.it\/radiotouring104\/2025\/12\/11\/reggio-oggi-al-cilea-il-concerto-cultura-e-legalita\/#primaryimage"},"image":{"@id":"https:\/\/progettotouring.it\/radiotouring104\/2025\/12\/11\/reggio-oggi-al-cilea-il-concerto-cultura-e-legalita\/#primaryimage"},"thumbnailUrl":"https:\/\/progettotouring.it\/radiotouring104\/wp-content\/uploads\/sites\/6\/2025\/12\/Concerto-Cultura-e-Legalita-Teatro-Cilea-Polizia-.jpeg","datePublished":"2025-12-11T08:02:10+00:00","dateModified":"2025-12-11T11:56:52+00:00","description":"Si svolger\u00e0 stasera il concerto di Natale della Banda della Polizia di Stato e del Coro Polifonico dell\u2019Universit\u00e0 Mediterranea","breadcrumb":{"@id":"https:\/\/progettotouring.it\/radiotouring104\/2025\/12\/11\/reggio-oggi-al-cilea-il-concerto-cultura-e-legalita\/#breadcrumb"},"inLanguage":"it-IT","potentialAction":[{"@type":"ReadAction","target":["https:\/\/progettotouring.it\/radiotouring104\/2025\/12\/11\/reggio-oggi-al-cilea-il-concerto-cultura-e-legalita\/"]}]},{"@type":"ImageObject","inLanguage":"it-IT","@id":"https:\/\/progettotouring.it\/radiotouring104\/2025\/12\/11\/reggio-oggi-al-cilea-il-concerto-cultura-e-legalita\/#primaryimage","url":"https:\/\/progettotouring.it\/radiotouring104\/wp-content\/uploads\/sites\/6\/2025\/12\/Concerto-Cultura-e-Legalita-Teatro-Cilea-Polizia-.jpeg","contentUrl":"https:\/\/progettotouring.it\/radiotouring104\/wp-content\/uploads\/sites\/6\/2025\/12\/Concerto-Cultura-e-Legalita-Teatro-Cilea-Polizia-.jpeg","width":1119,"height":1600},{"@type":"BreadcrumbList","@id":"https:\/\/progettotouring.it\/radiotouring104\/2025\/12\/11\/reggio-oggi-al-cilea-il-concerto-cultura-e-legalita\/#breadcrumb","itemListElement":[{"@type":"ListItem","position":1,"name":"Home","item":"https:\/\/progettotouring.it\/radiotouring104\/"},{"@type":"ListItem","position":2,"name":"Reggio: oggi al Cilea il concerto \u201cCultura \u00e8 Legalit\u00e0\u201d"}]},{"@type":"WebSite","@id":"https:\/\/progettotouring.it\/radiotouring104\/#website","url":"https:\/\/progettotouring.it\/radiotouring104\/","name":"Radio Touring 104","description":"La prima radio Reggina","publisher":{"@id":"https:\/\/progettotouring.it\/radiotouring104\/#organization"},"potentialAction":[{"@type":"SearchAction","target":{"@type":"EntryPoint","urlTemplate":"https:\/\/progettotouring.it\/radiotouring104\/?s={search_term_string}"},"query-input":{"@type":"PropertyValueSpecification","valueRequired":true,"valueName":"search_term_string"}}],"inLanguage":"it-IT"},{"@type":"Organization","@id":"https:\/\/progettotouring.it\/radiotouring104\/#organization","name":"Radio Touring 104","url":"https:\/\/progettotouring.it\/radiotouring104\/","logo":{"@type":"ImageObject","inLanguage":"it-IT","@id":"https:\/\/progettotouring.it\/radiotouring104\/#\/schema\/logo\/image\/","url":"https:\/\/progettotouring.it\/radiotouring104\/wp-content\/uploads\/sites\/6\/2022\/02\/cropped-logo-radio-touring-104.png","contentUrl":"https:\/\/progettotouring.it\/radiotouring104\/wp-content\/uploads\/sites\/6\/2022\/02\/cropped-logo-radio-touring-104.png","width":377,"height":182,"caption":"Radio Touring 104"},"image":{"@id":"https:\/\/progettotouring.it\/radiotouring104\/#\/schema\/logo\/image\/"}},{"@type":"Person","@id":"https:\/\/progettotouring.it\/radiotouring104\/#\/schema\/person\/1b3eb3c07c47136bc44c785c543e635f","name":"redazione","image":{"@type":"ImageObject","inLanguage":"it-IT","@id":"https:\/\/secure.gravatar.com\/avatar\/0b31605b49f100769e8b624b3e05de1b73e1692e9568a352f60f53fd072e6e11?s=96&d=mm&r=g","url":"https:\/\/secure.gravatar.com\/avatar\/0b31605b49f100769e8b624b3e05de1b73e1692e9568a352f60f53fd072e6e11?s=96&d=mm&r=g","contentUrl":"https:\/\/secure.gravatar.com\/avatar\/0b31605b49f100769e8b624b3e05de1b73e1692e9568a352f60f53fd072e6e11?s=96&d=mm&r=g","caption":"redazione"},"url":"https:\/\/progettotouring.it\/radiotouring104\/author\/redazione\/"}]}},"jetpack_publicize_connections":[],"jetpack_featured_media_url":"https:\/\/progettotouring.it\/radiotouring104\/wp-content\/uploads\/sites\/6\/2025\/12\/Concerto-Cultura-e-Legalita-Teatro-Cilea-Polizia-.jpeg","jetpack_sharing_enabled":true,"_links":{"self":[{"href":"https:\/\/progettotouring.it\/radiotouring104\/wp-json\/wp\/v2\/posts\/87202","targetHints":{"allow":["GET"]}}],"collection":[{"href":"https:\/\/progettotouring.it\/radiotouring104\/wp-json\/wp\/v2\/posts"}],"about":[{"href":"https:\/\/progettotouring.it\/radiotouring104\/wp-json\/wp\/v2\/types\/post"}],"author":[{"embeddable":true,"href":"https:\/\/progettotouring.it\/radiotouring104\/wp-json\/wp\/v2\/users\/5"}],"replies":[{"embeddable":true,"href":"https:\/\/progettotouring.it\/radiotouring104\/wp-json\/wp\/v2\/comments?post=87202"}],"version-history":[{"count":1,"href":"https:\/\/progettotouring.it\/radiotouring104\/wp-json\/wp\/v2\/posts\/87202\/revisions"}],"predecessor-version":[{"id":87204,"href":"https:\/\/progettotouring.it\/radiotouring104\/wp-json\/wp\/v2\/posts\/87202\/revisions\/87204"}],"wp:featuredmedia":[{"embeddable":true,"href":"https:\/\/progettotouring.it\/radiotouring104\/wp-json\/wp\/v2\/media\/87203"}],"wp:attachment":[{"href":"https:\/\/progettotouring.it\/radiotouring104\/wp-json\/wp\/v2\/media?parent=87202"}],"wp:term":[{"taxonomy":"category","embeddable":true,"href":"https:\/\/progettotouring.it\/radiotouring104\/wp-json\/wp\/v2\/categories?post=87202"},{"taxonomy":"post_tag","embeddable":true,"href":"https:\/\/progettotouring.it\/radiotouring104\/wp-json\/wp\/v2\/tags?post=87202"}],"curies":[{"name":"wp","href":"https:\/\/api.w.org\/{rel}","templated":true}]}}