{"id":87220,"date":"2025-12-11T09:53:36","date_gmt":"2025-12-11T08:53:36","guid":{"rendered":"https:\/\/progettotouring.it\/radiotouring104\/?p=87220"},"modified":"2025-12-11T12:56:23","modified_gmt":"2025-12-11T11:56:23","slug":"a-mosorrofa-linaugurazione-dell-albero-della-sicurezza-in-memoria-di-fabrizio-nicolo","status":"publish","type":"post","link":"https:\/\/progettotouring.it\/radiotouring104\/2025\/12\/11\/a-mosorrofa-linaugurazione-dell-albero-della-sicurezza-in-memoria-di-fabrizio-nicolo\/","title":{"rendered":"A Mosorrofa l&#8217;inaugurazione dell&#8217; &#8220;Albero della Sicurezza&#8221;, in memoria di Fabrizio Nicol\u00f2"},"content":{"rendered":"<p>La parrocchia San Demetrio, l\u2019Azione Cattolica di Mosorrofa, l\u2019ANMIL e la Fondazione ANMIL anche quest\u2019anno propongono, in collaborazione col Movimento Lavoratori di Azione Cattolica (MLAC), in Piazza San Demetrio a Mosorrofa (RC) l\u2019Albero della Sicurezza per sensibilizzare la popolazione sulla triste realt\u00e0 di infortuni e morti sul lavoro in continuo aumento.<\/p>\n<p><strong>Dai dati infortunistici forniti dall\u2019<\/strong><a href=\"https:\/\/www.vegaformazione.it\/glossario\/inail-g160.html\"><strong>INAIL<\/strong><\/a><strong>\u00a0<\/strong><strong>aggiornati<\/strong>\u00a0ad ottobre 2025, dai quali si contano<strong>\u00a0<\/strong><strong>896 vittime per infortuni sui luoghi di lavoro<\/strong><strong>\u00a0<\/strong>in Italia, si evince un <strong>+0,7%<\/strong> \u00a0di aumento rispetto alle<strong>\u00a0<\/strong><strong>890\u00a0<\/strong>registrate nello stesso periodo del 2024<strong>\u00a0<\/strong><strong>. <\/strong>Anche le<strong>\u00a0<\/strong><strong>denunce di infortunio<\/strong>\u00a0complessive continuano ad aumentare con un incremento registrato del\u00a0<strong>+1,2%<\/strong><strong>\u00a0<\/strong>rispetto allo stesso periodo dell\u2019anno precedente.<\/p>\n<p>L\u2019Albero anche quest\u2019anno sar\u00e0 dedicato alla memoria di Fabrizio Nicol\u00f2, tragicamente deceduto per un incidente sul lavoro un anno fa, il 29 ottobre 2024.<\/p>\n<p>L\u2019Albero della sicurezza, nato da un\u2019idea dell\u2019artista Francesco Sbolzani, \u00e8 composto da 25 caschi di protezione per prevenire gli infortuni sul lavoro. \u00a0Posto nella piazza principale del paese, verr\u00e0 inaugurato il 13 p.v. alle ore 18.30. \u00a0Ci sar\u00e0 la benedizione officiata dal parroco sac. Domenico Labella che rivolger\u00e0 anche un suo pensiero alla comunit\u00e0. Far\u00e0 seguito Pasquale Andidero, presidente dell\u2019Azione Cattolica di Mosorrofa, che proporr\u00e0 un ricordo di Fabrizio ed esporr\u00e0 alcune note di Papa Leone XIV sulla dignit\u00e0 del lavoratore e la necessit\u00e0 di poter lavorare in sicurezza. Concluder\u00e0 l\u2019evento Francesco Costantino, Presidente Nazionale della Fondazione ANMIL, che racconter\u00e0 il vissuto quotidiano dei troppi incidenti che ancora avvengono nonostante le tante accorate dichiarazioni da parte di tutti di voler ridurre ed eliminare questi tristi eventi.<\/p>\n<p>Sull\u2019albero campegger\u00e0 anche il casco di protezione di Fabrizio come monito e invito a chi passandoci davanti, che sia lavoratore, imprenditore o cliente, a soffermarsi un attimo a pensare cosa pu\u00f2 fare , nel proprio piccolo, per rendere pi\u00f9 sicuro ogni posto di lavoro e anche, guardandosi indietro, riflettere su cosa ha fatto per renderlo \u201cpi\u00f9 a rischio\u201d.<\/p>\n<p>Sappiamo benissimo che non sar\u00e0 l\u2019Albero della sicurezza o la Giornata Mondiale per la Sicurezza sul Lavoro che si celebra il 28 aprile di ogni anno a ridurre la piaga degli incidenti sul lavoro, ma sono necessarie e utili per contribuire a far crescere la consapevolezza sia nei lavoratori che nei datori di lavoro che nessun guadagno economico pu\u00f2 giustificare il rischio a cui si va incontro, e che le tristi statistiche ci dicono che non siamo ancora sulla buona strada.<\/p>\n","protected":false},"excerpt":{"rendered":"<p>La parrocchia San Demetrio, l\u2019Azione Cattolica di Mosorrofa, l\u2019ANMIL e la Fondazione ANMIL anche quest\u2019anno propongono, in collaborazione col Movimento Lavoratori di Azione Cattolica (MLAC), in Piazza San Demetrio a&hellip;<\/p>\n","protected":false},"author":5,"featured_media":87221,"comment_status":"closed","ping_status":"open","sticky":false,"template":"","format":"standard","meta":{"_jetpack_memberships_contains_paid_content":false,"footnotes":"","jetpack_publicize_message":"","jetpack_publicize_feature_enabled":true,"jetpack_social_post_already_shared":true,"jetpack_social_options":{"image_generator_settings":{"template":"highway","default_image_id":0,"font":"","enabled":false},"version":2}},"categories":[921,196,140],"tags":[49451,9380,2686,34589,3027,2689],"class_list":["post-87220","post","type-post","status-publish","format-standard","has-post-thumbnail","hentry","category-home","category-news","category-reggio-calabria","tag-memoria-di-fabrizio-nicolo","tag-morti-sul-lavoro","tag-mosorrofa","tag-parrocchia-san-demetrio","tag-pasquale-andidero","tag-piazza-san-demetrio"],"yoast_head":"<!-- This site is optimized with the Yoast SEO plugin v27.2 - https:\/\/yoast.com\/product\/yoast-seo-wordpress\/ -->\n<title>A Mosorrofa l&#039;inaugurazione dell&#039; &quot;Albero della Sicurezza&quot;<\/title>\n<meta name=\"description\" content=\"L&#039;inagurazione dell&#039;Albero della Sicurezza sul Lavoro, parrocchia San Demetrio, si svolger\u00e0 il 13 dicembre, a Piazza San Demetrio\" \/>\n<meta name=\"robots\" content=\"index, follow, max-snippet:-1, max-image-preview:large, max-video-preview:-1\" \/>\n<link rel=\"canonical\" href=\"https:\/\/progettotouring.it\/radiotouring104\/2025\/12\/11\/a-mosorrofa-linaugurazione-dell-albero-della-sicurezza-in-memoria-di-fabrizio-nicolo\/\" \/>\n<meta property=\"og:locale\" content=\"it_IT\" \/>\n<meta property=\"og:type\" content=\"article\" \/>\n<meta property=\"og:title\" content=\"A Mosorrofa l&#039;inaugurazione dell&#039; &quot;Albero della Sicurezza&quot;\" \/>\n<meta property=\"og:description\" content=\"L&#039;inagurazione dell&#039;Albero della Sicurezza sul Lavoro, parrocchia San Demetrio, si svolger\u00e0 il 13 dicembre, a Piazza San Demetrio\" \/>\n<meta property=\"og:url\" content=\"https:\/\/progettotouring.it\/radiotouring104\/2025\/12\/11\/a-mosorrofa-linaugurazione-dell-albero-della-sicurezza-in-memoria-di-fabrizio-nicolo\/\" \/>\n<meta property=\"og:site_name\" content=\"Radio Touring 104\" \/>\n<meta property=\"article:published_time\" content=\"2025-12-11T08:53:36+00:00\" \/>\n<meta property=\"article:modified_time\" content=\"2025-12-11T11:56:23+00:00\" \/>\n<meta property=\"og:image\" content=\"https:\/\/progettotouring.it\/radiotouring104\/wp-content\/uploads\/sites\/6\/2025\/12\/Albero-della-sicurezza-2025.jpeg\" \/>\n\t<meta property=\"og:image:width\" content=\"1200\" \/>\n\t<meta property=\"og:image:height\" content=\"1600\" \/>\n\t<meta property=\"og:image:type\" content=\"image\/jpeg\" \/>\n<meta name=\"author\" content=\"redazione\" \/>\n<meta name=\"twitter:card\" content=\"summary_large_image\" \/>\n<meta name=\"twitter:label1\" content=\"Scritto da\" \/>\n\t<meta name=\"twitter:data1\" content=\"redazione\" \/>\n\t<meta name=\"twitter:label2\" content=\"Tempo di lettura stimato\" \/>\n\t<meta name=\"twitter:data2\" content=\"2 minuti\" \/>\n<script type=\"application\/ld+json\" class=\"yoast-schema-graph\">{\"@context\":\"https:\/\/schema.org\",\"@graph\":[{\"@type\":\"Article\",\"@id\":\"https:\/\/progettotouring.it\/radiotouring104\/2025\/12\/11\/a-mosorrofa-linaugurazione-dell-albero-della-sicurezza-in-memoria-di-fabrizio-nicolo\/#article\",\"isPartOf\":{\"@id\":\"https:\/\/progettotouring.it\/radiotouring104\/2025\/12\/11\/a-mosorrofa-linaugurazione-dell-albero-della-sicurezza-in-memoria-di-fabrizio-nicolo\/\"},\"author\":{\"name\":\"redazione\",\"@id\":\"https:\/\/progettotouring.it\/radiotouring104\/#\/schema\/person\/1b3eb3c07c47136bc44c785c543e635f\"},\"headline\":\"A Mosorrofa l&#8217;inaugurazione dell&#8217; &#8220;Albero della Sicurezza&#8221;, in memoria di Fabrizio Nicol\u00f2\",\"datePublished\":\"2025-12-11T08:53:36+00:00\",\"dateModified\":\"2025-12-11T11:56:23+00:00\",\"mainEntityOfPage\":{\"@id\":\"https:\/\/progettotouring.it\/radiotouring104\/2025\/12\/11\/a-mosorrofa-linaugurazione-dell-albero-della-sicurezza-in-memoria-di-fabrizio-nicolo\/\"},\"wordCount\":413,\"publisher\":{\"@id\":\"https:\/\/progettotouring.it\/radiotouring104\/#organization\"},\"image\":{\"@id\":\"https:\/\/progettotouring.it\/radiotouring104\/2025\/12\/11\/a-mosorrofa-linaugurazione-dell-albero-della-sicurezza-in-memoria-di-fabrizio-nicolo\/#primaryimage\"},\"thumbnailUrl\":\"https:\/\/progettotouring.it\/radiotouring104\/wp-content\/uploads\/sites\/6\/2025\/12\/Albero-della-sicurezza-2025.jpeg\",\"keywords\":[\"memoria di Fabrizio Nicol\u00f2\",\"morti sul lavoro\",\"mosorrofa\",\"parrocchia San Demetrio\",\"pasquale andidero\",\"Piazza san demetrio\"],\"articleSection\":[\"Home\",\"News\",\"Reggio Calabria\"],\"inLanguage\":\"it-IT\"},{\"@type\":\"WebPage\",\"@id\":\"https:\/\/progettotouring.it\/radiotouring104\/2025\/12\/11\/a-mosorrofa-linaugurazione-dell-albero-della-sicurezza-in-memoria-di-fabrizio-nicolo\/\",\"url\":\"https:\/\/progettotouring.it\/radiotouring104\/2025\/12\/11\/a-mosorrofa-linaugurazione-dell-albero-della-sicurezza-in-memoria-di-fabrizio-nicolo\/\",\"name\":\"A Mosorrofa l'inaugurazione dell' \\\"Albero della Sicurezza\\\"\",\"isPartOf\":{\"@id\":\"https:\/\/progettotouring.it\/radiotouring104\/#website\"},\"primaryImageOfPage\":{\"@id\":\"https:\/\/progettotouring.it\/radiotouring104\/2025\/12\/11\/a-mosorrofa-linaugurazione-dell-albero-della-sicurezza-in-memoria-di-fabrizio-nicolo\/#primaryimage\"},\"image\":{\"@id\":\"https:\/\/progettotouring.it\/radiotouring104\/2025\/12\/11\/a-mosorrofa-linaugurazione-dell-albero-della-sicurezza-in-memoria-di-fabrizio-nicolo\/#primaryimage\"},\"thumbnailUrl\":\"https:\/\/progettotouring.it\/radiotouring104\/wp-content\/uploads\/sites\/6\/2025\/12\/Albero-della-sicurezza-2025.jpeg\",\"datePublished\":\"2025-12-11T08:53:36+00:00\",\"dateModified\":\"2025-12-11T11:56:23+00:00\",\"description\":\"L'inagurazione dell'Albero della Sicurezza sul Lavoro, parrocchia San Demetrio, si svolger\u00e0 il 13 dicembre, a Piazza San Demetrio\",\"breadcrumb\":{\"@id\":\"https:\/\/progettotouring.it\/radiotouring104\/2025\/12\/11\/a-mosorrofa-linaugurazione-dell-albero-della-sicurezza-in-memoria-di-fabrizio-nicolo\/#breadcrumb\"},\"inLanguage\":\"it-IT\",\"potentialAction\":[{\"@type\":\"ReadAction\",\"target\":[\"https:\/\/progettotouring.it\/radiotouring104\/2025\/12\/11\/a-mosorrofa-linaugurazione-dell-albero-della-sicurezza-in-memoria-di-fabrizio-nicolo\/\"]}]},{\"@type\":\"ImageObject\",\"inLanguage\":\"it-IT\",\"@id\":\"https:\/\/progettotouring.it\/radiotouring104\/2025\/12\/11\/a-mosorrofa-linaugurazione-dell-albero-della-sicurezza-in-memoria-di-fabrizio-nicolo\/#primaryimage\",\"url\":\"https:\/\/progettotouring.it\/radiotouring104\/wp-content\/uploads\/sites\/6\/2025\/12\/Albero-della-sicurezza-2025.jpeg\",\"contentUrl\":\"https:\/\/progettotouring.it\/radiotouring104\/wp-content\/uploads\/sites\/6\/2025\/12\/Albero-della-sicurezza-2025.jpeg\",\"width\":1200,\"height\":1600},{\"@type\":\"BreadcrumbList\",\"@id\":\"https:\/\/progettotouring.it\/radiotouring104\/2025\/12\/11\/a-mosorrofa-linaugurazione-dell-albero-della-sicurezza-in-memoria-di-fabrizio-nicolo\/#breadcrumb\",\"itemListElement\":[{\"@type\":\"ListItem\",\"position\":1,\"name\":\"Home\",\"item\":\"https:\/\/progettotouring.it\/radiotouring104\/\"},{\"@type\":\"ListItem\",\"position\":2,\"name\":\"A Mosorrofa l&#8217;inaugurazione dell&#8217; &#8220;Albero della Sicurezza&#8221;, in memoria di Fabrizio Nicol\u00f2\"}]},{\"@type\":\"WebSite\",\"@id\":\"https:\/\/progettotouring.it\/radiotouring104\/#website\",\"url\":\"https:\/\/progettotouring.it\/radiotouring104\/\",\"name\":\"Radio Touring 104\",\"description\":\"La prima radio Reggina\",\"publisher\":{\"@id\":\"https:\/\/progettotouring.it\/radiotouring104\/#organization\"},\"potentialAction\":[{\"@type\":\"SearchAction\",\"target\":{\"@type\":\"EntryPoint\",\"urlTemplate\":\"https:\/\/progettotouring.it\/radiotouring104\/?s={search_term_string}\"},\"query-input\":{\"@type\":\"PropertyValueSpecification\",\"valueRequired\":true,\"valueName\":\"search_term_string\"}}],\"inLanguage\":\"it-IT\"},{\"@type\":\"Organization\",\"@id\":\"https:\/\/progettotouring.it\/radiotouring104\/#organization\",\"name\":\"Radio Touring 104\",\"url\":\"https:\/\/progettotouring.it\/radiotouring104\/\",\"logo\":{\"@type\":\"ImageObject\",\"inLanguage\":\"it-IT\",\"@id\":\"https:\/\/progettotouring.it\/radiotouring104\/#\/schema\/logo\/image\/\",\"url\":\"https:\/\/progettotouring.it\/radiotouring104\/wp-content\/uploads\/sites\/6\/2022\/02\/cropped-logo-radio-touring-104.png\",\"contentUrl\":\"https:\/\/progettotouring.it\/radiotouring104\/wp-content\/uploads\/sites\/6\/2022\/02\/cropped-logo-radio-touring-104.png\",\"width\":377,\"height\":182,\"caption\":\"Radio Touring 104\"},\"image\":{\"@id\":\"https:\/\/progettotouring.it\/radiotouring104\/#\/schema\/logo\/image\/\"}},{\"@type\":\"Person\",\"@id\":\"https:\/\/progettotouring.it\/radiotouring104\/#\/schema\/person\/1b3eb3c07c47136bc44c785c543e635f\",\"name\":\"redazione\",\"image\":{\"@type\":\"ImageObject\",\"inLanguage\":\"it-IT\",\"@id\":\"https:\/\/secure.gravatar.com\/avatar\/0b31605b49f100769e8b624b3e05de1b73e1692e9568a352f60f53fd072e6e11?s=96&d=mm&r=g\",\"url\":\"https:\/\/secure.gravatar.com\/avatar\/0b31605b49f100769e8b624b3e05de1b73e1692e9568a352f60f53fd072e6e11?s=96&d=mm&r=g\",\"contentUrl\":\"https:\/\/secure.gravatar.com\/avatar\/0b31605b49f100769e8b624b3e05de1b73e1692e9568a352f60f53fd072e6e11?s=96&d=mm&r=g\",\"caption\":\"redazione\"},\"url\":\"https:\/\/progettotouring.it\/radiotouring104\/author\/redazione\/\"}]}<\/script>\n<!-- \/ Yoast SEO plugin. -->","yoast_head_json":{"title":"A Mosorrofa l'inaugurazione dell' \"Albero della Sicurezza\"","description":"L'inagurazione dell'Albero della Sicurezza sul Lavoro, parrocchia San Demetrio, si svolger\u00e0 il 13 dicembre, a Piazza San Demetrio","robots":{"index":"index","follow":"follow","max-snippet":"max-snippet:-1","max-image-preview":"max-image-preview:large","max-video-preview":"max-video-preview:-1"},"canonical":"https:\/\/progettotouring.it\/radiotouring104\/2025\/12\/11\/a-mosorrofa-linaugurazione-dell-albero-della-sicurezza-in-memoria-di-fabrizio-nicolo\/","og_locale":"it_IT","og_type":"article","og_title":"A Mosorrofa l'inaugurazione dell' \"Albero della Sicurezza\"","og_description":"L'inagurazione dell'Albero della Sicurezza sul Lavoro, parrocchia San Demetrio, si svolger\u00e0 il 13 dicembre, a Piazza San Demetrio","og_url":"https:\/\/progettotouring.it\/radiotouring104\/2025\/12\/11\/a-mosorrofa-linaugurazione-dell-albero-della-sicurezza-in-memoria-di-fabrizio-nicolo\/","og_site_name":"Radio Touring 104","article_published_time":"2025-12-11T08:53:36+00:00","article_modified_time":"2025-12-11T11:56:23+00:00","og_image":[{"width":1200,"height":1600,"url":"https:\/\/progettotouring.it\/radiotouring104\/wp-content\/uploads\/sites\/6\/2025\/12\/Albero-della-sicurezza-2025.jpeg","type":"image\/jpeg"}],"author":"redazione","twitter_card":"summary_large_image","twitter_misc":{"Scritto da":"redazione","Tempo di lettura stimato":"2 minuti"},"schema":{"@context":"https:\/\/schema.org","@graph":[{"@type":"Article","@id":"https:\/\/progettotouring.it\/radiotouring104\/2025\/12\/11\/a-mosorrofa-linaugurazione-dell-albero-della-sicurezza-in-memoria-di-fabrizio-nicolo\/#article","isPartOf":{"@id":"https:\/\/progettotouring.it\/radiotouring104\/2025\/12\/11\/a-mosorrofa-linaugurazione-dell-albero-della-sicurezza-in-memoria-di-fabrizio-nicolo\/"},"author":{"name":"redazione","@id":"https:\/\/progettotouring.it\/radiotouring104\/#\/schema\/person\/1b3eb3c07c47136bc44c785c543e635f"},"headline":"A Mosorrofa l&#8217;inaugurazione dell&#8217; &#8220;Albero della Sicurezza&#8221;, in memoria di Fabrizio Nicol\u00f2","datePublished":"2025-12-11T08:53:36+00:00","dateModified":"2025-12-11T11:56:23+00:00","mainEntityOfPage":{"@id":"https:\/\/progettotouring.it\/radiotouring104\/2025\/12\/11\/a-mosorrofa-linaugurazione-dell-albero-della-sicurezza-in-memoria-di-fabrizio-nicolo\/"},"wordCount":413,"publisher":{"@id":"https:\/\/progettotouring.it\/radiotouring104\/#organization"},"image":{"@id":"https:\/\/progettotouring.it\/radiotouring104\/2025\/12\/11\/a-mosorrofa-linaugurazione-dell-albero-della-sicurezza-in-memoria-di-fabrizio-nicolo\/#primaryimage"},"thumbnailUrl":"https:\/\/progettotouring.it\/radiotouring104\/wp-content\/uploads\/sites\/6\/2025\/12\/Albero-della-sicurezza-2025.jpeg","keywords":["memoria di Fabrizio Nicol\u00f2","morti sul lavoro","mosorrofa","parrocchia San Demetrio","pasquale andidero","Piazza san demetrio"],"articleSection":["Home","News","Reggio Calabria"],"inLanguage":"it-IT"},{"@type":"WebPage","@id":"https:\/\/progettotouring.it\/radiotouring104\/2025\/12\/11\/a-mosorrofa-linaugurazione-dell-albero-della-sicurezza-in-memoria-di-fabrizio-nicolo\/","url":"https:\/\/progettotouring.it\/radiotouring104\/2025\/12\/11\/a-mosorrofa-linaugurazione-dell-albero-della-sicurezza-in-memoria-di-fabrizio-nicolo\/","name":"A Mosorrofa l'inaugurazione dell' \"Albero della Sicurezza\"","isPartOf":{"@id":"https:\/\/progettotouring.it\/radiotouring104\/#website"},"primaryImageOfPage":{"@id":"https:\/\/progettotouring.it\/radiotouring104\/2025\/12\/11\/a-mosorrofa-linaugurazione-dell-albero-della-sicurezza-in-memoria-di-fabrizio-nicolo\/#primaryimage"},"image":{"@id":"https:\/\/progettotouring.it\/radiotouring104\/2025\/12\/11\/a-mosorrofa-linaugurazione-dell-albero-della-sicurezza-in-memoria-di-fabrizio-nicolo\/#primaryimage"},"thumbnailUrl":"https:\/\/progettotouring.it\/radiotouring104\/wp-content\/uploads\/sites\/6\/2025\/12\/Albero-della-sicurezza-2025.jpeg","datePublished":"2025-12-11T08:53:36+00:00","dateModified":"2025-12-11T11:56:23+00:00","description":"L'inagurazione dell'Albero della Sicurezza sul Lavoro, parrocchia San Demetrio, si svolger\u00e0 il 13 dicembre, a Piazza San Demetrio","breadcrumb":{"@id":"https:\/\/progettotouring.it\/radiotouring104\/2025\/12\/11\/a-mosorrofa-linaugurazione-dell-albero-della-sicurezza-in-memoria-di-fabrizio-nicolo\/#breadcrumb"},"inLanguage":"it-IT","potentialAction":[{"@type":"ReadAction","target":["https:\/\/progettotouring.it\/radiotouring104\/2025\/12\/11\/a-mosorrofa-linaugurazione-dell-albero-della-sicurezza-in-memoria-di-fabrizio-nicolo\/"]}]},{"@type":"ImageObject","inLanguage":"it-IT","@id":"https:\/\/progettotouring.it\/radiotouring104\/2025\/12\/11\/a-mosorrofa-linaugurazione-dell-albero-della-sicurezza-in-memoria-di-fabrizio-nicolo\/#primaryimage","url":"https:\/\/progettotouring.it\/radiotouring104\/wp-content\/uploads\/sites\/6\/2025\/12\/Albero-della-sicurezza-2025.jpeg","contentUrl":"https:\/\/progettotouring.it\/radiotouring104\/wp-content\/uploads\/sites\/6\/2025\/12\/Albero-della-sicurezza-2025.jpeg","width":1200,"height":1600},{"@type":"BreadcrumbList","@id":"https:\/\/progettotouring.it\/radiotouring104\/2025\/12\/11\/a-mosorrofa-linaugurazione-dell-albero-della-sicurezza-in-memoria-di-fabrizio-nicolo\/#breadcrumb","itemListElement":[{"@type":"ListItem","position":1,"name":"Home","item":"https:\/\/progettotouring.it\/radiotouring104\/"},{"@type":"ListItem","position":2,"name":"A Mosorrofa l&#8217;inaugurazione dell&#8217; &#8220;Albero della Sicurezza&#8221;, in memoria di Fabrizio Nicol\u00f2"}]},{"@type":"WebSite","@id":"https:\/\/progettotouring.it\/radiotouring104\/#website","url":"https:\/\/progettotouring.it\/radiotouring104\/","name":"Radio Touring 104","description":"La prima radio Reggina","publisher":{"@id":"https:\/\/progettotouring.it\/radiotouring104\/#organization"},"potentialAction":[{"@type":"SearchAction","target":{"@type":"EntryPoint","urlTemplate":"https:\/\/progettotouring.it\/radiotouring104\/?s={search_term_string}"},"query-input":{"@type":"PropertyValueSpecification","valueRequired":true,"valueName":"search_term_string"}}],"inLanguage":"it-IT"},{"@type":"Organization","@id":"https:\/\/progettotouring.it\/radiotouring104\/#organization","name":"Radio Touring 104","url":"https:\/\/progettotouring.it\/radiotouring104\/","logo":{"@type":"ImageObject","inLanguage":"it-IT","@id":"https:\/\/progettotouring.it\/radiotouring104\/#\/schema\/logo\/image\/","url":"https:\/\/progettotouring.it\/radiotouring104\/wp-content\/uploads\/sites\/6\/2022\/02\/cropped-logo-radio-touring-104.png","contentUrl":"https:\/\/progettotouring.it\/radiotouring104\/wp-content\/uploads\/sites\/6\/2022\/02\/cropped-logo-radio-touring-104.png","width":377,"height":182,"caption":"Radio Touring 104"},"image":{"@id":"https:\/\/progettotouring.it\/radiotouring104\/#\/schema\/logo\/image\/"}},{"@type":"Person","@id":"https:\/\/progettotouring.it\/radiotouring104\/#\/schema\/person\/1b3eb3c07c47136bc44c785c543e635f","name":"redazione","image":{"@type":"ImageObject","inLanguage":"it-IT","@id":"https:\/\/secure.gravatar.com\/avatar\/0b31605b49f100769e8b624b3e05de1b73e1692e9568a352f60f53fd072e6e11?s=96&d=mm&r=g","url":"https:\/\/secure.gravatar.com\/avatar\/0b31605b49f100769e8b624b3e05de1b73e1692e9568a352f60f53fd072e6e11?s=96&d=mm&r=g","contentUrl":"https:\/\/secure.gravatar.com\/avatar\/0b31605b49f100769e8b624b3e05de1b73e1692e9568a352f60f53fd072e6e11?s=96&d=mm&r=g","caption":"redazione"},"url":"https:\/\/progettotouring.it\/radiotouring104\/author\/redazione\/"}]}},"jetpack_publicize_connections":[],"jetpack_featured_media_url":"https:\/\/progettotouring.it\/radiotouring104\/wp-content\/uploads\/sites\/6\/2025\/12\/Albero-della-sicurezza-2025.jpeg","jetpack_sharing_enabled":true,"_links":{"self":[{"href":"https:\/\/progettotouring.it\/radiotouring104\/wp-json\/wp\/v2\/posts\/87220","targetHints":{"allow":["GET"]}}],"collection":[{"href":"https:\/\/progettotouring.it\/radiotouring104\/wp-json\/wp\/v2\/posts"}],"about":[{"href":"https:\/\/progettotouring.it\/radiotouring104\/wp-json\/wp\/v2\/types\/post"}],"author":[{"embeddable":true,"href":"https:\/\/progettotouring.it\/radiotouring104\/wp-json\/wp\/v2\/users\/5"}],"replies":[{"embeddable":true,"href":"https:\/\/progettotouring.it\/radiotouring104\/wp-json\/wp\/v2\/comments?post=87220"}],"version-history":[{"count":1,"href":"https:\/\/progettotouring.it\/radiotouring104\/wp-json\/wp\/v2\/posts\/87220\/revisions"}],"predecessor-version":[{"id":87222,"href":"https:\/\/progettotouring.it\/radiotouring104\/wp-json\/wp\/v2\/posts\/87220\/revisions\/87222"}],"wp:featuredmedia":[{"embeddable":true,"href":"https:\/\/progettotouring.it\/radiotouring104\/wp-json\/wp\/v2\/media\/87221"}],"wp:attachment":[{"href":"https:\/\/progettotouring.it\/radiotouring104\/wp-json\/wp\/v2\/media?parent=87220"}],"wp:term":[{"taxonomy":"category","embeddable":true,"href":"https:\/\/progettotouring.it\/radiotouring104\/wp-json\/wp\/v2\/categories?post=87220"},{"taxonomy":"post_tag","embeddable":true,"href":"https:\/\/progettotouring.it\/radiotouring104\/wp-json\/wp\/v2\/tags?post=87220"}],"curies":[{"name":"wp","href":"https:\/\/api.w.org\/{rel}","templated":true}]}}