{"id":87223,"date":"2025-12-11T10:02:19","date_gmt":"2025-12-11T09:02:19","guid":{"rendered":"https:\/\/progettotouring.it\/radiotouring104\/?p=87223"},"modified":"2025-12-11T12:56:17","modified_gmt":"2025-12-11T11:56:17","slug":"palazzo-alvaro-mantegna-interviene-al-2-incontro-del-progetto-campagne-aperte","status":"publish","type":"post","link":"https:\/\/progettotouring.it\/radiotouring104\/2025\/12\/11\/palazzo-alvaro-mantegna-interviene-al-2-incontro-del-progetto-campagne-aperte\/","title":{"rendered":"Palazzo Alvaro: Mantegna interviene al 2\u00b0 incontro del progetto &#8220;Campagne Aperte&#8221;"},"content":{"rendered":"<p>Il consigliere metropolitano delegato di Reggio Calabria, Domenico Mantegna, ha partecipato, a Palazzo Alvaro, al secondo incontro provinciale di \u2018Campagne aperte\u2019, promosso dal Centro regionale d\u2019intervento per la cooperazione (Cric) in collaborazione con la Citt\u00e0 Metropolitana, Arci Reggio Calabria aps,<a href=\"http:\/\/re.co\/\" target=\"_blank\" rel=\"noopener noreferrer\">\u00a0Re.Co<\/a>.Sol, federazione delle Chiese Evangeliche in Italia, Medu, Nuvola rossa aps, Universit\u00e0 della Calabria, sostenuto da Fondazione \u2018Con il Sud\u2019.<\/p>\n<p>Campagne Aperte \u00e8 un laboratorio territoriale che opera per affrancare dallo sfruttamento e dall&#8217;isolamento sociale i lavoratori e le lavoratrici di origine straniera, promuovendo diritti, partecipazione e filiere pi\u00f9 eque nella Citt\u00e0 Metropolitana.<\/p>\n<p>\u201cIl nostro impegno come Citt\u00e0 Metropolitana, su indirizzo del sindaco Giuseppe Falcomat\u00e0, \u00e8 sempre proteso alla piena affermazione dei diritti per ogni cittadino, soprattutto in settori fragili, compresi quelli in cui operano lavoratori e lavoratrici di origine straniera. Si tratta di persone che occupano ruoli importanti in una filiera strategica quale quella dell\u2019agricoltura\u201d. Cos\u00ec il consigliere metropolitano Domenico Mantegna che ha aggiunto: \u201cViviamo ed operiamo in una terra che da millenni \u00e8 crocevia di popoli e di culture, ricca di esperienze di accoglienza ed integrazione. E\u2019 quindi opportuno \u2013 ha concluso &#8211; incentivare e partecipare ad ogni esperienza utile affinch\u00e9 si possa contribuire alla realizzazione di buone pratiche di inclusione, cercando di superare l\u2019approccio emergenziale\u201d.<\/p>\n","protected":false},"excerpt":{"rendered":"<p>Il consigliere metropolitano delegato di Reggio Calabria, Domenico Mantegna, ha partecipato, a Palazzo Alvaro, al secondo incontro provinciale di \u2018Campagne aperte\u2019, promosso dal Centro regionale d\u2019intervento per la cooperazione (Cric)&hellip;<\/p>\n","protected":false},"author":5,"featured_media":87224,"comment_status":"closed","ping_status":"open","sticky":false,"template":"","format":"standard","meta":{"_jetpack_memberships_contains_paid_content":false,"footnotes":"","jetpack_publicize_message":"","jetpack_publicize_feature_enabled":true,"jetpack_social_post_already_shared":true,"jetpack_social_options":{"image_generator_settings":{"template":"highway","default_image_id":0,"font":"","enabled":false},"version":2}},"categories":[921,196,140],"tags":[49453,2284,49454,739,49452],"class_list":["post-87223","post","type-post","status-publish","format-standard","has-post-thumbnail","hentry","category-home","category-news","category-reggio-calabria","tag-tutelare-il-lavoro-dei-migranti-in-agricoltura","tag-domenico-mantegna","tag-nostra-e-terra-di-accoglienza","tag-palazzo-alvaro","tag-progetto-campagne-aperte"],"yoast_head":"<!-- This site is optimized with the Yoast SEO plugin v27.2 - https:\/\/yoast.com\/product\/yoast-seo-wordpress\/ -->\n<title>Palazzo Alvaro: Mantegna interviene all&#039;incontro Campagne Aperte<\/title>\n<meta name=\"description\" content=\"&quot;Tutelare il lavoro dei migranti in agricoltura. La nostra \u00e8 una terra d&#039;accoglienza, crocevia di popoli e culture&quot;, dichiara il Consigliere \u00a0\" \/>\n<meta name=\"robots\" content=\"index, follow, max-snippet:-1, max-image-preview:large, max-video-preview:-1\" \/>\n<link rel=\"canonical\" href=\"https:\/\/progettotouring.it\/radiotouring104\/2025\/12\/11\/palazzo-alvaro-mantegna-interviene-al-2-incontro-del-progetto-campagne-aperte\/\" \/>\n<meta property=\"og:locale\" content=\"it_IT\" \/>\n<meta property=\"og:type\" content=\"article\" \/>\n<meta property=\"og:title\" content=\"Palazzo Alvaro: Mantegna interviene all&#039;incontro Campagne Aperte\" \/>\n<meta property=\"og:description\" content=\"&quot;Tutelare il lavoro dei migranti in agricoltura. La nostra \u00e8 una terra d&#039;accoglienza, crocevia di popoli e culture&quot;, dichiara il Consigliere \u00a0\" \/>\n<meta property=\"og:url\" content=\"https:\/\/progettotouring.it\/radiotouring104\/2025\/12\/11\/palazzo-alvaro-mantegna-interviene-al-2-incontro-del-progetto-campagne-aperte\/\" \/>\n<meta property=\"og:site_name\" content=\"Radio Touring 104\" \/>\n<meta property=\"article:published_time\" content=\"2025-12-11T09:02:19+00:00\" \/>\n<meta property=\"article:modified_time\" content=\"2025-12-11T11:56:17+00:00\" \/>\n<meta property=\"og:image\" content=\"https:\/\/progettotouring.it\/radiotouring104\/wp-content\/uploads\/sites\/6\/2025\/12\/Palazzo-Alvaro-Domenico-Mantegna-incontro-campagne-aperte-scaled.jpeg\" \/>\n\t<meta property=\"og:image:width\" content=\"2560\" \/>\n\t<meta property=\"og:image:height\" content=\"1440\" \/>\n\t<meta property=\"og:image:type\" content=\"image\/jpeg\" \/>\n<meta name=\"author\" content=\"redazione\" \/>\n<meta name=\"twitter:card\" content=\"summary_large_image\" \/>\n<meta name=\"twitter:label1\" content=\"Scritto da\" \/>\n\t<meta name=\"twitter:data1\" content=\"redazione\" \/>\n\t<meta name=\"twitter:label2\" content=\"Tempo di lettura stimato\" \/>\n\t<meta name=\"twitter:data2\" content=\"1 minuto\" \/>\n<script type=\"application\/ld+json\" class=\"yoast-schema-graph\">{\"@context\":\"https:\/\/schema.org\",\"@graph\":[{\"@type\":\"Article\",\"@id\":\"https:\/\/progettotouring.it\/radiotouring104\/2025\/12\/11\/palazzo-alvaro-mantegna-interviene-al-2-incontro-del-progetto-campagne-aperte\/#article\",\"isPartOf\":{\"@id\":\"https:\/\/progettotouring.it\/radiotouring104\/2025\/12\/11\/palazzo-alvaro-mantegna-interviene-al-2-incontro-del-progetto-campagne-aperte\/\"},\"author\":{\"name\":\"redazione\",\"@id\":\"https:\/\/progettotouring.it\/radiotouring104\/#\/schema\/person\/1b3eb3c07c47136bc44c785c543e635f\"},\"headline\":\"Palazzo Alvaro: Mantegna interviene al 2\u00b0 incontro del progetto &#8220;Campagne Aperte&#8221;\",\"datePublished\":\"2025-12-11T09:02:19+00:00\",\"dateModified\":\"2025-12-11T11:56:17+00:00\",\"mainEntityOfPage\":{\"@id\":\"https:\/\/progettotouring.it\/radiotouring104\/2025\/12\/11\/palazzo-alvaro-mantegna-interviene-al-2-incontro-del-progetto-campagne-aperte\/\"},\"wordCount\":219,\"publisher\":{\"@id\":\"https:\/\/progettotouring.it\/radiotouring104\/#organization\"},\"image\":{\"@id\":\"https:\/\/progettotouring.it\/radiotouring104\/2025\/12\/11\/palazzo-alvaro-mantegna-interviene-al-2-incontro-del-progetto-campagne-aperte\/#primaryimage\"},\"thumbnailUrl\":\"https:\/\/progettotouring.it\/radiotouring104\/wp-content\/uploads\/sites\/6\/2025\/12\/Palazzo-Alvaro-Domenico-Mantegna-incontro-campagne-aperte-scaled.jpeg\",\"keywords\":[\"\\\"Tutelare il lavoro dei migranti in agricoltura\",\"Domenico Mantegna\",\"nostra \u00e8 terra di accoglienza\",\"Palazzo Alvaro\",\"progetto Campagne Aperte\"],\"articleSection\":[\"Home\",\"News\",\"Reggio Calabria\"],\"inLanguage\":\"it-IT\"},{\"@type\":\"WebPage\",\"@id\":\"https:\/\/progettotouring.it\/radiotouring104\/2025\/12\/11\/palazzo-alvaro-mantegna-interviene-al-2-incontro-del-progetto-campagne-aperte\/\",\"url\":\"https:\/\/progettotouring.it\/radiotouring104\/2025\/12\/11\/palazzo-alvaro-mantegna-interviene-al-2-incontro-del-progetto-campagne-aperte\/\",\"name\":\"Palazzo Alvaro: Mantegna interviene all'incontro Campagne Aperte\",\"isPartOf\":{\"@id\":\"https:\/\/progettotouring.it\/radiotouring104\/#website\"},\"primaryImageOfPage\":{\"@id\":\"https:\/\/progettotouring.it\/radiotouring104\/2025\/12\/11\/palazzo-alvaro-mantegna-interviene-al-2-incontro-del-progetto-campagne-aperte\/#primaryimage\"},\"image\":{\"@id\":\"https:\/\/progettotouring.it\/radiotouring104\/2025\/12\/11\/palazzo-alvaro-mantegna-interviene-al-2-incontro-del-progetto-campagne-aperte\/#primaryimage\"},\"thumbnailUrl\":\"https:\/\/progettotouring.it\/radiotouring104\/wp-content\/uploads\/sites\/6\/2025\/12\/Palazzo-Alvaro-Domenico-Mantegna-incontro-campagne-aperte-scaled.jpeg\",\"datePublished\":\"2025-12-11T09:02:19+00:00\",\"dateModified\":\"2025-12-11T11:56:17+00:00\",\"description\":\"\\\"Tutelare il lavoro dei migranti in agricoltura. La nostra \u00e8 una terra d'accoglienza, crocevia di popoli e culture\\\", dichiara il Consigliere \u00a0\",\"breadcrumb\":{\"@id\":\"https:\/\/progettotouring.it\/radiotouring104\/2025\/12\/11\/palazzo-alvaro-mantegna-interviene-al-2-incontro-del-progetto-campagne-aperte\/#breadcrumb\"},\"inLanguage\":\"it-IT\",\"potentialAction\":[{\"@type\":\"ReadAction\",\"target\":[\"https:\/\/progettotouring.it\/radiotouring104\/2025\/12\/11\/palazzo-alvaro-mantegna-interviene-al-2-incontro-del-progetto-campagne-aperte\/\"]}]},{\"@type\":\"ImageObject\",\"inLanguage\":\"it-IT\",\"@id\":\"https:\/\/progettotouring.it\/radiotouring104\/2025\/12\/11\/palazzo-alvaro-mantegna-interviene-al-2-incontro-del-progetto-campagne-aperte\/#primaryimage\",\"url\":\"https:\/\/progettotouring.it\/radiotouring104\/wp-content\/uploads\/sites\/6\/2025\/12\/Palazzo-Alvaro-Domenico-Mantegna-incontro-campagne-aperte-scaled.jpeg\",\"contentUrl\":\"https:\/\/progettotouring.it\/radiotouring104\/wp-content\/uploads\/sites\/6\/2025\/12\/Palazzo-Alvaro-Domenico-Mantegna-incontro-campagne-aperte-scaled.jpeg\",\"width\":2560,\"height\":1440},{\"@type\":\"BreadcrumbList\",\"@id\":\"https:\/\/progettotouring.it\/radiotouring104\/2025\/12\/11\/palazzo-alvaro-mantegna-interviene-al-2-incontro-del-progetto-campagne-aperte\/#breadcrumb\",\"itemListElement\":[{\"@type\":\"ListItem\",\"position\":1,\"name\":\"Home\",\"item\":\"https:\/\/progettotouring.it\/radiotouring104\/\"},{\"@type\":\"ListItem\",\"position\":2,\"name\":\"Palazzo Alvaro: Mantegna interviene al 2\u00b0 incontro del progetto &#8220;Campagne Aperte&#8221;\"}]},{\"@type\":\"WebSite\",\"@id\":\"https:\/\/progettotouring.it\/radiotouring104\/#website\",\"url\":\"https:\/\/progettotouring.it\/radiotouring104\/\",\"name\":\"Radio Touring 104\",\"description\":\"La prima radio Reggina\",\"publisher\":{\"@id\":\"https:\/\/progettotouring.it\/radiotouring104\/#organization\"},\"potentialAction\":[{\"@type\":\"SearchAction\",\"target\":{\"@type\":\"EntryPoint\",\"urlTemplate\":\"https:\/\/progettotouring.it\/radiotouring104\/?s={search_term_string}\"},\"query-input\":{\"@type\":\"PropertyValueSpecification\",\"valueRequired\":true,\"valueName\":\"search_term_string\"}}],\"inLanguage\":\"it-IT\"},{\"@type\":\"Organization\",\"@id\":\"https:\/\/progettotouring.it\/radiotouring104\/#organization\",\"name\":\"Radio Touring 104\",\"url\":\"https:\/\/progettotouring.it\/radiotouring104\/\",\"logo\":{\"@type\":\"ImageObject\",\"inLanguage\":\"it-IT\",\"@id\":\"https:\/\/progettotouring.it\/radiotouring104\/#\/schema\/logo\/image\/\",\"url\":\"https:\/\/progettotouring.it\/radiotouring104\/wp-content\/uploads\/sites\/6\/2022\/02\/cropped-logo-radio-touring-104.png\",\"contentUrl\":\"https:\/\/progettotouring.it\/radiotouring104\/wp-content\/uploads\/sites\/6\/2022\/02\/cropped-logo-radio-touring-104.png\",\"width\":377,\"height\":182,\"caption\":\"Radio Touring 104\"},\"image\":{\"@id\":\"https:\/\/progettotouring.it\/radiotouring104\/#\/schema\/logo\/image\/\"}},{\"@type\":\"Person\",\"@id\":\"https:\/\/progettotouring.it\/radiotouring104\/#\/schema\/person\/1b3eb3c07c47136bc44c785c543e635f\",\"name\":\"redazione\",\"image\":{\"@type\":\"ImageObject\",\"inLanguage\":\"it-IT\",\"@id\":\"https:\/\/secure.gravatar.com\/avatar\/0b31605b49f100769e8b624b3e05de1b73e1692e9568a352f60f53fd072e6e11?s=96&d=mm&r=g\",\"url\":\"https:\/\/secure.gravatar.com\/avatar\/0b31605b49f100769e8b624b3e05de1b73e1692e9568a352f60f53fd072e6e11?s=96&d=mm&r=g\",\"contentUrl\":\"https:\/\/secure.gravatar.com\/avatar\/0b31605b49f100769e8b624b3e05de1b73e1692e9568a352f60f53fd072e6e11?s=96&d=mm&r=g\",\"caption\":\"redazione\"},\"url\":\"https:\/\/progettotouring.it\/radiotouring104\/author\/redazione\/\"}]}<\/script>\n<!-- \/ Yoast SEO plugin. -->","yoast_head_json":{"title":"Palazzo Alvaro: Mantegna interviene all'incontro Campagne Aperte","description":"\"Tutelare il lavoro dei migranti in agricoltura. La nostra \u00e8 una terra d'accoglienza, crocevia di popoli e culture\", dichiara il Consigliere \u00a0","robots":{"index":"index","follow":"follow","max-snippet":"max-snippet:-1","max-image-preview":"max-image-preview:large","max-video-preview":"max-video-preview:-1"},"canonical":"https:\/\/progettotouring.it\/radiotouring104\/2025\/12\/11\/palazzo-alvaro-mantegna-interviene-al-2-incontro-del-progetto-campagne-aperte\/","og_locale":"it_IT","og_type":"article","og_title":"Palazzo Alvaro: Mantegna interviene all'incontro Campagne Aperte","og_description":"\"Tutelare il lavoro dei migranti in agricoltura. La nostra \u00e8 una terra d'accoglienza, crocevia di popoli e culture\", dichiara il Consigliere \u00a0","og_url":"https:\/\/progettotouring.it\/radiotouring104\/2025\/12\/11\/palazzo-alvaro-mantegna-interviene-al-2-incontro-del-progetto-campagne-aperte\/","og_site_name":"Radio Touring 104","article_published_time":"2025-12-11T09:02:19+00:00","article_modified_time":"2025-12-11T11:56:17+00:00","og_image":[{"width":2560,"height":1440,"url":"https:\/\/progettotouring.it\/radiotouring104\/wp-content\/uploads\/sites\/6\/2025\/12\/Palazzo-Alvaro-Domenico-Mantegna-incontro-campagne-aperte-scaled.jpeg","type":"image\/jpeg"}],"author":"redazione","twitter_card":"summary_large_image","twitter_misc":{"Scritto da":"redazione","Tempo di lettura stimato":"1 minuto"},"schema":{"@context":"https:\/\/schema.org","@graph":[{"@type":"Article","@id":"https:\/\/progettotouring.it\/radiotouring104\/2025\/12\/11\/palazzo-alvaro-mantegna-interviene-al-2-incontro-del-progetto-campagne-aperte\/#article","isPartOf":{"@id":"https:\/\/progettotouring.it\/radiotouring104\/2025\/12\/11\/palazzo-alvaro-mantegna-interviene-al-2-incontro-del-progetto-campagne-aperte\/"},"author":{"name":"redazione","@id":"https:\/\/progettotouring.it\/radiotouring104\/#\/schema\/person\/1b3eb3c07c47136bc44c785c543e635f"},"headline":"Palazzo Alvaro: Mantegna interviene al 2\u00b0 incontro del progetto &#8220;Campagne Aperte&#8221;","datePublished":"2025-12-11T09:02:19+00:00","dateModified":"2025-12-11T11:56:17+00:00","mainEntityOfPage":{"@id":"https:\/\/progettotouring.it\/radiotouring104\/2025\/12\/11\/palazzo-alvaro-mantegna-interviene-al-2-incontro-del-progetto-campagne-aperte\/"},"wordCount":219,"publisher":{"@id":"https:\/\/progettotouring.it\/radiotouring104\/#organization"},"image":{"@id":"https:\/\/progettotouring.it\/radiotouring104\/2025\/12\/11\/palazzo-alvaro-mantegna-interviene-al-2-incontro-del-progetto-campagne-aperte\/#primaryimage"},"thumbnailUrl":"https:\/\/progettotouring.it\/radiotouring104\/wp-content\/uploads\/sites\/6\/2025\/12\/Palazzo-Alvaro-Domenico-Mantegna-incontro-campagne-aperte-scaled.jpeg","keywords":["\"Tutelare il lavoro dei migranti in agricoltura","Domenico Mantegna","nostra \u00e8 terra di accoglienza","Palazzo Alvaro","progetto Campagne Aperte"],"articleSection":["Home","News","Reggio Calabria"],"inLanguage":"it-IT"},{"@type":"WebPage","@id":"https:\/\/progettotouring.it\/radiotouring104\/2025\/12\/11\/palazzo-alvaro-mantegna-interviene-al-2-incontro-del-progetto-campagne-aperte\/","url":"https:\/\/progettotouring.it\/radiotouring104\/2025\/12\/11\/palazzo-alvaro-mantegna-interviene-al-2-incontro-del-progetto-campagne-aperte\/","name":"Palazzo Alvaro: Mantegna interviene all'incontro Campagne Aperte","isPartOf":{"@id":"https:\/\/progettotouring.it\/radiotouring104\/#website"},"primaryImageOfPage":{"@id":"https:\/\/progettotouring.it\/radiotouring104\/2025\/12\/11\/palazzo-alvaro-mantegna-interviene-al-2-incontro-del-progetto-campagne-aperte\/#primaryimage"},"image":{"@id":"https:\/\/progettotouring.it\/radiotouring104\/2025\/12\/11\/palazzo-alvaro-mantegna-interviene-al-2-incontro-del-progetto-campagne-aperte\/#primaryimage"},"thumbnailUrl":"https:\/\/progettotouring.it\/radiotouring104\/wp-content\/uploads\/sites\/6\/2025\/12\/Palazzo-Alvaro-Domenico-Mantegna-incontro-campagne-aperte-scaled.jpeg","datePublished":"2025-12-11T09:02:19+00:00","dateModified":"2025-12-11T11:56:17+00:00","description":"\"Tutelare il lavoro dei migranti in agricoltura. La nostra \u00e8 una terra d'accoglienza, crocevia di popoli e culture\", dichiara il Consigliere \u00a0","breadcrumb":{"@id":"https:\/\/progettotouring.it\/radiotouring104\/2025\/12\/11\/palazzo-alvaro-mantegna-interviene-al-2-incontro-del-progetto-campagne-aperte\/#breadcrumb"},"inLanguage":"it-IT","potentialAction":[{"@type":"ReadAction","target":["https:\/\/progettotouring.it\/radiotouring104\/2025\/12\/11\/palazzo-alvaro-mantegna-interviene-al-2-incontro-del-progetto-campagne-aperte\/"]}]},{"@type":"ImageObject","inLanguage":"it-IT","@id":"https:\/\/progettotouring.it\/radiotouring104\/2025\/12\/11\/palazzo-alvaro-mantegna-interviene-al-2-incontro-del-progetto-campagne-aperte\/#primaryimage","url":"https:\/\/progettotouring.it\/radiotouring104\/wp-content\/uploads\/sites\/6\/2025\/12\/Palazzo-Alvaro-Domenico-Mantegna-incontro-campagne-aperte-scaled.jpeg","contentUrl":"https:\/\/progettotouring.it\/radiotouring104\/wp-content\/uploads\/sites\/6\/2025\/12\/Palazzo-Alvaro-Domenico-Mantegna-incontro-campagne-aperte-scaled.jpeg","width":2560,"height":1440},{"@type":"BreadcrumbList","@id":"https:\/\/progettotouring.it\/radiotouring104\/2025\/12\/11\/palazzo-alvaro-mantegna-interviene-al-2-incontro-del-progetto-campagne-aperte\/#breadcrumb","itemListElement":[{"@type":"ListItem","position":1,"name":"Home","item":"https:\/\/progettotouring.it\/radiotouring104\/"},{"@type":"ListItem","position":2,"name":"Palazzo Alvaro: Mantegna interviene al 2\u00b0 incontro del progetto &#8220;Campagne Aperte&#8221;"}]},{"@type":"WebSite","@id":"https:\/\/progettotouring.it\/radiotouring104\/#website","url":"https:\/\/progettotouring.it\/radiotouring104\/","name":"Radio Touring 104","description":"La prima radio Reggina","publisher":{"@id":"https:\/\/progettotouring.it\/radiotouring104\/#organization"},"potentialAction":[{"@type":"SearchAction","target":{"@type":"EntryPoint","urlTemplate":"https:\/\/progettotouring.it\/radiotouring104\/?s={search_term_string}"},"query-input":{"@type":"PropertyValueSpecification","valueRequired":true,"valueName":"search_term_string"}}],"inLanguage":"it-IT"},{"@type":"Organization","@id":"https:\/\/progettotouring.it\/radiotouring104\/#organization","name":"Radio Touring 104","url":"https:\/\/progettotouring.it\/radiotouring104\/","logo":{"@type":"ImageObject","inLanguage":"it-IT","@id":"https:\/\/progettotouring.it\/radiotouring104\/#\/schema\/logo\/image\/","url":"https:\/\/progettotouring.it\/radiotouring104\/wp-content\/uploads\/sites\/6\/2022\/02\/cropped-logo-radio-touring-104.png","contentUrl":"https:\/\/progettotouring.it\/radiotouring104\/wp-content\/uploads\/sites\/6\/2022\/02\/cropped-logo-radio-touring-104.png","width":377,"height":182,"caption":"Radio Touring 104"},"image":{"@id":"https:\/\/progettotouring.it\/radiotouring104\/#\/schema\/logo\/image\/"}},{"@type":"Person","@id":"https:\/\/progettotouring.it\/radiotouring104\/#\/schema\/person\/1b3eb3c07c47136bc44c785c543e635f","name":"redazione","image":{"@type":"ImageObject","inLanguage":"it-IT","@id":"https:\/\/secure.gravatar.com\/avatar\/0b31605b49f100769e8b624b3e05de1b73e1692e9568a352f60f53fd072e6e11?s=96&d=mm&r=g","url":"https:\/\/secure.gravatar.com\/avatar\/0b31605b49f100769e8b624b3e05de1b73e1692e9568a352f60f53fd072e6e11?s=96&d=mm&r=g","contentUrl":"https:\/\/secure.gravatar.com\/avatar\/0b31605b49f100769e8b624b3e05de1b73e1692e9568a352f60f53fd072e6e11?s=96&d=mm&r=g","caption":"redazione"},"url":"https:\/\/progettotouring.it\/radiotouring104\/author\/redazione\/"}]}},"jetpack_publicize_connections":[],"jetpack_featured_media_url":"https:\/\/progettotouring.it\/radiotouring104\/wp-content\/uploads\/sites\/6\/2025\/12\/Palazzo-Alvaro-Domenico-Mantegna-incontro-campagne-aperte-scaled.jpeg","jetpack_sharing_enabled":true,"_links":{"self":[{"href":"https:\/\/progettotouring.it\/radiotouring104\/wp-json\/wp\/v2\/posts\/87223","targetHints":{"allow":["GET"]}}],"collection":[{"href":"https:\/\/progettotouring.it\/radiotouring104\/wp-json\/wp\/v2\/posts"}],"about":[{"href":"https:\/\/progettotouring.it\/radiotouring104\/wp-json\/wp\/v2\/types\/post"}],"author":[{"embeddable":true,"href":"https:\/\/progettotouring.it\/radiotouring104\/wp-json\/wp\/v2\/users\/5"}],"replies":[{"embeddable":true,"href":"https:\/\/progettotouring.it\/radiotouring104\/wp-json\/wp\/v2\/comments?post=87223"}],"version-history":[{"count":2,"href":"https:\/\/progettotouring.it\/radiotouring104\/wp-json\/wp\/v2\/posts\/87223\/revisions"}],"predecessor-version":[{"id":87271,"href":"https:\/\/progettotouring.it\/radiotouring104\/wp-json\/wp\/v2\/posts\/87223\/revisions\/87271"}],"wp:featuredmedia":[{"embeddable":true,"href":"https:\/\/progettotouring.it\/radiotouring104\/wp-json\/wp\/v2\/media\/87224"}],"wp:attachment":[{"href":"https:\/\/progettotouring.it\/radiotouring104\/wp-json\/wp\/v2\/media?parent=87223"}],"wp:term":[{"taxonomy":"category","embeddable":true,"href":"https:\/\/progettotouring.it\/radiotouring104\/wp-json\/wp\/v2\/categories?post=87223"},{"taxonomy":"post_tag","embeddable":true,"href":"https:\/\/progettotouring.it\/radiotouring104\/wp-json\/wp\/v2\/tags?post=87223"}],"curies":[{"name":"wp","href":"https:\/\/api.w.org\/{rel}","templated":true}]}}