{"id":87230,"date":"2025-12-11T10:15:46","date_gmt":"2025-12-11T09:15:46","guid":{"rendered":"https:\/\/progettotouring.it\/radiotouring104\/?p=87230"},"modified":"2025-12-11T10:15:46","modified_gmt":"2025-12-11T09:15:46","slug":"reggio-al-liceo-a-volta-la-cerimonia-di-chiusura-delle-attivita-sportive-scolastiche-dellanno-2025","status":"publish","type":"post","link":"https:\/\/progettotouring.it\/radiotouring104\/2025\/12\/11\/reggio-al-liceo-a-volta-la-cerimonia-di-chiusura-delle-attivita-sportive-scolastiche-dellanno-2025\/","title":{"rendered":"Reggio: al Liceo &#8220;A. Volta&#8221; la cerimonia di chiusura delle attivit\u00e0 sportive scolastiche dell&#8217;anno 2025"},"content":{"rendered":"<p style=\"font-weight: 400\">Si \u00e8 svolta ieri mattina la \u201cCerimonia di chiusura Attivit\u00e0 Sportive Scolastiche a.s. 2025\u201d del Liceo A.Volta, \u00a0presso l\u2019aula magna dell\u2019Istituto.<\/p>\n<p style=\"font-weight: 400\">Alla Cerimonia erano presenti la Dirigente Scolastica prof.ssa Maria Rosa Monterosso; il Vicedirettore dell&#8217;Ufficio Scolastico Regionale Antonino Domenico Cama; il vicepresidente del Consiglio Regionale Giacomo Pietro Crin\u00f2, \u00a0Coordinatore Regionale di Sport e Salute per la Calabria Walter Malacrino e<strong>\u00a0<\/strong>l&#8217;assessora\u00a0all\u2019Istruzione, Universit\u00e0 e Pari Opportunit\u00e0 del Comune di Reggio Calabria\u00a0Anna Maria Curatola.<\/p>\n<p style=\"font-weight: 400\">Nei loro interventi introduttivi i massimi referenti del Liceo A.Volta hanno enfatizzato le autorevoli radici magno-greche del nostro territorio e, proprio in merito al valore dello sport, la scuola-modello di Pitagora che metteva al primo posto l&#8217;attivit\u00e0 fisica correlandola alla cura dello spirito.<\/p>\n<p style=\"font-weight: 400\">Lo sport, dunque, concepito come un supporto fattivo al benessere complessivo ed armonioso di chi lo pratica; anche a livello interiore ed etico.<\/p>\n<p style=\"font-weight: 400\">L&#8217;assessora Anna Maria Curatola, in rappresentanza del Comune, ha sottolineato quanto la cerimonia odierna rappresenti\u00a0una giornata importante, non solo per le attivit\u00e0 sportive del 2024-2025, ma soprattutto per i valori che lo sport incarna: solidariet\u00e0, rispetto, crescita personale. Ha ricordato anche che lo sport non \u00e8 soltanto competizione ma anche la capacit\u00e0 di affrontare le sfide quotidiane di imparare e di crescere:\u00a0\u00e8 cultura, educazione, stile di vita.<\/p>\n<p style=\"font-weight: 400\">\u201cCome neo Assessora all\u2019Istruzione, Universit\u00e0 e Pari Opportunit\u00e0 &#8211; ha dichiarato la Curatola &#8211; sono davvero felice di essere qui;\u00a0perch\u00e9 vogliamo puntare proprio su questi valori accompagnando\u00a0le scuole in questo percorso\u201d.\u00a0\u201dLe scuole &#8211; ha continuato-non devono sentirsi sole: devono sapere che al loro fianco ci sono sempre le Istituzioni;\u00a0pronte e disponibili ad\u00a0 affrontare insieme le sfide educative\u201d.<\/p>\n<p style=\"font-weight: 400\">L\u2019assessora ha anche evidenziato gli aspetti valoriali dello sport dichiarando \u201cPerch\u00e9 parlare di pari opportunit\u00e0? Perch\u00e9 nello sport non esistono differenze: lo sport crea ponti, avvicina, unisce. Non \u00e8 soltanto gara, \u00e8 impegno, \u00e8 voglia di mettersi alla prova; e attraverso questo impegno emergono i talenti. Chi ha volont\u00e0 e determinazione trova spazio, e questo non genera divisioni, ma comunit\u00e0\u201d.<\/p>\n<p style=\"font-weight: 400\">La Curatola, chiudendo il suo intervento, ha rivolto un ringraziamento a tutti i presenti, evidenziando come e quanto\u00a0si sia arrivati a questa Cerimonia di fine anno come frutto di un percorso della\u00a0sinergia esistente tra istituzioni, scuole e associazioni:\u00a0una collaborazione che deve restare costante sul territorio. Ha poi dedicato un pensiero particolare alle studentesse e agli studenti, augurando loro di poter realizzare i propri sogni e diventare le cittadine e i cittadini del domani, portatori di valori alti e capaci di incarnare ci\u00f2 che lo sport insegna ogni giorno.<\/p>\n","protected":false},"excerpt":{"rendered":"<p>Si \u00e8 svolta ieri mattina la \u201cCerimonia di chiusura Attivit\u00e0 Sportive Scolastiche a.s. 2025\u201d del Liceo A.Volta, \u00a0presso l\u2019aula magna dell\u2019Istituto. Alla Cerimonia erano presenti la Dirigente Scolastica prof.ssa Maria&hellip;<\/p>\n","protected":false},"author":12,"featured_media":87231,"comment_status":"closed","ping_status":"open","sticky":false,"template":"","format":"standard","meta":{"_jetpack_memberships_contains_paid_content":false,"footnotes":"","jetpack_publicize_message":"","jetpack_publicize_feature_enabled":true,"jetpack_social_post_already_shared":true,"jetpack_social_options":{"image_generator_settings":{"template":"highway","default_image_id":0,"font":"","enabled":false},"version":2}},"categories":[921,196,140],"tags":[49461,49459,42200,49462,49460,332],"class_list":["post-87230","post","type-post","status-publish","format-standard","has-post-thumbnail","hentry","category-home","category-news","category-reggio-calabria","tag-anno-scolastico-2025","tag-assessora-anna-maria-curatola","tag-cerimonia-di-chiusura","tag-dirigente-scolastica-prof-ssa-maria-rosa-monterosso","tag-la-cerimonia-di-chiusura-delle-attivita-sportive-scolastiche","tag-liceo-scientifico-alessandro-volta"],"yoast_head":"<!-- This site is optimized with the Yoast SEO plugin v27.2 - https:\/\/yoast.com\/product\/yoast-seo-wordpress\/ -->\n<title>Reggio: Il Liceo &quot;A. Volta&quot; chiude le attivit\u00e0 sportive 2025<\/title>\n<meta name=\"description\" content=\"\u201cNello sport non esistono differenze: lo sport crea ponti, avvicina, unisce\u201d, ha dichiarato l&#039;Assessore allo Sport, Anna Maria Curatola\" \/>\n<meta name=\"robots\" content=\"index, follow, max-snippet:-1, max-image-preview:large, max-video-preview:-1\" \/>\n<link rel=\"canonical\" href=\"https:\/\/progettotouring.it\/radiotouring104\/2025\/12\/11\/reggio-al-liceo-a-volta-la-cerimonia-di-chiusura-delle-attivita-sportive-scolastiche-dellanno-2025\/\" \/>\n<meta property=\"og:locale\" content=\"it_IT\" \/>\n<meta property=\"og:type\" content=\"article\" \/>\n<meta property=\"og:title\" content=\"Reggio: Il Liceo &quot;A. Volta&quot; chiude le attivit\u00e0 sportive 2025\" \/>\n<meta property=\"og:description\" content=\"\u201cNello sport non esistono differenze: lo sport crea ponti, avvicina, unisce\u201d, ha dichiarato l&#039;Assessore allo Sport, Anna Maria Curatola\" \/>\n<meta property=\"og:url\" content=\"https:\/\/progettotouring.it\/radiotouring104\/2025\/12\/11\/reggio-al-liceo-a-volta-la-cerimonia-di-chiusura-delle-attivita-sportive-scolastiche-dellanno-2025\/\" \/>\n<meta property=\"og:site_name\" content=\"Radio Touring 104\" \/>\n<meta property=\"article:published_time\" content=\"2025-12-11T09:15:46+00:00\" \/>\n<meta property=\"og:image\" content=\"https:\/\/progettotouring.it\/radiotouring104\/wp-content\/uploads\/sites\/6\/2025\/12\/Volta1.jpeg\" \/>\n\t<meta property=\"og:image:width\" content=\"1600\" \/>\n\t<meta property=\"og:image:height\" content=\"900\" \/>\n\t<meta property=\"og:image:type\" content=\"image\/jpeg\" \/>\n<meta name=\"author\" content=\"Sebastiano Plutino\" \/>\n<meta name=\"twitter:card\" content=\"summary_large_image\" \/>\n<meta name=\"twitter:label1\" content=\"Scritto da\" \/>\n\t<meta name=\"twitter:data1\" content=\"Sebastiano Plutino\" \/>\n\t<meta name=\"twitter:label2\" content=\"Tempo di lettura stimato\" \/>\n\t<meta name=\"twitter:data2\" content=\"2 minuti\" \/>\n<script type=\"application\/ld+json\" class=\"yoast-schema-graph\">{\"@context\":\"https:\/\/schema.org\",\"@graph\":[{\"@type\":\"Article\",\"@id\":\"https:\/\/progettotouring.it\/radiotouring104\/2025\/12\/11\/reggio-al-liceo-a-volta-la-cerimonia-di-chiusura-delle-attivita-sportive-scolastiche-dellanno-2025\/#article\",\"isPartOf\":{\"@id\":\"https:\/\/progettotouring.it\/radiotouring104\/2025\/12\/11\/reggio-al-liceo-a-volta-la-cerimonia-di-chiusura-delle-attivita-sportive-scolastiche-dellanno-2025\/\"},\"author\":{\"name\":\"Sebastiano Plutino\",\"@id\":\"https:\/\/progettotouring.it\/radiotouring104\/#\/schema\/person\/78613917f1851f041f7483f5af1d422e\"},\"headline\":\"Reggio: al Liceo &#8220;A. Volta&#8221; la cerimonia di chiusura delle attivit\u00e0 sportive scolastiche dell&#8217;anno 2025\",\"datePublished\":\"2025-12-11T09:15:46+00:00\",\"mainEntityOfPage\":{\"@id\":\"https:\/\/progettotouring.it\/radiotouring104\/2025\/12\/11\/reggio-al-liceo-a-volta-la-cerimonia-di-chiusura-delle-attivita-sportive-scolastiche-dellanno-2025\/\"},\"wordCount\":437,\"publisher\":{\"@id\":\"https:\/\/progettotouring.it\/radiotouring104\/#organization\"},\"image\":{\"@id\":\"https:\/\/progettotouring.it\/radiotouring104\/2025\/12\/11\/reggio-al-liceo-a-volta-la-cerimonia-di-chiusura-delle-attivita-sportive-scolastiche-dellanno-2025\/#primaryimage\"},\"thumbnailUrl\":\"https:\/\/progettotouring.it\/radiotouring104\/wp-content\/uploads\/sites\/6\/2025\/12\/Volta1.jpeg\",\"keywords\":[\"anno scolastico 2025\",\"assessora Anna Maria Curatola\",\"cerimonia di chiusura\",\"Dirigente Scolastica prof.ssa Maria Rosa Monterosso\",\"la cerimonia di chiusura delle attivit\u00e0 sportive scolastiche\",\"Liceo scientifico Alessandro Volta\"],\"articleSection\":[\"Home\",\"News\",\"Reggio Calabria\"],\"inLanguage\":\"it-IT\"},{\"@type\":\"WebPage\",\"@id\":\"https:\/\/progettotouring.it\/radiotouring104\/2025\/12\/11\/reggio-al-liceo-a-volta-la-cerimonia-di-chiusura-delle-attivita-sportive-scolastiche-dellanno-2025\/\",\"url\":\"https:\/\/progettotouring.it\/radiotouring104\/2025\/12\/11\/reggio-al-liceo-a-volta-la-cerimonia-di-chiusura-delle-attivita-sportive-scolastiche-dellanno-2025\/\",\"name\":\"Reggio: Il Liceo \\\"A. Volta\\\" chiude le attivit\u00e0 sportive 2025\",\"isPartOf\":{\"@id\":\"https:\/\/progettotouring.it\/radiotouring104\/#website\"},\"primaryImageOfPage\":{\"@id\":\"https:\/\/progettotouring.it\/radiotouring104\/2025\/12\/11\/reggio-al-liceo-a-volta-la-cerimonia-di-chiusura-delle-attivita-sportive-scolastiche-dellanno-2025\/#primaryimage\"},\"image\":{\"@id\":\"https:\/\/progettotouring.it\/radiotouring104\/2025\/12\/11\/reggio-al-liceo-a-volta-la-cerimonia-di-chiusura-delle-attivita-sportive-scolastiche-dellanno-2025\/#primaryimage\"},\"thumbnailUrl\":\"https:\/\/progettotouring.it\/radiotouring104\/wp-content\/uploads\/sites\/6\/2025\/12\/Volta1.jpeg\",\"datePublished\":\"2025-12-11T09:15:46+00:00\",\"description\":\"\u201cNello sport non esistono differenze: lo sport crea ponti, avvicina, unisce\u201d, ha dichiarato l'Assessore allo Sport, Anna Maria Curatola\",\"breadcrumb\":{\"@id\":\"https:\/\/progettotouring.it\/radiotouring104\/2025\/12\/11\/reggio-al-liceo-a-volta-la-cerimonia-di-chiusura-delle-attivita-sportive-scolastiche-dellanno-2025\/#breadcrumb\"},\"inLanguage\":\"it-IT\",\"potentialAction\":[{\"@type\":\"ReadAction\",\"target\":[\"https:\/\/progettotouring.it\/radiotouring104\/2025\/12\/11\/reggio-al-liceo-a-volta-la-cerimonia-di-chiusura-delle-attivita-sportive-scolastiche-dellanno-2025\/\"]}]},{\"@type\":\"ImageObject\",\"inLanguage\":\"it-IT\",\"@id\":\"https:\/\/progettotouring.it\/radiotouring104\/2025\/12\/11\/reggio-al-liceo-a-volta-la-cerimonia-di-chiusura-delle-attivita-sportive-scolastiche-dellanno-2025\/#primaryimage\",\"url\":\"https:\/\/progettotouring.it\/radiotouring104\/wp-content\/uploads\/sites\/6\/2025\/12\/Volta1.jpeg\",\"contentUrl\":\"https:\/\/progettotouring.it\/radiotouring104\/wp-content\/uploads\/sites\/6\/2025\/12\/Volta1.jpeg\",\"width\":1600,\"height\":900},{\"@type\":\"BreadcrumbList\",\"@id\":\"https:\/\/progettotouring.it\/radiotouring104\/2025\/12\/11\/reggio-al-liceo-a-volta-la-cerimonia-di-chiusura-delle-attivita-sportive-scolastiche-dellanno-2025\/#breadcrumb\",\"itemListElement\":[{\"@type\":\"ListItem\",\"position\":1,\"name\":\"Home\",\"item\":\"https:\/\/progettotouring.it\/radiotouring104\/\"},{\"@type\":\"ListItem\",\"position\":2,\"name\":\"Reggio: al Liceo &#8220;A. Volta&#8221; la cerimonia di chiusura delle attivit\u00e0 sportive scolastiche dell&#8217;anno 2025\"}]},{\"@type\":\"WebSite\",\"@id\":\"https:\/\/progettotouring.it\/radiotouring104\/#website\",\"url\":\"https:\/\/progettotouring.it\/radiotouring104\/\",\"name\":\"Radio Touring 104\",\"description\":\"La prima radio Reggina\",\"publisher\":{\"@id\":\"https:\/\/progettotouring.it\/radiotouring104\/#organization\"},\"potentialAction\":[{\"@type\":\"SearchAction\",\"target\":{\"@type\":\"EntryPoint\",\"urlTemplate\":\"https:\/\/progettotouring.it\/radiotouring104\/?s={search_term_string}\"},\"query-input\":{\"@type\":\"PropertyValueSpecification\",\"valueRequired\":true,\"valueName\":\"search_term_string\"}}],\"inLanguage\":\"it-IT\"},{\"@type\":\"Organization\",\"@id\":\"https:\/\/progettotouring.it\/radiotouring104\/#organization\",\"name\":\"Radio Touring 104\",\"url\":\"https:\/\/progettotouring.it\/radiotouring104\/\",\"logo\":{\"@type\":\"ImageObject\",\"inLanguage\":\"it-IT\",\"@id\":\"https:\/\/progettotouring.it\/radiotouring104\/#\/schema\/logo\/image\/\",\"url\":\"https:\/\/progettotouring.it\/radiotouring104\/wp-content\/uploads\/sites\/6\/2022\/02\/cropped-logo-radio-touring-104.png\",\"contentUrl\":\"https:\/\/progettotouring.it\/radiotouring104\/wp-content\/uploads\/sites\/6\/2022\/02\/cropped-logo-radio-touring-104.png\",\"width\":377,\"height\":182,\"caption\":\"Radio Touring 104\"},\"image\":{\"@id\":\"https:\/\/progettotouring.it\/radiotouring104\/#\/schema\/logo\/image\/\"}},{\"@type\":\"Person\",\"@id\":\"https:\/\/progettotouring.it\/radiotouring104\/#\/schema\/person\/78613917f1851f041f7483f5af1d422e\",\"name\":\"Sebastiano Plutino\",\"image\":{\"@type\":\"ImageObject\",\"inLanguage\":\"it-IT\",\"@id\":\"https:\/\/secure.gravatar.com\/avatar\/0546ffaa9b79224faf9f2a156b67a529ae861d3287c66c1d8ccfdf909bcba78d?s=96&d=mm&r=g\",\"url\":\"https:\/\/secure.gravatar.com\/avatar\/0546ffaa9b79224faf9f2a156b67a529ae861d3287c66c1d8ccfdf909bcba78d?s=96&d=mm&r=g\",\"contentUrl\":\"https:\/\/secure.gravatar.com\/avatar\/0546ffaa9b79224faf9f2a156b67a529ae861d3287c66c1d8ccfdf909bcba78d?s=96&d=mm&r=g\",\"caption\":\"Sebastiano Plutino\"},\"url\":\"https:\/\/progettotouring.it\/radiotouring104\/author\/sebastiano\/\"}]}<\/script>\n<!-- \/ Yoast SEO plugin. -->","yoast_head_json":{"title":"Reggio: Il Liceo \"A. Volta\" chiude le attivit\u00e0 sportive 2025","description":"\u201cNello sport non esistono differenze: lo sport crea ponti, avvicina, unisce\u201d, ha dichiarato l'Assessore allo Sport, Anna Maria Curatola","robots":{"index":"index","follow":"follow","max-snippet":"max-snippet:-1","max-image-preview":"max-image-preview:large","max-video-preview":"max-video-preview:-1"},"canonical":"https:\/\/progettotouring.it\/radiotouring104\/2025\/12\/11\/reggio-al-liceo-a-volta-la-cerimonia-di-chiusura-delle-attivita-sportive-scolastiche-dellanno-2025\/","og_locale":"it_IT","og_type":"article","og_title":"Reggio: Il Liceo \"A. Volta\" chiude le attivit\u00e0 sportive 2025","og_description":"\u201cNello sport non esistono differenze: lo sport crea ponti, avvicina, unisce\u201d, ha dichiarato l'Assessore allo Sport, Anna Maria Curatola","og_url":"https:\/\/progettotouring.it\/radiotouring104\/2025\/12\/11\/reggio-al-liceo-a-volta-la-cerimonia-di-chiusura-delle-attivita-sportive-scolastiche-dellanno-2025\/","og_site_name":"Radio Touring 104","article_published_time":"2025-12-11T09:15:46+00:00","og_image":[{"width":1600,"height":900,"url":"https:\/\/progettotouring.it\/radiotouring104\/wp-content\/uploads\/sites\/6\/2025\/12\/Volta1.jpeg","type":"image\/jpeg"}],"author":"Sebastiano Plutino","twitter_card":"summary_large_image","twitter_misc":{"Scritto da":"Sebastiano Plutino","Tempo di lettura stimato":"2 minuti"},"schema":{"@context":"https:\/\/schema.org","@graph":[{"@type":"Article","@id":"https:\/\/progettotouring.it\/radiotouring104\/2025\/12\/11\/reggio-al-liceo-a-volta-la-cerimonia-di-chiusura-delle-attivita-sportive-scolastiche-dellanno-2025\/#article","isPartOf":{"@id":"https:\/\/progettotouring.it\/radiotouring104\/2025\/12\/11\/reggio-al-liceo-a-volta-la-cerimonia-di-chiusura-delle-attivita-sportive-scolastiche-dellanno-2025\/"},"author":{"name":"Sebastiano Plutino","@id":"https:\/\/progettotouring.it\/radiotouring104\/#\/schema\/person\/78613917f1851f041f7483f5af1d422e"},"headline":"Reggio: al Liceo &#8220;A. Volta&#8221; la cerimonia di chiusura delle attivit\u00e0 sportive scolastiche dell&#8217;anno 2025","datePublished":"2025-12-11T09:15:46+00:00","mainEntityOfPage":{"@id":"https:\/\/progettotouring.it\/radiotouring104\/2025\/12\/11\/reggio-al-liceo-a-volta-la-cerimonia-di-chiusura-delle-attivita-sportive-scolastiche-dellanno-2025\/"},"wordCount":437,"publisher":{"@id":"https:\/\/progettotouring.it\/radiotouring104\/#organization"},"image":{"@id":"https:\/\/progettotouring.it\/radiotouring104\/2025\/12\/11\/reggio-al-liceo-a-volta-la-cerimonia-di-chiusura-delle-attivita-sportive-scolastiche-dellanno-2025\/#primaryimage"},"thumbnailUrl":"https:\/\/progettotouring.it\/radiotouring104\/wp-content\/uploads\/sites\/6\/2025\/12\/Volta1.jpeg","keywords":["anno scolastico 2025","assessora Anna Maria Curatola","cerimonia di chiusura","Dirigente Scolastica prof.ssa Maria Rosa Monterosso","la cerimonia di chiusura delle attivit\u00e0 sportive scolastiche","Liceo scientifico Alessandro Volta"],"articleSection":["Home","News","Reggio Calabria"],"inLanguage":"it-IT"},{"@type":"WebPage","@id":"https:\/\/progettotouring.it\/radiotouring104\/2025\/12\/11\/reggio-al-liceo-a-volta-la-cerimonia-di-chiusura-delle-attivita-sportive-scolastiche-dellanno-2025\/","url":"https:\/\/progettotouring.it\/radiotouring104\/2025\/12\/11\/reggio-al-liceo-a-volta-la-cerimonia-di-chiusura-delle-attivita-sportive-scolastiche-dellanno-2025\/","name":"Reggio: Il Liceo \"A. Volta\" chiude le attivit\u00e0 sportive 2025","isPartOf":{"@id":"https:\/\/progettotouring.it\/radiotouring104\/#website"},"primaryImageOfPage":{"@id":"https:\/\/progettotouring.it\/radiotouring104\/2025\/12\/11\/reggio-al-liceo-a-volta-la-cerimonia-di-chiusura-delle-attivita-sportive-scolastiche-dellanno-2025\/#primaryimage"},"image":{"@id":"https:\/\/progettotouring.it\/radiotouring104\/2025\/12\/11\/reggio-al-liceo-a-volta-la-cerimonia-di-chiusura-delle-attivita-sportive-scolastiche-dellanno-2025\/#primaryimage"},"thumbnailUrl":"https:\/\/progettotouring.it\/radiotouring104\/wp-content\/uploads\/sites\/6\/2025\/12\/Volta1.jpeg","datePublished":"2025-12-11T09:15:46+00:00","description":"\u201cNello sport non esistono differenze: lo sport crea ponti, avvicina, unisce\u201d, ha dichiarato l'Assessore allo Sport, Anna Maria Curatola","breadcrumb":{"@id":"https:\/\/progettotouring.it\/radiotouring104\/2025\/12\/11\/reggio-al-liceo-a-volta-la-cerimonia-di-chiusura-delle-attivita-sportive-scolastiche-dellanno-2025\/#breadcrumb"},"inLanguage":"it-IT","potentialAction":[{"@type":"ReadAction","target":["https:\/\/progettotouring.it\/radiotouring104\/2025\/12\/11\/reggio-al-liceo-a-volta-la-cerimonia-di-chiusura-delle-attivita-sportive-scolastiche-dellanno-2025\/"]}]},{"@type":"ImageObject","inLanguage":"it-IT","@id":"https:\/\/progettotouring.it\/radiotouring104\/2025\/12\/11\/reggio-al-liceo-a-volta-la-cerimonia-di-chiusura-delle-attivita-sportive-scolastiche-dellanno-2025\/#primaryimage","url":"https:\/\/progettotouring.it\/radiotouring104\/wp-content\/uploads\/sites\/6\/2025\/12\/Volta1.jpeg","contentUrl":"https:\/\/progettotouring.it\/radiotouring104\/wp-content\/uploads\/sites\/6\/2025\/12\/Volta1.jpeg","width":1600,"height":900},{"@type":"BreadcrumbList","@id":"https:\/\/progettotouring.it\/radiotouring104\/2025\/12\/11\/reggio-al-liceo-a-volta-la-cerimonia-di-chiusura-delle-attivita-sportive-scolastiche-dellanno-2025\/#breadcrumb","itemListElement":[{"@type":"ListItem","position":1,"name":"Home","item":"https:\/\/progettotouring.it\/radiotouring104\/"},{"@type":"ListItem","position":2,"name":"Reggio: al Liceo &#8220;A. Volta&#8221; la cerimonia di chiusura delle attivit\u00e0 sportive scolastiche dell&#8217;anno 2025"}]},{"@type":"WebSite","@id":"https:\/\/progettotouring.it\/radiotouring104\/#website","url":"https:\/\/progettotouring.it\/radiotouring104\/","name":"Radio Touring 104","description":"La prima radio Reggina","publisher":{"@id":"https:\/\/progettotouring.it\/radiotouring104\/#organization"},"potentialAction":[{"@type":"SearchAction","target":{"@type":"EntryPoint","urlTemplate":"https:\/\/progettotouring.it\/radiotouring104\/?s={search_term_string}"},"query-input":{"@type":"PropertyValueSpecification","valueRequired":true,"valueName":"search_term_string"}}],"inLanguage":"it-IT"},{"@type":"Organization","@id":"https:\/\/progettotouring.it\/radiotouring104\/#organization","name":"Radio Touring 104","url":"https:\/\/progettotouring.it\/radiotouring104\/","logo":{"@type":"ImageObject","inLanguage":"it-IT","@id":"https:\/\/progettotouring.it\/radiotouring104\/#\/schema\/logo\/image\/","url":"https:\/\/progettotouring.it\/radiotouring104\/wp-content\/uploads\/sites\/6\/2022\/02\/cropped-logo-radio-touring-104.png","contentUrl":"https:\/\/progettotouring.it\/radiotouring104\/wp-content\/uploads\/sites\/6\/2022\/02\/cropped-logo-radio-touring-104.png","width":377,"height":182,"caption":"Radio Touring 104"},"image":{"@id":"https:\/\/progettotouring.it\/radiotouring104\/#\/schema\/logo\/image\/"}},{"@type":"Person","@id":"https:\/\/progettotouring.it\/radiotouring104\/#\/schema\/person\/78613917f1851f041f7483f5af1d422e","name":"Sebastiano Plutino","image":{"@type":"ImageObject","inLanguage":"it-IT","@id":"https:\/\/secure.gravatar.com\/avatar\/0546ffaa9b79224faf9f2a156b67a529ae861d3287c66c1d8ccfdf909bcba78d?s=96&d=mm&r=g","url":"https:\/\/secure.gravatar.com\/avatar\/0546ffaa9b79224faf9f2a156b67a529ae861d3287c66c1d8ccfdf909bcba78d?s=96&d=mm&r=g","contentUrl":"https:\/\/secure.gravatar.com\/avatar\/0546ffaa9b79224faf9f2a156b67a529ae861d3287c66c1d8ccfdf909bcba78d?s=96&d=mm&r=g","caption":"Sebastiano Plutino"},"url":"https:\/\/progettotouring.it\/radiotouring104\/author\/sebastiano\/"}]}},"jetpack_publicize_connections":[],"jetpack_featured_media_url":"https:\/\/progettotouring.it\/radiotouring104\/wp-content\/uploads\/sites\/6\/2025\/12\/Volta1.jpeg","jetpack_sharing_enabled":true,"_links":{"self":[{"href":"https:\/\/progettotouring.it\/radiotouring104\/wp-json\/wp\/v2\/posts\/87230","targetHints":{"allow":["GET"]}}],"collection":[{"href":"https:\/\/progettotouring.it\/radiotouring104\/wp-json\/wp\/v2\/posts"}],"about":[{"href":"https:\/\/progettotouring.it\/radiotouring104\/wp-json\/wp\/v2\/types\/post"}],"author":[{"embeddable":true,"href":"https:\/\/progettotouring.it\/radiotouring104\/wp-json\/wp\/v2\/users\/12"}],"replies":[{"embeddable":true,"href":"https:\/\/progettotouring.it\/radiotouring104\/wp-json\/wp\/v2\/comments?post=87230"}],"version-history":[{"count":1,"href":"https:\/\/progettotouring.it\/radiotouring104\/wp-json\/wp\/v2\/posts\/87230\/revisions"}],"predecessor-version":[{"id":87232,"href":"https:\/\/progettotouring.it\/radiotouring104\/wp-json\/wp\/v2\/posts\/87230\/revisions\/87232"}],"wp:featuredmedia":[{"embeddable":true,"href":"https:\/\/progettotouring.it\/radiotouring104\/wp-json\/wp\/v2\/media\/87231"}],"wp:attachment":[{"href":"https:\/\/progettotouring.it\/radiotouring104\/wp-json\/wp\/v2\/media?parent=87230"}],"wp:term":[{"taxonomy":"category","embeddable":true,"href":"https:\/\/progettotouring.it\/radiotouring104\/wp-json\/wp\/v2\/categories?post=87230"},{"taxonomy":"post_tag","embeddable":true,"href":"https:\/\/progettotouring.it\/radiotouring104\/wp-json\/wp\/v2\/tags?post=87230"}],"curies":[{"name":"wp","href":"https:\/\/api.w.org\/{rel}","templated":true}]}}