{"id":87234,"date":"2025-12-11T10:37:03","date_gmt":"2025-12-11T09:37:03","guid":{"rendered":"https:\/\/progettotouring.it\/radiotouring104\/?p=87234"},"modified":"2025-12-11T12:56:07","modified_gmt":"2025-12-11T11:56:07","slug":"la-rassegna-rapsodie-agresti-calabriae-opera-musica-festival-prosegue-con-2-nuovi-eventi","status":"publish","type":"post","link":"https:\/\/progettotouring.it\/radiotouring104\/2025\/12\/11\/la-rassegna-rapsodie-agresti-calabriae-opera-musica-festival-prosegue-con-2-nuovi-eventi\/","title":{"rendered":"La Rassegna &#8220;Rapsodie Agresti Calabriae Opera Musica Festival&#8221; prosegue con 2 nuovi eventi"},"content":{"rendered":"<p>Emozioni in musica, nel lungo ponte dell\u2019Immacolata, targate <strong>\u201cRapsodie Agresti Calabriae Opera musica Festival\u201d<\/strong>: diretta da <strong>Domenico Gatto e Renato Bonajuto, <\/strong>la rassegna &#8211; che dallo scorso ottobre sta animando alcuni tra i luoghi pi\u00f9 interessanti e rilevanti, dal punto di vista artistico e sociale, della nostra regione &#8211; continua ad offrire una proposta musicale che coinvolge ed entusiasma il pubblico. Come nel caso degli eventi che hanno scandito queste giornate festive: a partire dal concerto <strong>\u201cSummit\u201d,<\/strong> che ha fatto registrare il sold out nei due appuntamenti<strong> &#8211;<\/strong> il 5 dicembre presso la <strong>Sala Parrocchiale Monsignor Antonino Barberi di Bocale (Reggio Calabria) <\/strong>e il 6 dicembre presso la <strong>Chiesa degli Artisti in Santa Lucia, a Taurianova &#8211; <\/strong>che hanno offerto agli spettatori un elegante ed originale viaggio tra jazz e tango. <strong>Massimiliano Pitocco<\/strong> (bandoneon), <strong>Giovanni De Luca<\/strong> (saxofono baritono) e <strong>Francesco Silvestri <\/strong>(pianoforte) hanno spaziato attraverso i brani dell\u2019album che d\u00e0 il titolo al concerto, in un mix tra l\u2019influenza del maestro del tango contemporaneo, Astor Piazzolla, e quella del grande innovatore della musica jazz, Gerry Mulligan. Il risultato \u00e8 stato un incontro tra generi che ha colto nel segno, conquistando la platea.<\/p>\n<p>La tradizione sacra \u00e8 stata, invece, al centro del <strong>Concerto Mariano<\/strong> che, l\u20198 dicembre, \u00e8 stato ospitato presso<strong> il Santuario Madonna della Grazia di Gallico Superiore: <\/strong>un appuntamento molto atteso, che ha visto \u00a0<strong>l\u2019Orchestra da Camera La Nuova Verdi <\/strong>accompagnare il soprano <strong>Angela Stella Cimbalo. <\/strong>Con la sapiente direzione di<strong> Cettina Nicolosi <\/strong>e <strong>Andrea Francesco Calabrese, <\/strong>i musicisti hanno attraversato, insieme all\u2019intensa voce del soprano, i suoni e le suggestioni della musica sacra, in una performance densa di grande emozione e spiritualit\u00e0, che si \u00e8 arricchita anche della partecipazione del<strong> Coro SS. Pietro e Paolo di Taurianova.<\/strong><\/p>\n<p>&nbsp;<\/p>\n<p>Il \u201cRapsodie Agresti Calabriae Opera musica Festival\u201d &#8211; promosso da <strong>Traiectoriae, <\/strong>con il sostegno del <strong>Mic &#8211; Fondo nazionale per lo spettacolo dal vivo &#8211;<\/strong> proseguir\u00e0, quindi, nel prossimo fine settimana, con due appuntamenti.<\/p>\n<p><strong>\u201cLa voce del Mediterraneo\u201d<\/strong> \u00e8 il titolo del concerto lirico che sar\u00e0 ospitato <strong>venerd\u00ec 12 dicembre, alle ore 18,<\/strong> presso <strong>Ace &#8211; Centro di medicina solidale di Pellaro<\/strong>. Protagonista il duo formato dal soprano <strong>Chiara Aracri <\/strong>e dalla pianista <strong>Letizia Sansalone<\/strong>, che proporr\u00e0 un programma dedicato ai compositori originari del Meridione. L\u2019intento \u00e8 quello di portare alla luce le opere di artisti meno noti al pubblico, ma dal grande interesse musicale: tra queste, le arie dei calabresi Florimo e Manfroce e del siciliano Frontini. Ad accomunare questi autori, il legame con la propria terra e la formazione alla scuola napoletana, la cui influenza si riflette e riecheggia nelle loro composizioni.<\/p>\n<p>Un percorso suggestivo che sar\u00e0 seguito, il <strong>14 dicembre, alle ore 18,30<\/strong>, al <strong>Palazzo della Cultura di Locri<\/strong>, da un altro momento musicale originale e di rilievo, ovvero il <strong>concerto di musica barocca<\/strong> <strong>\u201cDedicato a O. Michi\u201d<\/strong>. L\u2019importante progetto di recupero delle composizioni di <strong>Orazio Michi<\/strong> &#8211; virtuoso dell\u2019arpa e autore dei primi anni del \u2018600 -, che \u00e8 stato curato dal musicologo <strong>Antonio Bellone,<\/strong> ha fornito l\u2019occasione per l\u2019incontro degli artisti dell\u2019ensemble che si esibir\u00e0 a Locri, ovvero <strong>Francesca Donato<\/strong>, soprano, <strong>Albarosa Di Lieto<\/strong>, arpa, <strong>Fausto Castiglione<\/strong>, viola da gamba, <strong>Giuseppe Di Nardo<\/strong>, liuto, <strong>Donato Castagna<\/strong>, tamburo e sonagli. I musicisti, tutti di grande esperienza, frutto di collaborazioni con diverse formazioni da camera, di un&#8217;intensa attivit\u00e0 concertistica e di partecipazioni a rilevanti incisioni, si esibiranno &#8211; su elaborazione strumentale del repertorio eseguita dal maestro <strong>Luca Sposato<\/strong> &#8211; in un programma incentrato su arie e cantate del repertorio barocco: al centro dell\u2019evento, brani del gi\u00e0 citato Orazio Michi e di Claudio Monteverdi, Girolamo Frescobaldi, John Dowland, Giovanni Felice Sances, Barbara Strozzi, Henry Purcell.<\/p>\n","protected":false},"excerpt":{"rendered":"<p>Emozioni in musica, nel lungo ponte dell\u2019Immacolata, targate \u201cRapsodie Agresti Calabriae Opera musica Festival\u201d: diretta da Domenico Gatto e Renato Bonajuto, la rassegna &#8211; che dallo scorso ottobre sta animando&hellip;<\/p>\n","protected":false},"author":5,"featured_media":87238,"comment_status":"closed","ping_status":"open","sticky":false,"template":"","format":"standard","meta":{"_jetpack_memberships_contains_paid_content":false,"footnotes":"","jetpack_publicize_message":"","jetpack_publicize_feature_enabled":true,"jetpack_social_post_already_shared":true,"jetpack_social_options":{"image_generator_settings":{"template":"highway","default_image_id":0,"font":"","enabled":false},"version":2}},"categories":[921,196,140],"tags":[49463,49465,49466,44370,49464,49467],"class_list":["post-87234","post","type-post","status-publish","format-standard","has-post-thumbnail","hentry","category-home","category-news","category-reggio-calabria","tag-2-nuovi-eventi","tag-ace-di-pellaro","tag-domenico-gatto","tag-palazzo-della-cultura-di-locri","tag-rassegna-rapsodie-agresti-calabriae-opera-musica-festival","tag-renato-bonajuto"],"yoast_head":"<!-- This site is optimized with the Yoast SEO plugin v27.2 - https:\/\/yoast.com\/product\/yoast-seo-wordpress\/ -->\n<title>La Rassegna &quot;Rapsodie Agresti Calabriae Opera Musica Festival&quot; prosegue con 2 nuovi eventi - Radio Touring 104<\/title>\n<meta name=\"description\" content=\"I due nuovi eventi in programma venerd\u00ec 12 e domenica 14 dicembreall\u2019Ace di Pellaro e al Palazzo della cultura di Locri\" \/>\n<meta name=\"robots\" content=\"index, follow, max-snippet:-1, max-image-preview:large, max-video-preview:-1\" \/>\n<link rel=\"canonical\" href=\"https:\/\/progettotouring.it\/radiotouring104\/2025\/12\/11\/la-rassegna-rapsodie-agresti-calabriae-opera-musica-festival-prosegue-con-2-nuovi-eventi\/\" \/>\n<meta property=\"og:locale\" content=\"it_IT\" \/>\n<meta property=\"og:type\" content=\"article\" \/>\n<meta property=\"og:title\" content=\"La Rassegna &quot;Rapsodie Agresti Calabriae Opera Musica Festival&quot; prosegue con 2 nuovi eventi - Radio Touring 104\" \/>\n<meta property=\"og:description\" content=\"I due nuovi eventi in programma venerd\u00ec 12 e domenica 14 dicembreall\u2019Ace di Pellaro e al Palazzo della cultura di Locri\" \/>\n<meta property=\"og:url\" content=\"https:\/\/progettotouring.it\/radiotouring104\/2025\/12\/11\/la-rassegna-rapsodie-agresti-calabriae-opera-musica-festival-prosegue-con-2-nuovi-eventi\/\" \/>\n<meta property=\"og:site_name\" content=\"Radio Touring 104\" \/>\n<meta property=\"article:published_time\" content=\"2025-12-11T09:37:03+00:00\" \/>\n<meta property=\"article:modified_time\" content=\"2025-12-11T11:56:07+00:00\" \/>\n<meta property=\"og:image\" content=\"https:\/\/progettotouring.it\/radiotouring104\/wp-content\/uploads\/sites\/6\/2025\/12\/Rassegna-Rapsodie-Agresti-Calabriae-Opera-Musica-Festival-ACE-PELLARO-1.jpeg\" \/>\n\t<meta property=\"og:image:width\" content=\"1069\" \/>\n\t<meta property=\"og:image:height\" content=\"1076\" \/>\n\t<meta property=\"og:image:type\" content=\"image\/jpeg\" \/>\n<meta name=\"author\" content=\"redazione\" \/>\n<meta name=\"twitter:card\" content=\"summary_large_image\" \/>\n<meta name=\"twitter:label1\" content=\"Scritto da\" \/>\n\t<meta name=\"twitter:data1\" content=\"redazione\" \/>\n\t<meta name=\"twitter:label2\" content=\"Tempo di lettura stimato\" \/>\n\t<meta name=\"twitter:data2\" content=\"3 minuti\" \/>\n<script type=\"application\/ld+json\" class=\"yoast-schema-graph\">{\"@context\":\"https:\/\/schema.org\",\"@graph\":[{\"@type\":\"Article\",\"@id\":\"https:\/\/progettotouring.it\/radiotouring104\/2025\/12\/11\/la-rassegna-rapsodie-agresti-calabriae-opera-musica-festival-prosegue-con-2-nuovi-eventi\/#article\",\"isPartOf\":{\"@id\":\"https:\/\/progettotouring.it\/radiotouring104\/2025\/12\/11\/la-rassegna-rapsodie-agresti-calabriae-opera-musica-festival-prosegue-con-2-nuovi-eventi\/\"},\"author\":{\"name\":\"redazione\",\"@id\":\"https:\/\/progettotouring.it\/radiotouring104\/#\/schema\/person\/1b3eb3c07c47136bc44c785c543e635f\"},\"headline\":\"La Rassegna &#8220;Rapsodie Agresti Calabriae Opera Musica Festival&#8221; prosegue con 2 nuovi eventi\",\"datePublished\":\"2025-12-11T09:37:03+00:00\",\"dateModified\":\"2025-12-11T11:56:07+00:00\",\"mainEntityOfPage\":{\"@id\":\"https:\/\/progettotouring.it\/radiotouring104\/2025\/12\/11\/la-rassegna-rapsodie-agresti-calabriae-opera-musica-festival-prosegue-con-2-nuovi-eventi\/\"},\"wordCount\":618,\"publisher\":{\"@id\":\"https:\/\/progettotouring.it\/radiotouring104\/#organization\"},\"image\":{\"@id\":\"https:\/\/progettotouring.it\/radiotouring104\/2025\/12\/11\/la-rassegna-rapsodie-agresti-calabriae-opera-musica-festival-prosegue-con-2-nuovi-eventi\/#primaryimage\"},\"thumbnailUrl\":\"https:\/\/progettotouring.it\/radiotouring104\/wp-content\/uploads\/sites\/6\/2025\/12\/Rassegna-Rapsodie-Agresti-Calabriae-Opera-Musica-Festival-ACE-PELLARO-1.jpeg\",\"keywords\":[\"2 nuovi eventi\",\"Ace di Pellaro\",\"Domenico Gatto\",\"Palazzo della Cultura di Locri.\",\"Rassegna \\\"Rapsodie Agresti Calabriae Opera Musica Festival\\\"\",\"Renato Bonajuto\"],\"articleSection\":[\"Home\",\"News\",\"Reggio Calabria\"],\"inLanguage\":\"it-IT\"},{\"@type\":\"WebPage\",\"@id\":\"https:\/\/progettotouring.it\/radiotouring104\/2025\/12\/11\/la-rassegna-rapsodie-agresti-calabriae-opera-musica-festival-prosegue-con-2-nuovi-eventi\/\",\"url\":\"https:\/\/progettotouring.it\/radiotouring104\/2025\/12\/11\/la-rassegna-rapsodie-agresti-calabriae-opera-musica-festival-prosegue-con-2-nuovi-eventi\/\",\"name\":\"La Rassegna \\\"Rapsodie Agresti Calabriae Opera Musica Festival\\\" prosegue con 2 nuovi eventi - Radio Touring 104\",\"isPartOf\":{\"@id\":\"https:\/\/progettotouring.it\/radiotouring104\/#website\"},\"primaryImageOfPage\":{\"@id\":\"https:\/\/progettotouring.it\/radiotouring104\/2025\/12\/11\/la-rassegna-rapsodie-agresti-calabriae-opera-musica-festival-prosegue-con-2-nuovi-eventi\/#primaryimage\"},\"image\":{\"@id\":\"https:\/\/progettotouring.it\/radiotouring104\/2025\/12\/11\/la-rassegna-rapsodie-agresti-calabriae-opera-musica-festival-prosegue-con-2-nuovi-eventi\/#primaryimage\"},\"thumbnailUrl\":\"https:\/\/progettotouring.it\/radiotouring104\/wp-content\/uploads\/sites\/6\/2025\/12\/Rassegna-Rapsodie-Agresti-Calabriae-Opera-Musica-Festival-ACE-PELLARO-1.jpeg\",\"datePublished\":\"2025-12-11T09:37:03+00:00\",\"dateModified\":\"2025-12-11T11:56:07+00:00\",\"description\":\"I due nuovi eventi in programma venerd\u00ec 12 e domenica 14 dicembreall\u2019Ace di Pellaro e al Palazzo della cultura di Locri\",\"breadcrumb\":{\"@id\":\"https:\/\/progettotouring.it\/radiotouring104\/2025\/12\/11\/la-rassegna-rapsodie-agresti-calabriae-opera-musica-festival-prosegue-con-2-nuovi-eventi\/#breadcrumb\"},\"inLanguage\":\"it-IT\",\"potentialAction\":[{\"@type\":\"ReadAction\",\"target\":[\"https:\/\/progettotouring.it\/radiotouring104\/2025\/12\/11\/la-rassegna-rapsodie-agresti-calabriae-opera-musica-festival-prosegue-con-2-nuovi-eventi\/\"]}]},{\"@type\":\"ImageObject\",\"inLanguage\":\"it-IT\",\"@id\":\"https:\/\/progettotouring.it\/radiotouring104\/2025\/12\/11\/la-rassegna-rapsodie-agresti-calabriae-opera-musica-festival-prosegue-con-2-nuovi-eventi\/#primaryimage\",\"url\":\"https:\/\/progettotouring.it\/radiotouring104\/wp-content\/uploads\/sites\/6\/2025\/12\/Rassegna-Rapsodie-Agresti-Calabriae-Opera-Musica-Festival-ACE-PELLARO-1.jpeg\",\"contentUrl\":\"https:\/\/progettotouring.it\/radiotouring104\/wp-content\/uploads\/sites\/6\/2025\/12\/Rassegna-Rapsodie-Agresti-Calabriae-Opera-Musica-Festival-ACE-PELLARO-1.jpeg\",\"width\":1069,\"height\":1076},{\"@type\":\"BreadcrumbList\",\"@id\":\"https:\/\/progettotouring.it\/radiotouring104\/2025\/12\/11\/la-rassegna-rapsodie-agresti-calabriae-opera-musica-festival-prosegue-con-2-nuovi-eventi\/#breadcrumb\",\"itemListElement\":[{\"@type\":\"ListItem\",\"position\":1,\"name\":\"Home\",\"item\":\"https:\/\/progettotouring.it\/radiotouring104\/\"},{\"@type\":\"ListItem\",\"position\":2,\"name\":\"La Rassegna &#8220;Rapsodie Agresti Calabriae Opera Musica Festival&#8221; prosegue con 2 nuovi eventi\"}]},{\"@type\":\"WebSite\",\"@id\":\"https:\/\/progettotouring.it\/radiotouring104\/#website\",\"url\":\"https:\/\/progettotouring.it\/radiotouring104\/\",\"name\":\"Radio Touring 104\",\"description\":\"La prima radio Reggina\",\"publisher\":{\"@id\":\"https:\/\/progettotouring.it\/radiotouring104\/#organization\"},\"potentialAction\":[{\"@type\":\"SearchAction\",\"target\":{\"@type\":\"EntryPoint\",\"urlTemplate\":\"https:\/\/progettotouring.it\/radiotouring104\/?s={search_term_string}\"},\"query-input\":{\"@type\":\"PropertyValueSpecification\",\"valueRequired\":true,\"valueName\":\"search_term_string\"}}],\"inLanguage\":\"it-IT\"},{\"@type\":\"Organization\",\"@id\":\"https:\/\/progettotouring.it\/radiotouring104\/#organization\",\"name\":\"Radio Touring 104\",\"url\":\"https:\/\/progettotouring.it\/radiotouring104\/\",\"logo\":{\"@type\":\"ImageObject\",\"inLanguage\":\"it-IT\",\"@id\":\"https:\/\/progettotouring.it\/radiotouring104\/#\/schema\/logo\/image\/\",\"url\":\"https:\/\/progettotouring.it\/radiotouring104\/wp-content\/uploads\/sites\/6\/2022\/02\/cropped-logo-radio-touring-104.png\",\"contentUrl\":\"https:\/\/progettotouring.it\/radiotouring104\/wp-content\/uploads\/sites\/6\/2022\/02\/cropped-logo-radio-touring-104.png\",\"width\":377,\"height\":182,\"caption\":\"Radio Touring 104\"},\"image\":{\"@id\":\"https:\/\/progettotouring.it\/radiotouring104\/#\/schema\/logo\/image\/\"}},{\"@type\":\"Person\",\"@id\":\"https:\/\/progettotouring.it\/radiotouring104\/#\/schema\/person\/1b3eb3c07c47136bc44c785c543e635f\",\"name\":\"redazione\",\"image\":{\"@type\":\"ImageObject\",\"inLanguage\":\"it-IT\",\"@id\":\"https:\/\/secure.gravatar.com\/avatar\/0b31605b49f100769e8b624b3e05de1b73e1692e9568a352f60f53fd072e6e11?s=96&d=mm&r=g\",\"url\":\"https:\/\/secure.gravatar.com\/avatar\/0b31605b49f100769e8b624b3e05de1b73e1692e9568a352f60f53fd072e6e11?s=96&d=mm&r=g\",\"contentUrl\":\"https:\/\/secure.gravatar.com\/avatar\/0b31605b49f100769e8b624b3e05de1b73e1692e9568a352f60f53fd072e6e11?s=96&d=mm&r=g\",\"caption\":\"redazione\"},\"url\":\"https:\/\/progettotouring.it\/radiotouring104\/author\/redazione\/\"}]}<\/script>\n<!-- \/ Yoast SEO plugin. -->","yoast_head_json":{"title":"La Rassegna \"Rapsodie Agresti Calabriae Opera Musica Festival\" prosegue con 2 nuovi eventi - Radio Touring 104","description":"I due nuovi eventi in programma venerd\u00ec 12 e domenica 14 dicembreall\u2019Ace di Pellaro e al Palazzo della cultura di Locri","robots":{"index":"index","follow":"follow","max-snippet":"max-snippet:-1","max-image-preview":"max-image-preview:large","max-video-preview":"max-video-preview:-1"},"canonical":"https:\/\/progettotouring.it\/radiotouring104\/2025\/12\/11\/la-rassegna-rapsodie-agresti-calabriae-opera-musica-festival-prosegue-con-2-nuovi-eventi\/","og_locale":"it_IT","og_type":"article","og_title":"La Rassegna \"Rapsodie Agresti Calabriae Opera Musica Festival\" prosegue con 2 nuovi eventi - Radio Touring 104","og_description":"I due nuovi eventi in programma venerd\u00ec 12 e domenica 14 dicembreall\u2019Ace di Pellaro e al Palazzo della cultura di Locri","og_url":"https:\/\/progettotouring.it\/radiotouring104\/2025\/12\/11\/la-rassegna-rapsodie-agresti-calabriae-opera-musica-festival-prosegue-con-2-nuovi-eventi\/","og_site_name":"Radio Touring 104","article_published_time":"2025-12-11T09:37:03+00:00","article_modified_time":"2025-12-11T11:56:07+00:00","og_image":[{"width":1069,"height":1076,"url":"https:\/\/progettotouring.it\/radiotouring104\/wp-content\/uploads\/sites\/6\/2025\/12\/Rassegna-Rapsodie-Agresti-Calabriae-Opera-Musica-Festival-ACE-PELLARO-1.jpeg","type":"image\/jpeg"}],"author":"redazione","twitter_card":"summary_large_image","twitter_misc":{"Scritto da":"redazione","Tempo di lettura stimato":"3 minuti"},"schema":{"@context":"https:\/\/schema.org","@graph":[{"@type":"Article","@id":"https:\/\/progettotouring.it\/radiotouring104\/2025\/12\/11\/la-rassegna-rapsodie-agresti-calabriae-opera-musica-festival-prosegue-con-2-nuovi-eventi\/#article","isPartOf":{"@id":"https:\/\/progettotouring.it\/radiotouring104\/2025\/12\/11\/la-rassegna-rapsodie-agresti-calabriae-opera-musica-festival-prosegue-con-2-nuovi-eventi\/"},"author":{"name":"redazione","@id":"https:\/\/progettotouring.it\/radiotouring104\/#\/schema\/person\/1b3eb3c07c47136bc44c785c543e635f"},"headline":"La Rassegna &#8220;Rapsodie Agresti Calabriae Opera Musica Festival&#8221; prosegue con 2 nuovi eventi","datePublished":"2025-12-11T09:37:03+00:00","dateModified":"2025-12-11T11:56:07+00:00","mainEntityOfPage":{"@id":"https:\/\/progettotouring.it\/radiotouring104\/2025\/12\/11\/la-rassegna-rapsodie-agresti-calabriae-opera-musica-festival-prosegue-con-2-nuovi-eventi\/"},"wordCount":618,"publisher":{"@id":"https:\/\/progettotouring.it\/radiotouring104\/#organization"},"image":{"@id":"https:\/\/progettotouring.it\/radiotouring104\/2025\/12\/11\/la-rassegna-rapsodie-agresti-calabriae-opera-musica-festival-prosegue-con-2-nuovi-eventi\/#primaryimage"},"thumbnailUrl":"https:\/\/progettotouring.it\/radiotouring104\/wp-content\/uploads\/sites\/6\/2025\/12\/Rassegna-Rapsodie-Agresti-Calabriae-Opera-Musica-Festival-ACE-PELLARO-1.jpeg","keywords":["2 nuovi eventi","Ace di Pellaro","Domenico Gatto","Palazzo della Cultura di Locri.","Rassegna \"Rapsodie Agresti Calabriae Opera Musica Festival\"","Renato Bonajuto"],"articleSection":["Home","News","Reggio Calabria"],"inLanguage":"it-IT"},{"@type":"WebPage","@id":"https:\/\/progettotouring.it\/radiotouring104\/2025\/12\/11\/la-rassegna-rapsodie-agresti-calabriae-opera-musica-festival-prosegue-con-2-nuovi-eventi\/","url":"https:\/\/progettotouring.it\/radiotouring104\/2025\/12\/11\/la-rassegna-rapsodie-agresti-calabriae-opera-musica-festival-prosegue-con-2-nuovi-eventi\/","name":"La Rassegna \"Rapsodie Agresti Calabriae Opera Musica Festival\" prosegue con 2 nuovi eventi - Radio Touring 104","isPartOf":{"@id":"https:\/\/progettotouring.it\/radiotouring104\/#website"},"primaryImageOfPage":{"@id":"https:\/\/progettotouring.it\/radiotouring104\/2025\/12\/11\/la-rassegna-rapsodie-agresti-calabriae-opera-musica-festival-prosegue-con-2-nuovi-eventi\/#primaryimage"},"image":{"@id":"https:\/\/progettotouring.it\/radiotouring104\/2025\/12\/11\/la-rassegna-rapsodie-agresti-calabriae-opera-musica-festival-prosegue-con-2-nuovi-eventi\/#primaryimage"},"thumbnailUrl":"https:\/\/progettotouring.it\/radiotouring104\/wp-content\/uploads\/sites\/6\/2025\/12\/Rassegna-Rapsodie-Agresti-Calabriae-Opera-Musica-Festival-ACE-PELLARO-1.jpeg","datePublished":"2025-12-11T09:37:03+00:00","dateModified":"2025-12-11T11:56:07+00:00","description":"I due nuovi eventi in programma venerd\u00ec 12 e domenica 14 dicembreall\u2019Ace di Pellaro e al Palazzo della cultura di Locri","breadcrumb":{"@id":"https:\/\/progettotouring.it\/radiotouring104\/2025\/12\/11\/la-rassegna-rapsodie-agresti-calabriae-opera-musica-festival-prosegue-con-2-nuovi-eventi\/#breadcrumb"},"inLanguage":"it-IT","potentialAction":[{"@type":"ReadAction","target":["https:\/\/progettotouring.it\/radiotouring104\/2025\/12\/11\/la-rassegna-rapsodie-agresti-calabriae-opera-musica-festival-prosegue-con-2-nuovi-eventi\/"]}]},{"@type":"ImageObject","inLanguage":"it-IT","@id":"https:\/\/progettotouring.it\/radiotouring104\/2025\/12\/11\/la-rassegna-rapsodie-agresti-calabriae-opera-musica-festival-prosegue-con-2-nuovi-eventi\/#primaryimage","url":"https:\/\/progettotouring.it\/radiotouring104\/wp-content\/uploads\/sites\/6\/2025\/12\/Rassegna-Rapsodie-Agresti-Calabriae-Opera-Musica-Festival-ACE-PELLARO-1.jpeg","contentUrl":"https:\/\/progettotouring.it\/radiotouring104\/wp-content\/uploads\/sites\/6\/2025\/12\/Rassegna-Rapsodie-Agresti-Calabriae-Opera-Musica-Festival-ACE-PELLARO-1.jpeg","width":1069,"height":1076},{"@type":"BreadcrumbList","@id":"https:\/\/progettotouring.it\/radiotouring104\/2025\/12\/11\/la-rassegna-rapsodie-agresti-calabriae-opera-musica-festival-prosegue-con-2-nuovi-eventi\/#breadcrumb","itemListElement":[{"@type":"ListItem","position":1,"name":"Home","item":"https:\/\/progettotouring.it\/radiotouring104\/"},{"@type":"ListItem","position":2,"name":"La Rassegna &#8220;Rapsodie Agresti Calabriae Opera Musica Festival&#8221; prosegue con 2 nuovi eventi"}]},{"@type":"WebSite","@id":"https:\/\/progettotouring.it\/radiotouring104\/#website","url":"https:\/\/progettotouring.it\/radiotouring104\/","name":"Radio Touring 104","description":"La prima radio Reggina","publisher":{"@id":"https:\/\/progettotouring.it\/radiotouring104\/#organization"},"potentialAction":[{"@type":"SearchAction","target":{"@type":"EntryPoint","urlTemplate":"https:\/\/progettotouring.it\/radiotouring104\/?s={search_term_string}"},"query-input":{"@type":"PropertyValueSpecification","valueRequired":true,"valueName":"search_term_string"}}],"inLanguage":"it-IT"},{"@type":"Organization","@id":"https:\/\/progettotouring.it\/radiotouring104\/#organization","name":"Radio Touring 104","url":"https:\/\/progettotouring.it\/radiotouring104\/","logo":{"@type":"ImageObject","inLanguage":"it-IT","@id":"https:\/\/progettotouring.it\/radiotouring104\/#\/schema\/logo\/image\/","url":"https:\/\/progettotouring.it\/radiotouring104\/wp-content\/uploads\/sites\/6\/2022\/02\/cropped-logo-radio-touring-104.png","contentUrl":"https:\/\/progettotouring.it\/radiotouring104\/wp-content\/uploads\/sites\/6\/2022\/02\/cropped-logo-radio-touring-104.png","width":377,"height":182,"caption":"Radio Touring 104"},"image":{"@id":"https:\/\/progettotouring.it\/radiotouring104\/#\/schema\/logo\/image\/"}},{"@type":"Person","@id":"https:\/\/progettotouring.it\/radiotouring104\/#\/schema\/person\/1b3eb3c07c47136bc44c785c543e635f","name":"redazione","image":{"@type":"ImageObject","inLanguage":"it-IT","@id":"https:\/\/secure.gravatar.com\/avatar\/0b31605b49f100769e8b624b3e05de1b73e1692e9568a352f60f53fd072e6e11?s=96&d=mm&r=g","url":"https:\/\/secure.gravatar.com\/avatar\/0b31605b49f100769e8b624b3e05de1b73e1692e9568a352f60f53fd072e6e11?s=96&d=mm&r=g","contentUrl":"https:\/\/secure.gravatar.com\/avatar\/0b31605b49f100769e8b624b3e05de1b73e1692e9568a352f60f53fd072e6e11?s=96&d=mm&r=g","caption":"redazione"},"url":"https:\/\/progettotouring.it\/radiotouring104\/author\/redazione\/"}]}},"jetpack_publicize_connections":[],"jetpack_featured_media_url":"https:\/\/progettotouring.it\/radiotouring104\/wp-content\/uploads\/sites\/6\/2025\/12\/Rassegna-Rapsodie-Agresti-Calabriae-Opera-Musica-Festival-ACE-PELLARO-1.jpeg","jetpack_sharing_enabled":true,"_links":{"self":[{"href":"https:\/\/progettotouring.it\/radiotouring104\/wp-json\/wp\/v2\/posts\/87234","targetHints":{"allow":["GET"]}}],"collection":[{"href":"https:\/\/progettotouring.it\/radiotouring104\/wp-json\/wp\/v2\/posts"}],"about":[{"href":"https:\/\/progettotouring.it\/radiotouring104\/wp-json\/wp\/v2\/types\/post"}],"author":[{"embeddable":true,"href":"https:\/\/progettotouring.it\/radiotouring104\/wp-json\/wp\/v2\/users\/5"}],"replies":[{"embeddable":true,"href":"https:\/\/progettotouring.it\/radiotouring104\/wp-json\/wp\/v2\/comments?post=87234"}],"version-history":[{"count":2,"href":"https:\/\/progettotouring.it\/radiotouring104\/wp-json\/wp\/v2\/posts\/87234\/revisions"}],"predecessor-version":[{"id":87237,"href":"https:\/\/progettotouring.it\/radiotouring104\/wp-json\/wp\/v2\/posts\/87234\/revisions\/87237"}],"wp:featuredmedia":[{"embeddable":true,"href":"https:\/\/progettotouring.it\/radiotouring104\/wp-json\/wp\/v2\/media\/87238"}],"wp:attachment":[{"href":"https:\/\/progettotouring.it\/radiotouring104\/wp-json\/wp\/v2\/media?parent=87234"}],"wp:term":[{"taxonomy":"category","embeddable":true,"href":"https:\/\/progettotouring.it\/radiotouring104\/wp-json\/wp\/v2\/categories?post=87234"},{"taxonomy":"post_tag","embeddable":true,"href":"https:\/\/progettotouring.it\/radiotouring104\/wp-json\/wp\/v2\/tags?post=87234"}],"curies":[{"name":"wp","href":"https:\/\/api.w.org\/{rel}","templated":true}]}}