{"id":87240,"date":"2025-12-11T10:52:40","date_gmt":"2025-12-11T09:52:40","guid":{"rendered":"https:\/\/progettotouring.it\/radiotouring104\/?p=87240"},"modified":"2025-12-11T12:56:01","modified_gmt":"2025-12-11T11:56:01","slug":"comune-di-reggio-milia-attacca-la-maggioranza-sul-ripristino-delle-circoscrizioni","status":"publish","type":"post","link":"https:\/\/progettotouring.it\/radiotouring104\/2025\/12\/11\/comune-di-reggio-milia-attacca-la-maggioranza-sul-ripristino-delle-circoscrizioni\/","title":{"rendered":"Comune di Reggio: Milia attacca la Maggioranza sul ripristino delle Circoscrizioni"},"content":{"rendered":"<p><em>\u201c<\/em><em>Quella di oggi \u00e8 stata l\u2019ennesima dimostrazione che la seconda Commissione \u00e8 ormai diventata una farsa, una perdita di tempo e di lavoro istituzionale che non produce alcun risultato utile per la citt\u00e0. La maggioranza continua a perdere tempo, a rimandare, a rifiutare ogni assunzione di responsabilit\u00e0, con scuse continue e sempre diverse a discapito diretto dei cittadini che chiedono solo risposte e seriet\u00e0.\u201d <\/em>A dichiararlo in una nota il capogruppo di Forza Italia in consiglio comunale Federico Milia.<\/p>\n<p><em>\u00a0<\/em><\/p>\n<p><em>\u201cNonostante il parere favorevole del dirigente del Settore Bilancio, la delibera sulle circoscrizioni non \u00e8 stata nemmeno messa in votazione. Un ritardo volutamente costruito, l\u2019ennesima tattica dilatoria da parte di chi, evidentemente, non ha alcuna intenzione di portare avanti un percorso che loro stessi avevano annunciato e approvato in aula<\/em><em>\u201d <\/em>dichiara Milia.<\/p>\n<p><em>\u00a0<\/em><\/p>\n<p><em>\u201c<\/em><em>\u00c8 ormai evidente che la maggioranza non ha n\u00e9 la volont\u00e0 n\u00e9 la capacit\u00e0 di sostenere un dialogo serio per la crescita della citt\u00e0. Le loro continue diatribe interne, gli scontri sotterranei e gli equilibri di potere sono diventati ostacoli invalicabili per qualsiasi decisione amministrativa<\/em><em> &#8211; <\/em>prosegue il capogruppo<em>&#8211; la <\/em><em>citt\u00e0 affonda e loro continuano a guardarsi allo specchio, incapaci di decidere e di governare<\/em><em>\u201d.<\/em><\/p>\n<p><em>\u00a0<\/em><\/p>\n<p><em>\u201c<\/em><em>A questo punto \u00e8 inutile proseguire i lavori in Commissione: la discussione \u00e8 stata svuotata di ogni senso. Se la maggioranza non vuole ripristinare le circoscrizioni, abbia almeno il coraggio di assumersi la responsabilit\u00e0 politica di bocciare la propria stessa delibera direttamente in aula, alla luce del sole e davanti alla citt\u00e0<\/em><em>\u201d.<\/em><\/p>\n<p><em>\u00a0<\/em><\/p>\n<p><em>\u201c<\/em><em>Non accetteremo pi\u00f9 perdite di tempo, n\u00e9 farse procedurali che umiliano le istituzioni e penalizzano Reggio Calabria. La citt\u00e0 merita risposte, non ritardi e incompetenza<\/em><em>\u201d <\/em>conclude Milia.<\/p>\n","protected":false},"excerpt":{"rendered":"<p>\u201cQuella di oggi \u00e8 stata l\u2019ennesima dimostrazione che la seconda Commissione \u00e8 ormai diventata una farsa, una perdita di tempo e di lavoro istituzionale che non produce alcun risultato utile&hellip;<\/p>\n","protected":false},"author":5,"featured_media":67187,"comment_status":"closed","ping_status":"open","sticky":false,"template":"","format":"standard","meta":{"_jetpack_memberships_contains_paid_content":false,"footnotes":"","jetpack_publicize_message":"","jetpack_publicize_feature_enabled":true,"jetpack_social_post_already_shared":true,"jetpack_social_options":{"image_generator_settings":{"template":"highway","default_image_id":0,"font":"","enabled":false},"version":2}},"categories":[921,196,140],"tags":[49468,49469,9778,3231,29095],"class_list":["post-87240","post","type-post","status-publish","format-standard","has-post-thumbnail","hentry","category-home","category-news","category-reggio-calabria","tag-attacco-a-maggioranza","tag-commissione-farsa","tag-comune-di-reggio","tag-federico-milia","tag-ripristino-circoscrizioni-a-reggio"],"yoast_head":"<!-- This site is optimized with the Yoast SEO plugin v27.2 - https:\/\/yoast.com\/product\/yoast-seo-wordpress\/ -->\n<title>Comune RC: Milia attacca Maggioranza su ripristino Circoscrizioni<\/title>\n<meta name=\"description\" content=\"\u201cCommissione farsa, la Maggioranza blocca ancora le circoscrizioni\u201d, dichiara il Capogruppo di Forza Italia in Consiglio Comunale\" \/>\n<meta name=\"robots\" content=\"index, follow, max-snippet:-1, max-image-preview:large, max-video-preview:-1\" \/>\n<link rel=\"canonical\" href=\"https:\/\/progettotouring.it\/radiotouring104\/2025\/12\/11\/comune-di-reggio-milia-attacca-la-maggioranza-sul-ripristino-delle-circoscrizioni\/\" \/>\n<meta property=\"og:locale\" content=\"it_IT\" \/>\n<meta property=\"og:type\" content=\"article\" \/>\n<meta property=\"og:title\" content=\"Comune RC: Milia attacca Maggioranza su ripristino Circoscrizioni\" \/>\n<meta property=\"og:description\" content=\"\u201cCommissione farsa, la Maggioranza blocca ancora le circoscrizioni\u201d, dichiara il Capogruppo di Forza Italia in Consiglio Comunale\" \/>\n<meta property=\"og:url\" content=\"https:\/\/progettotouring.it\/radiotouring104\/2025\/12\/11\/comune-di-reggio-milia-attacca-la-maggioranza-sul-ripristino-delle-circoscrizioni\/\" \/>\n<meta property=\"og:site_name\" content=\"Radio Touring 104\" \/>\n<meta property=\"article:published_time\" content=\"2025-12-11T09:52:40+00:00\" \/>\n<meta property=\"article:modified_time\" content=\"2025-12-11T11:56:01+00:00\" \/>\n<meta property=\"og:image\" content=\"https:\/\/progettotouring.it\/radiotouring104\/wp-content\/uploads\/sites\/6\/2025\/02\/Consigliere-Federico-Milia-FI-RC.jpeg\" \/>\n\t<meta property=\"og:image:width\" content=\"1080\" \/>\n\t<meta property=\"og:image:height\" content=\"967\" \/>\n\t<meta property=\"og:image:type\" content=\"image\/jpeg\" \/>\n<meta name=\"author\" content=\"redazione\" \/>\n<meta name=\"twitter:card\" content=\"summary_large_image\" \/>\n<meta name=\"twitter:label1\" content=\"Scritto da\" \/>\n\t<meta name=\"twitter:data1\" content=\"redazione\" \/>\n\t<meta name=\"twitter:label2\" content=\"Tempo di lettura stimato\" \/>\n\t<meta name=\"twitter:data2\" content=\"1 minuto\" \/>\n<script type=\"application\/ld+json\" class=\"yoast-schema-graph\">{\"@context\":\"https:\/\/schema.org\",\"@graph\":[{\"@type\":\"Article\",\"@id\":\"https:\/\/progettotouring.it\/radiotouring104\/2025\/12\/11\/comune-di-reggio-milia-attacca-la-maggioranza-sul-ripristino-delle-circoscrizioni\/#article\",\"isPartOf\":{\"@id\":\"https:\/\/progettotouring.it\/radiotouring104\/2025\/12\/11\/comune-di-reggio-milia-attacca-la-maggioranza-sul-ripristino-delle-circoscrizioni\/\"},\"author\":{\"name\":\"redazione\",\"@id\":\"https:\/\/progettotouring.it\/radiotouring104\/#\/schema\/person\/1b3eb3c07c47136bc44c785c543e635f\"},\"headline\":\"Comune di Reggio: Milia attacca la Maggioranza sul ripristino delle Circoscrizioni\",\"datePublished\":\"2025-12-11T09:52:40+00:00\",\"dateModified\":\"2025-12-11T11:56:01+00:00\",\"mainEntityOfPage\":{\"@id\":\"https:\/\/progettotouring.it\/radiotouring104\/2025\/12\/11\/comune-di-reggio-milia-attacca-la-maggioranza-sul-ripristino-delle-circoscrizioni\/\"},\"wordCount\":282,\"publisher\":{\"@id\":\"https:\/\/progettotouring.it\/radiotouring104\/#organization\"},\"image\":{\"@id\":\"https:\/\/progettotouring.it\/radiotouring104\/2025\/12\/11\/comune-di-reggio-milia-attacca-la-maggioranza-sul-ripristino-delle-circoscrizioni\/#primaryimage\"},\"thumbnailUrl\":\"https:\/\/progettotouring.it\/radiotouring104\/wp-content\/uploads\/sites\/6\/2025\/02\/Consigliere-Federico-Milia-FI-RC.jpeg\",\"keywords\":[\"attacco a Maggioranza\",\"Commissione farsa\",\"Comune di Reggio\",\"Federico Milia\",\"ripristino Circoscrizioni a Reggio\"],\"articleSection\":[\"Home\",\"News\",\"Reggio Calabria\"],\"inLanguage\":\"it-IT\"},{\"@type\":\"WebPage\",\"@id\":\"https:\/\/progettotouring.it\/radiotouring104\/2025\/12\/11\/comune-di-reggio-milia-attacca-la-maggioranza-sul-ripristino-delle-circoscrizioni\/\",\"url\":\"https:\/\/progettotouring.it\/radiotouring104\/2025\/12\/11\/comune-di-reggio-milia-attacca-la-maggioranza-sul-ripristino-delle-circoscrizioni\/\",\"name\":\"Comune RC: Milia attacca Maggioranza su ripristino Circoscrizioni\",\"isPartOf\":{\"@id\":\"https:\/\/progettotouring.it\/radiotouring104\/#website\"},\"primaryImageOfPage\":{\"@id\":\"https:\/\/progettotouring.it\/radiotouring104\/2025\/12\/11\/comune-di-reggio-milia-attacca-la-maggioranza-sul-ripristino-delle-circoscrizioni\/#primaryimage\"},\"image\":{\"@id\":\"https:\/\/progettotouring.it\/radiotouring104\/2025\/12\/11\/comune-di-reggio-milia-attacca-la-maggioranza-sul-ripristino-delle-circoscrizioni\/#primaryimage\"},\"thumbnailUrl\":\"https:\/\/progettotouring.it\/radiotouring104\/wp-content\/uploads\/sites\/6\/2025\/02\/Consigliere-Federico-Milia-FI-RC.jpeg\",\"datePublished\":\"2025-12-11T09:52:40+00:00\",\"dateModified\":\"2025-12-11T11:56:01+00:00\",\"description\":\"\u201cCommissione farsa, la Maggioranza blocca ancora le circoscrizioni\u201d, dichiara il Capogruppo di Forza Italia in Consiglio Comunale\",\"breadcrumb\":{\"@id\":\"https:\/\/progettotouring.it\/radiotouring104\/2025\/12\/11\/comune-di-reggio-milia-attacca-la-maggioranza-sul-ripristino-delle-circoscrizioni\/#breadcrumb\"},\"inLanguage\":\"it-IT\",\"potentialAction\":[{\"@type\":\"ReadAction\",\"target\":[\"https:\/\/progettotouring.it\/radiotouring104\/2025\/12\/11\/comune-di-reggio-milia-attacca-la-maggioranza-sul-ripristino-delle-circoscrizioni\/\"]}]},{\"@type\":\"ImageObject\",\"inLanguage\":\"it-IT\",\"@id\":\"https:\/\/progettotouring.it\/radiotouring104\/2025\/12\/11\/comune-di-reggio-milia-attacca-la-maggioranza-sul-ripristino-delle-circoscrizioni\/#primaryimage\",\"url\":\"https:\/\/progettotouring.it\/radiotouring104\/wp-content\/uploads\/sites\/6\/2025\/02\/Consigliere-Federico-Milia-FI-RC.jpeg\",\"contentUrl\":\"https:\/\/progettotouring.it\/radiotouring104\/wp-content\/uploads\/sites\/6\/2025\/02\/Consigliere-Federico-Milia-FI-RC.jpeg\",\"width\":1080,\"height\":967},{\"@type\":\"BreadcrumbList\",\"@id\":\"https:\/\/progettotouring.it\/radiotouring104\/2025\/12\/11\/comune-di-reggio-milia-attacca-la-maggioranza-sul-ripristino-delle-circoscrizioni\/#breadcrumb\",\"itemListElement\":[{\"@type\":\"ListItem\",\"position\":1,\"name\":\"Home\",\"item\":\"https:\/\/progettotouring.it\/radiotouring104\/\"},{\"@type\":\"ListItem\",\"position\":2,\"name\":\"Comune di Reggio: Milia attacca la Maggioranza sul ripristino delle Circoscrizioni\"}]},{\"@type\":\"WebSite\",\"@id\":\"https:\/\/progettotouring.it\/radiotouring104\/#website\",\"url\":\"https:\/\/progettotouring.it\/radiotouring104\/\",\"name\":\"Radio Touring 104\",\"description\":\"La prima radio Reggina\",\"publisher\":{\"@id\":\"https:\/\/progettotouring.it\/radiotouring104\/#organization\"},\"potentialAction\":[{\"@type\":\"SearchAction\",\"target\":{\"@type\":\"EntryPoint\",\"urlTemplate\":\"https:\/\/progettotouring.it\/radiotouring104\/?s={search_term_string}\"},\"query-input\":{\"@type\":\"PropertyValueSpecification\",\"valueRequired\":true,\"valueName\":\"search_term_string\"}}],\"inLanguage\":\"it-IT\"},{\"@type\":\"Organization\",\"@id\":\"https:\/\/progettotouring.it\/radiotouring104\/#organization\",\"name\":\"Radio Touring 104\",\"url\":\"https:\/\/progettotouring.it\/radiotouring104\/\",\"logo\":{\"@type\":\"ImageObject\",\"inLanguage\":\"it-IT\",\"@id\":\"https:\/\/progettotouring.it\/radiotouring104\/#\/schema\/logo\/image\/\",\"url\":\"https:\/\/progettotouring.it\/radiotouring104\/wp-content\/uploads\/sites\/6\/2022\/02\/cropped-logo-radio-touring-104.png\",\"contentUrl\":\"https:\/\/progettotouring.it\/radiotouring104\/wp-content\/uploads\/sites\/6\/2022\/02\/cropped-logo-radio-touring-104.png\",\"width\":377,\"height\":182,\"caption\":\"Radio Touring 104\"},\"image\":{\"@id\":\"https:\/\/progettotouring.it\/radiotouring104\/#\/schema\/logo\/image\/\"}},{\"@type\":\"Person\",\"@id\":\"https:\/\/progettotouring.it\/radiotouring104\/#\/schema\/person\/1b3eb3c07c47136bc44c785c543e635f\",\"name\":\"redazione\",\"image\":{\"@type\":\"ImageObject\",\"inLanguage\":\"it-IT\",\"@id\":\"https:\/\/secure.gravatar.com\/avatar\/0b31605b49f100769e8b624b3e05de1b73e1692e9568a352f60f53fd072e6e11?s=96&d=mm&r=g\",\"url\":\"https:\/\/secure.gravatar.com\/avatar\/0b31605b49f100769e8b624b3e05de1b73e1692e9568a352f60f53fd072e6e11?s=96&d=mm&r=g\",\"contentUrl\":\"https:\/\/secure.gravatar.com\/avatar\/0b31605b49f100769e8b624b3e05de1b73e1692e9568a352f60f53fd072e6e11?s=96&d=mm&r=g\",\"caption\":\"redazione\"},\"url\":\"https:\/\/progettotouring.it\/radiotouring104\/author\/redazione\/\"}]}<\/script>\n<!-- \/ Yoast SEO plugin. -->","yoast_head_json":{"title":"Comune RC: Milia attacca Maggioranza su ripristino Circoscrizioni","description":"\u201cCommissione farsa, la Maggioranza blocca ancora le circoscrizioni\u201d, dichiara il Capogruppo di Forza Italia in Consiglio Comunale","robots":{"index":"index","follow":"follow","max-snippet":"max-snippet:-1","max-image-preview":"max-image-preview:large","max-video-preview":"max-video-preview:-1"},"canonical":"https:\/\/progettotouring.it\/radiotouring104\/2025\/12\/11\/comune-di-reggio-milia-attacca-la-maggioranza-sul-ripristino-delle-circoscrizioni\/","og_locale":"it_IT","og_type":"article","og_title":"Comune RC: Milia attacca Maggioranza su ripristino Circoscrizioni","og_description":"\u201cCommissione farsa, la Maggioranza blocca ancora le circoscrizioni\u201d, dichiara il Capogruppo di Forza Italia in Consiglio Comunale","og_url":"https:\/\/progettotouring.it\/radiotouring104\/2025\/12\/11\/comune-di-reggio-milia-attacca-la-maggioranza-sul-ripristino-delle-circoscrizioni\/","og_site_name":"Radio Touring 104","article_published_time":"2025-12-11T09:52:40+00:00","article_modified_time":"2025-12-11T11:56:01+00:00","og_image":[{"width":1080,"height":967,"url":"https:\/\/progettotouring.it\/radiotouring104\/wp-content\/uploads\/sites\/6\/2025\/02\/Consigliere-Federico-Milia-FI-RC.jpeg","type":"image\/jpeg"}],"author":"redazione","twitter_card":"summary_large_image","twitter_misc":{"Scritto da":"redazione","Tempo di lettura stimato":"1 minuto"},"schema":{"@context":"https:\/\/schema.org","@graph":[{"@type":"Article","@id":"https:\/\/progettotouring.it\/radiotouring104\/2025\/12\/11\/comune-di-reggio-milia-attacca-la-maggioranza-sul-ripristino-delle-circoscrizioni\/#article","isPartOf":{"@id":"https:\/\/progettotouring.it\/radiotouring104\/2025\/12\/11\/comune-di-reggio-milia-attacca-la-maggioranza-sul-ripristino-delle-circoscrizioni\/"},"author":{"name":"redazione","@id":"https:\/\/progettotouring.it\/radiotouring104\/#\/schema\/person\/1b3eb3c07c47136bc44c785c543e635f"},"headline":"Comune di Reggio: Milia attacca la Maggioranza sul ripristino delle Circoscrizioni","datePublished":"2025-12-11T09:52:40+00:00","dateModified":"2025-12-11T11:56:01+00:00","mainEntityOfPage":{"@id":"https:\/\/progettotouring.it\/radiotouring104\/2025\/12\/11\/comune-di-reggio-milia-attacca-la-maggioranza-sul-ripristino-delle-circoscrizioni\/"},"wordCount":282,"publisher":{"@id":"https:\/\/progettotouring.it\/radiotouring104\/#organization"},"image":{"@id":"https:\/\/progettotouring.it\/radiotouring104\/2025\/12\/11\/comune-di-reggio-milia-attacca-la-maggioranza-sul-ripristino-delle-circoscrizioni\/#primaryimage"},"thumbnailUrl":"https:\/\/progettotouring.it\/radiotouring104\/wp-content\/uploads\/sites\/6\/2025\/02\/Consigliere-Federico-Milia-FI-RC.jpeg","keywords":["attacco a Maggioranza","Commissione farsa","Comune di Reggio","Federico Milia","ripristino Circoscrizioni a Reggio"],"articleSection":["Home","News","Reggio Calabria"],"inLanguage":"it-IT"},{"@type":"WebPage","@id":"https:\/\/progettotouring.it\/radiotouring104\/2025\/12\/11\/comune-di-reggio-milia-attacca-la-maggioranza-sul-ripristino-delle-circoscrizioni\/","url":"https:\/\/progettotouring.it\/radiotouring104\/2025\/12\/11\/comune-di-reggio-milia-attacca-la-maggioranza-sul-ripristino-delle-circoscrizioni\/","name":"Comune RC: Milia attacca Maggioranza su ripristino Circoscrizioni","isPartOf":{"@id":"https:\/\/progettotouring.it\/radiotouring104\/#website"},"primaryImageOfPage":{"@id":"https:\/\/progettotouring.it\/radiotouring104\/2025\/12\/11\/comune-di-reggio-milia-attacca-la-maggioranza-sul-ripristino-delle-circoscrizioni\/#primaryimage"},"image":{"@id":"https:\/\/progettotouring.it\/radiotouring104\/2025\/12\/11\/comune-di-reggio-milia-attacca-la-maggioranza-sul-ripristino-delle-circoscrizioni\/#primaryimage"},"thumbnailUrl":"https:\/\/progettotouring.it\/radiotouring104\/wp-content\/uploads\/sites\/6\/2025\/02\/Consigliere-Federico-Milia-FI-RC.jpeg","datePublished":"2025-12-11T09:52:40+00:00","dateModified":"2025-12-11T11:56:01+00:00","description":"\u201cCommissione farsa, la Maggioranza blocca ancora le circoscrizioni\u201d, dichiara il Capogruppo di Forza Italia in Consiglio Comunale","breadcrumb":{"@id":"https:\/\/progettotouring.it\/radiotouring104\/2025\/12\/11\/comune-di-reggio-milia-attacca-la-maggioranza-sul-ripristino-delle-circoscrizioni\/#breadcrumb"},"inLanguage":"it-IT","potentialAction":[{"@type":"ReadAction","target":["https:\/\/progettotouring.it\/radiotouring104\/2025\/12\/11\/comune-di-reggio-milia-attacca-la-maggioranza-sul-ripristino-delle-circoscrizioni\/"]}]},{"@type":"ImageObject","inLanguage":"it-IT","@id":"https:\/\/progettotouring.it\/radiotouring104\/2025\/12\/11\/comune-di-reggio-milia-attacca-la-maggioranza-sul-ripristino-delle-circoscrizioni\/#primaryimage","url":"https:\/\/progettotouring.it\/radiotouring104\/wp-content\/uploads\/sites\/6\/2025\/02\/Consigliere-Federico-Milia-FI-RC.jpeg","contentUrl":"https:\/\/progettotouring.it\/radiotouring104\/wp-content\/uploads\/sites\/6\/2025\/02\/Consigliere-Federico-Milia-FI-RC.jpeg","width":1080,"height":967},{"@type":"BreadcrumbList","@id":"https:\/\/progettotouring.it\/radiotouring104\/2025\/12\/11\/comune-di-reggio-milia-attacca-la-maggioranza-sul-ripristino-delle-circoscrizioni\/#breadcrumb","itemListElement":[{"@type":"ListItem","position":1,"name":"Home","item":"https:\/\/progettotouring.it\/radiotouring104\/"},{"@type":"ListItem","position":2,"name":"Comune di Reggio: Milia attacca la Maggioranza sul ripristino delle Circoscrizioni"}]},{"@type":"WebSite","@id":"https:\/\/progettotouring.it\/radiotouring104\/#website","url":"https:\/\/progettotouring.it\/radiotouring104\/","name":"Radio Touring 104","description":"La prima radio Reggina","publisher":{"@id":"https:\/\/progettotouring.it\/radiotouring104\/#organization"},"potentialAction":[{"@type":"SearchAction","target":{"@type":"EntryPoint","urlTemplate":"https:\/\/progettotouring.it\/radiotouring104\/?s={search_term_string}"},"query-input":{"@type":"PropertyValueSpecification","valueRequired":true,"valueName":"search_term_string"}}],"inLanguage":"it-IT"},{"@type":"Organization","@id":"https:\/\/progettotouring.it\/radiotouring104\/#organization","name":"Radio Touring 104","url":"https:\/\/progettotouring.it\/radiotouring104\/","logo":{"@type":"ImageObject","inLanguage":"it-IT","@id":"https:\/\/progettotouring.it\/radiotouring104\/#\/schema\/logo\/image\/","url":"https:\/\/progettotouring.it\/radiotouring104\/wp-content\/uploads\/sites\/6\/2022\/02\/cropped-logo-radio-touring-104.png","contentUrl":"https:\/\/progettotouring.it\/radiotouring104\/wp-content\/uploads\/sites\/6\/2022\/02\/cropped-logo-radio-touring-104.png","width":377,"height":182,"caption":"Radio Touring 104"},"image":{"@id":"https:\/\/progettotouring.it\/radiotouring104\/#\/schema\/logo\/image\/"}},{"@type":"Person","@id":"https:\/\/progettotouring.it\/radiotouring104\/#\/schema\/person\/1b3eb3c07c47136bc44c785c543e635f","name":"redazione","image":{"@type":"ImageObject","inLanguage":"it-IT","@id":"https:\/\/secure.gravatar.com\/avatar\/0b31605b49f100769e8b624b3e05de1b73e1692e9568a352f60f53fd072e6e11?s=96&d=mm&r=g","url":"https:\/\/secure.gravatar.com\/avatar\/0b31605b49f100769e8b624b3e05de1b73e1692e9568a352f60f53fd072e6e11?s=96&d=mm&r=g","contentUrl":"https:\/\/secure.gravatar.com\/avatar\/0b31605b49f100769e8b624b3e05de1b73e1692e9568a352f60f53fd072e6e11?s=96&d=mm&r=g","caption":"redazione"},"url":"https:\/\/progettotouring.it\/radiotouring104\/author\/redazione\/"}]}},"jetpack_publicize_connections":[],"jetpack_featured_media_url":"https:\/\/progettotouring.it\/radiotouring104\/wp-content\/uploads\/sites\/6\/2025\/02\/Consigliere-Federico-Milia-FI-RC.jpeg","jetpack_sharing_enabled":true,"_links":{"self":[{"href":"https:\/\/progettotouring.it\/radiotouring104\/wp-json\/wp\/v2\/posts\/87240","targetHints":{"allow":["GET"]}}],"collection":[{"href":"https:\/\/progettotouring.it\/radiotouring104\/wp-json\/wp\/v2\/posts"}],"about":[{"href":"https:\/\/progettotouring.it\/radiotouring104\/wp-json\/wp\/v2\/types\/post"}],"author":[{"embeddable":true,"href":"https:\/\/progettotouring.it\/radiotouring104\/wp-json\/wp\/v2\/users\/5"}],"replies":[{"embeddable":true,"href":"https:\/\/progettotouring.it\/radiotouring104\/wp-json\/wp\/v2\/comments?post=87240"}],"version-history":[{"count":1,"href":"https:\/\/progettotouring.it\/radiotouring104\/wp-json\/wp\/v2\/posts\/87240\/revisions"}],"predecessor-version":[{"id":87241,"href":"https:\/\/progettotouring.it\/radiotouring104\/wp-json\/wp\/v2\/posts\/87240\/revisions\/87241"}],"wp:featuredmedia":[{"embeddable":true,"href":"https:\/\/progettotouring.it\/radiotouring104\/wp-json\/wp\/v2\/media\/67187"}],"wp:attachment":[{"href":"https:\/\/progettotouring.it\/radiotouring104\/wp-json\/wp\/v2\/media?parent=87240"}],"wp:term":[{"taxonomy":"category","embeddable":true,"href":"https:\/\/progettotouring.it\/radiotouring104\/wp-json\/wp\/v2\/categories?post=87240"},{"taxonomy":"post_tag","embeddable":true,"href":"https:\/\/progettotouring.it\/radiotouring104\/wp-json\/wp\/v2\/tags?post=87240"}],"curies":[{"name":"wp","href":"https:\/\/api.w.org\/{rel}","templated":true}]}}