{"id":87242,"date":"2025-12-11T11:01:44","date_gmt":"2025-12-11T10:01:44","guid":{"rendered":"https:\/\/progettotouring.it\/radiotouring104\/?p=87242"},"modified":"2025-12-11T11:26:01","modified_gmt":"2025-12-11T10:26:01","slug":"reggio-riscopre-il-made-in-italy-con-levento-benvenuti-in-atelier","status":"publish","type":"post","link":"https:\/\/progettotouring.it\/radiotouring104\/2025\/12\/11\/reggio-riscopre-il-made-in-italy-con-levento-benvenuti-in-atelier\/","title":{"rendered":"Reggio riscopre il Made in Italy con l&#8217;evento \u201cBenvenuti in atelier\u201d"},"content":{"rendered":"<p>Riscoprire il valore del Made in Italy, dell\u2019artigianato, della sartorialit\u00e0. \u00c8 questo il tema dell\u2019iniziativa nazionale, promossa da Cna Federmoda \u201cBenvenuti in atelier\u201d che ha fatto tappa a Reggio Calabria.<\/p>\n<p>Protagonista la designer, imprenditrice e\u00a0<strong>presidente CNA Federmoda Calabria Gios\u00ec Vittoria Barbaro\u00a0<\/strong>il cui progetto ha ricevuto il patrocinio del\u00a0<strong>dipartimento di Architettura e Design dell\u2019Universit\u00e0 Mediterranea e della Camera di Commercio di Reggio Calabria.<\/strong><\/p>\n<p>Due giornate intense quelle della manifestazione calabrese iniziate con la partecipazione della presidente al convegno universitario \u201cL\u2019handmade in Italy per lo sviluppo locale\u201d, in cui \u00e8 stato presentato un importante progetto su design e attivit\u00e0 produttive in cinque regioni del Sud Italia. Successivamente studenti e docenti hanno visitato l\u2019atelier della presidente in un momento di condivisione e di visione per il futuro<\/p>\n<p>\u00abLa nostra identit\u00e0 sta attraversando un momento di crisi che il sistema imprenditoriale italiano dovr\u00e0 necessariamente essere in grado di superare in virt\u00f9 dell\u2019enorme e importantissima sostanza che contraddistingue il nostro Made in Italy\u00bb,\u00a0afferma Barbaro.<\/p>\n<p>\u00abL\u2019artigianato, una delle componenti pi\u00f9 importanti del vero lusso, continua ad assottigliarsi, correndo il rischio di scomparire per sempre.\u00a0 E non \u00e8 solo una perdita economica. \u00c8\u00a0<strong>una perdita culturale<\/strong>\u00a0\u2013 continua la presidente CNA Federmoda Calabria -. Ci\u00f2 che auspichiamo \u00e8 una svolta effettiva, che possa incidere sul territorio, ponendo l\u2019attenzione sul design fatto a mano, riscoprendo le nostre tradizioni, rafforzando il nostro Sud Italia\u00bb.<\/p>\n<p>\u00abAbbiamo la necessit\u00e0 di fare rete fra scuole, universit\u00e0, associazioni di categoria e imprese.<\/p>\n<p>\u00c8 importante incuriosire nuovamente i giovani, renderli motivati e coinvolgerli attivamente in progetti che rispecchino la loro identit\u00e0\u00bb,\u00a0conclude.<\/p>\n<p>Un obiettivo raggiunto visto che il progetto con gli studenti dell\u2019Universit\u00e0 Mediterranea continuer\u00e0 per\u00a0tutta la durata dell\u2019anno, coinvolgendoli a pieno nello sviluppo di prototipi di collezione.<\/p>\n<p>\u201cLa CNA coltiva una nuova immagine di artigianato, completamente rinnovata, che vuole avvicinare i giovani e renderli protagonisti \u2013 afferma il\u00a0<strong>presidente CNA Calabria Giovanni Cugliari<\/strong>\u00a0-. Iniziative come Benvenuti in Atelier, l\u2019apertura delle imprese artigiane al mondo universitario, sono utili a mostrare il cambiamento in atto, nonch\u00e9 il loro valore. La presidente di CNA Federmoda Barbaro rappresenta pienamente la nostra visione\u201d.<\/p>\n","protected":false},"excerpt":{"rendered":"<p>Riscoprire il valore del Made in Italy, dell\u2019artigianato, della sartorialit\u00e0. \u00c8 questo il tema dell\u2019iniziativa nazionale, promossa da Cna Federmoda \u201cBenvenuti in atelier\u201d che ha fatto tappa a Reggio Calabria.&hellip;<\/p>\n","protected":false},"author":12,"featured_media":87255,"comment_status":"closed","ping_status":"open","sticky":false,"template":"","format":"standard","meta":{"_jetpack_memberships_contains_paid_content":false,"footnotes":"","jetpack_publicize_message":"","jetpack_publicize_feature_enabled":true,"jetpack_social_post_already_shared":true,"jetpack_social_options":{"image_generator_settings":{"template":"highway","default_image_id":0,"font":"","enabled":false},"version":2}},"categories":[921,196,140],"tags":[49474,49471,49473,49470,49472],"class_list":["post-87242","post","type-post","status-publish","format-standard","has-post-thumbnail","hentry","category-home","category-news","category-reggio-calabria","tag-camera-di-commercio-di-reggio","tag-cna-federmoda","tag-dipartimento-architettura-delluniversita-mediterranea-di-reggio-calabria","tag-evento-benvenuti-in-atelier","tag-presidente-cna-federmoda-calabria-giosi-vittoria-barbaro"],"yoast_head":"<!-- This site is optimized with the Yoast SEO plugin v27.2 - https:\/\/yoast.com\/product\/yoast-seo-wordpress\/ -->\n<title>Reggio riscopre il Made in Italy con l&#039;evento \u201cBenvenuti in atelier\u201d<\/title>\n<meta name=\"description\" content=\"L\u2019iniziativa nazionale, promossa da Cna Federmoda, ha visto protagonista l&#039;imprenditrice Gios\u00ec Vittoria Barbaro\" \/>\n<meta name=\"robots\" content=\"index, follow, max-snippet:-1, max-image-preview:large, max-video-preview:-1\" \/>\n<link rel=\"canonical\" href=\"https:\/\/progettotouring.it\/radiotouring104\/2025\/12\/11\/reggio-riscopre-il-made-in-italy-con-levento-benvenuti-in-atelier\/\" \/>\n<meta property=\"og:locale\" content=\"it_IT\" \/>\n<meta property=\"og:type\" content=\"article\" \/>\n<meta property=\"og:title\" content=\"Reggio riscopre il Made in Italy con l&#039;evento \u201cBenvenuti in atelier\u201d\" \/>\n<meta property=\"og:description\" content=\"L\u2019iniziativa nazionale, promossa da Cna Federmoda, ha visto protagonista l&#039;imprenditrice Gios\u00ec Vittoria Barbaro\" \/>\n<meta property=\"og:url\" content=\"https:\/\/progettotouring.it\/radiotouring104\/2025\/12\/11\/reggio-riscopre-il-made-in-italy-con-levento-benvenuti-in-atelier\/\" \/>\n<meta property=\"og:site_name\" content=\"Radio Touring 104\" \/>\n<meta property=\"article:published_time\" content=\"2025-12-11T10:01:44+00:00\" \/>\n<meta property=\"article:modified_time\" content=\"2025-12-11T10:26:01+00:00\" \/>\n<meta property=\"og:image\" content=\"https:\/\/progettotouring.it\/radiotouring104\/wp-content\/uploads\/sites\/6\/2025\/12\/Benvenuti-in-atelier-Calabria.gif\" \/>\n\t<meta property=\"og:image:width\" content=\"614\" \/>\n\t<meta property=\"og:image:height\" content=\"406\" \/>\n\t<meta property=\"og:image:type\" content=\"image\/gif\" \/>\n<meta name=\"author\" content=\"Sebastiano Plutino\" \/>\n<meta name=\"twitter:card\" content=\"summary_large_image\" \/>\n<meta name=\"twitter:label1\" content=\"Scritto da\" \/>\n\t<meta name=\"twitter:data1\" content=\"Sebastiano Plutino\" \/>\n\t<meta name=\"twitter:label2\" content=\"Tempo di lettura stimato\" \/>\n\t<meta name=\"twitter:data2\" content=\"2 minuti\" \/>\n<script type=\"application\/ld+json\" class=\"yoast-schema-graph\">{\"@context\":\"https:\/\/schema.org\",\"@graph\":[{\"@type\":\"Article\",\"@id\":\"https:\/\/progettotouring.it\/radiotouring104\/2025\/12\/11\/reggio-riscopre-il-made-in-italy-con-levento-benvenuti-in-atelier\/#article\",\"isPartOf\":{\"@id\":\"https:\/\/progettotouring.it\/radiotouring104\/2025\/12\/11\/reggio-riscopre-il-made-in-italy-con-levento-benvenuti-in-atelier\/\"},\"author\":{\"name\":\"Sebastiano Plutino\",\"@id\":\"https:\/\/progettotouring.it\/radiotouring104\/#\/schema\/person\/78613917f1851f041f7483f5af1d422e\"},\"headline\":\"Reggio riscopre il Made in Italy con l&#8217;evento \u201cBenvenuti in atelier\u201d\",\"datePublished\":\"2025-12-11T10:01:44+00:00\",\"dateModified\":\"2025-12-11T10:26:01+00:00\",\"mainEntityOfPage\":{\"@id\":\"https:\/\/progettotouring.it\/radiotouring104\/2025\/12\/11\/reggio-riscopre-il-made-in-italy-con-levento-benvenuti-in-atelier\/\"},\"wordCount\":365,\"publisher\":{\"@id\":\"https:\/\/progettotouring.it\/radiotouring104\/#organization\"},\"image\":{\"@id\":\"https:\/\/progettotouring.it\/radiotouring104\/2025\/12\/11\/reggio-riscopre-il-made-in-italy-con-levento-benvenuti-in-atelier\/#primaryimage\"},\"thumbnailUrl\":\"https:\/\/progettotouring.it\/radiotouring104\/wp-content\/uploads\/sites\/6\/2025\/12\/Benvenuti-in-atelier-Calabria.gif\",\"keywords\":[\"Camera di Commercio di Reggio\",\"Cna Federmoda\",\"dipartimento Architettura dell\u2019Universit\u00e0 Mediterranea di Reggio Calabria.\",\"evento \u201cBenvenuti in atelier\u201d\",\"Presidente CNA Federmoda Calabria Gios\u00ec Vittoria Barbaro\"],\"articleSection\":[\"Home\",\"News\",\"Reggio Calabria\"],\"inLanguage\":\"it-IT\"},{\"@type\":\"WebPage\",\"@id\":\"https:\/\/progettotouring.it\/radiotouring104\/2025\/12\/11\/reggio-riscopre-il-made-in-italy-con-levento-benvenuti-in-atelier\/\",\"url\":\"https:\/\/progettotouring.it\/radiotouring104\/2025\/12\/11\/reggio-riscopre-il-made-in-italy-con-levento-benvenuti-in-atelier\/\",\"name\":\"Reggio riscopre il Made in Italy con l'evento \u201cBenvenuti in atelier\u201d\",\"isPartOf\":{\"@id\":\"https:\/\/progettotouring.it\/radiotouring104\/#website\"},\"primaryImageOfPage\":{\"@id\":\"https:\/\/progettotouring.it\/radiotouring104\/2025\/12\/11\/reggio-riscopre-il-made-in-italy-con-levento-benvenuti-in-atelier\/#primaryimage\"},\"image\":{\"@id\":\"https:\/\/progettotouring.it\/radiotouring104\/2025\/12\/11\/reggio-riscopre-il-made-in-italy-con-levento-benvenuti-in-atelier\/#primaryimage\"},\"thumbnailUrl\":\"https:\/\/progettotouring.it\/radiotouring104\/wp-content\/uploads\/sites\/6\/2025\/12\/Benvenuti-in-atelier-Calabria.gif\",\"datePublished\":\"2025-12-11T10:01:44+00:00\",\"dateModified\":\"2025-12-11T10:26:01+00:00\",\"description\":\"L\u2019iniziativa nazionale, promossa da Cna Federmoda, ha visto protagonista l'imprenditrice Gios\u00ec Vittoria Barbaro\",\"breadcrumb\":{\"@id\":\"https:\/\/progettotouring.it\/radiotouring104\/2025\/12\/11\/reggio-riscopre-il-made-in-italy-con-levento-benvenuti-in-atelier\/#breadcrumb\"},\"inLanguage\":\"it-IT\",\"potentialAction\":[{\"@type\":\"ReadAction\",\"target\":[\"https:\/\/progettotouring.it\/radiotouring104\/2025\/12\/11\/reggio-riscopre-il-made-in-italy-con-levento-benvenuti-in-atelier\/\"]}]},{\"@type\":\"ImageObject\",\"inLanguage\":\"it-IT\",\"@id\":\"https:\/\/progettotouring.it\/radiotouring104\/2025\/12\/11\/reggio-riscopre-il-made-in-italy-con-levento-benvenuti-in-atelier\/#primaryimage\",\"url\":\"https:\/\/progettotouring.it\/radiotouring104\/wp-content\/uploads\/sites\/6\/2025\/12\/Benvenuti-in-atelier-Calabria.gif\",\"contentUrl\":\"https:\/\/progettotouring.it\/radiotouring104\/wp-content\/uploads\/sites\/6\/2025\/12\/Benvenuti-in-atelier-Calabria.gif\",\"width\":614,\"height\":406},{\"@type\":\"BreadcrumbList\",\"@id\":\"https:\/\/progettotouring.it\/radiotouring104\/2025\/12\/11\/reggio-riscopre-il-made-in-italy-con-levento-benvenuti-in-atelier\/#breadcrumb\",\"itemListElement\":[{\"@type\":\"ListItem\",\"position\":1,\"name\":\"Home\",\"item\":\"https:\/\/progettotouring.it\/radiotouring104\/\"},{\"@type\":\"ListItem\",\"position\":2,\"name\":\"Reggio riscopre il Made in Italy con l&#8217;evento \u201cBenvenuti in atelier\u201d\"}]},{\"@type\":\"WebSite\",\"@id\":\"https:\/\/progettotouring.it\/radiotouring104\/#website\",\"url\":\"https:\/\/progettotouring.it\/radiotouring104\/\",\"name\":\"Radio Touring 104\",\"description\":\"La prima radio Reggina\",\"publisher\":{\"@id\":\"https:\/\/progettotouring.it\/radiotouring104\/#organization\"},\"potentialAction\":[{\"@type\":\"SearchAction\",\"target\":{\"@type\":\"EntryPoint\",\"urlTemplate\":\"https:\/\/progettotouring.it\/radiotouring104\/?s={search_term_string}\"},\"query-input\":{\"@type\":\"PropertyValueSpecification\",\"valueRequired\":true,\"valueName\":\"search_term_string\"}}],\"inLanguage\":\"it-IT\"},{\"@type\":\"Organization\",\"@id\":\"https:\/\/progettotouring.it\/radiotouring104\/#organization\",\"name\":\"Radio Touring 104\",\"url\":\"https:\/\/progettotouring.it\/radiotouring104\/\",\"logo\":{\"@type\":\"ImageObject\",\"inLanguage\":\"it-IT\",\"@id\":\"https:\/\/progettotouring.it\/radiotouring104\/#\/schema\/logo\/image\/\",\"url\":\"https:\/\/progettotouring.it\/radiotouring104\/wp-content\/uploads\/sites\/6\/2022\/02\/cropped-logo-radio-touring-104.png\",\"contentUrl\":\"https:\/\/progettotouring.it\/radiotouring104\/wp-content\/uploads\/sites\/6\/2022\/02\/cropped-logo-radio-touring-104.png\",\"width\":377,\"height\":182,\"caption\":\"Radio Touring 104\"},\"image\":{\"@id\":\"https:\/\/progettotouring.it\/radiotouring104\/#\/schema\/logo\/image\/\"}},{\"@type\":\"Person\",\"@id\":\"https:\/\/progettotouring.it\/radiotouring104\/#\/schema\/person\/78613917f1851f041f7483f5af1d422e\",\"name\":\"Sebastiano Plutino\",\"image\":{\"@type\":\"ImageObject\",\"inLanguage\":\"it-IT\",\"@id\":\"https:\/\/secure.gravatar.com\/avatar\/0546ffaa9b79224faf9f2a156b67a529ae861d3287c66c1d8ccfdf909bcba78d?s=96&d=mm&r=g\",\"url\":\"https:\/\/secure.gravatar.com\/avatar\/0546ffaa9b79224faf9f2a156b67a529ae861d3287c66c1d8ccfdf909bcba78d?s=96&d=mm&r=g\",\"contentUrl\":\"https:\/\/secure.gravatar.com\/avatar\/0546ffaa9b79224faf9f2a156b67a529ae861d3287c66c1d8ccfdf909bcba78d?s=96&d=mm&r=g\",\"caption\":\"Sebastiano Plutino\"},\"url\":\"https:\/\/progettotouring.it\/radiotouring104\/author\/sebastiano\/\"}]}<\/script>\n<!-- \/ Yoast SEO plugin. -->","yoast_head_json":{"title":"Reggio riscopre il Made in Italy con l'evento \u201cBenvenuti in atelier\u201d","description":"L\u2019iniziativa nazionale, promossa da Cna Federmoda, ha visto protagonista l'imprenditrice Gios\u00ec Vittoria Barbaro","robots":{"index":"index","follow":"follow","max-snippet":"max-snippet:-1","max-image-preview":"max-image-preview:large","max-video-preview":"max-video-preview:-1"},"canonical":"https:\/\/progettotouring.it\/radiotouring104\/2025\/12\/11\/reggio-riscopre-il-made-in-italy-con-levento-benvenuti-in-atelier\/","og_locale":"it_IT","og_type":"article","og_title":"Reggio riscopre il Made in Italy con l'evento \u201cBenvenuti in atelier\u201d","og_description":"L\u2019iniziativa nazionale, promossa da Cna Federmoda, ha visto protagonista l'imprenditrice Gios\u00ec Vittoria Barbaro","og_url":"https:\/\/progettotouring.it\/radiotouring104\/2025\/12\/11\/reggio-riscopre-il-made-in-italy-con-levento-benvenuti-in-atelier\/","og_site_name":"Radio Touring 104","article_published_time":"2025-12-11T10:01:44+00:00","article_modified_time":"2025-12-11T10:26:01+00:00","og_image":[{"width":614,"height":406,"url":"https:\/\/progettotouring.it\/radiotouring104\/wp-content\/uploads\/sites\/6\/2025\/12\/Benvenuti-in-atelier-Calabria.gif","type":"image\/gif"}],"author":"Sebastiano Plutino","twitter_card":"summary_large_image","twitter_misc":{"Scritto da":"Sebastiano Plutino","Tempo di lettura stimato":"2 minuti"},"schema":{"@context":"https:\/\/schema.org","@graph":[{"@type":"Article","@id":"https:\/\/progettotouring.it\/radiotouring104\/2025\/12\/11\/reggio-riscopre-il-made-in-italy-con-levento-benvenuti-in-atelier\/#article","isPartOf":{"@id":"https:\/\/progettotouring.it\/radiotouring104\/2025\/12\/11\/reggio-riscopre-il-made-in-italy-con-levento-benvenuti-in-atelier\/"},"author":{"name":"Sebastiano Plutino","@id":"https:\/\/progettotouring.it\/radiotouring104\/#\/schema\/person\/78613917f1851f041f7483f5af1d422e"},"headline":"Reggio riscopre il Made in Italy con l&#8217;evento \u201cBenvenuti in atelier\u201d","datePublished":"2025-12-11T10:01:44+00:00","dateModified":"2025-12-11T10:26:01+00:00","mainEntityOfPage":{"@id":"https:\/\/progettotouring.it\/radiotouring104\/2025\/12\/11\/reggio-riscopre-il-made-in-italy-con-levento-benvenuti-in-atelier\/"},"wordCount":365,"publisher":{"@id":"https:\/\/progettotouring.it\/radiotouring104\/#organization"},"image":{"@id":"https:\/\/progettotouring.it\/radiotouring104\/2025\/12\/11\/reggio-riscopre-il-made-in-italy-con-levento-benvenuti-in-atelier\/#primaryimage"},"thumbnailUrl":"https:\/\/progettotouring.it\/radiotouring104\/wp-content\/uploads\/sites\/6\/2025\/12\/Benvenuti-in-atelier-Calabria.gif","keywords":["Camera di Commercio di Reggio","Cna Federmoda","dipartimento Architettura dell\u2019Universit\u00e0 Mediterranea di Reggio Calabria.","evento \u201cBenvenuti in atelier\u201d","Presidente CNA Federmoda Calabria Gios\u00ec Vittoria Barbaro"],"articleSection":["Home","News","Reggio Calabria"],"inLanguage":"it-IT"},{"@type":"WebPage","@id":"https:\/\/progettotouring.it\/radiotouring104\/2025\/12\/11\/reggio-riscopre-il-made-in-italy-con-levento-benvenuti-in-atelier\/","url":"https:\/\/progettotouring.it\/radiotouring104\/2025\/12\/11\/reggio-riscopre-il-made-in-italy-con-levento-benvenuti-in-atelier\/","name":"Reggio riscopre il Made in Italy con l'evento \u201cBenvenuti in atelier\u201d","isPartOf":{"@id":"https:\/\/progettotouring.it\/radiotouring104\/#website"},"primaryImageOfPage":{"@id":"https:\/\/progettotouring.it\/radiotouring104\/2025\/12\/11\/reggio-riscopre-il-made-in-italy-con-levento-benvenuti-in-atelier\/#primaryimage"},"image":{"@id":"https:\/\/progettotouring.it\/radiotouring104\/2025\/12\/11\/reggio-riscopre-il-made-in-italy-con-levento-benvenuti-in-atelier\/#primaryimage"},"thumbnailUrl":"https:\/\/progettotouring.it\/radiotouring104\/wp-content\/uploads\/sites\/6\/2025\/12\/Benvenuti-in-atelier-Calabria.gif","datePublished":"2025-12-11T10:01:44+00:00","dateModified":"2025-12-11T10:26:01+00:00","description":"L\u2019iniziativa nazionale, promossa da Cna Federmoda, ha visto protagonista l'imprenditrice Gios\u00ec Vittoria Barbaro","breadcrumb":{"@id":"https:\/\/progettotouring.it\/radiotouring104\/2025\/12\/11\/reggio-riscopre-il-made-in-italy-con-levento-benvenuti-in-atelier\/#breadcrumb"},"inLanguage":"it-IT","potentialAction":[{"@type":"ReadAction","target":["https:\/\/progettotouring.it\/radiotouring104\/2025\/12\/11\/reggio-riscopre-il-made-in-italy-con-levento-benvenuti-in-atelier\/"]}]},{"@type":"ImageObject","inLanguage":"it-IT","@id":"https:\/\/progettotouring.it\/radiotouring104\/2025\/12\/11\/reggio-riscopre-il-made-in-italy-con-levento-benvenuti-in-atelier\/#primaryimage","url":"https:\/\/progettotouring.it\/radiotouring104\/wp-content\/uploads\/sites\/6\/2025\/12\/Benvenuti-in-atelier-Calabria.gif","contentUrl":"https:\/\/progettotouring.it\/radiotouring104\/wp-content\/uploads\/sites\/6\/2025\/12\/Benvenuti-in-atelier-Calabria.gif","width":614,"height":406},{"@type":"BreadcrumbList","@id":"https:\/\/progettotouring.it\/radiotouring104\/2025\/12\/11\/reggio-riscopre-il-made-in-italy-con-levento-benvenuti-in-atelier\/#breadcrumb","itemListElement":[{"@type":"ListItem","position":1,"name":"Home","item":"https:\/\/progettotouring.it\/radiotouring104\/"},{"@type":"ListItem","position":2,"name":"Reggio riscopre il Made in Italy con l&#8217;evento \u201cBenvenuti in atelier\u201d"}]},{"@type":"WebSite","@id":"https:\/\/progettotouring.it\/radiotouring104\/#website","url":"https:\/\/progettotouring.it\/radiotouring104\/","name":"Radio Touring 104","description":"La prima radio Reggina","publisher":{"@id":"https:\/\/progettotouring.it\/radiotouring104\/#organization"},"potentialAction":[{"@type":"SearchAction","target":{"@type":"EntryPoint","urlTemplate":"https:\/\/progettotouring.it\/radiotouring104\/?s={search_term_string}"},"query-input":{"@type":"PropertyValueSpecification","valueRequired":true,"valueName":"search_term_string"}}],"inLanguage":"it-IT"},{"@type":"Organization","@id":"https:\/\/progettotouring.it\/radiotouring104\/#organization","name":"Radio Touring 104","url":"https:\/\/progettotouring.it\/radiotouring104\/","logo":{"@type":"ImageObject","inLanguage":"it-IT","@id":"https:\/\/progettotouring.it\/radiotouring104\/#\/schema\/logo\/image\/","url":"https:\/\/progettotouring.it\/radiotouring104\/wp-content\/uploads\/sites\/6\/2022\/02\/cropped-logo-radio-touring-104.png","contentUrl":"https:\/\/progettotouring.it\/radiotouring104\/wp-content\/uploads\/sites\/6\/2022\/02\/cropped-logo-radio-touring-104.png","width":377,"height":182,"caption":"Radio Touring 104"},"image":{"@id":"https:\/\/progettotouring.it\/radiotouring104\/#\/schema\/logo\/image\/"}},{"@type":"Person","@id":"https:\/\/progettotouring.it\/radiotouring104\/#\/schema\/person\/78613917f1851f041f7483f5af1d422e","name":"Sebastiano Plutino","image":{"@type":"ImageObject","inLanguage":"it-IT","@id":"https:\/\/secure.gravatar.com\/avatar\/0546ffaa9b79224faf9f2a156b67a529ae861d3287c66c1d8ccfdf909bcba78d?s=96&d=mm&r=g","url":"https:\/\/secure.gravatar.com\/avatar\/0546ffaa9b79224faf9f2a156b67a529ae861d3287c66c1d8ccfdf909bcba78d?s=96&d=mm&r=g","contentUrl":"https:\/\/secure.gravatar.com\/avatar\/0546ffaa9b79224faf9f2a156b67a529ae861d3287c66c1d8ccfdf909bcba78d?s=96&d=mm&r=g","caption":"Sebastiano Plutino"},"url":"https:\/\/progettotouring.it\/radiotouring104\/author\/sebastiano\/"}]}},"jetpack_publicize_connections":[],"jetpack_featured_media_url":"https:\/\/progettotouring.it\/radiotouring104\/wp-content\/uploads\/sites\/6\/2025\/12\/Benvenuti-in-atelier-Calabria.gif","jetpack_sharing_enabled":true,"_links":{"self":[{"href":"https:\/\/progettotouring.it\/radiotouring104\/wp-json\/wp\/v2\/posts\/87242","targetHints":{"allow":["GET"]}}],"collection":[{"href":"https:\/\/progettotouring.it\/radiotouring104\/wp-json\/wp\/v2\/posts"}],"about":[{"href":"https:\/\/progettotouring.it\/radiotouring104\/wp-json\/wp\/v2\/types\/post"}],"author":[{"embeddable":true,"href":"https:\/\/progettotouring.it\/radiotouring104\/wp-json\/wp\/v2\/users\/12"}],"replies":[{"embeddable":true,"href":"https:\/\/progettotouring.it\/radiotouring104\/wp-json\/wp\/v2\/comments?post=87242"}],"version-history":[{"count":1,"href":"https:\/\/progettotouring.it\/radiotouring104\/wp-json\/wp\/v2\/posts\/87242\/revisions"}],"predecessor-version":[{"id":87243,"href":"https:\/\/progettotouring.it\/radiotouring104\/wp-json\/wp\/v2\/posts\/87242\/revisions\/87243"}],"wp:featuredmedia":[{"embeddable":true,"href":"https:\/\/progettotouring.it\/radiotouring104\/wp-json\/wp\/v2\/media\/87255"}],"wp:attachment":[{"href":"https:\/\/progettotouring.it\/radiotouring104\/wp-json\/wp\/v2\/media?parent=87242"}],"wp:term":[{"taxonomy":"category","embeddable":true,"href":"https:\/\/progettotouring.it\/radiotouring104\/wp-json\/wp\/v2\/categories?post=87242"},{"taxonomy":"post_tag","embeddable":true,"href":"https:\/\/progettotouring.it\/radiotouring104\/wp-json\/wp\/v2\/tags?post=87242"}],"curies":[{"name":"wp","href":"https:\/\/api.w.org\/{rel}","templated":true}]}}