{"id":87257,"date":"2025-12-11T11:39:14","date_gmt":"2025-12-11T10:39:14","guid":{"rendered":"https:\/\/progettotouring.it\/radiotouring104\/?p=87257"},"modified":"2025-12-11T12:55:40","modified_gmt":"2025-12-11T11:55:40","slug":"libera-calabria-condanna-le-intimidazioni-a-lamezia-terme","status":"publish","type":"post","link":"https:\/\/progettotouring.it\/radiotouring104\/2025\/12\/11\/libera-calabria-condanna-le-intimidazioni-a-lamezia-terme\/","title":{"rendered":"Libera Calabria condanna le intimidazioni a Lamezia Terme"},"content":{"rendered":"<p>&#8220;Ieri Reggio Calabria ora Lamezia Terme, continua l\u2019azione criminale da parte di chi, senza scrupoli, ha deciso di continuare a vivere sulle spalle degli altri, colpendo quelle attivit\u00e0 commerciali e imprenditoriali che, nonostante le tante difficolt\u00e0, provano a creare sviluppo nei nostri territori.<\/p>\n<p>Colpire quelle realt\u00e0 economiche significa colpire un\u2019intera comunit\u00e0, colpire la possibilit\u00e0 stessa di garantire occupazione e futuro nella nostra terra.<\/p>\n<p>Un\u2019escalation criminale senza sosta, quella che si sta verificando a Lamezia Terme, ben sei atti intimidatori negli ultimi tempi rivolti ad attivit\u00e0 commerciali e imprenditoriali, alcune delle quali, gi\u00e0 in passato, hanno dovuto fare i conti con la morsa del racket.&#8221;, commenta, in un comunicato stampa,<\/p>\n<p>Un inasprimento dell\u2019azione criminale per marcare il territorio, per dire noi ci siamo, siamo tornati. Ma Lamezia Terme non pu\u00f2 e non vuole tornare indietro, in quegli anni bui fortemente condizionati dalla ferocia criminale, alla quale lo Stato, e non solo, ha dato risposte esemplari. Una risposta forte non solo da parte dello Stato, appunto, perch\u00e9, in questi anni Lamezia Terme \u00e8 divenuto un laboratorio concreto di antimafia sociale e civile, esperienze di riscatto che sono diventate un modello a livello nazionale. Come la Comunit\u00e0 Progetto Sud che riutilizza i beni confiscati alla \u2018ndrangheta a scopi sociali per le persone fragili. Sempre nella necessit\u00e0 di promuovere la cultura dell\u2019antimafia, nasce a Lamezia \u201cTrame festival\u201d, il pi\u00f9 importante festival letterario contro le mafie.<\/p>\n<p>Nel 2006, Lamezia Terme \u00e8 stato teatro di una delle pi\u00f9 importanti rivolte, nella nostra regione, contro la \u2018ndrangheta: una serrata contro il pizzo da parte della quasi totalit\u00e0 dei commercianti accompagnata da un grande corteo nei luoghi colpiti dalle intimidazioni. Un\u2019azione fortemente sostenuta dall\u2019Associazione Antiracket lametina, presente in citt\u00e0 con uno sportello antiracket e usura. Imprenditori coraggiosi, come Rocco Mangiardi: perch\u00e9 la storia di Lamezia Terme \u00e8 anche una storia importante di denuncia. Di chi non hanno abbassato la testa, ma ha messo da parte paura, sfiducia e diffidenza e attraverso la forza dirompente della denuncia ha dato il proprio contributo nel difficile percorso della rinascita e del riscatto della citt\u00e0. Perch\u00e9 la denuncia ha un effetto salvifico non solo per s\u00e9 stessi ma per un\u2019intera comunit\u00e0. Storie che indicano la strada: quella della forza e del coraggio della denuncia. Un coraggio che pu\u00f2 diventare forza travolgente se non rimane isolato ma riesce a coinvolgere i tanti imprenditori e commercianti che ancora vivono una situazione di sudditanza e libert\u00e0 negata. Storie che non devono essere delle eccezioni ma devono rappresentare la normalit\u00e0, un dovere per ogni cittadino responsabile.<\/p>\n<p>Una citt\u00e0 ferita che ha dimostrato di avere i giusti anticorpi, ancora una volta, con l\u2019orgoglio che la contraddistingue, per rispondere tutte e tutti insieme alla violenza criminale, nella certezza che, anche in questo casp, le forze dell\u2019ordine e gli inquirenti daranno le giuste risposte per garantire la massima tranquillit\u00e0 e serenit\u00e0 nell\u2019esercitare il diritto di fare impresa senza subire i condizionamenti della criminalit\u00e0 organizzata<\/p>\n","protected":false},"excerpt":{"rendered":"<p>&#8220;Ieri Reggio Calabria ora Lamezia Terme, continua l\u2019azione criminale da parte di chi, senza scrupoli, ha deciso di continuare a vivere sulle spalle degli altri, colpendo quelle attivit\u00e0 commerciali e&hellip;<\/p>\n","protected":false},"author":5,"featured_media":15804,"comment_status":"closed","ping_status":"open","sticky":false,"template":"","format":"standard","meta":{"_jetpack_memberships_contains_paid_content":false,"footnotes":"","jetpack_publicize_message":"","jetpack_publicize_feature_enabled":true,"jetpack_social_post_already_shared":true,"jetpack_social_options":{"image_generator_settings":{"template":"highway","default_image_id":0,"font":"","enabled":false},"version":2}},"categories":[142,921,196],"tags":[49483,8677,49482,49484],"class_list":["post-87257","post","type-post","status-publish","format-standard","has-post-thumbnail","hentry","category-calabria","category-home","category-news","tag-azione-criminale-di-chi-vuole-vivere-sulle-spalle-degli-altri","tag-condanna","tag-coordinamento-regionale-di-libera-calabria","tag-intimidazioni-a-lamezia-terme"],"yoast_head":"<!-- This site is optimized with the Yoast SEO plugin v27.2 - https:\/\/yoast.com\/product\/yoast-seo-wordpress\/ -->\n<title>Libera Calabria condanna le intimidazioni a Lamezia Terme<\/title>\n<meta name=\"description\" content=\"\u00abAzione criminale di chi vuole vivere sulle spalle degli altri\u00bb, commenta il Coordinamento regionale di Libera\" \/>\n<meta name=\"robots\" content=\"index, follow, max-snippet:-1, max-image-preview:large, max-video-preview:-1\" \/>\n<link rel=\"canonical\" href=\"https:\/\/progettotouring.it\/radiotouring104\/2025\/12\/11\/libera-calabria-condanna-le-intimidazioni-a-lamezia-terme\/\" \/>\n<meta property=\"og:locale\" content=\"it_IT\" \/>\n<meta property=\"og:type\" content=\"article\" \/>\n<meta property=\"og:title\" content=\"Libera Calabria condanna le intimidazioni a Lamezia Terme\" \/>\n<meta property=\"og:description\" content=\"\u00abAzione criminale di chi vuole vivere sulle spalle degli altri\u00bb, commenta il Coordinamento regionale di Libera\" \/>\n<meta property=\"og:url\" content=\"https:\/\/progettotouring.it\/radiotouring104\/2025\/12\/11\/libera-calabria-condanna-le-intimidazioni-a-lamezia-terme\/\" \/>\n<meta property=\"og:site_name\" content=\"Radio Touring 104\" \/>\n<meta property=\"article:published_time\" content=\"2025-12-11T10:39:14+00:00\" \/>\n<meta property=\"article:modified_time\" content=\"2025-12-11T11:55:40+00:00\" \/>\n<meta property=\"og:image\" content=\"https:\/\/progettotouring.it\/radiotouring104\/wp-content\/uploads\/sites\/6\/2022\/12\/Libera.jpg\" \/>\n\t<meta property=\"og:image:width\" content=\"1200\" \/>\n\t<meta property=\"og:image:height\" content=\"1200\" \/>\n\t<meta property=\"og:image:type\" content=\"image\/jpeg\" \/>\n<meta name=\"author\" content=\"redazione\" \/>\n<meta name=\"twitter:card\" content=\"summary_large_image\" \/>\n<meta name=\"twitter:label1\" content=\"Scritto da\" \/>\n\t<meta name=\"twitter:data1\" content=\"redazione\" \/>\n\t<meta name=\"twitter:label2\" content=\"Tempo di lettura stimato\" \/>\n\t<meta name=\"twitter:data2\" content=\"2 minuti\" \/>\n<script type=\"application\/ld+json\" class=\"yoast-schema-graph\">{\"@context\":\"https:\/\/schema.org\",\"@graph\":[{\"@type\":\"Article\",\"@id\":\"https:\/\/progettotouring.it\/radiotouring104\/2025\/12\/11\/libera-calabria-condanna-le-intimidazioni-a-lamezia-terme\/#article\",\"isPartOf\":{\"@id\":\"https:\/\/progettotouring.it\/radiotouring104\/2025\/12\/11\/libera-calabria-condanna-le-intimidazioni-a-lamezia-terme\/\"},\"author\":{\"name\":\"redazione\",\"@id\":\"https:\/\/progettotouring.it\/radiotouring104\/#\/schema\/person\/1b3eb3c07c47136bc44c785c543e635f\"},\"headline\":\"Libera Calabria condanna le intimidazioni a Lamezia Terme\",\"datePublished\":\"2025-12-11T10:39:14+00:00\",\"dateModified\":\"2025-12-11T11:55:40+00:00\",\"mainEntityOfPage\":{\"@id\":\"https:\/\/progettotouring.it\/radiotouring104\/2025\/12\/11\/libera-calabria-condanna-le-intimidazioni-a-lamezia-terme\/\"},\"wordCount\":500,\"publisher\":{\"@id\":\"https:\/\/progettotouring.it\/radiotouring104\/#organization\"},\"image\":{\"@id\":\"https:\/\/progettotouring.it\/radiotouring104\/2025\/12\/11\/libera-calabria-condanna-le-intimidazioni-a-lamezia-terme\/#primaryimage\"},\"thumbnailUrl\":\"https:\/\/progettotouring.it\/radiotouring104\/wp-content\/uploads\/sites\/6\/2022\/12\/Libera.jpg\",\"keywords\":[\"Azione criminale di chi vuole vivere sulle spalle degli altri\",\"condanna\",\"Coordinamento regionale di Libera Calabria\",\"intimidazioni a Lamezia Terme\"],\"articleSection\":[\"Calabria\",\"Home\",\"News\"],\"inLanguage\":\"it-IT\"},{\"@type\":\"WebPage\",\"@id\":\"https:\/\/progettotouring.it\/radiotouring104\/2025\/12\/11\/libera-calabria-condanna-le-intimidazioni-a-lamezia-terme\/\",\"url\":\"https:\/\/progettotouring.it\/radiotouring104\/2025\/12\/11\/libera-calabria-condanna-le-intimidazioni-a-lamezia-terme\/\",\"name\":\"Libera Calabria condanna le intimidazioni a Lamezia Terme\",\"isPartOf\":{\"@id\":\"https:\/\/progettotouring.it\/radiotouring104\/#website\"},\"primaryImageOfPage\":{\"@id\":\"https:\/\/progettotouring.it\/radiotouring104\/2025\/12\/11\/libera-calabria-condanna-le-intimidazioni-a-lamezia-terme\/#primaryimage\"},\"image\":{\"@id\":\"https:\/\/progettotouring.it\/radiotouring104\/2025\/12\/11\/libera-calabria-condanna-le-intimidazioni-a-lamezia-terme\/#primaryimage\"},\"thumbnailUrl\":\"https:\/\/progettotouring.it\/radiotouring104\/wp-content\/uploads\/sites\/6\/2022\/12\/Libera.jpg\",\"datePublished\":\"2025-12-11T10:39:14+00:00\",\"dateModified\":\"2025-12-11T11:55:40+00:00\",\"description\":\"\u00abAzione criminale di chi vuole vivere sulle spalle degli altri\u00bb, commenta il Coordinamento regionale di Libera\",\"breadcrumb\":{\"@id\":\"https:\/\/progettotouring.it\/radiotouring104\/2025\/12\/11\/libera-calabria-condanna-le-intimidazioni-a-lamezia-terme\/#breadcrumb\"},\"inLanguage\":\"it-IT\",\"potentialAction\":[{\"@type\":\"ReadAction\",\"target\":[\"https:\/\/progettotouring.it\/radiotouring104\/2025\/12\/11\/libera-calabria-condanna-le-intimidazioni-a-lamezia-terme\/\"]}]},{\"@type\":\"ImageObject\",\"inLanguage\":\"it-IT\",\"@id\":\"https:\/\/progettotouring.it\/radiotouring104\/2025\/12\/11\/libera-calabria-condanna-le-intimidazioni-a-lamezia-terme\/#primaryimage\",\"url\":\"https:\/\/progettotouring.it\/radiotouring104\/wp-content\/uploads\/sites\/6\/2022\/12\/Libera.jpg\",\"contentUrl\":\"https:\/\/progettotouring.it\/radiotouring104\/wp-content\/uploads\/sites\/6\/2022\/12\/Libera.jpg\",\"width\":1200,\"height\":1200},{\"@type\":\"BreadcrumbList\",\"@id\":\"https:\/\/progettotouring.it\/radiotouring104\/2025\/12\/11\/libera-calabria-condanna-le-intimidazioni-a-lamezia-terme\/#breadcrumb\",\"itemListElement\":[{\"@type\":\"ListItem\",\"position\":1,\"name\":\"Home\",\"item\":\"https:\/\/progettotouring.it\/radiotouring104\/\"},{\"@type\":\"ListItem\",\"position\":2,\"name\":\"Libera Calabria condanna le intimidazioni a Lamezia Terme\"}]},{\"@type\":\"WebSite\",\"@id\":\"https:\/\/progettotouring.it\/radiotouring104\/#website\",\"url\":\"https:\/\/progettotouring.it\/radiotouring104\/\",\"name\":\"Radio Touring 104\",\"description\":\"La prima radio Reggina\",\"publisher\":{\"@id\":\"https:\/\/progettotouring.it\/radiotouring104\/#organization\"},\"potentialAction\":[{\"@type\":\"SearchAction\",\"target\":{\"@type\":\"EntryPoint\",\"urlTemplate\":\"https:\/\/progettotouring.it\/radiotouring104\/?s={search_term_string}\"},\"query-input\":{\"@type\":\"PropertyValueSpecification\",\"valueRequired\":true,\"valueName\":\"search_term_string\"}}],\"inLanguage\":\"it-IT\"},{\"@type\":\"Organization\",\"@id\":\"https:\/\/progettotouring.it\/radiotouring104\/#organization\",\"name\":\"Radio Touring 104\",\"url\":\"https:\/\/progettotouring.it\/radiotouring104\/\",\"logo\":{\"@type\":\"ImageObject\",\"inLanguage\":\"it-IT\",\"@id\":\"https:\/\/progettotouring.it\/radiotouring104\/#\/schema\/logo\/image\/\",\"url\":\"https:\/\/progettotouring.it\/radiotouring104\/wp-content\/uploads\/sites\/6\/2022\/02\/cropped-logo-radio-touring-104.png\",\"contentUrl\":\"https:\/\/progettotouring.it\/radiotouring104\/wp-content\/uploads\/sites\/6\/2022\/02\/cropped-logo-radio-touring-104.png\",\"width\":377,\"height\":182,\"caption\":\"Radio Touring 104\"},\"image\":{\"@id\":\"https:\/\/progettotouring.it\/radiotouring104\/#\/schema\/logo\/image\/\"}},{\"@type\":\"Person\",\"@id\":\"https:\/\/progettotouring.it\/radiotouring104\/#\/schema\/person\/1b3eb3c07c47136bc44c785c543e635f\",\"name\":\"redazione\",\"image\":{\"@type\":\"ImageObject\",\"inLanguage\":\"it-IT\",\"@id\":\"https:\/\/secure.gravatar.com\/avatar\/0b31605b49f100769e8b624b3e05de1b73e1692e9568a352f60f53fd072e6e11?s=96&d=mm&r=g\",\"url\":\"https:\/\/secure.gravatar.com\/avatar\/0b31605b49f100769e8b624b3e05de1b73e1692e9568a352f60f53fd072e6e11?s=96&d=mm&r=g\",\"contentUrl\":\"https:\/\/secure.gravatar.com\/avatar\/0b31605b49f100769e8b624b3e05de1b73e1692e9568a352f60f53fd072e6e11?s=96&d=mm&r=g\",\"caption\":\"redazione\"},\"url\":\"https:\/\/progettotouring.it\/radiotouring104\/author\/redazione\/\"}]}<\/script>\n<!-- \/ Yoast SEO plugin. -->","yoast_head_json":{"title":"Libera Calabria condanna le intimidazioni a Lamezia Terme","description":"\u00abAzione criminale di chi vuole vivere sulle spalle degli altri\u00bb, commenta il Coordinamento regionale di Libera","robots":{"index":"index","follow":"follow","max-snippet":"max-snippet:-1","max-image-preview":"max-image-preview:large","max-video-preview":"max-video-preview:-1"},"canonical":"https:\/\/progettotouring.it\/radiotouring104\/2025\/12\/11\/libera-calabria-condanna-le-intimidazioni-a-lamezia-terme\/","og_locale":"it_IT","og_type":"article","og_title":"Libera Calabria condanna le intimidazioni a Lamezia Terme","og_description":"\u00abAzione criminale di chi vuole vivere sulle spalle degli altri\u00bb, commenta il Coordinamento regionale di Libera","og_url":"https:\/\/progettotouring.it\/radiotouring104\/2025\/12\/11\/libera-calabria-condanna-le-intimidazioni-a-lamezia-terme\/","og_site_name":"Radio Touring 104","article_published_time":"2025-12-11T10:39:14+00:00","article_modified_time":"2025-12-11T11:55:40+00:00","og_image":[{"width":1200,"height":1200,"url":"https:\/\/progettotouring.it\/radiotouring104\/wp-content\/uploads\/sites\/6\/2022\/12\/Libera.jpg","type":"image\/jpeg"}],"author":"redazione","twitter_card":"summary_large_image","twitter_misc":{"Scritto da":"redazione","Tempo di lettura stimato":"2 minuti"},"schema":{"@context":"https:\/\/schema.org","@graph":[{"@type":"Article","@id":"https:\/\/progettotouring.it\/radiotouring104\/2025\/12\/11\/libera-calabria-condanna-le-intimidazioni-a-lamezia-terme\/#article","isPartOf":{"@id":"https:\/\/progettotouring.it\/radiotouring104\/2025\/12\/11\/libera-calabria-condanna-le-intimidazioni-a-lamezia-terme\/"},"author":{"name":"redazione","@id":"https:\/\/progettotouring.it\/radiotouring104\/#\/schema\/person\/1b3eb3c07c47136bc44c785c543e635f"},"headline":"Libera Calabria condanna le intimidazioni a Lamezia Terme","datePublished":"2025-12-11T10:39:14+00:00","dateModified":"2025-12-11T11:55:40+00:00","mainEntityOfPage":{"@id":"https:\/\/progettotouring.it\/radiotouring104\/2025\/12\/11\/libera-calabria-condanna-le-intimidazioni-a-lamezia-terme\/"},"wordCount":500,"publisher":{"@id":"https:\/\/progettotouring.it\/radiotouring104\/#organization"},"image":{"@id":"https:\/\/progettotouring.it\/radiotouring104\/2025\/12\/11\/libera-calabria-condanna-le-intimidazioni-a-lamezia-terme\/#primaryimage"},"thumbnailUrl":"https:\/\/progettotouring.it\/radiotouring104\/wp-content\/uploads\/sites\/6\/2022\/12\/Libera.jpg","keywords":["Azione criminale di chi vuole vivere sulle spalle degli altri","condanna","Coordinamento regionale di Libera Calabria","intimidazioni a Lamezia Terme"],"articleSection":["Calabria","Home","News"],"inLanguage":"it-IT"},{"@type":"WebPage","@id":"https:\/\/progettotouring.it\/radiotouring104\/2025\/12\/11\/libera-calabria-condanna-le-intimidazioni-a-lamezia-terme\/","url":"https:\/\/progettotouring.it\/radiotouring104\/2025\/12\/11\/libera-calabria-condanna-le-intimidazioni-a-lamezia-terme\/","name":"Libera Calabria condanna le intimidazioni a Lamezia Terme","isPartOf":{"@id":"https:\/\/progettotouring.it\/radiotouring104\/#website"},"primaryImageOfPage":{"@id":"https:\/\/progettotouring.it\/radiotouring104\/2025\/12\/11\/libera-calabria-condanna-le-intimidazioni-a-lamezia-terme\/#primaryimage"},"image":{"@id":"https:\/\/progettotouring.it\/radiotouring104\/2025\/12\/11\/libera-calabria-condanna-le-intimidazioni-a-lamezia-terme\/#primaryimage"},"thumbnailUrl":"https:\/\/progettotouring.it\/radiotouring104\/wp-content\/uploads\/sites\/6\/2022\/12\/Libera.jpg","datePublished":"2025-12-11T10:39:14+00:00","dateModified":"2025-12-11T11:55:40+00:00","description":"\u00abAzione criminale di chi vuole vivere sulle spalle degli altri\u00bb, commenta il Coordinamento regionale di Libera","breadcrumb":{"@id":"https:\/\/progettotouring.it\/radiotouring104\/2025\/12\/11\/libera-calabria-condanna-le-intimidazioni-a-lamezia-terme\/#breadcrumb"},"inLanguage":"it-IT","potentialAction":[{"@type":"ReadAction","target":["https:\/\/progettotouring.it\/radiotouring104\/2025\/12\/11\/libera-calabria-condanna-le-intimidazioni-a-lamezia-terme\/"]}]},{"@type":"ImageObject","inLanguage":"it-IT","@id":"https:\/\/progettotouring.it\/radiotouring104\/2025\/12\/11\/libera-calabria-condanna-le-intimidazioni-a-lamezia-terme\/#primaryimage","url":"https:\/\/progettotouring.it\/radiotouring104\/wp-content\/uploads\/sites\/6\/2022\/12\/Libera.jpg","contentUrl":"https:\/\/progettotouring.it\/radiotouring104\/wp-content\/uploads\/sites\/6\/2022\/12\/Libera.jpg","width":1200,"height":1200},{"@type":"BreadcrumbList","@id":"https:\/\/progettotouring.it\/radiotouring104\/2025\/12\/11\/libera-calabria-condanna-le-intimidazioni-a-lamezia-terme\/#breadcrumb","itemListElement":[{"@type":"ListItem","position":1,"name":"Home","item":"https:\/\/progettotouring.it\/radiotouring104\/"},{"@type":"ListItem","position":2,"name":"Libera Calabria condanna le intimidazioni a Lamezia Terme"}]},{"@type":"WebSite","@id":"https:\/\/progettotouring.it\/radiotouring104\/#website","url":"https:\/\/progettotouring.it\/radiotouring104\/","name":"Radio Touring 104","description":"La prima radio Reggina","publisher":{"@id":"https:\/\/progettotouring.it\/radiotouring104\/#organization"},"potentialAction":[{"@type":"SearchAction","target":{"@type":"EntryPoint","urlTemplate":"https:\/\/progettotouring.it\/radiotouring104\/?s={search_term_string}"},"query-input":{"@type":"PropertyValueSpecification","valueRequired":true,"valueName":"search_term_string"}}],"inLanguage":"it-IT"},{"@type":"Organization","@id":"https:\/\/progettotouring.it\/radiotouring104\/#organization","name":"Radio Touring 104","url":"https:\/\/progettotouring.it\/radiotouring104\/","logo":{"@type":"ImageObject","inLanguage":"it-IT","@id":"https:\/\/progettotouring.it\/radiotouring104\/#\/schema\/logo\/image\/","url":"https:\/\/progettotouring.it\/radiotouring104\/wp-content\/uploads\/sites\/6\/2022\/02\/cropped-logo-radio-touring-104.png","contentUrl":"https:\/\/progettotouring.it\/radiotouring104\/wp-content\/uploads\/sites\/6\/2022\/02\/cropped-logo-radio-touring-104.png","width":377,"height":182,"caption":"Radio Touring 104"},"image":{"@id":"https:\/\/progettotouring.it\/radiotouring104\/#\/schema\/logo\/image\/"}},{"@type":"Person","@id":"https:\/\/progettotouring.it\/radiotouring104\/#\/schema\/person\/1b3eb3c07c47136bc44c785c543e635f","name":"redazione","image":{"@type":"ImageObject","inLanguage":"it-IT","@id":"https:\/\/secure.gravatar.com\/avatar\/0b31605b49f100769e8b624b3e05de1b73e1692e9568a352f60f53fd072e6e11?s=96&d=mm&r=g","url":"https:\/\/secure.gravatar.com\/avatar\/0b31605b49f100769e8b624b3e05de1b73e1692e9568a352f60f53fd072e6e11?s=96&d=mm&r=g","contentUrl":"https:\/\/secure.gravatar.com\/avatar\/0b31605b49f100769e8b624b3e05de1b73e1692e9568a352f60f53fd072e6e11?s=96&d=mm&r=g","caption":"redazione"},"url":"https:\/\/progettotouring.it\/radiotouring104\/author\/redazione\/"}]}},"jetpack_publicize_connections":[],"jetpack_featured_media_url":"https:\/\/progettotouring.it\/radiotouring104\/wp-content\/uploads\/sites\/6\/2022\/12\/Libera.jpg","jetpack_sharing_enabled":true,"_links":{"self":[{"href":"https:\/\/progettotouring.it\/radiotouring104\/wp-json\/wp\/v2\/posts\/87257","targetHints":{"allow":["GET"]}}],"collection":[{"href":"https:\/\/progettotouring.it\/radiotouring104\/wp-json\/wp\/v2\/posts"}],"about":[{"href":"https:\/\/progettotouring.it\/radiotouring104\/wp-json\/wp\/v2\/types\/post"}],"author":[{"embeddable":true,"href":"https:\/\/progettotouring.it\/radiotouring104\/wp-json\/wp\/v2\/users\/5"}],"replies":[{"embeddable":true,"href":"https:\/\/progettotouring.it\/radiotouring104\/wp-json\/wp\/v2\/comments?post=87257"}],"version-history":[{"count":1,"href":"https:\/\/progettotouring.it\/radiotouring104\/wp-json\/wp\/v2\/posts\/87257\/revisions"}],"predecessor-version":[{"id":87258,"href":"https:\/\/progettotouring.it\/radiotouring104\/wp-json\/wp\/v2\/posts\/87257\/revisions\/87258"}],"wp:featuredmedia":[{"embeddable":true,"href":"https:\/\/progettotouring.it\/radiotouring104\/wp-json\/wp\/v2\/media\/15804"}],"wp:attachment":[{"href":"https:\/\/progettotouring.it\/radiotouring104\/wp-json\/wp\/v2\/media?parent=87257"}],"wp:term":[{"taxonomy":"category","embeddable":true,"href":"https:\/\/progettotouring.it\/radiotouring104\/wp-json\/wp\/v2\/categories?post=87257"},{"taxonomy":"post_tag","embeddable":true,"href":"https:\/\/progettotouring.it\/radiotouring104\/wp-json\/wp\/v2\/tags?post=87257"}],"curies":[{"name":"wp","href":"https:\/\/api.w.org\/{rel}","templated":true}]}}