{"id":88909,"date":"2026-01-15T17:30:05","date_gmt":"2026-01-15T16:30:05","guid":{"rendered":"https:\/\/progettotouring.it\/radiotouring104\/?p=88909"},"modified":"2026-01-15T16:55:22","modified_gmt":"2026-01-15T15:55:22","slug":"campo-da-baseball-il-comune-individua-soluzioni-condivise-con-le-associazioni-di-atletica","status":"publish","type":"post","link":"https:\/\/progettotouring.it\/radiotouring104\/2026\/01\/15\/campo-da-baseball-il-comune-individua-soluzioni-condivise-con-le-associazioni-di-atletica\/","title":{"rendered":"Campo da baseball, il Comune individua soluzioni condivise con le associazioni di atletica"},"content":{"rendered":"<p>Si \u00e8 svolto a Palazzo San Giorgio un tavolo tecnico promosso dall\u2019Amministrazione comunale di Reggio Calabria per affrontare le criticit\u00e0 legate alla chiusura del campo di baseball di Viale Calabria e individuare soluzioni operative a tutela delle societ\u00e0 sportive coinvolte. Un confronto diretto con federazione e associazioni, finalizzato a garantire continuit\u00e0 alle attivit\u00e0 e strutture adeguate agli atleti.<\/p>\n<p>Di seguito il comunicato integrale:<\/p>\n<p><em>Campo da baseball, il Comune individua le soluzioni possibili con le associazioni di atletica reggine<\/em><\/p>\n<p><em>Tavolo tecnico a Palazzo San Giorgio con la Fidal e i rappresentanti dei sodalizi sportivi<\/em><\/p>\n<p><em>Si \u00e8 svolto a Palazzo San Giorgio un tavolo tecnico, voluto dall\u2019Amministrazione comunale di Reggio Calabria, con l\u2019obiettivo di individuare soluzioni alle criticit\u00e0 emerse nei giorni scorsi dopo la chiusura del campo di baseball di Viale Calabria nel quale si allenavano atleti di diverse societ\u00e0. Per il Comune erano presenti l\u2019assessore ai Lavori pubblici Paolo Brunetti, il consigliere comunale delegato allo Sport Giovanni Latella e il capo di Gabinetto Antonio Ruvolo, mentre per la Fidal c\u2019era il delegato provinciale Marco Vitale. All\u2019interlocuzione hanno partecipato i rappresentanti delle associazioni Atletica Barbas, Luigi Barbarello; Atletica Brothers la presidente Lucia Tramontana e due tecnici; Atletica Minniti di Giuseppe Pignata.<\/em><\/p>\n<p><em>Nel corso dell\u2019incontro, l\u2019assessore Brunetti ha ribadito la volont\u00e0 dell\u2019Amministrazione di sostenere in modo equo tutte le discipline sportive. \u00abLa scelta di investire nel campo Coni, cos\u00ec come nella palestra di San Giovannello, nasce dalla convinzione \u2013 ha detto Brunetti \u2013 che tutti gli sport debbano avere la stessa dignit\u00e0. Questo tavolo \u00e8 stato convocato per trovare soluzioni a problemi che nessuno di noi avrebbe voluto affrontare. Con o senza proteste, continueremo a lavorare per il bene della citt\u00e0 e degli sportivi\u00bb.<\/em><\/p>\n<p><em>Il delegato Latella ha chiarito: \u00abSiamo qui per discutere criticit\u00e0 che derivano anche da fattori esterni. La riqualificazione del campo Coni, attesa da oltre trent\u2019anni, comporta inevitabilmente delle difficolt\u00e0. I lavori stanno procedendo secondo il cronoprogramma stabilito e porteranno alla realizzazione di una struttura a otto corsie, unica nel suo genere da Napoli in gi\u00f9. Esiste una parte burocratica che influisce sui tempi, ma le polemiche non aiutano. I rallentamenti non sono imputabili all\u2019Amministrazione, che ha comunque messo a disposizione le risorse necessarie. I ragazzi devono potersi allenare in strutture adeguate. Stiamo lavorando anche per garantire l\u2019idoneit\u00e0 degli impianti\u00bb.<\/em><\/p>\n<p><em>Per quanto riguarda le attivit\u00e0 legate alla corsa, sono state prospettate diverse soluzioni: l\u2019utilizzo di aree in Viale Calabria, accanto al campo di baseball e dietro il Botteghelle; il campo di Ciccarello; la realizzazione di un pistino gi\u00e0 previsto nel progetto del campo Coni; oppure, in ultima ipotesi, ha specificato Latella, \u00abl\u2019utilizzo del campo di rugby di San Cristoforo in fasce orarie compatibili con le attivit\u00e0 gi\u00e0 in corso\u00bb.<\/em><\/p>\n<p><em>\u00c8 stato inoltre annunciato un sopralluogo congiunto a cui parteciperanno Brunetti, Latella, Ruvolo e Vitale per verificare lo stato delle strutture. Per l\u2019impianto di Gallina, destinato alle discipline dei salti e dei lanci, l\u2019Amministrazione ha comunicato tempi certi per il completamento dei lavori, compreso il posizionamento delle piattaforme e il montaggio delle attrezzature. Una volta ultimato, l\u2019impianto sar\u00e0 dato in convenzione all\u2019Universit\u00e0 Mediterranea e rester\u00e0 a disposizione degli sportivi.<\/em><\/p>\n<p><em>In chiusura, il delegato provinciale della Fidal, Marco Vitale, ha evidenziato l\u2019importanza della collaborazione tra Amministrazione comunale e Federazione. Dichiarandosi soddisfatto dell\u2019esito della riunione, ha inoltre precisato che la Fidal non prender\u00e0 parte ad eventuali manifestazioni di protesta legate alle tematiche discusse.<\/em><\/p>\n","protected":false},"excerpt":{"rendered":"<p>Si \u00e8 svolto a Palazzo San Giorgio un tavolo tecnico promosso dall\u2019Amministrazione comunale di Reggio Calabria per affrontare le criticit\u00e0 legate alla chiusura del campo di baseball di Viale Calabria&hellip;<\/p>\n","protected":false},"author":18,"featured_media":88910,"comment_status":"closed","ping_status":"open","sticky":false,"template":"","format":"standard","meta":{"_jetpack_memberships_contains_paid_content":false,"footnotes":"","jetpack_publicize_message":"","jetpack_publicize_feature_enabled":true,"jetpack_social_post_already_shared":true,"jetpack_social_options":{"image_generator_settings":{"template":"highway","default_image_id":0,"font":"","enabled":false},"version":2}},"categories":[142,921,195,140,144],"tags":[],"class_list":["post-88909","post","type-post","status-publish","format-standard","has-post-thumbnail","hentry","category-calabria","category-home","category-politica","category-reggio-calabria","category-sport"],"yoast_head":"<!-- This site is optimized with the Yoast SEO plugin v27.2 - https:\/\/yoast.com\/product\/yoast-seo-wordpress\/ -->\n<title>Campo da baseball, il Comune individua soluzioni condivise con le associazioni di atletica - Radio Touring 104<\/title>\n<meta name=\"robots\" content=\"index, follow, max-snippet:-1, max-image-preview:large, max-video-preview:-1\" \/>\n<link rel=\"canonical\" href=\"https:\/\/progettotouring.it\/radiotouring104\/2026\/01\/15\/campo-da-baseball-il-comune-individua-soluzioni-condivise-con-le-associazioni-di-atletica\/\" \/>\n<meta property=\"og:locale\" content=\"it_IT\" \/>\n<meta property=\"og:type\" content=\"article\" \/>\n<meta property=\"og:title\" content=\"Campo da baseball, il Comune individua soluzioni condivise con le associazioni di atletica - Radio Touring 104\" \/>\n<meta property=\"og:description\" content=\"Si \u00e8 svolto a Palazzo San Giorgio un tavolo tecnico promosso dall\u2019Amministrazione comunale di Reggio Calabria per affrontare le criticit\u00e0 legate alla chiusura del campo di baseball di Viale Calabria&hellip;\" \/>\n<meta property=\"og:url\" content=\"https:\/\/progettotouring.it\/radiotouring104\/2026\/01\/15\/campo-da-baseball-il-comune-individua-soluzioni-condivise-con-le-associazioni-di-atletica\/\" \/>\n<meta property=\"og:site_name\" content=\"Radio Touring 104\" \/>\n<meta property=\"article:published_time\" content=\"2026-01-15T16:30:05+00:00\" \/>\n<meta property=\"og:image\" content=\"https:\/\/progettotouring.it\/radiotouring104\/wp-content\/uploads\/sites\/6\/2026\/01\/IMG_7563.jpeg\" \/>\n\t<meta property=\"og:image:width\" content=\"1600\" \/>\n\t<meta property=\"og:image:height\" content=\"1200\" \/>\n\t<meta property=\"og:image:type\" content=\"image\/jpeg\" \/>\n<meta name=\"author\" content=\"Andrea Benedetto\" \/>\n<meta name=\"twitter:card\" content=\"summary_large_image\" \/>\n<meta name=\"twitter:label1\" content=\"Scritto da\" \/>\n\t<meta name=\"twitter:data1\" content=\"Andrea Benedetto\" \/>\n\t<meta name=\"twitter:label2\" content=\"Tempo di lettura stimato\" \/>\n\t<meta name=\"twitter:data2\" content=\"3 minuti\" \/>\n<script type=\"application\/ld+json\" class=\"yoast-schema-graph\">{\"@context\":\"https:\/\/schema.org\",\"@graph\":[{\"@type\":\"Article\",\"@id\":\"https:\/\/progettotouring.it\/radiotouring104\/2026\/01\/15\/campo-da-baseball-il-comune-individua-soluzioni-condivise-con-le-associazioni-di-atletica\/#article\",\"isPartOf\":{\"@id\":\"https:\/\/progettotouring.it\/radiotouring104\/2026\/01\/15\/campo-da-baseball-il-comune-individua-soluzioni-condivise-con-le-associazioni-di-atletica\/\"},\"author\":{\"name\":\"Andrea Benedetto\",\"@id\":\"https:\/\/progettotouring.it\/radiotouring104\/#\/schema\/person\/97ff4f729b79fd682a1cf68c714af29c\"},\"headline\":\"Campo da baseball, il Comune individua soluzioni condivise con le associazioni di atletica\",\"datePublished\":\"2026-01-15T16:30:05+00:00\",\"mainEntityOfPage\":{\"@id\":\"https:\/\/progettotouring.it\/radiotouring104\/2026\/01\/15\/campo-da-baseball-il-comune-individua-soluzioni-condivise-con-le-associazioni-di-atletica\/\"},\"wordCount\":587,\"publisher\":{\"@id\":\"https:\/\/progettotouring.it\/radiotouring104\/#organization\"},\"image\":{\"@id\":\"https:\/\/progettotouring.it\/radiotouring104\/2026\/01\/15\/campo-da-baseball-il-comune-individua-soluzioni-condivise-con-le-associazioni-di-atletica\/#primaryimage\"},\"thumbnailUrl\":\"https:\/\/progettotouring.it\/radiotouring104\/wp-content\/uploads\/sites\/6\/2026\/01\/IMG_7563.jpeg\",\"articleSection\":[\"Calabria\",\"Home\",\"Politica\",\"Reggio Calabria\",\"Sport\"],\"inLanguage\":\"it-IT\"},{\"@type\":\"WebPage\",\"@id\":\"https:\/\/progettotouring.it\/radiotouring104\/2026\/01\/15\/campo-da-baseball-il-comune-individua-soluzioni-condivise-con-le-associazioni-di-atletica\/\",\"url\":\"https:\/\/progettotouring.it\/radiotouring104\/2026\/01\/15\/campo-da-baseball-il-comune-individua-soluzioni-condivise-con-le-associazioni-di-atletica\/\",\"name\":\"Campo da baseball, il Comune individua soluzioni condivise con le associazioni di atletica - Radio Touring 104\",\"isPartOf\":{\"@id\":\"https:\/\/progettotouring.it\/radiotouring104\/#website\"},\"primaryImageOfPage\":{\"@id\":\"https:\/\/progettotouring.it\/radiotouring104\/2026\/01\/15\/campo-da-baseball-il-comune-individua-soluzioni-condivise-con-le-associazioni-di-atletica\/#primaryimage\"},\"image\":{\"@id\":\"https:\/\/progettotouring.it\/radiotouring104\/2026\/01\/15\/campo-da-baseball-il-comune-individua-soluzioni-condivise-con-le-associazioni-di-atletica\/#primaryimage\"},\"thumbnailUrl\":\"https:\/\/progettotouring.it\/radiotouring104\/wp-content\/uploads\/sites\/6\/2026\/01\/IMG_7563.jpeg\",\"datePublished\":\"2026-01-15T16:30:05+00:00\",\"breadcrumb\":{\"@id\":\"https:\/\/progettotouring.it\/radiotouring104\/2026\/01\/15\/campo-da-baseball-il-comune-individua-soluzioni-condivise-con-le-associazioni-di-atletica\/#breadcrumb\"},\"inLanguage\":\"it-IT\",\"potentialAction\":[{\"@type\":\"ReadAction\",\"target\":[\"https:\/\/progettotouring.it\/radiotouring104\/2026\/01\/15\/campo-da-baseball-il-comune-individua-soluzioni-condivise-con-le-associazioni-di-atletica\/\"]}]},{\"@type\":\"ImageObject\",\"inLanguage\":\"it-IT\",\"@id\":\"https:\/\/progettotouring.it\/radiotouring104\/2026\/01\/15\/campo-da-baseball-il-comune-individua-soluzioni-condivise-con-le-associazioni-di-atletica\/#primaryimage\",\"url\":\"https:\/\/progettotouring.it\/radiotouring104\/wp-content\/uploads\/sites\/6\/2026\/01\/IMG_7563.jpeg\",\"contentUrl\":\"https:\/\/progettotouring.it\/radiotouring104\/wp-content\/uploads\/sites\/6\/2026\/01\/IMG_7563.jpeg\",\"width\":1600,\"height\":1200},{\"@type\":\"BreadcrumbList\",\"@id\":\"https:\/\/progettotouring.it\/radiotouring104\/2026\/01\/15\/campo-da-baseball-il-comune-individua-soluzioni-condivise-con-le-associazioni-di-atletica\/#breadcrumb\",\"itemListElement\":[{\"@type\":\"ListItem\",\"position\":1,\"name\":\"Home\",\"item\":\"https:\/\/progettotouring.it\/radiotouring104\/\"},{\"@type\":\"ListItem\",\"position\":2,\"name\":\"Campo da baseball, il Comune individua soluzioni condivise con le associazioni di atletica\"}]},{\"@type\":\"WebSite\",\"@id\":\"https:\/\/progettotouring.it\/radiotouring104\/#website\",\"url\":\"https:\/\/progettotouring.it\/radiotouring104\/\",\"name\":\"Radio Touring 104\",\"description\":\"La prima radio Reggina\",\"publisher\":{\"@id\":\"https:\/\/progettotouring.it\/radiotouring104\/#organization\"},\"potentialAction\":[{\"@type\":\"SearchAction\",\"target\":{\"@type\":\"EntryPoint\",\"urlTemplate\":\"https:\/\/progettotouring.it\/radiotouring104\/?s={search_term_string}\"},\"query-input\":{\"@type\":\"PropertyValueSpecification\",\"valueRequired\":true,\"valueName\":\"search_term_string\"}}],\"inLanguage\":\"it-IT\"},{\"@type\":\"Organization\",\"@id\":\"https:\/\/progettotouring.it\/radiotouring104\/#organization\",\"name\":\"Radio Touring 104\",\"url\":\"https:\/\/progettotouring.it\/radiotouring104\/\",\"logo\":{\"@type\":\"ImageObject\",\"inLanguage\":\"it-IT\",\"@id\":\"https:\/\/progettotouring.it\/radiotouring104\/#\/schema\/logo\/image\/\",\"url\":\"https:\/\/progettotouring.it\/radiotouring104\/wp-content\/uploads\/sites\/6\/2022\/02\/cropped-logo-radio-touring-104.png\",\"contentUrl\":\"https:\/\/progettotouring.it\/radiotouring104\/wp-content\/uploads\/sites\/6\/2022\/02\/cropped-logo-radio-touring-104.png\",\"width\":377,\"height\":182,\"caption\":\"Radio Touring 104\"},\"image\":{\"@id\":\"https:\/\/progettotouring.it\/radiotouring104\/#\/schema\/logo\/image\/\"}},{\"@type\":\"Person\",\"@id\":\"https:\/\/progettotouring.it\/radiotouring104\/#\/schema\/person\/97ff4f729b79fd682a1cf68c714af29c\",\"name\":\"Andrea Benedetto\",\"image\":{\"@type\":\"ImageObject\",\"inLanguage\":\"it-IT\",\"@id\":\"https:\/\/secure.gravatar.com\/avatar\/28b474e46fd81ca24e23c2a4450ad55141239d9ed3ad65642c2ab5af4baab51a?s=96&d=mm&r=g\",\"url\":\"https:\/\/secure.gravatar.com\/avatar\/28b474e46fd81ca24e23c2a4450ad55141239d9ed3ad65642c2ab5af4baab51a?s=96&d=mm&r=g\",\"contentUrl\":\"https:\/\/secure.gravatar.com\/avatar\/28b474e46fd81ca24e23c2a4450ad55141239d9ed3ad65642c2ab5af4baab51a?s=96&d=mm&r=g\",\"caption\":\"Andrea Benedetto\"},\"url\":\"https:\/\/progettotouring.it\/radiotouring104\/author\/andrea\/\"}]}<\/script>\n<!-- \/ Yoast SEO plugin. -->","yoast_head_json":{"title":"Campo da baseball, il Comune individua soluzioni condivise con le associazioni di atletica - Radio Touring 104","robots":{"index":"index","follow":"follow","max-snippet":"max-snippet:-1","max-image-preview":"max-image-preview:large","max-video-preview":"max-video-preview:-1"},"canonical":"https:\/\/progettotouring.it\/radiotouring104\/2026\/01\/15\/campo-da-baseball-il-comune-individua-soluzioni-condivise-con-le-associazioni-di-atletica\/","og_locale":"it_IT","og_type":"article","og_title":"Campo da baseball, il Comune individua soluzioni condivise con le associazioni di atletica - Radio Touring 104","og_description":"Si \u00e8 svolto a Palazzo San Giorgio un tavolo tecnico promosso dall\u2019Amministrazione comunale di Reggio Calabria per affrontare le criticit\u00e0 legate alla chiusura del campo di baseball di Viale Calabria&hellip;","og_url":"https:\/\/progettotouring.it\/radiotouring104\/2026\/01\/15\/campo-da-baseball-il-comune-individua-soluzioni-condivise-con-le-associazioni-di-atletica\/","og_site_name":"Radio Touring 104","article_published_time":"2026-01-15T16:30:05+00:00","og_image":[{"width":1600,"height":1200,"url":"https:\/\/progettotouring.it\/radiotouring104\/wp-content\/uploads\/sites\/6\/2026\/01\/IMG_7563.jpeg","type":"image\/jpeg"}],"author":"Andrea Benedetto","twitter_card":"summary_large_image","twitter_misc":{"Scritto da":"Andrea Benedetto","Tempo di lettura stimato":"3 minuti"},"schema":{"@context":"https:\/\/schema.org","@graph":[{"@type":"Article","@id":"https:\/\/progettotouring.it\/radiotouring104\/2026\/01\/15\/campo-da-baseball-il-comune-individua-soluzioni-condivise-con-le-associazioni-di-atletica\/#article","isPartOf":{"@id":"https:\/\/progettotouring.it\/radiotouring104\/2026\/01\/15\/campo-da-baseball-il-comune-individua-soluzioni-condivise-con-le-associazioni-di-atletica\/"},"author":{"name":"Andrea Benedetto","@id":"https:\/\/progettotouring.it\/radiotouring104\/#\/schema\/person\/97ff4f729b79fd682a1cf68c714af29c"},"headline":"Campo da baseball, il Comune individua soluzioni condivise con le associazioni di atletica","datePublished":"2026-01-15T16:30:05+00:00","mainEntityOfPage":{"@id":"https:\/\/progettotouring.it\/radiotouring104\/2026\/01\/15\/campo-da-baseball-il-comune-individua-soluzioni-condivise-con-le-associazioni-di-atletica\/"},"wordCount":587,"publisher":{"@id":"https:\/\/progettotouring.it\/radiotouring104\/#organization"},"image":{"@id":"https:\/\/progettotouring.it\/radiotouring104\/2026\/01\/15\/campo-da-baseball-il-comune-individua-soluzioni-condivise-con-le-associazioni-di-atletica\/#primaryimage"},"thumbnailUrl":"https:\/\/progettotouring.it\/radiotouring104\/wp-content\/uploads\/sites\/6\/2026\/01\/IMG_7563.jpeg","articleSection":["Calabria","Home","Politica","Reggio Calabria","Sport"],"inLanguage":"it-IT"},{"@type":"WebPage","@id":"https:\/\/progettotouring.it\/radiotouring104\/2026\/01\/15\/campo-da-baseball-il-comune-individua-soluzioni-condivise-con-le-associazioni-di-atletica\/","url":"https:\/\/progettotouring.it\/radiotouring104\/2026\/01\/15\/campo-da-baseball-il-comune-individua-soluzioni-condivise-con-le-associazioni-di-atletica\/","name":"Campo da baseball, il Comune individua soluzioni condivise con le associazioni di atletica - Radio Touring 104","isPartOf":{"@id":"https:\/\/progettotouring.it\/radiotouring104\/#website"},"primaryImageOfPage":{"@id":"https:\/\/progettotouring.it\/radiotouring104\/2026\/01\/15\/campo-da-baseball-il-comune-individua-soluzioni-condivise-con-le-associazioni-di-atletica\/#primaryimage"},"image":{"@id":"https:\/\/progettotouring.it\/radiotouring104\/2026\/01\/15\/campo-da-baseball-il-comune-individua-soluzioni-condivise-con-le-associazioni-di-atletica\/#primaryimage"},"thumbnailUrl":"https:\/\/progettotouring.it\/radiotouring104\/wp-content\/uploads\/sites\/6\/2026\/01\/IMG_7563.jpeg","datePublished":"2026-01-15T16:30:05+00:00","breadcrumb":{"@id":"https:\/\/progettotouring.it\/radiotouring104\/2026\/01\/15\/campo-da-baseball-il-comune-individua-soluzioni-condivise-con-le-associazioni-di-atletica\/#breadcrumb"},"inLanguage":"it-IT","potentialAction":[{"@type":"ReadAction","target":["https:\/\/progettotouring.it\/radiotouring104\/2026\/01\/15\/campo-da-baseball-il-comune-individua-soluzioni-condivise-con-le-associazioni-di-atletica\/"]}]},{"@type":"ImageObject","inLanguage":"it-IT","@id":"https:\/\/progettotouring.it\/radiotouring104\/2026\/01\/15\/campo-da-baseball-il-comune-individua-soluzioni-condivise-con-le-associazioni-di-atletica\/#primaryimage","url":"https:\/\/progettotouring.it\/radiotouring104\/wp-content\/uploads\/sites\/6\/2026\/01\/IMG_7563.jpeg","contentUrl":"https:\/\/progettotouring.it\/radiotouring104\/wp-content\/uploads\/sites\/6\/2026\/01\/IMG_7563.jpeg","width":1600,"height":1200},{"@type":"BreadcrumbList","@id":"https:\/\/progettotouring.it\/radiotouring104\/2026\/01\/15\/campo-da-baseball-il-comune-individua-soluzioni-condivise-con-le-associazioni-di-atletica\/#breadcrumb","itemListElement":[{"@type":"ListItem","position":1,"name":"Home","item":"https:\/\/progettotouring.it\/radiotouring104\/"},{"@type":"ListItem","position":2,"name":"Campo da baseball, il Comune individua soluzioni condivise con le associazioni di atletica"}]},{"@type":"WebSite","@id":"https:\/\/progettotouring.it\/radiotouring104\/#website","url":"https:\/\/progettotouring.it\/radiotouring104\/","name":"Radio Touring 104","description":"La prima radio Reggina","publisher":{"@id":"https:\/\/progettotouring.it\/radiotouring104\/#organization"},"potentialAction":[{"@type":"SearchAction","target":{"@type":"EntryPoint","urlTemplate":"https:\/\/progettotouring.it\/radiotouring104\/?s={search_term_string}"},"query-input":{"@type":"PropertyValueSpecification","valueRequired":true,"valueName":"search_term_string"}}],"inLanguage":"it-IT"},{"@type":"Organization","@id":"https:\/\/progettotouring.it\/radiotouring104\/#organization","name":"Radio Touring 104","url":"https:\/\/progettotouring.it\/radiotouring104\/","logo":{"@type":"ImageObject","inLanguage":"it-IT","@id":"https:\/\/progettotouring.it\/radiotouring104\/#\/schema\/logo\/image\/","url":"https:\/\/progettotouring.it\/radiotouring104\/wp-content\/uploads\/sites\/6\/2022\/02\/cropped-logo-radio-touring-104.png","contentUrl":"https:\/\/progettotouring.it\/radiotouring104\/wp-content\/uploads\/sites\/6\/2022\/02\/cropped-logo-radio-touring-104.png","width":377,"height":182,"caption":"Radio Touring 104"},"image":{"@id":"https:\/\/progettotouring.it\/radiotouring104\/#\/schema\/logo\/image\/"}},{"@type":"Person","@id":"https:\/\/progettotouring.it\/radiotouring104\/#\/schema\/person\/97ff4f729b79fd682a1cf68c714af29c","name":"Andrea Benedetto","image":{"@type":"ImageObject","inLanguage":"it-IT","@id":"https:\/\/secure.gravatar.com\/avatar\/28b474e46fd81ca24e23c2a4450ad55141239d9ed3ad65642c2ab5af4baab51a?s=96&d=mm&r=g","url":"https:\/\/secure.gravatar.com\/avatar\/28b474e46fd81ca24e23c2a4450ad55141239d9ed3ad65642c2ab5af4baab51a?s=96&d=mm&r=g","contentUrl":"https:\/\/secure.gravatar.com\/avatar\/28b474e46fd81ca24e23c2a4450ad55141239d9ed3ad65642c2ab5af4baab51a?s=96&d=mm&r=g","caption":"Andrea Benedetto"},"url":"https:\/\/progettotouring.it\/radiotouring104\/author\/andrea\/"}]}},"jetpack_publicize_connections":[],"jetpack_featured_media_url":"https:\/\/progettotouring.it\/radiotouring104\/wp-content\/uploads\/sites\/6\/2026\/01\/IMG_7563.jpeg","jetpack_sharing_enabled":true,"_links":{"self":[{"href":"https:\/\/progettotouring.it\/radiotouring104\/wp-json\/wp\/v2\/posts\/88909","targetHints":{"allow":["GET"]}}],"collection":[{"href":"https:\/\/progettotouring.it\/radiotouring104\/wp-json\/wp\/v2\/posts"}],"about":[{"href":"https:\/\/progettotouring.it\/radiotouring104\/wp-json\/wp\/v2\/types\/post"}],"author":[{"embeddable":true,"href":"https:\/\/progettotouring.it\/radiotouring104\/wp-json\/wp\/v2\/users\/18"}],"replies":[{"embeddable":true,"href":"https:\/\/progettotouring.it\/radiotouring104\/wp-json\/wp\/v2\/comments?post=88909"}],"version-history":[{"count":1,"href":"https:\/\/progettotouring.it\/radiotouring104\/wp-json\/wp\/v2\/posts\/88909\/revisions"}],"predecessor-version":[{"id":88911,"href":"https:\/\/progettotouring.it\/radiotouring104\/wp-json\/wp\/v2\/posts\/88909\/revisions\/88911"}],"wp:featuredmedia":[{"embeddable":true,"href":"https:\/\/progettotouring.it\/radiotouring104\/wp-json\/wp\/v2\/media\/88910"}],"wp:attachment":[{"href":"https:\/\/progettotouring.it\/radiotouring104\/wp-json\/wp\/v2\/media?parent=88909"}],"wp:term":[{"taxonomy":"category","embeddable":true,"href":"https:\/\/progettotouring.it\/radiotouring104\/wp-json\/wp\/v2\/categories?post=88909"},{"taxonomy":"post_tag","embeddable":true,"href":"https:\/\/progettotouring.it\/radiotouring104\/wp-json\/wp\/v2\/tags?post=88909"}],"curies":[{"name":"wp","href":"https:\/\/api.w.org\/{rel}","templated":true}]}}