{"id":88923,"date":"2026-01-15T18:00:15","date_gmt":"2026-01-15T17:00:15","guid":{"rendered":"https:\/\/progettotouring.it\/radiotouring104\/?p=88923"},"modified":"2026-01-15T17:12:17","modified_gmt":"2026-01-15T16:12:17","slug":"domenica-18-gennaio-le-muse-ripartono-dalla-solidarieta-con-una-coperta-per-la-vita","status":"publish","type":"post","link":"https:\/\/progettotouring.it\/radiotouring104\/2026\/01\/15\/domenica-18-gennaio-le-muse-ripartono-dalla-solidarieta-con-una-coperta-per-la-vita\/","title":{"rendered":"Domenica 18 gennaio \u201cLe Muse\u201d ripartono dalla solidariet\u00e0 con \u201cUna coperta per la vita\u201d"},"content":{"rendered":"<p>L\u2019associazione culturale \u201cLe Muse \u2013 Laboratorio delle Arti e delle Lettere\u201d di Reggio Calabria riprende le proprie attivit\u00e0 dopo la pausa natalizia puntando sulla solidariet\u00e0 e sull\u2019impegno sociale. Domenica 18 gennaio, nella storica sede di via San Giuseppe, prende il via una nuova programmazione che unisce cultura, riflessione e gesti concreti di aiuto verso chi vive situazioni di difficolt\u00e0.<\/p>\n<p>Di seguito il comunicato integrale:<\/p>\n<p><em>Domenica 18 gennaio \u201cLe Muse\u201d ripartono dalla solidariet\u00e0<\/em><\/p>\n<p><em>con la manifestazione \u201cUna coperta per la vita\u201d<\/em><\/p>\n<p><em>L\u2019associazione culturale \u201cLe Muse &#8211; Laboratorio delle Arti e delle Lettere di Reggio Calabria, presieduta da Giuseppe Livoti riparte dopo la pausa natalizia domenica 18 gennaio alle ore 18 riaprendo la storica sede di via San Giuseppe 19.<\/em><\/p>\n<p><em>Ripartiamo con \u201cUna coperta per la vita\u201d manifestazione di solidariet\u00e0 condivisa che non nasce in questo ultimo periodo a causa del freddo inaspettato di queste ultime settimane ricorda Livoti ma, lo proponiamo alla sua terza edizione con la consegna alla Caritas Parrocchiale di Santa Lucia di una fornitura di coperte per senza tetto e famiglie in difficolt\u00e0.<\/em><\/p>\n<p><em>Il presidente prof. Giuseppe Livoti rammenta come in questo inizio di nuovo anno \u201cLe Muse\u201d hanno anche pensato alla solidariet\u00e0 ed a delle attivit\u00e0 pratiche rivolte verso gli ultimi. \u00abLa nostra \u2013 continua &#8211; \u00e8 una vocazione culturale come lo dimostra la molteplice attivit\u00e0 domenicale e non solo, con argomenti di varia umanit\u00e0 e con programmazioni che vanno spesso oltre la regione Calabria, ma, per continuare una tradizione non potevamo non pensare a dei momenti di riflessione e a gesti pratici e condivisi.<\/em><\/p>\n<p><em>Alla sua prima edizione era stata selezionata la Comunit\u00e0 La Sorgente che ha avuto la consegna di 40 coperte alla sua fondatrice Rita Gatto, per una comunit\u00e0 insediata ormai da tantissimi anni in un piccolo agglomerato di case lungo la strada Vinco-Campi, a circa 30 minuti dal centro della citt\u00e0 comunit\u00e0 dove ben 6 famiglie accolgono giovanissimi seminaristi provenienti dal Madagascar nell\u2019ambito di un protocollo con il Seminario Pontificio Pio XI; nel secondo anno, invece, la consegna avvenuta presso la Chiesa di San Domenico ha visto parte delle coperte assegnate al parroco don Antonino Sgr\u00f2 per le famiglie bisognose del quartiere mentre altre erano state assegnate ad un referente di \u201cRinnovamento dello Spirito\u201d per gli ospiti della tendopoli di Rosarno.<\/em><\/p>\n<p><em>Non dimenticando la continua la collaborazione con la parrocchia di Santa Maria della Cattolica dei Greci nei periodi liturgici importanti creando cos\u00ec sinergia attiva e fattiva tra la comunit\u00e0 parrocchiale ed il sodalizio reggino. Grazie alla fattiva accoglienza di don Nino Ventura parroco della parrocchia Protopapale, anche in occasione delle attivit\u00e0 attinenti al Natale come \u00e8 tradizione da 26 anni i soci si sono ritrovati alla Chiesa di Santa Maria della Cattolica dei Greci con una solenne santa messa augurale natalizia e di fine anno, animata dal Coro delle Muse diretto dai maestri Enza e Marina Cuzzola con l\u2019accompagnamento musicale della pianista Mary Ardissone.<\/em><\/p>\n<p><em>Per l\u2019occasione il sodalizio delle Muse ha donato provviste alimentari per la famiglie del quartiere e della citt\u00e0, \u201cbeni di prima necessit\u00e0\u201d che, come ha ribadito don Ventura, sono segno tangibile e di aiuto in una societ\u00e0 sempre pi\u00f9 in affanno e per le famiglie in grande stato di emergenza.<\/em><\/p>\n<p><em>Domenica 18 la presentazione del progetto \u201cUna coperta per la solidariet\u00e0\u201d. La manifestazione vedr\u00e0 il direttivo Muse ed i soci consegnare una fornitura di coperte per la Parrocchia di Santa Lucia affinch\u00e8 questo materiale di prima necessit\u00e0 possa essere distribuito alle famiglie e alle persone che ne faranno richiesta.<\/em><\/p>\n<p><em>Ospiti dunque il parroco Don Mimmo Cartella, l\u2019avvocato Cinzia Iadicola e la cantante ed interprete popolare calabrese Giusy Candido che si soffermeranno ognuno con le proprie competenze sul senso del dono e della solidariet\u00e0. Inoltre i vari momenti saranno intervallati con i versi dei poeti Patrizia Pipino, Francesca Triolo, Luigi Barberio e Teresa Celestino.<\/em><\/p>\n<p><em>Le Muse in questa nuova programmazione per il 2026, dichiara il presidente, riunir\u00e0 cos\u00ec i soci, le loro forze artistiche ed intellettuali, per creare eventi condivisi, che possano servire anche a riflettere e a meditare dopo un anno di intensa programmazione culturale soprattutto in questi ventisei anni di attivit\u00e0, continua Livoti.<\/em><\/p>\n<p><em>La nostra \u00e8 una programmazione che si differenzia rispetto alle altre poich\u00e9 di domenica in domenica creiamo tra i soci e la citt\u00e0 un filo d\u2019Arianna che ha una ragione di senso, poich\u00e9 ogni evento, deve avere una sua valenza morale, sociale, intellettuale o umana e questo crea la completezza della diversit\u00e0 del ruolo dell\u2019associazionismo nella citt\u00e0 di Reggio Calabria.<\/em><\/p>\n<p><em>Presto la presentazione del Concorso di Poesia dedicato alla grande poetessa Rossana Rossomando, scomparsa prematuramente e che vede una sinergia tra Le Muse e l\u2019Archivio di Stato diretto da Angela Puleio. Sar\u00e0 un concorso aperto s\u00ec alla scrittura in lingua ma, anche al vernacolo reggino compresa una sezione dedicata alla saggistica. Riporteremo cos\u00ec alla memoria la Rossomando poich\u00e9, la sua valenza non va dimenticata. I soci proprio per ricordarla hanno raccolto una offerta che andr\u00e0 in beneficenza.<\/em><\/p>\n<p><em>Movimento inoltre per le varie aree dell\u2019Associazione ed in particolare quella guidata dalla commercialista Daniela Palamara Delegata Area Economica che prevedr\u00e0 una serie di incontri dedicati alle problematiche economiche che stiamo vivendo.<\/em><\/p>\n<p><em>Ed ancora grandi collaborazioni e protocolli che vedranno la valorizzazione del patrimonio e proposte per la tutela di beni culturali ed architetture che spesso sono dimenticate con il supporto dell\u2019arch. e storico Cinzia Basile.<\/em><\/p>\n<p><em>Altra forza artistica sar\u00e0 l\u2019arte e proprio nelle prossime settimane verr\u00e0 presentato un Progetto in cui il Barocco e le sue forme diventeranno un tracciato tra antico e contemporaneo per presentare una inedita idea che coinvolger\u00e0 affermati artisti e giovani generazioni.<\/em><\/p>\n","protected":false},"excerpt":{"rendered":"<p>L\u2019associazione culturale \u201cLe Muse \u2013 Laboratorio delle Arti e delle Lettere\u201d di Reggio Calabria riprende le proprie attivit\u00e0 dopo la pausa natalizia puntando sulla solidariet\u00e0 e sull\u2019impegno sociale. Domenica 18&hellip;<\/p>\n","protected":false},"author":18,"featured_media":88924,"comment_status":"closed","ping_status":"open","sticky":false,"template":"","format":"standard","meta":{"_jetpack_memberships_contains_paid_content":false,"footnotes":"","jetpack_publicize_message":"","jetpack_publicize_feature_enabled":true,"jetpack_social_post_already_shared":true,"jetpack_social_options":{"image_generator_settings":{"template":"highway","default_image_id":0,"font":"","enabled":false},"version":2}},"categories":[142,145,921,196,140],"tags":[],"class_list":["post-88923","post","type-post","status-publish","format-standard","has-post-thumbnail","hentry","category-calabria","category-cultura","category-home","category-news","category-reggio-calabria"],"yoast_head":"<!-- This site is optimized with the Yoast SEO plugin v27.2 - https:\/\/yoast.com\/product\/yoast-seo-wordpress\/ -->\n<title>Domenica 18 gennaio \u201cLe Muse\u201d ripartono dalla solidariet\u00e0 con \u201cUna coperta per la vita\u201d - Radio Touring 104<\/title>\n<meta name=\"robots\" content=\"index, follow, max-snippet:-1, max-image-preview:large, max-video-preview:-1\" \/>\n<link rel=\"canonical\" href=\"https:\/\/progettotouring.it\/radiotouring104\/2026\/01\/15\/domenica-18-gennaio-le-muse-ripartono-dalla-solidarieta-con-una-coperta-per-la-vita\/\" \/>\n<meta property=\"og:locale\" content=\"it_IT\" \/>\n<meta property=\"og:type\" content=\"article\" \/>\n<meta property=\"og:title\" content=\"Domenica 18 gennaio \u201cLe Muse\u201d ripartono dalla solidariet\u00e0 con \u201cUna coperta per la vita\u201d - Radio Touring 104\" \/>\n<meta property=\"og:description\" content=\"L\u2019associazione culturale \u201cLe Muse \u2013 Laboratorio delle Arti e delle Lettere\u201d di Reggio Calabria riprende le proprie attivit\u00e0 dopo la pausa natalizia puntando sulla solidariet\u00e0 e sull\u2019impegno sociale. Domenica 18&hellip;\" \/>\n<meta property=\"og:url\" content=\"https:\/\/progettotouring.it\/radiotouring104\/2026\/01\/15\/domenica-18-gennaio-le-muse-ripartono-dalla-solidarieta-con-una-coperta-per-la-vita\/\" \/>\n<meta property=\"og:site_name\" content=\"Radio Touring 104\" \/>\n<meta property=\"article:published_time\" content=\"2026-01-15T17:00:15+00:00\" \/>\n<meta property=\"og:image\" content=\"https:\/\/progettotouring.it\/radiotouring104\/wp-content\/uploads\/sites\/6\/2026\/01\/IMG_7565.png\" \/>\n\t<meta property=\"og:image:width\" content=\"300\" \/>\n\t<meta property=\"og:image:height\" content=\"300\" \/>\n\t<meta property=\"og:image:type\" content=\"image\/png\" \/>\n<meta name=\"author\" content=\"Andrea Benedetto\" \/>\n<meta name=\"twitter:card\" content=\"summary_large_image\" \/>\n<meta name=\"twitter:label1\" content=\"Scritto da\" \/>\n\t<meta name=\"twitter:data1\" content=\"Andrea Benedetto\" \/>\n\t<meta name=\"twitter:label2\" content=\"Tempo di lettura stimato\" \/>\n\t<meta name=\"twitter:data2\" content=\"5 minuti\" \/>\n<script type=\"application\/ld+json\" class=\"yoast-schema-graph\">{\"@context\":\"https:\/\/schema.org\",\"@graph\":[{\"@type\":\"Article\",\"@id\":\"https:\/\/progettotouring.it\/radiotouring104\/2026\/01\/15\/domenica-18-gennaio-le-muse-ripartono-dalla-solidarieta-con-una-coperta-per-la-vita\/#article\",\"isPartOf\":{\"@id\":\"https:\/\/progettotouring.it\/radiotouring104\/2026\/01\/15\/domenica-18-gennaio-le-muse-ripartono-dalla-solidarieta-con-una-coperta-per-la-vita\/\"},\"author\":{\"name\":\"Andrea Benedetto\",\"@id\":\"https:\/\/progettotouring.it\/radiotouring104\/#\/schema\/person\/97ff4f729b79fd682a1cf68c714af29c\"},\"headline\":\"Domenica 18 gennaio \u201cLe Muse\u201d ripartono dalla solidariet\u00e0 con \u201cUna coperta per la vita\u201d\",\"datePublished\":\"2026-01-15T17:00:15+00:00\",\"mainEntityOfPage\":{\"@id\":\"https:\/\/progettotouring.it\/radiotouring104\/2026\/01\/15\/domenica-18-gennaio-le-muse-ripartono-dalla-solidarieta-con-una-coperta-per-la-vita\/\"},\"wordCount\":940,\"publisher\":{\"@id\":\"https:\/\/progettotouring.it\/radiotouring104\/#organization\"},\"image\":{\"@id\":\"https:\/\/progettotouring.it\/radiotouring104\/2026\/01\/15\/domenica-18-gennaio-le-muse-ripartono-dalla-solidarieta-con-una-coperta-per-la-vita\/#primaryimage\"},\"thumbnailUrl\":\"https:\/\/progettotouring.it\/radiotouring104\/wp-content\/uploads\/sites\/6\/2026\/01\/IMG_7565.png\",\"articleSection\":[\"Calabria\",\"Cultura\",\"Home\",\"News\",\"Reggio Calabria\"],\"inLanguage\":\"it-IT\"},{\"@type\":\"WebPage\",\"@id\":\"https:\/\/progettotouring.it\/radiotouring104\/2026\/01\/15\/domenica-18-gennaio-le-muse-ripartono-dalla-solidarieta-con-una-coperta-per-la-vita\/\",\"url\":\"https:\/\/progettotouring.it\/radiotouring104\/2026\/01\/15\/domenica-18-gennaio-le-muse-ripartono-dalla-solidarieta-con-una-coperta-per-la-vita\/\",\"name\":\"Domenica 18 gennaio \u201cLe Muse\u201d ripartono dalla solidariet\u00e0 con \u201cUna coperta per la vita\u201d - Radio Touring 104\",\"isPartOf\":{\"@id\":\"https:\/\/progettotouring.it\/radiotouring104\/#website\"},\"primaryImageOfPage\":{\"@id\":\"https:\/\/progettotouring.it\/radiotouring104\/2026\/01\/15\/domenica-18-gennaio-le-muse-ripartono-dalla-solidarieta-con-una-coperta-per-la-vita\/#primaryimage\"},\"image\":{\"@id\":\"https:\/\/progettotouring.it\/radiotouring104\/2026\/01\/15\/domenica-18-gennaio-le-muse-ripartono-dalla-solidarieta-con-una-coperta-per-la-vita\/#primaryimage\"},\"thumbnailUrl\":\"https:\/\/progettotouring.it\/radiotouring104\/wp-content\/uploads\/sites\/6\/2026\/01\/IMG_7565.png\",\"datePublished\":\"2026-01-15T17:00:15+00:00\",\"breadcrumb\":{\"@id\":\"https:\/\/progettotouring.it\/radiotouring104\/2026\/01\/15\/domenica-18-gennaio-le-muse-ripartono-dalla-solidarieta-con-una-coperta-per-la-vita\/#breadcrumb\"},\"inLanguage\":\"it-IT\",\"potentialAction\":[{\"@type\":\"ReadAction\",\"target\":[\"https:\/\/progettotouring.it\/radiotouring104\/2026\/01\/15\/domenica-18-gennaio-le-muse-ripartono-dalla-solidarieta-con-una-coperta-per-la-vita\/\"]}]},{\"@type\":\"ImageObject\",\"inLanguage\":\"it-IT\",\"@id\":\"https:\/\/progettotouring.it\/radiotouring104\/2026\/01\/15\/domenica-18-gennaio-le-muse-ripartono-dalla-solidarieta-con-una-coperta-per-la-vita\/#primaryimage\",\"url\":\"https:\/\/progettotouring.it\/radiotouring104\/wp-content\/uploads\/sites\/6\/2026\/01\/IMG_7565.png\",\"contentUrl\":\"https:\/\/progettotouring.it\/radiotouring104\/wp-content\/uploads\/sites\/6\/2026\/01\/IMG_7565.png\",\"width\":300,\"height\":300},{\"@type\":\"BreadcrumbList\",\"@id\":\"https:\/\/progettotouring.it\/radiotouring104\/2026\/01\/15\/domenica-18-gennaio-le-muse-ripartono-dalla-solidarieta-con-una-coperta-per-la-vita\/#breadcrumb\",\"itemListElement\":[{\"@type\":\"ListItem\",\"position\":1,\"name\":\"Home\",\"item\":\"https:\/\/progettotouring.it\/radiotouring104\/\"},{\"@type\":\"ListItem\",\"position\":2,\"name\":\"Domenica 18 gennaio \u201cLe Muse\u201d ripartono dalla solidariet\u00e0 con \u201cUna coperta per la vita\u201d\"}]},{\"@type\":\"WebSite\",\"@id\":\"https:\/\/progettotouring.it\/radiotouring104\/#website\",\"url\":\"https:\/\/progettotouring.it\/radiotouring104\/\",\"name\":\"Radio Touring 104\",\"description\":\"La prima radio Reggina\",\"publisher\":{\"@id\":\"https:\/\/progettotouring.it\/radiotouring104\/#organization\"},\"potentialAction\":[{\"@type\":\"SearchAction\",\"target\":{\"@type\":\"EntryPoint\",\"urlTemplate\":\"https:\/\/progettotouring.it\/radiotouring104\/?s={search_term_string}\"},\"query-input\":{\"@type\":\"PropertyValueSpecification\",\"valueRequired\":true,\"valueName\":\"search_term_string\"}}],\"inLanguage\":\"it-IT\"},{\"@type\":\"Organization\",\"@id\":\"https:\/\/progettotouring.it\/radiotouring104\/#organization\",\"name\":\"Radio Touring 104\",\"url\":\"https:\/\/progettotouring.it\/radiotouring104\/\",\"logo\":{\"@type\":\"ImageObject\",\"inLanguage\":\"it-IT\",\"@id\":\"https:\/\/progettotouring.it\/radiotouring104\/#\/schema\/logo\/image\/\",\"url\":\"https:\/\/progettotouring.it\/radiotouring104\/wp-content\/uploads\/sites\/6\/2022\/02\/cropped-logo-radio-touring-104.png\",\"contentUrl\":\"https:\/\/progettotouring.it\/radiotouring104\/wp-content\/uploads\/sites\/6\/2022\/02\/cropped-logo-radio-touring-104.png\",\"width\":377,\"height\":182,\"caption\":\"Radio Touring 104\"},\"image\":{\"@id\":\"https:\/\/progettotouring.it\/radiotouring104\/#\/schema\/logo\/image\/\"}},{\"@type\":\"Person\",\"@id\":\"https:\/\/progettotouring.it\/radiotouring104\/#\/schema\/person\/97ff4f729b79fd682a1cf68c714af29c\",\"name\":\"Andrea Benedetto\",\"image\":{\"@type\":\"ImageObject\",\"inLanguage\":\"it-IT\",\"@id\":\"https:\/\/secure.gravatar.com\/avatar\/28b474e46fd81ca24e23c2a4450ad55141239d9ed3ad65642c2ab5af4baab51a?s=96&d=mm&r=g\",\"url\":\"https:\/\/secure.gravatar.com\/avatar\/28b474e46fd81ca24e23c2a4450ad55141239d9ed3ad65642c2ab5af4baab51a?s=96&d=mm&r=g\",\"contentUrl\":\"https:\/\/secure.gravatar.com\/avatar\/28b474e46fd81ca24e23c2a4450ad55141239d9ed3ad65642c2ab5af4baab51a?s=96&d=mm&r=g\",\"caption\":\"Andrea Benedetto\"},\"url\":\"https:\/\/progettotouring.it\/radiotouring104\/author\/andrea\/\"}]}<\/script>\n<!-- \/ Yoast SEO plugin. -->","yoast_head_json":{"title":"Domenica 18 gennaio \u201cLe Muse\u201d ripartono dalla solidariet\u00e0 con \u201cUna coperta per la vita\u201d - Radio Touring 104","robots":{"index":"index","follow":"follow","max-snippet":"max-snippet:-1","max-image-preview":"max-image-preview:large","max-video-preview":"max-video-preview:-1"},"canonical":"https:\/\/progettotouring.it\/radiotouring104\/2026\/01\/15\/domenica-18-gennaio-le-muse-ripartono-dalla-solidarieta-con-una-coperta-per-la-vita\/","og_locale":"it_IT","og_type":"article","og_title":"Domenica 18 gennaio \u201cLe Muse\u201d ripartono dalla solidariet\u00e0 con \u201cUna coperta per la vita\u201d - Radio Touring 104","og_description":"L\u2019associazione culturale \u201cLe Muse \u2013 Laboratorio delle Arti e delle Lettere\u201d di Reggio Calabria riprende le proprie attivit\u00e0 dopo la pausa natalizia puntando sulla solidariet\u00e0 e sull\u2019impegno sociale. Domenica 18&hellip;","og_url":"https:\/\/progettotouring.it\/radiotouring104\/2026\/01\/15\/domenica-18-gennaio-le-muse-ripartono-dalla-solidarieta-con-una-coperta-per-la-vita\/","og_site_name":"Radio Touring 104","article_published_time":"2026-01-15T17:00:15+00:00","og_image":[{"width":300,"height":300,"url":"https:\/\/progettotouring.it\/radiotouring104\/wp-content\/uploads\/sites\/6\/2026\/01\/IMG_7565.png","type":"image\/png"}],"author":"Andrea Benedetto","twitter_card":"summary_large_image","twitter_misc":{"Scritto da":"Andrea Benedetto","Tempo di lettura stimato":"5 minuti"},"schema":{"@context":"https:\/\/schema.org","@graph":[{"@type":"Article","@id":"https:\/\/progettotouring.it\/radiotouring104\/2026\/01\/15\/domenica-18-gennaio-le-muse-ripartono-dalla-solidarieta-con-una-coperta-per-la-vita\/#article","isPartOf":{"@id":"https:\/\/progettotouring.it\/radiotouring104\/2026\/01\/15\/domenica-18-gennaio-le-muse-ripartono-dalla-solidarieta-con-una-coperta-per-la-vita\/"},"author":{"name":"Andrea Benedetto","@id":"https:\/\/progettotouring.it\/radiotouring104\/#\/schema\/person\/97ff4f729b79fd682a1cf68c714af29c"},"headline":"Domenica 18 gennaio \u201cLe Muse\u201d ripartono dalla solidariet\u00e0 con \u201cUna coperta per la vita\u201d","datePublished":"2026-01-15T17:00:15+00:00","mainEntityOfPage":{"@id":"https:\/\/progettotouring.it\/radiotouring104\/2026\/01\/15\/domenica-18-gennaio-le-muse-ripartono-dalla-solidarieta-con-una-coperta-per-la-vita\/"},"wordCount":940,"publisher":{"@id":"https:\/\/progettotouring.it\/radiotouring104\/#organization"},"image":{"@id":"https:\/\/progettotouring.it\/radiotouring104\/2026\/01\/15\/domenica-18-gennaio-le-muse-ripartono-dalla-solidarieta-con-una-coperta-per-la-vita\/#primaryimage"},"thumbnailUrl":"https:\/\/progettotouring.it\/radiotouring104\/wp-content\/uploads\/sites\/6\/2026\/01\/IMG_7565.png","articleSection":["Calabria","Cultura","Home","News","Reggio Calabria"],"inLanguage":"it-IT"},{"@type":"WebPage","@id":"https:\/\/progettotouring.it\/radiotouring104\/2026\/01\/15\/domenica-18-gennaio-le-muse-ripartono-dalla-solidarieta-con-una-coperta-per-la-vita\/","url":"https:\/\/progettotouring.it\/radiotouring104\/2026\/01\/15\/domenica-18-gennaio-le-muse-ripartono-dalla-solidarieta-con-una-coperta-per-la-vita\/","name":"Domenica 18 gennaio \u201cLe Muse\u201d ripartono dalla solidariet\u00e0 con \u201cUna coperta per la vita\u201d - Radio Touring 104","isPartOf":{"@id":"https:\/\/progettotouring.it\/radiotouring104\/#website"},"primaryImageOfPage":{"@id":"https:\/\/progettotouring.it\/radiotouring104\/2026\/01\/15\/domenica-18-gennaio-le-muse-ripartono-dalla-solidarieta-con-una-coperta-per-la-vita\/#primaryimage"},"image":{"@id":"https:\/\/progettotouring.it\/radiotouring104\/2026\/01\/15\/domenica-18-gennaio-le-muse-ripartono-dalla-solidarieta-con-una-coperta-per-la-vita\/#primaryimage"},"thumbnailUrl":"https:\/\/progettotouring.it\/radiotouring104\/wp-content\/uploads\/sites\/6\/2026\/01\/IMG_7565.png","datePublished":"2026-01-15T17:00:15+00:00","breadcrumb":{"@id":"https:\/\/progettotouring.it\/radiotouring104\/2026\/01\/15\/domenica-18-gennaio-le-muse-ripartono-dalla-solidarieta-con-una-coperta-per-la-vita\/#breadcrumb"},"inLanguage":"it-IT","potentialAction":[{"@type":"ReadAction","target":["https:\/\/progettotouring.it\/radiotouring104\/2026\/01\/15\/domenica-18-gennaio-le-muse-ripartono-dalla-solidarieta-con-una-coperta-per-la-vita\/"]}]},{"@type":"ImageObject","inLanguage":"it-IT","@id":"https:\/\/progettotouring.it\/radiotouring104\/2026\/01\/15\/domenica-18-gennaio-le-muse-ripartono-dalla-solidarieta-con-una-coperta-per-la-vita\/#primaryimage","url":"https:\/\/progettotouring.it\/radiotouring104\/wp-content\/uploads\/sites\/6\/2026\/01\/IMG_7565.png","contentUrl":"https:\/\/progettotouring.it\/radiotouring104\/wp-content\/uploads\/sites\/6\/2026\/01\/IMG_7565.png","width":300,"height":300},{"@type":"BreadcrumbList","@id":"https:\/\/progettotouring.it\/radiotouring104\/2026\/01\/15\/domenica-18-gennaio-le-muse-ripartono-dalla-solidarieta-con-una-coperta-per-la-vita\/#breadcrumb","itemListElement":[{"@type":"ListItem","position":1,"name":"Home","item":"https:\/\/progettotouring.it\/radiotouring104\/"},{"@type":"ListItem","position":2,"name":"Domenica 18 gennaio \u201cLe Muse\u201d ripartono dalla solidariet\u00e0 con \u201cUna coperta per la vita\u201d"}]},{"@type":"WebSite","@id":"https:\/\/progettotouring.it\/radiotouring104\/#website","url":"https:\/\/progettotouring.it\/radiotouring104\/","name":"Radio Touring 104","description":"La prima radio Reggina","publisher":{"@id":"https:\/\/progettotouring.it\/radiotouring104\/#organization"},"potentialAction":[{"@type":"SearchAction","target":{"@type":"EntryPoint","urlTemplate":"https:\/\/progettotouring.it\/radiotouring104\/?s={search_term_string}"},"query-input":{"@type":"PropertyValueSpecification","valueRequired":true,"valueName":"search_term_string"}}],"inLanguage":"it-IT"},{"@type":"Organization","@id":"https:\/\/progettotouring.it\/radiotouring104\/#organization","name":"Radio Touring 104","url":"https:\/\/progettotouring.it\/radiotouring104\/","logo":{"@type":"ImageObject","inLanguage":"it-IT","@id":"https:\/\/progettotouring.it\/radiotouring104\/#\/schema\/logo\/image\/","url":"https:\/\/progettotouring.it\/radiotouring104\/wp-content\/uploads\/sites\/6\/2022\/02\/cropped-logo-radio-touring-104.png","contentUrl":"https:\/\/progettotouring.it\/radiotouring104\/wp-content\/uploads\/sites\/6\/2022\/02\/cropped-logo-radio-touring-104.png","width":377,"height":182,"caption":"Radio Touring 104"},"image":{"@id":"https:\/\/progettotouring.it\/radiotouring104\/#\/schema\/logo\/image\/"}},{"@type":"Person","@id":"https:\/\/progettotouring.it\/radiotouring104\/#\/schema\/person\/97ff4f729b79fd682a1cf68c714af29c","name":"Andrea Benedetto","image":{"@type":"ImageObject","inLanguage":"it-IT","@id":"https:\/\/secure.gravatar.com\/avatar\/28b474e46fd81ca24e23c2a4450ad55141239d9ed3ad65642c2ab5af4baab51a?s=96&d=mm&r=g","url":"https:\/\/secure.gravatar.com\/avatar\/28b474e46fd81ca24e23c2a4450ad55141239d9ed3ad65642c2ab5af4baab51a?s=96&d=mm&r=g","contentUrl":"https:\/\/secure.gravatar.com\/avatar\/28b474e46fd81ca24e23c2a4450ad55141239d9ed3ad65642c2ab5af4baab51a?s=96&d=mm&r=g","caption":"Andrea Benedetto"},"url":"https:\/\/progettotouring.it\/radiotouring104\/author\/andrea\/"}]}},"jetpack_publicize_connections":[],"jetpack_featured_media_url":"https:\/\/progettotouring.it\/radiotouring104\/wp-content\/uploads\/sites\/6\/2026\/01\/IMG_7565.png","jetpack_sharing_enabled":true,"_links":{"self":[{"href":"https:\/\/progettotouring.it\/radiotouring104\/wp-json\/wp\/v2\/posts\/88923","targetHints":{"allow":["GET"]}}],"collection":[{"href":"https:\/\/progettotouring.it\/radiotouring104\/wp-json\/wp\/v2\/posts"}],"about":[{"href":"https:\/\/progettotouring.it\/radiotouring104\/wp-json\/wp\/v2\/types\/post"}],"author":[{"embeddable":true,"href":"https:\/\/progettotouring.it\/radiotouring104\/wp-json\/wp\/v2\/users\/18"}],"replies":[{"embeddable":true,"href":"https:\/\/progettotouring.it\/radiotouring104\/wp-json\/wp\/v2\/comments?post=88923"}],"version-history":[{"count":1,"href":"https:\/\/progettotouring.it\/radiotouring104\/wp-json\/wp\/v2\/posts\/88923\/revisions"}],"predecessor-version":[{"id":88925,"href":"https:\/\/progettotouring.it\/radiotouring104\/wp-json\/wp\/v2\/posts\/88923\/revisions\/88925"}],"wp:featuredmedia":[{"embeddable":true,"href":"https:\/\/progettotouring.it\/radiotouring104\/wp-json\/wp\/v2\/media\/88924"}],"wp:attachment":[{"href":"https:\/\/progettotouring.it\/radiotouring104\/wp-json\/wp\/v2\/media?parent=88923"}],"wp:term":[{"taxonomy":"category","embeddable":true,"href":"https:\/\/progettotouring.it\/radiotouring104\/wp-json\/wp\/v2\/categories?post=88923"},{"taxonomy":"post_tag","embeddable":true,"href":"https:\/\/progettotouring.it\/radiotouring104\/wp-json\/wp\/v2\/tags?post=88923"}],"curies":[{"name":"wp","href":"https:\/\/api.w.org\/{rel}","templated":true}]}}