{"id":89001,"date":"2024-02-21T19:30:54","date_gmt":"2024-02-21T18:30:54","guid":{"rendered":"https:\/\/progettotouring.it\/radiotouring104\/?p=89001"},"modified":"2026-01-16T22:28:49","modified_gmt":"2026-01-16T21:28:49","slug":"cutro-lucano-a-un-anno-dal-naufragio-il-mondo-va-nella-direzione-sbagliata","status":"publish","type":"post","link":"https:\/\/progettotouring.it\/radiotouring104\/2024\/02\/21\/cutro-lucano-a-un-anno-dal-naufragio-il-mondo-va-nella-direzione-sbagliata\/","title":{"rendered":"Cutro, Lucano: \u201cA un anno dal naufragio il mondo va nella direzione sbagliata\u201d"},"content":{"rendered":"<p>A un anno dal naufragio di Steccato di Cutro, in cui persero la vita 94 persone, tra cui 35 minori, il bilancio umano e politico di quanto accade nel Mediterraneo resta drammatico. A sostenerlo \u00e8 Mimmo Lucano, intervenuto all\u2019iniziativa \u201cNoi non dimentichiamo\u201d, promossa dalla Cgil insieme ad Arci Crotone, Agor\u00e0 Kroton, Anpi, Baobab, Kroton Community, Prociv Arci Isola di Capo Rizzuto e Orizzonti Nuovi, a pochi giorni dall\u2019anniversario della tragedia.<\/p>\n<p><em>\u201cLa causa principale di quello che accade nel Mediterraneo \u00e8 del neocolonialismo e di chi obbliga le persone a intraprendere questo viaggio, siamo noi i Paesi occidentali con i nostri privilegi le nostre ricchezze ad obbligare quelle persone a intraprendere dei viaggi, ma non sono loro i produttori delle armi o chi va a saccheggiare i territori\u201d.<\/em><\/p>\n<p>Lucano ha poi tracciato un quadro ancora pi\u00f9 cupo rispetto allo scorso anno, sottolineando come lo scenario internazionale sia ulteriormente peggiorato.<\/p>\n<p><em>\u201cAd un anno da quell\u2019evento &#8211; ha aggiunto Lucano &#8211; il mondo \u00e8 peggiorato.<\/em><br \/>\n<em>Le guerre che si stanno facendo hanno delle matrici abbastanza simili. Il nostro impegno sembra uno sforzo inutile. Non riusciamo a fare sentire la nostra voce mentre chi \u00e8 responsabile di queste tragedie \u00e8 pi\u00f9 efficace di noi. Quale alternativa abbiamo, rassegnarci? Io posso dire ho tentato una soluzione che ribalta completamente il pensiero delle destre. Se proprio c\u2019\u00e8 un nemico ecco, per me \u00e8 il pensiero della destra mondiale, della destra del governo israeliano, della destra del Governo italiano\u201d.<\/em><\/p>\n<p>Nel suo intervento, l\u2019ex sindaco di Riace ha anche ricordato le polemiche seguite al naufragio, criticando duramente le posizioni espresse da esponenti dell\u2019esecutivo.<\/p>\n<p><em>\u201c\u00c8 stato assurdo ascoltare un anno fa, in quegli attimi drammatici &#8211; ha sostenuto ancora l\u2019ex sindaco di Riace &#8211; rappresentanti del Governo che davano delle responsabilit\u00e0 ai migranti, dando agli scafisti la responsabilit\u00e0 principale. La verit\u00e0 \u00e8 che obblighiamo le persone ad avere come unica soluzione quella di intraprendere i viaggi della speranza che spesso sono i viaggi della disperazione\u201d.<\/em><\/p>\n","protected":false},"excerpt":{"rendered":"<p>A un anno dal naufragio di Steccato di Cutro, in cui persero la vita 94 persone, tra cui 35 minori, il bilancio umano e politico di quanto accade nel Mediterraneo&hellip;<\/p>\n","protected":false},"author":18,"featured_media":36828,"comment_status":"closed","ping_status":"open","sticky":false,"template":"","format":"standard","meta":{"_jetpack_memberships_contains_paid_content":false,"footnotes":"","jetpack_publicize_message":"","jetpack_publicize_feature_enabled":true,"jetpack_social_post_already_shared":true,"jetpack_social_options":{"image_generator_settings":{"template":"highway","default_image_id":0,"font":"","enabled":false},"version":2}},"categories":[196],"tags":[],"class_list":["post-89001","post","type-post","status-publish","format-standard","has-post-thumbnail","hentry","category-news"],"yoast_head":"<!-- This site is optimized with the Yoast SEO plugin v27.2 - https:\/\/yoast.com\/product\/yoast-seo-wordpress\/ -->\n<title>Cutro, Lucano: \u201cA un anno dal naufragio il mondo va nella direzione sbagliata\u201d - Radio Touring 104<\/title>\n<meta name=\"robots\" content=\"index, follow, max-snippet:-1, max-image-preview:large, max-video-preview:-1\" \/>\n<link rel=\"canonical\" href=\"https:\/\/progettotouring.it\/radiotouring104\/2024\/02\/21\/cutro-lucano-a-un-anno-dal-naufragio-il-mondo-va-nella-direzione-sbagliata\/\" \/>\n<meta property=\"og:locale\" content=\"it_IT\" \/>\n<meta property=\"og:type\" content=\"article\" \/>\n<meta property=\"og:title\" content=\"Cutro, Lucano: \u201cA un anno dal naufragio il mondo va nella direzione sbagliata\u201d - Radio Touring 104\" \/>\n<meta property=\"og:description\" content=\"A un anno dal naufragio di Steccato di Cutro, in cui persero la vita 94 persone, tra cui 35 minori, il bilancio umano e politico di quanto accade nel Mediterraneo&hellip;\" \/>\n<meta property=\"og:url\" content=\"https:\/\/progettotouring.it\/radiotouring104\/2024\/02\/21\/cutro-lucano-a-un-anno-dal-naufragio-il-mondo-va-nella-direzione-sbagliata\/\" \/>\n<meta property=\"og:site_name\" content=\"Radio Touring 104\" \/>\n<meta property=\"article:published_time\" content=\"2024-02-21T18:30:54+00:00\" \/>\n<meta property=\"article:modified_time\" content=\"2026-01-16T21:28:49+00:00\" \/>\n<meta property=\"og:image\" content=\"https:\/\/progettotouring.it\/radiotouring104\/wp-content\/uploads\/sites\/6\/2023\/10\/lucano-mimmo.jpg\" \/>\n\t<meta property=\"og:image:width\" content=\"774\" \/>\n\t<meta property=\"og:image:height\" content=\"516\" \/>\n\t<meta property=\"og:image:type\" content=\"image\/jpeg\" \/>\n<meta name=\"author\" content=\"Andrea Benedetto\" \/>\n<meta name=\"twitter:card\" content=\"summary_large_image\" \/>\n<meta name=\"twitter:label1\" content=\"Scritto da\" \/>\n\t<meta name=\"twitter:data1\" content=\"Andrea Benedetto\" \/>\n\t<meta name=\"twitter:label2\" content=\"Tempo di lettura stimato\" \/>\n\t<meta name=\"twitter:data2\" content=\"2 minuti\" \/>\n<script type=\"application\/ld+json\" class=\"yoast-schema-graph\">{\"@context\":\"https:\/\/schema.org\",\"@graph\":[{\"@type\":\"Article\",\"@id\":\"https:\/\/progettotouring.it\/radiotouring104\/2024\/02\/21\/cutro-lucano-a-un-anno-dal-naufragio-il-mondo-va-nella-direzione-sbagliata\/#article\",\"isPartOf\":{\"@id\":\"https:\/\/progettotouring.it\/radiotouring104\/2024\/02\/21\/cutro-lucano-a-un-anno-dal-naufragio-il-mondo-va-nella-direzione-sbagliata\/\"},\"author\":{\"name\":\"Andrea Benedetto\",\"@id\":\"https:\/\/progettotouring.it\/radiotouring104\/#\/schema\/person\/97ff4f729b79fd682a1cf68c714af29c\"},\"headline\":\"Cutro, Lucano: \u201cA un anno dal naufragio il mondo va nella direzione sbagliata\u201d\",\"datePublished\":\"2024-02-21T18:30:54+00:00\",\"dateModified\":\"2026-01-16T21:28:49+00:00\",\"mainEntityOfPage\":{\"@id\":\"https:\/\/progettotouring.it\/radiotouring104\/2024\/02\/21\/cutro-lucano-a-un-anno-dal-naufragio-il-mondo-va-nella-direzione-sbagliata\/\"},\"wordCount\":335,\"publisher\":{\"@id\":\"https:\/\/progettotouring.it\/radiotouring104\/#organization\"},\"image\":{\"@id\":\"https:\/\/progettotouring.it\/radiotouring104\/2024\/02\/21\/cutro-lucano-a-un-anno-dal-naufragio-il-mondo-va-nella-direzione-sbagliata\/#primaryimage\"},\"thumbnailUrl\":\"https:\/\/progettotouring.it\/radiotouring104\/wp-content\/uploads\/sites\/6\/2023\/10\/lucano-mimmo.jpg\",\"articleSection\":[\"News\"],\"inLanguage\":\"it-IT\"},{\"@type\":\"WebPage\",\"@id\":\"https:\/\/progettotouring.it\/radiotouring104\/2024\/02\/21\/cutro-lucano-a-un-anno-dal-naufragio-il-mondo-va-nella-direzione-sbagliata\/\",\"url\":\"https:\/\/progettotouring.it\/radiotouring104\/2024\/02\/21\/cutro-lucano-a-un-anno-dal-naufragio-il-mondo-va-nella-direzione-sbagliata\/\",\"name\":\"Cutro, Lucano: \u201cA un anno dal naufragio il mondo va nella direzione sbagliata\u201d - Radio Touring 104\",\"isPartOf\":{\"@id\":\"https:\/\/progettotouring.it\/radiotouring104\/#website\"},\"primaryImageOfPage\":{\"@id\":\"https:\/\/progettotouring.it\/radiotouring104\/2024\/02\/21\/cutro-lucano-a-un-anno-dal-naufragio-il-mondo-va-nella-direzione-sbagliata\/#primaryimage\"},\"image\":{\"@id\":\"https:\/\/progettotouring.it\/radiotouring104\/2024\/02\/21\/cutro-lucano-a-un-anno-dal-naufragio-il-mondo-va-nella-direzione-sbagliata\/#primaryimage\"},\"thumbnailUrl\":\"https:\/\/progettotouring.it\/radiotouring104\/wp-content\/uploads\/sites\/6\/2023\/10\/lucano-mimmo.jpg\",\"datePublished\":\"2024-02-21T18:30:54+00:00\",\"dateModified\":\"2026-01-16T21:28:49+00:00\",\"breadcrumb\":{\"@id\":\"https:\/\/progettotouring.it\/radiotouring104\/2024\/02\/21\/cutro-lucano-a-un-anno-dal-naufragio-il-mondo-va-nella-direzione-sbagliata\/#breadcrumb\"},\"inLanguage\":\"it-IT\",\"potentialAction\":[{\"@type\":\"ReadAction\",\"target\":[\"https:\/\/progettotouring.it\/radiotouring104\/2024\/02\/21\/cutro-lucano-a-un-anno-dal-naufragio-il-mondo-va-nella-direzione-sbagliata\/\"]}]},{\"@type\":\"ImageObject\",\"inLanguage\":\"it-IT\",\"@id\":\"https:\/\/progettotouring.it\/radiotouring104\/2024\/02\/21\/cutro-lucano-a-un-anno-dal-naufragio-il-mondo-va-nella-direzione-sbagliata\/#primaryimage\",\"url\":\"https:\/\/progettotouring.it\/radiotouring104\/wp-content\/uploads\/sites\/6\/2023\/10\/lucano-mimmo.jpg\",\"contentUrl\":\"https:\/\/progettotouring.it\/radiotouring104\/wp-content\/uploads\/sites\/6\/2023\/10\/lucano-mimmo.jpg\",\"width\":774,\"height\":516},{\"@type\":\"BreadcrumbList\",\"@id\":\"https:\/\/progettotouring.it\/radiotouring104\/2024\/02\/21\/cutro-lucano-a-un-anno-dal-naufragio-il-mondo-va-nella-direzione-sbagliata\/#breadcrumb\",\"itemListElement\":[{\"@type\":\"ListItem\",\"position\":1,\"name\":\"Home\",\"item\":\"https:\/\/progettotouring.it\/radiotouring104\/\"},{\"@type\":\"ListItem\",\"position\":2,\"name\":\"Cutro, Lucano: \u201cA un anno dal naufragio il mondo va nella direzione sbagliata\u201d\"}]},{\"@type\":\"WebSite\",\"@id\":\"https:\/\/progettotouring.it\/radiotouring104\/#website\",\"url\":\"https:\/\/progettotouring.it\/radiotouring104\/\",\"name\":\"Radio Touring 104\",\"description\":\"La prima radio Reggina\",\"publisher\":{\"@id\":\"https:\/\/progettotouring.it\/radiotouring104\/#organization\"},\"potentialAction\":[{\"@type\":\"SearchAction\",\"target\":{\"@type\":\"EntryPoint\",\"urlTemplate\":\"https:\/\/progettotouring.it\/radiotouring104\/?s={search_term_string}\"},\"query-input\":{\"@type\":\"PropertyValueSpecification\",\"valueRequired\":true,\"valueName\":\"search_term_string\"}}],\"inLanguage\":\"it-IT\"},{\"@type\":\"Organization\",\"@id\":\"https:\/\/progettotouring.it\/radiotouring104\/#organization\",\"name\":\"Radio Touring 104\",\"url\":\"https:\/\/progettotouring.it\/radiotouring104\/\",\"logo\":{\"@type\":\"ImageObject\",\"inLanguage\":\"it-IT\",\"@id\":\"https:\/\/progettotouring.it\/radiotouring104\/#\/schema\/logo\/image\/\",\"url\":\"https:\/\/progettotouring.it\/radiotouring104\/wp-content\/uploads\/sites\/6\/2022\/02\/cropped-logo-radio-touring-104.png\",\"contentUrl\":\"https:\/\/progettotouring.it\/radiotouring104\/wp-content\/uploads\/sites\/6\/2022\/02\/cropped-logo-radio-touring-104.png\",\"width\":377,\"height\":182,\"caption\":\"Radio Touring 104\"},\"image\":{\"@id\":\"https:\/\/progettotouring.it\/radiotouring104\/#\/schema\/logo\/image\/\"}},{\"@type\":\"Person\",\"@id\":\"https:\/\/progettotouring.it\/radiotouring104\/#\/schema\/person\/97ff4f729b79fd682a1cf68c714af29c\",\"name\":\"Andrea Benedetto\",\"image\":{\"@type\":\"ImageObject\",\"inLanguage\":\"it-IT\",\"@id\":\"https:\/\/secure.gravatar.com\/avatar\/28b474e46fd81ca24e23c2a4450ad55141239d9ed3ad65642c2ab5af4baab51a?s=96&d=mm&r=g\",\"url\":\"https:\/\/secure.gravatar.com\/avatar\/28b474e46fd81ca24e23c2a4450ad55141239d9ed3ad65642c2ab5af4baab51a?s=96&d=mm&r=g\",\"contentUrl\":\"https:\/\/secure.gravatar.com\/avatar\/28b474e46fd81ca24e23c2a4450ad55141239d9ed3ad65642c2ab5af4baab51a?s=96&d=mm&r=g\",\"caption\":\"Andrea Benedetto\"},\"url\":\"https:\/\/progettotouring.it\/radiotouring104\/author\/andrea\/\"}]}<\/script>\n<!-- \/ Yoast SEO plugin. -->","yoast_head_json":{"title":"Cutro, Lucano: \u201cA un anno dal naufragio il mondo va nella direzione sbagliata\u201d - Radio Touring 104","robots":{"index":"index","follow":"follow","max-snippet":"max-snippet:-1","max-image-preview":"max-image-preview:large","max-video-preview":"max-video-preview:-1"},"canonical":"https:\/\/progettotouring.it\/radiotouring104\/2024\/02\/21\/cutro-lucano-a-un-anno-dal-naufragio-il-mondo-va-nella-direzione-sbagliata\/","og_locale":"it_IT","og_type":"article","og_title":"Cutro, Lucano: \u201cA un anno dal naufragio il mondo va nella direzione sbagliata\u201d - Radio Touring 104","og_description":"A un anno dal naufragio di Steccato di Cutro, in cui persero la vita 94 persone, tra cui 35 minori, il bilancio umano e politico di quanto accade nel Mediterraneo&hellip;","og_url":"https:\/\/progettotouring.it\/radiotouring104\/2024\/02\/21\/cutro-lucano-a-un-anno-dal-naufragio-il-mondo-va-nella-direzione-sbagliata\/","og_site_name":"Radio Touring 104","article_published_time":"2024-02-21T18:30:54+00:00","article_modified_time":"2026-01-16T21:28:49+00:00","og_image":[{"width":774,"height":516,"url":"https:\/\/progettotouring.it\/radiotouring104\/wp-content\/uploads\/sites\/6\/2023\/10\/lucano-mimmo.jpg","type":"image\/jpeg"}],"author":"Andrea Benedetto","twitter_card":"summary_large_image","twitter_misc":{"Scritto da":"Andrea Benedetto","Tempo di lettura stimato":"2 minuti"},"schema":{"@context":"https:\/\/schema.org","@graph":[{"@type":"Article","@id":"https:\/\/progettotouring.it\/radiotouring104\/2024\/02\/21\/cutro-lucano-a-un-anno-dal-naufragio-il-mondo-va-nella-direzione-sbagliata\/#article","isPartOf":{"@id":"https:\/\/progettotouring.it\/radiotouring104\/2024\/02\/21\/cutro-lucano-a-un-anno-dal-naufragio-il-mondo-va-nella-direzione-sbagliata\/"},"author":{"name":"Andrea Benedetto","@id":"https:\/\/progettotouring.it\/radiotouring104\/#\/schema\/person\/97ff4f729b79fd682a1cf68c714af29c"},"headline":"Cutro, Lucano: \u201cA un anno dal naufragio il mondo va nella direzione sbagliata\u201d","datePublished":"2024-02-21T18:30:54+00:00","dateModified":"2026-01-16T21:28:49+00:00","mainEntityOfPage":{"@id":"https:\/\/progettotouring.it\/radiotouring104\/2024\/02\/21\/cutro-lucano-a-un-anno-dal-naufragio-il-mondo-va-nella-direzione-sbagliata\/"},"wordCount":335,"publisher":{"@id":"https:\/\/progettotouring.it\/radiotouring104\/#organization"},"image":{"@id":"https:\/\/progettotouring.it\/radiotouring104\/2024\/02\/21\/cutro-lucano-a-un-anno-dal-naufragio-il-mondo-va-nella-direzione-sbagliata\/#primaryimage"},"thumbnailUrl":"https:\/\/progettotouring.it\/radiotouring104\/wp-content\/uploads\/sites\/6\/2023\/10\/lucano-mimmo.jpg","articleSection":["News"],"inLanguage":"it-IT"},{"@type":"WebPage","@id":"https:\/\/progettotouring.it\/radiotouring104\/2024\/02\/21\/cutro-lucano-a-un-anno-dal-naufragio-il-mondo-va-nella-direzione-sbagliata\/","url":"https:\/\/progettotouring.it\/radiotouring104\/2024\/02\/21\/cutro-lucano-a-un-anno-dal-naufragio-il-mondo-va-nella-direzione-sbagliata\/","name":"Cutro, Lucano: \u201cA un anno dal naufragio il mondo va nella direzione sbagliata\u201d - Radio Touring 104","isPartOf":{"@id":"https:\/\/progettotouring.it\/radiotouring104\/#website"},"primaryImageOfPage":{"@id":"https:\/\/progettotouring.it\/radiotouring104\/2024\/02\/21\/cutro-lucano-a-un-anno-dal-naufragio-il-mondo-va-nella-direzione-sbagliata\/#primaryimage"},"image":{"@id":"https:\/\/progettotouring.it\/radiotouring104\/2024\/02\/21\/cutro-lucano-a-un-anno-dal-naufragio-il-mondo-va-nella-direzione-sbagliata\/#primaryimage"},"thumbnailUrl":"https:\/\/progettotouring.it\/radiotouring104\/wp-content\/uploads\/sites\/6\/2023\/10\/lucano-mimmo.jpg","datePublished":"2024-02-21T18:30:54+00:00","dateModified":"2026-01-16T21:28:49+00:00","breadcrumb":{"@id":"https:\/\/progettotouring.it\/radiotouring104\/2024\/02\/21\/cutro-lucano-a-un-anno-dal-naufragio-il-mondo-va-nella-direzione-sbagliata\/#breadcrumb"},"inLanguage":"it-IT","potentialAction":[{"@type":"ReadAction","target":["https:\/\/progettotouring.it\/radiotouring104\/2024\/02\/21\/cutro-lucano-a-un-anno-dal-naufragio-il-mondo-va-nella-direzione-sbagliata\/"]}]},{"@type":"ImageObject","inLanguage":"it-IT","@id":"https:\/\/progettotouring.it\/radiotouring104\/2024\/02\/21\/cutro-lucano-a-un-anno-dal-naufragio-il-mondo-va-nella-direzione-sbagliata\/#primaryimage","url":"https:\/\/progettotouring.it\/radiotouring104\/wp-content\/uploads\/sites\/6\/2023\/10\/lucano-mimmo.jpg","contentUrl":"https:\/\/progettotouring.it\/radiotouring104\/wp-content\/uploads\/sites\/6\/2023\/10\/lucano-mimmo.jpg","width":774,"height":516},{"@type":"BreadcrumbList","@id":"https:\/\/progettotouring.it\/radiotouring104\/2024\/02\/21\/cutro-lucano-a-un-anno-dal-naufragio-il-mondo-va-nella-direzione-sbagliata\/#breadcrumb","itemListElement":[{"@type":"ListItem","position":1,"name":"Home","item":"https:\/\/progettotouring.it\/radiotouring104\/"},{"@type":"ListItem","position":2,"name":"Cutro, Lucano: \u201cA un anno dal naufragio il mondo va nella direzione sbagliata\u201d"}]},{"@type":"WebSite","@id":"https:\/\/progettotouring.it\/radiotouring104\/#website","url":"https:\/\/progettotouring.it\/radiotouring104\/","name":"Radio Touring 104","description":"La prima radio Reggina","publisher":{"@id":"https:\/\/progettotouring.it\/radiotouring104\/#organization"},"potentialAction":[{"@type":"SearchAction","target":{"@type":"EntryPoint","urlTemplate":"https:\/\/progettotouring.it\/radiotouring104\/?s={search_term_string}"},"query-input":{"@type":"PropertyValueSpecification","valueRequired":true,"valueName":"search_term_string"}}],"inLanguage":"it-IT"},{"@type":"Organization","@id":"https:\/\/progettotouring.it\/radiotouring104\/#organization","name":"Radio Touring 104","url":"https:\/\/progettotouring.it\/radiotouring104\/","logo":{"@type":"ImageObject","inLanguage":"it-IT","@id":"https:\/\/progettotouring.it\/radiotouring104\/#\/schema\/logo\/image\/","url":"https:\/\/progettotouring.it\/radiotouring104\/wp-content\/uploads\/sites\/6\/2022\/02\/cropped-logo-radio-touring-104.png","contentUrl":"https:\/\/progettotouring.it\/radiotouring104\/wp-content\/uploads\/sites\/6\/2022\/02\/cropped-logo-radio-touring-104.png","width":377,"height":182,"caption":"Radio Touring 104"},"image":{"@id":"https:\/\/progettotouring.it\/radiotouring104\/#\/schema\/logo\/image\/"}},{"@type":"Person","@id":"https:\/\/progettotouring.it\/radiotouring104\/#\/schema\/person\/97ff4f729b79fd682a1cf68c714af29c","name":"Andrea Benedetto","image":{"@type":"ImageObject","inLanguage":"it-IT","@id":"https:\/\/secure.gravatar.com\/avatar\/28b474e46fd81ca24e23c2a4450ad55141239d9ed3ad65642c2ab5af4baab51a?s=96&d=mm&r=g","url":"https:\/\/secure.gravatar.com\/avatar\/28b474e46fd81ca24e23c2a4450ad55141239d9ed3ad65642c2ab5af4baab51a?s=96&d=mm&r=g","contentUrl":"https:\/\/secure.gravatar.com\/avatar\/28b474e46fd81ca24e23c2a4450ad55141239d9ed3ad65642c2ab5af4baab51a?s=96&d=mm&r=g","caption":"Andrea Benedetto"},"url":"https:\/\/progettotouring.it\/radiotouring104\/author\/andrea\/"}]}},"jetpack_publicize_connections":[],"jetpack_featured_media_url":"https:\/\/progettotouring.it\/radiotouring104\/wp-content\/uploads\/sites\/6\/2023\/10\/lucano-mimmo.jpg","jetpack_sharing_enabled":true,"_links":{"self":[{"href":"https:\/\/progettotouring.it\/radiotouring104\/wp-json\/wp\/v2\/posts\/89001","targetHints":{"allow":["GET"]}}],"collection":[{"href":"https:\/\/progettotouring.it\/radiotouring104\/wp-json\/wp\/v2\/posts"}],"about":[{"href":"https:\/\/progettotouring.it\/radiotouring104\/wp-json\/wp\/v2\/types\/post"}],"author":[{"embeddable":true,"href":"https:\/\/progettotouring.it\/radiotouring104\/wp-json\/wp\/v2\/users\/18"}],"replies":[{"embeddable":true,"href":"https:\/\/progettotouring.it\/radiotouring104\/wp-json\/wp\/v2\/comments?post=89001"}],"version-history":[{"count":1,"href":"https:\/\/progettotouring.it\/radiotouring104\/wp-json\/wp\/v2\/posts\/89001\/revisions"}],"predecessor-version":[{"id":89002,"href":"https:\/\/progettotouring.it\/radiotouring104\/wp-json\/wp\/v2\/posts\/89001\/revisions\/89002"}],"wp:featuredmedia":[{"embeddable":true,"href":"https:\/\/progettotouring.it\/radiotouring104\/wp-json\/wp\/v2\/media\/36828"}],"wp:attachment":[{"href":"https:\/\/progettotouring.it\/radiotouring104\/wp-json\/wp\/v2\/media?parent=89001"}],"wp:term":[{"taxonomy":"category","embeddable":true,"href":"https:\/\/progettotouring.it\/radiotouring104\/wp-json\/wp\/v2\/categories?post=89001"},{"taxonomy":"post_tag","embeddable":true,"href":"https:\/\/progettotouring.it\/radiotouring104\/wp-json\/wp\/v2\/tags?post=89001"}],"curies":[{"name":"wp","href":"https:\/\/api.w.org\/{rel}","templated":true}]}}