{"id":89250,"date":"2026-01-20T12:00:57","date_gmt":"2026-01-20T11:00:57","guid":{"rendered":"https:\/\/progettotouring.it\/radiotouring104\/?p=89250"},"modified":"2026-01-20T12:39:12","modified_gmt":"2026-01-20T11:39:12","slug":"maltempo-in-calabria-falcomata-pd-la-regione-vari-subito-uno-stanziamento-straordinario","status":"publish","type":"post","link":"https:\/\/progettotouring.it\/radiotouring104\/2026\/01\/20\/maltempo-in-calabria-falcomata-pd-la-regione-vari-subito-uno-stanziamento-straordinario\/","title":{"rendered":"Maltempo in Calabria, Falcomat\u00e0 (PD): &#8220;La Regione vari subito uno stanziamento straordinario&#8221;"},"content":{"rendered":"<p>&#8220;Di fronte alla devastazione che in queste ore sta colpendo diverse aree della nostra regione, e in particolare i centri costieri flagellati da mareggiate di violenza inaudita, non c&#8217;\u00e8 tempo per la burocrazia ordinaria. La Regione Calabria si attivi immediatamente destinando un fondo straordinario per il sostegno diretto ai Comuni colpiti. I Sindaci e le comunit\u00e0 locali, che stanno fronteggiando in prima linea le gravi conseguenze di questa ondata di maltempo, non possono essere lasciati soli a combattere con armi spuntate&#8221;. \u00c8 quanto afferma in una nota il Consigliere regionale del Partito Democratico, Giuseppe Falcomat\u00e0, intervenendo sulla grave emergenza meteo che sta interessando la Calabria.<\/p>\n<p>&nbsp;<\/p>\n<p>&#8220;\u00c8 necessario che la Cittadella si muova da subito,&#8221; prosegue Falcomat\u00e0, &#8220;prevedendo uno stanziamento cospicuo, basato sulla ricognizione dei danni che le amministrazioni locali stanno gi\u00e0 avviando con grande difficolt\u00e0. Non parliamo solo di opere pubbliche divelte, ma di interi tratti di lungomare cancellati, attivit\u00e0 commerciali a rischio e infrastrutture viarie compromesse dall&#8217;erosione costiera e dagli allagamenti. I bilanci comunali non possono reggere l&#8217;urto di una ricostruzione che si preannuncia onerosa e complessa&#8221;.<\/p>\n<p>&nbsp;<\/p>\n<p>Il Consigliere dem rivolge poi un appello diretto ai vertici della Giunta regionale: &#8220;Il Presidente Occhiuto interloquisca con forza e autorevolezza con il Governo centrale. Non bastano le visite di cortesia: serve chiedere che le massime istituzioni nazionali diano un segnale di presenza concreto, riconoscendo immediatamente lo Stato di Calamit\u00e0 per i territori colpiti. Si attivino da subito le procedure per il ristoro dei danni subiti dai privati e dalle imprese balneari, gi\u00e0 duramente provate, e si sblocchino fondi speciali per la difesa del suolo&#8221;.<\/p>\n<p>&nbsp;<\/p>\n<p>&#8220;Come Partito Democratico,&#8221; conclude Falcomat\u00e0, &#8220;saremo vigili affinch\u00e9 si proceda ad una rapida ricostruzione. Non accetteremo passerelle elettorali sulle macerie: monitoreremo che le risorse arrivino davvero a destinazione e in tempi rapidi. La sicurezza del territorio e la tutela delle nostre coste devono diventare la priorit\u00e0 assoluta dell&#8217;agenda politica regionale, uscendo dalla logica dell&#8217;emergenza per entrare in quella della prevenzione strutturale&#8221;.<\/p>\n","protected":false},"excerpt":{"rendered":"<p>&#8220;Di fronte alla devastazione che in queste ore sta colpendo diverse aree della nostra regione, e in particolare i centri costieri flagellati da mareggiate di violenza inaudita, non c&#8217;\u00e8 tempo&hellip;<\/p>\n","protected":false},"author":5,"featured_media":85977,"comment_status":"closed","ping_status":"open","sticky":false,"template":"","format":"standard","meta":{"_jetpack_memberships_contains_paid_content":false,"footnotes":"","jetpack_publicize_message":"","jetpack_publicize_feature_enabled":true,"jetpack_social_post_already_shared":true,"jetpack_social_options":{"image_generator_settings":{"template":"highway","default_image_id":0,"font":"","enabled":false},"version":2}},"categories":[921,150,196,140],"tags":[50321,812,6705,50322,219,50320,50319],"class_list":["post-89250","post","type-post","status-publish","format-standard","has-post-thumbnail","hentry","category-home","category-in-primo-piano","category-news","category-reggio-calabria","tag-danni-causati-dalle-mareggiate","tag-giuseppe-falcomata","tag-maltempo-in-calabria","tag-occhiuto-pretenda-risposte-immediate-dal-governo","tag-regione-calabria","tag-richiesta","tag-stanziamento-straordinario"],"yoast_head":"<!-- This site is optimized with the Yoast SEO plugin v27.2 - https:\/\/yoast.com\/product\/yoast-seo-wordpress\/ -->\n<title>Maltempo in Calabria, Falcomat\u00e0 (PD): &quot;La Regione vari subito uno stanziamento straordinario&quot; - Radio Touring 104<\/title>\n<meta name=\"description\" content=\"&quot;Occhiuto pretenda risposte immediate dal Governo&quot;, dichiara il consigliere regionale invocando misure urgenti contro le mareggiate\" \/>\n<meta name=\"robots\" content=\"index, follow, max-snippet:-1, max-image-preview:large, max-video-preview:-1\" \/>\n<link rel=\"canonical\" href=\"https:\/\/progettotouring.it\/radiotouring104\/2026\/01\/20\/maltempo-in-calabria-falcomata-pd-la-regione-vari-subito-uno-stanziamento-straordinario\/\" \/>\n<meta property=\"og:locale\" content=\"it_IT\" \/>\n<meta property=\"og:type\" content=\"article\" \/>\n<meta property=\"og:title\" content=\"Maltempo in Calabria, Falcomat\u00e0 (PD): &quot;La Regione vari subito uno stanziamento straordinario&quot; - Radio Touring 104\" \/>\n<meta property=\"og:description\" content=\"&quot;Occhiuto pretenda risposte immediate dal Governo&quot;, dichiara il consigliere regionale invocando misure urgenti contro le mareggiate\" \/>\n<meta property=\"og:url\" content=\"https:\/\/progettotouring.it\/radiotouring104\/2026\/01\/20\/maltempo-in-calabria-falcomata-pd-la-regione-vari-subito-uno-stanziamento-straordinario\/\" \/>\n<meta property=\"og:site_name\" content=\"Radio Touring 104\" \/>\n<meta property=\"article:published_time\" content=\"2026-01-20T11:00:57+00:00\" \/>\n<meta property=\"article:modified_time\" content=\"2026-01-20T11:39:12+00:00\" \/>\n<meta property=\"og:image\" content=\"https:\/\/progettotouring.it\/radiotouring104\/wp-content\/uploads\/sites\/6\/2025\/11\/IMMAGINI-X-SITO-2025-11-17T184658.209.jpg\" \/>\n\t<meta property=\"og:image:width\" content=\"2000\" \/>\n\t<meta property=\"og:image:height\" content=\"1545\" \/>\n\t<meta property=\"og:image:type\" content=\"image\/jpeg\" \/>\n<meta name=\"author\" content=\"redazione\" \/>\n<meta name=\"twitter:card\" content=\"summary_large_image\" \/>\n<meta name=\"twitter:label1\" content=\"Scritto da\" \/>\n\t<meta name=\"twitter:data1\" content=\"redazione\" \/>\n\t<meta name=\"twitter:label2\" content=\"Tempo di lettura stimato\" \/>\n\t<meta name=\"twitter:data2\" content=\"2 minuti\" \/>\n<script type=\"application\/ld+json\" class=\"yoast-schema-graph\">{\"@context\":\"https:\/\/schema.org\",\"@graph\":[{\"@type\":\"Article\",\"@id\":\"https:\/\/progettotouring.it\/radiotouring104\/2026\/01\/20\/maltempo-in-calabria-falcomata-pd-la-regione-vari-subito-uno-stanziamento-straordinario\/#article\",\"isPartOf\":{\"@id\":\"https:\/\/progettotouring.it\/radiotouring104\/2026\/01\/20\/maltempo-in-calabria-falcomata-pd-la-regione-vari-subito-uno-stanziamento-straordinario\/\"},\"author\":{\"name\":\"redazione\",\"@id\":\"https:\/\/progettotouring.it\/radiotouring104\/#\/schema\/person\/1b3eb3c07c47136bc44c785c543e635f\"},\"headline\":\"Maltempo in Calabria, Falcomat\u00e0 (PD): &#8220;La Regione vari subito uno stanziamento straordinario&#8221;\",\"datePublished\":\"2026-01-20T11:00:57+00:00\",\"dateModified\":\"2026-01-20T11:39:12+00:00\",\"mainEntityOfPage\":{\"@id\":\"https:\/\/progettotouring.it\/radiotouring104\/2026\/01\/20\/maltempo-in-calabria-falcomata-pd-la-regione-vari-subito-uno-stanziamento-straordinario\/\"},\"wordCount\":337,\"publisher\":{\"@id\":\"https:\/\/progettotouring.it\/radiotouring104\/#organization\"},\"image\":{\"@id\":\"https:\/\/progettotouring.it\/radiotouring104\/2026\/01\/20\/maltempo-in-calabria-falcomata-pd-la-regione-vari-subito-uno-stanziamento-straordinario\/#primaryimage\"},\"thumbnailUrl\":\"https:\/\/progettotouring.it\/radiotouring104\/wp-content\/uploads\/sites\/6\/2025\/11\/IMMAGINI-X-SITO-2025-11-17T184658.209.jpg\",\"keywords\":[\"danni causati dalle mareggiate\",\"Giuseppe Falcomat\u00e0\",\"maltempo in calabria\",\"Occhiuto pretenda risposte immediate dal Governo\",\"regione calabria\",\"richiesta\",\"Stanziamento straordinario\"],\"articleSection\":[\"Home\",\"In primo piano\",\"News\",\"Reggio Calabria\"],\"inLanguage\":\"it-IT\"},{\"@type\":\"WebPage\",\"@id\":\"https:\/\/progettotouring.it\/radiotouring104\/2026\/01\/20\/maltempo-in-calabria-falcomata-pd-la-regione-vari-subito-uno-stanziamento-straordinario\/\",\"url\":\"https:\/\/progettotouring.it\/radiotouring104\/2026\/01\/20\/maltempo-in-calabria-falcomata-pd-la-regione-vari-subito-uno-stanziamento-straordinario\/\",\"name\":\"Maltempo in Calabria, Falcomat\u00e0 (PD): \\\"La Regione vari subito uno stanziamento straordinario\\\" - Radio Touring 104\",\"isPartOf\":{\"@id\":\"https:\/\/progettotouring.it\/radiotouring104\/#website\"},\"primaryImageOfPage\":{\"@id\":\"https:\/\/progettotouring.it\/radiotouring104\/2026\/01\/20\/maltempo-in-calabria-falcomata-pd-la-regione-vari-subito-uno-stanziamento-straordinario\/#primaryimage\"},\"image\":{\"@id\":\"https:\/\/progettotouring.it\/radiotouring104\/2026\/01\/20\/maltempo-in-calabria-falcomata-pd-la-regione-vari-subito-uno-stanziamento-straordinario\/#primaryimage\"},\"thumbnailUrl\":\"https:\/\/progettotouring.it\/radiotouring104\/wp-content\/uploads\/sites\/6\/2025\/11\/IMMAGINI-X-SITO-2025-11-17T184658.209.jpg\",\"datePublished\":\"2026-01-20T11:00:57+00:00\",\"dateModified\":\"2026-01-20T11:39:12+00:00\",\"description\":\"\\\"Occhiuto pretenda risposte immediate dal Governo\\\", dichiara il consigliere regionale invocando misure urgenti contro le mareggiate\",\"breadcrumb\":{\"@id\":\"https:\/\/progettotouring.it\/radiotouring104\/2026\/01\/20\/maltempo-in-calabria-falcomata-pd-la-regione-vari-subito-uno-stanziamento-straordinario\/#breadcrumb\"},\"inLanguage\":\"it-IT\",\"potentialAction\":[{\"@type\":\"ReadAction\",\"target\":[\"https:\/\/progettotouring.it\/radiotouring104\/2026\/01\/20\/maltempo-in-calabria-falcomata-pd-la-regione-vari-subito-uno-stanziamento-straordinario\/\"]}]},{\"@type\":\"ImageObject\",\"inLanguage\":\"it-IT\",\"@id\":\"https:\/\/progettotouring.it\/radiotouring104\/2026\/01\/20\/maltempo-in-calabria-falcomata-pd-la-regione-vari-subito-uno-stanziamento-straordinario\/#primaryimage\",\"url\":\"https:\/\/progettotouring.it\/radiotouring104\/wp-content\/uploads\/sites\/6\/2025\/11\/IMMAGINI-X-SITO-2025-11-17T184658.209.jpg\",\"contentUrl\":\"https:\/\/progettotouring.it\/radiotouring104\/wp-content\/uploads\/sites\/6\/2025\/11\/IMMAGINI-X-SITO-2025-11-17T184658.209.jpg\",\"width\":2000,\"height\":1545},{\"@type\":\"BreadcrumbList\",\"@id\":\"https:\/\/progettotouring.it\/radiotouring104\/2026\/01\/20\/maltempo-in-calabria-falcomata-pd-la-regione-vari-subito-uno-stanziamento-straordinario\/#breadcrumb\",\"itemListElement\":[{\"@type\":\"ListItem\",\"position\":1,\"name\":\"Home\",\"item\":\"https:\/\/progettotouring.it\/radiotouring104\/\"},{\"@type\":\"ListItem\",\"position\":2,\"name\":\"Maltempo in Calabria, Falcomat\u00e0 (PD): &#8220;La Regione vari subito uno stanziamento straordinario&#8221;\"}]},{\"@type\":\"WebSite\",\"@id\":\"https:\/\/progettotouring.it\/radiotouring104\/#website\",\"url\":\"https:\/\/progettotouring.it\/radiotouring104\/\",\"name\":\"Radio Touring 104\",\"description\":\"La prima radio Reggina\",\"publisher\":{\"@id\":\"https:\/\/progettotouring.it\/radiotouring104\/#organization\"},\"potentialAction\":[{\"@type\":\"SearchAction\",\"target\":{\"@type\":\"EntryPoint\",\"urlTemplate\":\"https:\/\/progettotouring.it\/radiotouring104\/?s={search_term_string}\"},\"query-input\":{\"@type\":\"PropertyValueSpecification\",\"valueRequired\":true,\"valueName\":\"search_term_string\"}}],\"inLanguage\":\"it-IT\"},{\"@type\":\"Organization\",\"@id\":\"https:\/\/progettotouring.it\/radiotouring104\/#organization\",\"name\":\"Radio Touring 104\",\"url\":\"https:\/\/progettotouring.it\/radiotouring104\/\",\"logo\":{\"@type\":\"ImageObject\",\"inLanguage\":\"it-IT\",\"@id\":\"https:\/\/progettotouring.it\/radiotouring104\/#\/schema\/logo\/image\/\",\"url\":\"https:\/\/progettotouring.it\/radiotouring104\/wp-content\/uploads\/sites\/6\/2022\/02\/cropped-logo-radio-touring-104.png\",\"contentUrl\":\"https:\/\/progettotouring.it\/radiotouring104\/wp-content\/uploads\/sites\/6\/2022\/02\/cropped-logo-radio-touring-104.png\",\"width\":377,\"height\":182,\"caption\":\"Radio Touring 104\"},\"image\":{\"@id\":\"https:\/\/progettotouring.it\/radiotouring104\/#\/schema\/logo\/image\/\"}},{\"@type\":\"Person\",\"@id\":\"https:\/\/progettotouring.it\/radiotouring104\/#\/schema\/person\/1b3eb3c07c47136bc44c785c543e635f\",\"name\":\"redazione\",\"image\":{\"@type\":\"ImageObject\",\"inLanguage\":\"it-IT\",\"@id\":\"https:\/\/secure.gravatar.com\/avatar\/0b31605b49f100769e8b624b3e05de1b73e1692e9568a352f60f53fd072e6e11?s=96&d=mm&r=g\",\"url\":\"https:\/\/secure.gravatar.com\/avatar\/0b31605b49f100769e8b624b3e05de1b73e1692e9568a352f60f53fd072e6e11?s=96&d=mm&r=g\",\"contentUrl\":\"https:\/\/secure.gravatar.com\/avatar\/0b31605b49f100769e8b624b3e05de1b73e1692e9568a352f60f53fd072e6e11?s=96&d=mm&r=g\",\"caption\":\"redazione\"},\"url\":\"https:\/\/progettotouring.it\/radiotouring104\/author\/redazione\/\"}]}<\/script>\n<!-- \/ Yoast SEO plugin. -->","yoast_head_json":{"title":"Maltempo in Calabria, Falcomat\u00e0 (PD): \"La Regione vari subito uno stanziamento straordinario\" - Radio Touring 104","description":"\"Occhiuto pretenda risposte immediate dal Governo\", dichiara il consigliere regionale invocando misure urgenti contro le mareggiate","robots":{"index":"index","follow":"follow","max-snippet":"max-snippet:-1","max-image-preview":"max-image-preview:large","max-video-preview":"max-video-preview:-1"},"canonical":"https:\/\/progettotouring.it\/radiotouring104\/2026\/01\/20\/maltempo-in-calabria-falcomata-pd-la-regione-vari-subito-uno-stanziamento-straordinario\/","og_locale":"it_IT","og_type":"article","og_title":"Maltempo in Calabria, Falcomat\u00e0 (PD): \"La Regione vari subito uno stanziamento straordinario\" - Radio Touring 104","og_description":"\"Occhiuto pretenda risposte immediate dal Governo\", dichiara il consigliere regionale invocando misure urgenti contro le mareggiate","og_url":"https:\/\/progettotouring.it\/radiotouring104\/2026\/01\/20\/maltempo-in-calabria-falcomata-pd-la-regione-vari-subito-uno-stanziamento-straordinario\/","og_site_name":"Radio Touring 104","article_published_time":"2026-01-20T11:00:57+00:00","article_modified_time":"2026-01-20T11:39:12+00:00","og_image":[{"width":2000,"height":1545,"url":"https:\/\/progettotouring.it\/radiotouring104\/wp-content\/uploads\/sites\/6\/2025\/11\/IMMAGINI-X-SITO-2025-11-17T184658.209.jpg","type":"image\/jpeg"}],"author":"redazione","twitter_card":"summary_large_image","twitter_misc":{"Scritto da":"redazione","Tempo di lettura stimato":"2 minuti"},"schema":{"@context":"https:\/\/schema.org","@graph":[{"@type":"Article","@id":"https:\/\/progettotouring.it\/radiotouring104\/2026\/01\/20\/maltempo-in-calabria-falcomata-pd-la-regione-vari-subito-uno-stanziamento-straordinario\/#article","isPartOf":{"@id":"https:\/\/progettotouring.it\/radiotouring104\/2026\/01\/20\/maltempo-in-calabria-falcomata-pd-la-regione-vari-subito-uno-stanziamento-straordinario\/"},"author":{"name":"redazione","@id":"https:\/\/progettotouring.it\/radiotouring104\/#\/schema\/person\/1b3eb3c07c47136bc44c785c543e635f"},"headline":"Maltempo in Calabria, Falcomat\u00e0 (PD): &#8220;La Regione vari subito uno stanziamento straordinario&#8221;","datePublished":"2026-01-20T11:00:57+00:00","dateModified":"2026-01-20T11:39:12+00:00","mainEntityOfPage":{"@id":"https:\/\/progettotouring.it\/radiotouring104\/2026\/01\/20\/maltempo-in-calabria-falcomata-pd-la-regione-vari-subito-uno-stanziamento-straordinario\/"},"wordCount":337,"publisher":{"@id":"https:\/\/progettotouring.it\/radiotouring104\/#organization"},"image":{"@id":"https:\/\/progettotouring.it\/radiotouring104\/2026\/01\/20\/maltempo-in-calabria-falcomata-pd-la-regione-vari-subito-uno-stanziamento-straordinario\/#primaryimage"},"thumbnailUrl":"https:\/\/progettotouring.it\/radiotouring104\/wp-content\/uploads\/sites\/6\/2025\/11\/IMMAGINI-X-SITO-2025-11-17T184658.209.jpg","keywords":["danni causati dalle mareggiate","Giuseppe Falcomat\u00e0","maltempo in calabria","Occhiuto pretenda risposte immediate dal Governo","regione calabria","richiesta","Stanziamento straordinario"],"articleSection":["Home","In primo piano","News","Reggio Calabria"],"inLanguage":"it-IT"},{"@type":"WebPage","@id":"https:\/\/progettotouring.it\/radiotouring104\/2026\/01\/20\/maltempo-in-calabria-falcomata-pd-la-regione-vari-subito-uno-stanziamento-straordinario\/","url":"https:\/\/progettotouring.it\/radiotouring104\/2026\/01\/20\/maltempo-in-calabria-falcomata-pd-la-regione-vari-subito-uno-stanziamento-straordinario\/","name":"Maltempo in Calabria, Falcomat\u00e0 (PD): \"La Regione vari subito uno stanziamento straordinario\" - Radio Touring 104","isPartOf":{"@id":"https:\/\/progettotouring.it\/radiotouring104\/#website"},"primaryImageOfPage":{"@id":"https:\/\/progettotouring.it\/radiotouring104\/2026\/01\/20\/maltempo-in-calabria-falcomata-pd-la-regione-vari-subito-uno-stanziamento-straordinario\/#primaryimage"},"image":{"@id":"https:\/\/progettotouring.it\/radiotouring104\/2026\/01\/20\/maltempo-in-calabria-falcomata-pd-la-regione-vari-subito-uno-stanziamento-straordinario\/#primaryimage"},"thumbnailUrl":"https:\/\/progettotouring.it\/radiotouring104\/wp-content\/uploads\/sites\/6\/2025\/11\/IMMAGINI-X-SITO-2025-11-17T184658.209.jpg","datePublished":"2026-01-20T11:00:57+00:00","dateModified":"2026-01-20T11:39:12+00:00","description":"\"Occhiuto pretenda risposte immediate dal Governo\", dichiara il consigliere regionale invocando misure urgenti contro le mareggiate","breadcrumb":{"@id":"https:\/\/progettotouring.it\/radiotouring104\/2026\/01\/20\/maltempo-in-calabria-falcomata-pd-la-regione-vari-subito-uno-stanziamento-straordinario\/#breadcrumb"},"inLanguage":"it-IT","potentialAction":[{"@type":"ReadAction","target":["https:\/\/progettotouring.it\/radiotouring104\/2026\/01\/20\/maltempo-in-calabria-falcomata-pd-la-regione-vari-subito-uno-stanziamento-straordinario\/"]}]},{"@type":"ImageObject","inLanguage":"it-IT","@id":"https:\/\/progettotouring.it\/radiotouring104\/2026\/01\/20\/maltempo-in-calabria-falcomata-pd-la-regione-vari-subito-uno-stanziamento-straordinario\/#primaryimage","url":"https:\/\/progettotouring.it\/radiotouring104\/wp-content\/uploads\/sites\/6\/2025\/11\/IMMAGINI-X-SITO-2025-11-17T184658.209.jpg","contentUrl":"https:\/\/progettotouring.it\/radiotouring104\/wp-content\/uploads\/sites\/6\/2025\/11\/IMMAGINI-X-SITO-2025-11-17T184658.209.jpg","width":2000,"height":1545},{"@type":"BreadcrumbList","@id":"https:\/\/progettotouring.it\/radiotouring104\/2026\/01\/20\/maltempo-in-calabria-falcomata-pd-la-regione-vari-subito-uno-stanziamento-straordinario\/#breadcrumb","itemListElement":[{"@type":"ListItem","position":1,"name":"Home","item":"https:\/\/progettotouring.it\/radiotouring104\/"},{"@type":"ListItem","position":2,"name":"Maltempo in Calabria, Falcomat\u00e0 (PD): &#8220;La Regione vari subito uno stanziamento straordinario&#8221;"}]},{"@type":"WebSite","@id":"https:\/\/progettotouring.it\/radiotouring104\/#website","url":"https:\/\/progettotouring.it\/radiotouring104\/","name":"Radio Touring 104","description":"La prima radio Reggina","publisher":{"@id":"https:\/\/progettotouring.it\/radiotouring104\/#organization"},"potentialAction":[{"@type":"SearchAction","target":{"@type":"EntryPoint","urlTemplate":"https:\/\/progettotouring.it\/radiotouring104\/?s={search_term_string}"},"query-input":{"@type":"PropertyValueSpecification","valueRequired":true,"valueName":"search_term_string"}}],"inLanguage":"it-IT"},{"@type":"Organization","@id":"https:\/\/progettotouring.it\/radiotouring104\/#organization","name":"Radio Touring 104","url":"https:\/\/progettotouring.it\/radiotouring104\/","logo":{"@type":"ImageObject","inLanguage":"it-IT","@id":"https:\/\/progettotouring.it\/radiotouring104\/#\/schema\/logo\/image\/","url":"https:\/\/progettotouring.it\/radiotouring104\/wp-content\/uploads\/sites\/6\/2022\/02\/cropped-logo-radio-touring-104.png","contentUrl":"https:\/\/progettotouring.it\/radiotouring104\/wp-content\/uploads\/sites\/6\/2022\/02\/cropped-logo-radio-touring-104.png","width":377,"height":182,"caption":"Radio Touring 104"},"image":{"@id":"https:\/\/progettotouring.it\/radiotouring104\/#\/schema\/logo\/image\/"}},{"@type":"Person","@id":"https:\/\/progettotouring.it\/radiotouring104\/#\/schema\/person\/1b3eb3c07c47136bc44c785c543e635f","name":"redazione","image":{"@type":"ImageObject","inLanguage":"it-IT","@id":"https:\/\/secure.gravatar.com\/avatar\/0b31605b49f100769e8b624b3e05de1b73e1692e9568a352f60f53fd072e6e11?s=96&d=mm&r=g","url":"https:\/\/secure.gravatar.com\/avatar\/0b31605b49f100769e8b624b3e05de1b73e1692e9568a352f60f53fd072e6e11?s=96&d=mm&r=g","contentUrl":"https:\/\/secure.gravatar.com\/avatar\/0b31605b49f100769e8b624b3e05de1b73e1692e9568a352f60f53fd072e6e11?s=96&d=mm&r=g","caption":"redazione"},"url":"https:\/\/progettotouring.it\/radiotouring104\/author\/redazione\/"}]}},"jetpack_publicize_connections":[],"jetpack_featured_media_url":"https:\/\/progettotouring.it\/radiotouring104\/wp-content\/uploads\/sites\/6\/2025\/11\/IMMAGINI-X-SITO-2025-11-17T184658.209.jpg","jetpack_sharing_enabled":true,"_links":{"self":[{"href":"https:\/\/progettotouring.it\/radiotouring104\/wp-json\/wp\/v2\/posts\/89250","targetHints":{"allow":["GET"]}}],"collection":[{"href":"https:\/\/progettotouring.it\/radiotouring104\/wp-json\/wp\/v2\/posts"}],"about":[{"href":"https:\/\/progettotouring.it\/radiotouring104\/wp-json\/wp\/v2\/types\/post"}],"author":[{"embeddable":true,"href":"https:\/\/progettotouring.it\/radiotouring104\/wp-json\/wp\/v2\/users\/5"}],"replies":[{"embeddable":true,"href":"https:\/\/progettotouring.it\/radiotouring104\/wp-json\/wp\/v2\/comments?post=89250"}],"version-history":[{"count":1,"href":"https:\/\/progettotouring.it\/radiotouring104\/wp-json\/wp\/v2\/posts\/89250\/revisions"}],"predecessor-version":[{"id":89251,"href":"https:\/\/progettotouring.it\/radiotouring104\/wp-json\/wp\/v2\/posts\/89250\/revisions\/89251"}],"wp:featuredmedia":[{"embeddable":true,"href":"https:\/\/progettotouring.it\/radiotouring104\/wp-json\/wp\/v2\/media\/85977"}],"wp:attachment":[{"href":"https:\/\/progettotouring.it\/radiotouring104\/wp-json\/wp\/v2\/media?parent=89250"}],"wp:term":[{"taxonomy":"category","embeddable":true,"href":"https:\/\/progettotouring.it\/radiotouring104\/wp-json\/wp\/v2\/categories?post=89250"},{"taxonomy":"post_tag","embeddable":true,"href":"https:\/\/progettotouring.it\/radiotouring104\/wp-json\/wp\/v2\/tags?post=89250"}],"curies":[{"name":"wp","href":"https:\/\/api.w.org\/{rel}","templated":true}]}}