{"id":89277,"date":"2026-01-21T10:04:01","date_gmt":"2026-01-21T09:04:01","guid":{"rendered":"https:\/\/progettotouring.it\/radiotouring104\/?p=89277"},"modified":"2026-01-21T10:46:16","modified_gmt":"2026-01-21T09:46:16","slug":"tra-pagine-chiare-e-scure-perche-rimmel-di-de-gregori-e-ancora-un-disco-necessario","status":"publish","type":"post","link":"https:\/\/progettotouring.it\/radiotouring104\/2026\/01\/21\/tra-pagine-chiare-e-scure-perche-rimmel-di-de-gregori-e-ancora-un-disco-necessario\/","title":{"rendered":"Tra pagine chiare e scure: perch\u00e9 Rimmel di De Gregori \u00e8 ancora un disco necessario"},"content":{"rendered":"<p style=\"text-align: justify;\"><em>\u201cL\u2019Arcidiavolo e le diavolesse\u201d \u00e8 in onda ogni luned\u00ec alle 20:40 su Radio Touring 104<\/em><\/p>\n<hr \/>\n<p style=\"text-align: justify;\">Quante <em><strong>pagine e chiare e pagine scure<\/strong><\/em> sono state sfogliate da quel gennaio 1975, quando Francesco De Gregori pubblic\u00f2 il 33 giri <strong>Rimmel<\/strong>, uno dei dischi pi\u00f9 belli della musica italiana. Sono le pagine di un mondo profondamente mutato, che non hanno affatto scalfito il solido intreccio tra poesia, musica e consapevolezza del mondo che rende il disco intero un\u2019opera senza tempo, attuale oggi come ieri, una gemma che racchiude l\u2019umanit\u00e0 nei suoi picchi e nelle bassezze, senza sconti, artifici e trucchi.<br \/>\n<strong>Eugene Rimmel<\/strong> nel diciannovesimo secolo perfezion\u00f2 il mascara, di antichissime origini, dando il suo nome ad uno dei cosmetici pi\u00f9 usati- ed abusati- al mondo. Il Rimmel \u00e8 l\u2019espediente che truffa, ma affascina, \u00e8 <em>il ramoscello di cristallo<\/em> che <strong>Stendhal <\/strong>utilizza nel suo <strong>\u201cDell\u2019Amore\u201d<\/strong>. \u00c8 l\u2019incanto della seduzione, stimola languori spaesati e a volte persino mortali, \u00e8 l\u2019inchiostro stesso <em>dell\u2019apostrofo rosa <\/em>destinato, purtroppo, a scolorire nelle pagine chiare- o scure- che sono i giorni delle nostre vite.<br \/>\nNel 1974 Francesco De Gregori, un giovane di appena ventitr\u00e9 anni, ha gi\u00e0 pubblicato tre dischi, infarciti di testi ermetici e raffinati con citazioni colte e abili spennellate di metafore struggenti e liriche; dischi poco inclini al facile ascolto, destinati ad un pubblico di bocca buona: <strong>Alice<\/strong>, la canzone con cui si presenter\u00e0 all\u2019edizione del 1973 dell\u2019allora molto popolare \u201c<em>Un disco per l\u2019estate<\/em>\u201d, passer\u00e0 quasi inosservata (ultima classificata, vinceranno i <em>Camaleonti<\/em> con <em>Perch\u00e9 ti amo<\/em>). Alcuni brani sono per\u00f2 destinati ad entrare nel pantheon della musica italiana, come <strong>Non c\u2019\u00e8 niente da capire<\/strong> o <strong>La casa di Hilde. <\/strong>Ma i tempi non erano ancora maturi.<br \/>\nNel 1974, ospite di un variet\u00e0 televisivo condotto da <strong>Cino Tortorella<\/strong> (il <em>mago Zurl\u00ec<\/em> che, guarda caso, usava mascara a profusione), nell\u2019attesa dell\u2019ingresso in scena, nei camerini, il giovane poeta reduce da una storia d\u2019amore turbolenta, scrive i versi di Rimmel, canzone nella quale riassume pi\u00f9 donne, pi\u00f9 storie, e pi\u00f9 sentimenti, anche contrastanti. La gioia, la disillusione, lo smascheramento della seduzione (Il Rimmel), gli assi di un colore solo, il collo di pelliccia mosso dal vento che passa, e infine l\u2019addio Foscoliano, furente amore, grondante dolore, rassegnato, malinconico e foriero di nuove consapevolezze: <strong>ora le tue labbra puoi spedirle ad un indirizzo nuovo<\/strong>. La parola fine, mai detta in modo pi\u00f9 bello.<\/p>\n<p style=\"text-align: justify;\">De Gregori pesca dall\u2019esperienza personale: i tarocchi (<em>chi mi ha fatto le carte- mi ha chiamato vincente<\/em>) sono quelli di <strong>Enrica Rignon<\/strong>, prima moglie di <strong>De Andr\u00e9<\/strong> con cui aveva un grande rapporto di stima e di collaborazione; il collo di pelliccia \u00e8 di Patrizia, soccorsa da un tentativo di furto dello stesso, che sar\u00e0 la sua ragazza prima di lasciarlo per l\u2019attore Nini Salerno (il barbuto dei Gatti di Vicolo Miracoli). Il Rimmel \u00e8, allo stesso tempo, croce e delizia, trucco per celare e rivelare i sentimenti, e abbellimento dell\u2019amore perduto, con tutta la malinconia che ne consegue.<br \/>\nDe Gregori, nella musica della canzone, si ispira alla sua stella polare artistica: <strong>Bob Dylan<\/strong>. I primi quattro accordi saranno gli stessi di <strong>Like a rolling stone<\/strong> del bardo Nobel per la letteratura, con una ritmica diversa, e verranno usati qualche anno dopo da un altro poeta musicale, <strong>Robert Smith<\/strong> dei <strong>Cure<\/strong> per <strong>Boys don\u2019t cry<\/strong>.<br \/>\nRimmel, Like a rolling stone e Boys don\u2019t cry, sono tre pezzi che saldano le epoche, uniti dagli stessi accordi iniziali.<br \/>\nLa seconda traccia del disco \u00e8 <strong>Pezzi di vetro<\/strong>, il racconto in stile ermetico di una gelosia resa elegante e misteriosa dagli splendidi arrangiamenti di <strong>Renzo Zenobi<\/strong> \u2013 a cui si devono molte delle fortune dell\u2019intero album- emersa da un fatto realmente accaduto a Piazza Navona, mentre l\u2019autore passeggiava in compagnia di una sua fidanzata: un giovane artista di strada si esibiva calpestando dei cocci di bottiglia \u2013 a piedi nudi- senza tagliarsi e lei, maliziosa, esclam\u00f2 \u201cma quanto \u00e8 bello\u201d. L\u2019esegesi poi, di fronte ai versi, sparisce, e la canzone pu\u00f2 adattarsi a qualsiasi lettura. Chiss\u00e0 perch\u00e9 \u00e8 un brano amatissimo soprattutto dal genere femminile, che forse afferra l\u2019intuizione profonda e la comprensione delicata del cantautore nei confronti delle donne.<\/p>\n<p style=\"text-align: justify;\">Nel <strong>1974<\/strong> in Italia ci fu un referendum che segn\u00f2 una svolta epocale: quello sul <strong>divorzio<\/strong>. La societ\u00e0 ingessata e di cultura clericale si avviava verso la modernit\u00e0, favorendo la libert\u00e0 degli individui. Il promotore e il guru, anche negli anni successivi, di questo elementare diritto civile era stato <strong>Marco Pannella<\/strong>, leader del partito radicale. De Gregori- con l\u2019autonomia che ha sempre rivendicato e che sottolinea nel titolo, gli dedica la spassosa canzone <strong>Il Signor Hood (a M. con autonomia)<\/strong>, nella quale equipara il politico delle lotte pacifiste a Robin Hood. Temi sociali e politica scendono in campo anche nella successiva, una specie di inno rivoltoso, ripreso dagli schieramenti di ogni tipo, chi col pugno sinistro chi con la mano destra alzata: <strong>Pablo<\/strong>.<br \/>\nIn realt\u00e0 Pablo \u00e8 pi\u00f9 simile ad un personaggio dei <strong>Malavoglia di Verga<\/strong>: \u00e8 l\u2019operaio che cade dall\u2019impalcatura e muore, l\u2019emigrato che <em>conosce le donne e tradisce la moglie<\/em> con il quale dividere pane e sigarette. Pablo \u00e8 un ritratto realista, \u00a0la canzone critica la struttura stessa di una societ\u00e0 fondata sui <em>padroni<\/em>, e rid\u00e0 eco ad una speranza di cambiamento (<strong>hanno ammazzato Pablo, Pablo \u00e8 vivo<\/strong>) nella quale s\u2019inseriscono musica e vocalizzi di <strong>Lucio Dalla<\/strong>, amico e sodale del <em>Principe<\/em> \u2013 il soprannome di Francesco De Gregori- col quale, tempo dopo, avrebbe realizzato una delle collaborazioni artistiche pi\u00f9 importanti della musica italiana (<strong>Banana Republic<\/strong>). La canzone sar\u00e0 l\u2019inno di <strong>Lotta Continua<\/strong>, organizzazione politica che l\u2019anno successivo processer\u00e0 pubblicamente De Gregori in un famoso concerto a Milano, dopo il quale per quattro anni il cantautore, provato e forse anche disgustato dal fanatismo che aveva permeato la dialettica politica, abbandoner\u00e0 le scene.<\/p>\n<p style=\"text-align: justify;\">Ma gli effetti di quella ottusit\u00e0 filosofica, di quella specie di credo teologico nel quale era convogliata l\u2019idea Marxista si avvertono gi\u00e0 dal 1975 nella terrificante e stupida contestazione alla tenerissima <strong>Buonanotte Fiorellino<\/strong>, una dolcissima ballata le cui note e parte delle parole sono prese di peso \u2013 dichiaratamente- da <strong>Winterlude<\/strong> di Bob Dylan. La canzone, attaccata col rancore degli sterili di cuore e degli afflitti dall\u2019umanit\u00e0, venne duramente criticata da giornali e riviste capitanati dall\u2019astio di Jaime Pintor, intellettuale capace di solide analisi collettive, ma assolutamente incapace di giudicare l\u2019arte. <em>Pi\u00f9 che Gozzano, ricorda i baci Perugina<\/em>, afferm\u00f2 l\u2019erudito giornalista, seguito dalla sferzante rivista <strong>Muzak<\/strong>, che la giudic\u00f2 degna dei <em>romanzetti di Liala<\/em>. Nulla di tutto ci\u00f2: Buonanotte Fiorellino <em>\u00e8 il racconto dell\u2019amore attraverso immagini inattese e surreali <\/em>(<strong>Gino Castaldo<\/strong>, qualche anno dopo) e trasmette sensazioni benefiche a chiunque, dagli analfabeti ai grandi sapienti, come \u00e8 la natura stessa del sentimento che indifferentemente colpisce chiunque, dai mendicanti ai Re.<br \/>\nIn <strong>Le storie di ieri<\/strong> De Gregori rievoca anche le origini del suo nome, dovuto ad uno zio partigiano fucilato dai fascisti; il brano verr\u00e0 inciso anche da Fabrizio De Andr\u00e8 la cui voce lo render\u00e0 nettamente migliore.<br \/>\nCon <strong>Quattro cani<\/strong> il disco compie un giro attorno al mondo degli umani e degli esseri viventi; ma, fuori da ogni metafora azzeccata o meno, De Gregori dichiara \u201c<em>io amo i cani, specialmente i randagi; perch\u00e9 rifiutarsi di credere che io abbia dedicato una canzone a loro?<\/em> Dall\u2019arpeggio iniziale al contributo di Lucio Dalla nel ritornello, il brano conduce alle notti senza luna rinfrancate da un abbaiare lontano, e illustra quattro diversi modi di stare al mondo: dal <strong>cane di guerra<\/strong> al <strong>bastardo<\/strong> che conosce la fame, alla <strong>cagna<\/strong> che semina i figli del mondo perch\u00e9 \u00e8 del mondo che sono figli, al quarto <strong>che ha un padrone, e non sa dove andare ma comunque ci va<\/strong>. \u00c8 la sintesi dell\u2019intera umanit\u00e0, con l\u2019invocazione alla <strong>Luna<\/strong>, la magia che dona il canto all\u2019esistenza.<\/p>\n<p style=\"text-align: justify;\">Un amico di De Gregori dai tempi del <strong>folk studio<\/strong> incider\u00e0 a sua volta una canzone dedicata al cane: <strong>Rino Gaetano<\/strong>, che canter\u00e0 la drammaticamente splendida <strong>Escluso il cane<\/strong>.<br \/>\nDe Gregori leggeva anche le poesie di <strong>Peppino Marotto<\/strong>, ricercatore, poeta e attivista sardo (ucciso misteriosamente nel 2007) che aveva scritto \u201c<em>Sa fisa\u2019 e su dottore ch\u2019est una maestrina, faches tres ripassadas a sos libros d\u2019Omero<\/em>\u201d. A questi versi s\u2019ispirer\u00e0 per comporre <strong>Piccola mela<\/strong>, canzone degna di <strong>Gozzano<\/strong> o <strong>Cardarelli<\/strong>, ennesimo canto d\u2019amore del disco.<br \/>\nL\u2019ultimo brano del long playing \u00e8 <strong>Piano Bar<\/strong>, musicalmente preziosa, per anni ritenuta equivocamente dedicata a <strong>Venditti<\/strong>, mentre la canzone \u00e8 in realt\u00e0 pensata per tutti quelli che amano la musica, anche se suonano in un piano Bar o nella hall di un grand Hotel (la genesi della canzone \u00e8 proprio questa, De Gregori che ascolta un pianista strimpellare, piuttosto male, in un albergo). Con Piano Bar l\u2019album si chiude, mezz\u2019ora che cattura come un sogno, e condensa sentimenti, riflessioni, commozione e gioia.<br \/>\nSi chiama <strong>Arte<\/strong>, senza dubbio.<br \/>\n<strong>Arte, arte, arte<\/strong>.<br \/>\nQuesto \u00e8 <strong>Rimmel, uno dei dischi pi\u00f9 belli della musica italiana<\/strong>.<\/p>\n<hr \/>\n<h3 style=\"text-align: justify;\"><strong>Playlist di questa puntata:<\/strong><\/h3>\n<p style=\"text-align: justify;\"><a href=\"https:\/\/www.youtube.com\/watch?v=Ydo-yfPze30&amp;list=PLR88I4WRrPtFjRv1s97whnTAkPSVA8eEj\" target=\"_blank\" rel=\"noopener\"><strong><span style=\"color: #ff0000;\">QUI PER ASCOLTARLA SU YOUTUBE<\/span><\/strong><\/a>\u00a0\u2013\u00a0\u00a0<a href=\"https:\/\/open.spotify.com\/playlist\/2Aan0sS1gfeff0uBXIL5GO?si=77XUmf-qQQqhqx8B1PvxTQ\" target=\"_blank\" rel=\"noopener\"><strong>QUI PER ASCOLTARLA SU SPOTIFY<\/strong><\/a><\/p>\n<ul>\n<li><strong>Rimmel \u2013 De Gregori \u2605\u2605\u2605\u2605\u2605<\/strong><\/li>\n<li><strong>Like a rolling stone- Bob Dylan \u2605\u2605\u2605\u2605\u2605<\/strong><\/li>\n<li><strong>Boys don\u2019t cry \u2013 The Cure \u2605\u2605\u2605\u2605\u2605<\/strong><\/li>\n<li><strong>Pablo \u2013 De Gregori \u2605\u2605\u2605\u2605<\/strong><\/li>\n<li><strong>Winterlude \u2013 Bob Dylan \u2605\u2605\u2605\u2605<\/strong><\/li>\n<li><strong>Buonanotte fiorellino \u2013 De Gregori \u2605\u2605\u2605\u2605<\/strong><\/li>\n<li><strong>Quattro cani \u2013 De Gregori \u2605\u2605\u2605\u2605<\/strong><\/li>\n<li><strong>Escluso il cane \u2013 Rino Gaetano \u2605\u2605\u2605\u2605<\/strong><\/li>\n<li><strong>Piccola mela \u2013 De Gregori \u2605\u2605\u2605<\/strong><\/li>\n<li><strong>Piano Bar \u2013 De Gregori \u2605\u2605\u2605<\/strong><\/li>\n<\/ul>\n","protected":false},"excerpt":{"rendered":"<p>\u201cL\u2019Arcidiavolo e le diavolesse\u201d \u00e8 in onda ogni luned\u00ec alle 20:40 su Radio Touring 104 Quante pagine e chiare e pagine scure sono state sfogliate da quel gennaio 1975, quando&hellip;<\/p>\n","protected":false},"author":27,"featured_media":89278,"comment_status":"closed","ping_status":"open","sticky":false,"template":"","format":"standard","meta":{"_jetpack_memberships_contains_paid_content":false,"footnotes":"","jetpack_publicize_message":"","jetpack_publicize_feature_enabled":true,"jetpack_social_post_already_shared":true,"jetpack_social_options":{"image_generator_settings":{"template":"highway","default_image_id":0,"font":"","enabled":false},"version":2}},"categories":[48322,196],"tags":[],"class_list":["post-89277","post","type-post","status-publish","format-standard","has-post-thumbnail","hentry","category-kronomusica","category-news"],"yoast_head":"<!-- This site is optimized with the Yoast SEO plugin v27.2 - https:\/\/yoast.com\/product\/yoast-seo-wordpress\/ -->\n<title>Tra pagine chiare e scure: perch\u00e9 Rimmel \u00e8 ancora un disco necessario<\/title>\n<meta name=\"description\" content=\"Viaggio dentro il capolavoro senza tempo di Francesco De Gregori, tra poesia, politica, seduzione e umanit\u00e0\" \/>\n<meta name=\"robots\" content=\"index, follow, max-snippet:-1, max-image-preview:large, max-video-preview:-1\" \/>\n<link rel=\"canonical\" href=\"https:\/\/progettotouring.it\/radiotouring104\/2026\/01\/21\/tra-pagine-chiare-e-scure-perche-rimmel-di-de-gregori-e-ancora-un-disco-necessario\/\" \/>\n<meta property=\"og:locale\" content=\"it_IT\" \/>\n<meta property=\"og:type\" content=\"article\" \/>\n<meta property=\"og:title\" content=\"Tra pagine chiare e scure: perch\u00e9 Rimmel \u00e8 ancora un disco necessario\" \/>\n<meta property=\"og:description\" content=\"Viaggio dentro il capolavoro senza tempo di Francesco De Gregori, tra poesia, politica, seduzione e umanit\u00e0\" \/>\n<meta property=\"og:url\" content=\"https:\/\/progettotouring.it\/radiotouring104\/2026\/01\/21\/tra-pagine-chiare-e-scure-perche-rimmel-di-de-gregori-e-ancora-un-disco-necessario\/\" \/>\n<meta property=\"og:site_name\" content=\"Radio Touring 104\" \/>\n<meta property=\"article:published_time\" content=\"2026-01-21T09:04:01+00:00\" \/>\n<meta property=\"article:modified_time\" content=\"2026-01-21T09:46:16+00:00\" \/>\n<meta property=\"og:image\" content=\"https:\/\/progettotouring.it\/radiotouring104\/wp-content\/uploads\/sites\/6\/2026\/01\/20250919_125345_gC13l8pTxiPWw3AXaJZ6L7tbIqVhd3isfe9AWddZ.jpg\" \/>\n\t<meta property=\"og:image:width\" content=\"1920\" \/>\n\t<meta property=\"og:image:height\" content=\"1080\" \/>\n\t<meta property=\"og:image:type\" content=\"image\/jpeg\" \/>\n<meta name=\"author\" content=\"Antonio Calabr\u00f2\" \/>\n<meta name=\"twitter:card\" content=\"summary_large_image\" \/>\n<meta name=\"twitter:label1\" content=\"Scritto da\" \/>\n\t<meta name=\"twitter:data1\" content=\"Antonio Calabr\u00f2\" \/>\n\t<meta name=\"twitter:label2\" content=\"Tempo di lettura stimato\" \/>\n\t<meta name=\"twitter:data2\" content=\"8 minuti\" \/>\n<script type=\"application\/ld+json\" class=\"yoast-schema-graph\">{\"@context\":\"https:\/\/schema.org\",\"@graph\":[{\"@type\":\"Article\",\"@id\":\"https:\/\/progettotouring.it\/radiotouring104\/2026\/01\/21\/tra-pagine-chiare-e-scure-perche-rimmel-di-de-gregori-e-ancora-un-disco-necessario\/#article\",\"isPartOf\":{\"@id\":\"https:\/\/progettotouring.it\/radiotouring104\/2026\/01\/21\/tra-pagine-chiare-e-scure-perche-rimmel-di-de-gregori-e-ancora-un-disco-necessario\/\"},\"author\":{\"name\":\"Antonio Calabr\u00f2\",\"@id\":\"https:\/\/progettotouring.it\/radiotouring104\/#\/schema\/person\/ad0cbf3f1a8a265b9e7cefdf9608dc62\"},\"headline\":\"Tra pagine chiare e scure: perch\u00e9 Rimmel di De Gregori \u00e8 ancora un disco necessario\",\"datePublished\":\"2026-01-21T09:04:01+00:00\",\"dateModified\":\"2026-01-21T09:46:16+00:00\",\"mainEntityOfPage\":{\"@id\":\"https:\/\/progettotouring.it\/radiotouring104\/2026\/01\/21\/tra-pagine-chiare-e-scure-perche-rimmel-di-de-gregori-e-ancora-un-disco-necessario\/\"},\"wordCount\":1562,\"publisher\":{\"@id\":\"https:\/\/progettotouring.it\/radiotouring104\/#organization\"},\"image\":{\"@id\":\"https:\/\/progettotouring.it\/radiotouring104\/2026\/01\/21\/tra-pagine-chiare-e-scure-perche-rimmel-di-de-gregori-e-ancora-un-disco-necessario\/#primaryimage\"},\"thumbnailUrl\":\"https:\/\/progettotouring.it\/radiotouring104\/wp-content\/uploads\/sites\/6\/2026\/01\/20250919_125345_gC13l8pTxiPWw3AXaJZ6L7tbIqVhd3isfe9AWddZ.jpg\",\"articleSection\":[\"KronoMusica\",\"News\"],\"inLanguage\":\"it-IT\"},{\"@type\":\"WebPage\",\"@id\":\"https:\/\/progettotouring.it\/radiotouring104\/2026\/01\/21\/tra-pagine-chiare-e-scure-perche-rimmel-di-de-gregori-e-ancora-un-disco-necessario\/\",\"url\":\"https:\/\/progettotouring.it\/radiotouring104\/2026\/01\/21\/tra-pagine-chiare-e-scure-perche-rimmel-di-de-gregori-e-ancora-un-disco-necessario\/\",\"name\":\"Tra pagine chiare e scure: perch\u00e9 Rimmel \u00e8 ancora un disco necessario\",\"isPartOf\":{\"@id\":\"https:\/\/progettotouring.it\/radiotouring104\/#website\"},\"primaryImageOfPage\":{\"@id\":\"https:\/\/progettotouring.it\/radiotouring104\/2026\/01\/21\/tra-pagine-chiare-e-scure-perche-rimmel-di-de-gregori-e-ancora-un-disco-necessario\/#primaryimage\"},\"image\":{\"@id\":\"https:\/\/progettotouring.it\/radiotouring104\/2026\/01\/21\/tra-pagine-chiare-e-scure-perche-rimmel-di-de-gregori-e-ancora-un-disco-necessario\/#primaryimage\"},\"thumbnailUrl\":\"https:\/\/progettotouring.it\/radiotouring104\/wp-content\/uploads\/sites\/6\/2026\/01\/20250919_125345_gC13l8pTxiPWw3AXaJZ6L7tbIqVhd3isfe9AWddZ.jpg\",\"datePublished\":\"2026-01-21T09:04:01+00:00\",\"dateModified\":\"2026-01-21T09:46:16+00:00\",\"description\":\"Viaggio dentro il capolavoro senza tempo di Francesco De Gregori, tra poesia, politica, seduzione e umanit\u00e0\",\"breadcrumb\":{\"@id\":\"https:\/\/progettotouring.it\/radiotouring104\/2026\/01\/21\/tra-pagine-chiare-e-scure-perche-rimmel-di-de-gregori-e-ancora-un-disco-necessario\/#breadcrumb\"},\"inLanguage\":\"it-IT\",\"potentialAction\":[{\"@type\":\"ReadAction\",\"target\":[\"https:\/\/progettotouring.it\/radiotouring104\/2026\/01\/21\/tra-pagine-chiare-e-scure-perche-rimmel-di-de-gregori-e-ancora-un-disco-necessario\/\"]}]},{\"@type\":\"ImageObject\",\"inLanguage\":\"it-IT\",\"@id\":\"https:\/\/progettotouring.it\/radiotouring104\/2026\/01\/21\/tra-pagine-chiare-e-scure-perche-rimmel-di-de-gregori-e-ancora-un-disco-necessario\/#primaryimage\",\"url\":\"https:\/\/progettotouring.it\/radiotouring104\/wp-content\/uploads\/sites\/6\/2026\/01\/20250919_125345_gC13l8pTxiPWw3AXaJZ6L7tbIqVhd3isfe9AWddZ.jpg\",\"contentUrl\":\"https:\/\/progettotouring.it\/radiotouring104\/wp-content\/uploads\/sites\/6\/2026\/01\/20250919_125345_gC13l8pTxiPWw3AXaJZ6L7tbIqVhd3isfe9AWddZ.jpg\",\"width\":1920,\"height\":1080},{\"@type\":\"BreadcrumbList\",\"@id\":\"https:\/\/progettotouring.it\/radiotouring104\/2026\/01\/21\/tra-pagine-chiare-e-scure-perche-rimmel-di-de-gregori-e-ancora-un-disco-necessario\/#breadcrumb\",\"itemListElement\":[{\"@type\":\"ListItem\",\"position\":1,\"name\":\"Home\",\"item\":\"https:\/\/progettotouring.it\/radiotouring104\/\"},{\"@type\":\"ListItem\",\"position\":2,\"name\":\"Tra pagine chiare e scure: perch\u00e9 Rimmel di De Gregori \u00e8 ancora un disco necessario\"}]},{\"@type\":\"WebSite\",\"@id\":\"https:\/\/progettotouring.it\/radiotouring104\/#website\",\"url\":\"https:\/\/progettotouring.it\/radiotouring104\/\",\"name\":\"Radio Touring 104\",\"description\":\"La prima radio Reggina\",\"publisher\":{\"@id\":\"https:\/\/progettotouring.it\/radiotouring104\/#organization\"},\"potentialAction\":[{\"@type\":\"SearchAction\",\"target\":{\"@type\":\"EntryPoint\",\"urlTemplate\":\"https:\/\/progettotouring.it\/radiotouring104\/?s={search_term_string}\"},\"query-input\":{\"@type\":\"PropertyValueSpecification\",\"valueRequired\":true,\"valueName\":\"search_term_string\"}}],\"inLanguage\":\"it-IT\"},{\"@type\":\"Organization\",\"@id\":\"https:\/\/progettotouring.it\/radiotouring104\/#organization\",\"name\":\"Radio Touring 104\",\"url\":\"https:\/\/progettotouring.it\/radiotouring104\/\",\"logo\":{\"@type\":\"ImageObject\",\"inLanguage\":\"it-IT\",\"@id\":\"https:\/\/progettotouring.it\/radiotouring104\/#\/schema\/logo\/image\/\",\"url\":\"https:\/\/progettotouring.it\/radiotouring104\/wp-content\/uploads\/sites\/6\/2022\/02\/cropped-logo-radio-touring-104.png\",\"contentUrl\":\"https:\/\/progettotouring.it\/radiotouring104\/wp-content\/uploads\/sites\/6\/2022\/02\/cropped-logo-radio-touring-104.png\",\"width\":377,\"height\":182,\"caption\":\"Radio Touring 104\"},\"image\":{\"@id\":\"https:\/\/progettotouring.it\/radiotouring104\/#\/schema\/logo\/image\/\"}},{\"@type\":\"Person\",\"@id\":\"https:\/\/progettotouring.it\/radiotouring104\/#\/schema\/person\/ad0cbf3f1a8a265b9e7cefdf9608dc62\",\"name\":\"Antonio Calabr\u00f2\",\"image\":{\"@type\":\"ImageObject\",\"inLanguage\":\"it-IT\",\"@id\":\"https:\/\/secure.gravatar.com\/avatar\/aed9153db199c5754cb8ce837f2cba3fe5b54a7225ffe398981910f9164b54ed?s=96&d=mm&r=g\",\"url\":\"https:\/\/secure.gravatar.com\/avatar\/aed9153db199c5754cb8ce837f2cba3fe5b54a7225ffe398981910f9164b54ed?s=96&d=mm&r=g\",\"contentUrl\":\"https:\/\/secure.gravatar.com\/avatar\/aed9153db199c5754cb8ce837f2cba3fe5b54a7225ffe398981910f9164b54ed?s=96&d=mm&r=g\",\"caption\":\"Antonio Calabr\u00f2\"},\"url\":\"https:\/\/progettotouring.it\/radiotouring104\/author\/antoniocal\/\"}]}<\/script>\n<!-- \/ Yoast SEO plugin. -->","yoast_head_json":{"title":"Tra pagine chiare e scure: perch\u00e9 Rimmel \u00e8 ancora un disco necessario","description":"Viaggio dentro il capolavoro senza tempo di Francesco De Gregori, tra poesia, politica, seduzione e umanit\u00e0","robots":{"index":"index","follow":"follow","max-snippet":"max-snippet:-1","max-image-preview":"max-image-preview:large","max-video-preview":"max-video-preview:-1"},"canonical":"https:\/\/progettotouring.it\/radiotouring104\/2026\/01\/21\/tra-pagine-chiare-e-scure-perche-rimmel-di-de-gregori-e-ancora-un-disco-necessario\/","og_locale":"it_IT","og_type":"article","og_title":"Tra pagine chiare e scure: perch\u00e9 Rimmel \u00e8 ancora un disco necessario","og_description":"Viaggio dentro il capolavoro senza tempo di Francesco De Gregori, tra poesia, politica, seduzione e umanit\u00e0","og_url":"https:\/\/progettotouring.it\/radiotouring104\/2026\/01\/21\/tra-pagine-chiare-e-scure-perche-rimmel-di-de-gregori-e-ancora-un-disco-necessario\/","og_site_name":"Radio Touring 104","article_published_time":"2026-01-21T09:04:01+00:00","article_modified_time":"2026-01-21T09:46:16+00:00","og_image":[{"width":1920,"height":1080,"url":"https:\/\/progettotouring.it\/radiotouring104\/wp-content\/uploads\/sites\/6\/2026\/01\/20250919_125345_gC13l8pTxiPWw3AXaJZ6L7tbIqVhd3isfe9AWddZ.jpg","type":"image\/jpeg"}],"author":"Antonio Calabr\u00f2","twitter_card":"summary_large_image","twitter_misc":{"Scritto da":"Antonio Calabr\u00f2","Tempo di lettura stimato":"8 minuti"},"schema":{"@context":"https:\/\/schema.org","@graph":[{"@type":"Article","@id":"https:\/\/progettotouring.it\/radiotouring104\/2026\/01\/21\/tra-pagine-chiare-e-scure-perche-rimmel-di-de-gregori-e-ancora-un-disco-necessario\/#article","isPartOf":{"@id":"https:\/\/progettotouring.it\/radiotouring104\/2026\/01\/21\/tra-pagine-chiare-e-scure-perche-rimmel-di-de-gregori-e-ancora-un-disco-necessario\/"},"author":{"name":"Antonio Calabr\u00f2","@id":"https:\/\/progettotouring.it\/radiotouring104\/#\/schema\/person\/ad0cbf3f1a8a265b9e7cefdf9608dc62"},"headline":"Tra pagine chiare e scure: perch\u00e9 Rimmel di De Gregori \u00e8 ancora un disco necessario","datePublished":"2026-01-21T09:04:01+00:00","dateModified":"2026-01-21T09:46:16+00:00","mainEntityOfPage":{"@id":"https:\/\/progettotouring.it\/radiotouring104\/2026\/01\/21\/tra-pagine-chiare-e-scure-perche-rimmel-di-de-gregori-e-ancora-un-disco-necessario\/"},"wordCount":1562,"publisher":{"@id":"https:\/\/progettotouring.it\/radiotouring104\/#organization"},"image":{"@id":"https:\/\/progettotouring.it\/radiotouring104\/2026\/01\/21\/tra-pagine-chiare-e-scure-perche-rimmel-di-de-gregori-e-ancora-un-disco-necessario\/#primaryimage"},"thumbnailUrl":"https:\/\/progettotouring.it\/radiotouring104\/wp-content\/uploads\/sites\/6\/2026\/01\/20250919_125345_gC13l8pTxiPWw3AXaJZ6L7tbIqVhd3isfe9AWddZ.jpg","articleSection":["KronoMusica","News"],"inLanguage":"it-IT"},{"@type":"WebPage","@id":"https:\/\/progettotouring.it\/radiotouring104\/2026\/01\/21\/tra-pagine-chiare-e-scure-perche-rimmel-di-de-gregori-e-ancora-un-disco-necessario\/","url":"https:\/\/progettotouring.it\/radiotouring104\/2026\/01\/21\/tra-pagine-chiare-e-scure-perche-rimmel-di-de-gregori-e-ancora-un-disco-necessario\/","name":"Tra pagine chiare e scure: perch\u00e9 Rimmel \u00e8 ancora un disco necessario","isPartOf":{"@id":"https:\/\/progettotouring.it\/radiotouring104\/#website"},"primaryImageOfPage":{"@id":"https:\/\/progettotouring.it\/radiotouring104\/2026\/01\/21\/tra-pagine-chiare-e-scure-perche-rimmel-di-de-gregori-e-ancora-un-disco-necessario\/#primaryimage"},"image":{"@id":"https:\/\/progettotouring.it\/radiotouring104\/2026\/01\/21\/tra-pagine-chiare-e-scure-perche-rimmel-di-de-gregori-e-ancora-un-disco-necessario\/#primaryimage"},"thumbnailUrl":"https:\/\/progettotouring.it\/radiotouring104\/wp-content\/uploads\/sites\/6\/2026\/01\/20250919_125345_gC13l8pTxiPWw3AXaJZ6L7tbIqVhd3isfe9AWddZ.jpg","datePublished":"2026-01-21T09:04:01+00:00","dateModified":"2026-01-21T09:46:16+00:00","description":"Viaggio dentro il capolavoro senza tempo di Francesco De Gregori, tra poesia, politica, seduzione e umanit\u00e0","breadcrumb":{"@id":"https:\/\/progettotouring.it\/radiotouring104\/2026\/01\/21\/tra-pagine-chiare-e-scure-perche-rimmel-di-de-gregori-e-ancora-un-disco-necessario\/#breadcrumb"},"inLanguage":"it-IT","potentialAction":[{"@type":"ReadAction","target":["https:\/\/progettotouring.it\/radiotouring104\/2026\/01\/21\/tra-pagine-chiare-e-scure-perche-rimmel-di-de-gregori-e-ancora-un-disco-necessario\/"]}]},{"@type":"ImageObject","inLanguage":"it-IT","@id":"https:\/\/progettotouring.it\/radiotouring104\/2026\/01\/21\/tra-pagine-chiare-e-scure-perche-rimmel-di-de-gregori-e-ancora-un-disco-necessario\/#primaryimage","url":"https:\/\/progettotouring.it\/radiotouring104\/wp-content\/uploads\/sites\/6\/2026\/01\/20250919_125345_gC13l8pTxiPWw3AXaJZ6L7tbIqVhd3isfe9AWddZ.jpg","contentUrl":"https:\/\/progettotouring.it\/radiotouring104\/wp-content\/uploads\/sites\/6\/2026\/01\/20250919_125345_gC13l8pTxiPWw3AXaJZ6L7tbIqVhd3isfe9AWddZ.jpg","width":1920,"height":1080},{"@type":"BreadcrumbList","@id":"https:\/\/progettotouring.it\/radiotouring104\/2026\/01\/21\/tra-pagine-chiare-e-scure-perche-rimmel-di-de-gregori-e-ancora-un-disco-necessario\/#breadcrumb","itemListElement":[{"@type":"ListItem","position":1,"name":"Home","item":"https:\/\/progettotouring.it\/radiotouring104\/"},{"@type":"ListItem","position":2,"name":"Tra pagine chiare e scure: perch\u00e9 Rimmel di De Gregori \u00e8 ancora un disco necessario"}]},{"@type":"WebSite","@id":"https:\/\/progettotouring.it\/radiotouring104\/#website","url":"https:\/\/progettotouring.it\/radiotouring104\/","name":"Radio Touring 104","description":"La prima radio Reggina","publisher":{"@id":"https:\/\/progettotouring.it\/radiotouring104\/#organization"},"potentialAction":[{"@type":"SearchAction","target":{"@type":"EntryPoint","urlTemplate":"https:\/\/progettotouring.it\/radiotouring104\/?s={search_term_string}"},"query-input":{"@type":"PropertyValueSpecification","valueRequired":true,"valueName":"search_term_string"}}],"inLanguage":"it-IT"},{"@type":"Organization","@id":"https:\/\/progettotouring.it\/radiotouring104\/#organization","name":"Radio Touring 104","url":"https:\/\/progettotouring.it\/radiotouring104\/","logo":{"@type":"ImageObject","inLanguage":"it-IT","@id":"https:\/\/progettotouring.it\/radiotouring104\/#\/schema\/logo\/image\/","url":"https:\/\/progettotouring.it\/radiotouring104\/wp-content\/uploads\/sites\/6\/2022\/02\/cropped-logo-radio-touring-104.png","contentUrl":"https:\/\/progettotouring.it\/radiotouring104\/wp-content\/uploads\/sites\/6\/2022\/02\/cropped-logo-radio-touring-104.png","width":377,"height":182,"caption":"Radio Touring 104"},"image":{"@id":"https:\/\/progettotouring.it\/radiotouring104\/#\/schema\/logo\/image\/"}},{"@type":"Person","@id":"https:\/\/progettotouring.it\/radiotouring104\/#\/schema\/person\/ad0cbf3f1a8a265b9e7cefdf9608dc62","name":"Antonio Calabr\u00f2","image":{"@type":"ImageObject","inLanguage":"it-IT","@id":"https:\/\/secure.gravatar.com\/avatar\/aed9153db199c5754cb8ce837f2cba3fe5b54a7225ffe398981910f9164b54ed?s=96&d=mm&r=g","url":"https:\/\/secure.gravatar.com\/avatar\/aed9153db199c5754cb8ce837f2cba3fe5b54a7225ffe398981910f9164b54ed?s=96&d=mm&r=g","contentUrl":"https:\/\/secure.gravatar.com\/avatar\/aed9153db199c5754cb8ce837f2cba3fe5b54a7225ffe398981910f9164b54ed?s=96&d=mm&r=g","caption":"Antonio Calabr\u00f2"},"url":"https:\/\/progettotouring.it\/radiotouring104\/author\/antoniocal\/"}]}},"jetpack_publicize_connections":[],"jetpack_featured_media_url":"https:\/\/progettotouring.it\/radiotouring104\/wp-content\/uploads\/sites\/6\/2026\/01\/20250919_125345_gC13l8pTxiPWw3AXaJZ6L7tbIqVhd3isfe9AWddZ.jpg","jetpack_sharing_enabled":true,"_links":{"self":[{"href":"https:\/\/progettotouring.it\/radiotouring104\/wp-json\/wp\/v2\/posts\/89277","targetHints":{"allow":["GET"]}}],"collection":[{"href":"https:\/\/progettotouring.it\/radiotouring104\/wp-json\/wp\/v2\/posts"}],"about":[{"href":"https:\/\/progettotouring.it\/radiotouring104\/wp-json\/wp\/v2\/types\/post"}],"author":[{"embeddable":true,"href":"https:\/\/progettotouring.it\/radiotouring104\/wp-json\/wp\/v2\/users\/27"}],"replies":[{"embeddable":true,"href":"https:\/\/progettotouring.it\/radiotouring104\/wp-json\/wp\/v2\/comments?post=89277"}],"version-history":[{"count":2,"href":"https:\/\/progettotouring.it\/radiotouring104\/wp-json\/wp\/v2\/posts\/89277\/revisions"}],"predecessor-version":[{"id":89280,"href":"https:\/\/progettotouring.it\/radiotouring104\/wp-json\/wp\/v2\/posts\/89277\/revisions\/89280"}],"wp:featuredmedia":[{"embeddable":true,"href":"https:\/\/progettotouring.it\/radiotouring104\/wp-json\/wp\/v2\/media\/89278"}],"wp:attachment":[{"href":"https:\/\/progettotouring.it\/radiotouring104\/wp-json\/wp\/v2\/media?parent=89277"}],"wp:term":[{"taxonomy":"category","embeddable":true,"href":"https:\/\/progettotouring.it\/radiotouring104\/wp-json\/wp\/v2\/categories?post=89277"},{"taxonomy":"post_tag","embeddable":true,"href":"https:\/\/progettotouring.it\/radiotouring104\/wp-json\/wp\/v2\/tags?post=89277"}],"curies":[{"name":"wp","href":"https:\/\/api.w.org\/{rel}","templated":true}]}}