{"id":89296,"date":"2026-01-22T09:33:31","date_gmt":"2026-01-22T08:33:31","guid":{"rendered":"https:\/\/progettotouring.it\/radiotouring104\/?p=89296"},"modified":"2026-01-23T10:47:59","modified_gmt":"2026-01-23T09:47:59","slug":"presentato-a-palazzo-san-giorgio-reggio-calabria-incontra-un-progetto-per-costruire-comunita-e-futuro","status":"publish","type":"post","link":"https:\/\/progettotouring.it\/radiotouring104\/2026\/01\/22\/presentato-a-palazzo-san-giorgio-reggio-calabria-incontra-un-progetto-per-costruire-comunita-e-futuro\/","title":{"rendered":"Presentato a Palazzo San Giorgio \u201cReggio Calabria Incontra: un progetto per costruire comunit\u00e0 e futuro&#8221;."},"content":{"rendered":"<p style=\"font-weight: 400\">Si \u00e8 svolta ieri a Palazzo San Giorgio la conferenza stampa \u201cReggio Calabria Incontra: un progetto per costruire comunit\u00e0 e futuro&#8221;. Meeting multistakeholder per l\u2019innovazione e lo sviluppo\u201d; iniziativa ricondotta nel perimetro delle azioni del Piano operativo del Comune di Reggio Calabria nell\u2019ambito del PN Metro Plus e Citt\u00e0 Medie Sud 2021-2027, con il contributo scientifico e metodologico di ALTIS Graduate School of Sustainable Management dell\u2019Universit\u00e0 Cattolica del Sacro Cuore.<\/p>\n<p style=\"font-weight: 400\">\u201cReggio Calabria Incontra\u201d \u00e8 un percorso di ascolto e confronto che coinvolge istituzioni, imprese, terzo settore e comunit\u00e0; con l\u2019obiettivo di consolidare il dialogo e la collaborazione &#8211; in linea con i modelli di governance partecipata promossi a livello europeo &#8211; anche al fine di rafforzare la crescita sostenibile e la competitivit\u00e0 delle PMI, in coerenza con le finalit\u00e0 della Priorit\u00e0 1: Un\u2019Europa pi\u00f9 competitiva e intelligente.<\/p>\n<p style=\"font-weight: 400\">Per conto dell\u2019Amministrazione comunale erano presenti al tavolo dei relatori Carmelo Romeo, assessore alla Programmazione; Tommaso Cotronei, dirigente UPI, Economia urbana e Occupazione e Domenico Battaglia, sindaco facente funzioni. Per conto di ALTIS Universit\u00e0 Cattolica sono intervenute in collegamento da remoto Alessia Coeli, General Manager di ALTIS e Laura Maria Ferri, Professoressa Associata di Economia aziendale e Direttrice Scientifica del progetto.<\/p>\n<p style=\"font-weight: 400\">Nel corso della conferenza stampa sono state illustrate finalit\u00e0 e metodologia dell\u2019iniziativa, a partire dagli interventi dei rappresentanti istituzionali.<\/p>\n<p style=\"font-weight: 400\">\u201cL\u2019obiettivo di questi due giorni che stiamo presentando &#8211; ha dichiarato Carmelo Romeo &#8211; \u00e8 chiaro: non stiamo presentando un evento ma un metodo di lavoro con il quale questa Amministrazione ha deciso di continuare a costruire lo sviluppo della nostra citt\u00e0\u201d. \u201cSi tratta di un progetto \u2013 ha continuato &#8211; partito circa un anno fa con il supporto di ALTIS; attraverso incontri con associazioni di categoria, Camera di Commercio e attori principali del territorio. Con\u00a0<em>Reggio Calabria Incontra<\/em>\u00a0\u2013 ha concluso Romeo &#8211; abbiamo deciso di intervenire sul bisogno di fare rete e valorizzare il nostro capitale umano; mettendo attorno a un tavolo permanente e aperto tutti coloro che decidono, investono, lavorano e innovano. Oggi, con il PN Metro Plus 2021-2027, puntiamo su azioni immateriali capaci di produrre uno sviluppo inclusivo e duraturo, attraverso quattro aree tematiche: imprese, giovani, territorio e cultura\u201d.<\/p>\n<p style=\"font-weight: 400\">Nel suo intervento di Tommaso Cotronei ha dichiarato che \u201cSi tratta di un impegno dell\u2019Amministrazione comunale in favore dello sviluppo economico del territorio avviato da tempo; in particolare a partire dal progetto finanziato dal Programma Nazionale Citt\u00e0 Metropolitane. L\u2019evento rappresenta, da un lato, un momento di animazione territoriale &#8211; dal punto di vista economico &#8211; e, dall\u2019altro, un tavolo di co-progettazione che mette insieme attori del territorio e realt\u00e0 esterne, dal mondo imprenditoriale al terzo settore, dalle istituzioni alle imprese che operano nella ricerca e nell\u2019innovazione\u201d. \u201cL \u2019obiettivo \u2013 ha concluso- \u00e8 quello di avviare una riflessione condivisa sulla strategia di sviluppo della citt\u00e0. \u00c8 un punto di arrivo del lavoro svolto negli ultimi mesi, ma anche un punto di partenza, sostenuto da risorse concrete che consentono di intervenire a sostegno dell\u2019economia cittadina attraverso bandi e strumenti mirati\u201d.<\/p>\n<p style=\"font-weight: 400\">A chiudere gli interventi istituzionali \u00e8 stato Domenico Battaglia. \u201c<em>Reggio Calabria Incontra<\/em>\u00a0\u2013 ha dichiarato il sindaco ff &#8211; \u00e8 un appuntamento importante anche per il parterre degli stakeholder coinvolti nonch\u00e9 per il valore del processo partecipativo che si intende rafforzare. Accanto al concetto di\u00a0<em>Reggio Incontra<\/em>\u00a0\u2013 ha aggiunto &#8211; emerge quello di\u00a0<em>Reggio Occasione<\/em>: inteso come possibilit\u00e0 concreta di valorizzare la nostra centralit\u00e0 nel Mediterraneo, le imprese gi\u00e0 presenti sul territorio e il ruolo centrale dei giovani. Il patrimonio culturale,\u00a0<em>Reggio Mediterraneo<\/em>, lo Stretto e la terra di Corrado Alvaro non sono soltanto suggestioni ma opportunit\u00e0 reali di sviluppo\u201d. \u201cDopo anni di interventi prevalentemente materiali \u2013 ha concluso Battaglia &#8211; oggi investiamo sulle attivit\u00e0 immateriali per generare concrete occasioni di lavoro e crescita; con l\u2019obiettivo di rendere Reggio una citt\u00e0 strutturata, capace di dare risposte e di collocarsi al pari delle altre citt\u00e0 metropolitane italiane\u201d.<\/p>\n<p style=\"font-weight: 400\">I partner dell\u2019Universit\u00e0 Cattolica del Sacro Cuore hanno rimarcato concetti chiave del progetto e dell\u2019evento che si terr\u00e0 nei prossimi giorni.<\/p>\n<p style=\"font-weight: 400\">\u201c<em>Reggio Calabria Incontra<\/em>\u00a0rappresenta un esempio concreto di come un approccio multistakeholder possa generare visione, innovazione e nuovo slancio per il territorio\u201d ha commentato Alessia Coeli. \u201cProcessi partecipativi e inclusivi permettono di affrontare problemi complessi unendo prospettive diverse e costruendo soluzioni condivise, capaci di generare cambiamento sostenibile e duraturo. La collaborazione tra istituzioni, imprese, mondo accademico e comunit\u00e0 locali \u2013 ha aggiunto- va concepita come un percorso comune che richiede ascolto, metodo, competenze e responsabilit\u00e0. Come Universit\u00e0 e come Alta Scuola riconosciamo in questo progetto una piena sintonia con la nostra mission\u201d.<\/p>\n<p style=\"font-weight: 400\">Laura Maria Ferri ha aggiunto: \u201cIl contributo di ALTIS al progetto si fonda su una metodologia rigorosa di ascolto e co-progettazione multistakeholder. I tavoli di lavoro sono concepiti come spazi operativi di confronto per far emergere priorit\u00e0, criticit\u00e0 e opportunit\u00e0, garantendo un coinvolgimento quanto pi\u00f9 possibile rappresentativo e inclusivo. A caratterizzare l\u2019impianto metodologico \u00e8 anche l\u2019impiego sperimentale dell\u2019intelligenza artificiale come\u00a0<em>co-thinker<\/em>, a supporto della preparazione dei partecipanti e della maturazione di una riflessione pi\u00f9 consapevole. L\u2019obiettivo finale \u00e8 convergere verso una roadmap condivisa, rafforzando relazioni e capacit\u00e0 di attivazione del territorio\u201d.<\/p>\n<p style=\"font-weight: 400\">L\u2019iniziativa si configura infine come una vera e propria \u201cCall for People\u201d: una piattaforma di collaborazione aperta che mette in relazione persone, energie e visioni, uno spazio condiviso nel quale ognuno pu\u00f2 fare la differenza; dalle aziende alle istituzioni, dagli enti del Terzo Settore fino ai singoli cittadini e ai giovani presenti sul territorio o che, da altri contesti, intendano contribuire attivamente al futuro di Reggio Calabria.<\/p>\n<p style=\"font-weight: 400\">L\u2019obiettivo \u00e8 allargare la rete degli attori interessati a investire tempo, risorse e competenze per valorizzare questo territorio storico, sia attraverso nuove idee innovative sia mettendo a fattor comune esperienze gi\u00e0 sperimentate con successo altrove e che, opportunamente adattate alle peculiarit\u00e0 locali, possano essere replicate.<\/p>\n<p style=\"font-weight: 400\">L\u2019appello: \u201c\u00c8 il momento di esserci, di tornare, di contribuire e di costruire insieme una Reggio Calabria pi\u00f9 inclusiva, aperta e sostenibile\u201d.<\/p>\n<p style=\"font-weight: 400\">\u00c8 possibile approfondire il progetto e partecipare in streaming alla sessione plenaria aperta al pubblico dell\u2019evento, che si terr\u00e0 il 23 gennaio 2026 dalle 9 alle 13 collegandosi al link:\u00a0<a href=\"https:\/\/www.youtube.com\/live\/qpJlgKcSkFA\"><u>https:\/\/www.youtube.com\/live\/qpJlgKcSkFA<\/u><\/a><\/p>\n","protected":false},"excerpt":{"rendered":"<p>Si \u00e8 svolta ieri a Palazzo San Giorgio la conferenza stampa \u201cReggio Calabria Incontra: un progetto per costruire comunit\u00e0 e futuro&#8221;. Meeting multistakeholder per l\u2019innovazione e lo sviluppo\u201d; iniziativa ricondotta&hellip;<\/p>\n","protected":false},"author":5,"featured_media":89297,"comment_status":"closed","ping_status":"open","sticky":false,"template":"","format":"standard","meta":{"_jetpack_memberships_contains_paid_content":false,"footnotes":"","jetpack_publicize_message":"","jetpack_publicize_feature_enabled":true,"jetpack_social_post_already_shared":true,"jetpack_social_options":{"image_generator_settings":{"template":"highway","default_image_id":0,"font":"","enabled":false},"version":2}},"categories":[921,196,140],"tags":[36051,50341,50342,7577,659,50340],"class_list":["post-89296","post","type-post","status-publish","format-standard","has-post-thumbnail","hentry","category-home","category-news","category-reggio-calabria","tag-conferenza-stampa-di-presentazione","tag-investimento-concreto-per-generare-concrete-occasioni-di-lavoro","tag-meeting-multistakeholder-per-linnovazione","tag-mimmo-battaglia","tag-palazzo-san-giorgio","tag-reggio-calabria-incontra-un-progetto-per-costruire-comunita"],"yoast_head":"<!-- This site is optimized with the Yoast SEO plugin v27.2 - https:\/\/yoast.com\/product\/yoast-seo-wordpress\/ -->\n<title>Presentato a Palazzo San Giorgio \u201cReggio Calabria Incontra: un progetto per costruire comunit\u00e0 e futuro&quot;. - Radio Touring 104<\/title>\n<meta name=\"description\" content=\"\u201cUn investimento concreto per generare concrete occasioni di lavoro e crescita in citt\u00e0\u201d, ha dichiarato il Sindaco ff, Mimmo Battaglia\" \/>\n<meta name=\"robots\" content=\"index, follow, max-snippet:-1, max-image-preview:large, max-video-preview:-1\" \/>\n<link rel=\"canonical\" href=\"https:\/\/progettotouring.it\/radiotouring104\/2026\/01\/22\/presentato-a-palazzo-san-giorgio-reggio-calabria-incontra-un-progetto-per-costruire-comunita-e-futuro\/\" \/>\n<meta property=\"og:locale\" content=\"it_IT\" \/>\n<meta property=\"og:type\" content=\"article\" \/>\n<meta property=\"og:title\" content=\"Presentato a Palazzo San Giorgio \u201cReggio Calabria Incontra: un progetto per costruire comunit\u00e0 e futuro&quot;. - Radio Touring 104\" \/>\n<meta property=\"og:description\" content=\"\u201cUn investimento concreto per generare concrete occasioni di lavoro e crescita in citt\u00e0\u201d, ha dichiarato il Sindaco ff, Mimmo Battaglia\" \/>\n<meta property=\"og:url\" content=\"https:\/\/progettotouring.it\/radiotouring104\/2026\/01\/22\/presentato-a-palazzo-san-giorgio-reggio-calabria-incontra-un-progetto-per-costruire-comunita-e-futuro\/\" \/>\n<meta property=\"og:site_name\" content=\"Radio Touring 104\" \/>\n<meta property=\"article:published_time\" content=\"2026-01-22T08:33:31+00:00\" \/>\n<meta property=\"article:modified_time\" content=\"2026-01-23T09:47:59+00:00\" \/>\n<meta property=\"og:image\" content=\"https:\/\/progettotouring.it\/radiotouring104\/wp-content\/uploads\/sites\/6\/2026\/01\/Reggio-Calabria-Incontra-un-progetto-per-costruire-comunita-e-futuro.jpeg\" \/>\n\t<meta property=\"og:image:width\" content=\"1600\" \/>\n\t<meta property=\"og:image:height\" content=\"1066\" \/>\n\t<meta property=\"og:image:type\" content=\"image\/jpeg\" \/>\n<meta name=\"author\" content=\"redazione\" \/>\n<meta name=\"twitter:card\" content=\"summary_large_image\" \/>\n<meta name=\"twitter:label1\" content=\"Scritto da\" \/>\n\t<meta name=\"twitter:data1\" content=\"redazione\" \/>\n\t<meta name=\"twitter:label2\" content=\"Tempo di lettura stimato\" \/>\n\t<meta name=\"twitter:data2\" content=\"5 minuti\" \/>\n<script type=\"application\/ld+json\" class=\"yoast-schema-graph\">{\"@context\":\"https:\/\/schema.org\",\"@graph\":[{\"@type\":\"Article\",\"@id\":\"https:\/\/progettotouring.it\/radiotouring104\/2026\/01\/22\/presentato-a-palazzo-san-giorgio-reggio-calabria-incontra-un-progetto-per-costruire-comunita-e-futuro\/#article\",\"isPartOf\":{\"@id\":\"https:\/\/progettotouring.it\/radiotouring104\/2026\/01\/22\/presentato-a-palazzo-san-giorgio-reggio-calabria-incontra-un-progetto-per-costruire-comunita-e-futuro\/\"},\"author\":{\"name\":\"redazione\",\"@id\":\"https:\/\/progettotouring.it\/radiotouring104\/#\/schema\/person\/1b3eb3c07c47136bc44c785c543e635f\"},\"headline\":\"Presentato a Palazzo San Giorgio \u201cReggio Calabria Incontra: un progetto per costruire comunit\u00e0 e futuro&#8221;.\",\"datePublished\":\"2026-01-22T08:33:31+00:00\",\"dateModified\":\"2026-01-23T09:47:59+00:00\",\"mainEntityOfPage\":{\"@id\":\"https:\/\/progettotouring.it\/radiotouring104\/2026\/01\/22\/presentato-a-palazzo-san-giorgio-reggio-calabria-incontra-un-progetto-per-costruire-comunita-e-futuro\/\"},\"wordCount\":1034,\"publisher\":{\"@id\":\"https:\/\/progettotouring.it\/radiotouring104\/#organization\"},\"image\":{\"@id\":\"https:\/\/progettotouring.it\/radiotouring104\/2026\/01\/22\/presentato-a-palazzo-san-giorgio-reggio-calabria-incontra-un-progetto-per-costruire-comunita-e-futuro\/#primaryimage\"},\"thumbnailUrl\":\"https:\/\/progettotouring.it\/radiotouring104\/wp-content\/uploads\/sites\/6\/2026\/01\/Reggio-Calabria-Incontra-un-progetto-per-costruire-comunita-e-futuro.jpeg\",\"keywords\":[\"conferenza stampa di presentazione\",\"investimento concreto per generare concrete occasioni di lavoro\",\"Meeting multistakeholder per l\u2019innovazione\",\"Mimmo Battaglia\",\"palazzo san giorgio\",\"Reggio Calabria Incontra: un progetto per costruire comunit\u00e0\"],\"articleSection\":[\"Home\",\"News\",\"Reggio Calabria\"],\"inLanguage\":\"it-IT\"},{\"@type\":\"WebPage\",\"@id\":\"https:\/\/progettotouring.it\/radiotouring104\/2026\/01\/22\/presentato-a-palazzo-san-giorgio-reggio-calabria-incontra-un-progetto-per-costruire-comunita-e-futuro\/\",\"url\":\"https:\/\/progettotouring.it\/radiotouring104\/2026\/01\/22\/presentato-a-palazzo-san-giorgio-reggio-calabria-incontra-un-progetto-per-costruire-comunita-e-futuro\/\",\"name\":\"Presentato a Palazzo San Giorgio \u201cReggio Calabria Incontra: un progetto per costruire comunit\u00e0 e futuro\\\". - Radio Touring 104\",\"isPartOf\":{\"@id\":\"https:\/\/progettotouring.it\/radiotouring104\/#website\"},\"primaryImageOfPage\":{\"@id\":\"https:\/\/progettotouring.it\/radiotouring104\/2026\/01\/22\/presentato-a-palazzo-san-giorgio-reggio-calabria-incontra-un-progetto-per-costruire-comunita-e-futuro\/#primaryimage\"},\"image\":{\"@id\":\"https:\/\/progettotouring.it\/radiotouring104\/2026\/01\/22\/presentato-a-palazzo-san-giorgio-reggio-calabria-incontra-un-progetto-per-costruire-comunita-e-futuro\/#primaryimage\"},\"thumbnailUrl\":\"https:\/\/progettotouring.it\/radiotouring104\/wp-content\/uploads\/sites\/6\/2026\/01\/Reggio-Calabria-Incontra-un-progetto-per-costruire-comunita-e-futuro.jpeg\",\"datePublished\":\"2026-01-22T08:33:31+00:00\",\"dateModified\":\"2026-01-23T09:47:59+00:00\",\"description\":\"\u201cUn investimento concreto per generare concrete occasioni di lavoro e crescita in citt\u00e0\u201d, ha dichiarato il Sindaco ff, Mimmo Battaglia\",\"breadcrumb\":{\"@id\":\"https:\/\/progettotouring.it\/radiotouring104\/2026\/01\/22\/presentato-a-palazzo-san-giorgio-reggio-calabria-incontra-un-progetto-per-costruire-comunita-e-futuro\/#breadcrumb\"},\"inLanguage\":\"it-IT\",\"potentialAction\":[{\"@type\":\"ReadAction\",\"target\":[\"https:\/\/progettotouring.it\/radiotouring104\/2026\/01\/22\/presentato-a-palazzo-san-giorgio-reggio-calabria-incontra-un-progetto-per-costruire-comunita-e-futuro\/\"]}]},{\"@type\":\"ImageObject\",\"inLanguage\":\"it-IT\",\"@id\":\"https:\/\/progettotouring.it\/radiotouring104\/2026\/01\/22\/presentato-a-palazzo-san-giorgio-reggio-calabria-incontra-un-progetto-per-costruire-comunita-e-futuro\/#primaryimage\",\"url\":\"https:\/\/progettotouring.it\/radiotouring104\/wp-content\/uploads\/sites\/6\/2026\/01\/Reggio-Calabria-Incontra-un-progetto-per-costruire-comunita-e-futuro.jpeg\",\"contentUrl\":\"https:\/\/progettotouring.it\/radiotouring104\/wp-content\/uploads\/sites\/6\/2026\/01\/Reggio-Calabria-Incontra-un-progetto-per-costruire-comunita-e-futuro.jpeg\",\"width\":1600,\"height\":1066},{\"@type\":\"BreadcrumbList\",\"@id\":\"https:\/\/progettotouring.it\/radiotouring104\/2026\/01\/22\/presentato-a-palazzo-san-giorgio-reggio-calabria-incontra-un-progetto-per-costruire-comunita-e-futuro\/#breadcrumb\",\"itemListElement\":[{\"@type\":\"ListItem\",\"position\":1,\"name\":\"Home\",\"item\":\"https:\/\/progettotouring.it\/radiotouring104\/\"},{\"@type\":\"ListItem\",\"position\":2,\"name\":\"Presentato a Palazzo San Giorgio \u201cReggio Calabria Incontra: un progetto per costruire comunit\u00e0 e futuro&#8221;.\"}]},{\"@type\":\"WebSite\",\"@id\":\"https:\/\/progettotouring.it\/radiotouring104\/#website\",\"url\":\"https:\/\/progettotouring.it\/radiotouring104\/\",\"name\":\"Radio Touring 104\",\"description\":\"La prima radio Reggina\",\"publisher\":{\"@id\":\"https:\/\/progettotouring.it\/radiotouring104\/#organization\"},\"potentialAction\":[{\"@type\":\"SearchAction\",\"target\":{\"@type\":\"EntryPoint\",\"urlTemplate\":\"https:\/\/progettotouring.it\/radiotouring104\/?s={search_term_string}\"},\"query-input\":{\"@type\":\"PropertyValueSpecification\",\"valueRequired\":true,\"valueName\":\"search_term_string\"}}],\"inLanguage\":\"it-IT\"},{\"@type\":\"Organization\",\"@id\":\"https:\/\/progettotouring.it\/radiotouring104\/#organization\",\"name\":\"Radio Touring 104\",\"url\":\"https:\/\/progettotouring.it\/radiotouring104\/\",\"logo\":{\"@type\":\"ImageObject\",\"inLanguage\":\"it-IT\",\"@id\":\"https:\/\/progettotouring.it\/radiotouring104\/#\/schema\/logo\/image\/\",\"url\":\"https:\/\/progettotouring.it\/radiotouring104\/wp-content\/uploads\/sites\/6\/2022\/02\/cropped-logo-radio-touring-104.png\",\"contentUrl\":\"https:\/\/progettotouring.it\/radiotouring104\/wp-content\/uploads\/sites\/6\/2022\/02\/cropped-logo-radio-touring-104.png\",\"width\":377,\"height\":182,\"caption\":\"Radio Touring 104\"},\"image\":{\"@id\":\"https:\/\/progettotouring.it\/radiotouring104\/#\/schema\/logo\/image\/\"}},{\"@type\":\"Person\",\"@id\":\"https:\/\/progettotouring.it\/radiotouring104\/#\/schema\/person\/1b3eb3c07c47136bc44c785c543e635f\",\"name\":\"redazione\",\"image\":{\"@type\":\"ImageObject\",\"inLanguage\":\"it-IT\",\"@id\":\"https:\/\/secure.gravatar.com\/avatar\/0b31605b49f100769e8b624b3e05de1b73e1692e9568a352f60f53fd072e6e11?s=96&d=mm&r=g\",\"url\":\"https:\/\/secure.gravatar.com\/avatar\/0b31605b49f100769e8b624b3e05de1b73e1692e9568a352f60f53fd072e6e11?s=96&d=mm&r=g\",\"contentUrl\":\"https:\/\/secure.gravatar.com\/avatar\/0b31605b49f100769e8b624b3e05de1b73e1692e9568a352f60f53fd072e6e11?s=96&d=mm&r=g\",\"caption\":\"redazione\"},\"url\":\"https:\/\/progettotouring.it\/radiotouring104\/author\/redazione\/\"}]}<\/script>\n<!-- \/ Yoast SEO plugin. -->","yoast_head_json":{"title":"Presentato a Palazzo San Giorgio \u201cReggio Calabria Incontra: un progetto per costruire comunit\u00e0 e futuro\". - Radio Touring 104","description":"\u201cUn investimento concreto per generare concrete occasioni di lavoro e crescita in citt\u00e0\u201d, ha dichiarato il Sindaco ff, Mimmo Battaglia","robots":{"index":"index","follow":"follow","max-snippet":"max-snippet:-1","max-image-preview":"max-image-preview:large","max-video-preview":"max-video-preview:-1"},"canonical":"https:\/\/progettotouring.it\/radiotouring104\/2026\/01\/22\/presentato-a-palazzo-san-giorgio-reggio-calabria-incontra-un-progetto-per-costruire-comunita-e-futuro\/","og_locale":"it_IT","og_type":"article","og_title":"Presentato a Palazzo San Giorgio \u201cReggio Calabria Incontra: un progetto per costruire comunit\u00e0 e futuro\". - Radio Touring 104","og_description":"\u201cUn investimento concreto per generare concrete occasioni di lavoro e crescita in citt\u00e0\u201d, ha dichiarato il Sindaco ff, Mimmo Battaglia","og_url":"https:\/\/progettotouring.it\/radiotouring104\/2026\/01\/22\/presentato-a-palazzo-san-giorgio-reggio-calabria-incontra-un-progetto-per-costruire-comunita-e-futuro\/","og_site_name":"Radio Touring 104","article_published_time":"2026-01-22T08:33:31+00:00","article_modified_time":"2026-01-23T09:47:59+00:00","og_image":[{"width":1600,"height":1066,"url":"https:\/\/progettotouring.it\/radiotouring104\/wp-content\/uploads\/sites\/6\/2026\/01\/Reggio-Calabria-Incontra-un-progetto-per-costruire-comunita-e-futuro.jpeg","type":"image\/jpeg"}],"author":"redazione","twitter_card":"summary_large_image","twitter_misc":{"Scritto da":"redazione","Tempo di lettura stimato":"5 minuti"},"schema":{"@context":"https:\/\/schema.org","@graph":[{"@type":"Article","@id":"https:\/\/progettotouring.it\/radiotouring104\/2026\/01\/22\/presentato-a-palazzo-san-giorgio-reggio-calabria-incontra-un-progetto-per-costruire-comunita-e-futuro\/#article","isPartOf":{"@id":"https:\/\/progettotouring.it\/radiotouring104\/2026\/01\/22\/presentato-a-palazzo-san-giorgio-reggio-calabria-incontra-un-progetto-per-costruire-comunita-e-futuro\/"},"author":{"name":"redazione","@id":"https:\/\/progettotouring.it\/radiotouring104\/#\/schema\/person\/1b3eb3c07c47136bc44c785c543e635f"},"headline":"Presentato a Palazzo San Giorgio \u201cReggio Calabria Incontra: un progetto per costruire comunit\u00e0 e futuro&#8221;.","datePublished":"2026-01-22T08:33:31+00:00","dateModified":"2026-01-23T09:47:59+00:00","mainEntityOfPage":{"@id":"https:\/\/progettotouring.it\/radiotouring104\/2026\/01\/22\/presentato-a-palazzo-san-giorgio-reggio-calabria-incontra-un-progetto-per-costruire-comunita-e-futuro\/"},"wordCount":1034,"publisher":{"@id":"https:\/\/progettotouring.it\/radiotouring104\/#organization"},"image":{"@id":"https:\/\/progettotouring.it\/radiotouring104\/2026\/01\/22\/presentato-a-palazzo-san-giorgio-reggio-calabria-incontra-un-progetto-per-costruire-comunita-e-futuro\/#primaryimage"},"thumbnailUrl":"https:\/\/progettotouring.it\/radiotouring104\/wp-content\/uploads\/sites\/6\/2026\/01\/Reggio-Calabria-Incontra-un-progetto-per-costruire-comunita-e-futuro.jpeg","keywords":["conferenza stampa di presentazione","investimento concreto per generare concrete occasioni di lavoro","Meeting multistakeholder per l\u2019innovazione","Mimmo Battaglia","palazzo san giorgio","Reggio Calabria Incontra: un progetto per costruire comunit\u00e0"],"articleSection":["Home","News","Reggio Calabria"],"inLanguage":"it-IT"},{"@type":"WebPage","@id":"https:\/\/progettotouring.it\/radiotouring104\/2026\/01\/22\/presentato-a-palazzo-san-giorgio-reggio-calabria-incontra-un-progetto-per-costruire-comunita-e-futuro\/","url":"https:\/\/progettotouring.it\/radiotouring104\/2026\/01\/22\/presentato-a-palazzo-san-giorgio-reggio-calabria-incontra-un-progetto-per-costruire-comunita-e-futuro\/","name":"Presentato a Palazzo San Giorgio \u201cReggio Calabria Incontra: un progetto per costruire comunit\u00e0 e futuro\". - Radio Touring 104","isPartOf":{"@id":"https:\/\/progettotouring.it\/radiotouring104\/#website"},"primaryImageOfPage":{"@id":"https:\/\/progettotouring.it\/radiotouring104\/2026\/01\/22\/presentato-a-palazzo-san-giorgio-reggio-calabria-incontra-un-progetto-per-costruire-comunita-e-futuro\/#primaryimage"},"image":{"@id":"https:\/\/progettotouring.it\/radiotouring104\/2026\/01\/22\/presentato-a-palazzo-san-giorgio-reggio-calabria-incontra-un-progetto-per-costruire-comunita-e-futuro\/#primaryimage"},"thumbnailUrl":"https:\/\/progettotouring.it\/radiotouring104\/wp-content\/uploads\/sites\/6\/2026\/01\/Reggio-Calabria-Incontra-un-progetto-per-costruire-comunita-e-futuro.jpeg","datePublished":"2026-01-22T08:33:31+00:00","dateModified":"2026-01-23T09:47:59+00:00","description":"\u201cUn investimento concreto per generare concrete occasioni di lavoro e crescita in citt\u00e0\u201d, ha dichiarato il Sindaco ff, Mimmo Battaglia","breadcrumb":{"@id":"https:\/\/progettotouring.it\/radiotouring104\/2026\/01\/22\/presentato-a-palazzo-san-giorgio-reggio-calabria-incontra-un-progetto-per-costruire-comunita-e-futuro\/#breadcrumb"},"inLanguage":"it-IT","potentialAction":[{"@type":"ReadAction","target":["https:\/\/progettotouring.it\/radiotouring104\/2026\/01\/22\/presentato-a-palazzo-san-giorgio-reggio-calabria-incontra-un-progetto-per-costruire-comunita-e-futuro\/"]}]},{"@type":"ImageObject","inLanguage":"it-IT","@id":"https:\/\/progettotouring.it\/radiotouring104\/2026\/01\/22\/presentato-a-palazzo-san-giorgio-reggio-calabria-incontra-un-progetto-per-costruire-comunita-e-futuro\/#primaryimage","url":"https:\/\/progettotouring.it\/radiotouring104\/wp-content\/uploads\/sites\/6\/2026\/01\/Reggio-Calabria-Incontra-un-progetto-per-costruire-comunita-e-futuro.jpeg","contentUrl":"https:\/\/progettotouring.it\/radiotouring104\/wp-content\/uploads\/sites\/6\/2026\/01\/Reggio-Calabria-Incontra-un-progetto-per-costruire-comunita-e-futuro.jpeg","width":1600,"height":1066},{"@type":"BreadcrumbList","@id":"https:\/\/progettotouring.it\/radiotouring104\/2026\/01\/22\/presentato-a-palazzo-san-giorgio-reggio-calabria-incontra-un-progetto-per-costruire-comunita-e-futuro\/#breadcrumb","itemListElement":[{"@type":"ListItem","position":1,"name":"Home","item":"https:\/\/progettotouring.it\/radiotouring104\/"},{"@type":"ListItem","position":2,"name":"Presentato a Palazzo San Giorgio \u201cReggio Calabria Incontra: un progetto per costruire comunit\u00e0 e futuro&#8221;."}]},{"@type":"WebSite","@id":"https:\/\/progettotouring.it\/radiotouring104\/#website","url":"https:\/\/progettotouring.it\/radiotouring104\/","name":"Radio Touring 104","description":"La prima radio Reggina","publisher":{"@id":"https:\/\/progettotouring.it\/radiotouring104\/#organization"},"potentialAction":[{"@type":"SearchAction","target":{"@type":"EntryPoint","urlTemplate":"https:\/\/progettotouring.it\/radiotouring104\/?s={search_term_string}"},"query-input":{"@type":"PropertyValueSpecification","valueRequired":true,"valueName":"search_term_string"}}],"inLanguage":"it-IT"},{"@type":"Organization","@id":"https:\/\/progettotouring.it\/radiotouring104\/#organization","name":"Radio Touring 104","url":"https:\/\/progettotouring.it\/radiotouring104\/","logo":{"@type":"ImageObject","inLanguage":"it-IT","@id":"https:\/\/progettotouring.it\/radiotouring104\/#\/schema\/logo\/image\/","url":"https:\/\/progettotouring.it\/radiotouring104\/wp-content\/uploads\/sites\/6\/2022\/02\/cropped-logo-radio-touring-104.png","contentUrl":"https:\/\/progettotouring.it\/radiotouring104\/wp-content\/uploads\/sites\/6\/2022\/02\/cropped-logo-radio-touring-104.png","width":377,"height":182,"caption":"Radio Touring 104"},"image":{"@id":"https:\/\/progettotouring.it\/radiotouring104\/#\/schema\/logo\/image\/"}},{"@type":"Person","@id":"https:\/\/progettotouring.it\/radiotouring104\/#\/schema\/person\/1b3eb3c07c47136bc44c785c543e635f","name":"redazione","image":{"@type":"ImageObject","inLanguage":"it-IT","@id":"https:\/\/secure.gravatar.com\/avatar\/0b31605b49f100769e8b624b3e05de1b73e1692e9568a352f60f53fd072e6e11?s=96&d=mm&r=g","url":"https:\/\/secure.gravatar.com\/avatar\/0b31605b49f100769e8b624b3e05de1b73e1692e9568a352f60f53fd072e6e11?s=96&d=mm&r=g","contentUrl":"https:\/\/secure.gravatar.com\/avatar\/0b31605b49f100769e8b624b3e05de1b73e1692e9568a352f60f53fd072e6e11?s=96&d=mm&r=g","caption":"redazione"},"url":"https:\/\/progettotouring.it\/radiotouring104\/author\/redazione\/"}]}},"jetpack_publicize_connections":[],"jetpack_featured_media_url":"https:\/\/progettotouring.it\/radiotouring104\/wp-content\/uploads\/sites\/6\/2026\/01\/Reggio-Calabria-Incontra-un-progetto-per-costruire-comunita-e-futuro.jpeg","jetpack_sharing_enabled":true,"_links":{"self":[{"href":"https:\/\/progettotouring.it\/radiotouring104\/wp-json\/wp\/v2\/posts\/89296","targetHints":{"allow":["GET"]}}],"collection":[{"href":"https:\/\/progettotouring.it\/radiotouring104\/wp-json\/wp\/v2\/posts"}],"about":[{"href":"https:\/\/progettotouring.it\/radiotouring104\/wp-json\/wp\/v2\/types\/post"}],"author":[{"embeddable":true,"href":"https:\/\/progettotouring.it\/radiotouring104\/wp-json\/wp\/v2\/users\/5"}],"replies":[{"embeddable":true,"href":"https:\/\/progettotouring.it\/radiotouring104\/wp-json\/wp\/v2\/comments?post=89296"}],"version-history":[{"count":1,"href":"https:\/\/progettotouring.it\/radiotouring104\/wp-json\/wp\/v2\/posts\/89296\/revisions"}],"predecessor-version":[{"id":89298,"href":"https:\/\/progettotouring.it\/radiotouring104\/wp-json\/wp\/v2\/posts\/89296\/revisions\/89298"}],"wp:featuredmedia":[{"embeddable":true,"href":"https:\/\/progettotouring.it\/radiotouring104\/wp-json\/wp\/v2\/media\/89297"}],"wp:attachment":[{"href":"https:\/\/progettotouring.it\/radiotouring104\/wp-json\/wp\/v2\/media?parent=89296"}],"wp:term":[{"taxonomy":"category","embeddable":true,"href":"https:\/\/progettotouring.it\/radiotouring104\/wp-json\/wp\/v2\/categories?post=89296"},{"taxonomy":"post_tag","embeddable":true,"href":"https:\/\/progettotouring.it\/radiotouring104\/wp-json\/wp\/v2\/tags?post=89296"}],"curies":[{"name":"wp","href":"https:\/\/api.w.org\/{rel}","templated":true}]}}