{"id":89344,"date":"2026-01-23T09:50:17","date_gmt":"2026-01-23T08:50:17","guid":{"rendered":"https:\/\/progettotouring.it\/radiotouring104\/?p=89344"},"modified":"2026-01-23T10:46:48","modified_gmt":"2026-01-23T09:46:48","slug":"maltempo-in-calabria-princi-vicina-ai-territori-subito-azioni-concrete","status":"publish","type":"post","link":"https:\/\/progettotouring.it\/radiotouring104\/2026\/01\/23\/maltempo-in-calabria-princi-vicina-ai-territori-subito-azioni-concrete\/","title":{"rendered":"Maltempo in Calabria, Princi: \u201cVicina ai territori, subito azioni concrete\u201d"},"content":{"rendered":"<p>L\u2019eurodeputata calabrese Giusi Princi esprime \u201cprofonda vicinanza e solidariet\u00e0 alle comunit\u00e0 calabresi duramente colpite dalla recente ondata di maltempo, che ha causato gravi danni a infrastrutture, abitazioni e attivit\u00e0 produttive in diverse aree della regione\u201d.<\/p>\n<p>\u201cGli eventi climatici estremi &#8211; afferma l\u2019On. Princi &#8211; non sono pi\u00f9 episodi straordinari, ma realt\u00e0 con cui cittadini e istituzioni devono ormai purtroppo confrontarsi. La tutela della vita umana resta la priorit\u00e0 assoluta. Fortunatamente non si sono registrate vittime, anche a seguito dell\u2019efficace azione di intervento messa a terra in Calabria\u201d.<\/p>\n<p>\u201cUn plauso &#8211; prosegue &#8211; al Presidente della Regione Calabria, Roberto Occhiuto, a tutto il personale della Protezione Civile, guidata dal Dirigente Generale Domenico Costarella, agli amministratori locali, ai vigili del fuoco, alle forze dell\u2019ordine e a tutti coloro che in un momento di grande criticit\u00e0 hanno gestito l\u2019emergenza al meglio, con grande professionalit\u00e0, rapidit\u00e0 e senso del dovere. Quanto accaduto in Calabria e in altre regioni del Mezzogiorno &#8211; continua l\u2019eurodeputata &#8211; conferma l\u2019urgenza di rafforzare la prevenzione, la sicurezza dei territori e la resilienza climatica. L\u2019Italia, come gi\u00e0 annunciato dal Vicepremier Antonio Tajani, far\u00e0 richiesta alla Commissione Europea per attivare la procedura di accesso al Fondo di solidariet\u00e0 dell\u2019Unione Europea, garantendo risposte rapide ed efficaci ai territori pi\u00f9 colpiti. In questo percorso camminer\u00f2 fianco a fianco con gli altri europarlamentari calabresi e siciliani per sostenere e accelerare l\u2019iter a salvaguardia delle regioni interessate. Dobbiamo trasformare l\u2019emergenza in prevenzione e la fragilit\u00e0 in resilienza. Solo collaborando insieme, a livello locale, nazionale ed europeo &#8211; conclude Giusi Princi -, possiamo rafforzare la sicurezza dei cittadini e rendere i nostri territori pi\u00f9 resilienti e preparati\u201d.<\/p>\n","protected":false},"excerpt":{"rendered":"<p>L\u2019eurodeputata calabrese Giusi Princi esprime \u201cprofonda vicinanza e solidariet\u00e0 alle comunit\u00e0 calabresi duramente colpite dalla recente ondata di maltempo, che ha causato gravi danni a infrastrutture, abitazioni e attivit\u00e0 produttive&hellip;<\/p>\n","protected":false},"author":5,"featured_media":89345,"comment_status":"closed","ping_status":"open","sticky":false,"template":"","format":"standard","meta":{"_jetpack_memberships_contains_paid_content":false,"footnotes":"","jetpack_publicize_message":"","jetpack_publicize_feature_enabled":true,"jetpack_social_post_already_shared":true,"jetpack_social_options":{"image_generator_settings":{"template":"highway","default_image_id":0,"font":"","enabled":false},"version":2}},"categories":[142,921,196,140],"tags":[587,6705,50379,50378,50377],"class_list":["post-89344","post","type-post","status-publish","format-standard","has-post-thumbnail","hentry","category-calabria","category-home","category-news","category-reggio-calabria","tag-giusi-princi","tag-maltempo-in-calabria","tag-profonda-vicinanza-e-solidarieta-alle-comunita-calabresi-duramente-colpite-dalla-recente-ondata","tag-subito-azioni-concrete","tag-vicina-ai-territori"],"yoast_head":"<!-- This site is optimized with the Yoast SEO plugin v27.2 - https:\/\/yoast.com\/product\/yoast-seo-wordpress\/ -->\n<title>Uragano Harry: Princi esprime solidariet\u00e0 alle zone colpite<\/title>\n<meta name=\"description\" content=\"L\u2019eurodeputata esprime \u201cprofonda vicinanza e solidariet\u00e0 alle comunit\u00e0 calabresi duramente colpite dalla recente ondata di maltempo\" \/>\n<meta name=\"robots\" content=\"index, follow, max-snippet:-1, max-image-preview:large, max-video-preview:-1\" \/>\n<link rel=\"canonical\" href=\"https:\/\/progettotouring.it\/radiotouring104\/2026\/01\/23\/maltempo-in-calabria-princi-vicina-ai-territori-subito-azioni-concrete\/\" \/>\n<meta property=\"og:locale\" content=\"it_IT\" \/>\n<meta property=\"og:type\" content=\"article\" \/>\n<meta property=\"og:title\" content=\"Uragano Harry: Princi esprime solidariet\u00e0 alle zone colpite\" \/>\n<meta property=\"og:description\" content=\"L\u2019eurodeputata esprime \u201cprofonda vicinanza e solidariet\u00e0 alle comunit\u00e0 calabresi duramente colpite dalla recente ondata di maltempo\" \/>\n<meta property=\"og:url\" content=\"https:\/\/progettotouring.it\/radiotouring104\/2026\/01\/23\/maltempo-in-calabria-princi-vicina-ai-territori-subito-azioni-concrete\/\" \/>\n<meta property=\"og:site_name\" content=\"Radio Touring 104\" \/>\n<meta property=\"article:published_time\" content=\"2026-01-23T08:50:17+00:00\" \/>\n<meta property=\"article:modified_time\" content=\"2026-01-23T09:46:48+00:00\" \/>\n<meta property=\"og:image\" content=\"https:\/\/progettotouring.it\/radiotouring104\/wp-content\/uploads\/sites\/6\/2026\/01\/Foto-On.-Giusi-Princi-8.jpeg\" \/>\n\t<meta property=\"og:image:width\" content=\"341\" \/>\n\t<meta property=\"og:image:height\" content=\"511\" \/>\n\t<meta property=\"og:image:type\" content=\"image\/jpeg\" \/>\n<meta name=\"author\" content=\"redazione\" \/>\n<meta name=\"twitter:card\" content=\"summary_large_image\" \/>\n<meta name=\"twitter:label1\" content=\"Scritto da\" \/>\n\t<meta name=\"twitter:data1\" content=\"redazione\" \/>\n\t<meta name=\"twitter:label2\" content=\"Tempo di lettura stimato\" \/>\n\t<meta name=\"twitter:data2\" content=\"1 minuto\" \/>\n<script type=\"application\/ld+json\" class=\"yoast-schema-graph\">{\"@context\":\"https:\/\/schema.org\",\"@graph\":[{\"@type\":\"Article\",\"@id\":\"https:\/\/progettotouring.it\/radiotouring104\/2026\/01\/23\/maltempo-in-calabria-princi-vicina-ai-territori-subito-azioni-concrete\/#article\",\"isPartOf\":{\"@id\":\"https:\/\/progettotouring.it\/radiotouring104\/2026\/01\/23\/maltempo-in-calabria-princi-vicina-ai-territori-subito-azioni-concrete\/\"},\"author\":{\"name\":\"redazione\",\"@id\":\"https:\/\/progettotouring.it\/radiotouring104\/#\/schema\/person\/1b3eb3c07c47136bc44c785c543e635f\"},\"headline\":\"Maltempo in Calabria, Princi: \u201cVicina ai territori, subito azioni concrete\u201d\",\"datePublished\":\"2026-01-23T08:50:17+00:00\",\"dateModified\":\"2026-01-23T09:46:48+00:00\",\"mainEntityOfPage\":{\"@id\":\"https:\/\/progettotouring.it\/radiotouring104\/2026\/01\/23\/maltempo-in-calabria-princi-vicina-ai-territori-subito-azioni-concrete\/\"},\"wordCount\":292,\"publisher\":{\"@id\":\"https:\/\/progettotouring.it\/radiotouring104\/#organization\"},\"image\":{\"@id\":\"https:\/\/progettotouring.it\/radiotouring104\/2026\/01\/23\/maltempo-in-calabria-princi-vicina-ai-territori-subito-azioni-concrete\/#primaryimage\"},\"thumbnailUrl\":\"https:\/\/progettotouring.it\/radiotouring104\/wp-content\/uploads\/sites\/6\/2026\/01\/Foto-On.-Giusi-Princi-8.jpeg\",\"keywords\":[\"giusi princi\",\"maltempo in calabria\",\"profonda vicinanza e solidariet\u00e0 alle comunit\u00e0 calabresi duramente colpite dalla recente ondata\",\"subito azioni concrete\",\"Vicina ai territori\"],\"articleSection\":[\"Calabria\",\"Home\",\"News\",\"Reggio Calabria\"],\"inLanguage\":\"it-IT\"},{\"@type\":\"WebPage\",\"@id\":\"https:\/\/progettotouring.it\/radiotouring104\/2026\/01\/23\/maltempo-in-calabria-princi-vicina-ai-territori-subito-azioni-concrete\/\",\"url\":\"https:\/\/progettotouring.it\/radiotouring104\/2026\/01\/23\/maltempo-in-calabria-princi-vicina-ai-territori-subito-azioni-concrete\/\",\"name\":\"Uragano Harry: Princi esprime solidariet\u00e0 alle zone colpite\",\"isPartOf\":{\"@id\":\"https:\/\/progettotouring.it\/radiotouring104\/#website\"},\"primaryImageOfPage\":{\"@id\":\"https:\/\/progettotouring.it\/radiotouring104\/2026\/01\/23\/maltempo-in-calabria-princi-vicina-ai-territori-subito-azioni-concrete\/#primaryimage\"},\"image\":{\"@id\":\"https:\/\/progettotouring.it\/radiotouring104\/2026\/01\/23\/maltempo-in-calabria-princi-vicina-ai-territori-subito-azioni-concrete\/#primaryimage\"},\"thumbnailUrl\":\"https:\/\/progettotouring.it\/radiotouring104\/wp-content\/uploads\/sites\/6\/2026\/01\/Foto-On.-Giusi-Princi-8.jpeg\",\"datePublished\":\"2026-01-23T08:50:17+00:00\",\"dateModified\":\"2026-01-23T09:46:48+00:00\",\"description\":\"L\u2019eurodeputata esprime \u201cprofonda vicinanza e solidariet\u00e0 alle comunit\u00e0 calabresi duramente colpite dalla recente ondata di maltempo\",\"breadcrumb\":{\"@id\":\"https:\/\/progettotouring.it\/radiotouring104\/2026\/01\/23\/maltempo-in-calabria-princi-vicina-ai-territori-subito-azioni-concrete\/#breadcrumb\"},\"inLanguage\":\"it-IT\",\"potentialAction\":[{\"@type\":\"ReadAction\",\"target\":[\"https:\/\/progettotouring.it\/radiotouring104\/2026\/01\/23\/maltempo-in-calabria-princi-vicina-ai-territori-subito-azioni-concrete\/\"]}]},{\"@type\":\"ImageObject\",\"inLanguage\":\"it-IT\",\"@id\":\"https:\/\/progettotouring.it\/radiotouring104\/2026\/01\/23\/maltempo-in-calabria-princi-vicina-ai-territori-subito-azioni-concrete\/#primaryimage\",\"url\":\"https:\/\/progettotouring.it\/radiotouring104\/wp-content\/uploads\/sites\/6\/2026\/01\/Foto-On.-Giusi-Princi-8.jpeg\",\"contentUrl\":\"https:\/\/progettotouring.it\/radiotouring104\/wp-content\/uploads\/sites\/6\/2026\/01\/Foto-On.-Giusi-Princi-8.jpeg\",\"width\":341,\"height\":511},{\"@type\":\"BreadcrumbList\",\"@id\":\"https:\/\/progettotouring.it\/radiotouring104\/2026\/01\/23\/maltempo-in-calabria-princi-vicina-ai-territori-subito-azioni-concrete\/#breadcrumb\",\"itemListElement\":[{\"@type\":\"ListItem\",\"position\":1,\"name\":\"Home\",\"item\":\"https:\/\/progettotouring.it\/radiotouring104\/\"},{\"@type\":\"ListItem\",\"position\":2,\"name\":\"Maltempo in Calabria, Princi: \u201cVicina ai territori, subito azioni concrete\u201d\"}]},{\"@type\":\"WebSite\",\"@id\":\"https:\/\/progettotouring.it\/radiotouring104\/#website\",\"url\":\"https:\/\/progettotouring.it\/radiotouring104\/\",\"name\":\"Radio Touring 104\",\"description\":\"La prima radio Reggina\",\"publisher\":{\"@id\":\"https:\/\/progettotouring.it\/radiotouring104\/#organization\"},\"potentialAction\":[{\"@type\":\"SearchAction\",\"target\":{\"@type\":\"EntryPoint\",\"urlTemplate\":\"https:\/\/progettotouring.it\/radiotouring104\/?s={search_term_string}\"},\"query-input\":{\"@type\":\"PropertyValueSpecification\",\"valueRequired\":true,\"valueName\":\"search_term_string\"}}],\"inLanguage\":\"it-IT\"},{\"@type\":\"Organization\",\"@id\":\"https:\/\/progettotouring.it\/radiotouring104\/#organization\",\"name\":\"Radio Touring 104\",\"url\":\"https:\/\/progettotouring.it\/radiotouring104\/\",\"logo\":{\"@type\":\"ImageObject\",\"inLanguage\":\"it-IT\",\"@id\":\"https:\/\/progettotouring.it\/radiotouring104\/#\/schema\/logo\/image\/\",\"url\":\"https:\/\/progettotouring.it\/radiotouring104\/wp-content\/uploads\/sites\/6\/2022\/02\/cropped-logo-radio-touring-104.png\",\"contentUrl\":\"https:\/\/progettotouring.it\/radiotouring104\/wp-content\/uploads\/sites\/6\/2022\/02\/cropped-logo-radio-touring-104.png\",\"width\":377,\"height\":182,\"caption\":\"Radio Touring 104\"},\"image\":{\"@id\":\"https:\/\/progettotouring.it\/radiotouring104\/#\/schema\/logo\/image\/\"}},{\"@type\":\"Person\",\"@id\":\"https:\/\/progettotouring.it\/radiotouring104\/#\/schema\/person\/1b3eb3c07c47136bc44c785c543e635f\",\"name\":\"redazione\",\"image\":{\"@type\":\"ImageObject\",\"inLanguage\":\"it-IT\",\"@id\":\"https:\/\/secure.gravatar.com\/avatar\/0b31605b49f100769e8b624b3e05de1b73e1692e9568a352f60f53fd072e6e11?s=96&d=mm&r=g\",\"url\":\"https:\/\/secure.gravatar.com\/avatar\/0b31605b49f100769e8b624b3e05de1b73e1692e9568a352f60f53fd072e6e11?s=96&d=mm&r=g\",\"contentUrl\":\"https:\/\/secure.gravatar.com\/avatar\/0b31605b49f100769e8b624b3e05de1b73e1692e9568a352f60f53fd072e6e11?s=96&d=mm&r=g\",\"caption\":\"redazione\"},\"url\":\"https:\/\/progettotouring.it\/radiotouring104\/author\/redazione\/\"}]}<\/script>\n<!-- \/ Yoast SEO plugin. -->","yoast_head_json":{"title":"Uragano Harry: Princi esprime solidariet\u00e0 alle zone colpite","description":"L\u2019eurodeputata esprime \u201cprofonda vicinanza e solidariet\u00e0 alle comunit\u00e0 calabresi duramente colpite dalla recente ondata di maltempo","robots":{"index":"index","follow":"follow","max-snippet":"max-snippet:-1","max-image-preview":"max-image-preview:large","max-video-preview":"max-video-preview:-1"},"canonical":"https:\/\/progettotouring.it\/radiotouring104\/2026\/01\/23\/maltempo-in-calabria-princi-vicina-ai-territori-subito-azioni-concrete\/","og_locale":"it_IT","og_type":"article","og_title":"Uragano Harry: Princi esprime solidariet\u00e0 alle zone colpite","og_description":"L\u2019eurodeputata esprime \u201cprofonda vicinanza e solidariet\u00e0 alle comunit\u00e0 calabresi duramente colpite dalla recente ondata di maltempo","og_url":"https:\/\/progettotouring.it\/radiotouring104\/2026\/01\/23\/maltempo-in-calabria-princi-vicina-ai-territori-subito-azioni-concrete\/","og_site_name":"Radio Touring 104","article_published_time":"2026-01-23T08:50:17+00:00","article_modified_time":"2026-01-23T09:46:48+00:00","og_image":[{"width":341,"height":511,"url":"https:\/\/progettotouring.it\/radiotouring104\/wp-content\/uploads\/sites\/6\/2026\/01\/Foto-On.-Giusi-Princi-8.jpeg","type":"image\/jpeg"}],"author":"redazione","twitter_card":"summary_large_image","twitter_misc":{"Scritto da":"redazione","Tempo di lettura stimato":"1 minuto"},"schema":{"@context":"https:\/\/schema.org","@graph":[{"@type":"Article","@id":"https:\/\/progettotouring.it\/radiotouring104\/2026\/01\/23\/maltempo-in-calabria-princi-vicina-ai-territori-subito-azioni-concrete\/#article","isPartOf":{"@id":"https:\/\/progettotouring.it\/radiotouring104\/2026\/01\/23\/maltempo-in-calabria-princi-vicina-ai-territori-subito-azioni-concrete\/"},"author":{"name":"redazione","@id":"https:\/\/progettotouring.it\/radiotouring104\/#\/schema\/person\/1b3eb3c07c47136bc44c785c543e635f"},"headline":"Maltempo in Calabria, Princi: \u201cVicina ai territori, subito azioni concrete\u201d","datePublished":"2026-01-23T08:50:17+00:00","dateModified":"2026-01-23T09:46:48+00:00","mainEntityOfPage":{"@id":"https:\/\/progettotouring.it\/radiotouring104\/2026\/01\/23\/maltempo-in-calabria-princi-vicina-ai-territori-subito-azioni-concrete\/"},"wordCount":292,"publisher":{"@id":"https:\/\/progettotouring.it\/radiotouring104\/#organization"},"image":{"@id":"https:\/\/progettotouring.it\/radiotouring104\/2026\/01\/23\/maltempo-in-calabria-princi-vicina-ai-territori-subito-azioni-concrete\/#primaryimage"},"thumbnailUrl":"https:\/\/progettotouring.it\/radiotouring104\/wp-content\/uploads\/sites\/6\/2026\/01\/Foto-On.-Giusi-Princi-8.jpeg","keywords":["giusi princi","maltempo in calabria","profonda vicinanza e solidariet\u00e0 alle comunit\u00e0 calabresi duramente colpite dalla recente ondata","subito azioni concrete","Vicina ai territori"],"articleSection":["Calabria","Home","News","Reggio Calabria"],"inLanguage":"it-IT"},{"@type":"WebPage","@id":"https:\/\/progettotouring.it\/radiotouring104\/2026\/01\/23\/maltempo-in-calabria-princi-vicina-ai-territori-subito-azioni-concrete\/","url":"https:\/\/progettotouring.it\/radiotouring104\/2026\/01\/23\/maltempo-in-calabria-princi-vicina-ai-territori-subito-azioni-concrete\/","name":"Uragano Harry: Princi esprime solidariet\u00e0 alle zone colpite","isPartOf":{"@id":"https:\/\/progettotouring.it\/radiotouring104\/#website"},"primaryImageOfPage":{"@id":"https:\/\/progettotouring.it\/radiotouring104\/2026\/01\/23\/maltempo-in-calabria-princi-vicina-ai-territori-subito-azioni-concrete\/#primaryimage"},"image":{"@id":"https:\/\/progettotouring.it\/radiotouring104\/2026\/01\/23\/maltempo-in-calabria-princi-vicina-ai-territori-subito-azioni-concrete\/#primaryimage"},"thumbnailUrl":"https:\/\/progettotouring.it\/radiotouring104\/wp-content\/uploads\/sites\/6\/2026\/01\/Foto-On.-Giusi-Princi-8.jpeg","datePublished":"2026-01-23T08:50:17+00:00","dateModified":"2026-01-23T09:46:48+00:00","description":"L\u2019eurodeputata esprime \u201cprofonda vicinanza e solidariet\u00e0 alle comunit\u00e0 calabresi duramente colpite dalla recente ondata di maltempo","breadcrumb":{"@id":"https:\/\/progettotouring.it\/radiotouring104\/2026\/01\/23\/maltempo-in-calabria-princi-vicina-ai-territori-subito-azioni-concrete\/#breadcrumb"},"inLanguage":"it-IT","potentialAction":[{"@type":"ReadAction","target":["https:\/\/progettotouring.it\/radiotouring104\/2026\/01\/23\/maltempo-in-calabria-princi-vicina-ai-territori-subito-azioni-concrete\/"]}]},{"@type":"ImageObject","inLanguage":"it-IT","@id":"https:\/\/progettotouring.it\/radiotouring104\/2026\/01\/23\/maltempo-in-calabria-princi-vicina-ai-territori-subito-azioni-concrete\/#primaryimage","url":"https:\/\/progettotouring.it\/radiotouring104\/wp-content\/uploads\/sites\/6\/2026\/01\/Foto-On.-Giusi-Princi-8.jpeg","contentUrl":"https:\/\/progettotouring.it\/radiotouring104\/wp-content\/uploads\/sites\/6\/2026\/01\/Foto-On.-Giusi-Princi-8.jpeg","width":341,"height":511},{"@type":"BreadcrumbList","@id":"https:\/\/progettotouring.it\/radiotouring104\/2026\/01\/23\/maltempo-in-calabria-princi-vicina-ai-territori-subito-azioni-concrete\/#breadcrumb","itemListElement":[{"@type":"ListItem","position":1,"name":"Home","item":"https:\/\/progettotouring.it\/radiotouring104\/"},{"@type":"ListItem","position":2,"name":"Maltempo in Calabria, Princi: \u201cVicina ai territori, subito azioni concrete\u201d"}]},{"@type":"WebSite","@id":"https:\/\/progettotouring.it\/radiotouring104\/#website","url":"https:\/\/progettotouring.it\/radiotouring104\/","name":"Radio Touring 104","description":"La prima radio Reggina","publisher":{"@id":"https:\/\/progettotouring.it\/radiotouring104\/#organization"},"potentialAction":[{"@type":"SearchAction","target":{"@type":"EntryPoint","urlTemplate":"https:\/\/progettotouring.it\/radiotouring104\/?s={search_term_string}"},"query-input":{"@type":"PropertyValueSpecification","valueRequired":true,"valueName":"search_term_string"}}],"inLanguage":"it-IT"},{"@type":"Organization","@id":"https:\/\/progettotouring.it\/radiotouring104\/#organization","name":"Radio Touring 104","url":"https:\/\/progettotouring.it\/radiotouring104\/","logo":{"@type":"ImageObject","inLanguage":"it-IT","@id":"https:\/\/progettotouring.it\/radiotouring104\/#\/schema\/logo\/image\/","url":"https:\/\/progettotouring.it\/radiotouring104\/wp-content\/uploads\/sites\/6\/2022\/02\/cropped-logo-radio-touring-104.png","contentUrl":"https:\/\/progettotouring.it\/radiotouring104\/wp-content\/uploads\/sites\/6\/2022\/02\/cropped-logo-radio-touring-104.png","width":377,"height":182,"caption":"Radio Touring 104"},"image":{"@id":"https:\/\/progettotouring.it\/radiotouring104\/#\/schema\/logo\/image\/"}},{"@type":"Person","@id":"https:\/\/progettotouring.it\/radiotouring104\/#\/schema\/person\/1b3eb3c07c47136bc44c785c543e635f","name":"redazione","image":{"@type":"ImageObject","inLanguage":"it-IT","@id":"https:\/\/secure.gravatar.com\/avatar\/0b31605b49f100769e8b624b3e05de1b73e1692e9568a352f60f53fd072e6e11?s=96&d=mm&r=g","url":"https:\/\/secure.gravatar.com\/avatar\/0b31605b49f100769e8b624b3e05de1b73e1692e9568a352f60f53fd072e6e11?s=96&d=mm&r=g","contentUrl":"https:\/\/secure.gravatar.com\/avatar\/0b31605b49f100769e8b624b3e05de1b73e1692e9568a352f60f53fd072e6e11?s=96&d=mm&r=g","caption":"redazione"},"url":"https:\/\/progettotouring.it\/radiotouring104\/author\/redazione\/"}]}},"jetpack_publicize_connections":[],"jetpack_featured_media_url":"https:\/\/progettotouring.it\/radiotouring104\/wp-content\/uploads\/sites\/6\/2026\/01\/Foto-On.-Giusi-Princi-8.jpeg","jetpack_sharing_enabled":true,"_links":{"self":[{"href":"https:\/\/progettotouring.it\/radiotouring104\/wp-json\/wp\/v2\/posts\/89344","targetHints":{"allow":["GET"]}}],"collection":[{"href":"https:\/\/progettotouring.it\/radiotouring104\/wp-json\/wp\/v2\/posts"}],"about":[{"href":"https:\/\/progettotouring.it\/radiotouring104\/wp-json\/wp\/v2\/types\/post"}],"author":[{"embeddable":true,"href":"https:\/\/progettotouring.it\/radiotouring104\/wp-json\/wp\/v2\/users\/5"}],"replies":[{"embeddable":true,"href":"https:\/\/progettotouring.it\/radiotouring104\/wp-json\/wp\/v2\/comments?post=89344"}],"version-history":[{"count":1,"href":"https:\/\/progettotouring.it\/radiotouring104\/wp-json\/wp\/v2\/posts\/89344\/revisions"}],"predecessor-version":[{"id":89346,"href":"https:\/\/progettotouring.it\/radiotouring104\/wp-json\/wp\/v2\/posts\/89344\/revisions\/89346"}],"wp:featuredmedia":[{"embeddable":true,"href":"https:\/\/progettotouring.it\/radiotouring104\/wp-json\/wp\/v2\/media\/89345"}],"wp:attachment":[{"href":"https:\/\/progettotouring.it\/radiotouring104\/wp-json\/wp\/v2\/media?parent=89344"}],"wp:term":[{"taxonomy":"category","embeddable":true,"href":"https:\/\/progettotouring.it\/radiotouring104\/wp-json\/wp\/v2\/categories?post=89344"},{"taxonomy":"post_tag","embeddable":true,"href":"https:\/\/progettotouring.it\/radiotouring104\/wp-json\/wp\/v2\/tags?post=89344"}],"curies":[{"name":"wp","href":"https:\/\/api.w.org\/{rel}","templated":true}]}}