{"id":89362,"date":"2026-01-23T10:57:56","date_gmt":"2026-01-23T09:57:56","guid":{"rendered":"https:\/\/progettotouring.it\/radiotouring104\/?p=89362"},"modified":"2026-01-23T11:49:32","modified_gmt":"2026-01-23T10:49:32","slug":"italvolley-maschile-campione-del-mondo-a-reggio-svolto-il-1-sopralluogo","status":"publish","type":"post","link":"https:\/\/progettotouring.it\/radiotouring104\/2026\/01\/23\/italvolley-maschile-campione-del-mondo-a-reggio-svolto-il-1-sopralluogo\/","title":{"rendered":"Italvolley maschile Campione del Mondo a Reggio: svolto il 1\u00b0 sopralluogo"},"content":{"rendered":"<p>Reggio Calabria \u00e8 pronta a vestirsi d\u2019azzurro per accogliere la Nazionale Italiana di pallavolo maschile, campione del mondo in carica, che il prossimo 26 agosto 2026 scender\u00e0 in campo per un prestigioso test match internazionale contro Cuba.<br \/>\nIl Comitato provinciale FIPAV di Reggio Calabria, presieduto da Domenico Panuccio, \u00e8 gi\u00e0 al lavoro per l\u2019organizzazione dell\u2019evento, forte dell\u2019esperienza maturata negli anni nella gestione di grandi appuntamenti sportivi. L\u2019obiettivo \u00e8, come sempre, curare ogni dettaglio e garantire elevati standard organizzativi.<\/p>\n<p>In quest\u2019ottica, \u00e8 giunto in riva allo Stretto Giacomo Giretto, campione del mondo ad Atene 1994 e attuale Team Manager della Nazionale di pallavolo seniores maschile che, insieme al presidente Domenico Panuccio, a Bruno Gurnari vicepresidente del Comitato regionale FIPAV Calabria e, a Demetrio Modafferi consigliere territoriale FIPAV Reggio Calabria, ha effettuato un primo sopralluogo al PalaCalafiore, alla palestra attrezzi e pesi e alle strutture alberghiere destinate a ospitare le due nazionali.<\/p>\n<p>\u00abC\u2019\u00e8 grande entusiasmo per questo evento \u2013 ha dichiarato il presidente Domenico Panuccio \u2013 Il sopralluogo ha dato esiti molto positivi e il team manager Giacomo Giretto si \u00e8 detto particolarmente soddisfatto ed entusiasta, sia per la qualit\u00e0 delle strutture sportive sia per quelle alberghiere che ospiteranno le due Nazionali. Sar\u00e0 una straordinaria vetrina per Reggio Calabria e siamo pronti \u2013 continua Panuccio \u2013 a metterci subito al lavoro per rendere questo appuntamento un grande successo. L\u2019arrivo della Nazionale di De Giorgi rappresenta un evento di assoluto prestigio sportivo per la citt\u00e0 e per l\u2019intero movimento pallavolistico calabrese, confermando ancora una volta il territorio come sede ideale per manifestazioni di alto livello\u00bb.<\/p>\n","protected":false},"excerpt":{"rendered":"<p>Reggio Calabria \u00e8 pronta a vestirsi d\u2019azzurro per accogliere la Nazionale Italiana di pallavolo maschile, campione del mondo in carica, che il prossimo 26 agosto 2026 scender\u00e0 in campo per&hellip;<\/p>\n","protected":false},"author":5,"featured_media":89363,"comment_status":"closed","ping_status":"open","sticky":false,"template":"","format":"standard","meta":{"_jetpack_memberships_contains_paid_content":false,"footnotes":"","jetpack_publicize_message":"","jetpack_publicize_feature_enabled":true,"jetpack_social_post_already_shared":true,"jetpack_social_options":{"image_generator_settings":{"template":"highway","default_image_id":0,"font":"","enabled":false},"version":2}},"categories":[196,140,144],"tags":[50398,50394,50399,562,50397,50395,50396,50393],"class_list":["post-89362","post","type-post","status-publish","format-standard","has-post-thumbnail","hentry","category-news","category-reggio-calabria","category-sport","tag-bruno-gurnari","tag-comitato-provinciale-fipav-di-reggio","tag-demetrio-modafferi","tag-domenico-panuccio","tag-giacomo-giretto","tag-italvolley-maschile-campione-del-mondo-a-reggio","tag-match-internazionale-contro-cuba","tag-svolto-il-1-sopralluogo"],"yoast_head":"<!-- This site is optimized with the Yoast SEO plugin v27.2 - https:\/\/yoast.com\/product\/yoast-seo-wordpress\/ -->\n<title>Italvolley maschile a Reggio: svolto il 1\u00b0 sopralluogo<\/title>\n<meta name=\"description\" content=\"Svolto il 1\u00b0 sopralluogo in vista del prestigioso match internazionale, contro Cuba, in programma il 26 agosto\" \/>\n<meta name=\"robots\" content=\"index, follow, max-snippet:-1, max-image-preview:large, max-video-preview:-1\" \/>\n<link rel=\"canonical\" href=\"https:\/\/progettotouring.it\/radiotouring104\/2026\/01\/23\/italvolley-maschile-campione-del-mondo-a-reggio-svolto-il-1-sopralluogo\/\" \/>\n<meta property=\"og:locale\" content=\"it_IT\" \/>\n<meta property=\"og:type\" content=\"article\" \/>\n<meta property=\"og:title\" content=\"Italvolley maschile a Reggio: svolto il 1\u00b0 sopralluogo\" \/>\n<meta property=\"og:description\" content=\"Svolto il 1\u00b0 sopralluogo in vista del prestigioso match internazionale, contro Cuba, in programma il 26 agosto\" \/>\n<meta property=\"og:url\" content=\"https:\/\/progettotouring.it\/radiotouring104\/2026\/01\/23\/italvolley-maschile-campione-del-mondo-a-reggio-svolto-il-1-sopralluogo\/\" \/>\n<meta property=\"og:site_name\" content=\"Radio Touring 104\" \/>\n<meta property=\"article:published_time\" content=\"2026-01-23T09:57:56+00:00\" \/>\n<meta property=\"article:modified_time\" content=\"2026-01-23T10:49:32+00:00\" \/>\n<meta property=\"og:image\" content=\"https:\/\/progettotouring.it\/radiotouring104\/wp-content\/uploads\/sites\/6\/2026\/01\/ITALVOLLEY-1SOPRALLUOGO.jpeg\" \/>\n\t<meta property=\"og:image:width\" content=\"1600\" \/>\n\t<meta property=\"og:image:height\" content=\"1200\" \/>\n\t<meta property=\"og:image:type\" content=\"image\/jpeg\" \/>\n<meta name=\"author\" content=\"redazione\" \/>\n<meta name=\"twitter:card\" content=\"summary_large_image\" \/>\n<meta name=\"twitter:label1\" content=\"Scritto da\" \/>\n\t<meta name=\"twitter:data1\" content=\"redazione\" \/>\n\t<meta name=\"twitter:label2\" content=\"Tempo di lettura stimato\" \/>\n\t<meta name=\"twitter:data2\" content=\"1 minuto\" \/>\n<script type=\"application\/ld+json\" class=\"yoast-schema-graph\">{\"@context\":\"https:\/\/schema.org\",\"@graph\":[{\"@type\":\"Article\",\"@id\":\"https:\/\/progettotouring.it\/radiotouring104\/2026\/01\/23\/italvolley-maschile-campione-del-mondo-a-reggio-svolto-il-1-sopralluogo\/#article\",\"isPartOf\":{\"@id\":\"https:\/\/progettotouring.it\/radiotouring104\/2026\/01\/23\/italvolley-maschile-campione-del-mondo-a-reggio-svolto-il-1-sopralluogo\/\"},\"author\":{\"name\":\"redazione\",\"@id\":\"https:\/\/progettotouring.it\/radiotouring104\/#\/schema\/person\/1b3eb3c07c47136bc44c785c543e635f\"},\"headline\":\"Italvolley maschile Campione del Mondo a Reggio: svolto il 1\u00b0 sopralluogo\",\"datePublished\":\"2026-01-23T09:57:56+00:00\",\"dateModified\":\"2026-01-23T10:49:32+00:00\",\"mainEntityOfPage\":{\"@id\":\"https:\/\/progettotouring.it\/radiotouring104\/2026\/01\/23\/italvolley-maschile-campione-del-mondo-a-reggio-svolto-il-1-sopralluogo\/\"},\"wordCount\":268,\"publisher\":{\"@id\":\"https:\/\/progettotouring.it\/radiotouring104\/#organization\"},\"image\":{\"@id\":\"https:\/\/progettotouring.it\/radiotouring104\/2026\/01\/23\/italvolley-maschile-campione-del-mondo-a-reggio-svolto-il-1-sopralluogo\/#primaryimage\"},\"thumbnailUrl\":\"https:\/\/progettotouring.it\/radiotouring104\/wp-content\/uploads\/sites\/6\/2026\/01\/ITALVOLLEY-1SOPRALLUOGO.jpeg\",\"keywords\":[\"Bruno Gurnari\",\"Comitato provinciale FIPAV di Reggio\",\"Demetrio Modafferi\",\"Domenico Panuccio\",\"Giacomo Giretto\",\"Italvolley maschile Campione del Mondo a Reggio\",\"match internazionale contro Cuba\",\"svolto il 1\u00b0 sopralluogo\"],\"articleSection\":[\"News\",\"Reggio Calabria\",\"Sport\"],\"inLanguage\":\"it-IT\"},{\"@type\":\"WebPage\",\"@id\":\"https:\/\/progettotouring.it\/radiotouring104\/2026\/01\/23\/italvolley-maschile-campione-del-mondo-a-reggio-svolto-il-1-sopralluogo\/\",\"url\":\"https:\/\/progettotouring.it\/radiotouring104\/2026\/01\/23\/italvolley-maschile-campione-del-mondo-a-reggio-svolto-il-1-sopralluogo\/\",\"name\":\"Italvolley maschile a Reggio: svolto il 1\u00b0 sopralluogo\",\"isPartOf\":{\"@id\":\"https:\/\/progettotouring.it\/radiotouring104\/#website\"},\"primaryImageOfPage\":{\"@id\":\"https:\/\/progettotouring.it\/radiotouring104\/2026\/01\/23\/italvolley-maschile-campione-del-mondo-a-reggio-svolto-il-1-sopralluogo\/#primaryimage\"},\"image\":{\"@id\":\"https:\/\/progettotouring.it\/radiotouring104\/2026\/01\/23\/italvolley-maschile-campione-del-mondo-a-reggio-svolto-il-1-sopralluogo\/#primaryimage\"},\"thumbnailUrl\":\"https:\/\/progettotouring.it\/radiotouring104\/wp-content\/uploads\/sites\/6\/2026\/01\/ITALVOLLEY-1SOPRALLUOGO.jpeg\",\"datePublished\":\"2026-01-23T09:57:56+00:00\",\"dateModified\":\"2026-01-23T10:49:32+00:00\",\"description\":\"Svolto il 1\u00b0 sopralluogo in vista del prestigioso match internazionale, contro Cuba, in programma il 26 agosto\",\"breadcrumb\":{\"@id\":\"https:\/\/progettotouring.it\/radiotouring104\/2026\/01\/23\/italvolley-maschile-campione-del-mondo-a-reggio-svolto-il-1-sopralluogo\/#breadcrumb\"},\"inLanguage\":\"it-IT\",\"potentialAction\":[{\"@type\":\"ReadAction\",\"target\":[\"https:\/\/progettotouring.it\/radiotouring104\/2026\/01\/23\/italvolley-maschile-campione-del-mondo-a-reggio-svolto-il-1-sopralluogo\/\"]}]},{\"@type\":\"ImageObject\",\"inLanguage\":\"it-IT\",\"@id\":\"https:\/\/progettotouring.it\/radiotouring104\/2026\/01\/23\/italvolley-maschile-campione-del-mondo-a-reggio-svolto-il-1-sopralluogo\/#primaryimage\",\"url\":\"https:\/\/progettotouring.it\/radiotouring104\/wp-content\/uploads\/sites\/6\/2026\/01\/ITALVOLLEY-1SOPRALLUOGO.jpeg\",\"contentUrl\":\"https:\/\/progettotouring.it\/radiotouring104\/wp-content\/uploads\/sites\/6\/2026\/01\/ITALVOLLEY-1SOPRALLUOGO.jpeg\",\"width\":1600,\"height\":1200},{\"@type\":\"BreadcrumbList\",\"@id\":\"https:\/\/progettotouring.it\/radiotouring104\/2026\/01\/23\/italvolley-maschile-campione-del-mondo-a-reggio-svolto-il-1-sopralluogo\/#breadcrumb\",\"itemListElement\":[{\"@type\":\"ListItem\",\"position\":1,\"name\":\"Home\",\"item\":\"https:\/\/progettotouring.it\/radiotouring104\/\"},{\"@type\":\"ListItem\",\"position\":2,\"name\":\"Italvolley maschile Campione del Mondo a Reggio: svolto il 1\u00b0 sopralluogo\"}]},{\"@type\":\"WebSite\",\"@id\":\"https:\/\/progettotouring.it\/radiotouring104\/#website\",\"url\":\"https:\/\/progettotouring.it\/radiotouring104\/\",\"name\":\"Radio Touring 104\",\"description\":\"La prima radio Reggina\",\"publisher\":{\"@id\":\"https:\/\/progettotouring.it\/radiotouring104\/#organization\"},\"potentialAction\":[{\"@type\":\"SearchAction\",\"target\":{\"@type\":\"EntryPoint\",\"urlTemplate\":\"https:\/\/progettotouring.it\/radiotouring104\/?s={search_term_string}\"},\"query-input\":{\"@type\":\"PropertyValueSpecification\",\"valueRequired\":true,\"valueName\":\"search_term_string\"}}],\"inLanguage\":\"it-IT\"},{\"@type\":\"Organization\",\"@id\":\"https:\/\/progettotouring.it\/radiotouring104\/#organization\",\"name\":\"Radio Touring 104\",\"url\":\"https:\/\/progettotouring.it\/radiotouring104\/\",\"logo\":{\"@type\":\"ImageObject\",\"inLanguage\":\"it-IT\",\"@id\":\"https:\/\/progettotouring.it\/radiotouring104\/#\/schema\/logo\/image\/\",\"url\":\"https:\/\/progettotouring.it\/radiotouring104\/wp-content\/uploads\/sites\/6\/2022\/02\/cropped-logo-radio-touring-104.png\",\"contentUrl\":\"https:\/\/progettotouring.it\/radiotouring104\/wp-content\/uploads\/sites\/6\/2022\/02\/cropped-logo-radio-touring-104.png\",\"width\":377,\"height\":182,\"caption\":\"Radio Touring 104\"},\"image\":{\"@id\":\"https:\/\/progettotouring.it\/radiotouring104\/#\/schema\/logo\/image\/\"}},{\"@type\":\"Person\",\"@id\":\"https:\/\/progettotouring.it\/radiotouring104\/#\/schema\/person\/1b3eb3c07c47136bc44c785c543e635f\",\"name\":\"redazione\",\"image\":{\"@type\":\"ImageObject\",\"inLanguage\":\"it-IT\",\"@id\":\"https:\/\/secure.gravatar.com\/avatar\/0b31605b49f100769e8b624b3e05de1b73e1692e9568a352f60f53fd072e6e11?s=96&d=mm&r=g\",\"url\":\"https:\/\/secure.gravatar.com\/avatar\/0b31605b49f100769e8b624b3e05de1b73e1692e9568a352f60f53fd072e6e11?s=96&d=mm&r=g\",\"contentUrl\":\"https:\/\/secure.gravatar.com\/avatar\/0b31605b49f100769e8b624b3e05de1b73e1692e9568a352f60f53fd072e6e11?s=96&d=mm&r=g\",\"caption\":\"redazione\"},\"url\":\"https:\/\/progettotouring.it\/radiotouring104\/author\/redazione\/\"}]}<\/script>\n<!-- \/ Yoast SEO plugin. -->","yoast_head_json":{"title":"Italvolley maschile a Reggio: svolto il 1\u00b0 sopralluogo","description":"Svolto il 1\u00b0 sopralluogo in vista del prestigioso match internazionale, contro Cuba, in programma il 26 agosto","robots":{"index":"index","follow":"follow","max-snippet":"max-snippet:-1","max-image-preview":"max-image-preview:large","max-video-preview":"max-video-preview:-1"},"canonical":"https:\/\/progettotouring.it\/radiotouring104\/2026\/01\/23\/italvolley-maschile-campione-del-mondo-a-reggio-svolto-il-1-sopralluogo\/","og_locale":"it_IT","og_type":"article","og_title":"Italvolley maschile a Reggio: svolto il 1\u00b0 sopralluogo","og_description":"Svolto il 1\u00b0 sopralluogo in vista del prestigioso match internazionale, contro Cuba, in programma il 26 agosto","og_url":"https:\/\/progettotouring.it\/radiotouring104\/2026\/01\/23\/italvolley-maschile-campione-del-mondo-a-reggio-svolto-il-1-sopralluogo\/","og_site_name":"Radio Touring 104","article_published_time":"2026-01-23T09:57:56+00:00","article_modified_time":"2026-01-23T10:49:32+00:00","og_image":[{"width":1600,"height":1200,"url":"https:\/\/progettotouring.it\/radiotouring104\/wp-content\/uploads\/sites\/6\/2026\/01\/ITALVOLLEY-1SOPRALLUOGO.jpeg","type":"image\/jpeg"}],"author":"redazione","twitter_card":"summary_large_image","twitter_misc":{"Scritto da":"redazione","Tempo di lettura stimato":"1 minuto"},"schema":{"@context":"https:\/\/schema.org","@graph":[{"@type":"Article","@id":"https:\/\/progettotouring.it\/radiotouring104\/2026\/01\/23\/italvolley-maschile-campione-del-mondo-a-reggio-svolto-il-1-sopralluogo\/#article","isPartOf":{"@id":"https:\/\/progettotouring.it\/radiotouring104\/2026\/01\/23\/italvolley-maschile-campione-del-mondo-a-reggio-svolto-il-1-sopralluogo\/"},"author":{"name":"redazione","@id":"https:\/\/progettotouring.it\/radiotouring104\/#\/schema\/person\/1b3eb3c07c47136bc44c785c543e635f"},"headline":"Italvolley maschile Campione del Mondo a Reggio: svolto il 1\u00b0 sopralluogo","datePublished":"2026-01-23T09:57:56+00:00","dateModified":"2026-01-23T10:49:32+00:00","mainEntityOfPage":{"@id":"https:\/\/progettotouring.it\/radiotouring104\/2026\/01\/23\/italvolley-maschile-campione-del-mondo-a-reggio-svolto-il-1-sopralluogo\/"},"wordCount":268,"publisher":{"@id":"https:\/\/progettotouring.it\/radiotouring104\/#organization"},"image":{"@id":"https:\/\/progettotouring.it\/radiotouring104\/2026\/01\/23\/italvolley-maschile-campione-del-mondo-a-reggio-svolto-il-1-sopralluogo\/#primaryimage"},"thumbnailUrl":"https:\/\/progettotouring.it\/radiotouring104\/wp-content\/uploads\/sites\/6\/2026\/01\/ITALVOLLEY-1SOPRALLUOGO.jpeg","keywords":["Bruno Gurnari","Comitato provinciale FIPAV di Reggio","Demetrio Modafferi","Domenico Panuccio","Giacomo Giretto","Italvolley maschile Campione del Mondo a Reggio","match internazionale contro Cuba","svolto il 1\u00b0 sopralluogo"],"articleSection":["News","Reggio Calabria","Sport"],"inLanguage":"it-IT"},{"@type":"WebPage","@id":"https:\/\/progettotouring.it\/radiotouring104\/2026\/01\/23\/italvolley-maschile-campione-del-mondo-a-reggio-svolto-il-1-sopralluogo\/","url":"https:\/\/progettotouring.it\/radiotouring104\/2026\/01\/23\/italvolley-maschile-campione-del-mondo-a-reggio-svolto-il-1-sopralluogo\/","name":"Italvolley maschile a Reggio: svolto il 1\u00b0 sopralluogo","isPartOf":{"@id":"https:\/\/progettotouring.it\/radiotouring104\/#website"},"primaryImageOfPage":{"@id":"https:\/\/progettotouring.it\/radiotouring104\/2026\/01\/23\/italvolley-maschile-campione-del-mondo-a-reggio-svolto-il-1-sopralluogo\/#primaryimage"},"image":{"@id":"https:\/\/progettotouring.it\/radiotouring104\/2026\/01\/23\/italvolley-maschile-campione-del-mondo-a-reggio-svolto-il-1-sopralluogo\/#primaryimage"},"thumbnailUrl":"https:\/\/progettotouring.it\/radiotouring104\/wp-content\/uploads\/sites\/6\/2026\/01\/ITALVOLLEY-1SOPRALLUOGO.jpeg","datePublished":"2026-01-23T09:57:56+00:00","dateModified":"2026-01-23T10:49:32+00:00","description":"Svolto il 1\u00b0 sopralluogo in vista del prestigioso match internazionale, contro Cuba, in programma il 26 agosto","breadcrumb":{"@id":"https:\/\/progettotouring.it\/radiotouring104\/2026\/01\/23\/italvolley-maschile-campione-del-mondo-a-reggio-svolto-il-1-sopralluogo\/#breadcrumb"},"inLanguage":"it-IT","potentialAction":[{"@type":"ReadAction","target":["https:\/\/progettotouring.it\/radiotouring104\/2026\/01\/23\/italvolley-maschile-campione-del-mondo-a-reggio-svolto-il-1-sopralluogo\/"]}]},{"@type":"ImageObject","inLanguage":"it-IT","@id":"https:\/\/progettotouring.it\/radiotouring104\/2026\/01\/23\/italvolley-maschile-campione-del-mondo-a-reggio-svolto-il-1-sopralluogo\/#primaryimage","url":"https:\/\/progettotouring.it\/radiotouring104\/wp-content\/uploads\/sites\/6\/2026\/01\/ITALVOLLEY-1SOPRALLUOGO.jpeg","contentUrl":"https:\/\/progettotouring.it\/radiotouring104\/wp-content\/uploads\/sites\/6\/2026\/01\/ITALVOLLEY-1SOPRALLUOGO.jpeg","width":1600,"height":1200},{"@type":"BreadcrumbList","@id":"https:\/\/progettotouring.it\/radiotouring104\/2026\/01\/23\/italvolley-maschile-campione-del-mondo-a-reggio-svolto-il-1-sopralluogo\/#breadcrumb","itemListElement":[{"@type":"ListItem","position":1,"name":"Home","item":"https:\/\/progettotouring.it\/radiotouring104\/"},{"@type":"ListItem","position":2,"name":"Italvolley maschile Campione del Mondo a Reggio: svolto il 1\u00b0 sopralluogo"}]},{"@type":"WebSite","@id":"https:\/\/progettotouring.it\/radiotouring104\/#website","url":"https:\/\/progettotouring.it\/radiotouring104\/","name":"Radio Touring 104","description":"La prima radio Reggina","publisher":{"@id":"https:\/\/progettotouring.it\/radiotouring104\/#organization"},"potentialAction":[{"@type":"SearchAction","target":{"@type":"EntryPoint","urlTemplate":"https:\/\/progettotouring.it\/radiotouring104\/?s={search_term_string}"},"query-input":{"@type":"PropertyValueSpecification","valueRequired":true,"valueName":"search_term_string"}}],"inLanguage":"it-IT"},{"@type":"Organization","@id":"https:\/\/progettotouring.it\/radiotouring104\/#organization","name":"Radio Touring 104","url":"https:\/\/progettotouring.it\/radiotouring104\/","logo":{"@type":"ImageObject","inLanguage":"it-IT","@id":"https:\/\/progettotouring.it\/radiotouring104\/#\/schema\/logo\/image\/","url":"https:\/\/progettotouring.it\/radiotouring104\/wp-content\/uploads\/sites\/6\/2022\/02\/cropped-logo-radio-touring-104.png","contentUrl":"https:\/\/progettotouring.it\/radiotouring104\/wp-content\/uploads\/sites\/6\/2022\/02\/cropped-logo-radio-touring-104.png","width":377,"height":182,"caption":"Radio Touring 104"},"image":{"@id":"https:\/\/progettotouring.it\/radiotouring104\/#\/schema\/logo\/image\/"}},{"@type":"Person","@id":"https:\/\/progettotouring.it\/radiotouring104\/#\/schema\/person\/1b3eb3c07c47136bc44c785c543e635f","name":"redazione","image":{"@type":"ImageObject","inLanguage":"it-IT","@id":"https:\/\/secure.gravatar.com\/avatar\/0b31605b49f100769e8b624b3e05de1b73e1692e9568a352f60f53fd072e6e11?s=96&d=mm&r=g","url":"https:\/\/secure.gravatar.com\/avatar\/0b31605b49f100769e8b624b3e05de1b73e1692e9568a352f60f53fd072e6e11?s=96&d=mm&r=g","contentUrl":"https:\/\/secure.gravatar.com\/avatar\/0b31605b49f100769e8b624b3e05de1b73e1692e9568a352f60f53fd072e6e11?s=96&d=mm&r=g","caption":"redazione"},"url":"https:\/\/progettotouring.it\/radiotouring104\/author\/redazione\/"}]}},"jetpack_publicize_connections":[],"jetpack_featured_media_url":"https:\/\/progettotouring.it\/radiotouring104\/wp-content\/uploads\/sites\/6\/2026\/01\/ITALVOLLEY-1SOPRALLUOGO.jpeg","jetpack_sharing_enabled":true,"_links":{"self":[{"href":"https:\/\/progettotouring.it\/radiotouring104\/wp-json\/wp\/v2\/posts\/89362","targetHints":{"allow":["GET"]}}],"collection":[{"href":"https:\/\/progettotouring.it\/radiotouring104\/wp-json\/wp\/v2\/posts"}],"about":[{"href":"https:\/\/progettotouring.it\/radiotouring104\/wp-json\/wp\/v2\/types\/post"}],"author":[{"embeddable":true,"href":"https:\/\/progettotouring.it\/radiotouring104\/wp-json\/wp\/v2\/users\/5"}],"replies":[{"embeddable":true,"href":"https:\/\/progettotouring.it\/radiotouring104\/wp-json\/wp\/v2\/comments?post=89362"}],"version-history":[{"count":1,"href":"https:\/\/progettotouring.it\/radiotouring104\/wp-json\/wp\/v2\/posts\/89362\/revisions"}],"predecessor-version":[{"id":89364,"href":"https:\/\/progettotouring.it\/radiotouring104\/wp-json\/wp\/v2\/posts\/89362\/revisions\/89364"}],"wp:featuredmedia":[{"embeddable":true,"href":"https:\/\/progettotouring.it\/radiotouring104\/wp-json\/wp\/v2\/media\/89363"}],"wp:attachment":[{"href":"https:\/\/progettotouring.it\/radiotouring104\/wp-json\/wp\/v2\/media?parent=89362"}],"wp:term":[{"taxonomy":"category","embeddable":true,"href":"https:\/\/progettotouring.it\/radiotouring104\/wp-json\/wp\/v2\/categories?post=89362"},{"taxonomy":"post_tag","embeddable":true,"href":"https:\/\/progettotouring.it\/radiotouring104\/wp-json\/wp\/v2\/tags?post=89362"}],"curies":[{"name":"wp","href":"https:\/\/api.w.org\/{rel}","templated":true}]}}