{"id":89371,"date":"2026-01-23T11:37:25","date_gmt":"2026-01-23T10:37:25","guid":{"rendered":"https:\/\/progettotouring.it\/radiotouring104\/?p=89371"},"modified":"2026-01-23T11:49:50","modified_gmt":"2026-01-23T10:49:50","slug":"ciclone-harry-alecci-propone-la-sospensione-degli-obblighi-fiscali-a-famiglie-ed-imprenditori","status":"publish","type":"post","link":"https:\/\/progettotouring.it\/radiotouring104\/2026\/01\/23\/ciclone-harry-alecci-propone-la-sospensione-degli-obblighi-fiscali-a-famiglie-ed-imprenditori\/","title":{"rendered":"Ciclone Harry, Alecci propone la sospensione degli obblighi fiscali a famiglie ed imprenditori"},"content":{"rendered":"<p>&#8220;Quelli appena trascorsi sono stati giorni duri per le nostre citt\u00e0 e per i nostri territori. Tutti noi abbiamo ancora negli occhi le immagini delle mareggiate e dei lungomari danneggiati, cos\u00ec come le famiglie evacuate o temporaneamente isolate. Durante i momenti pi\u00f9 difficili ho sentito Sindaci e amministratori per verificare l\u2019evoluzione della situazione e per esprimere la mia vicinanza alle loro comunit\u00e0. Per fortuna non si sono registrate vittime, e questo rende ancora pi\u00f9 doveroso il plauso a chi ha lavorato senza sosta, Protezione civile, Vigili del fuoco, forze dell\u2019ordine, Prefetture, amministratori locali e associazioni di volontariato.<\/p>\n<p>E\u2019 gi\u00e0 cominciata la triste, ma necessaria, conta dei danni, che appaiono molto ingenti, per pianificare nel minor tempo possibile la ricostruzione. E\u2019 doveroso agire in maniera veloce e concreta perch\u00e9 sono tanti i Comuni a vocazione turistica che sono stati colpiti e che necessitano di aiuti immediati per non perdere la stagione. La politica regionale e nazionale deve far sentire la sua presenza dando garanzie immediate a comuni, cittadini e imprenditori. Occorre dare ossigeno a famiglie e imprenditori che si troveranno di fronte a grandi sacrifici sospendendo gli obblighi fiscali per le famiglie e le attivit\u00e0 commerciali messe in ginocchio dal maltempo e procedendo parallelamente allo stanziamento di fondi per \u201cristorare\u201d chi ha subito delle perdite.<\/p>\n<p>Ma reagire e rispondere agli eventi non basta, occorre concentrarsi sulla prevenzione. L\u2019erosione costiera \u00e8 una crisi che si trascina da anni, che richiede un impegno continuo, non interventi a singhiozzo che non risolvono il problema. Ho accolto con favore le dichiarazioni della maggioranza riguardo l\u2019avvio delle interlocuzioni con gli Enti locali sull\u2019aggiornamento del Masterplan regionale di difesa costiera. Ma alle parole mi auguro che seguano presto atti concreti. Ci sono ancora territori che da diversi anni attendono un intervento, come Nocera Terinese e Cir\u00f2 Marina. Questi ritardi non possono essere pi\u00f9 ammessi. Dopo i fatti recenti non \u00e8 pi\u00f9 possibile rimandare, mettendo sotto i riflettori l\u2019intero litorale calabrese. Strumenti e fondi esistono, ora vanno trasformati in cantieri, con scadenze pubbliche e verificabili. \u00c8 qui che serve il salto di qualit\u00e0, attraverso un cronoprogramma chiaro per progettazioni, autorizzazioni, gare e avvio dei lavori. Non possiamo pi\u00f9 farci trovare pi\u00f9 impreparati, se i fondi restano sulla carta, \u201cil mare se li porta via\u201d, scrive in un comunicato, il Consigliere regionale, Ernesto Alecci.<\/p>\n<p>&nbsp;<\/p>\n<p>&nbsp;<\/p>\n<p>&nbsp;<\/p>\n","protected":false},"excerpt":{"rendered":"<p>&#8220;Quelli appena trascorsi sono stati giorni duri per le nostre citt\u00e0 e per i nostri territori. Tutti noi abbiamo ancora negli occhi le immagini delle mareggiate e dei lungomari danneggiati,&hellip;<\/p>\n","protected":false},"author":5,"featured_media":8626,"comment_status":"closed","ping_status":"open","sticky":false,"template":"","format":"standard","meta":{"_jetpack_memberships_contains_paid_content":false,"footnotes":"","jetpack_publicize_message":"","jetpack_publicize_feature_enabled":true,"jetpack_social_post_already_shared":true,"jetpack_social_options":{"image_generator_settings":{"template":"highway","default_image_id":0,"font":"","enabled":false},"version":2}},"categories":[142,921,196,140],"tags":[50405,3889,33365,1148,50404],"class_list":["post-89371","post","type-post","status-publish","format-standard","has-post-thumbnail","hentry","category-calabria","category-home","category-news","category-reggio-calabria","tag-ciclone-harry","tag-ernesto-alecci","tag-famiglie","tag-imprenditori","tag-proposta-la-sospensione-degli-obblighi-fiscali"],"yoast_head":"<!-- This site is optimized with the Yoast SEO plugin v27.2 - https:\/\/yoast.com\/product\/yoast-seo-wordpress\/ -->\n<title>Ciclone Harry, Alecci propone la sospensione degli obblighi fiscali<\/title>\n<meta name=\"description\" content=\"&quot;Ocorre dare ossigeno a famiglie ed imprenditori che si troveranno di fronte a grandi sacrifici&quot;, scrive il Consigliere Alecci\" \/>\n<meta name=\"robots\" content=\"index, follow, max-snippet:-1, max-image-preview:large, max-video-preview:-1\" \/>\n<link rel=\"canonical\" href=\"https:\/\/progettotouring.it\/radiotouring104\/2026\/01\/23\/ciclone-harry-alecci-propone-la-sospensione-degli-obblighi-fiscali-a-famiglie-ed-imprenditori\/\" \/>\n<meta property=\"og:locale\" content=\"it_IT\" \/>\n<meta property=\"og:type\" content=\"article\" \/>\n<meta property=\"og:title\" content=\"Ciclone Harry, Alecci propone la sospensione degli obblighi fiscali\" \/>\n<meta property=\"og:description\" content=\"&quot;Ocorre dare ossigeno a famiglie ed imprenditori che si troveranno di fronte a grandi sacrifici&quot;, scrive il Consigliere Alecci\" \/>\n<meta property=\"og:url\" content=\"https:\/\/progettotouring.it\/radiotouring104\/2026\/01\/23\/ciclone-harry-alecci-propone-la-sospensione-degli-obblighi-fiscali-a-famiglie-ed-imprenditori\/\" \/>\n<meta property=\"og:site_name\" content=\"Radio Touring 104\" \/>\n<meta property=\"article:published_time\" content=\"2026-01-23T10:37:25+00:00\" \/>\n<meta property=\"article:modified_time\" content=\"2026-01-23T10:49:50+00:00\" \/>\n<meta property=\"og:image\" content=\"https:\/\/progettotouring.it\/radiotouring104\/wp-content\/uploads\/sites\/6\/2022\/07\/ernesto-alecci.jpg\" \/>\n\t<meta property=\"og:image:width\" content=\"660\" \/>\n\t<meta property=\"og:image:height\" content=\"602\" \/>\n\t<meta property=\"og:image:type\" content=\"image\/jpeg\" \/>\n<meta name=\"author\" content=\"redazione\" \/>\n<meta name=\"twitter:card\" content=\"summary_large_image\" \/>\n<meta name=\"twitter:label1\" content=\"Scritto da\" \/>\n\t<meta name=\"twitter:data1\" content=\"redazione\" \/>\n\t<meta name=\"twitter:label2\" content=\"Tempo di lettura stimato\" \/>\n\t<meta name=\"twitter:data2\" content=\"2 minuti\" \/>\n<script type=\"application\/ld+json\" class=\"yoast-schema-graph\">{\"@context\":\"https:\/\/schema.org\",\"@graph\":[{\"@type\":\"Article\",\"@id\":\"https:\/\/progettotouring.it\/radiotouring104\/2026\/01\/23\/ciclone-harry-alecci-propone-la-sospensione-degli-obblighi-fiscali-a-famiglie-ed-imprenditori\/#article\",\"isPartOf\":{\"@id\":\"https:\/\/progettotouring.it\/radiotouring104\/2026\/01\/23\/ciclone-harry-alecci-propone-la-sospensione-degli-obblighi-fiscali-a-famiglie-ed-imprenditori\/\"},\"author\":{\"name\":\"redazione\",\"@id\":\"https:\/\/progettotouring.it\/radiotouring104\/#\/schema\/person\/1b3eb3c07c47136bc44c785c543e635f\"},\"headline\":\"Ciclone Harry, Alecci propone la sospensione degli obblighi fiscali a famiglie ed imprenditori\",\"datePublished\":\"2026-01-23T10:37:25+00:00\",\"dateModified\":\"2026-01-23T10:49:50+00:00\",\"mainEntityOfPage\":{\"@id\":\"https:\/\/progettotouring.it\/radiotouring104\/2026\/01\/23\/ciclone-harry-alecci-propone-la-sospensione-degli-obblighi-fiscali-a-famiglie-ed-imprenditori\/\"},\"wordCount\":404,\"publisher\":{\"@id\":\"https:\/\/progettotouring.it\/radiotouring104\/#organization\"},\"image\":{\"@id\":\"https:\/\/progettotouring.it\/radiotouring104\/2026\/01\/23\/ciclone-harry-alecci-propone-la-sospensione-degli-obblighi-fiscali-a-famiglie-ed-imprenditori\/#primaryimage\"},\"thumbnailUrl\":\"https:\/\/progettotouring.it\/radiotouring104\/wp-content\/uploads\/sites\/6\/2022\/07\/ernesto-alecci.jpg\",\"keywords\":[\"ciclone Harry\",\"Ernesto Alecci\",\"famiglie\",\"imprenditori\",\"proposta la sospensione degli obblighi fiscali\"],\"articleSection\":[\"Calabria\",\"Home\",\"News\",\"Reggio Calabria\"],\"inLanguage\":\"it-IT\"},{\"@type\":\"WebPage\",\"@id\":\"https:\/\/progettotouring.it\/radiotouring104\/2026\/01\/23\/ciclone-harry-alecci-propone-la-sospensione-degli-obblighi-fiscali-a-famiglie-ed-imprenditori\/\",\"url\":\"https:\/\/progettotouring.it\/radiotouring104\/2026\/01\/23\/ciclone-harry-alecci-propone-la-sospensione-degli-obblighi-fiscali-a-famiglie-ed-imprenditori\/\",\"name\":\"Ciclone Harry, Alecci propone la sospensione degli obblighi fiscali\",\"isPartOf\":{\"@id\":\"https:\/\/progettotouring.it\/radiotouring104\/#website\"},\"primaryImageOfPage\":{\"@id\":\"https:\/\/progettotouring.it\/radiotouring104\/2026\/01\/23\/ciclone-harry-alecci-propone-la-sospensione-degli-obblighi-fiscali-a-famiglie-ed-imprenditori\/#primaryimage\"},\"image\":{\"@id\":\"https:\/\/progettotouring.it\/radiotouring104\/2026\/01\/23\/ciclone-harry-alecci-propone-la-sospensione-degli-obblighi-fiscali-a-famiglie-ed-imprenditori\/#primaryimage\"},\"thumbnailUrl\":\"https:\/\/progettotouring.it\/radiotouring104\/wp-content\/uploads\/sites\/6\/2022\/07\/ernesto-alecci.jpg\",\"datePublished\":\"2026-01-23T10:37:25+00:00\",\"dateModified\":\"2026-01-23T10:49:50+00:00\",\"description\":\"\\\"Ocorre dare ossigeno a famiglie ed imprenditori che si troveranno di fronte a grandi sacrifici\\\", scrive il Consigliere Alecci\",\"breadcrumb\":{\"@id\":\"https:\/\/progettotouring.it\/radiotouring104\/2026\/01\/23\/ciclone-harry-alecci-propone-la-sospensione-degli-obblighi-fiscali-a-famiglie-ed-imprenditori\/#breadcrumb\"},\"inLanguage\":\"it-IT\",\"potentialAction\":[{\"@type\":\"ReadAction\",\"target\":[\"https:\/\/progettotouring.it\/radiotouring104\/2026\/01\/23\/ciclone-harry-alecci-propone-la-sospensione-degli-obblighi-fiscali-a-famiglie-ed-imprenditori\/\"]}]},{\"@type\":\"ImageObject\",\"inLanguage\":\"it-IT\",\"@id\":\"https:\/\/progettotouring.it\/radiotouring104\/2026\/01\/23\/ciclone-harry-alecci-propone-la-sospensione-degli-obblighi-fiscali-a-famiglie-ed-imprenditori\/#primaryimage\",\"url\":\"https:\/\/progettotouring.it\/radiotouring104\/wp-content\/uploads\/sites\/6\/2022\/07\/ernesto-alecci.jpg\",\"contentUrl\":\"https:\/\/progettotouring.it\/radiotouring104\/wp-content\/uploads\/sites\/6\/2022\/07\/ernesto-alecci.jpg\",\"width\":660,\"height\":602},{\"@type\":\"BreadcrumbList\",\"@id\":\"https:\/\/progettotouring.it\/radiotouring104\/2026\/01\/23\/ciclone-harry-alecci-propone-la-sospensione-degli-obblighi-fiscali-a-famiglie-ed-imprenditori\/#breadcrumb\",\"itemListElement\":[{\"@type\":\"ListItem\",\"position\":1,\"name\":\"Home\",\"item\":\"https:\/\/progettotouring.it\/radiotouring104\/\"},{\"@type\":\"ListItem\",\"position\":2,\"name\":\"Ciclone Harry, Alecci propone la sospensione degli obblighi fiscali a famiglie ed imprenditori\"}]},{\"@type\":\"WebSite\",\"@id\":\"https:\/\/progettotouring.it\/radiotouring104\/#website\",\"url\":\"https:\/\/progettotouring.it\/radiotouring104\/\",\"name\":\"Radio Touring 104\",\"description\":\"La prima radio Reggina\",\"publisher\":{\"@id\":\"https:\/\/progettotouring.it\/radiotouring104\/#organization\"},\"potentialAction\":[{\"@type\":\"SearchAction\",\"target\":{\"@type\":\"EntryPoint\",\"urlTemplate\":\"https:\/\/progettotouring.it\/radiotouring104\/?s={search_term_string}\"},\"query-input\":{\"@type\":\"PropertyValueSpecification\",\"valueRequired\":true,\"valueName\":\"search_term_string\"}}],\"inLanguage\":\"it-IT\"},{\"@type\":\"Organization\",\"@id\":\"https:\/\/progettotouring.it\/radiotouring104\/#organization\",\"name\":\"Radio Touring 104\",\"url\":\"https:\/\/progettotouring.it\/radiotouring104\/\",\"logo\":{\"@type\":\"ImageObject\",\"inLanguage\":\"it-IT\",\"@id\":\"https:\/\/progettotouring.it\/radiotouring104\/#\/schema\/logo\/image\/\",\"url\":\"https:\/\/progettotouring.it\/radiotouring104\/wp-content\/uploads\/sites\/6\/2022\/02\/cropped-logo-radio-touring-104.png\",\"contentUrl\":\"https:\/\/progettotouring.it\/radiotouring104\/wp-content\/uploads\/sites\/6\/2022\/02\/cropped-logo-radio-touring-104.png\",\"width\":377,\"height\":182,\"caption\":\"Radio Touring 104\"},\"image\":{\"@id\":\"https:\/\/progettotouring.it\/radiotouring104\/#\/schema\/logo\/image\/\"}},{\"@type\":\"Person\",\"@id\":\"https:\/\/progettotouring.it\/radiotouring104\/#\/schema\/person\/1b3eb3c07c47136bc44c785c543e635f\",\"name\":\"redazione\",\"image\":{\"@type\":\"ImageObject\",\"inLanguage\":\"it-IT\",\"@id\":\"https:\/\/secure.gravatar.com\/avatar\/0b31605b49f100769e8b624b3e05de1b73e1692e9568a352f60f53fd072e6e11?s=96&d=mm&r=g\",\"url\":\"https:\/\/secure.gravatar.com\/avatar\/0b31605b49f100769e8b624b3e05de1b73e1692e9568a352f60f53fd072e6e11?s=96&d=mm&r=g\",\"contentUrl\":\"https:\/\/secure.gravatar.com\/avatar\/0b31605b49f100769e8b624b3e05de1b73e1692e9568a352f60f53fd072e6e11?s=96&d=mm&r=g\",\"caption\":\"redazione\"},\"url\":\"https:\/\/progettotouring.it\/radiotouring104\/author\/redazione\/\"}]}<\/script>\n<!-- \/ Yoast SEO plugin. -->","yoast_head_json":{"title":"Ciclone Harry, Alecci propone la sospensione degli obblighi fiscali","description":"\"Ocorre dare ossigeno a famiglie ed imprenditori che si troveranno di fronte a grandi sacrifici\", scrive il Consigliere Alecci","robots":{"index":"index","follow":"follow","max-snippet":"max-snippet:-1","max-image-preview":"max-image-preview:large","max-video-preview":"max-video-preview:-1"},"canonical":"https:\/\/progettotouring.it\/radiotouring104\/2026\/01\/23\/ciclone-harry-alecci-propone-la-sospensione-degli-obblighi-fiscali-a-famiglie-ed-imprenditori\/","og_locale":"it_IT","og_type":"article","og_title":"Ciclone Harry, Alecci propone la sospensione degli obblighi fiscali","og_description":"\"Ocorre dare ossigeno a famiglie ed imprenditori che si troveranno di fronte a grandi sacrifici\", scrive il Consigliere Alecci","og_url":"https:\/\/progettotouring.it\/radiotouring104\/2026\/01\/23\/ciclone-harry-alecci-propone-la-sospensione-degli-obblighi-fiscali-a-famiglie-ed-imprenditori\/","og_site_name":"Radio Touring 104","article_published_time":"2026-01-23T10:37:25+00:00","article_modified_time":"2026-01-23T10:49:50+00:00","og_image":[{"width":660,"height":602,"url":"https:\/\/progettotouring.it\/radiotouring104\/wp-content\/uploads\/sites\/6\/2022\/07\/ernesto-alecci.jpg","type":"image\/jpeg"}],"author":"redazione","twitter_card":"summary_large_image","twitter_misc":{"Scritto da":"redazione","Tempo di lettura stimato":"2 minuti"},"schema":{"@context":"https:\/\/schema.org","@graph":[{"@type":"Article","@id":"https:\/\/progettotouring.it\/radiotouring104\/2026\/01\/23\/ciclone-harry-alecci-propone-la-sospensione-degli-obblighi-fiscali-a-famiglie-ed-imprenditori\/#article","isPartOf":{"@id":"https:\/\/progettotouring.it\/radiotouring104\/2026\/01\/23\/ciclone-harry-alecci-propone-la-sospensione-degli-obblighi-fiscali-a-famiglie-ed-imprenditori\/"},"author":{"name":"redazione","@id":"https:\/\/progettotouring.it\/radiotouring104\/#\/schema\/person\/1b3eb3c07c47136bc44c785c543e635f"},"headline":"Ciclone Harry, Alecci propone la sospensione degli obblighi fiscali a famiglie ed imprenditori","datePublished":"2026-01-23T10:37:25+00:00","dateModified":"2026-01-23T10:49:50+00:00","mainEntityOfPage":{"@id":"https:\/\/progettotouring.it\/radiotouring104\/2026\/01\/23\/ciclone-harry-alecci-propone-la-sospensione-degli-obblighi-fiscali-a-famiglie-ed-imprenditori\/"},"wordCount":404,"publisher":{"@id":"https:\/\/progettotouring.it\/radiotouring104\/#organization"},"image":{"@id":"https:\/\/progettotouring.it\/radiotouring104\/2026\/01\/23\/ciclone-harry-alecci-propone-la-sospensione-degli-obblighi-fiscali-a-famiglie-ed-imprenditori\/#primaryimage"},"thumbnailUrl":"https:\/\/progettotouring.it\/radiotouring104\/wp-content\/uploads\/sites\/6\/2022\/07\/ernesto-alecci.jpg","keywords":["ciclone Harry","Ernesto Alecci","famiglie","imprenditori","proposta la sospensione degli obblighi fiscali"],"articleSection":["Calabria","Home","News","Reggio Calabria"],"inLanguage":"it-IT"},{"@type":"WebPage","@id":"https:\/\/progettotouring.it\/radiotouring104\/2026\/01\/23\/ciclone-harry-alecci-propone-la-sospensione-degli-obblighi-fiscali-a-famiglie-ed-imprenditori\/","url":"https:\/\/progettotouring.it\/radiotouring104\/2026\/01\/23\/ciclone-harry-alecci-propone-la-sospensione-degli-obblighi-fiscali-a-famiglie-ed-imprenditori\/","name":"Ciclone Harry, Alecci propone la sospensione degli obblighi fiscali","isPartOf":{"@id":"https:\/\/progettotouring.it\/radiotouring104\/#website"},"primaryImageOfPage":{"@id":"https:\/\/progettotouring.it\/radiotouring104\/2026\/01\/23\/ciclone-harry-alecci-propone-la-sospensione-degli-obblighi-fiscali-a-famiglie-ed-imprenditori\/#primaryimage"},"image":{"@id":"https:\/\/progettotouring.it\/radiotouring104\/2026\/01\/23\/ciclone-harry-alecci-propone-la-sospensione-degli-obblighi-fiscali-a-famiglie-ed-imprenditori\/#primaryimage"},"thumbnailUrl":"https:\/\/progettotouring.it\/radiotouring104\/wp-content\/uploads\/sites\/6\/2022\/07\/ernesto-alecci.jpg","datePublished":"2026-01-23T10:37:25+00:00","dateModified":"2026-01-23T10:49:50+00:00","description":"\"Ocorre dare ossigeno a famiglie ed imprenditori che si troveranno di fronte a grandi sacrifici\", scrive il Consigliere Alecci","breadcrumb":{"@id":"https:\/\/progettotouring.it\/radiotouring104\/2026\/01\/23\/ciclone-harry-alecci-propone-la-sospensione-degli-obblighi-fiscali-a-famiglie-ed-imprenditori\/#breadcrumb"},"inLanguage":"it-IT","potentialAction":[{"@type":"ReadAction","target":["https:\/\/progettotouring.it\/radiotouring104\/2026\/01\/23\/ciclone-harry-alecci-propone-la-sospensione-degli-obblighi-fiscali-a-famiglie-ed-imprenditori\/"]}]},{"@type":"ImageObject","inLanguage":"it-IT","@id":"https:\/\/progettotouring.it\/radiotouring104\/2026\/01\/23\/ciclone-harry-alecci-propone-la-sospensione-degli-obblighi-fiscali-a-famiglie-ed-imprenditori\/#primaryimage","url":"https:\/\/progettotouring.it\/radiotouring104\/wp-content\/uploads\/sites\/6\/2022\/07\/ernesto-alecci.jpg","contentUrl":"https:\/\/progettotouring.it\/radiotouring104\/wp-content\/uploads\/sites\/6\/2022\/07\/ernesto-alecci.jpg","width":660,"height":602},{"@type":"BreadcrumbList","@id":"https:\/\/progettotouring.it\/radiotouring104\/2026\/01\/23\/ciclone-harry-alecci-propone-la-sospensione-degli-obblighi-fiscali-a-famiglie-ed-imprenditori\/#breadcrumb","itemListElement":[{"@type":"ListItem","position":1,"name":"Home","item":"https:\/\/progettotouring.it\/radiotouring104\/"},{"@type":"ListItem","position":2,"name":"Ciclone Harry, Alecci propone la sospensione degli obblighi fiscali a famiglie ed imprenditori"}]},{"@type":"WebSite","@id":"https:\/\/progettotouring.it\/radiotouring104\/#website","url":"https:\/\/progettotouring.it\/radiotouring104\/","name":"Radio Touring 104","description":"La prima radio Reggina","publisher":{"@id":"https:\/\/progettotouring.it\/radiotouring104\/#organization"},"potentialAction":[{"@type":"SearchAction","target":{"@type":"EntryPoint","urlTemplate":"https:\/\/progettotouring.it\/radiotouring104\/?s={search_term_string}"},"query-input":{"@type":"PropertyValueSpecification","valueRequired":true,"valueName":"search_term_string"}}],"inLanguage":"it-IT"},{"@type":"Organization","@id":"https:\/\/progettotouring.it\/radiotouring104\/#organization","name":"Radio Touring 104","url":"https:\/\/progettotouring.it\/radiotouring104\/","logo":{"@type":"ImageObject","inLanguage":"it-IT","@id":"https:\/\/progettotouring.it\/radiotouring104\/#\/schema\/logo\/image\/","url":"https:\/\/progettotouring.it\/radiotouring104\/wp-content\/uploads\/sites\/6\/2022\/02\/cropped-logo-radio-touring-104.png","contentUrl":"https:\/\/progettotouring.it\/radiotouring104\/wp-content\/uploads\/sites\/6\/2022\/02\/cropped-logo-radio-touring-104.png","width":377,"height":182,"caption":"Radio Touring 104"},"image":{"@id":"https:\/\/progettotouring.it\/radiotouring104\/#\/schema\/logo\/image\/"}},{"@type":"Person","@id":"https:\/\/progettotouring.it\/radiotouring104\/#\/schema\/person\/1b3eb3c07c47136bc44c785c543e635f","name":"redazione","image":{"@type":"ImageObject","inLanguage":"it-IT","@id":"https:\/\/secure.gravatar.com\/avatar\/0b31605b49f100769e8b624b3e05de1b73e1692e9568a352f60f53fd072e6e11?s=96&d=mm&r=g","url":"https:\/\/secure.gravatar.com\/avatar\/0b31605b49f100769e8b624b3e05de1b73e1692e9568a352f60f53fd072e6e11?s=96&d=mm&r=g","contentUrl":"https:\/\/secure.gravatar.com\/avatar\/0b31605b49f100769e8b624b3e05de1b73e1692e9568a352f60f53fd072e6e11?s=96&d=mm&r=g","caption":"redazione"},"url":"https:\/\/progettotouring.it\/radiotouring104\/author\/redazione\/"}]}},"jetpack_publicize_connections":[],"jetpack_featured_media_url":"https:\/\/progettotouring.it\/radiotouring104\/wp-content\/uploads\/sites\/6\/2022\/07\/ernesto-alecci.jpg","jetpack_sharing_enabled":true,"_links":{"self":[{"href":"https:\/\/progettotouring.it\/radiotouring104\/wp-json\/wp\/v2\/posts\/89371","targetHints":{"allow":["GET"]}}],"collection":[{"href":"https:\/\/progettotouring.it\/radiotouring104\/wp-json\/wp\/v2\/posts"}],"about":[{"href":"https:\/\/progettotouring.it\/radiotouring104\/wp-json\/wp\/v2\/types\/post"}],"author":[{"embeddable":true,"href":"https:\/\/progettotouring.it\/radiotouring104\/wp-json\/wp\/v2\/users\/5"}],"replies":[{"embeddable":true,"href":"https:\/\/progettotouring.it\/radiotouring104\/wp-json\/wp\/v2\/comments?post=89371"}],"version-history":[{"count":1,"href":"https:\/\/progettotouring.it\/radiotouring104\/wp-json\/wp\/v2\/posts\/89371\/revisions"}],"predecessor-version":[{"id":89372,"href":"https:\/\/progettotouring.it\/radiotouring104\/wp-json\/wp\/v2\/posts\/89371\/revisions\/89372"}],"wp:featuredmedia":[{"embeddable":true,"href":"https:\/\/progettotouring.it\/radiotouring104\/wp-json\/wp\/v2\/media\/8626"}],"wp:attachment":[{"href":"https:\/\/progettotouring.it\/radiotouring104\/wp-json\/wp\/v2\/media?parent=89371"}],"wp:term":[{"taxonomy":"category","embeddable":true,"href":"https:\/\/progettotouring.it\/radiotouring104\/wp-json\/wp\/v2\/categories?post=89371"},{"taxonomy":"post_tag","embeddable":true,"href":"https:\/\/progettotouring.it\/radiotouring104\/wp-json\/wp\/v2\/tags?post=89371"}],"curies":[{"name":"wp","href":"https:\/\/api.w.org\/{rel}","templated":true}]}}