{"id":89376,"date":"2026-01-23T11:55:53","date_gmt":"2026-01-23T10:55:53","guid":{"rendered":"https:\/\/progettotouring.it\/radiotouring104\/?p=89376"},"modified":"2026-01-23T12:43:29","modified_gmt":"2026-01-23T11:43:29","slug":"alfonso-marcuzzo-nuovo-segretario-generale-di-flc-cgil-calabria","status":"publish","type":"post","link":"https:\/\/progettotouring.it\/radiotouring104\/2026\/01\/23\/alfonso-marcuzzo-nuovo-segretario-generale-di-flc-cgil-calabria\/","title":{"rendered":"Alfonso Marcuzzo nuovo Segretario Generale di Flc Cgil Calabria"},"content":{"rendered":"<p>L\u2019assemblea della FLC CGIL Calabria ha eletto all&#8217;unanimit\u00e0 Alfonso Marcuzzo come nuovo Segretario Generale della categoria, segnando un passaggio di testimone significativo per il sindacato regionale della conoscenza. Marcuzzo succede a Domenico Denaro, giunto alla scadenza del suo mandato, del quale ha voluto lodare la dedizione, la generosit\u00e0 e l\u2019impegno che hanno garantito continuit\u00e0 e passione in un percorso sindacale di alto profilo.<\/p>\n<p>Per il nuovo Segretario, assumere questa guida rappresenta una grande responsabilit\u00e0 politica collettiva, da esercitare con rispetto e determinazione in un momento storico che definisce come una vera e propria fase di svolta.<\/p>\n<p>Ad affiancare Alfonso Marcuzzo sar\u00e0 una segreteria regionale composta da figure di comprovata esperienza: Carmen Aiello, Ivan Caroleo, Grace D\u2019Agata e Amelia Rovella. Questa squadra avr\u00e0 il compito di tradurre in scelte concrete la difesa dei diritti nei settori della scuola, dell\u2019universit\u00e0, della ricerca e dell\u2019alta formazione in un contesto internazionale e nazionale in rapido e spesso preoccupante mutamento.<\/p>\n<p>Nel suo intervento programmatico, Marcuzzo ha sottolineato come la difesa del lavoro oggi non possa essere disgiunta dalla difesa della pace, della democrazia e dei valori costituzionali. Ha espresso forte preoccupazione per le riforme che rischiano di svuotare dall\u2019interno l\u2019autonomia delle istituzioni e per una strategia politica che mette in discussione i diritti acquisiti. Sul piano sindacale, la linea della FLC CGIL Calabria rimarr\u00e0 ferma sulla critica al rinnovo del contratto nazionale, non sottoscritto dalla categoria perch\u00e9 ritenuto privo di equit\u00e0 salariale e incapace di tutelare i lavoratori dall\u2019inflazione reale.<\/p>\n<p>Il mandato punter\u00e0 con forza sulla formazione delle Rsu cx, considerate il pilastro fondamentale della contrattazione decentrata e il primo presidio di consapevolezza e forza nei luoghi di lavoro. La Calabria \u00e8 una terra che ha pagato un prezzo altissimo a causa di povert\u00e0 educativa e precariet\u00e0 e deve tornare a essere un luogo di investimento e non di sacrificio, a partire da un confronto serrato con la nuova Direzione dell\u2019Ufficio Scolastico Regionale. Il nuovo corso della FLC CGIL Calabria si apre dunque all&#8217;insegna del &#8220;noi&#8221;, con l&#8217;obiettivo di rafforzare la presenza sindacale in ogni territorio e in ogni settore della conoscenza, garantendo una collegialit\u00e0 vera e praticata ogni giorno.<\/p>\n<p>&nbsp;<\/p>\n","protected":false},"excerpt":{"rendered":"<p>L\u2019assemblea della FLC CGIL Calabria ha eletto all&#8217;unanimit\u00e0 Alfonso Marcuzzo come nuovo Segretario Generale della categoria, segnando un passaggio di testimone significativo per il sindacato regionale della conoscenza. Marcuzzo succede&hellip;<\/p>\n","protected":false},"author":5,"featured_media":89377,"comment_status":"closed","ping_status":"open","sticky":false,"template":"","format":"standard","meta":{"_jetpack_memberships_contains_paid_content":false,"footnotes":"","jetpack_publicize_message":"","jetpack_publicize_feature_enabled":true,"jetpack_social_post_already_shared":true,"jetpack_social_options":{"image_generator_settings":{"template":"highway","default_image_id":0,"font":"","enabled":false},"version":2}},"categories":[142,921,196],"tags":[7413,50408,38046,24726,9924],"class_list":["post-89376","post","type-post","status-publish","format-standard","has-post-thumbnail","hentry","category-calabria","category-home","category-news","tag-alfonso-marcuzzo","tag-domenico-denaro","tag-elezione","tag-flc-cgil-calabria","tag-segretario-generale"],"yoast_head":"<!-- This site is optimized with the Yoast SEO plugin v27.2 - https:\/\/yoast.com\/product\/yoast-seo-wordpress\/ -->\n<title>Alfonso Marcuzzo nuovo Segretario Generale di Flc Cgil Calabria - Radio Touring 104<\/title>\n<meta name=\"description\" content=\"L\u2019assemblea ha eletto all&#039;unanimit\u00e0 Alfonso Marcuzzo come nuovo Segretario Generale della categoria. Succede a Domenico Denaro\" \/>\n<meta name=\"robots\" content=\"index, follow, max-snippet:-1, max-image-preview:large, max-video-preview:-1\" \/>\n<link rel=\"canonical\" href=\"https:\/\/progettotouring.it\/radiotouring104\/2026\/01\/23\/alfonso-marcuzzo-nuovo-segretario-generale-di-flc-cgil-calabria\/\" \/>\n<meta property=\"og:locale\" content=\"it_IT\" \/>\n<meta property=\"og:type\" content=\"article\" \/>\n<meta property=\"og:title\" content=\"Alfonso Marcuzzo nuovo Segretario Generale di Flc Cgil Calabria - Radio Touring 104\" \/>\n<meta property=\"og:description\" content=\"L\u2019assemblea ha eletto all&#039;unanimit\u00e0 Alfonso Marcuzzo come nuovo Segretario Generale della categoria. Succede a Domenico Denaro\" \/>\n<meta property=\"og:url\" content=\"https:\/\/progettotouring.it\/radiotouring104\/2026\/01\/23\/alfonso-marcuzzo-nuovo-segretario-generale-di-flc-cgil-calabria\/\" \/>\n<meta property=\"og:site_name\" content=\"Radio Touring 104\" \/>\n<meta property=\"article:published_time\" content=\"2026-01-23T10:55:53+00:00\" \/>\n<meta property=\"article:modified_time\" content=\"2026-01-23T11:43:29+00:00\" \/>\n<meta property=\"og:image\" content=\"https:\/\/progettotouring.it\/radiotouring104\/wp-content\/uploads\/sites\/6\/2026\/01\/Flc-Cgil-Calabria-Marcuzzo-nuovo-Segretario-Generale.jpg\" \/>\n\t<meta property=\"og:image:width\" content=\"1390\" \/>\n\t<meta property=\"og:image:height\" content=\"1135\" \/>\n\t<meta property=\"og:image:type\" content=\"image\/jpeg\" \/>\n<meta name=\"author\" content=\"redazione\" \/>\n<meta name=\"twitter:card\" content=\"summary_large_image\" \/>\n<meta name=\"twitter:label1\" content=\"Scritto da\" \/>\n\t<meta name=\"twitter:data1\" content=\"redazione\" \/>\n\t<meta name=\"twitter:label2\" content=\"Tempo di lettura stimato\" \/>\n\t<meta name=\"twitter:data2\" content=\"2 minuti\" \/>\n<script type=\"application\/ld+json\" class=\"yoast-schema-graph\">{\"@context\":\"https:\/\/schema.org\",\"@graph\":[{\"@type\":\"Article\",\"@id\":\"https:\/\/progettotouring.it\/radiotouring104\/2026\/01\/23\/alfonso-marcuzzo-nuovo-segretario-generale-di-flc-cgil-calabria\/#article\",\"isPartOf\":{\"@id\":\"https:\/\/progettotouring.it\/radiotouring104\/2026\/01\/23\/alfonso-marcuzzo-nuovo-segretario-generale-di-flc-cgil-calabria\/\"},\"author\":{\"name\":\"redazione\",\"@id\":\"https:\/\/progettotouring.it\/radiotouring104\/#\/schema\/person\/1b3eb3c07c47136bc44c785c543e635f\"},\"headline\":\"Alfonso Marcuzzo nuovo Segretario Generale di Flc Cgil Calabria\",\"datePublished\":\"2026-01-23T10:55:53+00:00\",\"dateModified\":\"2026-01-23T11:43:29+00:00\",\"mainEntityOfPage\":{\"@id\":\"https:\/\/progettotouring.it\/radiotouring104\/2026\/01\/23\/alfonso-marcuzzo-nuovo-segretario-generale-di-flc-cgil-calabria\/\"},\"wordCount\":373,\"publisher\":{\"@id\":\"https:\/\/progettotouring.it\/radiotouring104\/#organization\"},\"image\":{\"@id\":\"https:\/\/progettotouring.it\/radiotouring104\/2026\/01\/23\/alfonso-marcuzzo-nuovo-segretario-generale-di-flc-cgil-calabria\/#primaryimage\"},\"thumbnailUrl\":\"https:\/\/progettotouring.it\/radiotouring104\/wp-content\/uploads\/sites\/6\/2026\/01\/Flc-Cgil-Calabria-Marcuzzo-nuovo-Segretario-Generale.jpg\",\"keywords\":[\"Alfonso Marcuzzo\",\"Domenico Denaro\",\"elezione\",\"FLC Cgil Calabria\",\"segretario generale\"],\"articleSection\":[\"Calabria\",\"Home\",\"News\"],\"inLanguage\":\"it-IT\"},{\"@type\":\"WebPage\",\"@id\":\"https:\/\/progettotouring.it\/radiotouring104\/2026\/01\/23\/alfonso-marcuzzo-nuovo-segretario-generale-di-flc-cgil-calabria\/\",\"url\":\"https:\/\/progettotouring.it\/radiotouring104\/2026\/01\/23\/alfonso-marcuzzo-nuovo-segretario-generale-di-flc-cgil-calabria\/\",\"name\":\"Alfonso Marcuzzo nuovo Segretario Generale di Flc Cgil Calabria - Radio Touring 104\",\"isPartOf\":{\"@id\":\"https:\/\/progettotouring.it\/radiotouring104\/#website\"},\"primaryImageOfPage\":{\"@id\":\"https:\/\/progettotouring.it\/radiotouring104\/2026\/01\/23\/alfonso-marcuzzo-nuovo-segretario-generale-di-flc-cgil-calabria\/#primaryimage\"},\"image\":{\"@id\":\"https:\/\/progettotouring.it\/radiotouring104\/2026\/01\/23\/alfonso-marcuzzo-nuovo-segretario-generale-di-flc-cgil-calabria\/#primaryimage\"},\"thumbnailUrl\":\"https:\/\/progettotouring.it\/radiotouring104\/wp-content\/uploads\/sites\/6\/2026\/01\/Flc-Cgil-Calabria-Marcuzzo-nuovo-Segretario-Generale.jpg\",\"datePublished\":\"2026-01-23T10:55:53+00:00\",\"dateModified\":\"2026-01-23T11:43:29+00:00\",\"description\":\"L\u2019assemblea ha eletto all'unanimit\u00e0 Alfonso Marcuzzo come nuovo Segretario Generale della categoria. Succede a Domenico Denaro\",\"breadcrumb\":{\"@id\":\"https:\/\/progettotouring.it\/radiotouring104\/2026\/01\/23\/alfonso-marcuzzo-nuovo-segretario-generale-di-flc-cgil-calabria\/#breadcrumb\"},\"inLanguage\":\"it-IT\",\"potentialAction\":[{\"@type\":\"ReadAction\",\"target\":[\"https:\/\/progettotouring.it\/radiotouring104\/2026\/01\/23\/alfonso-marcuzzo-nuovo-segretario-generale-di-flc-cgil-calabria\/\"]}]},{\"@type\":\"ImageObject\",\"inLanguage\":\"it-IT\",\"@id\":\"https:\/\/progettotouring.it\/radiotouring104\/2026\/01\/23\/alfonso-marcuzzo-nuovo-segretario-generale-di-flc-cgil-calabria\/#primaryimage\",\"url\":\"https:\/\/progettotouring.it\/radiotouring104\/wp-content\/uploads\/sites\/6\/2026\/01\/Flc-Cgil-Calabria-Marcuzzo-nuovo-Segretario-Generale.jpg\",\"contentUrl\":\"https:\/\/progettotouring.it\/radiotouring104\/wp-content\/uploads\/sites\/6\/2026\/01\/Flc-Cgil-Calabria-Marcuzzo-nuovo-Segretario-Generale.jpg\",\"width\":1390,\"height\":1135},{\"@type\":\"BreadcrumbList\",\"@id\":\"https:\/\/progettotouring.it\/radiotouring104\/2026\/01\/23\/alfonso-marcuzzo-nuovo-segretario-generale-di-flc-cgil-calabria\/#breadcrumb\",\"itemListElement\":[{\"@type\":\"ListItem\",\"position\":1,\"name\":\"Home\",\"item\":\"https:\/\/progettotouring.it\/radiotouring104\/\"},{\"@type\":\"ListItem\",\"position\":2,\"name\":\"Alfonso Marcuzzo nuovo Segretario Generale di Flc Cgil Calabria\"}]},{\"@type\":\"WebSite\",\"@id\":\"https:\/\/progettotouring.it\/radiotouring104\/#website\",\"url\":\"https:\/\/progettotouring.it\/radiotouring104\/\",\"name\":\"Radio Touring 104\",\"description\":\"La prima radio Reggina\",\"publisher\":{\"@id\":\"https:\/\/progettotouring.it\/radiotouring104\/#organization\"},\"potentialAction\":[{\"@type\":\"SearchAction\",\"target\":{\"@type\":\"EntryPoint\",\"urlTemplate\":\"https:\/\/progettotouring.it\/radiotouring104\/?s={search_term_string}\"},\"query-input\":{\"@type\":\"PropertyValueSpecification\",\"valueRequired\":true,\"valueName\":\"search_term_string\"}}],\"inLanguage\":\"it-IT\"},{\"@type\":\"Organization\",\"@id\":\"https:\/\/progettotouring.it\/radiotouring104\/#organization\",\"name\":\"Radio Touring 104\",\"url\":\"https:\/\/progettotouring.it\/radiotouring104\/\",\"logo\":{\"@type\":\"ImageObject\",\"inLanguage\":\"it-IT\",\"@id\":\"https:\/\/progettotouring.it\/radiotouring104\/#\/schema\/logo\/image\/\",\"url\":\"https:\/\/progettotouring.it\/radiotouring104\/wp-content\/uploads\/sites\/6\/2022\/02\/cropped-logo-radio-touring-104.png\",\"contentUrl\":\"https:\/\/progettotouring.it\/radiotouring104\/wp-content\/uploads\/sites\/6\/2022\/02\/cropped-logo-radio-touring-104.png\",\"width\":377,\"height\":182,\"caption\":\"Radio Touring 104\"},\"image\":{\"@id\":\"https:\/\/progettotouring.it\/radiotouring104\/#\/schema\/logo\/image\/\"}},{\"@type\":\"Person\",\"@id\":\"https:\/\/progettotouring.it\/radiotouring104\/#\/schema\/person\/1b3eb3c07c47136bc44c785c543e635f\",\"name\":\"redazione\",\"image\":{\"@type\":\"ImageObject\",\"inLanguage\":\"it-IT\",\"@id\":\"https:\/\/secure.gravatar.com\/avatar\/0b31605b49f100769e8b624b3e05de1b73e1692e9568a352f60f53fd072e6e11?s=96&d=mm&r=g\",\"url\":\"https:\/\/secure.gravatar.com\/avatar\/0b31605b49f100769e8b624b3e05de1b73e1692e9568a352f60f53fd072e6e11?s=96&d=mm&r=g\",\"contentUrl\":\"https:\/\/secure.gravatar.com\/avatar\/0b31605b49f100769e8b624b3e05de1b73e1692e9568a352f60f53fd072e6e11?s=96&d=mm&r=g\",\"caption\":\"redazione\"},\"url\":\"https:\/\/progettotouring.it\/radiotouring104\/author\/redazione\/\"}]}<\/script>\n<!-- \/ Yoast SEO plugin. -->","yoast_head_json":{"title":"Alfonso Marcuzzo nuovo Segretario Generale di Flc Cgil Calabria - Radio Touring 104","description":"L\u2019assemblea ha eletto all'unanimit\u00e0 Alfonso Marcuzzo come nuovo Segretario Generale della categoria. Succede a Domenico Denaro","robots":{"index":"index","follow":"follow","max-snippet":"max-snippet:-1","max-image-preview":"max-image-preview:large","max-video-preview":"max-video-preview:-1"},"canonical":"https:\/\/progettotouring.it\/radiotouring104\/2026\/01\/23\/alfonso-marcuzzo-nuovo-segretario-generale-di-flc-cgil-calabria\/","og_locale":"it_IT","og_type":"article","og_title":"Alfonso Marcuzzo nuovo Segretario Generale di Flc Cgil Calabria - Radio Touring 104","og_description":"L\u2019assemblea ha eletto all'unanimit\u00e0 Alfonso Marcuzzo come nuovo Segretario Generale della categoria. Succede a Domenico Denaro","og_url":"https:\/\/progettotouring.it\/radiotouring104\/2026\/01\/23\/alfonso-marcuzzo-nuovo-segretario-generale-di-flc-cgil-calabria\/","og_site_name":"Radio Touring 104","article_published_time":"2026-01-23T10:55:53+00:00","article_modified_time":"2026-01-23T11:43:29+00:00","og_image":[{"width":1390,"height":1135,"url":"https:\/\/progettotouring.it\/radiotouring104\/wp-content\/uploads\/sites\/6\/2026\/01\/Flc-Cgil-Calabria-Marcuzzo-nuovo-Segretario-Generale.jpg","type":"image\/jpeg"}],"author":"redazione","twitter_card":"summary_large_image","twitter_misc":{"Scritto da":"redazione","Tempo di lettura stimato":"2 minuti"},"schema":{"@context":"https:\/\/schema.org","@graph":[{"@type":"Article","@id":"https:\/\/progettotouring.it\/radiotouring104\/2026\/01\/23\/alfonso-marcuzzo-nuovo-segretario-generale-di-flc-cgil-calabria\/#article","isPartOf":{"@id":"https:\/\/progettotouring.it\/radiotouring104\/2026\/01\/23\/alfonso-marcuzzo-nuovo-segretario-generale-di-flc-cgil-calabria\/"},"author":{"name":"redazione","@id":"https:\/\/progettotouring.it\/radiotouring104\/#\/schema\/person\/1b3eb3c07c47136bc44c785c543e635f"},"headline":"Alfonso Marcuzzo nuovo Segretario Generale di Flc Cgil Calabria","datePublished":"2026-01-23T10:55:53+00:00","dateModified":"2026-01-23T11:43:29+00:00","mainEntityOfPage":{"@id":"https:\/\/progettotouring.it\/radiotouring104\/2026\/01\/23\/alfonso-marcuzzo-nuovo-segretario-generale-di-flc-cgil-calabria\/"},"wordCount":373,"publisher":{"@id":"https:\/\/progettotouring.it\/radiotouring104\/#organization"},"image":{"@id":"https:\/\/progettotouring.it\/radiotouring104\/2026\/01\/23\/alfonso-marcuzzo-nuovo-segretario-generale-di-flc-cgil-calabria\/#primaryimage"},"thumbnailUrl":"https:\/\/progettotouring.it\/radiotouring104\/wp-content\/uploads\/sites\/6\/2026\/01\/Flc-Cgil-Calabria-Marcuzzo-nuovo-Segretario-Generale.jpg","keywords":["Alfonso Marcuzzo","Domenico Denaro","elezione","FLC Cgil Calabria","segretario generale"],"articleSection":["Calabria","Home","News"],"inLanguage":"it-IT"},{"@type":"WebPage","@id":"https:\/\/progettotouring.it\/radiotouring104\/2026\/01\/23\/alfonso-marcuzzo-nuovo-segretario-generale-di-flc-cgil-calabria\/","url":"https:\/\/progettotouring.it\/radiotouring104\/2026\/01\/23\/alfonso-marcuzzo-nuovo-segretario-generale-di-flc-cgil-calabria\/","name":"Alfonso Marcuzzo nuovo Segretario Generale di Flc Cgil Calabria - Radio Touring 104","isPartOf":{"@id":"https:\/\/progettotouring.it\/radiotouring104\/#website"},"primaryImageOfPage":{"@id":"https:\/\/progettotouring.it\/radiotouring104\/2026\/01\/23\/alfonso-marcuzzo-nuovo-segretario-generale-di-flc-cgil-calabria\/#primaryimage"},"image":{"@id":"https:\/\/progettotouring.it\/radiotouring104\/2026\/01\/23\/alfonso-marcuzzo-nuovo-segretario-generale-di-flc-cgil-calabria\/#primaryimage"},"thumbnailUrl":"https:\/\/progettotouring.it\/radiotouring104\/wp-content\/uploads\/sites\/6\/2026\/01\/Flc-Cgil-Calabria-Marcuzzo-nuovo-Segretario-Generale.jpg","datePublished":"2026-01-23T10:55:53+00:00","dateModified":"2026-01-23T11:43:29+00:00","description":"L\u2019assemblea ha eletto all'unanimit\u00e0 Alfonso Marcuzzo come nuovo Segretario Generale della categoria. Succede a Domenico Denaro","breadcrumb":{"@id":"https:\/\/progettotouring.it\/radiotouring104\/2026\/01\/23\/alfonso-marcuzzo-nuovo-segretario-generale-di-flc-cgil-calabria\/#breadcrumb"},"inLanguage":"it-IT","potentialAction":[{"@type":"ReadAction","target":["https:\/\/progettotouring.it\/radiotouring104\/2026\/01\/23\/alfonso-marcuzzo-nuovo-segretario-generale-di-flc-cgil-calabria\/"]}]},{"@type":"ImageObject","inLanguage":"it-IT","@id":"https:\/\/progettotouring.it\/radiotouring104\/2026\/01\/23\/alfonso-marcuzzo-nuovo-segretario-generale-di-flc-cgil-calabria\/#primaryimage","url":"https:\/\/progettotouring.it\/radiotouring104\/wp-content\/uploads\/sites\/6\/2026\/01\/Flc-Cgil-Calabria-Marcuzzo-nuovo-Segretario-Generale.jpg","contentUrl":"https:\/\/progettotouring.it\/radiotouring104\/wp-content\/uploads\/sites\/6\/2026\/01\/Flc-Cgil-Calabria-Marcuzzo-nuovo-Segretario-Generale.jpg","width":1390,"height":1135},{"@type":"BreadcrumbList","@id":"https:\/\/progettotouring.it\/radiotouring104\/2026\/01\/23\/alfonso-marcuzzo-nuovo-segretario-generale-di-flc-cgil-calabria\/#breadcrumb","itemListElement":[{"@type":"ListItem","position":1,"name":"Home","item":"https:\/\/progettotouring.it\/radiotouring104\/"},{"@type":"ListItem","position":2,"name":"Alfonso Marcuzzo nuovo Segretario Generale di Flc Cgil Calabria"}]},{"@type":"WebSite","@id":"https:\/\/progettotouring.it\/radiotouring104\/#website","url":"https:\/\/progettotouring.it\/radiotouring104\/","name":"Radio Touring 104","description":"La prima radio Reggina","publisher":{"@id":"https:\/\/progettotouring.it\/radiotouring104\/#organization"},"potentialAction":[{"@type":"SearchAction","target":{"@type":"EntryPoint","urlTemplate":"https:\/\/progettotouring.it\/radiotouring104\/?s={search_term_string}"},"query-input":{"@type":"PropertyValueSpecification","valueRequired":true,"valueName":"search_term_string"}}],"inLanguage":"it-IT"},{"@type":"Organization","@id":"https:\/\/progettotouring.it\/radiotouring104\/#organization","name":"Radio Touring 104","url":"https:\/\/progettotouring.it\/radiotouring104\/","logo":{"@type":"ImageObject","inLanguage":"it-IT","@id":"https:\/\/progettotouring.it\/radiotouring104\/#\/schema\/logo\/image\/","url":"https:\/\/progettotouring.it\/radiotouring104\/wp-content\/uploads\/sites\/6\/2022\/02\/cropped-logo-radio-touring-104.png","contentUrl":"https:\/\/progettotouring.it\/radiotouring104\/wp-content\/uploads\/sites\/6\/2022\/02\/cropped-logo-radio-touring-104.png","width":377,"height":182,"caption":"Radio Touring 104"},"image":{"@id":"https:\/\/progettotouring.it\/radiotouring104\/#\/schema\/logo\/image\/"}},{"@type":"Person","@id":"https:\/\/progettotouring.it\/radiotouring104\/#\/schema\/person\/1b3eb3c07c47136bc44c785c543e635f","name":"redazione","image":{"@type":"ImageObject","inLanguage":"it-IT","@id":"https:\/\/secure.gravatar.com\/avatar\/0b31605b49f100769e8b624b3e05de1b73e1692e9568a352f60f53fd072e6e11?s=96&d=mm&r=g","url":"https:\/\/secure.gravatar.com\/avatar\/0b31605b49f100769e8b624b3e05de1b73e1692e9568a352f60f53fd072e6e11?s=96&d=mm&r=g","contentUrl":"https:\/\/secure.gravatar.com\/avatar\/0b31605b49f100769e8b624b3e05de1b73e1692e9568a352f60f53fd072e6e11?s=96&d=mm&r=g","caption":"redazione"},"url":"https:\/\/progettotouring.it\/radiotouring104\/author\/redazione\/"}]}},"jetpack_publicize_connections":[],"jetpack_featured_media_url":"https:\/\/progettotouring.it\/radiotouring104\/wp-content\/uploads\/sites\/6\/2026\/01\/Flc-Cgil-Calabria-Marcuzzo-nuovo-Segretario-Generale.jpg","jetpack_sharing_enabled":true,"_links":{"self":[{"href":"https:\/\/progettotouring.it\/radiotouring104\/wp-json\/wp\/v2\/posts\/89376","targetHints":{"allow":["GET"]}}],"collection":[{"href":"https:\/\/progettotouring.it\/radiotouring104\/wp-json\/wp\/v2\/posts"}],"about":[{"href":"https:\/\/progettotouring.it\/radiotouring104\/wp-json\/wp\/v2\/types\/post"}],"author":[{"embeddable":true,"href":"https:\/\/progettotouring.it\/radiotouring104\/wp-json\/wp\/v2\/users\/5"}],"replies":[{"embeddable":true,"href":"https:\/\/progettotouring.it\/radiotouring104\/wp-json\/wp\/v2\/comments?post=89376"}],"version-history":[{"count":1,"href":"https:\/\/progettotouring.it\/radiotouring104\/wp-json\/wp\/v2\/posts\/89376\/revisions"}],"predecessor-version":[{"id":89378,"href":"https:\/\/progettotouring.it\/radiotouring104\/wp-json\/wp\/v2\/posts\/89376\/revisions\/89378"}],"wp:featuredmedia":[{"embeddable":true,"href":"https:\/\/progettotouring.it\/radiotouring104\/wp-json\/wp\/v2\/media\/89377"}],"wp:attachment":[{"href":"https:\/\/progettotouring.it\/radiotouring104\/wp-json\/wp\/v2\/media?parent=89376"}],"wp:term":[{"taxonomy":"category","embeddable":true,"href":"https:\/\/progettotouring.it\/radiotouring104\/wp-json\/wp\/v2\/categories?post=89376"},{"taxonomy":"post_tag","embeddable":true,"href":"https:\/\/progettotouring.it\/radiotouring104\/wp-json\/wp\/v2\/tags?post=89376"}],"curies":[{"name":"wp","href":"https:\/\/api.w.org\/{rel}","templated":true}]}}