{"id":89379,"date":"2026-01-23T12:11:28","date_gmt":"2026-01-23T11:11:28","guid":{"rendered":"https:\/\/progettotouring.it\/radiotouring104\/?p=89379"},"modified":"2026-01-23T12:43:25","modified_gmt":"2026-01-23T11:43:25","slug":"degrado-ed-illegalita-ad-arghilla-brunetti-replica-alla-minasi","status":"publish","type":"post","link":"https:\/\/progettotouring.it\/radiotouring104\/2026\/01\/23\/degrado-ed-illegalita-ad-arghilla-brunetti-replica-alla-minasi\/","title":{"rendered":"Degrado ed illegalit\u00e0 ad Arghill\u00e0: Brunetti replica alla Minasi"},"content":{"rendered":"<p>\u00abDa attenta osservatrice Tilde Minasi, anche con ruoli di spicco all\u2019interno del governo, ha solo guardato in questi anni, ma non ha fatto nulla. Sulla questione Arghill\u00e0 la destra dovrebbe tacere e fare \u201cmea culpa\u201d per l\u2019enorme condizione di degrado sociale generata dalla scelta di delocalizzare in blocco, in maniera indiscriminata, l\u2019ex ghetto dell\u2019ex Caserma 208 di Sbarre verso l\u2019area collinare di Arghill\u00e0. Una decisione assunta tra il 2006 e il 2007 dall\u2019Amministrazione Scopelliti, della quale la Minasi era assessore alle Politiche sociali e improvvida esecutrice di numerose scelte fallimentari, che ha di fatto prodotto e alimentato le enormi difficolt\u00e0 che oggi vive quel quartiere. Una responsabilit\u00e0, peraltro, certificata anche da numerose vicende giudiziarie e processuali che hanno ricostruito quella sciagurata operazione di trasferimento, tradendo la volont\u00e0 originaria del sindaco Italo Falcomat\u00e0. Che oggi la Minasi si permetta addirittura di puntare il dito contro l\u2019Amministrazione comunale, che in questi anni ha prodotto esclusivamente atti positivi a favore di quel quartiere, appare paradossale\u00bb. Ad affermarlo in una nota \u00e8 l\u2019assessore ai Lavori pubblici Paolo Brunetti, rispondendo alle dichiarazioni della Minasi.<\/p>\n<p>\u00abIl degrado e la criminalit\u00e0 diffusa di cui la Minasi parla \u2013 ha evidenziato Brunetti \u2013 rappresentano chiaramente l\u2019epilogo nefasto di una scelta che parte da lontano e che ha determinato una serie di conseguenze di difficile gestione. Una situazione complessa che oggi l\u2019Amministrazione sta affrontando con responsabilit\u00e0, in stretto coordinamento con le altre autorit\u00e0 territoriali, a cominciare dalla Prefettura e dalle forze dell\u2019ordine, che stanno operando con grande efficacia per arginare le forme di illegalit\u00e0 presenti nell\u2019area di Arghill\u00e0 Nord. Serve prestare particolare attenzione agli occupanti abusivi, ma il lavoro maggiore non sta in capo al Comune perch\u00e9, di fatto, l\u00ec gli alloggi sono di propriet\u00e0 dell\u2019Aterp \u00bb.<\/p>\n<p>L\u2019assessore ha poi ricordato alcune delle attivit\u00e0 portate avanti in questi anni dall\u2019Amministrazione Falcomat\u00e0 per Arghill\u00e0, in stretta sinergia col territorio: \u00abNon siamo stati a guardare. Abbiamo messo a disposizione i locali per la pregevole attivit\u00e0 di volontariato che Ace svolge con il polo sanitario; abbiamo costruito un campo di calcio. Abbiamo lavorato con le associazioni del posto per la segnaletica stradale, la riorganizzazione delle vie, l\u2019illuminazione, siglato con il Consorzio Ecolandia e la chiesa Valdese un protocollo che funge da base per arrivare a un patto di comunit\u00e0; i locali della piazzetta di Arghill\u00e0 vedranno all&#8217;interno numerose attivit\u00e0 di carattere sociale. Si sta lavorando al Comparto sei in sinergia con la Prefettura\u00bb.<\/p>\n<p>Un ultimo passaggio l\u2019assessore lo riserva ai Pinqua: \u00abAvremmo potuto consegnare i lavori perch\u00e9 sono stati gi\u00e0 firmati i contratti di appalto integrato tre mesi fa. Nessuna responsabilit\u00e0 \u00e8 ascrivibile al Comune poich\u00e9 i progetti esecutivi sono ancora\u00a0 in corso di approvazione da parte dell\u2019operatore economico individuato da Invitalia, cos\u00ec come stabilito dal Ministero competente (quello delle Infrastrutture e Trasporti)\u00bb.<\/p>\n","protected":false},"excerpt":{"rendered":"<p>\u00abDa attenta osservatrice Tilde Minasi, anche con ruoli di spicco all\u2019interno del governo, ha solo guardato in questi anni, ma non ha fatto nulla. Sulla questione Arghill\u00e0 la destra dovrebbe&hellip;<\/p>\n","protected":false},"author":5,"featured_media":76320,"comment_status":"closed","ping_status":"open","sticky":false,"template":"","format":"standard","meta":{"_jetpack_memberships_contains_paid_content":false,"footnotes":"","jetpack_publicize_message":"","jetpack_publicize_feature_enabled":true,"jetpack_social_post_already_shared":true,"jetpack_social_options":{"image_generator_settings":{"template":"highway","default_image_id":0,"font":"","enabled":false},"version":2}},"categories":[921,196,140],"tags":[990,30044,50409,43101,495,1412],"class_list":["post-89379","post","type-post","status-publish","format-standard","has-post-thumbnail","hentry","category-home","category-news","category-reggio-calabria","tag-arghilla","tag-degrado","tag-frutto-delle-scelte-fallimentari-della-sua-amministrazione","tag-illegalita","tag-paolo-brunetti","tag-tilde-minasi"],"yoast_head":"<!-- This site is optimized with the Yoast SEO plugin v27.2 - https:\/\/yoast.com\/product\/yoast-seo-wordpress\/ -->\n<title>Degrado ed illegalit\u00e0 ad Arghill\u00e0: Brunetti replica alla Minasi - Radio Touring 104<\/title>\n<meta name=\"description\" content=\"\u00abMinasi punta il dito su Arghill\u00e0? Frutto delle scelte fallimentari della sua amministrazione\u00bb, dichiara l&#039;Assessore, Brunetti\" \/>\n<meta name=\"robots\" content=\"index, follow, max-snippet:-1, max-image-preview:large, max-video-preview:-1\" \/>\n<link rel=\"canonical\" href=\"https:\/\/progettotouring.it\/radiotouring104\/2026\/01\/23\/degrado-ed-illegalita-ad-arghilla-brunetti-replica-alla-minasi\/\" \/>\n<meta property=\"og:locale\" content=\"it_IT\" \/>\n<meta property=\"og:type\" content=\"article\" \/>\n<meta property=\"og:title\" content=\"Degrado ed illegalit\u00e0 ad Arghill\u00e0: Brunetti replica alla Minasi - Radio Touring 104\" \/>\n<meta property=\"og:description\" content=\"\u00abMinasi punta il dito su Arghill\u00e0? Frutto delle scelte fallimentari della sua amministrazione\u00bb, dichiara l&#039;Assessore, Brunetti\" \/>\n<meta property=\"og:url\" content=\"https:\/\/progettotouring.it\/radiotouring104\/2026\/01\/23\/degrado-ed-illegalita-ad-arghilla-brunetti-replica-alla-minasi\/\" \/>\n<meta property=\"og:site_name\" content=\"Radio Touring 104\" \/>\n<meta property=\"article:published_time\" content=\"2026-01-23T11:11:28+00:00\" \/>\n<meta property=\"article:modified_time\" content=\"2026-01-23T11:43:25+00:00\" \/>\n<meta property=\"og:image\" content=\"https:\/\/progettotouring.it\/radiotouring104\/wp-content\/uploads\/sites\/6\/2025\/06\/brunetti.jpeg\" \/>\n\t<meta property=\"og:image:width\" content=\"2000\" \/>\n\t<meta property=\"og:image:height\" content=\"1545\" \/>\n\t<meta property=\"og:image:type\" content=\"image\/jpeg\" \/>\n<meta name=\"author\" content=\"redazione\" \/>\n<meta name=\"twitter:card\" content=\"summary_large_image\" \/>\n<meta name=\"twitter:label1\" content=\"Scritto da\" \/>\n\t<meta name=\"twitter:data1\" content=\"redazione\" \/>\n\t<meta name=\"twitter:label2\" content=\"Tempo di lettura stimato\" \/>\n\t<meta name=\"twitter:data2\" content=\"2 minuti\" \/>\n<script type=\"application\/ld+json\" class=\"yoast-schema-graph\">{\"@context\":\"https:\/\/schema.org\",\"@graph\":[{\"@type\":\"Article\",\"@id\":\"https:\/\/progettotouring.it\/radiotouring104\/2026\/01\/23\/degrado-ed-illegalita-ad-arghilla-brunetti-replica-alla-minasi\/#article\",\"isPartOf\":{\"@id\":\"https:\/\/progettotouring.it\/radiotouring104\/2026\/01\/23\/degrado-ed-illegalita-ad-arghilla-brunetti-replica-alla-minasi\/\"},\"author\":{\"name\":\"redazione\",\"@id\":\"https:\/\/progettotouring.it\/radiotouring104\/#\/schema\/person\/1b3eb3c07c47136bc44c785c543e635f\"},\"headline\":\"Degrado ed illegalit\u00e0 ad Arghill\u00e0: Brunetti replica alla Minasi\",\"datePublished\":\"2026-01-23T11:11:28+00:00\",\"dateModified\":\"2026-01-23T11:43:25+00:00\",\"mainEntityOfPage\":{\"@id\":\"https:\/\/progettotouring.it\/radiotouring104\/2026\/01\/23\/degrado-ed-illegalita-ad-arghilla-brunetti-replica-alla-minasi\/\"},\"wordCount\":480,\"publisher\":{\"@id\":\"https:\/\/progettotouring.it\/radiotouring104\/#organization\"},\"image\":{\"@id\":\"https:\/\/progettotouring.it\/radiotouring104\/2026\/01\/23\/degrado-ed-illegalita-ad-arghilla-brunetti-replica-alla-minasi\/#primaryimage\"},\"thumbnailUrl\":\"https:\/\/progettotouring.it\/radiotouring104\/wp-content\/uploads\/sites\/6\/2025\/06\/brunetti.jpeg\",\"keywords\":[\"Arghill\u00e0\",\"degrado\",\"Frutto delle scelte fallimentari della sua amministrazione\",\"illegalit\u00e0\",\"Paolo Brunetti\",\"Tilde Minasi\"],\"articleSection\":[\"Home\",\"News\",\"Reggio Calabria\"],\"inLanguage\":\"it-IT\"},{\"@type\":\"WebPage\",\"@id\":\"https:\/\/progettotouring.it\/radiotouring104\/2026\/01\/23\/degrado-ed-illegalita-ad-arghilla-brunetti-replica-alla-minasi\/\",\"url\":\"https:\/\/progettotouring.it\/radiotouring104\/2026\/01\/23\/degrado-ed-illegalita-ad-arghilla-brunetti-replica-alla-minasi\/\",\"name\":\"Degrado ed illegalit\u00e0 ad Arghill\u00e0: Brunetti replica alla Minasi - Radio Touring 104\",\"isPartOf\":{\"@id\":\"https:\/\/progettotouring.it\/radiotouring104\/#website\"},\"primaryImageOfPage\":{\"@id\":\"https:\/\/progettotouring.it\/radiotouring104\/2026\/01\/23\/degrado-ed-illegalita-ad-arghilla-brunetti-replica-alla-minasi\/#primaryimage\"},\"image\":{\"@id\":\"https:\/\/progettotouring.it\/radiotouring104\/2026\/01\/23\/degrado-ed-illegalita-ad-arghilla-brunetti-replica-alla-minasi\/#primaryimage\"},\"thumbnailUrl\":\"https:\/\/progettotouring.it\/radiotouring104\/wp-content\/uploads\/sites\/6\/2025\/06\/brunetti.jpeg\",\"datePublished\":\"2026-01-23T11:11:28+00:00\",\"dateModified\":\"2026-01-23T11:43:25+00:00\",\"description\":\"\u00abMinasi punta il dito su Arghill\u00e0? Frutto delle scelte fallimentari della sua amministrazione\u00bb, dichiara l'Assessore, Brunetti\",\"breadcrumb\":{\"@id\":\"https:\/\/progettotouring.it\/radiotouring104\/2026\/01\/23\/degrado-ed-illegalita-ad-arghilla-brunetti-replica-alla-minasi\/#breadcrumb\"},\"inLanguage\":\"it-IT\",\"potentialAction\":[{\"@type\":\"ReadAction\",\"target\":[\"https:\/\/progettotouring.it\/radiotouring104\/2026\/01\/23\/degrado-ed-illegalita-ad-arghilla-brunetti-replica-alla-minasi\/\"]}]},{\"@type\":\"ImageObject\",\"inLanguage\":\"it-IT\",\"@id\":\"https:\/\/progettotouring.it\/radiotouring104\/2026\/01\/23\/degrado-ed-illegalita-ad-arghilla-brunetti-replica-alla-minasi\/#primaryimage\",\"url\":\"https:\/\/progettotouring.it\/radiotouring104\/wp-content\/uploads\/sites\/6\/2025\/06\/brunetti.jpeg\",\"contentUrl\":\"https:\/\/progettotouring.it\/radiotouring104\/wp-content\/uploads\/sites\/6\/2025\/06\/brunetti.jpeg\",\"width\":2000,\"height\":1545},{\"@type\":\"BreadcrumbList\",\"@id\":\"https:\/\/progettotouring.it\/radiotouring104\/2026\/01\/23\/degrado-ed-illegalita-ad-arghilla-brunetti-replica-alla-minasi\/#breadcrumb\",\"itemListElement\":[{\"@type\":\"ListItem\",\"position\":1,\"name\":\"Home\",\"item\":\"https:\/\/progettotouring.it\/radiotouring104\/\"},{\"@type\":\"ListItem\",\"position\":2,\"name\":\"Degrado ed illegalit\u00e0 ad Arghill\u00e0: Brunetti replica alla Minasi\"}]},{\"@type\":\"WebSite\",\"@id\":\"https:\/\/progettotouring.it\/radiotouring104\/#website\",\"url\":\"https:\/\/progettotouring.it\/radiotouring104\/\",\"name\":\"Radio Touring 104\",\"description\":\"La prima radio Reggina\",\"publisher\":{\"@id\":\"https:\/\/progettotouring.it\/radiotouring104\/#organization\"},\"potentialAction\":[{\"@type\":\"SearchAction\",\"target\":{\"@type\":\"EntryPoint\",\"urlTemplate\":\"https:\/\/progettotouring.it\/radiotouring104\/?s={search_term_string}\"},\"query-input\":{\"@type\":\"PropertyValueSpecification\",\"valueRequired\":true,\"valueName\":\"search_term_string\"}}],\"inLanguage\":\"it-IT\"},{\"@type\":\"Organization\",\"@id\":\"https:\/\/progettotouring.it\/radiotouring104\/#organization\",\"name\":\"Radio Touring 104\",\"url\":\"https:\/\/progettotouring.it\/radiotouring104\/\",\"logo\":{\"@type\":\"ImageObject\",\"inLanguage\":\"it-IT\",\"@id\":\"https:\/\/progettotouring.it\/radiotouring104\/#\/schema\/logo\/image\/\",\"url\":\"https:\/\/progettotouring.it\/radiotouring104\/wp-content\/uploads\/sites\/6\/2022\/02\/cropped-logo-radio-touring-104.png\",\"contentUrl\":\"https:\/\/progettotouring.it\/radiotouring104\/wp-content\/uploads\/sites\/6\/2022\/02\/cropped-logo-radio-touring-104.png\",\"width\":377,\"height\":182,\"caption\":\"Radio Touring 104\"},\"image\":{\"@id\":\"https:\/\/progettotouring.it\/radiotouring104\/#\/schema\/logo\/image\/\"}},{\"@type\":\"Person\",\"@id\":\"https:\/\/progettotouring.it\/radiotouring104\/#\/schema\/person\/1b3eb3c07c47136bc44c785c543e635f\",\"name\":\"redazione\",\"image\":{\"@type\":\"ImageObject\",\"inLanguage\":\"it-IT\",\"@id\":\"https:\/\/secure.gravatar.com\/avatar\/0b31605b49f100769e8b624b3e05de1b73e1692e9568a352f60f53fd072e6e11?s=96&d=mm&r=g\",\"url\":\"https:\/\/secure.gravatar.com\/avatar\/0b31605b49f100769e8b624b3e05de1b73e1692e9568a352f60f53fd072e6e11?s=96&d=mm&r=g\",\"contentUrl\":\"https:\/\/secure.gravatar.com\/avatar\/0b31605b49f100769e8b624b3e05de1b73e1692e9568a352f60f53fd072e6e11?s=96&d=mm&r=g\",\"caption\":\"redazione\"},\"url\":\"https:\/\/progettotouring.it\/radiotouring104\/author\/redazione\/\"}]}<\/script>\n<!-- \/ Yoast SEO plugin. -->","yoast_head_json":{"title":"Degrado ed illegalit\u00e0 ad Arghill\u00e0: Brunetti replica alla Minasi - Radio Touring 104","description":"\u00abMinasi punta il dito su Arghill\u00e0? Frutto delle scelte fallimentari della sua amministrazione\u00bb, dichiara l'Assessore, Brunetti","robots":{"index":"index","follow":"follow","max-snippet":"max-snippet:-1","max-image-preview":"max-image-preview:large","max-video-preview":"max-video-preview:-1"},"canonical":"https:\/\/progettotouring.it\/radiotouring104\/2026\/01\/23\/degrado-ed-illegalita-ad-arghilla-brunetti-replica-alla-minasi\/","og_locale":"it_IT","og_type":"article","og_title":"Degrado ed illegalit\u00e0 ad Arghill\u00e0: Brunetti replica alla Minasi - Radio Touring 104","og_description":"\u00abMinasi punta il dito su Arghill\u00e0? Frutto delle scelte fallimentari della sua amministrazione\u00bb, dichiara l'Assessore, Brunetti","og_url":"https:\/\/progettotouring.it\/radiotouring104\/2026\/01\/23\/degrado-ed-illegalita-ad-arghilla-brunetti-replica-alla-minasi\/","og_site_name":"Radio Touring 104","article_published_time":"2026-01-23T11:11:28+00:00","article_modified_time":"2026-01-23T11:43:25+00:00","og_image":[{"width":2000,"height":1545,"url":"https:\/\/progettotouring.it\/radiotouring104\/wp-content\/uploads\/sites\/6\/2025\/06\/brunetti.jpeg","type":"image\/jpeg"}],"author":"redazione","twitter_card":"summary_large_image","twitter_misc":{"Scritto da":"redazione","Tempo di lettura stimato":"2 minuti"},"schema":{"@context":"https:\/\/schema.org","@graph":[{"@type":"Article","@id":"https:\/\/progettotouring.it\/radiotouring104\/2026\/01\/23\/degrado-ed-illegalita-ad-arghilla-brunetti-replica-alla-minasi\/#article","isPartOf":{"@id":"https:\/\/progettotouring.it\/radiotouring104\/2026\/01\/23\/degrado-ed-illegalita-ad-arghilla-brunetti-replica-alla-minasi\/"},"author":{"name":"redazione","@id":"https:\/\/progettotouring.it\/radiotouring104\/#\/schema\/person\/1b3eb3c07c47136bc44c785c543e635f"},"headline":"Degrado ed illegalit\u00e0 ad Arghill\u00e0: Brunetti replica alla Minasi","datePublished":"2026-01-23T11:11:28+00:00","dateModified":"2026-01-23T11:43:25+00:00","mainEntityOfPage":{"@id":"https:\/\/progettotouring.it\/radiotouring104\/2026\/01\/23\/degrado-ed-illegalita-ad-arghilla-brunetti-replica-alla-minasi\/"},"wordCount":480,"publisher":{"@id":"https:\/\/progettotouring.it\/radiotouring104\/#organization"},"image":{"@id":"https:\/\/progettotouring.it\/radiotouring104\/2026\/01\/23\/degrado-ed-illegalita-ad-arghilla-brunetti-replica-alla-minasi\/#primaryimage"},"thumbnailUrl":"https:\/\/progettotouring.it\/radiotouring104\/wp-content\/uploads\/sites\/6\/2025\/06\/brunetti.jpeg","keywords":["Arghill\u00e0","degrado","Frutto delle scelte fallimentari della sua amministrazione","illegalit\u00e0","Paolo Brunetti","Tilde Minasi"],"articleSection":["Home","News","Reggio Calabria"],"inLanguage":"it-IT"},{"@type":"WebPage","@id":"https:\/\/progettotouring.it\/radiotouring104\/2026\/01\/23\/degrado-ed-illegalita-ad-arghilla-brunetti-replica-alla-minasi\/","url":"https:\/\/progettotouring.it\/radiotouring104\/2026\/01\/23\/degrado-ed-illegalita-ad-arghilla-brunetti-replica-alla-minasi\/","name":"Degrado ed illegalit\u00e0 ad Arghill\u00e0: Brunetti replica alla Minasi - Radio Touring 104","isPartOf":{"@id":"https:\/\/progettotouring.it\/radiotouring104\/#website"},"primaryImageOfPage":{"@id":"https:\/\/progettotouring.it\/radiotouring104\/2026\/01\/23\/degrado-ed-illegalita-ad-arghilla-brunetti-replica-alla-minasi\/#primaryimage"},"image":{"@id":"https:\/\/progettotouring.it\/radiotouring104\/2026\/01\/23\/degrado-ed-illegalita-ad-arghilla-brunetti-replica-alla-minasi\/#primaryimage"},"thumbnailUrl":"https:\/\/progettotouring.it\/radiotouring104\/wp-content\/uploads\/sites\/6\/2025\/06\/brunetti.jpeg","datePublished":"2026-01-23T11:11:28+00:00","dateModified":"2026-01-23T11:43:25+00:00","description":"\u00abMinasi punta il dito su Arghill\u00e0? Frutto delle scelte fallimentari della sua amministrazione\u00bb, dichiara l'Assessore, Brunetti","breadcrumb":{"@id":"https:\/\/progettotouring.it\/radiotouring104\/2026\/01\/23\/degrado-ed-illegalita-ad-arghilla-brunetti-replica-alla-minasi\/#breadcrumb"},"inLanguage":"it-IT","potentialAction":[{"@type":"ReadAction","target":["https:\/\/progettotouring.it\/radiotouring104\/2026\/01\/23\/degrado-ed-illegalita-ad-arghilla-brunetti-replica-alla-minasi\/"]}]},{"@type":"ImageObject","inLanguage":"it-IT","@id":"https:\/\/progettotouring.it\/radiotouring104\/2026\/01\/23\/degrado-ed-illegalita-ad-arghilla-brunetti-replica-alla-minasi\/#primaryimage","url":"https:\/\/progettotouring.it\/radiotouring104\/wp-content\/uploads\/sites\/6\/2025\/06\/brunetti.jpeg","contentUrl":"https:\/\/progettotouring.it\/radiotouring104\/wp-content\/uploads\/sites\/6\/2025\/06\/brunetti.jpeg","width":2000,"height":1545},{"@type":"BreadcrumbList","@id":"https:\/\/progettotouring.it\/radiotouring104\/2026\/01\/23\/degrado-ed-illegalita-ad-arghilla-brunetti-replica-alla-minasi\/#breadcrumb","itemListElement":[{"@type":"ListItem","position":1,"name":"Home","item":"https:\/\/progettotouring.it\/radiotouring104\/"},{"@type":"ListItem","position":2,"name":"Degrado ed illegalit\u00e0 ad Arghill\u00e0: Brunetti replica alla Minasi"}]},{"@type":"WebSite","@id":"https:\/\/progettotouring.it\/radiotouring104\/#website","url":"https:\/\/progettotouring.it\/radiotouring104\/","name":"Radio Touring 104","description":"La prima radio Reggina","publisher":{"@id":"https:\/\/progettotouring.it\/radiotouring104\/#organization"},"potentialAction":[{"@type":"SearchAction","target":{"@type":"EntryPoint","urlTemplate":"https:\/\/progettotouring.it\/radiotouring104\/?s={search_term_string}"},"query-input":{"@type":"PropertyValueSpecification","valueRequired":true,"valueName":"search_term_string"}}],"inLanguage":"it-IT"},{"@type":"Organization","@id":"https:\/\/progettotouring.it\/radiotouring104\/#organization","name":"Radio Touring 104","url":"https:\/\/progettotouring.it\/radiotouring104\/","logo":{"@type":"ImageObject","inLanguage":"it-IT","@id":"https:\/\/progettotouring.it\/radiotouring104\/#\/schema\/logo\/image\/","url":"https:\/\/progettotouring.it\/radiotouring104\/wp-content\/uploads\/sites\/6\/2022\/02\/cropped-logo-radio-touring-104.png","contentUrl":"https:\/\/progettotouring.it\/radiotouring104\/wp-content\/uploads\/sites\/6\/2022\/02\/cropped-logo-radio-touring-104.png","width":377,"height":182,"caption":"Radio Touring 104"},"image":{"@id":"https:\/\/progettotouring.it\/radiotouring104\/#\/schema\/logo\/image\/"}},{"@type":"Person","@id":"https:\/\/progettotouring.it\/radiotouring104\/#\/schema\/person\/1b3eb3c07c47136bc44c785c543e635f","name":"redazione","image":{"@type":"ImageObject","inLanguage":"it-IT","@id":"https:\/\/secure.gravatar.com\/avatar\/0b31605b49f100769e8b624b3e05de1b73e1692e9568a352f60f53fd072e6e11?s=96&d=mm&r=g","url":"https:\/\/secure.gravatar.com\/avatar\/0b31605b49f100769e8b624b3e05de1b73e1692e9568a352f60f53fd072e6e11?s=96&d=mm&r=g","contentUrl":"https:\/\/secure.gravatar.com\/avatar\/0b31605b49f100769e8b624b3e05de1b73e1692e9568a352f60f53fd072e6e11?s=96&d=mm&r=g","caption":"redazione"},"url":"https:\/\/progettotouring.it\/radiotouring104\/author\/redazione\/"}]}},"jetpack_publicize_connections":[],"jetpack_featured_media_url":"https:\/\/progettotouring.it\/radiotouring104\/wp-content\/uploads\/sites\/6\/2025\/06\/brunetti.jpeg","jetpack_sharing_enabled":true,"_links":{"self":[{"href":"https:\/\/progettotouring.it\/radiotouring104\/wp-json\/wp\/v2\/posts\/89379","targetHints":{"allow":["GET"]}}],"collection":[{"href":"https:\/\/progettotouring.it\/radiotouring104\/wp-json\/wp\/v2\/posts"}],"about":[{"href":"https:\/\/progettotouring.it\/radiotouring104\/wp-json\/wp\/v2\/types\/post"}],"author":[{"embeddable":true,"href":"https:\/\/progettotouring.it\/radiotouring104\/wp-json\/wp\/v2\/users\/5"}],"replies":[{"embeddable":true,"href":"https:\/\/progettotouring.it\/radiotouring104\/wp-json\/wp\/v2\/comments?post=89379"}],"version-history":[{"count":1,"href":"https:\/\/progettotouring.it\/radiotouring104\/wp-json\/wp\/v2\/posts\/89379\/revisions"}],"predecessor-version":[{"id":89380,"href":"https:\/\/progettotouring.it\/radiotouring104\/wp-json\/wp\/v2\/posts\/89379\/revisions\/89380"}],"wp:featuredmedia":[{"embeddable":true,"href":"https:\/\/progettotouring.it\/radiotouring104\/wp-json\/wp\/v2\/media\/76320"}],"wp:attachment":[{"href":"https:\/\/progettotouring.it\/radiotouring104\/wp-json\/wp\/v2\/media?parent=89379"}],"wp:term":[{"taxonomy":"category","embeddable":true,"href":"https:\/\/progettotouring.it\/radiotouring104\/wp-json\/wp\/v2\/categories?post=89379"},{"taxonomy":"post_tag","embeddable":true,"href":"https:\/\/progettotouring.it\/radiotouring104\/wp-json\/wp\/v2\/tags?post=89379"}],"curies":[{"name":"wp","href":"https:\/\/api.w.org\/{rel}","templated":true}]}}