{"id":89417,"date":"2026-01-23T20:01:26","date_gmt":"2026-01-23T19:01:26","guid":{"rendered":"https:\/\/progettotouring.it\/radiotouring104\/?p=89417"},"modified":"2026-01-23T20:01:26","modified_gmt":"2026-01-23T19:01:26","slug":"alternativa-popolare-a-palazzo-san-giorgio-presentato-il-progetto-programmatico-per-la-prevenzione-del-randagismo-e-il-benessere-animale","status":"publish","type":"post","link":"https:\/\/progettotouring.it\/radiotouring104\/2026\/01\/23\/alternativa-popolare-a-palazzo-san-giorgio-presentato-il-progetto-programmatico-per-la-prevenzione-del-randagismo-e-il-benessere-animale\/","title":{"rendered":"Alternativa Popolare: a Palazzo San Giorgio presentato il progetto programmatico per la prevenzione del randagismo e il benessere animale"},"content":{"rendered":"<p style=\"font-weight: 400\">Si \u00e8 tenuta nei giorni scorsi nella Sala dei Sindaci di Palazzo San Giorgio la conferenza stampa di Alternativa Popolare dedicata alla presentazione del progetto programmatico per la prevenzione del randagismo e il benessere animale.<\/p>\n<p style=\"font-weight: 400\">Un incontro che ha segnato l\u2019inizio di un percorso partecipativo : il movimento, guidato dal Segretario Regionale Massimo Ripepi\u00a0ha presentato una bozza di programma aperta al confronto con cittadini, associazioni animaliste e ambientaliste, destinata a diventare un pilastro della proposta politica per il tavolo del centro-destra in vista delle elezioni comunali 2026.<\/p>\n<p style=\"font-weight: 400\"><em>\u00abL\u2019Amministrazione Falcomat\u00e0 \u00e8 stata come una lebbra per questa citt\u00e0: in 12 anni non si \u00e8 dimenticata solo dei cittadini, ma ha calpestato sistematicamente la dignit\u00e0 degli animali\u00bb<\/em>, ha esordito Massimo Ripepi. \u00ab<em>Il randagismo a Reggio non \u00e8 solo un\u2019emergenza atavica, \u00e8 il simbolo di un fallimento gestionale che ha disatteso le leggi dello Stato e i rapporti con l\u2019ASP. Gli animali non sono un fastidio da gestire, ma esseri senzienti e una risorsa affettiva per le famiglie. Devono essere tutelati con servizi pubblici efficienti, ponendo fine al sistema attuale che scarica l&#8217;intero peso sulle spalle dei volontari.\u00bb<\/em><\/p>\n<p style=\"font-weight: 400\">Ripepi ha ricordato come, ad oggi, Reggio Calabria sia priva di un canile comunale funzionante, poich\u00e9 la struttura \u00e8 rimasta vittima di un infinito contenzioso legale che coinvolge l\u2019intero complesso del\u00a0mercato ortofrutticolo di Mortara.<\/p>\n<p style=\"font-weight: 400\">Margherita Isabella, Vicepresidente di\u00a0<em>Fare Ambiente<\/em>\u00a0e candidata per Alternativa Popolare, ha illustrato i dettagli del progetto denominato\u00a0<strong>&#8220;<\/strong><em>Randagismo&#8221;<\/em>: \u00ab<em>Prevenzione e controllo, servizi di pronto intervento e rete di collaborazione sono elementi strettamente connessi di un\u2019unica strategia. Di fronte ai dati ASP del 2025, che registrano oltre 52.000 cani censiti, il piano prevede la microcippatura obbligatoria e campagne gratuite di sterilizzazione e vaccinazione per intervenire alla radice del fenomeno. A queste azioni si affianca l\u2019istituzione di un\u2019ambulanza veterinaria comunale attiva 24 ore su 24 per il soccorso dei randagi feriti, un servizio fruibile anche dai cittadini per i propri animali attraverso un\u2019offerta simbolica. Il tutto si completa con la creazione di una rete di collaborazione basata su oasi feline e canili moderni, concepiti come luoghi di transito e rinascita, sostenuti da un registro comunale dei volontari e da percorsi educativi nelle scuole per contrastare il reato di maltrattamento. \u00bb.<\/em><\/p>\n<p style=\"font-weight: 400\"><em>\u00abIl nostro non \u00e8 un documento blindato, ma una proposta aperta\u00bb<\/em>, ha ribadito Ripepi. <em>\u00abIncontreremo i singoli cittadini e le associazioni perch\u00e9 il programma di Alternativa Popolare deve essere scritto da chi vive il territorio e ama gli animali. Porteremo questo contributo al tavolo del centro-destra come condizione essenziale: dove Falcomat\u00e0 ha lasciato macerie, noi costruiremo civilt\u00e0, garantendo dignit\u00e0 alle &#8220;creature di Dio&#8221; e sicurezza a tutti i reggini\u00bb.<\/em><\/p>\n<p style=\"font-weight: 400\">\n","protected":false},"excerpt":{"rendered":"<p>Si \u00e8 tenuta nei giorni scorsi nella Sala dei Sindaci di Palazzo San Giorgio la conferenza stampa di Alternativa Popolare dedicata alla presentazione del progetto programmatico per la prevenzione del&hellip;<\/p>\n","protected":false},"author":19,"featured_media":89419,"comment_status":"closed","ping_status":"open","sticky":false,"template":"","format":"standard","meta":{"_jetpack_memberships_contains_paid_content":false,"footnotes":"","jetpack_publicize_message":"","jetpack_publicize_feature_enabled":true,"jetpack_social_post_already_shared":true,"jetpack_social_options":{"image_generator_settings":{"template":"highway","default_image_id":0,"font":"","enabled":false},"version":2}},"categories":[921,196,140],"tags":[],"class_list":["post-89417","post","type-post","status-publish","format-standard","has-post-thumbnail","hentry","category-home","category-news","category-reggio-calabria"],"yoast_head":"<!-- This site is optimized with the Yoast SEO plugin v27.2 - https:\/\/yoast.com\/product\/yoast-seo-wordpress\/ -->\n<title>Alternativa Popolare: a Palazzo San Giorgio presentato il progetto programmatico per la prevenzione del randagismo e il benessere animale - Radio Touring 104<\/title>\n<meta name=\"description\" content=\"Massimo Ripepi\u00a0ha presentato una bozza di programma aperta al confronto con cittadini, associazioni animaliste e ambientaliste\" \/>\n<meta name=\"robots\" content=\"index, follow, max-snippet:-1, max-image-preview:large, max-video-preview:-1\" \/>\n<link rel=\"canonical\" href=\"https:\/\/progettotouring.it\/radiotouring104\/2026\/01\/23\/alternativa-popolare-a-palazzo-san-giorgio-presentato-il-progetto-programmatico-per-la-prevenzione-del-randagismo-e-il-benessere-animale\/\" \/>\n<meta property=\"og:locale\" content=\"it_IT\" \/>\n<meta property=\"og:type\" content=\"article\" \/>\n<meta property=\"og:title\" content=\"Alternativa Popolare: a Palazzo San Giorgio presentato il progetto programmatico per la prevenzione del randagismo e il benessere animale - Radio Touring 104\" \/>\n<meta property=\"og:description\" content=\"Massimo Ripepi\u00a0ha presentato una bozza di programma aperta al confronto con cittadini, associazioni animaliste e ambientaliste\" \/>\n<meta property=\"og:url\" content=\"https:\/\/progettotouring.it\/radiotouring104\/2026\/01\/23\/alternativa-popolare-a-palazzo-san-giorgio-presentato-il-progetto-programmatico-per-la-prevenzione-del-randagismo-e-il-benessere-animale\/\" \/>\n<meta property=\"og:site_name\" content=\"Radio Touring 104\" \/>\n<meta property=\"article:published_time\" content=\"2026-01-23T19:01:26+00:00\" \/>\n<meta property=\"og:image\" content=\"https:\/\/progettotouring.it\/radiotouring104\/wp-content\/uploads\/sites\/6\/2026\/01\/IMMAGINI-X-SITO-22.jpg\" \/>\n\t<meta property=\"og:image:width\" content=\"2000\" \/>\n\t<meta property=\"og:image:height\" content=\"1545\" \/>\n\t<meta property=\"og:image:type\" content=\"image\/jpeg\" \/>\n<meta name=\"author\" content=\"S L\" \/>\n<meta name=\"twitter:card\" content=\"summary_large_image\" \/>\n<meta name=\"twitter:label1\" content=\"Scritto da\" \/>\n\t<meta name=\"twitter:data1\" content=\"S L\" \/>\n\t<meta name=\"twitter:label2\" content=\"Tempo di lettura stimato\" \/>\n\t<meta name=\"twitter:data2\" content=\"2 minuti\" \/>\n<script type=\"application\/ld+json\" class=\"yoast-schema-graph\">{\"@context\":\"https:\/\/schema.org\",\"@graph\":[{\"@type\":\"Article\",\"@id\":\"https:\/\/progettotouring.it\/radiotouring104\/2026\/01\/23\/alternativa-popolare-a-palazzo-san-giorgio-presentato-il-progetto-programmatico-per-la-prevenzione-del-randagismo-e-il-benessere-animale\/#article\",\"isPartOf\":{\"@id\":\"https:\/\/progettotouring.it\/radiotouring104\/2026\/01\/23\/alternativa-popolare-a-palazzo-san-giorgio-presentato-il-progetto-programmatico-per-la-prevenzione-del-randagismo-e-il-benessere-animale\/\"},\"author\":{\"name\":\"S L\",\"@id\":\"https:\/\/progettotouring.it\/radiotouring104\/#\/schema\/person\/b9f9c3730b0a78814c9b9f3bfc52c619\"},\"headline\":\"Alternativa Popolare: a Palazzo San Giorgio presentato il progetto programmatico per la prevenzione del randagismo e il benessere animale\",\"datePublished\":\"2026-01-23T19:01:26+00:00\",\"mainEntityOfPage\":{\"@id\":\"https:\/\/progettotouring.it\/radiotouring104\/2026\/01\/23\/alternativa-popolare-a-palazzo-san-giorgio-presentato-il-progetto-programmatico-per-la-prevenzione-del-randagismo-e-il-benessere-animale\/\"},\"wordCount\":452,\"publisher\":{\"@id\":\"https:\/\/progettotouring.it\/radiotouring104\/#organization\"},\"image\":{\"@id\":\"https:\/\/progettotouring.it\/radiotouring104\/2026\/01\/23\/alternativa-popolare-a-palazzo-san-giorgio-presentato-il-progetto-programmatico-per-la-prevenzione-del-randagismo-e-il-benessere-animale\/#primaryimage\"},\"thumbnailUrl\":\"https:\/\/progettotouring.it\/radiotouring104\/wp-content\/uploads\/sites\/6\/2026\/01\/IMMAGINI-X-SITO-22.jpg\",\"articleSection\":[\"Home\",\"News\",\"Reggio Calabria\"],\"inLanguage\":\"it-IT\"},{\"@type\":\"WebPage\",\"@id\":\"https:\/\/progettotouring.it\/radiotouring104\/2026\/01\/23\/alternativa-popolare-a-palazzo-san-giorgio-presentato-il-progetto-programmatico-per-la-prevenzione-del-randagismo-e-il-benessere-animale\/\",\"url\":\"https:\/\/progettotouring.it\/radiotouring104\/2026\/01\/23\/alternativa-popolare-a-palazzo-san-giorgio-presentato-il-progetto-programmatico-per-la-prevenzione-del-randagismo-e-il-benessere-animale\/\",\"name\":\"Alternativa Popolare: a Palazzo San Giorgio presentato il progetto programmatico per la prevenzione del randagismo e il benessere animale - Radio Touring 104\",\"isPartOf\":{\"@id\":\"https:\/\/progettotouring.it\/radiotouring104\/#website\"},\"primaryImageOfPage\":{\"@id\":\"https:\/\/progettotouring.it\/radiotouring104\/2026\/01\/23\/alternativa-popolare-a-palazzo-san-giorgio-presentato-il-progetto-programmatico-per-la-prevenzione-del-randagismo-e-il-benessere-animale\/#primaryimage\"},\"image\":{\"@id\":\"https:\/\/progettotouring.it\/radiotouring104\/2026\/01\/23\/alternativa-popolare-a-palazzo-san-giorgio-presentato-il-progetto-programmatico-per-la-prevenzione-del-randagismo-e-il-benessere-animale\/#primaryimage\"},\"thumbnailUrl\":\"https:\/\/progettotouring.it\/radiotouring104\/wp-content\/uploads\/sites\/6\/2026\/01\/IMMAGINI-X-SITO-22.jpg\",\"datePublished\":\"2026-01-23T19:01:26+00:00\",\"description\":\"Massimo Ripepi\u00a0ha presentato una bozza di programma aperta al confronto con cittadini, associazioni animaliste e ambientaliste\",\"breadcrumb\":{\"@id\":\"https:\/\/progettotouring.it\/radiotouring104\/2026\/01\/23\/alternativa-popolare-a-palazzo-san-giorgio-presentato-il-progetto-programmatico-per-la-prevenzione-del-randagismo-e-il-benessere-animale\/#breadcrumb\"},\"inLanguage\":\"it-IT\",\"potentialAction\":[{\"@type\":\"ReadAction\",\"target\":[\"https:\/\/progettotouring.it\/radiotouring104\/2026\/01\/23\/alternativa-popolare-a-palazzo-san-giorgio-presentato-il-progetto-programmatico-per-la-prevenzione-del-randagismo-e-il-benessere-animale\/\"]}]},{\"@type\":\"ImageObject\",\"inLanguage\":\"it-IT\",\"@id\":\"https:\/\/progettotouring.it\/radiotouring104\/2026\/01\/23\/alternativa-popolare-a-palazzo-san-giorgio-presentato-il-progetto-programmatico-per-la-prevenzione-del-randagismo-e-il-benessere-animale\/#primaryimage\",\"url\":\"https:\/\/progettotouring.it\/radiotouring104\/wp-content\/uploads\/sites\/6\/2026\/01\/IMMAGINI-X-SITO-22.jpg\",\"contentUrl\":\"https:\/\/progettotouring.it\/radiotouring104\/wp-content\/uploads\/sites\/6\/2026\/01\/IMMAGINI-X-SITO-22.jpg\",\"width\":2000,\"height\":1545},{\"@type\":\"BreadcrumbList\",\"@id\":\"https:\/\/progettotouring.it\/radiotouring104\/2026\/01\/23\/alternativa-popolare-a-palazzo-san-giorgio-presentato-il-progetto-programmatico-per-la-prevenzione-del-randagismo-e-il-benessere-animale\/#breadcrumb\",\"itemListElement\":[{\"@type\":\"ListItem\",\"position\":1,\"name\":\"Home\",\"item\":\"https:\/\/progettotouring.it\/radiotouring104\/\"},{\"@type\":\"ListItem\",\"position\":2,\"name\":\"Alternativa Popolare: a Palazzo San Giorgio presentato il progetto programmatico per la prevenzione del randagismo e il benessere animale\"}]},{\"@type\":\"WebSite\",\"@id\":\"https:\/\/progettotouring.it\/radiotouring104\/#website\",\"url\":\"https:\/\/progettotouring.it\/radiotouring104\/\",\"name\":\"Radio Touring 104\",\"description\":\"La prima radio Reggina\",\"publisher\":{\"@id\":\"https:\/\/progettotouring.it\/radiotouring104\/#organization\"},\"potentialAction\":[{\"@type\":\"SearchAction\",\"target\":{\"@type\":\"EntryPoint\",\"urlTemplate\":\"https:\/\/progettotouring.it\/radiotouring104\/?s={search_term_string}\"},\"query-input\":{\"@type\":\"PropertyValueSpecification\",\"valueRequired\":true,\"valueName\":\"search_term_string\"}}],\"inLanguage\":\"it-IT\"},{\"@type\":\"Organization\",\"@id\":\"https:\/\/progettotouring.it\/radiotouring104\/#organization\",\"name\":\"Radio Touring 104\",\"url\":\"https:\/\/progettotouring.it\/radiotouring104\/\",\"logo\":{\"@type\":\"ImageObject\",\"inLanguage\":\"it-IT\",\"@id\":\"https:\/\/progettotouring.it\/radiotouring104\/#\/schema\/logo\/image\/\",\"url\":\"https:\/\/progettotouring.it\/radiotouring104\/wp-content\/uploads\/sites\/6\/2022\/02\/cropped-logo-radio-touring-104.png\",\"contentUrl\":\"https:\/\/progettotouring.it\/radiotouring104\/wp-content\/uploads\/sites\/6\/2022\/02\/cropped-logo-radio-touring-104.png\",\"width\":377,\"height\":182,\"caption\":\"Radio Touring 104\"},\"image\":{\"@id\":\"https:\/\/progettotouring.it\/radiotouring104\/#\/schema\/logo\/image\/\"}},{\"@type\":\"Person\",\"@id\":\"https:\/\/progettotouring.it\/radiotouring104\/#\/schema\/person\/b9f9c3730b0a78814c9b9f3bfc52c619\",\"name\":\"S L\",\"image\":{\"@type\":\"ImageObject\",\"inLanguage\":\"it-IT\",\"@id\":\"https:\/\/secure.gravatar.com\/avatar\/652c51789d7030aaed9ff828331360502a68204fe6fb0831bc280515210e16d2?s=96&d=mm&r=g\",\"url\":\"https:\/\/secure.gravatar.com\/avatar\/652c51789d7030aaed9ff828331360502a68204fe6fb0831bc280515210e16d2?s=96&d=mm&r=g\",\"contentUrl\":\"https:\/\/secure.gravatar.com\/avatar\/652c51789d7030aaed9ff828331360502a68204fe6fb0831bc280515210e16d2?s=96&d=mm&r=g\",\"caption\":\"S L\"},\"url\":\"https:\/\/progettotouring.it\/radiotouring104\/author\/slibri\/\"}]}<\/script>\n<!-- \/ Yoast SEO plugin. -->","yoast_head_json":{"title":"Alternativa Popolare: a Palazzo San Giorgio presentato il progetto programmatico per la prevenzione del randagismo e il benessere animale - Radio Touring 104","description":"Massimo Ripepi\u00a0ha presentato una bozza di programma aperta al confronto con cittadini, associazioni animaliste e ambientaliste","robots":{"index":"index","follow":"follow","max-snippet":"max-snippet:-1","max-image-preview":"max-image-preview:large","max-video-preview":"max-video-preview:-1"},"canonical":"https:\/\/progettotouring.it\/radiotouring104\/2026\/01\/23\/alternativa-popolare-a-palazzo-san-giorgio-presentato-il-progetto-programmatico-per-la-prevenzione-del-randagismo-e-il-benessere-animale\/","og_locale":"it_IT","og_type":"article","og_title":"Alternativa Popolare: a Palazzo San Giorgio presentato il progetto programmatico per la prevenzione del randagismo e il benessere animale - Radio Touring 104","og_description":"Massimo Ripepi\u00a0ha presentato una bozza di programma aperta al confronto con cittadini, associazioni animaliste e ambientaliste","og_url":"https:\/\/progettotouring.it\/radiotouring104\/2026\/01\/23\/alternativa-popolare-a-palazzo-san-giorgio-presentato-il-progetto-programmatico-per-la-prevenzione-del-randagismo-e-il-benessere-animale\/","og_site_name":"Radio Touring 104","article_published_time":"2026-01-23T19:01:26+00:00","og_image":[{"width":2000,"height":1545,"url":"https:\/\/progettotouring.it\/radiotouring104\/wp-content\/uploads\/sites\/6\/2026\/01\/IMMAGINI-X-SITO-22.jpg","type":"image\/jpeg"}],"author":"S L","twitter_card":"summary_large_image","twitter_misc":{"Scritto da":"S L","Tempo di lettura stimato":"2 minuti"},"schema":{"@context":"https:\/\/schema.org","@graph":[{"@type":"Article","@id":"https:\/\/progettotouring.it\/radiotouring104\/2026\/01\/23\/alternativa-popolare-a-palazzo-san-giorgio-presentato-il-progetto-programmatico-per-la-prevenzione-del-randagismo-e-il-benessere-animale\/#article","isPartOf":{"@id":"https:\/\/progettotouring.it\/radiotouring104\/2026\/01\/23\/alternativa-popolare-a-palazzo-san-giorgio-presentato-il-progetto-programmatico-per-la-prevenzione-del-randagismo-e-il-benessere-animale\/"},"author":{"name":"S L","@id":"https:\/\/progettotouring.it\/radiotouring104\/#\/schema\/person\/b9f9c3730b0a78814c9b9f3bfc52c619"},"headline":"Alternativa Popolare: a Palazzo San Giorgio presentato il progetto programmatico per la prevenzione del randagismo e il benessere animale","datePublished":"2026-01-23T19:01:26+00:00","mainEntityOfPage":{"@id":"https:\/\/progettotouring.it\/radiotouring104\/2026\/01\/23\/alternativa-popolare-a-palazzo-san-giorgio-presentato-il-progetto-programmatico-per-la-prevenzione-del-randagismo-e-il-benessere-animale\/"},"wordCount":452,"publisher":{"@id":"https:\/\/progettotouring.it\/radiotouring104\/#organization"},"image":{"@id":"https:\/\/progettotouring.it\/radiotouring104\/2026\/01\/23\/alternativa-popolare-a-palazzo-san-giorgio-presentato-il-progetto-programmatico-per-la-prevenzione-del-randagismo-e-il-benessere-animale\/#primaryimage"},"thumbnailUrl":"https:\/\/progettotouring.it\/radiotouring104\/wp-content\/uploads\/sites\/6\/2026\/01\/IMMAGINI-X-SITO-22.jpg","articleSection":["Home","News","Reggio Calabria"],"inLanguage":"it-IT"},{"@type":"WebPage","@id":"https:\/\/progettotouring.it\/radiotouring104\/2026\/01\/23\/alternativa-popolare-a-palazzo-san-giorgio-presentato-il-progetto-programmatico-per-la-prevenzione-del-randagismo-e-il-benessere-animale\/","url":"https:\/\/progettotouring.it\/radiotouring104\/2026\/01\/23\/alternativa-popolare-a-palazzo-san-giorgio-presentato-il-progetto-programmatico-per-la-prevenzione-del-randagismo-e-il-benessere-animale\/","name":"Alternativa Popolare: a Palazzo San Giorgio presentato il progetto programmatico per la prevenzione del randagismo e il benessere animale - Radio Touring 104","isPartOf":{"@id":"https:\/\/progettotouring.it\/radiotouring104\/#website"},"primaryImageOfPage":{"@id":"https:\/\/progettotouring.it\/radiotouring104\/2026\/01\/23\/alternativa-popolare-a-palazzo-san-giorgio-presentato-il-progetto-programmatico-per-la-prevenzione-del-randagismo-e-il-benessere-animale\/#primaryimage"},"image":{"@id":"https:\/\/progettotouring.it\/radiotouring104\/2026\/01\/23\/alternativa-popolare-a-palazzo-san-giorgio-presentato-il-progetto-programmatico-per-la-prevenzione-del-randagismo-e-il-benessere-animale\/#primaryimage"},"thumbnailUrl":"https:\/\/progettotouring.it\/radiotouring104\/wp-content\/uploads\/sites\/6\/2026\/01\/IMMAGINI-X-SITO-22.jpg","datePublished":"2026-01-23T19:01:26+00:00","description":"Massimo Ripepi\u00a0ha presentato una bozza di programma aperta al confronto con cittadini, associazioni animaliste e ambientaliste","breadcrumb":{"@id":"https:\/\/progettotouring.it\/radiotouring104\/2026\/01\/23\/alternativa-popolare-a-palazzo-san-giorgio-presentato-il-progetto-programmatico-per-la-prevenzione-del-randagismo-e-il-benessere-animale\/#breadcrumb"},"inLanguage":"it-IT","potentialAction":[{"@type":"ReadAction","target":["https:\/\/progettotouring.it\/radiotouring104\/2026\/01\/23\/alternativa-popolare-a-palazzo-san-giorgio-presentato-il-progetto-programmatico-per-la-prevenzione-del-randagismo-e-il-benessere-animale\/"]}]},{"@type":"ImageObject","inLanguage":"it-IT","@id":"https:\/\/progettotouring.it\/radiotouring104\/2026\/01\/23\/alternativa-popolare-a-palazzo-san-giorgio-presentato-il-progetto-programmatico-per-la-prevenzione-del-randagismo-e-il-benessere-animale\/#primaryimage","url":"https:\/\/progettotouring.it\/radiotouring104\/wp-content\/uploads\/sites\/6\/2026\/01\/IMMAGINI-X-SITO-22.jpg","contentUrl":"https:\/\/progettotouring.it\/radiotouring104\/wp-content\/uploads\/sites\/6\/2026\/01\/IMMAGINI-X-SITO-22.jpg","width":2000,"height":1545},{"@type":"BreadcrumbList","@id":"https:\/\/progettotouring.it\/radiotouring104\/2026\/01\/23\/alternativa-popolare-a-palazzo-san-giorgio-presentato-il-progetto-programmatico-per-la-prevenzione-del-randagismo-e-il-benessere-animale\/#breadcrumb","itemListElement":[{"@type":"ListItem","position":1,"name":"Home","item":"https:\/\/progettotouring.it\/radiotouring104\/"},{"@type":"ListItem","position":2,"name":"Alternativa Popolare: a Palazzo San Giorgio presentato il progetto programmatico per la prevenzione del randagismo e il benessere animale"}]},{"@type":"WebSite","@id":"https:\/\/progettotouring.it\/radiotouring104\/#website","url":"https:\/\/progettotouring.it\/radiotouring104\/","name":"Radio Touring 104","description":"La prima radio Reggina","publisher":{"@id":"https:\/\/progettotouring.it\/radiotouring104\/#organization"},"potentialAction":[{"@type":"SearchAction","target":{"@type":"EntryPoint","urlTemplate":"https:\/\/progettotouring.it\/radiotouring104\/?s={search_term_string}"},"query-input":{"@type":"PropertyValueSpecification","valueRequired":true,"valueName":"search_term_string"}}],"inLanguage":"it-IT"},{"@type":"Organization","@id":"https:\/\/progettotouring.it\/radiotouring104\/#organization","name":"Radio Touring 104","url":"https:\/\/progettotouring.it\/radiotouring104\/","logo":{"@type":"ImageObject","inLanguage":"it-IT","@id":"https:\/\/progettotouring.it\/radiotouring104\/#\/schema\/logo\/image\/","url":"https:\/\/progettotouring.it\/radiotouring104\/wp-content\/uploads\/sites\/6\/2022\/02\/cropped-logo-radio-touring-104.png","contentUrl":"https:\/\/progettotouring.it\/radiotouring104\/wp-content\/uploads\/sites\/6\/2022\/02\/cropped-logo-radio-touring-104.png","width":377,"height":182,"caption":"Radio Touring 104"},"image":{"@id":"https:\/\/progettotouring.it\/radiotouring104\/#\/schema\/logo\/image\/"}},{"@type":"Person","@id":"https:\/\/progettotouring.it\/radiotouring104\/#\/schema\/person\/b9f9c3730b0a78814c9b9f3bfc52c619","name":"S L","image":{"@type":"ImageObject","inLanguage":"it-IT","@id":"https:\/\/secure.gravatar.com\/avatar\/652c51789d7030aaed9ff828331360502a68204fe6fb0831bc280515210e16d2?s=96&d=mm&r=g","url":"https:\/\/secure.gravatar.com\/avatar\/652c51789d7030aaed9ff828331360502a68204fe6fb0831bc280515210e16d2?s=96&d=mm&r=g","contentUrl":"https:\/\/secure.gravatar.com\/avatar\/652c51789d7030aaed9ff828331360502a68204fe6fb0831bc280515210e16d2?s=96&d=mm&r=g","caption":"S L"},"url":"https:\/\/progettotouring.it\/radiotouring104\/author\/slibri\/"}]}},"jetpack_publicize_connections":[],"jetpack_featured_media_url":"https:\/\/progettotouring.it\/radiotouring104\/wp-content\/uploads\/sites\/6\/2026\/01\/IMMAGINI-X-SITO-22.jpg","jetpack_sharing_enabled":true,"_links":{"self":[{"href":"https:\/\/progettotouring.it\/radiotouring104\/wp-json\/wp\/v2\/posts\/89417","targetHints":{"allow":["GET"]}}],"collection":[{"href":"https:\/\/progettotouring.it\/radiotouring104\/wp-json\/wp\/v2\/posts"}],"about":[{"href":"https:\/\/progettotouring.it\/radiotouring104\/wp-json\/wp\/v2\/types\/post"}],"author":[{"embeddable":true,"href":"https:\/\/progettotouring.it\/radiotouring104\/wp-json\/wp\/v2\/users\/19"}],"replies":[{"embeddable":true,"href":"https:\/\/progettotouring.it\/radiotouring104\/wp-json\/wp\/v2\/comments?post=89417"}],"version-history":[{"count":2,"href":"https:\/\/progettotouring.it\/radiotouring104\/wp-json\/wp\/v2\/posts\/89417\/revisions"}],"predecessor-version":[{"id":89420,"href":"https:\/\/progettotouring.it\/radiotouring104\/wp-json\/wp\/v2\/posts\/89417\/revisions\/89420"}],"wp:featuredmedia":[{"embeddable":true,"href":"https:\/\/progettotouring.it\/radiotouring104\/wp-json\/wp\/v2\/media\/89419"}],"wp:attachment":[{"href":"https:\/\/progettotouring.it\/radiotouring104\/wp-json\/wp\/v2\/media?parent=89417"}],"wp:term":[{"taxonomy":"category","embeddable":true,"href":"https:\/\/progettotouring.it\/radiotouring104\/wp-json\/wp\/v2\/categories?post=89417"},{"taxonomy":"post_tag","embeddable":true,"href":"https:\/\/progettotouring.it\/radiotouring104\/wp-json\/wp\/v2\/tags?post=89417"}],"curies":[{"name":"wp","href":"https:\/\/api.w.org\/{rel}","templated":true}]}}