{"id":89451,"date":"2026-01-24T13:50:53","date_gmt":"2026-01-24T12:50:53","guid":{"rendered":"https:\/\/progettotouring.it\/radiotouring104\/?p=89451"},"modified":"2026-01-24T13:50:53","modified_gmt":"2026-01-24T12:50:53","slug":"il-van-arancione-di-onda-orange-fa-tappa-a-mosorrofa","status":"publish","type":"post","link":"https:\/\/progettotouring.it\/radiotouring104\/2026\/01\/24\/il-van-arancione-di-onda-orange-fa-tappa-a-mosorrofa\/","title":{"rendered":"Il van arancione di Onda Orange fa tappa a Mosorrofa"},"content":{"rendered":"<div class=\"h-100 d-flex flex-column container-fluid message-container no-dark-filter pe-3 detail\">\n<div class=\"row message-content\">\n<div class=\"col-12 h-100 d-flex flex-column overflow-y\">\n<div class=\"card\">\n<div class=\"card-body message-content-body pt-0 d-flex flex-column gap-4 margin-left\">\n<div class=\"message-content-body-text\">\n<div class=\"message-content-text\">\n<div class=\"xam_msg_class\">\n<div dir=\"ltr\">\n<p align=\"JUSTIFY\">Continua il tour cittadino \u201cRotta civica\u201d di Onda Orange che, dopo San Salvatore e Valanidi, il 22 gennaio ha interessato\u00a0 Mosorrofa.<\/p>\n<p align=\"JUSTIFY\">L&#8217;obiettivo \u00e8, come sempre, l&#8217;ascolto delle istanze dei cittadini.<\/p>\n<p align=\"JUSTIFY\">Pasquale Andidero, presidente del comitato di quartiere, ha segnalato le criticit\u00e0 dell&#8217;area a partire dall&#8217;aspetto viabilistico. La via principale diventa in alcune fasce orarie quasi impraticabile per le eccessive macchine in sosta in entrambi i sensi di marcia. La situazione andrebbe mitigata con la creazione di nuovi parcheggi che permetterebbero una maggiore libert\u00e0 di passaggio sull&#8217;arteria principale della frazione. Sarebbe, inoltre, necessaria la messa in sicurezza della direttrice San Sperato \u2013 Mosorrofa con il completamento della nuova bitumazione e l&#8217;installazione di nuovi guardrail nei tratti dove mancano e la sostituzione di quelli ormai inadeguati.<\/p>\n<p align=\"JUSTIFY\">La borgata, ricorda Andidero, necessit\u00e0 di aree di aggregazione sicure per i pi\u00f9 giovani costretti a giocare nell&#8217;unica piazza della zona con il rischio incombente costituito dalla limitrofa via principale.<\/p>\n<p align=\"JUSTIFY\">Inoltre le problematiche croniche costituite dal problema dell&#8217;approvvigionamento idrico, delle numerose discariche abusive e dall&#8217;abbandono di rifiuti lungo i tornanti prima di arrivare al centro abitato. Senza dimenticare le necessit\u00e0 legate all&#8217;ampliamento del cimitero e all&#8217;abbattimento delle barriere architettoniche per accedere alla chiesa di San Demetrio.<\/p>\n<p align=\"JUSTIFY\">Non solo criticit\u00e0 ma anche idee come la realizzazione di murales che rappresentino le tradizioni enogastronomiche, musicali e artigianali del posto facendo diventare Mosorrofa il borgo della musica.<\/p>\n<p align=\"JUSTIFY\">Successivamente, in compagnia del presidente di \u201cTerritorio e progresso\u201d, Antonino Sorgon\u00e0, la compagine Orange si \u00e8 trasferita nell&#8217;area denominata Bufano, dove l&#8217;idea di costruire un campo sportivo \u00e8 ormai tramontata da tempo in quanto il costo per mitigare il rischio idrogeologico \u00e8 risultato essere nettamente superiore al previsto. Il progetto partito con l&#8217;abbattimento di ulivi secolari ha lasciato un&#8217;area enorme abbandonata.<\/p>\n<p align=\"JUSTIFY\">Sorgon\u00e0 ritiene doveroso ridare dignit\u00e0 all&#8217;area con la creazione di spazi di aggregazione, la creazione di un teatro che segua l&#8217;andamento naturale del territorio che si caratterizza gi\u00e0 come un ferro di cavallo e infine la creazione di appositi alloggiamenti per dare la possibilit\u00e0 ai produttori locali di realizzare la vendita diretta.<\/p>\n<p align=\"JUSTIFY\">\n<\/div>\n<\/div>\n<\/div>\n<\/div>\n<\/div>\n<div class=\"card-footer message-content-footer pb-3 sticky-bottom z-3 margin-left\">\n<div class=\"aru-button-group\" role=\"group\">\n<div class=\"top-text\">\n<div class=\"aru-button__inner aru-button__inner--md\n\n               \"><\/p>\n<div class=\"aru-button__content aru-button__content--start\"><\/div>\n<\/div>\n<\/div>\n<div class=\"top-text\">\n<div class=\"aru-button__inner aru-button__inner--md\n\n               \"><\/p>\n<div class=\"aru-button__content aru-button__content--start\"><\/div>\n<\/div>\n<\/div>\n<div class=\"top-text\">\n<div class=\"aru-button__inner aru-button__inner--md\n\n               \"><\/p>\n<div class=\"aru-button__content aru-button__content--start\"><\/div>\n<\/div>\n<\/div>\n<\/div>\n<\/div>\n<\/div>\n<\/div>\n<\/div>\n<\/div>\n<div class=\"as-split-gutter\" role=\"separator\"><\/div>\n","protected":false},"excerpt":{"rendered":"<p>Continua il tour cittadino \u201cRotta civica\u201d di Onda Orange che, dopo San Salvatore e Valanidi, il 22 gennaio ha interessato\u00a0 Mosorrofa. L&#8217;obiettivo \u00e8, come sempre, l&#8217;ascolto delle istanze dei cittadini.&hellip;<\/p>\n","protected":false},"author":19,"featured_media":89452,"comment_status":"closed","ping_status":"open","sticky":false,"template":"","format":"standard","meta":{"_jetpack_memberships_contains_paid_content":false,"footnotes":"","jetpack_publicize_message":"","jetpack_publicize_feature_enabled":true,"jetpack_social_post_already_shared":true,"jetpack_social_options":{"image_generator_settings":{"template":"highway","default_image_id":0,"font":"","enabled":false},"version":2}},"categories":[921,196,140],"tags":[],"class_list":["post-89451","post","type-post","status-publish","format-standard","has-post-thumbnail","hentry","category-home","category-news","category-reggio-calabria"],"yoast_head":"<!-- This site is optimized with the Yoast SEO plugin v27.2 - https:\/\/yoast.com\/product\/yoast-seo-wordpress\/ -->\n<title>Il van arancione di Onda Orange fa tappa a Mosorrofa - Radio Touring 104<\/title>\n<meta name=\"description\" content=\"Continua il tour cittadino \u201cRotta civica\u201d\" \/>\n<meta name=\"robots\" content=\"index, follow, max-snippet:-1, max-image-preview:large, max-video-preview:-1\" \/>\n<link rel=\"canonical\" href=\"https:\/\/progettotouring.it\/radiotouring104\/2026\/01\/24\/il-van-arancione-di-onda-orange-fa-tappa-a-mosorrofa\/\" \/>\n<meta property=\"og:locale\" content=\"it_IT\" \/>\n<meta property=\"og:type\" content=\"article\" \/>\n<meta property=\"og:title\" content=\"Il van arancione di Onda Orange fa tappa a Mosorrofa - Radio Touring 104\" \/>\n<meta property=\"og:description\" content=\"Continua il tour cittadino \u201cRotta civica\u201d\" \/>\n<meta property=\"og:url\" content=\"https:\/\/progettotouring.it\/radiotouring104\/2026\/01\/24\/il-van-arancione-di-onda-orange-fa-tappa-a-mosorrofa\/\" \/>\n<meta property=\"og:site_name\" content=\"Radio Touring 104\" \/>\n<meta property=\"article:published_time\" content=\"2026-01-24T12:50:53+00:00\" \/>\n<meta property=\"og:image\" content=\"https:\/\/progettotouring.it\/radiotouring104\/wp-content\/uploads\/sites\/6\/2026\/01\/IMMAGINI-X-SITO-29.jpg\" \/>\n\t<meta property=\"og:image:width\" content=\"2000\" \/>\n\t<meta property=\"og:image:height\" content=\"1545\" \/>\n\t<meta property=\"og:image:type\" content=\"image\/jpeg\" \/>\n<meta name=\"author\" content=\"S L\" \/>\n<meta name=\"twitter:card\" content=\"summary_large_image\" \/>\n<meta name=\"twitter:label1\" content=\"Scritto da\" \/>\n\t<meta name=\"twitter:data1\" content=\"S L\" \/>\n\t<meta name=\"twitter:label2\" content=\"Tempo di lettura stimato\" \/>\n\t<meta name=\"twitter:data2\" content=\"2 minuti\" \/>\n<script type=\"application\/ld+json\" class=\"yoast-schema-graph\">{\"@context\":\"https:\/\/schema.org\",\"@graph\":[{\"@type\":\"Article\",\"@id\":\"https:\/\/progettotouring.it\/radiotouring104\/2026\/01\/24\/il-van-arancione-di-onda-orange-fa-tappa-a-mosorrofa\/#article\",\"isPartOf\":{\"@id\":\"https:\/\/progettotouring.it\/radiotouring104\/2026\/01\/24\/il-van-arancione-di-onda-orange-fa-tappa-a-mosorrofa\/\"},\"author\":{\"name\":\"S L\",\"@id\":\"https:\/\/progettotouring.it\/radiotouring104\/#\/schema\/person\/b9f9c3730b0a78814c9b9f3bfc52c619\"},\"headline\":\"Il van arancione di Onda Orange fa tappa a Mosorrofa\",\"datePublished\":\"2026-01-24T12:50:53+00:00\",\"mainEntityOfPage\":{\"@id\":\"https:\/\/progettotouring.it\/radiotouring104\/2026\/01\/24\/il-van-arancione-di-onda-orange-fa-tappa-a-mosorrofa\/\"},\"wordCount\":345,\"publisher\":{\"@id\":\"https:\/\/progettotouring.it\/radiotouring104\/#organization\"},\"image\":{\"@id\":\"https:\/\/progettotouring.it\/radiotouring104\/2026\/01\/24\/il-van-arancione-di-onda-orange-fa-tappa-a-mosorrofa\/#primaryimage\"},\"thumbnailUrl\":\"https:\/\/progettotouring.it\/radiotouring104\/wp-content\/uploads\/sites\/6\/2026\/01\/IMMAGINI-X-SITO-29.jpg\",\"articleSection\":[\"Home\",\"News\",\"Reggio Calabria\"],\"inLanguage\":\"it-IT\"},{\"@type\":\"WebPage\",\"@id\":\"https:\/\/progettotouring.it\/radiotouring104\/2026\/01\/24\/il-van-arancione-di-onda-orange-fa-tappa-a-mosorrofa\/\",\"url\":\"https:\/\/progettotouring.it\/radiotouring104\/2026\/01\/24\/il-van-arancione-di-onda-orange-fa-tappa-a-mosorrofa\/\",\"name\":\"Il van arancione di Onda Orange fa tappa a Mosorrofa - Radio Touring 104\",\"isPartOf\":{\"@id\":\"https:\/\/progettotouring.it\/radiotouring104\/#website\"},\"primaryImageOfPage\":{\"@id\":\"https:\/\/progettotouring.it\/radiotouring104\/2026\/01\/24\/il-van-arancione-di-onda-orange-fa-tappa-a-mosorrofa\/#primaryimage\"},\"image\":{\"@id\":\"https:\/\/progettotouring.it\/radiotouring104\/2026\/01\/24\/il-van-arancione-di-onda-orange-fa-tappa-a-mosorrofa\/#primaryimage\"},\"thumbnailUrl\":\"https:\/\/progettotouring.it\/radiotouring104\/wp-content\/uploads\/sites\/6\/2026\/01\/IMMAGINI-X-SITO-29.jpg\",\"datePublished\":\"2026-01-24T12:50:53+00:00\",\"description\":\"Continua il tour cittadino \u201cRotta civica\u201d\",\"breadcrumb\":{\"@id\":\"https:\/\/progettotouring.it\/radiotouring104\/2026\/01\/24\/il-van-arancione-di-onda-orange-fa-tappa-a-mosorrofa\/#breadcrumb\"},\"inLanguage\":\"it-IT\",\"potentialAction\":[{\"@type\":\"ReadAction\",\"target\":[\"https:\/\/progettotouring.it\/radiotouring104\/2026\/01\/24\/il-van-arancione-di-onda-orange-fa-tappa-a-mosorrofa\/\"]}]},{\"@type\":\"ImageObject\",\"inLanguage\":\"it-IT\",\"@id\":\"https:\/\/progettotouring.it\/radiotouring104\/2026\/01\/24\/il-van-arancione-di-onda-orange-fa-tappa-a-mosorrofa\/#primaryimage\",\"url\":\"https:\/\/progettotouring.it\/radiotouring104\/wp-content\/uploads\/sites\/6\/2026\/01\/IMMAGINI-X-SITO-29.jpg\",\"contentUrl\":\"https:\/\/progettotouring.it\/radiotouring104\/wp-content\/uploads\/sites\/6\/2026\/01\/IMMAGINI-X-SITO-29.jpg\",\"width\":2000,\"height\":1545},{\"@type\":\"BreadcrumbList\",\"@id\":\"https:\/\/progettotouring.it\/radiotouring104\/2026\/01\/24\/il-van-arancione-di-onda-orange-fa-tappa-a-mosorrofa\/#breadcrumb\",\"itemListElement\":[{\"@type\":\"ListItem\",\"position\":1,\"name\":\"Home\",\"item\":\"https:\/\/progettotouring.it\/radiotouring104\/\"},{\"@type\":\"ListItem\",\"position\":2,\"name\":\"Il van arancione di Onda Orange fa tappa a Mosorrofa\"}]},{\"@type\":\"WebSite\",\"@id\":\"https:\/\/progettotouring.it\/radiotouring104\/#website\",\"url\":\"https:\/\/progettotouring.it\/radiotouring104\/\",\"name\":\"Radio Touring 104\",\"description\":\"La prima radio Reggina\",\"publisher\":{\"@id\":\"https:\/\/progettotouring.it\/radiotouring104\/#organization\"},\"potentialAction\":[{\"@type\":\"SearchAction\",\"target\":{\"@type\":\"EntryPoint\",\"urlTemplate\":\"https:\/\/progettotouring.it\/radiotouring104\/?s={search_term_string}\"},\"query-input\":{\"@type\":\"PropertyValueSpecification\",\"valueRequired\":true,\"valueName\":\"search_term_string\"}}],\"inLanguage\":\"it-IT\"},{\"@type\":\"Organization\",\"@id\":\"https:\/\/progettotouring.it\/radiotouring104\/#organization\",\"name\":\"Radio Touring 104\",\"url\":\"https:\/\/progettotouring.it\/radiotouring104\/\",\"logo\":{\"@type\":\"ImageObject\",\"inLanguage\":\"it-IT\",\"@id\":\"https:\/\/progettotouring.it\/radiotouring104\/#\/schema\/logo\/image\/\",\"url\":\"https:\/\/progettotouring.it\/radiotouring104\/wp-content\/uploads\/sites\/6\/2022\/02\/cropped-logo-radio-touring-104.png\",\"contentUrl\":\"https:\/\/progettotouring.it\/radiotouring104\/wp-content\/uploads\/sites\/6\/2022\/02\/cropped-logo-radio-touring-104.png\",\"width\":377,\"height\":182,\"caption\":\"Radio Touring 104\"},\"image\":{\"@id\":\"https:\/\/progettotouring.it\/radiotouring104\/#\/schema\/logo\/image\/\"}},{\"@type\":\"Person\",\"@id\":\"https:\/\/progettotouring.it\/radiotouring104\/#\/schema\/person\/b9f9c3730b0a78814c9b9f3bfc52c619\",\"name\":\"S L\",\"image\":{\"@type\":\"ImageObject\",\"inLanguage\":\"it-IT\",\"@id\":\"https:\/\/secure.gravatar.com\/avatar\/652c51789d7030aaed9ff828331360502a68204fe6fb0831bc280515210e16d2?s=96&d=mm&r=g\",\"url\":\"https:\/\/secure.gravatar.com\/avatar\/652c51789d7030aaed9ff828331360502a68204fe6fb0831bc280515210e16d2?s=96&d=mm&r=g\",\"contentUrl\":\"https:\/\/secure.gravatar.com\/avatar\/652c51789d7030aaed9ff828331360502a68204fe6fb0831bc280515210e16d2?s=96&d=mm&r=g\",\"caption\":\"S L\"},\"url\":\"https:\/\/progettotouring.it\/radiotouring104\/author\/slibri\/\"}]}<\/script>\n<!-- \/ Yoast SEO plugin. -->","yoast_head_json":{"title":"Il van arancione di Onda Orange fa tappa a Mosorrofa - Radio Touring 104","description":"Continua il tour cittadino \u201cRotta civica\u201d","robots":{"index":"index","follow":"follow","max-snippet":"max-snippet:-1","max-image-preview":"max-image-preview:large","max-video-preview":"max-video-preview:-1"},"canonical":"https:\/\/progettotouring.it\/radiotouring104\/2026\/01\/24\/il-van-arancione-di-onda-orange-fa-tappa-a-mosorrofa\/","og_locale":"it_IT","og_type":"article","og_title":"Il van arancione di Onda Orange fa tappa a Mosorrofa - Radio Touring 104","og_description":"Continua il tour cittadino \u201cRotta civica\u201d","og_url":"https:\/\/progettotouring.it\/radiotouring104\/2026\/01\/24\/il-van-arancione-di-onda-orange-fa-tappa-a-mosorrofa\/","og_site_name":"Radio Touring 104","article_published_time":"2026-01-24T12:50:53+00:00","og_image":[{"width":2000,"height":1545,"url":"https:\/\/progettotouring.it\/radiotouring104\/wp-content\/uploads\/sites\/6\/2026\/01\/IMMAGINI-X-SITO-29.jpg","type":"image\/jpeg"}],"author":"S L","twitter_card":"summary_large_image","twitter_misc":{"Scritto da":"S L","Tempo di lettura stimato":"2 minuti"},"schema":{"@context":"https:\/\/schema.org","@graph":[{"@type":"Article","@id":"https:\/\/progettotouring.it\/radiotouring104\/2026\/01\/24\/il-van-arancione-di-onda-orange-fa-tappa-a-mosorrofa\/#article","isPartOf":{"@id":"https:\/\/progettotouring.it\/radiotouring104\/2026\/01\/24\/il-van-arancione-di-onda-orange-fa-tappa-a-mosorrofa\/"},"author":{"name":"S L","@id":"https:\/\/progettotouring.it\/radiotouring104\/#\/schema\/person\/b9f9c3730b0a78814c9b9f3bfc52c619"},"headline":"Il van arancione di Onda Orange fa tappa a Mosorrofa","datePublished":"2026-01-24T12:50:53+00:00","mainEntityOfPage":{"@id":"https:\/\/progettotouring.it\/radiotouring104\/2026\/01\/24\/il-van-arancione-di-onda-orange-fa-tappa-a-mosorrofa\/"},"wordCount":345,"publisher":{"@id":"https:\/\/progettotouring.it\/radiotouring104\/#organization"},"image":{"@id":"https:\/\/progettotouring.it\/radiotouring104\/2026\/01\/24\/il-van-arancione-di-onda-orange-fa-tappa-a-mosorrofa\/#primaryimage"},"thumbnailUrl":"https:\/\/progettotouring.it\/radiotouring104\/wp-content\/uploads\/sites\/6\/2026\/01\/IMMAGINI-X-SITO-29.jpg","articleSection":["Home","News","Reggio Calabria"],"inLanguage":"it-IT"},{"@type":"WebPage","@id":"https:\/\/progettotouring.it\/radiotouring104\/2026\/01\/24\/il-van-arancione-di-onda-orange-fa-tappa-a-mosorrofa\/","url":"https:\/\/progettotouring.it\/radiotouring104\/2026\/01\/24\/il-van-arancione-di-onda-orange-fa-tappa-a-mosorrofa\/","name":"Il van arancione di Onda Orange fa tappa a Mosorrofa - Radio Touring 104","isPartOf":{"@id":"https:\/\/progettotouring.it\/radiotouring104\/#website"},"primaryImageOfPage":{"@id":"https:\/\/progettotouring.it\/radiotouring104\/2026\/01\/24\/il-van-arancione-di-onda-orange-fa-tappa-a-mosorrofa\/#primaryimage"},"image":{"@id":"https:\/\/progettotouring.it\/radiotouring104\/2026\/01\/24\/il-van-arancione-di-onda-orange-fa-tappa-a-mosorrofa\/#primaryimage"},"thumbnailUrl":"https:\/\/progettotouring.it\/radiotouring104\/wp-content\/uploads\/sites\/6\/2026\/01\/IMMAGINI-X-SITO-29.jpg","datePublished":"2026-01-24T12:50:53+00:00","description":"Continua il tour cittadino \u201cRotta civica\u201d","breadcrumb":{"@id":"https:\/\/progettotouring.it\/radiotouring104\/2026\/01\/24\/il-van-arancione-di-onda-orange-fa-tappa-a-mosorrofa\/#breadcrumb"},"inLanguage":"it-IT","potentialAction":[{"@type":"ReadAction","target":["https:\/\/progettotouring.it\/radiotouring104\/2026\/01\/24\/il-van-arancione-di-onda-orange-fa-tappa-a-mosorrofa\/"]}]},{"@type":"ImageObject","inLanguage":"it-IT","@id":"https:\/\/progettotouring.it\/radiotouring104\/2026\/01\/24\/il-van-arancione-di-onda-orange-fa-tappa-a-mosorrofa\/#primaryimage","url":"https:\/\/progettotouring.it\/radiotouring104\/wp-content\/uploads\/sites\/6\/2026\/01\/IMMAGINI-X-SITO-29.jpg","contentUrl":"https:\/\/progettotouring.it\/radiotouring104\/wp-content\/uploads\/sites\/6\/2026\/01\/IMMAGINI-X-SITO-29.jpg","width":2000,"height":1545},{"@type":"BreadcrumbList","@id":"https:\/\/progettotouring.it\/radiotouring104\/2026\/01\/24\/il-van-arancione-di-onda-orange-fa-tappa-a-mosorrofa\/#breadcrumb","itemListElement":[{"@type":"ListItem","position":1,"name":"Home","item":"https:\/\/progettotouring.it\/radiotouring104\/"},{"@type":"ListItem","position":2,"name":"Il van arancione di Onda Orange fa tappa a Mosorrofa"}]},{"@type":"WebSite","@id":"https:\/\/progettotouring.it\/radiotouring104\/#website","url":"https:\/\/progettotouring.it\/radiotouring104\/","name":"Radio Touring 104","description":"La prima radio Reggina","publisher":{"@id":"https:\/\/progettotouring.it\/radiotouring104\/#organization"},"potentialAction":[{"@type":"SearchAction","target":{"@type":"EntryPoint","urlTemplate":"https:\/\/progettotouring.it\/radiotouring104\/?s={search_term_string}"},"query-input":{"@type":"PropertyValueSpecification","valueRequired":true,"valueName":"search_term_string"}}],"inLanguage":"it-IT"},{"@type":"Organization","@id":"https:\/\/progettotouring.it\/radiotouring104\/#organization","name":"Radio Touring 104","url":"https:\/\/progettotouring.it\/radiotouring104\/","logo":{"@type":"ImageObject","inLanguage":"it-IT","@id":"https:\/\/progettotouring.it\/radiotouring104\/#\/schema\/logo\/image\/","url":"https:\/\/progettotouring.it\/radiotouring104\/wp-content\/uploads\/sites\/6\/2022\/02\/cropped-logo-radio-touring-104.png","contentUrl":"https:\/\/progettotouring.it\/radiotouring104\/wp-content\/uploads\/sites\/6\/2022\/02\/cropped-logo-radio-touring-104.png","width":377,"height":182,"caption":"Radio Touring 104"},"image":{"@id":"https:\/\/progettotouring.it\/radiotouring104\/#\/schema\/logo\/image\/"}},{"@type":"Person","@id":"https:\/\/progettotouring.it\/radiotouring104\/#\/schema\/person\/b9f9c3730b0a78814c9b9f3bfc52c619","name":"S L","image":{"@type":"ImageObject","inLanguage":"it-IT","@id":"https:\/\/secure.gravatar.com\/avatar\/652c51789d7030aaed9ff828331360502a68204fe6fb0831bc280515210e16d2?s=96&d=mm&r=g","url":"https:\/\/secure.gravatar.com\/avatar\/652c51789d7030aaed9ff828331360502a68204fe6fb0831bc280515210e16d2?s=96&d=mm&r=g","contentUrl":"https:\/\/secure.gravatar.com\/avatar\/652c51789d7030aaed9ff828331360502a68204fe6fb0831bc280515210e16d2?s=96&d=mm&r=g","caption":"S L"},"url":"https:\/\/progettotouring.it\/radiotouring104\/author\/slibri\/"}]}},"jetpack_publicize_connections":[],"jetpack_featured_media_url":"https:\/\/progettotouring.it\/radiotouring104\/wp-content\/uploads\/sites\/6\/2026\/01\/IMMAGINI-X-SITO-29.jpg","jetpack_sharing_enabled":true,"_links":{"self":[{"href":"https:\/\/progettotouring.it\/radiotouring104\/wp-json\/wp\/v2\/posts\/89451","targetHints":{"allow":["GET"]}}],"collection":[{"href":"https:\/\/progettotouring.it\/radiotouring104\/wp-json\/wp\/v2\/posts"}],"about":[{"href":"https:\/\/progettotouring.it\/radiotouring104\/wp-json\/wp\/v2\/types\/post"}],"author":[{"embeddable":true,"href":"https:\/\/progettotouring.it\/radiotouring104\/wp-json\/wp\/v2\/users\/19"}],"replies":[{"embeddable":true,"href":"https:\/\/progettotouring.it\/radiotouring104\/wp-json\/wp\/v2\/comments?post=89451"}],"version-history":[{"count":1,"href":"https:\/\/progettotouring.it\/radiotouring104\/wp-json\/wp\/v2\/posts\/89451\/revisions"}],"predecessor-version":[{"id":89453,"href":"https:\/\/progettotouring.it\/radiotouring104\/wp-json\/wp\/v2\/posts\/89451\/revisions\/89453"}],"wp:featuredmedia":[{"embeddable":true,"href":"https:\/\/progettotouring.it\/radiotouring104\/wp-json\/wp\/v2\/media\/89452"}],"wp:attachment":[{"href":"https:\/\/progettotouring.it\/radiotouring104\/wp-json\/wp\/v2\/media?parent=89451"}],"wp:term":[{"taxonomy":"category","embeddable":true,"href":"https:\/\/progettotouring.it\/radiotouring104\/wp-json\/wp\/v2\/categories?post=89451"},{"taxonomy":"post_tag","embeddable":true,"href":"https:\/\/progettotouring.it\/radiotouring104\/wp-json\/wp\/v2\/tags?post=89451"}],"curies":[{"name":"wp","href":"https:\/\/api.w.org\/{rel}","templated":true}]}}