{"id":89487,"date":"2026-01-26T09:15:33","date_gmt":"2026-01-26T08:15:33","guid":{"rendered":"https:\/\/progettotouring.it\/radiotouring104\/?p=89487"},"modified":"2026-01-26T12:35:57","modified_gmt":"2026-01-26T11:35:57","slug":"gioia-tauro-sorpreso-fuori-dal-comune-di-residenza-nonostante-la-sorveglianza-speciale-arrestato","status":"publish","type":"post","link":"https:\/\/progettotouring.it\/radiotouring104\/2026\/01\/26\/gioia-tauro-sorpreso-fuori-dal-comune-di-residenza-nonostante-la-sorveglianza-speciale-arrestato\/","title":{"rendered":"Gioia Tauro: sorpreso fuori dal Comune di residenza, nonostante la &#8220;sorveglianza speciale&#8221;. Arrestato"},"content":{"rendered":"<p>I Carabinieri della Sezione Radiomobile della Compagnia di Gioia Tauro hanno arrestato in flagranza di reato un rosarnese, gi\u00e0 condannato in passato per associazione mafiosa e altri gravi reati.<\/p>\n<p>L\u2019arresto \u00e8 scaturito nel corso di un servizio di controllo del territorio lungo la Strada Statale 18, dove i militari hanno notato un\u2019autovettura procedere con andatura incerta. Insospettiti, i Carabinieri hanno affiancato il veicolo, riconoscendo il conducente, e hanno quindi deciso di fermarlo per un controllo.<\/p>\n<p>L\u2019uomo, gi\u00e0 noto ai militari per i suoi precedenti giudiziari, \u00e8 apparso sin da subito particolarmente nervoso. Nel tentativo di eludere le verifiche, ha dichiarato di non essere pi\u00f9 sottoposto a misure restrittive della libert\u00e0 personale. Tuttavia, gli immediati accertamenti effettuati dai militari dell\u2019Arma hanno consentito di accertare che il soggetto era invece destinatario della misura di prevenzione della sorveglianza speciale di pubblica sicurezza con obbligo di soggiorno nel comune di Rosarno.<\/p>\n<p>La presenza dell\u2019uomo nel territorio del comune di Gioia Tauro costituiva pertanto una palese violazione delle prescrizioni imposte dall\u2019Autorit\u00e0 Giudiziaria. Per analoghe violazioni, l\u2019uomo era gi\u00e0 stato arrestato ben due volte nel corso dello scorso anno.<\/p>\n<p>Alla luce di quanto accertato, l\u2019uomo \u00e8 stato arrestato in flagranza di reato per inosservanza degli obblighi inerenti alla sorveglianza speciale. L\u2019Autorit\u00e0 Giudiziaria di Palmi, tempestivamente informata, ha disposto la sottoposizione dell\u2019arrestato agli arresti domiciliari presso la propria abitazione, in attesa del giudizio di convalida.<\/p>\n<p>Si precisa che il procedimento si trova nella fase delle indagini preliminari e che la persona arrestata \u00e8 da ritenersi presunta innocente fino a sentenza definitiva di condanna, nel rispetto del principio costituzionale di presunzione di non colpevolezza.<\/p>\n<p>&nbsp;<\/p>\n","protected":false},"excerpt":{"rendered":"<p>I Carabinieri della Sezione Radiomobile della Compagnia di Gioia Tauro hanno arrestato in flagranza di reato un rosarnese, gi\u00e0 condannato in passato per associazione mafiosa e altri gravi reati. L\u2019arresto&hellip;<\/p>\n","protected":false},"author":5,"featured_media":85326,"comment_status":"closed","ping_status":"open","sticky":false,"template":"","format":"standard","meta":{"_jetpack_memberships_contains_paid_content":false,"footnotes":"","jetpack_publicize_message":"","jetpack_publicize_feature_enabled":true,"jetpack_social_post_already_shared":true,"jetpack_social_options":{"image_generator_settings":{"template":"highway","default_image_id":0,"font":"","enabled":false},"version":2}},"categories":[921,150,196,140],"tags":[511,50416,517,50414,50415,16116],"class_list":["post-89487","post","type-post","status-publish","format-standard","has-post-thumbnail","hentry","category-home","category-in-primo-piano","category-news","category-reggio-calabria","tag-carabinieri","tag-condanna-per-associazione-mafiosa","tag-gioia-tauro","tag-orpreso-fuori-dal-comune-di-residenza","tag-sorveglianza-speciale","tag-un-arresto"],"yoast_head":"<!-- This site is optimized with the Yoast SEO plugin v27.2 - https:\/\/yoast.com\/product\/yoast-seo-wordpress\/ -->\n<title>Gioia Tauro: viola la &quot;sorveglianza speciale&quot;, arrestato<\/title>\n<meta name=\"description\" content=\"Un uomo. gi\u00e0 condannato, \u00e8 stato arrestato, in flagranza di reato, nel corso di un controllo del territorio lungo la Strada Statale 18\" \/>\n<meta name=\"robots\" content=\"index, follow, max-snippet:-1, max-image-preview:large, max-video-preview:-1\" \/>\n<link rel=\"canonical\" href=\"https:\/\/progettotouring.it\/radiotouring104\/2026\/01\/26\/gioia-tauro-sorpreso-fuori-dal-comune-di-residenza-nonostante-la-sorveglianza-speciale-arrestato\/\" \/>\n<meta property=\"og:locale\" content=\"it_IT\" \/>\n<meta property=\"og:type\" content=\"article\" \/>\n<meta property=\"og:title\" content=\"Gioia Tauro: viola la &quot;sorveglianza speciale&quot;, arrestato\" \/>\n<meta property=\"og:description\" content=\"Un uomo. gi\u00e0 condannato, \u00e8 stato arrestato, in flagranza di reato, nel corso di un controllo del territorio lungo la Strada Statale 18\" \/>\n<meta property=\"og:url\" content=\"https:\/\/progettotouring.it\/radiotouring104\/2026\/01\/26\/gioia-tauro-sorpreso-fuori-dal-comune-di-residenza-nonostante-la-sorveglianza-speciale-arrestato\/\" \/>\n<meta property=\"og:site_name\" content=\"Radio Touring 104\" \/>\n<meta property=\"article:published_time\" content=\"2026-01-26T08:15:33+00:00\" \/>\n<meta property=\"article:modified_time\" content=\"2026-01-26T11:35:57+00:00\" \/>\n<meta property=\"og:image\" content=\"https:\/\/progettotouring.it\/radiotouring104\/wp-content\/uploads\/sites\/6\/2025\/11\/IMMAGINI-X-SITO-2025-11-04T003447.571.jpg\" \/>\n\t<meta property=\"og:image:width\" content=\"2000\" \/>\n\t<meta property=\"og:image:height\" content=\"1545\" \/>\n\t<meta property=\"og:image:type\" content=\"image\/jpeg\" \/>\n<meta name=\"author\" content=\"redazione\" \/>\n<meta name=\"twitter:card\" content=\"summary_large_image\" \/>\n<meta name=\"twitter:label1\" content=\"Scritto da\" \/>\n\t<meta name=\"twitter:data1\" content=\"redazione\" \/>\n\t<meta name=\"twitter:label2\" content=\"Tempo di lettura stimato\" \/>\n\t<meta name=\"twitter:data2\" content=\"1 minuto\" \/>\n<script type=\"application\/ld+json\" class=\"yoast-schema-graph\">{\"@context\":\"https:\/\/schema.org\",\"@graph\":[{\"@type\":\"Article\",\"@id\":\"https:\/\/progettotouring.it\/radiotouring104\/2026\/01\/26\/gioia-tauro-sorpreso-fuori-dal-comune-di-residenza-nonostante-la-sorveglianza-speciale-arrestato\/#article\",\"isPartOf\":{\"@id\":\"https:\/\/progettotouring.it\/radiotouring104\/2026\/01\/26\/gioia-tauro-sorpreso-fuori-dal-comune-di-residenza-nonostante-la-sorveglianza-speciale-arrestato\/\"},\"author\":{\"name\":\"redazione\",\"@id\":\"https:\/\/progettotouring.it\/radiotouring104\/#\/schema\/person\/1b3eb3c07c47136bc44c785c543e635f\"},\"headline\":\"Gioia Tauro: sorpreso fuori dal Comune di residenza, nonostante la &#8220;sorveglianza speciale&#8221;. Arrestato\",\"datePublished\":\"2026-01-26T08:15:33+00:00\",\"dateModified\":\"2026-01-26T11:35:57+00:00\",\"mainEntityOfPage\":{\"@id\":\"https:\/\/progettotouring.it\/radiotouring104\/2026\/01\/26\/gioia-tauro-sorpreso-fuori-dal-comune-di-residenza-nonostante-la-sorveglianza-speciale-arrestato\/\"},\"wordCount\":285,\"publisher\":{\"@id\":\"https:\/\/progettotouring.it\/radiotouring104\/#organization\"},\"image\":{\"@id\":\"https:\/\/progettotouring.it\/radiotouring104\/2026\/01\/26\/gioia-tauro-sorpreso-fuori-dal-comune-di-residenza-nonostante-la-sorveglianza-speciale-arrestato\/#primaryimage\"},\"thumbnailUrl\":\"https:\/\/progettotouring.it\/radiotouring104\/wp-content\/uploads\/sites\/6\/2025\/11\/IMMAGINI-X-SITO-2025-11-04T003447.571.jpg\",\"keywords\":[\"carabinieri\",\"condanna per associazione mafiosa\",\"Gioia Tauro\",\"orpreso fuori dal Comune di residenza\",\"sorveglianza speciale\",\"un arresto\"],\"articleSection\":[\"Home\",\"In primo piano\",\"News\",\"Reggio Calabria\"],\"inLanguage\":\"it-IT\"},{\"@type\":\"WebPage\",\"@id\":\"https:\/\/progettotouring.it\/radiotouring104\/2026\/01\/26\/gioia-tauro-sorpreso-fuori-dal-comune-di-residenza-nonostante-la-sorveglianza-speciale-arrestato\/\",\"url\":\"https:\/\/progettotouring.it\/radiotouring104\/2026\/01\/26\/gioia-tauro-sorpreso-fuori-dal-comune-di-residenza-nonostante-la-sorveglianza-speciale-arrestato\/\",\"name\":\"Gioia Tauro: viola la \\\"sorveglianza speciale\\\", arrestato\",\"isPartOf\":{\"@id\":\"https:\/\/progettotouring.it\/radiotouring104\/#website\"},\"primaryImageOfPage\":{\"@id\":\"https:\/\/progettotouring.it\/radiotouring104\/2026\/01\/26\/gioia-tauro-sorpreso-fuori-dal-comune-di-residenza-nonostante-la-sorveglianza-speciale-arrestato\/#primaryimage\"},\"image\":{\"@id\":\"https:\/\/progettotouring.it\/radiotouring104\/2026\/01\/26\/gioia-tauro-sorpreso-fuori-dal-comune-di-residenza-nonostante-la-sorveglianza-speciale-arrestato\/#primaryimage\"},\"thumbnailUrl\":\"https:\/\/progettotouring.it\/radiotouring104\/wp-content\/uploads\/sites\/6\/2025\/11\/IMMAGINI-X-SITO-2025-11-04T003447.571.jpg\",\"datePublished\":\"2026-01-26T08:15:33+00:00\",\"dateModified\":\"2026-01-26T11:35:57+00:00\",\"description\":\"Un uomo. gi\u00e0 condannato, \u00e8 stato arrestato, in flagranza di reato, nel corso di un controllo del territorio lungo la Strada Statale 18\",\"breadcrumb\":{\"@id\":\"https:\/\/progettotouring.it\/radiotouring104\/2026\/01\/26\/gioia-tauro-sorpreso-fuori-dal-comune-di-residenza-nonostante-la-sorveglianza-speciale-arrestato\/#breadcrumb\"},\"inLanguage\":\"it-IT\",\"potentialAction\":[{\"@type\":\"ReadAction\",\"target\":[\"https:\/\/progettotouring.it\/radiotouring104\/2026\/01\/26\/gioia-tauro-sorpreso-fuori-dal-comune-di-residenza-nonostante-la-sorveglianza-speciale-arrestato\/\"]}]},{\"@type\":\"ImageObject\",\"inLanguage\":\"it-IT\",\"@id\":\"https:\/\/progettotouring.it\/radiotouring104\/2026\/01\/26\/gioia-tauro-sorpreso-fuori-dal-comune-di-residenza-nonostante-la-sorveglianza-speciale-arrestato\/#primaryimage\",\"url\":\"https:\/\/progettotouring.it\/radiotouring104\/wp-content\/uploads\/sites\/6\/2025\/11\/IMMAGINI-X-SITO-2025-11-04T003447.571.jpg\",\"contentUrl\":\"https:\/\/progettotouring.it\/radiotouring104\/wp-content\/uploads\/sites\/6\/2025\/11\/IMMAGINI-X-SITO-2025-11-04T003447.571.jpg\",\"width\":2000,\"height\":1545},{\"@type\":\"BreadcrumbList\",\"@id\":\"https:\/\/progettotouring.it\/radiotouring104\/2026\/01\/26\/gioia-tauro-sorpreso-fuori-dal-comune-di-residenza-nonostante-la-sorveglianza-speciale-arrestato\/#breadcrumb\",\"itemListElement\":[{\"@type\":\"ListItem\",\"position\":1,\"name\":\"Home\",\"item\":\"https:\/\/progettotouring.it\/radiotouring104\/\"},{\"@type\":\"ListItem\",\"position\":2,\"name\":\"Gioia Tauro: sorpreso fuori dal Comune di residenza, nonostante la &#8220;sorveglianza speciale&#8221;. Arrestato\"}]},{\"@type\":\"WebSite\",\"@id\":\"https:\/\/progettotouring.it\/radiotouring104\/#website\",\"url\":\"https:\/\/progettotouring.it\/radiotouring104\/\",\"name\":\"Radio Touring 104\",\"description\":\"La prima radio Reggina\",\"publisher\":{\"@id\":\"https:\/\/progettotouring.it\/radiotouring104\/#organization\"},\"potentialAction\":[{\"@type\":\"SearchAction\",\"target\":{\"@type\":\"EntryPoint\",\"urlTemplate\":\"https:\/\/progettotouring.it\/radiotouring104\/?s={search_term_string}\"},\"query-input\":{\"@type\":\"PropertyValueSpecification\",\"valueRequired\":true,\"valueName\":\"search_term_string\"}}],\"inLanguage\":\"it-IT\"},{\"@type\":\"Organization\",\"@id\":\"https:\/\/progettotouring.it\/radiotouring104\/#organization\",\"name\":\"Radio Touring 104\",\"url\":\"https:\/\/progettotouring.it\/radiotouring104\/\",\"logo\":{\"@type\":\"ImageObject\",\"inLanguage\":\"it-IT\",\"@id\":\"https:\/\/progettotouring.it\/radiotouring104\/#\/schema\/logo\/image\/\",\"url\":\"https:\/\/progettotouring.it\/radiotouring104\/wp-content\/uploads\/sites\/6\/2022\/02\/cropped-logo-radio-touring-104.png\",\"contentUrl\":\"https:\/\/progettotouring.it\/radiotouring104\/wp-content\/uploads\/sites\/6\/2022\/02\/cropped-logo-radio-touring-104.png\",\"width\":377,\"height\":182,\"caption\":\"Radio Touring 104\"},\"image\":{\"@id\":\"https:\/\/progettotouring.it\/radiotouring104\/#\/schema\/logo\/image\/\"}},{\"@type\":\"Person\",\"@id\":\"https:\/\/progettotouring.it\/radiotouring104\/#\/schema\/person\/1b3eb3c07c47136bc44c785c543e635f\",\"name\":\"redazione\",\"image\":{\"@type\":\"ImageObject\",\"inLanguage\":\"it-IT\",\"@id\":\"https:\/\/secure.gravatar.com\/avatar\/0b31605b49f100769e8b624b3e05de1b73e1692e9568a352f60f53fd072e6e11?s=96&d=mm&r=g\",\"url\":\"https:\/\/secure.gravatar.com\/avatar\/0b31605b49f100769e8b624b3e05de1b73e1692e9568a352f60f53fd072e6e11?s=96&d=mm&r=g\",\"contentUrl\":\"https:\/\/secure.gravatar.com\/avatar\/0b31605b49f100769e8b624b3e05de1b73e1692e9568a352f60f53fd072e6e11?s=96&d=mm&r=g\",\"caption\":\"redazione\"},\"url\":\"https:\/\/progettotouring.it\/radiotouring104\/author\/redazione\/\"}]}<\/script>\n<!-- \/ Yoast SEO plugin. -->","yoast_head_json":{"title":"Gioia Tauro: viola la \"sorveglianza speciale\", arrestato","description":"Un uomo. gi\u00e0 condannato, \u00e8 stato arrestato, in flagranza di reato, nel corso di un controllo del territorio lungo la Strada Statale 18","robots":{"index":"index","follow":"follow","max-snippet":"max-snippet:-1","max-image-preview":"max-image-preview:large","max-video-preview":"max-video-preview:-1"},"canonical":"https:\/\/progettotouring.it\/radiotouring104\/2026\/01\/26\/gioia-tauro-sorpreso-fuori-dal-comune-di-residenza-nonostante-la-sorveglianza-speciale-arrestato\/","og_locale":"it_IT","og_type":"article","og_title":"Gioia Tauro: viola la \"sorveglianza speciale\", arrestato","og_description":"Un uomo. gi\u00e0 condannato, \u00e8 stato arrestato, in flagranza di reato, nel corso di un controllo del territorio lungo la Strada Statale 18","og_url":"https:\/\/progettotouring.it\/radiotouring104\/2026\/01\/26\/gioia-tauro-sorpreso-fuori-dal-comune-di-residenza-nonostante-la-sorveglianza-speciale-arrestato\/","og_site_name":"Radio Touring 104","article_published_time":"2026-01-26T08:15:33+00:00","article_modified_time":"2026-01-26T11:35:57+00:00","og_image":[{"width":2000,"height":1545,"url":"https:\/\/progettotouring.it\/radiotouring104\/wp-content\/uploads\/sites\/6\/2025\/11\/IMMAGINI-X-SITO-2025-11-04T003447.571.jpg","type":"image\/jpeg"}],"author":"redazione","twitter_card":"summary_large_image","twitter_misc":{"Scritto da":"redazione","Tempo di lettura stimato":"1 minuto"},"schema":{"@context":"https:\/\/schema.org","@graph":[{"@type":"Article","@id":"https:\/\/progettotouring.it\/radiotouring104\/2026\/01\/26\/gioia-tauro-sorpreso-fuori-dal-comune-di-residenza-nonostante-la-sorveglianza-speciale-arrestato\/#article","isPartOf":{"@id":"https:\/\/progettotouring.it\/radiotouring104\/2026\/01\/26\/gioia-tauro-sorpreso-fuori-dal-comune-di-residenza-nonostante-la-sorveglianza-speciale-arrestato\/"},"author":{"name":"redazione","@id":"https:\/\/progettotouring.it\/radiotouring104\/#\/schema\/person\/1b3eb3c07c47136bc44c785c543e635f"},"headline":"Gioia Tauro: sorpreso fuori dal Comune di residenza, nonostante la &#8220;sorveglianza speciale&#8221;. Arrestato","datePublished":"2026-01-26T08:15:33+00:00","dateModified":"2026-01-26T11:35:57+00:00","mainEntityOfPage":{"@id":"https:\/\/progettotouring.it\/radiotouring104\/2026\/01\/26\/gioia-tauro-sorpreso-fuori-dal-comune-di-residenza-nonostante-la-sorveglianza-speciale-arrestato\/"},"wordCount":285,"publisher":{"@id":"https:\/\/progettotouring.it\/radiotouring104\/#organization"},"image":{"@id":"https:\/\/progettotouring.it\/radiotouring104\/2026\/01\/26\/gioia-tauro-sorpreso-fuori-dal-comune-di-residenza-nonostante-la-sorveglianza-speciale-arrestato\/#primaryimage"},"thumbnailUrl":"https:\/\/progettotouring.it\/radiotouring104\/wp-content\/uploads\/sites\/6\/2025\/11\/IMMAGINI-X-SITO-2025-11-04T003447.571.jpg","keywords":["carabinieri","condanna per associazione mafiosa","Gioia Tauro","orpreso fuori dal Comune di residenza","sorveglianza speciale","un arresto"],"articleSection":["Home","In primo piano","News","Reggio Calabria"],"inLanguage":"it-IT"},{"@type":"WebPage","@id":"https:\/\/progettotouring.it\/radiotouring104\/2026\/01\/26\/gioia-tauro-sorpreso-fuori-dal-comune-di-residenza-nonostante-la-sorveglianza-speciale-arrestato\/","url":"https:\/\/progettotouring.it\/radiotouring104\/2026\/01\/26\/gioia-tauro-sorpreso-fuori-dal-comune-di-residenza-nonostante-la-sorveglianza-speciale-arrestato\/","name":"Gioia Tauro: viola la \"sorveglianza speciale\", arrestato","isPartOf":{"@id":"https:\/\/progettotouring.it\/radiotouring104\/#website"},"primaryImageOfPage":{"@id":"https:\/\/progettotouring.it\/radiotouring104\/2026\/01\/26\/gioia-tauro-sorpreso-fuori-dal-comune-di-residenza-nonostante-la-sorveglianza-speciale-arrestato\/#primaryimage"},"image":{"@id":"https:\/\/progettotouring.it\/radiotouring104\/2026\/01\/26\/gioia-tauro-sorpreso-fuori-dal-comune-di-residenza-nonostante-la-sorveglianza-speciale-arrestato\/#primaryimage"},"thumbnailUrl":"https:\/\/progettotouring.it\/radiotouring104\/wp-content\/uploads\/sites\/6\/2025\/11\/IMMAGINI-X-SITO-2025-11-04T003447.571.jpg","datePublished":"2026-01-26T08:15:33+00:00","dateModified":"2026-01-26T11:35:57+00:00","description":"Un uomo. gi\u00e0 condannato, \u00e8 stato arrestato, in flagranza di reato, nel corso di un controllo del territorio lungo la Strada Statale 18","breadcrumb":{"@id":"https:\/\/progettotouring.it\/radiotouring104\/2026\/01\/26\/gioia-tauro-sorpreso-fuori-dal-comune-di-residenza-nonostante-la-sorveglianza-speciale-arrestato\/#breadcrumb"},"inLanguage":"it-IT","potentialAction":[{"@type":"ReadAction","target":["https:\/\/progettotouring.it\/radiotouring104\/2026\/01\/26\/gioia-tauro-sorpreso-fuori-dal-comune-di-residenza-nonostante-la-sorveglianza-speciale-arrestato\/"]}]},{"@type":"ImageObject","inLanguage":"it-IT","@id":"https:\/\/progettotouring.it\/radiotouring104\/2026\/01\/26\/gioia-tauro-sorpreso-fuori-dal-comune-di-residenza-nonostante-la-sorveglianza-speciale-arrestato\/#primaryimage","url":"https:\/\/progettotouring.it\/radiotouring104\/wp-content\/uploads\/sites\/6\/2025\/11\/IMMAGINI-X-SITO-2025-11-04T003447.571.jpg","contentUrl":"https:\/\/progettotouring.it\/radiotouring104\/wp-content\/uploads\/sites\/6\/2025\/11\/IMMAGINI-X-SITO-2025-11-04T003447.571.jpg","width":2000,"height":1545},{"@type":"BreadcrumbList","@id":"https:\/\/progettotouring.it\/radiotouring104\/2026\/01\/26\/gioia-tauro-sorpreso-fuori-dal-comune-di-residenza-nonostante-la-sorveglianza-speciale-arrestato\/#breadcrumb","itemListElement":[{"@type":"ListItem","position":1,"name":"Home","item":"https:\/\/progettotouring.it\/radiotouring104\/"},{"@type":"ListItem","position":2,"name":"Gioia Tauro: sorpreso fuori dal Comune di residenza, nonostante la &#8220;sorveglianza speciale&#8221;. Arrestato"}]},{"@type":"WebSite","@id":"https:\/\/progettotouring.it\/radiotouring104\/#website","url":"https:\/\/progettotouring.it\/radiotouring104\/","name":"Radio Touring 104","description":"La prima radio Reggina","publisher":{"@id":"https:\/\/progettotouring.it\/radiotouring104\/#organization"},"potentialAction":[{"@type":"SearchAction","target":{"@type":"EntryPoint","urlTemplate":"https:\/\/progettotouring.it\/radiotouring104\/?s={search_term_string}"},"query-input":{"@type":"PropertyValueSpecification","valueRequired":true,"valueName":"search_term_string"}}],"inLanguage":"it-IT"},{"@type":"Organization","@id":"https:\/\/progettotouring.it\/radiotouring104\/#organization","name":"Radio Touring 104","url":"https:\/\/progettotouring.it\/radiotouring104\/","logo":{"@type":"ImageObject","inLanguage":"it-IT","@id":"https:\/\/progettotouring.it\/radiotouring104\/#\/schema\/logo\/image\/","url":"https:\/\/progettotouring.it\/radiotouring104\/wp-content\/uploads\/sites\/6\/2022\/02\/cropped-logo-radio-touring-104.png","contentUrl":"https:\/\/progettotouring.it\/radiotouring104\/wp-content\/uploads\/sites\/6\/2022\/02\/cropped-logo-radio-touring-104.png","width":377,"height":182,"caption":"Radio Touring 104"},"image":{"@id":"https:\/\/progettotouring.it\/radiotouring104\/#\/schema\/logo\/image\/"}},{"@type":"Person","@id":"https:\/\/progettotouring.it\/radiotouring104\/#\/schema\/person\/1b3eb3c07c47136bc44c785c543e635f","name":"redazione","image":{"@type":"ImageObject","inLanguage":"it-IT","@id":"https:\/\/secure.gravatar.com\/avatar\/0b31605b49f100769e8b624b3e05de1b73e1692e9568a352f60f53fd072e6e11?s=96&d=mm&r=g","url":"https:\/\/secure.gravatar.com\/avatar\/0b31605b49f100769e8b624b3e05de1b73e1692e9568a352f60f53fd072e6e11?s=96&d=mm&r=g","contentUrl":"https:\/\/secure.gravatar.com\/avatar\/0b31605b49f100769e8b624b3e05de1b73e1692e9568a352f60f53fd072e6e11?s=96&d=mm&r=g","caption":"redazione"},"url":"https:\/\/progettotouring.it\/radiotouring104\/author\/redazione\/"}]}},"jetpack_publicize_connections":[],"jetpack_featured_media_url":"https:\/\/progettotouring.it\/radiotouring104\/wp-content\/uploads\/sites\/6\/2025\/11\/IMMAGINI-X-SITO-2025-11-04T003447.571.jpg","jetpack_sharing_enabled":true,"_links":{"self":[{"href":"https:\/\/progettotouring.it\/radiotouring104\/wp-json\/wp\/v2\/posts\/89487","targetHints":{"allow":["GET"]}}],"collection":[{"href":"https:\/\/progettotouring.it\/radiotouring104\/wp-json\/wp\/v2\/posts"}],"about":[{"href":"https:\/\/progettotouring.it\/radiotouring104\/wp-json\/wp\/v2\/types\/post"}],"author":[{"embeddable":true,"href":"https:\/\/progettotouring.it\/radiotouring104\/wp-json\/wp\/v2\/users\/5"}],"replies":[{"embeddable":true,"href":"https:\/\/progettotouring.it\/radiotouring104\/wp-json\/wp\/v2\/comments?post=89487"}],"version-history":[{"count":1,"href":"https:\/\/progettotouring.it\/radiotouring104\/wp-json\/wp\/v2\/posts\/89487\/revisions"}],"predecessor-version":[{"id":89488,"href":"https:\/\/progettotouring.it\/radiotouring104\/wp-json\/wp\/v2\/posts\/89487\/revisions\/89488"}],"wp:featuredmedia":[{"embeddable":true,"href":"https:\/\/progettotouring.it\/radiotouring104\/wp-json\/wp\/v2\/media\/85326"}],"wp:attachment":[{"href":"https:\/\/progettotouring.it\/radiotouring104\/wp-json\/wp\/v2\/media?parent=89487"}],"wp:term":[{"taxonomy":"category","embeddable":true,"href":"https:\/\/progettotouring.it\/radiotouring104\/wp-json\/wp\/v2\/categories?post=89487"},{"taxonomy":"post_tag","embeddable":true,"href":"https:\/\/progettotouring.it\/radiotouring104\/wp-json\/wp\/v2\/tags?post=89487"}],"curies":[{"name":"wp","href":"https:\/\/api.w.org\/{rel}","templated":true}]}}